{"id":966,"date":"2017-06-28T21:42:29","date_gmt":"2017-06-28T19:42:29","guid":{"rendered":"http:\/\/permakultur-landwirtschaft.org\/?p=966"},"modified":"2018-07-02T11:49:08","modified_gmt":"2018-07-02T09:49:08","slug":"wanderung","status":"publish","type":"post","link":"https:\/\/permakultur-landwirtschaft.org\/fr\/wanderung\/","title":{"rendered":"Einladung zur Wanderung 2017"},"content":{"rendered":"<h4>Der Verein<a href=\"http:\/\/www.permakultur.ch\/\" target=\"_blank\" rel=\"noopener noreferrer\"> Permakultur Schweiz <\/a>und Permakulutr-Landwirtschaft laden alle herzlich zu einer gemeinsamen Wanderung am Sonntag, 10. September 2017 ein.<\/h4>\n<p><a href=\"https:\/\/www.flickr.com\/photos\/135706907@N03\/albums\/72157689009990025\" target=\"_blank\" rel=\"noopener\">Hier gehts zu den Impressionen<\/a><\/p>\n<p><!--more--><\/p>\n<p><a href=\"https:\/\/permakultur-landwirtschaft.org\/wp-content\/uploads\/2017\/06\/wandern.jpg\"><img fetchpriority=\"high\" decoding=\"async\" class=\"alignleft wp-image-968\" src=\"https:\/\/permakultur-landwirtschaft.org\/wp-content\/uploads\/2017\/06\/wandern.jpg\" alt=\"\" width=\"428\" height=\"285\" srcset=\"https:\/\/permakultur-landwirtschaft.org\/wp-content\/uploads\/2017\/06\/wandern.jpg 960w, https:\/\/permakultur-landwirtschaft.org\/wp-content\/uploads\/2017\/06\/wandern-300x200.jpg 300w, https:\/\/permakultur-landwirtschaft.org\/wp-content\/uploads\/2017\/06\/wandern-768x512.jpg 768w\" sizes=\"(max-width: 428px) 100vw, 428px\" \/><\/a><\/p>\n<p>Nutze die Gelegenheit, dich mit Menschen welche bereits heute sehr aktiv sind in der Permakultur, auszutauschen und um einzelne Mitglieder der beiden Vereine besser kennen zu lernen.<\/p>\n<p>Nach einer gem\u00fctlichen Wanderung im Aargau an der Reuss, d\u00fcrfen wir ein leckeres &#171;Permakultur-Zmittag&#187; auf dem Birchhof geniessen. Gest\u00e4rkt wird uns Roger und seine Permakultur-Begeisterten-Mitarbeiter \u00fcber seine hof-eigene Permakultur-Fl\u00e4che f\u00fchren und Fragen beantworten.<\/p>\n<p>&nbsp;<\/p>\n<p>&nbsp;<\/p>\n<p>&nbsp;<\/p>\n<p><strong>Das Programm vom Sonntag, 10. September 2017 sieht wie folgt aus:<\/strong><\/p>\n<p>10.00 Treffen an der Zug-Haltestelle &#171;Bremgarten, Obertor&#187;, Kanton Aargau (siehe Plan unten)<br \/>\n10.15 Start Wanderung (leicht) nach Oberwil-Lieli (ca 2 h) am wundersch\u00f6nen Flachsee vorbei entlang der Reuss<br \/>\n12.00 Ankunft Oberwil-Lieli, Birchhof<br \/>\n12.15 Verpflegung (Permakultur-Landwirtschaft und Birchhof kocht, pro Essen CHF 15.- \/ wer nicht m\u00f6chte, kann auch eigene Verpflegung mitnehmen)<span style=\"color: #ff0000;\">*<\/span><br \/>\n13.30 F\u00fchrung Roger G\u00fcndel und PK-Aktiv-Gruppe<br \/>\n15.00 Ende (Zur\u00fcckwandern oder mit dem Zug ab Oberwil-Lieli nachhause)<\/p>\n<p><strong>Mitnehmen<\/strong>: bequemes Schuhwerk, dem wetter entsprechende Bekleidung, Wasser, Zn\u00fcni<\/p>\n<p>Individuelle Spenden am Tag selber f\u00fcr Unkosten\/Organisation und Verein sind willkommen.<\/p>\n<h3><span style=\"color: #ff0000;\"><strong>*ACHTUNG:\u00a0 Da wir nicht mit so einem grossen Andrang gerechnet haben, bitten wir die Leute, welche sich erst ab dem Freitag, 8. September angemeldet haben, etwas Zmittag mitzunehmen, da wir nicht garantieren k\u00f6nnen, dass es f\u00fcr alle reicht.<\/strong><\/span><\/h3>\n<p>&nbsp;<\/p>\n<p><strong>Inscription<\/strong><\/p>\n<p>Bitte melde dich an, damit wir wissen, f\u00fcr wie viele Leute wir kochen und auf wen wir in Bremgarten alles warten d\u00fcrfen.<br \/>\nAnmeldung mit Vorname, Nachname und Anzahl Personen an: <a href=\"mailto:selina.niederberger@permakultur-landwirtschaft.org\">selina.niederberger@permakultur-landwirtschaft.org <\/a><\/p>\n<p>Wir freuen uns auf dich!<\/p>\n<p>&nbsp;<\/p>\n<p>Hier befindet sich die Zug-Haltestelle&#187;Bremgarten, Obertor&#187;<\/p>\n<div style=\"width: 600px;\"><iframe src=\"http:\/\/regiohelden.de\/google-maps\/map.php?width=600&amp;height=300&amp;hl=de&amp;q=Bremgarten%2C%20Obertor+(Zug-Haltestelle)&amp;ie=UTF8&amp;t=&amp;z=14&amp;iwloc=A&amp;output=embed\" width=\"600\" height=\"300\" frameborder=\"0\" marginwidth=\"0\" marginheight=\"0\" scrolling=\"no\"><a style=\"font-size: 9px;\" href=\"http:\/\/www.regiohelden.de\/google-maps\/\">Google Maps Generator<\/a> by <a href=\"http:\/\/www.regiohelden.de\/\">RegioHelden<\/a><\/iframe><br \/>\n<span style=\"font-size: 9px;\"><a style=\"font-size: 9px;\" href=\"http:\/\/www.regiohelden.de\/google-maps\/\">Google Maps Generator<\/a> by <a style=\"font-size: 9px;\" href=\"http:\/\/www.regiohelden.de\/\">RegioHelden<\/a><\/span><\/div>\n<p>&nbsp;<\/p>\n<p>Hier befindet sich der Bio Birchhof<\/p>\n<div style=\"width: 600px;\"><iframe src=\"http:\/\/regiohelden.de\/google-maps\/map.php?width=600&amp;height=300&amp;hl=de&amp;q=Birchhaustrasse%20593%2C%208966%20Oberwil-Lieli+(G%C3%A4rtnerei%20Bio%20Birchhof)&amp;ie=UTF8&amp;t=&amp;z=14&amp;iwloc=A&amp;output=embed\" width=\"600\" height=\"300\" frameborder=\"0\" marginwidth=\"0\" marginheight=\"0\" scrolling=\"no\"><a style=\"font-size: 9px;\" href=\"http:\/\/www.regiohelden.de\/google-maps\/\">Google Maps Generator<\/a> by <a href=\"http:\/\/www.regiohelden.de\/\">RegioHelden<\/a><\/iframe><br \/>\n<span style=\"font-size: 9px;\"><a style=\"font-size: 9px;\" href=\"http:\/\/www.regiohelden.de\/google-maps\/\">Google Maps Generator<\/a> by <a style=\"font-size: 9px;\" href=\"http:\/\/www.regiohelden.de\/\">RegioHelden<\/a><\/span><\/div>\n<p>&nbsp;<\/p>\n<p><span style=\"border-radius: 2px; text-indent: 20px; width: auto; padding: 0px 4px 0px 0px; text-align: center; font: bold 11px\/20px 'Helvetica Neue',Helvetica,sans-serif; color: #ffffff; background: #bd081c no-repeat scroll 3px 50% \/ 14px 14px; position: absolute; opacity: 1; z-index: 8675309; display: none; cursor: pointer;\">Merken<\/span><\/p>\n<p><span style=\"border-radius: 2px; text-indent: 20px; width: auto; padding: 0px 4px 0px 0px; text-align: center; font: bold 11px\/20px 'Helvetica Neue',Helvetica,sans-serif; color: #ffffff; background: #bd081c no-repeat scroll 3px 50% \/ 14px 14px; position: absolute; opacity: 1; z-index: 8675309; display: none; cursor: pointer; top: 151px; left: 20px;\">Merken<\/span><\/p>\n<p><span style=\"border-radius: 2px; text-indent: 20px; width: auto; padding: 0px 4px 0px 0px; text-align: center; font: bold 11px\/20px 'Helvetica Neue',Helvetica,sans-serif; color: #ffffff; background: #bd081c no-repeat scroll 3px 50% \/ 14px 14px; position: absolute; opacity: 1; z-index: 8675309; display: none; cursor: pointer; top: 151px; left: 20px;\">Merken<\/span><\/p>\n<p><span style=\"border-radius: 2px; text-indent: 20px; width: auto; padding: 0px 4px 0px 0px; text-align: center; font: bold 11px\/20px 'Helvetica Neue',Helvetica,sans-serif; color: #ffffff; background: #bd081c no-repeat scroll 3px 50% \/ 14px 14px; position: absolute; opacity: 1; z-index: 8675309; display: none; cursor: pointer; top: 151px; left: 20px;\">Merken<\/span><\/p>\n<p><span style=\"border-radius: 2px; text-indent: 20px; width: auto; padding: 0px 4px 0px 0px; text-align: center; font: bold 11px\/20px 'Helvetica Neue',Helvetica,sans-serif; color: #ffffff; background: #bd081c no-repeat scroll 3px 50% \/ 14px 14px; position: absolute; opacity: 1; z-index: 8675309; display: none; cursor: pointer;\">Merken<\/span><\/p>\n<p><span style=\"border-radius: 2px; text-indent: 20px; width: auto; padding: 0px 4px 0px 0px; text-align: center; font: bold 11px\/20px 'Helvetica Neue',Helvetica,sans-serif; color: #ffffff; background: #bd081c no-repeat scroll 3px 50% \/ 14px 14px; position: absolute; opacity: 1; z-index: 8675309; display: none; cursor: pointer; top: 151px; left: 20px;\">Merken<\/span><\/p>\n<p><span style=\"border-radius: 2px; text-indent: 20px; width: auto; padding: 0px 4px 0px 0px; text-align: center; font: bold 11px\/20px 'Helvetica Neue',Helvetica,sans-serif; color: #ffffff; background: #bd081c no-repeat scroll 3px 50% \/ 14px 14px; position: absolute; opacity: 1; z-index: 8675309; display: none; cursor: pointer; top: 127px; left: 20px;\">Merken<\/span><\/p>\n<p><span style=\"border-radius: 2px; text-indent: 20px; width: auto; padding: 0px 4px 0px 0px; text-align: center; font: bold 11px\/20px 'Helvetica Neue',Helvetica,sans-serif; color: #ffffff; background: #bd081c no-repeat scroll 3px 50% \/ 14px 14px; position: absolute; opacity: 1; z-index: 8675309; display: none; cursor: pointer;\">Merken<\/span><\/p>\n<p><span style=\"border-radius: 2px; text-indent: 20px; width: auto; padding: 0px 4px 0px 0px; text-align: center; font: bold 11px\/20px 'Helvetica Neue',Helvetica,sans-serif; color: #ffffff; background: #bd081c no-repeat scroll 3px 50% \/ 14px 14px; position: absolute; opacity: 1; z-index: 8675309; display: none; cursor: pointer;\">Merken<\/span><\/p>\n<p><span style=\"border-radius: 2px; text-indent: 20px; width: auto; padding: 0px 4px 0px 0px; text-align: center; font: bold 11px\/20px 'Helvetica Neue',Helvetica,sans-serif; color: #ffffff; background: #bd081c no-repeat scroll 3px 50% \/ 14px 14px; position: absolute; opacity: 1; z-index: 8675309; display: none; cursor: pointer;\">Merken<\/span><\/p>\n<p><span style=\"border-radius: 2px; text-indent: 20px; width: auto; padding: 0px 4px 0px 0px; text-align: center; font: bold 11px\/20px 'Helvetica Neue',Helvetica,sans-serif; color: #ffffff; background: #bd081c no-repeat scroll 3px 50% \/ 14px 14px; position: absolute; opacity: 1; z-index: 8675309; display: none; cursor: pointer; top: 127px; left: 20px;\">Merken<\/span><\/p>\n<p><span style=\"border-radius: 2px; text-indent: 20px; width: auto; padding: 0px 4px 0px 0px; text-align: center; font: bold 11px\/20px 'Helvetica Neue',Helvetica,sans-serif; color: #ffffff; background: #bd081c no-repeat scroll 3px 50% \/ 14px 14px; position: absolute; opacity: 1; z-index: 8675309; display: none; cursor: pointer;\">Merken<\/span><\/p>","protected":false},"excerpt":{"rendered":"<p>Der Verein Permakultur Schweiz und Permakulutr-Landwirtschaft laden alle herzlich zu einer gemeinsamen Wanderung am Sonntag, 10. September 2017 ein. Hier gehts zu den Impressionen<\/p>","protected":false},"author":2,"featured_media":968,"comment_status":"closed","ping_status":"closed","sticky":false,"template":"","format":"standard","meta":{"_acf_changed":false,"site-sidebar-layout":"default","site-content-layout":"","ast-site-content-layout":"default","site-content-style":"default","site-sidebar-style":"default","ast-global-header-display":"","ast-banner-title-visibility":"","ast-main-header-display":"","ast-hfb-above-header-display":"","ast-hfb-below-header-display":"","ast-hfb-mobile-header-display":"","site-post-title":"","ast-breadcrumbs-content":"","ast-featured-img":"","footer-sml-layout":"","ast-disable-related-posts":"","theme-transparent-header-meta":"","adv-header-id-meta":"","stick-header-meta":"","header-above-stick-meta":"","header-main-stick-meta":"","header-below-stick-meta":"","astra-migrate-meta-layouts":"default","ast-page-background-enabled":"default","ast-page-background-meta":{"desktop":{"background-color":"var(--ast-global-color-4)","background-image":"","background-repeat":"repeat","background-position":"center center","background-size":"auto","background-attachment":"scroll","background-type":"","background-media":"","overlay-type":"","overlay-color":"","overlay-opacity":"","overlay-gradient":""},"tablet":{"background-color":"","background-image":"","background-repeat":"repeat","background-position":"center center","background-size":"auto","background-attachment":"scroll","background-type":"","background-media":"","overlay-type":"","overlay-color":"","overlay-opacity":"","overlay-gradient":""},"mobile":{"background-color":"","background-image":"","background-repeat":"repeat","background-position":"center center","background-size":"auto","background-attachment":"scroll","background-type":"","background-media":"","overlay-type":"","overlay-color":"","overlay-opacity":"","overlay-gradient":""}},"ast-content-background-meta":{"desktop":{"background-color":"var(--ast-global-color-5)","background-image":"","background-repeat":"repeat","background-position":"center center","background-size":"auto","background-attachment":"scroll","background-type":"","background-media":"","overlay-type":"","overlay-color":"","overlay-opacity":"","overlay-gradient":""},"tablet":{"background-color":"var(--ast-global-color-5)","background-image":"","background-repeat":"repeat","background-position":"center center","background-size":"auto","background-attachment":"scroll","background-type":"","background-media":"","overlay-type":"","overlay-color":"","overlay-opacity":"","overlay-gradient":""},"mobile":{"background-color":"var(--ast-global-color-5)","background-image":"","background-repeat":"repeat","background-position":"center center","background-size":"auto","background-attachment":"scroll","background-type":"","background-media":"","overlay-type":"","overlay-color":"","overlay-opacity":"","overlay-gradient":""}},"footnotes":""},"categories":[21],"tags":[],"class_list":["post-966","post","type-post","status-publish","format-standard","has-post-thumbnail","hentry","category-veranstaltungen_archiv"],"acf":[],"yoast_head":"<!-- This site is optimized with the Yoast SEO plugin v27.5 - https:\/\/yoast.com\/product\/yoast-seo-wordpress\/ -->\n<title>Einladung zur Wanderung 2017 - Permakultur-Landwirtschaft<\/title>\n<meta name=\"robots\" content=\"index, follow, max-snippet:-1, max-image-preview:large, max-video-preview:-1\" \/>\n<link rel=\"canonical\" href=\"https:\/\/permakultur-landwirtschaft.org\/fr\/wanderung\/\" \/>\n<meta property=\"og:locale\" content=\"fr_FR\" \/>\n<meta property=\"og:type\" content=\"article\" \/>\n<meta property=\"og:title\" content=\"Einladung zur Wanderung 2017 - Permakultur-Landwirtschaft\" \/>\n<meta property=\"og:description\" content=\"Der Verein Permakultur Schweiz und Permakulutr-Landwirtschaft laden alle herzlich zu einer gemeinsamen Wanderung am Sonntag, 10. September 2017 ein. Hier gehts zu den Impressionen\" \/>\n<meta property=\"og:url\" content=\"https:\/\/permakultur-landwirtschaft.org\/fr\/wanderung\/\" \/>\n<meta property=\"og:site_name\" content=\"Permakultur-Landwirtschaft\" \/>\n<meta property=\"article:publisher\" content=\"https:\/\/www.facebook.com\/PermakulturLandwirtschaft\" \/>\n<meta property=\"article:published_time\" content=\"2017-06-28T19:42:29+00:00\" \/>\n<meta property=\"article:modified_time\" content=\"2018-07-02T09:49:08+00:00\" \/>\n<meta property=\"og:image\" content=\"https:\/\/permakultur-landwirtschaft.org\/wp-content\/uploads\/2017\/06\/wandern.jpg\" \/>\n\t<meta property=\"og:image:width\" content=\"960\" \/>\n\t<meta property=\"og:image:height\" content=\"640\" \/>\n\t<meta property=\"og:image:type\" content=\"image\/jpeg\" \/>\n<meta name=\"author\" content=\"adrian reutimann\" \/>\n<meta name=\"twitter:card\" content=\"summary_large_image\" \/>\n<meta name=\"twitter:label1\" content=\"\u00c9crit par\" \/>\n\t<meta name=\"twitter:data1\" content=\"adrian reutimann\" \/>\n\t<meta name=\"twitter:label2\" content=\"Dur\u00e9e de lecture estim\u00e9e\" \/>\n\t<meta name=\"twitter:data2\" content=\"2 minutes\" \/>\n<script type=\"application\/ld+json\" class=\"yoast-schema-graph\">{\"@context\":\"https:\\\/\\\/schema.org\",\"@graph\":[{\"@type\":\"Article\",\"@id\":\"https:\\\/\\\/permakultur-landwirtschaft.org\\\/wanderung\\\/#article\",\"isPartOf\":{\"@id\":\"https:\\\/\\\/permakultur-landwirtschaft.org\\\/wanderung\\\/\"},\"author\":{\"name\":\"adrian reutimann\",\"@id\":\"https:\\\/\\\/permakultur-landwirtschaft.org\\\/#\\\/schema\\\/person\\\/6b0467872f75aed3e144093f9bf4f0b0\"},\"headline\":\"Einladung zur Wanderung 2017\",\"datePublished\":\"2017-06-28T19:42:29+00:00\",\"dateModified\":\"2018-07-02T09:49:08+00:00\",\"mainEntityOfPage\":{\"@id\":\"https:\\\/\\\/permakultur-landwirtschaft.org\\\/wanderung\\\/\"},\"wordCount\":319,\"publisher\":{\"@id\":\"https:\\\/\\\/permakultur-landwirtschaft.org\\\/#organization\"},\"image\":{\"@id\":\"https:\\\/\\\/permakultur-landwirtschaft.org\\\/wanderung\\\/#primaryimage\"},\"thumbnailUrl\":\"https:\\\/\\\/permakultur-landwirtschaft.org\\\/wp-content\\\/uploads\\\/2017\\\/06\\\/wandern.jpg\",\"articleSection\":[\"Veranstaltungen_Archiv\"],\"inLanguage\":\"fr-FR\"},{\"@type\":\"WebPage\",\"@id\":\"https:\\\/\\\/permakultur-landwirtschaft.org\\\/wanderung\\\/\",\"url\":\"https:\\\/\\\/permakultur-landwirtschaft.org\\\/wanderung\\\/\",\"name\":\"Einladung zur Wanderung 2017 - Permakultur-Landwirtschaft\",\"isPartOf\":{\"@id\":\"https:\\\/\\\/permakultur-landwirtschaft.org\\\/#website\"},\"primaryImageOfPage\":{\"@id\":\"https:\\\/\\\/permakultur-landwirtschaft.org\\\/wanderung\\\/#primaryimage\"},\"image\":{\"@id\":\"https:\\\/\\\/permakultur-landwirtschaft.org\\\/wanderung\\\/#primaryimage\"},\"thumbnailUrl\":\"https:\\\/\\\/permakultur-landwirtschaft.org\\\/wp-content\\\/uploads\\\/2017\\\/06\\\/wandern.jpg\",\"datePublished\":\"2017-06-28T19:42:29+00:00\",\"dateModified\":\"2018-07-02T09:49:08+00:00\",\"breadcrumb\":{\"@id\":\"https:\\\/\\\/permakultur-landwirtschaft.org\\\/wanderung\\\/#breadcrumb\"},\"inLanguage\":\"fr-FR\",\"potentialAction\":[{\"@type\":\"ReadAction\",\"target\":[\"https:\\\/\\\/permakultur-landwirtschaft.org\\\/wanderung\\\/\"]}]},{\"@type\":\"ImageObject\",\"inLanguage\":\"fr-FR\",\"@id\":\"https:\\\/\\\/permakultur-landwirtschaft.org\\\/wanderung\\\/#primaryimage\",\"url\":\"https:\\\/\\\/permakultur-landwirtschaft.org\\\/wp-content\\\/uploads\\\/2017\\\/06\\\/wandern.jpg\",\"contentUrl\":\"https:\\\/\\\/permakultur-landwirtschaft.org\\\/wp-content\\\/uploads\\\/2017\\\/06\\\/wandern.jpg\",\"width\":960,\"height\":640},{\"@type\":\"BreadcrumbList\",\"@id\":\"https:\\\/\\\/permakultur-landwirtschaft.org\\\/wanderung\\\/#breadcrumb\",\"itemListElement\":[{\"@type\":\"ListItem\",\"position\":1,\"name\":\"Startseite\",\"item\":\"https:\\\/\\\/permakultur-landwirtschaft.org\\\/\"},{\"@type\":\"ListItem\",\"position\":2,\"name\":\"Einladung zur Wanderung 2017\"}]},{\"@type\":\"WebSite\",\"@id\":\"https:\\\/\\\/permakultur-landwirtschaft.org\\\/#website\",\"url\":\"https:\\\/\\\/permakultur-landwirtschaft.org\\\/\",\"name\":\"Permakultur-Landwirtschaft\",\"description\":\"F\u00f6rderung der Permakultur in der Landwirtschaft\",\"publisher\":{\"@id\":\"https:\\\/\\\/permakultur-landwirtschaft.org\\\/#organization\"},\"potentialAction\":[{\"@type\":\"SearchAction\",\"target\":{\"@type\":\"EntryPoint\",\"urlTemplate\":\"https:\\\/\\\/permakultur-landwirtschaft.org\\\/?s={search_term_string}\"},\"query-input\":{\"@type\":\"PropertyValueSpecification\",\"valueRequired\":true,\"valueName\":\"search_term_string\"}}],\"inLanguage\":\"fr-FR\"},{\"@type\":\"Organization\",\"@id\":\"https:\\\/\\\/permakultur-landwirtschaft.org\\\/#organization\",\"name\":\"Permakultur-Landwirtschaft\",\"alternateName\":\"Verein Permakultur-Landwirtschaft\",\"url\":\"https:\\\/\\\/permakultur-landwirtschaft.org\\\/\",\"logo\":{\"@type\":\"ImageObject\",\"inLanguage\":\"fr-FR\",\"@id\":\"https:\\\/\\\/permakultur-landwirtschaft.org\\\/#\\\/schema\\\/logo\\\/image\\\/\",\"url\":\"https:\\\/\\\/permakultur-landwirtschaft.org\\\/wp-content\\\/uploads\\\/2021\\\/11\\\/pela_1268x1269.png\",\"contentUrl\":\"https:\\\/\\\/permakultur-landwirtschaft.org\\\/wp-content\\\/uploads\\\/2021\\\/11\\\/pela_1268x1269.png\",\"width\":1298,\"height\":1269,\"caption\":\"Permakultur-Landwirtschaft\"},\"image\":{\"@id\":\"https:\\\/\\\/permakultur-landwirtschaft.org\\\/#\\\/schema\\\/logo\\\/image\\\/\"},\"sameAs\":[\"https:\\\/\\\/www.facebook.com\\\/PermakulturLandwirtschaft\",\"https:\\\/\\\/www.instagram.com\\\/permakultur_landwirtschaft\\\/\",\"https:\\\/\\\/www.flickr.com\\\/photos\\\/permakultur-landwirtschaft\",\"https:\\\/\\\/www.youtube.com\\\/@PermakulturLandwirtschaft\"]},{\"@type\":\"Person\",\"@id\":\"https:\\\/\\\/permakultur-landwirtschaft.org\\\/#\\\/schema\\\/person\\\/6b0467872f75aed3e144093f9bf4f0b0\",\"name\":\"adrian reutimann\",\"url\":\"https:\\\/\\\/permakultur-landwirtschaft.org\\\/fr\\\/author\\\/reutiadr\\\/\"}]}<\/script>\n<!-- \/ Yoast SEO plugin. -->","yoast_head_json":{"title":"Einladung zur Wanderung 2017 - Permakultur-Landwirtschaft","robots":{"index":"index","follow":"follow","max-snippet":"max-snippet:-1","max-image-preview":"max-image-preview:large","max-video-preview":"max-video-preview:-1"},"canonical":"https:\/\/permakultur-landwirtschaft.org\/fr\/wanderung\/","og_locale":"fr_FR","og_type":"article","og_title":"Einladung zur Wanderung 2017 - Permakultur-Landwirtschaft","og_description":"Der Verein Permakultur Schweiz und Permakulutr-Landwirtschaft laden alle herzlich zu einer gemeinsamen Wanderung am Sonntag, 10. September 2017 ein. Hier gehts zu den Impressionen","og_url":"https:\/\/permakultur-landwirtschaft.org\/fr\/wanderung\/","og_site_name":"Permakultur-Landwirtschaft","article_publisher":"https:\/\/www.facebook.com\/PermakulturLandwirtschaft","article_published_time":"2017-06-28T19:42:29+00:00","article_modified_time":"2018-07-02T09:49:08+00:00","og_image":[{"width":960,"height":640,"url":"https:\/\/permakultur-landwirtschaft.org\/wp-content\/uploads\/2017\/06\/wandern.jpg","type":"image\/jpeg"}],"author":"adrian reutimann","twitter_card":"summary_large_image","twitter_misc":{"\u00c9crit par":"adrian reutimann","Dur\u00e9e de lecture estim\u00e9e":"2 minutes"},"schema":{"@context":"https:\/\/schema.org","@graph":[{"@type":"Article","@id":"https:\/\/permakultur-landwirtschaft.org\/wanderung\/#article","isPartOf":{"@id":"https:\/\/permakultur-landwirtschaft.org\/wanderung\/"},"author":{"name":"adrian reutimann","@id":"https:\/\/permakultur-landwirtschaft.org\/#\/schema\/person\/6b0467872f75aed3e144093f9bf4f0b0"},"headline":"Einladung zur Wanderung 2017","datePublished":"2017-06-28T19:42:29+00:00","dateModified":"2018-07-02T09:49:08+00:00","mainEntityOfPage":{"@id":"https:\/\/permakultur-landwirtschaft.org\/wanderung\/"},"wordCount":319,"publisher":{"@id":"https:\/\/permakultur-landwirtschaft.org\/#organization"},"image":{"@id":"https:\/\/permakultur-landwirtschaft.org\/wanderung\/#primaryimage"},"thumbnailUrl":"https:\/\/permakultur-landwirtschaft.org\/wp-content\/uploads\/2017\/06\/wandern.jpg","articleSection":["Veranstaltungen_Archiv"],"inLanguage":"fr-FR"},{"@type":"WebPage","@id":"https:\/\/permakultur-landwirtschaft.org\/wanderung\/","url":"https:\/\/permakultur-landwirtschaft.org\/wanderung\/","name":"Einladung zur Wanderung 2017 - Permakultur-Landwirtschaft","isPartOf":{"@id":"https:\/\/permakultur-landwirtschaft.org\/#website"},"primaryImageOfPage":{"@id":"https:\/\/permakultur-landwirtschaft.org\/wanderung\/#primaryimage"},"image":{"@id":"https:\/\/permakultur-landwirtschaft.org\/wanderung\/#primaryimage"},"thumbnailUrl":"https:\/\/permakultur-landwirtschaft.org\/wp-content\/uploads\/2017\/06\/wandern.jpg","datePublished":"2017-06-28T19:42:29+00:00","dateModified":"2018-07-02T09:49:08+00:00","breadcrumb":{"@id":"https:\/\/permakultur-landwirtschaft.org\/wanderung\/#breadcrumb"},"inLanguage":"fr-FR","potentialAction":[{"@type":"ReadAction","target":["https:\/\/permakultur-landwirtschaft.org\/wanderung\/"]}]},{"@type":"ImageObject","inLanguage":"fr-FR","@id":"https:\/\/permakultur-landwirtschaft.org\/wanderung\/#primaryimage","url":"https:\/\/permakultur-landwirtschaft.org\/wp-content\/uploads\/2017\/06\/wandern.jpg","contentUrl":"https:\/\/permakultur-landwirtschaft.org\/wp-content\/uploads\/2017\/06\/wandern.jpg","width":960,"height":640},{"@type":"BreadcrumbList","@id":"https:\/\/permakultur-landwirtschaft.org\/wanderung\/#breadcrumb","itemListElement":[{"@type":"ListItem","position":1,"name":"Startseite","item":"https:\/\/permakultur-landwirtschaft.org\/"},{"@type":"ListItem","position":2,"name":"Einladung zur Wanderung 2017"}]},{"@type":"WebSite","@id":"https:\/\/permakultur-landwirtschaft.org\/#website","url":"https:\/\/permakultur-landwirtschaft.org\/","name":"Permakultur-Landwirtschaft","description":"F\u00f6rderung der Permakultur in der Landwirtschaft","publisher":{"@id":"https:\/\/permakultur-landwirtschaft.org\/#organization"},"potentialAction":[{"@type":"SearchAction","target":{"@type":"EntryPoint","urlTemplate":"https:\/\/permakultur-landwirtschaft.org\/?s={search_term_string}"},"query-input":{"@type":"PropertyValueSpecification","valueRequired":true,"valueName":"search_term_string"}}],"inLanguage":"fr-FR"},{"@type":"Organization","@id":"https:\/\/permakultur-landwirtschaft.org\/#organization","name":"Permakultur-Landwirtschaft","alternateName":"Verein Permakultur-Landwirtschaft","url":"https:\/\/permakultur-landwirtschaft.org\/","logo":{"@type":"ImageObject","inLanguage":"fr-FR","@id":"https:\/\/permakultur-landwirtschaft.org\/#\/schema\/logo\/image\/","url":"https:\/\/permakultur-landwirtschaft.org\/wp-content\/uploads\/2021\/11\/pela_1268x1269.png","contentUrl":"https:\/\/permakultur-landwirtschaft.org\/wp-content\/uploads\/2021\/11\/pela_1268x1269.png","width":1298,"height":1269,"caption":"Permakultur-Landwirtschaft"},"image":{"@id":"https:\/\/permakultur-landwirtschaft.org\/#\/schema\/logo\/image\/"},"sameAs":["https:\/\/www.facebook.com\/PermakulturLandwirtschaft","https:\/\/www.instagram.com\/permakultur_landwirtschaft\/","https:\/\/www.flickr.com\/photos\/permakultur-landwirtschaft","https:\/\/www.youtube.com\/@PermakulturLandwirtschaft"]},{"@type":"Person","@id":"https:\/\/permakultur-landwirtschaft.org\/#\/schema\/person\/6b0467872f75aed3e144093f9bf4f0b0","name":"adrian reutimann","url":"https:\/\/permakultur-landwirtschaft.org\/fr\/author\/reutiadr\/"}]}},"_links":{"self":[{"href":"https:\/\/permakultur-landwirtschaft.org\/fr\/wp-json\/wp\/v2\/posts\/966","targetHints":{"allow":["GET"]}}],"collection":[{"href":"https:\/\/permakultur-landwirtschaft.org\/fr\/wp-json\/wp\/v2\/posts"}],"about":[{"href":"https:\/\/permakultur-landwirtschaft.org\/fr\/wp-json\/wp\/v2\/types\/post"}],"author":[{"embeddable":true,"href":"https:\/\/permakultur-landwirtschaft.org\/fr\/wp-json\/wp\/v2\/users\/2"}],"replies":[{"embeddable":true,"href":"https:\/\/permakultur-landwirtschaft.org\/fr\/wp-json\/wp\/v2\/comments?post=966"}],"version-history":[{"count":18,"href":"https:\/\/permakultur-landwirtschaft.org\/fr\/wp-json\/wp\/v2\/posts\/966\/revisions"}],"predecessor-version":[{"id":1288,"href":"https:\/\/permakultur-landwirtschaft.org\/fr\/wp-json\/wp\/v2\/posts\/966\/revisions\/1288"}],"wp:featuredmedia":[{"embeddable":true,"href":"https:\/\/permakultur-landwirtschaft.org\/fr\/wp-json\/wp\/v2\/media\/968"}],"wp:attachment":[{"href":"https:\/\/permakultur-landwirtschaft.org\/fr\/wp-json\/wp\/v2\/media?parent=966"}],"wp:term":[{"taxonomy":"category","embeddable":true,"href":"https:\/\/permakultur-landwirtschaft.org\/fr\/wp-json\/wp\/v2\/categories?post=966"},{"taxonomy":"post_tag","embeddable":true,"href":"https:\/\/permakultur-landwirtschaft.org\/fr\/wp-json\/wp\/v2\/tags?post=966"}],"curies":[{"name":"wp","href":"https:\/\/api.w.org\/{rel}","templated":true}]}}