{"id":912,"date":"2017-06-02T17:56:44","date_gmt":"2017-06-02T15:56:44","guid":{"rendered":"http:\/\/permakultur-landwirtschaft.org\/?p=912"},"modified":"2018-07-02T11:33:51","modified_gmt":"2018-07-02T09:33:51","slug":"seminar_permakultur_impulse_fuer_die_landwirtschaft","status":"publish","type":"post","link":"https:\/\/permakultur-landwirtschaft.org\/fr\/seminar_permakultur_impulse_fuer_die_landwirtschaft\/","title":{"rendered":"Impulse f\u00fcr die Landwirtschaft Seminar"},"content":{"rendered":"<h4>Permakultur: Impulse f\u00fcr die Landwirtschaft &gt; Seminar f\u00fcr Landwirte und Interessierte mit Beat R\u00f6lli<\/h4>\n<p><!--more--><\/p>\n<p><strong>Wann: 02. Juni 2017 18:00 &#8211; 04. Juni 2017 16:00<\/strong><\/p>\n<p style=\"text-align: left;\"><strong>Ort: Schweibenalp, CH-3855 Brienz<br \/>\n<\/strong><\/p>\n<blockquote><p><span style=\"color: #3f7819;\"><b>&gt;&gt; F\u00fcr aktive Landwirtinnen und Landwirte \u00fcbernimmt der Verein Permakultur-Landwirtschaft die H\u00e4lfte des Seminarbeitrages, also Fr. 150.-, im Sinne der F\u00f6rderung der Permakultur in der Landwirtschaft. &lt;&lt;&lt; <\/b><\/span><\/p><\/blockquote>\n<p><span style=\"color: #3f7819;\"><b>Nehmen sie dazu <a href=\"https:\/\/permakultur-landwirtschaft.org\/fr\/kontakt\/\">ici<\/a> Kontakt mit uns auf.<\/b><\/span><\/p>\n<p style=\"text-align: left;\"><strong>Seminarinhalte:<\/strong><\/p>\n<p style=\"text-align: left;\">Einf\u00fchrung in die Permakultur Landwirtschaft:<br \/>\n&#8211; Was ist Permakultur Landwirtschaft?<br \/>\n&#8211; Die f\u00fcnf S\u00e4ulen der Permakultur Landwirtschaft<\/p>\n<p>Anhand von Fallbeispielen lernen wir das Potenzial der Permakultur Landwirtschaft weltweit und bei uns kennen.<br \/>\n&#8211; Wo steht die Permakultur Landwirtschaft in der Schweiz?<br \/>\n&#8211; Chancen und Impulse f\u00fcr die Permakultur Landwirtschaft<br \/>\n&#8211; \u00d6kosystemlandwirtschaft, Innovationen, urbane Landwirtschaft,<br \/>\n&#8211; Permakultur als Chance f\u00fcr die Bev\u00f6lkerung und Konsumenten<\/p>\n<p>Praktischer Teil:<br \/>\n&#8211; Rundgang \u00fcber das Permakulturgel\u00e4nde und Hinweise zu Permakultur Landwirtschaft.<br \/>\n&#8211; Landschaft lesen<br \/>\n&#8211; Planung: Meine lokale Versorgung mit Lebensmitteln<\/p>\n<p style=\"text-align: left;\"><a href=\"http:\/\/www.alpine-permakultur.ch\/seminardetails\/?smn=f610c97b-3d8a-481e-b759-e0c5981666e5\" target=\"_blank\" rel=\"noopener noreferrer\">Seminardetails<\/a><\/p>\n<p style=\"text-align: left;\"><img fetchpriority=\"high\" decoding=\"async\" class=\"alignleft size-medium wp-image-913\" src=\"https:\/\/permakultur-landwirtschaft.org\/wp-content\/uploads\/2017\/04\/beat6548-243x300.jpg\" alt=\"foto beat r\u00f6lli\" width=\"243\" height=\"300\" srcset=\"https:\/\/permakultur-landwirtschaft.org\/wp-content\/uploads\/2017\/04\/beat6548-243x300.jpg 243w, https:\/\/permakultur-landwirtschaft.org\/wp-content\/uploads\/2017\/04\/beat6548.jpg 625w\" sizes=\"(max-width: 243px) 100vw, 243px\" \/><\/p>","protected":false},"excerpt":{"rendered":"<p>Permakultur: Impulse f\u00fcr die Landwirtschaft &gt; Seminar f\u00fcr Landwirte und Interessierte mit Beat R\u00f6lli<\/p>","protected":false},"author":2,"featured_media":913,"comment_status":"closed","ping_status":"closed","sticky":false,"template":"","format":"standard","meta":{"_acf_changed":false,"site-sidebar-layout":"default","site-content-layout":"","ast-site-content-layout":"default","site-content-style":"default","site-sidebar-style":"default","ast-global-header-display":"","ast-banner-title-visibility":"","ast-main-header-display":"","ast-hfb-above-header-display":"","ast-hfb-below-header-display":"","ast-hfb-mobile-header-display":"","site-post-title":"","ast-breadcrumbs-content":"","ast-featured-img":"","footer-sml-layout":"","ast-disable-related-posts":"","theme-transparent-header-meta":"","adv-header-id-meta":"","stick-header-meta":"","header-above-stick-meta":"","header-main-stick-meta":"","header-below-stick-meta":"","astra-migrate-meta-layouts":"default","ast-page-background-enabled":"default","ast-page-background-meta":{"desktop":{"background-color":"var(--ast-global-color-4)","background-image":"","background-repeat":"repeat","background-position":"center center","background-size":"auto","background-attachment":"scroll","background-type":"","background-media":"","overlay-type":"","overlay-color":"","overlay-opacity":"","overlay-gradient":""},"tablet":{"background-color":"","background-image":"","background-repeat":"repeat","background-position":"center center","background-size":"auto","background-attachment":"scroll","background-type":"","background-media":"","overlay-type":"","overlay-color":"","overlay-opacity":"","overlay-gradient":""},"mobile":{"background-color":"","background-image":"","background-repeat":"repeat","background-position":"center center","background-size":"auto","background-attachment":"scroll","background-type":"","background-media":"","overlay-type":"","overlay-color":"","overlay-opacity":"","overlay-gradient":""}},"ast-content-background-meta":{"desktop":{"background-color":"var(--ast-global-color-5)","background-image":"","background-repeat":"repeat","background-position":"center center","background-size":"auto","background-attachment":"scroll","background-type":"","background-media":"","overlay-type":"","overlay-color":"","overlay-opacity":"","overlay-gradient":""},"tablet":{"background-color":"var(--ast-global-color-5)","background-image":"","background-repeat":"repeat","background-position":"center center","background-size":"auto","background-attachment":"scroll","background-type":"","background-media":"","overlay-type":"","overlay-color":"","overlay-opacity":"","overlay-gradient":""},"mobile":{"background-color":"var(--ast-global-color-5)","background-image":"","background-repeat":"repeat","background-position":"center center","background-size":"auto","background-attachment":"scroll","background-type":"","background-media":"","overlay-type":"","overlay-color":"","overlay-opacity":"","overlay-gradient":""}},"footnotes":""},"categories":[21],"tags":[18],"class_list":["post-912","post","type-post","status-publish","format-standard","has-post-thumbnail","hentry","category-veranstaltungen_archiv","tag-permakultur-impulse-landwirtschaft-seminar"],"acf":[],"yoast_head":"<!-- This site is optimized with the Yoast SEO plugin v27.5 - https:\/\/yoast.com\/product\/yoast-seo-wordpress\/ -->\n<title>Impulse f\u00fcr die Landwirtschaft Seminar - Permakultur-Landwirtschaft<\/title>\n<meta name=\"robots\" content=\"index, follow, max-snippet:-1, max-image-preview:large, max-video-preview:-1\" \/>\n<link rel=\"canonical\" href=\"https:\/\/permakultur-landwirtschaft.org\/fr\/seminar_permakultur_impulse_fuer_die_landwirtschaft\/\" \/>\n<meta property=\"og:locale\" content=\"fr_FR\" \/>\n<meta property=\"og:type\" content=\"article\" \/>\n<meta property=\"og:title\" content=\"Impulse f\u00fcr die Landwirtschaft Seminar - Permakultur-Landwirtschaft\" \/>\n<meta property=\"og:description\" content=\"Permakultur: Impulse f\u00fcr die Landwirtschaft &gt; Seminar f\u00fcr Landwirte und Interessierte mit Beat R\u00f6lli\" \/>\n<meta property=\"og:url\" content=\"https:\/\/permakultur-landwirtschaft.org\/fr\/seminar_permakultur_impulse_fuer_die_landwirtschaft\/\" \/>\n<meta property=\"og:site_name\" content=\"Permakultur-Landwirtschaft\" \/>\n<meta property=\"article:publisher\" content=\"https:\/\/www.facebook.com\/PermakulturLandwirtschaft\" \/>\n<meta property=\"article:published_time\" content=\"2017-06-02T15:56:44+00:00\" \/>\n<meta property=\"article:modified_time\" content=\"2018-07-02T09:33:51+00:00\" \/>\n<meta property=\"og:image\" content=\"https:\/\/permakultur-landwirtschaft.org\/wp-content\/uploads\/2017\/04\/beat6548.jpg\" \/>\n\t<meta property=\"og:image:width\" content=\"625\" \/>\n\t<meta property=\"og:image:height\" content=\"771\" \/>\n\t<meta property=\"og:image:type\" content=\"image\/jpeg\" \/>\n<meta name=\"author\" content=\"adrian reutimann\" \/>\n<meta name=\"twitter:card\" content=\"summary_large_image\" \/>\n<meta name=\"twitter:label1\" content=\"\u00c9crit par\" \/>\n\t<meta name=\"twitter:data1\" content=\"adrian reutimann\" \/>\n\t<meta name=\"twitter:label2\" content=\"Dur\u00e9e de lecture estim\u00e9e\" \/>\n\t<meta name=\"twitter:data2\" content=\"1 minute\" \/>\n<script type=\"application\/ld+json\" class=\"yoast-schema-graph\">{\"@context\":\"https:\\\/\\\/schema.org\",\"@graph\":[{\"@type\":\"Article\",\"@id\":\"https:\\\/\\\/permakultur-landwirtschaft.org\\\/seminar_permakultur_impulse_fuer_die_landwirtschaft\\\/#article\",\"isPartOf\":{\"@id\":\"https:\\\/\\\/permakultur-landwirtschaft.org\\\/seminar_permakultur_impulse_fuer_die_landwirtschaft\\\/\"},\"author\":{\"name\":\"adrian reutimann\",\"@id\":\"https:\\\/\\\/permakultur-landwirtschaft.org\\\/#\\\/schema\\\/person\\\/6b0467872f75aed3e144093f9bf4f0b0\"},\"headline\":\"Impulse f\u00fcr die Landwirtschaft Seminar\",\"datePublished\":\"2017-06-02T15:56:44+00:00\",\"dateModified\":\"2018-07-02T09:33:51+00:00\",\"mainEntityOfPage\":{\"@id\":\"https:\\\/\\\/permakultur-landwirtschaft.org\\\/seminar_permakultur_impulse_fuer_die_landwirtschaft\\\/\"},\"wordCount\":166,\"publisher\":{\"@id\":\"https:\\\/\\\/permakultur-landwirtschaft.org\\\/#organization\"},\"image\":{\"@id\":\"https:\\\/\\\/permakultur-landwirtschaft.org\\\/seminar_permakultur_impulse_fuer_die_landwirtschaft\\\/#primaryimage\"},\"thumbnailUrl\":\"https:\\\/\\\/permakultur-landwirtschaft.org\\\/wp-content\\\/uploads\\\/2017\\\/04\\\/beat6548.jpg\",\"keywords\":[\"permakultur impulse landwirtschaft seminar\"],\"articleSection\":[\"Veranstaltungen_Archiv\"],\"inLanguage\":\"fr-FR\"},{\"@type\":\"WebPage\",\"@id\":\"https:\\\/\\\/permakultur-landwirtschaft.org\\\/seminar_permakultur_impulse_fuer_die_landwirtschaft\\\/\",\"url\":\"https:\\\/\\\/permakultur-landwirtschaft.org\\\/seminar_permakultur_impulse_fuer_die_landwirtschaft\\\/\",\"name\":\"Impulse f\u00fcr die Landwirtschaft Seminar - Permakultur-Landwirtschaft\",\"isPartOf\":{\"@id\":\"https:\\\/\\\/permakultur-landwirtschaft.org\\\/#website\"},\"primaryImageOfPage\":{\"@id\":\"https:\\\/\\\/permakultur-landwirtschaft.org\\\/seminar_permakultur_impulse_fuer_die_landwirtschaft\\\/#primaryimage\"},\"image\":{\"@id\":\"https:\\\/\\\/permakultur-landwirtschaft.org\\\/seminar_permakultur_impulse_fuer_die_landwirtschaft\\\/#primaryimage\"},\"thumbnailUrl\":\"https:\\\/\\\/permakultur-landwirtschaft.org\\\/wp-content\\\/uploads\\\/2017\\\/04\\\/beat6548.jpg\",\"datePublished\":\"2017-06-02T15:56:44+00:00\",\"dateModified\":\"2018-07-02T09:33:51+00:00\",\"breadcrumb\":{\"@id\":\"https:\\\/\\\/permakultur-landwirtschaft.org\\\/seminar_permakultur_impulse_fuer_die_landwirtschaft\\\/#breadcrumb\"},\"inLanguage\":\"fr-FR\",\"potentialAction\":[{\"@type\":\"ReadAction\",\"target\":[\"https:\\\/\\\/permakultur-landwirtschaft.org\\\/seminar_permakultur_impulse_fuer_die_landwirtschaft\\\/\"]}]},{\"@type\":\"ImageObject\",\"inLanguage\":\"fr-FR\",\"@id\":\"https:\\\/\\\/permakultur-landwirtschaft.org\\\/seminar_permakultur_impulse_fuer_die_landwirtschaft\\\/#primaryimage\",\"url\":\"https:\\\/\\\/permakultur-landwirtschaft.org\\\/wp-content\\\/uploads\\\/2017\\\/04\\\/beat6548.jpg\",\"contentUrl\":\"https:\\\/\\\/permakultur-landwirtschaft.org\\\/wp-content\\\/uploads\\\/2017\\\/04\\\/beat6548.jpg\",\"width\":625,\"height\":771,\"caption\":\"Foto von Beat R\u00f6lli\"},{\"@type\":\"BreadcrumbList\",\"@id\":\"https:\\\/\\\/permakultur-landwirtschaft.org\\\/seminar_permakultur_impulse_fuer_die_landwirtschaft\\\/#breadcrumb\",\"itemListElement\":[{\"@type\":\"ListItem\",\"position\":1,\"name\":\"Startseite\",\"item\":\"https:\\\/\\\/permakultur-landwirtschaft.org\\\/\"},{\"@type\":\"ListItem\",\"position\":2,\"name\":\"Impulse f\u00fcr die Landwirtschaft Seminar\"}]},{\"@type\":\"WebSite\",\"@id\":\"https:\\\/\\\/permakultur-landwirtschaft.org\\\/#website\",\"url\":\"https:\\\/\\\/permakultur-landwirtschaft.org\\\/\",\"name\":\"Permakultur-Landwirtschaft\",\"description\":\"F\u00f6rderung der Permakultur in der Landwirtschaft\",\"publisher\":{\"@id\":\"https:\\\/\\\/permakultur-landwirtschaft.org\\\/#organization\"},\"potentialAction\":[{\"@type\":\"SearchAction\",\"target\":{\"@type\":\"EntryPoint\",\"urlTemplate\":\"https:\\\/\\\/permakultur-landwirtschaft.org\\\/?s={search_term_string}\"},\"query-input\":{\"@type\":\"PropertyValueSpecification\",\"valueRequired\":true,\"valueName\":\"search_term_string\"}}],\"inLanguage\":\"fr-FR\"},{\"@type\":\"Organization\",\"@id\":\"https:\\\/\\\/permakultur-landwirtschaft.org\\\/#organization\",\"name\":\"Permakultur-Landwirtschaft\",\"alternateName\":\"Verein Permakultur-Landwirtschaft\",\"url\":\"https:\\\/\\\/permakultur-landwirtschaft.org\\\/\",\"logo\":{\"@type\":\"ImageObject\",\"inLanguage\":\"fr-FR\",\"@id\":\"https:\\\/\\\/permakultur-landwirtschaft.org\\\/#\\\/schema\\\/logo\\\/image\\\/\",\"url\":\"https:\\\/\\\/permakultur-landwirtschaft.org\\\/wp-content\\\/uploads\\\/2021\\\/11\\\/pela_1268x1269.png\",\"contentUrl\":\"https:\\\/\\\/permakultur-landwirtschaft.org\\\/wp-content\\\/uploads\\\/2021\\\/11\\\/pela_1268x1269.png\",\"width\":1298,\"height\":1269,\"caption\":\"Permakultur-Landwirtschaft\"},\"image\":{\"@id\":\"https:\\\/\\\/permakultur-landwirtschaft.org\\\/#\\\/schema\\\/logo\\\/image\\\/\"},\"sameAs\":[\"https:\\\/\\\/www.facebook.com\\\/PermakulturLandwirtschaft\",\"https:\\\/\\\/www.instagram.com\\\/permakultur_landwirtschaft\\\/\",\"https:\\\/\\\/www.flickr.com\\\/photos\\\/permakultur-landwirtschaft\",\"https:\\\/\\\/www.youtube.com\\\/@PermakulturLandwirtschaft\"]},{\"@type\":\"Person\",\"@id\":\"https:\\\/\\\/permakultur-landwirtschaft.org\\\/#\\\/schema\\\/person\\\/6b0467872f75aed3e144093f9bf4f0b0\",\"name\":\"adrian reutimann\",\"url\":\"https:\\\/\\\/permakultur-landwirtschaft.org\\\/fr\\\/author\\\/reutiadr\\\/\"}]}<\/script>\n<!-- \/ Yoast SEO plugin. -->","yoast_head_json":{"title":"Impulse f\u00fcr die Landwirtschaft Seminar - Permakultur-Landwirtschaft","robots":{"index":"index","follow":"follow","max-snippet":"max-snippet:-1","max-image-preview":"max-image-preview:large","max-video-preview":"max-video-preview:-1"},"canonical":"https:\/\/permakultur-landwirtschaft.org\/fr\/seminar_permakultur_impulse_fuer_die_landwirtschaft\/","og_locale":"fr_FR","og_type":"article","og_title":"Impulse f\u00fcr die Landwirtschaft Seminar - Permakultur-Landwirtschaft","og_description":"Permakultur: Impulse f\u00fcr die Landwirtschaft &gt; Seminar f\u00fcr Landwirte und Interessierte mit Beat R\u00f6lli","og_url":"https:\/\/permakultur-landwirtschaft.org\/fr\/seminar_permakultur_impulse_fuer_die_landwirtschaft\/","og_site_name":"Permakultur-Landwirtschaft","article_publisher":"https:\/\/www.facebook.com\/PermakulturLandwirtschaft","article_published_time":"2017-06-02T15:56:44+00:00","article_modified_time":"2018-07-02T09:33:51+00:00","og_image":[{"width":625,"height":771,"url":"https:\/\/permakultur-landwirtschaft.org\/wp-content\/uploads\/2017\/04\/beat6548.jpg","type":"image\/jpeg"}],"author":"adrian reutimann","twitter_card":"summary_large_image","twitter_misc":{"\u00c9crit par":"adrian reutimann","Dur\u00e9e de lecture estim\u00e9e":"1 minute"},"schema":{"@context":"https:\/\/schema.org","@graph":[{"@type":"Article","@id":"https:\/\/permakultur-landwirtschaft.org\/seminar_permakultur_impulse_fuer_die_landwirtschaft\/#article","isPartOf":{"@id":"https:\/\/permakultur-landwirtschaft.org\/seminar_permakultur_impulse_fuer_die_landwirtschaft\/"},"author":{"name":"adrian reutimann","@id":"https:\/\/permakultur-landwirtschaft.org\/#\/schema\/person\/6b0467872f75aed3e144093f9bf4f0b0"},"headline":"Impulse f\u00fcr die Landwirtschaft Seminar","datePublished":"2017-06-02T15:56:44+00:00","dateModified":"2018-07-02T09:33:51+00:00","mainEntityOfPage":{"@id":"https:\/\/permakultur-landwirtschaft.org\/seminar_permakultur_impulse_fuer_die_landwirtschaft\/"},"wordCount":166,"publisher":{"@id":"https:\/\/permakultur-landwirtschaft.org\/#organization"},"image":{"@id":"https:\/\/permakultur-landwirtschaft.org\/seminar_permakultur_impulse_fuer_die_landwirtschaft\/#primaryimage"},"thumbnailUrl":"https:\/\/permakultur-landwirtschaft.org\/wp-content\/uploads\/2017\/04\/beat6548.jpg","keywords":["permakultur impulse landwirtschaft seminar"],"articleSection":["Veranstaltungen_Archiv"],"inLanguage":"fr-FR"},{"@type":"WebPage","@id":"https:\/\/permakultur-landwirtschaft.org\/seminar_permakultur_impulse_fuer_die_landwirtschaft\/","url":"https:\/\/permakultur-landwirtschaft.org\/seminar_permakultur_impulse_fuer_die_landwirtschaft\/","name":"Impulse f\u00fcr die Landwirtschaft Seminar - Permakultur-Landwirtschaft","isPartOf":{"@id":"https:\/\/permakultur-landwirtschaft.org\/#website"},"primaryImageOfPage":{"@id":"https:\/\/permakultur-landwirtschaft.org\/seminar_permakultur_impulse_fuer_die_landwirtschaft\/#primaryimage"},"image":{"@id":"https:\/\/permakultur-landwirtschaft.org\/seminar_permakultur_impulse_fuer_die_landwirtschaft\/#primaryimage"},"thumbnailUrl":"https:\/\/permakultur-landwirtschaft.org\/wp-content\/uploads\/2017\/04\/beat6548.jpg","datePublished":"2017-06-02T15:56:44+00:00","dateModified":"2018-07-02T09:33:51+00:00","breadcrumb":{"@id":"https:\/\/permakultur-landwirtschaft.org\/seminar_permakultur_impulse_fuer_die_landwirtschaft\/#breadcrumb"},"inLanguage":"fr-FR","potentialAction":[{"@type":"ReadAction","target":["https:\/\/permakultur-landwirtschaft.org\/seminar_permakultur_impulse_fuer_die_landwirtschaft\/"]}]},{"@type":"ImageObject","inLanguage":"fr-FR","@id":"https:\/\/permakultur-landwirtschaft.org\/seminar_permakultur_impulse_fuer_die_landwirtschaft\/#primaryimage","url":"https:\/\/permakultur-landwirtschaft.org\/wp-content\/uploads\/2017\/04\/beat6548.jpg","contentUrl":"https:\/\/permakultur-landwirtschaft.org\/wp-content\/uploads\/2017\/04\/beat6548.jpg","width":625,"height":771,"caption":"Foto von Beat R\u00f6lli"},{"@type":"BreadcrumbList","@id":"https:\/\/permakultur-landwirtschaft.org\/seminar_permakultur_impulse_fuer_die_landwirtschaft\/#breadcrumb","itemListElement":[{"@type":"ListItem","position":1,"name":"Startseite","item":"https:\/\/permakultur-landwirtschaft.org\/"},{"@type":"ListItem","position":2,"name":"Impulse f\u00fcr die Landwirtschaft Seminar"}]},{"@type":"WebSite","@id":"https:\/\/permakultur-landwirtschaft.org\/#website","url":"https:\/\/permakultur-landwirtschaft.org\/","name":"Permakultur-Landwirtschaft","description":"F\u00f6rderung der Permakultur in der Landwirtschaft","publisher":{"@id":"https:\/\/permakultur-landwirtschaft.org\/#organization"},"potentialAction":[{"@type":"SearchAction","target":{"@type":"EntryPoint","urlTemplate":"https:\/\/permakultur-landwirtschaft.org\/?s={search_term_string}"},"query-input":{"@type":"PropertyValueSpecification","valueRequired":true,"valueName":"search_term_string"}}],"inLanguage":"fr-FR"},{"@type":"Organization","@id":"https:\/\/permakultur-landwirtschaft.org\/#organization","name":"Permakultur-Landwirtschaft","alternateName":"Verein Permakultur-Landwirtschaft","url":"https:\/\/permakultur-landwirtschaft.org\/","logo":{"@type":"ImageObject","inLanguage":"fr-FR","@id":"https:\/\/permakultur-landwirtschaft.org\/#\/schema\/logo\/image\/","url":"https:\/\/permakultur-landwirtschaft.org\/wp-content\/uploads\/2021\/11\/pela_1268x1269.png","contentUrl":"https:\/\/permakultur-landwirtschaft.org\/wp-content\/uploads\/2021\/11\/pela_1268x1269.png","width":1298,"height":1269,"caption":"Permakultur-Landwirtschaft"},"image":{"@id":"https:\/\/permakultur-landwirtschaft.org\/#\/schema\/logo\/image\/"},"sameAs":["https:\/\/www.facebook.com\/PermakulturLandwirtschaft","https:\/\/www.instagram.com\/permakultur_landwirtschaft\/","https:\/\/www.flickr.com\/photos\/permakultur-landwirtschaft","https:\/\/www.youtube.com\/@PermakulturLandwirtschaft"]},{"@type":"Person","@id":"https:\/\/permakultur-landwirtschaft.org\/#\/schema\/person\/6b0467872f75aed3e144093f9bf4f0b0","name":"adrian reutimann","url":"https:\/\/permakultur-landwirtschaft.org\/fr\/author\/reutiadr\/"}]}},"_links":{"self":[{"href":"https:\/\/permakultur-landwirtschaft.org\/fr\/wp-json\/wp\/v2\/posts\/912","targetHints":{"allow":["GET"]}}],"collection":[{"href":"https:\/\/permakultur-landwirtschaft.org\/fr\/wp-json\/wp\/v2\/posts"}],"about":[{"href":"https:\/\/permakultur-landwirtschaft.org\/fr\/wp-json\/wp\/v2\/types\/post"}],"author":[{"embeddable":true,"href":"https:\/\/permakultur-landwirtschaft.org\/fr\/wp-json\/wp\/v2\/users\/2"}],"replies":[{"embeddable":true,"href":"https:\/\/permakultur-landwirtschaft.org\/fr\/wp-json\/wp\/v2\/comments?post=912"}],"version-history":[{"count":6,"href":"https:\/\/permakultur-landwirtschaft.org\/fr\/wp-json\/wp\/v2\/posts\/912\/revisions"}],"predecessor-version":[{"id":924,"href":"https:\/\/permakultur-landwirtschaft.org\/fr\/wp-json\/wp\/v2\/posts\/912\/revisions\/924"}],"wp:featuredmedia":[{"embeddable":true,"href":"https:\/\/permakultur-landwirtschaft.org\/fr\/wp-json\/wp\/v2\/media\/913"}],"wp:attachment":[{"href":"https:\/\/permakultur-landwirtschaft.org\/fr\/wp-json\/wp\/v2\/media?parent=912"}],"wp:term":[{"taxonomy":"category","embeddable":true,"href":"https:\/\/permakultur-landwirtschaft.org\/fr\/wp-json\/wp\/v2\/categories?post=912"},{"taxonomy":"post_tag","embeddable":true,"href":"https:\/\/permakultur-landwirtschaft.org\/fr\/wp-json\/wp\/v2\/tags?post=912"}],"curies":[{"name":"wp","href":"https:\/\/api.w.org\/{rel}","templated":true}]}}