{"id":8430,"date":"2021-09-10T04:10:35","date_gmt":"2021-09-10T02:10:35","guid":{"rendered":"https:\/\/permakultur-landwirtschaft.org\/?p=8430"},"modified":"2021-09-18T09:59:09","modified_gmt":"2021-09-18T07:59:09","slug":"keyline-design-wasser-fuer-die-landwirtschaft-grundkurs-vom-10-12-september-2021","status":"publish","type":"post","link":"https:\/\/permakultur-landwirtschaft.org\/fr\/keyline-design-wasser-fuer-die-landwirtschaft-grundkurs-vom-10-12-september-2021\/","title":{"rendered":"Keyline Design \u2013 Wasser f\u00fcr die Landwirtschaft &#8211; Grundkurs vom 10. bis 12. September 2021"},"content":{"rendered":"<p>Keyline Design ist ein ganzheitlicher Planungsansatz, der sich aus verschiedenen historischen Methoden, Wasser f\u00fcr Landwirtschaft und Bergbau in der Landschaft zu halten und zu nutzen entwickelt hat. Er wurde bereits 1954 in Australien beschrieben und hat sich seither noch deutlich ver\u00e4ndert. Vor allem f\u00fcr die Landwirtschaft im temperierten Klima und unsere Verh\u00e4ltnisse in Europa bzw. Deutschland braucht es besonderes Fachwissen, um Keyline Design sinnvoll anzuwenden.<\/p>\n<p><strong>Date <\/strong><br \/>\n10. &#8211; 12. September 2021<\/p>\n<p><strong>Lieu<\/strong><br \/>\nEbertsheimer Bildungsinitiative \u2013 EBI e.V.<br \/>\nEduard Mann Str. 1-7<br \/>\n67280 Ebertsheim<\/p>\n<p><a href=\"http:\/\/baumfeldwirtschaft.de\/termin\/keylinedesignkurs2021-09\/\" target=\"_blank\" rel=\"noopener noreferrer\">Infos zum Kurs unter diesem Link: baumfeldwirtschaft.de\/termin\/keylinedesignkurs2021-09\/<\/a><\/p>\n<p><a href=\"https:\/\/permakultur-landwirtschaft.org\/documents\/kurse\/Seminar_KeylineDesign_10.09.-12.09.2021.pdf\" target=\"_blank\" rel=\"noopener\">Link zur Ausschreibung als PDF<\/a><\/p>\n<p><a href=\"http:\/\/baumfeldwirtschaft.de\/termin\/keylinedesignkurs2021-09\/\" target=\"_blank\" rel=\"noopener\"><img fetchpriority=\"high\" decoding=\"async\" class=\"alignnone wp-image-8433 size-full\" src=\"https:\/\/permakultur-landwirtschaft.org\/wp-content\/uploads\/2021\/06\/keylineAFS_Zwoelfruten_gedrillt_2019_flach-1024x477-1-e1623129402905.jpg\" alt=\"\" width=\"700\" height=\"326\" \/><\/a><\/p>\n<p>Bild: <a href=\"http:\/\/baumfeldwirtschaft.de\/termin\/keylinedesignkurs2021-09\/\" target=\"_blank\" rel=\"noopener noreferrer\">baumfeldwirtschaft.de<\/a><\/p>\n<hr \/>\n<h3><a href=\"https:\/\/permakultur-landwirtschaft.org\/fr\/veranstaltungen\/\">Hier geht&#8217;s zur \u00dcbersicht aktuelle Veranstaltungen<\/a><\/h3>\n<p>&nbsp;<\/p>","protected":false},"excerpt":{"rendered":"<p>Keyline Design ist ein ganzheitlicher Planungsansatz, der sich aus verschiedenen historischen Methoden, Wasser f\u00fcr Landwirtschaft und Bergbau in der Landschaft zu halten und zu nutzen entwickelt hat. Er wurde bereits 1954 in Australien beschrieben und hat sich seither noch deutlich ver\u00e4ndert. Vor allem f\u00fcr die Landwirtschaft im temperierten Klima und unsere Verh\u00e4ltnisse in Europa bzw. [&hellip;]<\/p>\n","protected":false},"author":2,"featured_media":8433,"comment_status":"closed","ping_status":"closed","sticky":false,"template":"","format":"standard","meta":{"_acf_changed":false,"site-sidebar-layout":"default","site-content-layout":"","ast-site-content-layout":"default","site-content-style":"default","site-sidebar-style":"default","ast-global-header-display":"","ast-banner-title-visibility":"","ast-main-header-display":"","ast-hfb-above-header-display":"","ast-hfb-below-header-display":"","ast-hfb-mobile-header-display":"","site-post-title":"","ast-breadcrumbs-content":"","ast-featured-img":"","footer-sml-layout":"","ast-disable-related-posts":"","theme-transparent-header-meta":"","adv-header-id-meta":"","stick-header-meta":"","header-above-stick-meta":"","header-main-stick-meta":"","header-below-stick-meta":"","astra-migrate-meta-layouts":"default","ast-page-background-enabled":"default","ast-page-background-meta":{"desktop":{"background-color":"var(--ast-global-color-4)","background-image":"","background-repeat":"repeat","background-position":"center center","background-size":"auto","background-attachment":"scroll","background-type":"","background-media":"","overlay-type":"","overlay-color":"","overlay-opacity":"","overlay-gradient":""},"tablet":{"background-color":"","background-image":"","background-repeat":"repeat","background-position":"center center","background-size":"auto","background-attachment":"scroll","background-type":"","background-media":"","overlay-type":"","overlay-color":"","overlay-opacity":"","overlay-gradient":""},"mobile":{"background-color":"","background-image":"","background-repeat":"repeat","background-position":"center center","background-size":"auto","background-attachment":"scroll","background-type":"","background-media":"","overlay-type":"","overlay-color":"","overlay-opacity":"","overlay-gradient":""}},"ast-content-background-meta":{"desktop":{"background-color":"var(--ast-global-color-5)","background-image":"","background-repeat":"repeat","background-position":"center center","background-size":"auto","background-attachment":"scroll","background-type":"","background-media":"","overlay-type":"","overlay-color":"","overlay-opacity":"","overlay-gradient":""},"tablet":{"background-color":"var(--ast-global-color-5)","background-image":"","background-repeat":"repeat","background-position":"center center","background-size":"auto","background-attachment":"scroll","background-type":"","background-media":"","overlay-type":"","overlay-color":"","overlay-opacity":"","overlay-gradient":""},"mobile":{"background-color":"var(--ast-global-color-5)","background-image":"","background-repeat":"repeat","background-position":"center center","background-size":"auto","background-attachment":"scroll","background-type":"","background-media":"","overlay-type":"","overlay-color":"","overlay-opacity":"","overlay-gradient":""}},"footnotes":""},"categories":[21],"tags":[],"class_list":["post-8430","post","type-post","status-publish","format-standard","has-post-thumbnail","hentry","category-veranstaltungen_archiv"],"acf":[],"yoast_head":"<!-- This site is optimized with the Yoast SEO plugin v27.5 - https:\/\/yoast.com\/product\/yoast-seo-wordpress\/ -->\n<title>Keyline Design \u2013 Wasser f\u00fcr die Landwirtschaft - Grundkurs vom 10. bis 12. September 2021 - Permakultur-Landwirtschaft<\/title>\n<meta name=\"robots\" content=\"index, follow, max-snippet:-1, max-image-preview:large, max-video-preview:-1\" \/>\n<link rel=\"canonical\" href=\"https:\/\/permakultur-landwirtschaft.org\/fr\/keyline-design-wasser-fuer-die-landwirtschaft-grundkurs-vom-10-12-september-2021\/\" \/>\n<meta property=\"og:locale\" content=\"fr_FR\" \/>\n<meta property=\"og:type\" content=\"article\" \/>\n<meta property=\"og:title\" content=\"Keyline Design \u2013 Wasser f\u00fcr die Landwirtschaft - Grundkurs vom 10. bis 12. September 2021 - Permakultur-Landwirtschaft\" \/>\n<meta property=\"og:description\" content=\"Keyline Design ist ein ganzheitlicher Planungsansatz, der sich aus verschiedenen historischen Methoden, Wasser f\u00fcr Landwirtschaft und Bergbau in der Landschaft zu halten und zu nutzen entwickelt hat. Er wurde bereits 1954 in Australien beschrieben und hat sich seither noch deutlich ver\u00e4ndert. Vor allem f\u00fcr die Landwirtschaft im temperierten Klima und unsere Verh\u00e4ltnisse in Europa bzw. [&hellip;]\" \/>\n<meta property=\"og:url\" content=\"https:\/\/permakultur-landwirtschaft.org\/fr\/keyline-design-wasser-fuer-die-landwirtschaft-grundkurs-vom-10-12-september-2021\/\" \/>\n<meta property=\"og:site_name\" content=\"Permakultur-Landwirtschaft\" \/>\n<meta property=\"article:publisher\" content=\"https:\/\/www.facebook.com\/PermakulturLandwirtschaft\" \/>\n<meta property=\"article:published_time\" content=\"2021-09-10T02:10:35+00:00\" \/>\n<meta property=\"article:modified_time\" content=\"2021-09-18T07:59:09+00:00\" \/>\n<meta property=\"og:image\" content=\"http:\/\/permakultur-landwirtschaft.org\/wp-content\/uploads\/2021\/06\/keylineAFS_Zwoelfruten_gedrillt_2019_flach-1024x477-1.jpg\" \/>\n\t<meta property=\"og:image:width\" content=\"700\" \/>\n\t<meta property=\"og:image:height\" content=\"326\" \/>\n\t<meta property=\"og:image:type\" content=\"image\/jpeg\" \/>\n<meta name=\"author\" content=\"adrian reutimann\" \/>\n<meta name=\"twitter:card\" content=\"summary_large_image\" \/>\n<meta name=\"twitter:label1\" content=\"\u00c9crit par\" \/>\n\t<meta name=\"twitter:data1\" content=\"adrian reutimann\" \/>\n\t<meta name=\"twitter:label2\" content=\"Dur\u00e9e de lecture estim\u00e9e\" \/>\n\t<meta name=\"twitter:data2\" content=\"1 minute\" \/>\n<script type=\"application\/ld+json\" class=\"yoast-schema-graph\">{\"@context\":\"https:\\\/\\\/schema.org\",\"@graph\":[{\"@type\":\"Article\",\"@id\":\"https:\\\/\\\/permakultur-landwirtschaft.org\\\/keyline-design-wasser-fuer-die-landwirtschaft-grundkurs-vom-10-12-september-2021\\\/#article\",\"isPartOf\":{\"@id\":\"https:\\\/\\\/permakultur-landwirtschaft.org\\\/keyline-design-wasser-fuer-die-landwirtschaft-grundkurs-vom-10-12-september-2021\\\/\"},\"author\":{\"name\":\"adrian reutimann\",\"@id\":\"https:\\\/\\\/permakultur-landwirtschaft.org\\\/#\\\/schema\\\/person\\\/6b0467872f75aed3e144093f9bf4f0b0\"},\"headline\":\"Keyline Design \u2013 Wasser f\u00fcr die Landwirtschaft &#8211; Grundkurs vom 10. bis 12. September 2021\",\"datePublished\":\"2021-09-10T02:10:35+00:00\",\"dateModified\":\"2021-09-18T07:59:09+00:00\",\"mainEntityOfPage\":{\"@id\":\"https:\\\/\\\/permakultur-landwirtschaft.org\\\/keyline-design-wasser-fuer-die-landwirtschaft-grundkurs-vom-10-12-september-2021\\\/\"},\"wordCount\":121,\"publisher\":{\"@id\":\"https:\\\/\\\/permakultur-landwirtschaft.org\\\/#organization\"},\"image\":{\"@id\":\"https:\\\/\\\/permakultur-landwirtschaft.org\\\/keyline-design-wasser-fuer-die-landwirtschaft-grundkurs-vom-10-12-september-2021\\\/#primaryimage\"},\"thumbnailUrl\":\"https:\\\/\\\/permakultur-landwirtschaft.org\\\/wp-content\\\/uploads\\\/2021\\\/06\\\/keylineAFS_Zwoelfruten_gedrillt_2019_flach-1024x477-1-e1623129402905.jpg\",\"articleSection\":[\"Veranstaltungen_Archiv\"],\"inLanguage\":\"fr-FR\"},{\"@type\":\"WebPage\",\"@id\":\"https:\\\/\\\/permakultur-landwirtschaft.org\\\/keyline-design-wasser-fuer-die-landwirtschaft-grundkurs-vom-10-12-september-2021\\\/\",\"url\":\"https:\\\/\\\/permakultur-landwirtschaft.org\\\/keyline-design-wasser-fuer-die-landwirtschaft-grundkurs-vom-10-12-september-2021\\\/\",\"name\":\"Keyline Design \u2013 Wasser f\u00fcr die Landwirtschaft - Grundkurs vom 10. bis 12. September 2021 - Permakultur-Landwirtschaft\",\"isPartOf\":{\"@id\":\"https:\\\/\\\/permakultur-landwirtschaft.org\\\/#website\"},\"primaryImageOfPage\":{\"@id\":\"https:\\\/\\\/permakultur-landwirtschaft.org\\\/keyline-design-wasser-fuer-die-landwirtschaft-grundkurs-vom-10-12-september-2021\\\/#primaryimage\"},\"image\":{\"@id\":\"https:\\\/\\\/permakultur-landwirtschaft.org\\\/keyline-design-wasser-fuer-die-landwirtschaft-grundkurs-vom-10-12-september-2021\\\/#primaryimage\"},\"thumbnailUrl\":\"https:\\\/\\\/permakultur-landwirtschaft.org\\\/wp-content\\\/uploads\\\/2021\\\/06\\\/keylineAFS_Zwoelfruten_gedrillt_2019_flach-1024x477-1-e1623129402905.jpg\",\"datePublished\":\"2021-09-10T02:10:35+00:00\",\"dateModified\":\"2021-09-18T07:59:09+00:00\",\"breadcrumb\":{\"@id\":\"https:\\\/\\\/permakultur-landwirtschaft.org\\\/keyline-design-wasser-fuer-die-landwirtschaft-grundkurs-vom-10-12-september-2021\\\/#breadcrumb\"},\"inLanguage\":\"fr-FR\",\"potentialAction\":[{\"@type\":\"ReadAction\",\"target\":[\"https:\\\/\\\/permakultur-landwirtschaft.org\\\/keyline-design-wasser-fuer-die-landwirtschaft-grundkurs-vom-10-12-september-2021\\\/\"]}]},{\"@type\":\"ImageObject\",\"inLanguage\":\"fr-FR\",\"@id\":\"https:\\\/\\\/permakultur-landwirtschaft.org\\\/keyline-design-wasser-fuer-die-landwirtschaft-grundkurs-vom-10-12-september-2021\\\/#primaryimage\",\"url\":\"https:\\\/\\\/permakultur-landwirtschaft.org\\\/wp-content\\\/uploads\\\/2021\\\/06\\\/keylineAFS_Zwoelfruten_gedrillt_2019_flach-1024x477-1-e1623129402905.jpg\",\"contentUrl\":\"https:\\\/\\\/permakultur-landwirtschaft.org\\\/wp-content\\\/uploads\\\/2021\\\/06\\\/keylineAFS_Zwoelfruten_gedrillt_2019_flach-1024x477-1-e1623129402905.jpg\",\"width\":700,\"height\":326},{\"@type\":\"BreadcrumbList\",\"@id\":\"https:\\\/\\\/permakultur-landwirtschaft.org\\\/keyline-design-wasser-fuer-die-landwirtschaft-grundkurs-vom-10-12-september-2021\\\/#breadcrumb\",\"itemListElement\":[{\"@type\":\"ListItem\",\"position\":1,\"name\":\"Startseite\",\"item\":\"https:\\\/\\\/permakultur-landwirtschaft.org\\\/\"},{\"@type\":\"ListItem\",\"position\":2,\"name\":\"Keyline Design \u2013 Wasser f\u00fcr die Landwirtschaft &#8211; Grundkurs vom 10. bis 12. September 2021\"}]},{\"@type\":\"WebSite\",\"@id\":\"https:\\\/\\\/permakultur-landwirtschaft.org\\\/#website\",\"url\":\"https:\\\/\\\/permakultur-landwirtschaft.org\\\/\",\"name\":\"Permakultur-Landwirtschaft\",\"description\":\"F\u00f6rderung der Permakultur in der Landwirtschaft\",\"publisher\":{\"@id\":\"https:\\\/\\\/permakultur-landwirtschaft.org\\\/#organization\"},\"potentialAction\":[{\"@type\":\"SearchAction\",\"target\":{\"@type\":\"EntryPoint\",\"urlTemplate\":\"https:\\\/\\\/permakultur-landwirtschaft.org\\\/?s={search_term_string}\"},\"query-input\":{\"@type\":\"PropertyValueSpecification\",\"valueRequired\":true,\"valueName\":\"search_term_string\"}}],\"inLanguage\":\"fr-FR\"},{\"@type\":\"Organization\",\"@id\":\"https:\\\/\\\/permakultur-landwirtschaft.org\\\/#organization\",\"name\":\"Permakultur-Landwirtschaft\",\"alternateName\":\"Verein Permakultur-Landwirtschaft\",\"url\":\"https:\\\/\\\/permakultur-landwirtschaft.org\\\/\",\"logo\":{\"@type\":\"ImageObject\",\"inLanguage\":\"fr-FR\",\"@id\":\"https:\\\/\\\/permakultur-landwirtschaft.org\\\/#\\\/schema\\\/logo\\\/image\\\/\",\"url\":\"https:\\\/\\\/permakultur-landwirtschaft.org\\\/wp-content\\\/uploads\\\/2021\\\/11\\\/pela_1268x1269.png\",\"contentUrl\":\"https:\\\/\\\/permakultur-landwirtschaft.org\\\/wp-content\\\/uploads\\\/2021\\\/11\\\/pela_1268x1269.png\",\"width\":1298,\"height\":1269,\"caption\":\"Permakultur-Landwirtschaft\"},\"image\":{\"@id\":\"https:\\\/\\\/permakultur-landwirtschaft.org\\\/#\\\/schema\\\/logo\\\/image\\\/\"},\"sameAs\":[\"https:\\\/\\\/www.facebook.com\\\/PermakulturLandwirtschaft\",\"https:\\\/\\\/www.instagram.com\\\/permakultur_landwirtschaft\\\/\",\"https:\\\/\\\/www.flickr.com\\\/photos\\\/permakultur-landwirtschaft\",\"https:\\\/\\\/www.youtube.com\\\/@PermakulturLandwirtschaft\"]},{\"@type\":\"Person\",\"@id\":\"https:\\\/\\\/permakultur-landwirtschaft.org\\\/#\\\/schema\\\/person\\\/6b0467872f75aed3e144093f9bf4f0b0\",\"name\":\"adrian reutimann\",\"url\":\"https:\\\/\\\/permakultur-landwirtschaft.org\\\/fr\\\/author\\\/reutiadr\\\/\"}]}<\/script>\n<!-- \/ Yoast SEO plugin. -->","yoast_head_json":{"title":"Keyline Design \u2013 Wasser f\u00fcr die Landwirtschaft - Grundkurs vom 10. bis 12. September 2021 - Permakultur-Landwirtschaft","robots":{"index":"index","follow":"follow","max-snippet":"max-snippet:-1","max-image-preview":"max-image-preview:large","max-video-preview":"max-video-preview:-1"},"canonical":"https:\/\/permakultur-landwirtschaft.org\/fr\/keyline-design-wasser-fuer-die-landwirtschaft-grundkurs-vom-10-12-september-2021\/","og_locale":"fr_FR","og_type":"article","og_title":"Keyline Design \u2013 Wasser f\u00fcr die Landwirtschaft - Grundkurs vom 10. bis 12. September 2021 - Permakultur-Landwirtschaft","og_description":"Keyline Design ist ein ganzheitlicher Planungsansatz, der sich aus verschiedenen historischen Methoden, Wasser f\u00fcr Landwirtschaft und Bergbau in der Landschaft zu halten und zu nutzen entwickelt hat. Er wurde bereits 1954 in Australien beschrieben und hat sich seither noch deutlich ver\u00e4ndert. Vor allem f\u00fcr die Landwirtschaft im temperierten Klima und unsere Verh\u00e4ltnisse in Europa bzw. [&hellip;]","og_url":"https:\/\/permakultur-landwirtschaft.org\/fr\/keyline-design-wasser-fuer-die-landwirtschaft-grundkurs-vom-10-12-september-2021\/","og_site_name":"Permakultur-Landwirtschaft","article_publisher":"https:\/\/www.facebook.com\/PermakulturLandwirtschaft","article_published_time":"2021-09-10T02:10:35+00:00","article_modified_time":"2021-09-18T07:59:09+00:00","og_image":[{"width":700,"height":326,"url":"http:\/\/permakultur-landwirtschaft.org\/wp-content\/uploads\/2021\/06\/keylineAFS_Zwoelfruten_gedrillt_2019_flach-1024x477-1.jpg","type":"image\/jpeg"}],"author":"adrian reutimann","twitter_card":"summary_large_image","twitter_misc":{"\u00c9crit par":"adrian reutimann","Dur\u00e9e de lecture estim\u00e9e":"1 minute"},"schema":{"@context":"https:\/\/schema.org","@graph":[{"@type":"Article","@id":"https:\/\/permakultur-landwirtschaft.org\/keyline-design-wasser-fuer-die-landwirtschaft-grundkurs-vom-10-12-september-2021\/#article","isPartOf":{"@id":"https:\/\/permakultur-landwirtschaft.org\/keyline-design-wasser-fuer-die-landwirtschaft-grundkurs-vom-10-12-september-2021\/"},"author":{"name":"adrian reutimann","@id":"https:\/\/permakultur-landwirtschaft.org\/#\/schema\/person\/6b0467872f75aed3e144093f9bf4f0b0"},"headline":"Keyline Design \u2013 Wasser f\u00fcr die Landwirtschaft &#8211; Grundkurs vom 10. bis 12. September 2021","datePublished":"2021-09-10T02:10:35+00:00","dateModified":"2021-09-18T07:59:09+00:00","mainEntityOfPage":{"@id":"https:\/\/permakultur-landwirtschaft.org\/keyline-design-wasser-fuer-die-landwirtschaft-grundkurs-vom-10-12-september-2021\/"},"wordCount":121,"publisher":{"@id":"https:\/\/permakultur-landwirtschaft.org\/#organization"},"image":{"@id":"https:\/\/permakultur-landwirtschaft.org\/keyline-design-wasser-fuer-die-landwirtschaft-grundkurs-vom-10-12-september-2021\/#primaryimage"},"thumbnailUrl":"https:\/\/permakultur-landwirtschaft.org\/wp-content\/uploads\/2021\/06\/keylineAFS_Zwoelfruten_gedrillt_2019_flach-1024x477-1-e1623129402905.jpg","articleSection":["Veranstaltungen_Archiv"],"inLanguage":"fr-FR"},{"@type":"WebPage","@id":"https:\/\/permakultur-landwirtschaft.org\/keyline-design-wasser-fuer-die-landwirtschaft-grundkurs-vom-10-12-september-2021\/","url":"https:\/\/permakultur-landwirtschaft.org\/keyline-design-wasser-fuer-die-landwirtschaft-grundkurs-vom-10-12-september-2021\/","name":"Keyline Design \u2013 Wasser f\u00fcr die Landwirtschaft - Grundkurs vom 10. bis 12. September 2021 - Permakultur-Landwirtschaft","isPartOf":{"@id":"https:\/\/permakultur-landwirtschaft.org\/#website"},"primaryImageOfPage":{"@id":"https:\/\/permakultur-landwirtschaft.org\/keyline-design-wasser-fuer-die-landwirtschaft-grundkurs-vom-10-12-september-2021\/#primaryimage"},"image":{"@id":"https:\/\/permakultur-landwirtschaft.org\/keyline-design-wasser-fuer-die-landwirtschaft-grundkurs-vom-10-12-september-2021\/#primaryimage"},"thumbnailUrl":"https:\/\/permakultur-landwirtschaft.org\/wp-content\/uploads\/2021\/06\/keylineAFS_Zwoelfruten_gedrillt_2019_flach-1024x477-1-e1623129402905.jpg","datePublished":"2021-09-10T02:10:35+00:00","dateModified":"2021-09-18T07:59:09+00:00","breadcrumb":{"@id":"https:\/\/permakultur-landwirtschaft.org\/keyline-design-wasser-fuer-die-landwirtschaft-grundkurs-vom-10-12-september-2021\/#breadcrumb"},"inLanguage":"fr-FR","potentialAction":[{"@type":"ReadAction","target":["https:\/\/permakultur-landwirtschaft.org\/keyline-design-wasser-fuer-die-landwirtschaft-grundkurs-vom-10-12-september-2021\/"]}]},{"@type":"ImageObject","inLanguage":"fr-FR","@id":"https:\/\/permakultur-landwirtschaft.org\/keyline-design-wasser-fuer-die-landwirtschaft-grundkurs-vom-10-12-september-2021\/#primaryimage","url":"https:\/\/permakultur-landwirtschaft.org\/wp-content\/uploads\/2021\/06\/keylineAFS_Zwoelfruten_gedrillt_2019_flach-1024x477-1-e1623129402905.jpg","contentUrl":"https:\/\/permakultur-landwirtschaft.org\/wp-content\/uploads\/2021\/06\/keylineAFS_Zwoelfruten_gedrillt_2019_flach-1024x477-1-e1623129402905.jpg","width":700,"height":326},{"@type":"BreadcrumbList","@id":"https:\/\/permakultur-landwirtschaft.org\/keyline-design-wasser-fuer-die-landwirtschaft-grundkurs-vom-10-12-september-2021\/#breadcrumb","itemListElement":[{"@type":"ListItem","position":1,"name":"Startseite","item":"https:\/\/permakultur-landwirtschaft.org\/"},{"@type":"ListItem","position":2,"name":"Keyline Design \u2013 Wasser f\u00fcr die Landwirtschaft &#8211; Grundkurs vom 10. bis 12. September 2021"}]},{"@type":"WebSite","@id":"https:\/\/permakultur-landwirtschaft.org\/#website","url":"https:\/\/permakultur-landwirtschaft.org\/","name":"Permakultur-Landwirtschaft","description":"F\u00f6rderung der Permakultur in der Landwirtschaft","publisher":{"@id":"https:\/\/permakultur-landwirtschaft.org\/#organization"},"potentialAction":[{"@type":"SearchAction","target":{"@type":"EntryPoint","urlTemplate":"https:\/\/permakultur-landwirtschaft.org\/?s={search_term_string}"},"query-input":{"@type":"PropertyValueSpecification","valueRequired":true,"valueName":"search_term_string"}}],"inLanguage":"fr-FR"},{"@type":"Organization","@id":"https:\/\/permakultur-landwirtschaft.org\/#organization","name":"Permakultur-Landwirtschaft","alternateName":"Verein Permakultur-Landwirtschaft","url":"https:\/\/permakultur-landwirtschaft.org\/","logo":{"@type":"ImageObject","inLanguage":"fr-FR","@id":"https:\/\/permakultur-landwirtschaft.org\/#\/schema\/logo\/image\/","url":"https:\/\/permakultur-landwirtschaft.org\/wp-content\/uploads\/2021\/11\/pela_1268x1269.png","contentUrl":"https:\/\/permakultur-landwirtschaft.org\/wp-content\/uploads\/2021\/11\/pela_1268x1269.png","width":1298,"height":1269,"caption":"Permakultur-Landwirtschaft"},"image":{"@id":"https:\/\/permakultur-landwirtschaft.org\/#\/schema\/logo\/image\/"},"sameAs":["https:\/\/www.facebook.com\/PermakulturLandwirtschaft","https:\/\/www.instagram.com\/permakultur_landwirtschaft\/","https:\/\/www.flickr.com\/photos\/permakultur-landwirtschaft","https:\/\/www.youtube.com\/@PermakulturLandwirtschaft"]},{"@type":"Person","@id":"https:\/\/permakultur-landwirtschaft.org\/#\/schema\/person\/6b0467872f75aed3e144093f9bf4f0b0","name":"adrian reutimann","url":"https:\/\/permakultur-landwirtschaft.org\/fr\/author\/reutiadr\/"}]}},"_links":{"self":[{"href":"https:\/\/permakultur-landwirtschaft.org\/fr\/wp-json\/wp\/v2\/posts\/8430","targetHints":{"allow":["GET"]}}],"collection":[{"href":"https:\/\/permakultur-landwirtschaft.org\/fr\/wp-json\/wp\/v2\/posts"}],"about":[{"href":"https:\/\/permakultur-landwirtschaft.org\/fr\/wp-json\/wp\/v2\/types\/post"}],"author":[{"embeddable":true,"href":"https:\/\/permakultur-landwirtschaft.org\/fr\/wp-json\/wp\/v2\/users\/2"}],"replies":[{"embeddable":true,"href":"https:\/\/permakultur-landwirtschaft.org\/fr\/wp-json\/wp\/v2\/comments?post=8430"}],"version-history":[{"count":2,"href":"https:\/\/permakultur-landwirtschaft.org\/fr\/wp-json\/wp\/v2\/posts\/8430\/revisions"}],"predecessor-version":[{"id":8436,"href":"https:\/\/permakultur-landwirtschaft.org\/fr\/wp-json\/wp\/v2\/posts\/8430\/revisions\/8436"}],"wp:featuredmedia":[{"embeddable":true,"href":"https:\/\/permakultur-landwirtschaft.org\/fr\/wp-json\/wp\/v2\/media\/8433"}],"wp:attachment":[{"href":"https:\/\/permakultur-landwirtschaft.org\/fr\/wp-json\/wp\/v2\/media?parent=8430"}],"wp:term":[{"taxonomy":"category","embeddable":true,"href":"https:\/\/permakultur-landwirtschaft.org\/fr\/wp-json\/wp\/v2\/categories?post=8430"},{"taxonomy":"post_tag","embeddable":true,"href":"https:\/\/permakultur-landwirtschaft.org\/fr\/wp-json\/wp\/v2\/tags?post=8430"}],"curies":[{"name":"wp","href":"https:\/\/api.w.org\/{rel}","templated":true}]}}