{"id":8417,"date":"2021-08-21T23:50:04","date_gmt":"2021-08-21T21:50:04","guid":{"rendered":"https:\/\/permakultur-landwirtschaft.org\/?p=8417"},"modified":"2021-08-23T18:02:39","modified_gmt":"2021-08-23T16:02:39","slug":"mehrjaehriges-gemuese-im-permakultur-garten-nr-2-kurs-am-strickhof-vom-21-august-2021","status":"publish","type":"post","link":"https:\/\/permakultur-landwirtschaft.org\/fr\/mehrjaehriges-gemuese-im-permakultur-garten-nr-2-kurs-am-strickhof-vom-21-august-2021\/","title":{"rendered":"Mehrj\u00e4hriges Gem\u00fcse (im Permakultur-Garten) Nr. 2 &#8211; Kurs am Strickhof vom 21. August 2021"},"content":{"rendered":"<p>Text vom Strickhof:<br \/>\nIm theoretischen Teil werden die (permakulturellen) Vorteile des Anbaus von mehrj\u00e4hrigem Gem\u00fcse erl\u00e4utert. Im praktischen Teil werden zwanzig verschiedene mehrj\u00e4hrige Gem\u00fcse im Garten gezeigt und Hinweise zu deren Anbau gegeben. Einige der Gem\u00fcse k\u00f6nnen degustiert werden und zu allen mehrj\u00e4hrigen Gem\u00fcse werden erprobte Rezeptvorschl\u00e4ge sowie Bezugsquellen-Hinweise abgegeben.<\/p>\n<p><strong>Date <\/strong><br \/>\n21. August 2021, 09:00 &#8211; 12:30<\/p>\n<p><strong>Lieu<\/strong><br \/>\nAlte Bergstr. 22<br \/>\n9545 W\u00e4ngi<\/p>\n<p><a href=\"https:\/\/www.strickhof.ch\/publikationen\/mehrjaehriges-gemuese-im-permakultur-garten-nr-2\/\" target=\"_blank\" rel=\"noopener noreferrer\">Infos zum Kurs unter diesem Link: www.strickhof.ch\/publikationen\/mehrjaehriges-gemuese-im-permakultur-garten-nr-2\/<\/a><\/p>\n<p><a href=\"https:\/\/www.strickhof.ch\/publikationen\/mehrjaehriges-gemuese-im-permakultur-garten-nr-2\/\" target=\"_blank\" rel=\"noopener\"><img fetchpriority=\"high\" decoding=\"async\" class=\"alignnone wp-image-8418 size-full\" src=\"https:\/\/permakultur-landwirtschaft.org\/wp-content\/uploads\/2021\/06\/strickhof_GetHauptbild.jpg\" alt=\"\" width=\"960\" height=\"335\" srcset=\"https:\/\/permakultur-landwirtschaft.org\/wp-content\/uploads\/2021\/06\/strickhof_GetHauptbild.jpg 960w, https:\/\/permakultur-landwirtschaft.org\/wp-content\/uploads\/2021\/06\/strickhof_GetHauptbild-300x105.jpg 300w, https:\/\/permakultur-landwirtschaft.org\/wp-content\/uploads\/2021\/06\/strickhof_GetHauptbild-768x268.jpg 768w\" sizes=\"(max-width: 960px) 100vw, 960px\" \/><\/a><\/p>\n<p>Bild: <a href=\"https:\/\/www.strickhof.ch\/publikationen\/mehrjaehriges-gemuese-im-permakultur-garten-nr-2\/\" target=\"_blank\" rel=\"noopener noreferrer\">www.strickhof.ch<\/a><\/p>\n<hr \/>\n<h3><a href=\"https:\/\/permakultur-landwirtschaft.org\/fr\/veranstaltungen\/\">Hier geht&#8217;s zur \u00dcbersicht aktuelle Veranstaltungen<\/a><\/h3>","protected":false},"excerpt":{"rendered":"<p>Text vom Strickhof: Im theoretischen Teil werden die (permakulturellen) Vorteile des Anbaus von mehrj\u00e4hrigem Gem\u00fcse erl\u00e4utert. Im praktischen Teil werden zwanzig verschiedene mehrj\u00e4hrige Gem\u00fcse im Garten gezeigt und Hinweise zu deren Anbau gegeben. Einige der Gem\u00fcse k\u00f6nnen degustiert werden und zu allen mehrj\u00e4hrigen Gem\u00fcse werden erprobte Rezeptvorschl\u00e4ge sowie Bezugsquellen-Hinweise abgegeben. Datum 21. August 2021, 09:00 [&hellip;]<\/p>\n","protected":false},"author":2,"featured_media":8418,"comment_status":"closed","ping_status":"closed","sticky":false,"template":"","format":"standard","meta":{"_acf_changed":false,"site-sidebar-layout":"default","site-content-layout":"","ast-site-content-layout":"default","site-content-style":"default","site-sidebar-style":"default","ast-global-header-display":"","ast-banner-title-visibility":"","ast-main-header-display":"","ast-hfb-above-header-display":"","ast-hfb-below-header-display":"","ast-hfb-mobile-header-display":"","site-post-title":"","ast-breadcrumbs-content":"","ast-featured-img":"","footer-sml-layout":"","ast-disable-related-posts":"","theme-transparent-header-meta":"","adv-header-id-meta":"","stick-header-meta":"","header-above-stick-meta":"","header-main-stick-meta":"","header-below-stick-meta":"","astra-migrate-meta-layouts":"default","ast-page-background-enabled":"default","ast-page-background-meta":{"desktop":{"background-color":"var(--ast-global-color-4)","background-image":"","background-repeat":"repeat","background-position":"center center","background-size":"auto","background-attachment":"scroll","background-type":"","background-media":"","overlay-type":"","overlay-color":"","overlay-opacity":"","overlay-gradient":""},"tablet":{"background-color":"","background-image":"","background-repeat":"repeat","background-position":"center center","background-size":"auto","background-attachment":"scroll","background-type":"","background-media":"","overlay-type":"","overlay-color":"","overlay-opacity":"","overlay-gradient":""},"mobile":{"background-color":"","background-image":"","background-repeat":"repeat","background-position":"center center","background-size":"auto","background-attachment":"scroll","background-type":"","background-media":"","overlay-type":"","overlay-color":"","overlay-opacity":"","overlay-gradient":""}},"ast-content-background-meta":{"desktop":{"background-color":"var(--ast-global-color-5)","background-image":"","background-repeat":"repeat","background-position":"center center","background-size":"auto","background-attachment":"scroll","background-type":"","background-media":"","overlay-type":"","overlay-color":"","overlay-opacity":"","overlay-gradient":""},"tablet":{"background-color":"var(--ast-global-color-5)","background-image":"","background-repeat":"repeat","background-position":"center center","background-size":"auto","background-attachment":"scroll","background-type":"","background-media":"","overlay-type":"","overlay-color":"","overlay-opacity":"","overlay-gradient":""},"mobile":{"background-color":"var(--ast-global-color-5)","background-image":"","background-repeat":"repeat","background-position":"center center","background-size":"auto","background-attachment":"scroll","background-type":"","background-media":"","overlay-type":"","overlay-color":"","overlay-opacity":"","overlay-gradient":""}},"footnotes":""},"categories":[21],"tags":[],"class_list":["post-8417","post","type-post","status-publish","format-standard","has-post-thumbnail","hentry","category-veranstaltungen_archiv"],"acf":[],"yoast_head":"<!-- This site is optimized with the Yoast SEO plugin v27.5 - https:\/\/yoast.com\/product\/yoast-seo-wordpress\/ -->\n<title>Mehrj\u00e4hriges Gem\u00fcse (im Permakultur-Garten) Nr. 2 - Kurs am Strickhof vom 21. August 2021 - Permakultur-Landwirtschaft<\/title>\n<meta name=\"robots\" content=\"index, follow, max-snippet:-1, max-image-preview:large, max-video-preview:-1\" \/>\n<link rel=\"canonical\" href=\"https:\/\/permakultur-landwirtschaft.org\/fr\/mehrjaehriges-gemuese-im-permakultur-garten-nr-2-kurs-am-strickhof-vom-21-august-2021\/\" \/>\n<meta property=\"og:locale\" content=\"fr_FR\" \/>\n<meta property=\"og:type\" content=\"article\" \/>\n<meta property=\"og:title\" content=\"Mehrj\u00e4hriges Gem\u00fcse (im Permakultur-Garten) Nr. 2 - Kurs am Strickhof vom 21. August 2021 - Permakultur-Landwirtschaft\" \/>\n<meta property=\"og:description\" content=\"Text vom Strickhof: Im theoretischen Teil werden die (permakulturellen) Vorteile des Anbaus von mehrj\u00e4hrigem Gem\u00fcse erl\u00e4utert. Im praktischen Teil werden zwanzig verschiedene mehrj\u00e4hrige Gem\u00fcse im Garten gezeigt und Hinweise zu deren Anbau gegeben. Einige der Gem\u00fcse k\u00f6nnen degustiert werden und zu allen mehrj\u00e4hrigen Gem\u00fcse werden erprobte Rezeptvorschl\u00e4ge sowie Bezugsquellen-Hinweise abgegeben. Datum 21. August 2021, 09:00 [&hellip;]\" \/>\n<meta property=\"og:url\" content=\"https:\/\/permakultur-landwirtschaft.org\/fr\/mehrjaehriges-gemuese-im-permakultur-garten-nr-2-kurs-am-strickhof-vom-21-august-2021\/\" \/>\n<meta property=\"og:site_name\" content=\"Permakultur-Landwirtschaft\" \/>\n<meta property=\"article:publisher\" content=\"https:\/\/www.facebook.com\/PermakulturLandwirtschaft\" \/>\n<meta property=\"article:published_time\" content=\"2021-08-21T21:50:04+00:00\" \/>\n<meta property=\"article:modified_time\" content=\"2021-08-23T16:02:39+00:00\" \/>\n<meta property=\"og:image\" content=\"https:\/\/permakultur-landwirtschaft.org\/wp-content\/uploads\/2021\/06\/strickhof_GetHauptbild.jpg\" \/>\n\t<meta property=\"og:image:width\" content=\"960\" \/>\n\t<meta property=\"og:image:height\" content=\"335\" \/>\n\t<meta property=\"og:image:type\" content=\"image\/jpeg\" \/>\n<meta name=\"author\" content=\"adrian reutimann\" \/>\n<meta name=\"twitter:card\" content=\"summary_large_image\" \/>\n<meta name=\"twitter:label1\" content=\"\u00c9crit par\" \/>\n\t<meta name=\"twitter:data1\" content=\"adrian reutimann\" \/>\n<script type=\"application\/ld+json\" class=\"yoast-schema-graph\">{\"@context\":\"https:\\\/\\\/schema.org\",\"@graph\":[{\"@type\":\"Article\",\"@id\":\"https:\\\/\\\/permakultur-landwirtschaft.org\\\/mehrjaehriges-gemuese-im-permakultur-garten-nr-2-kurs-am-strickhof-vom-21-august-2021\\\/#article\",\"isPartOf\":{\"@id\":\"https:\\\/\\\/permakultur-landwirtschaft.org\\\/mehrjaehriges-gemuese-im-permakultur-garten-nr-2-kurs-am-strickhof-vom-21-august-2021\\\/\"},\"author\":{\"name\":\"adrian reutimann\",\"@id\":\"https:\\\/\\\/permakultur-landwirtschaft.org\\\/#\\\/schema\\\/person\\\/6b0467872f75aed3e144093f9bf4f0b0\"},\"headline\":\"Mehrj\u00e4hriges Gem\u00fcse (im Permakultur-Garten) Nr. 2 &#8211; Kurs am Strickhof vom 21. August 2021\",\"datePublished\":\"2021-08-21T21:50:04+00:00\",\"dateModified\":\"2021-08-23T16:02:39+00:00\",\"mainEntityOfPage\":{\"@id\":\"https:\\\/\\\/permakultur-landwirtschaft.org\\\/mehrjaehriges-gemuese-im-permakultur-garten-nr-2-kurs-am-strickhof-vom-21-august-2021\\\/\"},\"wordCount\":103,\"publisher\":{\"@id\":\"https:\\\/\\\/permakultur-landwirtschaft.org\\\/#organization\"},\"image\":{\"@id\":\"https:\\\/\\\/permakultur-landwirtschaft.org\\\/mehrjaehriges-gemuese-im-permakultur-garten-nr-2-kurs-am-strickhof-vom-21-august-2021\\\/#primaryimage\"},\"thumbnailUrl\":\"https:\\\/\\\/permakultur-landwirtschaft.org\\\/wp-content\\\/uploads\\\/2021\\\/06\\\/strickhof_GetHauptbild.jpg\",\"articleSection\":[\"Veranstaltungen_Archiv\"],\"inLanguage\":\"fr-FR\"},{\"@type\":\"WebPage\",\"@id\":\"https:\\\/\\\/permakultur-landwirtschaft.org\\\/mehrjaehriges-gemuese-im-permakultur-garten-nr-2-kurs-am-strickhof-vom-21-august-2021\\\/\",\"url\":\"https:\\\/\\\/permakultur-landwirtschaft.org\\\/mehrjaehriges-gemuese-im-permakultur-garten-nr-2-kurs-am-strickhof-vom-21-august-2021\\\/\",\"name\":\"Mehrj\u00e4hriges Gem\u00fcse (im Permakultur-Garten) Nr. 2 - Kurs am Strickhof vom 21. August 2021 - Permakultur-Landwirtschaft\",\"isPartOf\":{\"@id\":\"https:\\\/\\\/permakultur-landwirtschaft.org\\\/#website\"},\"primaryImageOfPage\":{\"@id\":\"https:\\\/\\\/permakultur-landwirtschaft.org\\\/mehrjaehriges-gemuese-im-permakultur-garten-nr-2-kurs-am-strickhof-vom-21-august-2021\\\/#primaryimage\"},\"image\":{\"@id\":\"https:\\\/\\\/permakultur-landwirtschaft.org\\\/mehrjaehriges-gemuese-im-permakultur-garten-nr-2-kurs-am-strickhof-vom-21-august-2021\\\/#primaryimage\"},\"thumbnailUrl\":\"https:\\\/\\\/permakultur-landwirtschaft.org\\\/wp-content\\\/uploads\\\/2021\\\/06\\\/strickhof_GetHauptbild.jpg\",\"datePublished\":\"2021-08-21T21:50:04+00:00\",\"dateModified\":\"2021-08-23T16:02:39+00:00\",\"breadcrumb\":{\"@id\":\"https:\\\/\\\/permakultur-landwirtschaft.org\\\/mehrjaehriges-gemuese-im-permakultur-garten-nr-2-kurs-am-strickhof-vom-21-august-2021\\\/#breadcrumb\"},\"inLanguage\":\"fr-FR\",\"potentialAction\":[{\"@type\":\"ReadAction\",\"target\":[\"https:\\\/\\\/permakultur-landwirtschaft.org\\\/mehrjaehriges-gemuese-im-permakultur-garten-nr-2-kurs-am-strickhof-vom-21-august-2021\\\/\"]}]},{\"@type\":\"ImageObject\",\"inLanguage\":\"fr-FR\",\"@id\":\"https:\\\/\\\/permakultur-landwirtschaft.org\\\/mehrjaehriges-gemuese-im-permakultur-garten-nr-2-kurs-am-strickhof-vom-21-august-2021\\\/#primaryimage\",\"url\":\"https:\\\/\\\/permakultur-landwirtschaft.org\\\/wp-content\\\/uploads\\\/2021\\\/06\\\/strickhof_GetHauptbild.jpg\",\"contentUrl\":\"https:\\\/\\\/permakultur-landwirtschaft.org\\\/wp-content\\\/uploads\\\/2021\\\/06\\\/strickhof_GetHauptbild.jpg\",\"width\":960,\"height\":335},{\"@type\":\"BreadcrumbList\",\"@id\":\"https:\\\/\\\/permakultur-landwirtschaft.org\\\/mehrjaehriges-gemuese-im-permakultur-garten-nr-2-kurs-am-strickhof-vom-21-august-2021\\\/#breadcrumb\",\"itemListElement\":[{\"@type\":\"ListItem\",\"position\":1,\"name\":\"Startseite\",\"item\":\"https:\\\/\\\/permakultur-landwirtschaft.org\\\/\"},{\"@type\":\"ListItem\",\"position\":2,\"name\":\"Mehrj\u00e4hriges Gem\u00fcse (im Permakultur-Garten) Nr. 2 &#8211; Kurs am Strickhof vom 21. August 2021\"}]},{\"@type\":\"WebSite\",\"@id\":\"https:\\\/\\\/permakultur-landwirtschaft.org\\\/#website\",\"url\":\"https:\\\/\\\/permakultur-landwirtschaft.org\\\/\",\"name\":\"Permakultur-Landwirtschaft\",\"description\":\"F\u00f6rderung der Permakultur in der Landwirtschaft\",\"publisher\":{\"@id\":\"https:\\\/\\\/permakultur-landwirtschaft.org\\\/#organization\"},\"potentialAction\":[{\"@type\":\"SearchAction\",\"target\":{\"@type\":\"EntryPoint\",\"urlTemplate\":\"https:\\\/\\\/permakultur-landwirtschaft.org\\\/?s={search_term_string}\"},\"query-input\":{\"@type\":\"PropertyValueSpecification\",\"valueRequired\":true,\"valueName\":\"search_term_string\"}}],\"inLanguage\":\"fr-FR\"},{\"@type\":\"Organization\",\"@id\":\"https:\\\/\\\/permakultur-landwirtschaft.org\\\/#organization\",\"name\":\"Permakultur-Landwirtschaft\",\"alternateName\":\"Verein Permakultur-Landwirtschaft\",\"url\":\"https:\\\/\\\/permakultur-landwirtschaft.org\\\/\",\"logo\":{\"@type\":\"ImageObject\",\"inLanguage\":\"fr-FR\",\"@id\":\"https:\\\/\\\/permakultur-landwirtschaft.org\\\/#\\\/schema\\\/logo\\\/image\\\/\",\"url\":\"https:\\\/\\\/permakultur-landwirtschaft.org\\\/wp-content\\\/uploads\\\/2021\\\/11\\\/pela_1268x1269.png\",\"contentUrl\":\"https:\\\/\\\/permakultur-landwirtschaft.org\\\/wp-content\\\/uploads\\\/2021\\\/11\\\/pela_1268x1269.png\",\"width\":1298,\"height\":1269,\"caption\":\"Permakultur-Landwirtschaft\"},\"image\":{\"@id\":\"https:\\\/\\\/permakultur-landwirtschaft.org\\\/#\\\/schema\\\/logo\\\/image\\\/\"},\"sameAs\":[\"https:\\\/\\\/www.facebook.com\\\/PermakulturLandwirtschaft\",\"https:\\\/\\\/www.instagram.com\\\/permakultur_landwirtschaft\\\/\",\"https:\\\/\\\/www.flickr.com\\\/photos\\\/permakultur-landwirtschaft\",\"https:\\\/\\\/www.youtube.com\\\/@PermakulturLandwirtschaft\"]},{\"@type\":\"Person\",\"@id\":\"https:\\\/\\\/permakultur-landwirtschaft.org\\\/#\\\/schema\\\/person\\\/6b0467872f75aed3e144093f9bf4f0b0\",\"name\":\"adrian reutimann\",\"url\":\"https:\\\/\\\/permakultur-landwirtschaft.org\\\/fr\\\/author\\\/reutiadr\\\/\"}]}<\/script>\n<!-- \/ Yoast SEO plugin. -->","yoast_head_json":{"title":"Mehrj\u00e4hriges Gem\u00fcse (im Permakultur-Garten) Nr. 2 - Kurs am Strickhof vom 21. August 2021 - Permakultur-Landwirtschaft","robots":{"index":"index","follow":"follow","max-snippet":"max-snippet:-1","max-image-preview":"max-image-preview:large","max-video-preview":"max-video-preview:-1"},"canonical":"https:\/\/permakultur-landwirtschaft.org\/fr\/mehrjaehriges-gemuese-im-permakultur-garten-nr-2-kurs-am-strickhof-vom-21-august-2021\/","og_locale":"fr_FR","og_type":"article","og_title":"Mehrj\u00e4hriges Gem\u00fcse (im Permakultur-Garten) Nr. 2 - Kurs am Strickhof vom 21. August 2021 - Permakultur-Landwirtschaft","og_description":"Text vom Strickhof: Im theoretischen Teil werden die (permakulturellen) Vorteile des Anbaus von mehrj\u00e4hrigem Gem\u00fcse erl\u00e4utert. Im praktischen Teil werden zwanzig verschiedene mehrj\u00e4hrige Gem\u00fcse im Garten gezeigt und Hinweise zu deren Anbau gegeben. Einige der Gem\u00fcse k\u00f6nnen degustiert werden und zu allen mehrj\u00e4hrigen Gem\u00fcse werden erprobte Rezeptvorschl\u00e4ge sowie Bezugsquellen-Hinweise abgegeben. Datum 21. August 2021, 09:00 [&hellip;]","og_url":"https:\/\/permakultur-landwirtschaft.org\/fr\/mehrjaehriges-gemuese-im-permakultur-garten-nr-2-kurs-am-strickhof-vom-21-august-2021\/","og_site_name":"Permakultur-Landwirtschaft","article_publisher":"https:\/\/www.facebook.com\/PermakulturLandwirtschaft","article_published_time":"2021-08-21T21:50:04+00:00","article_modified_time":"2021-08-23T16:02:39+00:00","og_image":[{"width":960,"height":335,"url":"https:\/\/permakultur-landwirtschaft.org\/wp-content\/uploads\/2021\/06\/strickhof_GetHauptbild.jpg","type":"image\/jpeg"}],"author":"adrian reutimann","twitter_card":"summary_large_image","twitter_misc":{"\u00c9crit par":"adrian reutimann"},"schema":{"@context":"https:\/\/schema.org","@graph":[{"@type":"Article","@id":"https:\/\/permakultur-landwirtschaft.org\/mehrjaehriges-gemuese-im-permakultur-garten-nr-2-kurs-am-strickhof-vom-21-august-2021\/#article","isPartOf":{"@id":"https:\/\/permakultur-landwirtschaft.org\/mehrjaehriges-gemuese-im-permakultur-garten-nr-2-kurs-am-strickhof-vom-21-august-2021\/"},"author":{"name":"adrian reutimann","@id":"https:\/\/permakultur-landwirtschaft.org\/#\/schema\/person\/6b0467872f75aed3e144093f9bf4f0b0"},"headline":"Mehrj\u00e4hriges Gem\u00fcse (im Permakultur-Garten) Nr. 2 &#8211; Kurs am Strickhof vom 21. August 2021","datePublished":"2021-08-21T21:50:04+00:00","dateModified":"2021-08-23T16:02:39+00:00","mainEntityOfPage":{"@id":"https:\/\/permakultur-landwirtschaft.org\/mehrjaehriges-gemuese-im-permakultur-garten-nr-2-kurs-am-strickhof-vom-21-august-2021\/"},"wordCount":103,"publisher":{"@id":"https:\/\/permakultur-landwirtschaft.org\/#organization"},"image":{"@id":"https:\/\/permakultur-landwirtschaft.org\/mehrjaehriges-gemuese-im-permakultur-garten-nr-2-kurs-am-strickhof-vom-21-august-2021\/#primaryimage"},"thumbnailUrl":"https:\/\/permakultur-landwirtschaft.org\/wp-content\/uploads\/2021\/06\/strickhof_GetHauptbild.jpg","articleSection":["Veranstaltungen_Archiv"],"inLanguage":"fr-FR"},{"@type":"WebPage","@id":"https:\/\/permakultur-landwirtschaft.org\/mehrjaehriges-gemuese-im-permakultur-garten-nr-2-kurs-am-strickhof-vom-21-august-2021\/","url":"https:\/\/permakultur-landwirtschaft.org\/mehrjaehriges-gemuese-im-permakultur-garten-nr-2-kurs-am-strickhof-vom-21-august-2021\/","name":"Mehrj\u00e4hriges Gem\u00fcse (im Permakultur-Garten) Nr. 2 - Kurs am Strickhof vom 21. August 2021 - Permakultur-Landwirtschaft","isPartOf":{"@id":"https:\/\/permakultur-landwirtschaft.org\/#website"},"primaryImageOfPage":{"@id":"https:\/\/permakultur-landwirtschaft.org\/mehrjaehriges-gemuese-im-permakultur-garten-nr-2-kurs-am-strickhof-vom-21-august-2021\/#primaryimage"},"image":{"@id":"https:\/\/permakultur-landwirtschaft.org\/mehrjaehriges-gemuese-im-permakultur-garten-nr-2-kurs-am-strickhof-vom-21-august-2021\/#primaryimage"},"thumbnailUrl":"https:\/\/permakultur-landwirtschaft.org\/wp-content\/uploads\/2021\/06\/strickhof_GetHauptbild.jpg","datePublished":"2021-08-21T21:50:04+00:00","dateModified":"2021-08-23T16:02:39+00:00","breadcrumb":{"@id":"https:\/\/permakultur-landwirtschaft.org\/mehrjaehriges-gemuese-im-permakultur-garten-nr-2-kurs-am-strickhof-vom-21-august-2021\/#breadcrumb"},"inLanguage":"fr-FR","potentialAction":[{"@type":"ReadAction","target":["https:\/\/permakultur-landwirtschaft.org\/mehrjaehriges-gemuese-im-permakultur-garten-nr-2-kurs-am-strickhof-vom-21-august-2021\/"]}]},{"@type":"ImageObject","inLanguage":"fr-FR","@id":"https:\/\/permakultur-landwirtschaft.org\/mehrjaehriges-gemuese-im-permakultur-garten-nr-2-kurs-am-strickhof-vom-21-august-2021\/#primaryimage","url":"https:\/\/permakultur-landwirtschaft.org\/wp-content\/uploads\/2021\/06\/strickhof_GetHauptbild.jpg","contentUrl":"https:\/\/permakultur-landwirtschaft.org\/wp-content\/uploads\/2021\/06\/strickhof_GetHauptbild.jpg","width":960,"height":335},{"@type":"BreadcrumbList","@id":"https:\/\/permakultur-landwirtschaft.org\/mehrjaehriges-gemuese-im-permakultur-garten-nr-2-kurs-am-strickhof-vom-21-august-2021\/#breadcrumb","itemListElement":[{"@type":"ListItem","position":1,"name":"Startseite","item":"https:\/\/permakultur-landwirtschaft.org\/"},{"@type":"ListItem","position":2,"name":"Mehrj\u00e4hriges Gem\u00fcse (im Permakultur-Garten) Nr. 2 &#8211; Kurs am Strickhof vom 21. August 2021"}]},{"@type":"WebSite","@id":"https:\/\/permakultur-landwirtschaft.org\/#website","url":"https:\/\/permakultur-landwirtschaft.org\/","name":"Permakultur-Landwirtschaft","description":"F\u00f6rderung der Permakultur in der Landwirtschaft","publisher":{"@id":"https:\/\/permakultur-landwirtschaft.org\/#organization"},"potentialAction":[{"@type":"SearchAction","target":{"@type":"EntryPoint","urlTemplate":"https:\/\/permakultur-landwirtschaft.org\/?s={search_term_string}"},"query-input":{"@type":"PropertyValueSpecification","valueRequired":true,"valueName":"search_term_string"}}],"inLanguage":"fr-FR"},{"@type":"Organization","@id":"https:\/\/permakultur-landwirtschaft.org\/#organization","name":"Permakultur-Landwirtschaft","alternateName":"Verein Permakultur-Landwirtschaft","url":"https:\/\/permakultur-landwirtschaft.org\/","logo":{"@type":"ImageObject","inLanguage":"fr-FR","@id":"https:\/\/permakultur-landwirtschaft.org\/#\/schema\/logo\/image\/","url":"https:\/\/permakultur-landwirtschaft.org\/wp-content\/uploads\/2021\/11\/pela_1268x1269.png","contentUrl":"https:\/\/permakultur-landwirtschaft.org\/wp-content\/uploads\/2021\/11\/pela_1268x1269.png","width":1298,"height":1269,"caption":"Permakultur-Landwirtschaft"},"image":{"@id":"https:\/\/permakultur-landwirtschaft.org\/#\/schema\/logo\/image\/"},"sameAs":["https:\/\/www.facebook.com\/PermakulturLandwirtschaft","https:\/\/www.instagram.com\/permakultur_landwirtschaft\/","https:\/\/www.flickr.com\/photos\/permakultur-landwirtschaft","https:\/\/www.youtube.com\/@PermakulturLandwirtschaft"]},{"@type":"Person","@id":"https:\/\/permakultur-landwirtschaft.org\/#\/schema\/person\/6b0467872f75aed3e144093f9bf4f0b0","name":"adrian reutimann","url":"https:\/\/permakultur-landwirtschaft.org\/fr\/author\/reutiadr\/"}]}},"_links":{"self":[{"href":"https:\/\/permakultur-landwirtschaft.org\/fr\/wp-json\/wp\/v2\/posts\/8417","targetHints":{"allow":["GET"]}}],"collection":[{"href":"https:\/\/permakultur-landwirtschaft.org\/fr\/wp-json\/wp\/v2\/posts"}],"about":[{"href":"https:\/\/permakultur-landwirtschaft.org\/fr\/wp-json\/wp\/v2\/types\/post"}],"author":[{"embeddable":true,"href":"https:\/\/permakultur-landwirtschaft.org\/fr\/wp-json\/wp\/v2\/users\/2"}],"replies":[{"embeddable":true,"href":"https:\/\/permakultur-landwirtschaft.org\/fr\/wp-json\/wp\/v2\/comments?post=8417"}],"version-history":[{"count":1,"href":"https:\/\/permakultur-landwirtschaft.org\/fr\/wp-json\/wp\/v2\/posts\/8417\/revisions"}],"predecessor-version":[{"id":8419,"href":"https:\/\/permakultur-landwirtschaft.org\/fr\/wp-json\/wp\/v2\/posts\/8417\/revisions\/8419"}],"wp:featuredmedia":[{"embeddable":true,"href":"https:\/\/permakultur-landwirtschaft.org\/fr\/wp-json\/wp\/v2\/media\/8418"}],"wp:attachment":[{"href":"https:\/\/permakultur-landwirtschaft.org\/fr\/wp-json\/wp\/v2\/media?parent=8417"}],"wp:term":[{"taxonomy":"category","embeddable":true,"href":"https:\/\/permakultur-landwirtschaft.org\/fr\/wp-json\/wp\/v2\/categories?post=8417"},{"taxonomy":"post_tag","embeddable":true,"href":"https:\/\/permakultur-landwirtschaft.org\/fr\/wp-json\/wp\/v2\/tags?post=8417"}],"curies":[{"name":"wp","href":"https:\/\/api.w.org\/{rel}","templated":true}]}}