{"id":764,"date":"2016-09-23T22:12:25","date_gmt":"2016-09-23T20:12:25","guid":{"rendered":"http:\/\/permakultur-landwirtschaft.org\/?p=764"},"modified":"2018-07-02T11:42:24","modified_gmt":"2018-07-02T09:42:24","slug":"filme-fur-die-erde-festival-2016","status":"publish","type":"post","link":"https:\/\/permakultur-landwirtschaft.org\/fr\/filme-fur-die-erde-festival-2016\/","title":{"rendered":"Filme f\u00fcr die Erde Festival 2016"},"content":{"rendered":"<h4>Auch in diesem Jahr findet wieder das gr\u00f6sste Umwelt Film Festival in der Schweiz statt.<\/h4>\n<p><!--more--><\/p>\n<p>Und dieses mal mit Permakultur-Landwirtschft!<\/p>\n<p>Das einzigartige Film-Festival findet in gleichzeitig 17 Schweizer St\u00e4dten statt. In Z\u00fcrich wartet ein Permakultur-Landwirtschaft Stand mit kleinen Leckereien von unserer Lernfl\u00e4che auf dich.<\/p>\n<p><!--more--><\/p>\n<p><strong>17 St\u00e4dte, 150 Freiwillige Helfer und 12 000 Besuchende \u2013 das Filme f\u00fcr die Erde Festival wird in diesem Jahr zum 6. mal veranstaltet. Am 23. September dreht sich in den Veranstaltungsorten Baden, Basel, Bern, Chur, Genf, Horgen, Interlaken, Kreuzlingen, Luzern, Romanshorn, Schaffhausen, Solothurn, St. Gallen, Thun, Winterthur, Zug und Z\u00fcrich alles um das Thema Nachhaltigkeit. Unter dem Motto \u201eDu, jetzt 100% nachhaltig\u201c will der Verein Filme f\u00fcr die Erde die Zuschauer nicht nur f\u00fcr die Umwelt sensibilisieren, sondern auch zeigen, dass der Weg zur Nachhaltigkeit ganz einfach ist. Eine Inspiration dazu liefern die sechs Festival-Filme.<\/strong><\/p>\n<p>Die Resonanz ist schon jetzt gewaltig: <strong>allein zu den Schulvorf\u00fchrungen sind 9000 Kinder und Jugendliche angemeldet<\/strong> \u2013 zu den freien Vorf\u00fchrungen werden weitere 4000 Besucher erwartet. H\u00f6hepunkt des Filmfestivals wird die Premiere von \u201eRacing Extinction\u201c sein. Ein Film der bildgewaltig zeigt, dass es jetzt an der Zeit ist, f\u00fcr die Welt und ihre Bewohner einzustehen. Vor der Auff\u00fchrung gibt es ein 20-min\u00fctiges Podium, bei dem drei geladene G\u00e4sten, die sich f\u00fcr den Artenschutz in der Schweiz engagieren, zu Wort kommen werden. Das Gespr\u00e4ch wird in allen 17 Veranstaltungsorten live \u00fcbertragen. Nach dem Film l\u00e4dt ein Bio-Ap\u00e9ro zum Austausch ein. Zudem werden nach den Film-Vorf\u00fchrungen Weitergabe-<span class=\"caps\">DVD<\/span>s der Filme verteilt, damit die G\u00e4ste ihre bewegenden Momente im Freundes und Bekanntenkreis weitergeben k\u00f6nnen.<\/p>\n<p>Abgerundet wird das Film-Programm mit einer Ausstellung an den jeweiligen Veranstaltungsorten. Lokale Nachhaltigkeits-Pioniere informieren dabei \u00fcber ihre Arbeit und zeigen konkrete Handlungsoptionen f\u00fcr den Alltag.<\/p>\n<p><a href=\"https:\/\/permakultur-landwirtschaft.org\/wp-content\/uploads\/2016\/08\/FilmeFuerDieERde_Festival2016.jpg\"><img fetchpriority=\"high\" decoding=\"async\" class=\"alignleft size-full wp-image-766\" src=\"https:\/\/permakultur-landwirtschaft.org\/wp-content\/uploads\/2016\/08\/FilmeFuerDieERde_Festival2016.jpg\" alt=\"FilmeFuerDieERde_Festival2016\" width=\"1920\" height=\"1080\" srcset=\"https:\/\/permakultur-landwirtschaft.org\/wp-content\/uploads\/2016\/08\/FilmeFuerDieERde_Festival2016.jpg 1920w, https:\/\/permakultur-landwirtschaft.org\/wp-content\/uploads\/2016\/08\/FilmeFuerDieERde_Festival2016-300x169.jpg 300w, https:\/\/permakultur-landwirtschaft.org\/wp-content\/uploads\/2016\/08\/FilmeFuerDieERde_Festival2016-768x432.jpg 768w, https:\/\/permakultur-landwirtschaft.org\/wp-content\/uploads\/2016\/08\/FilmeFuerDieERde_Festival2016-1024x576.jpg 1024w\" sizes=\"(max-width: 1920px) 100vw, 1920px\" \/><\/a><\/p>\n<p><strong>Das Programm<\/strong><\/p>\n<p>12:15 \u2013 13:30 <a href=\"http:\/\/filmefuerdieerde.org\/power-to-change\">Power to Change<\/a> (Lunchkino, 22 <span class=\"caps\">CHF<\/span>) Vorpremiere Kurzfassung<br \/>\n16:00 \u2013 17:00 <a href=\"http:\/\/filmefuerdieerde.org\/en\/films\/fairtrade-economy\/freightened\">Freightened<\/a> (Premiere)<br \/>\n18:00 \u2013 19:40 <a href=\"http:\/\/filmefuerdieerde.org\/filme\/mobilitaet\/bikes-vs-cars\">Bikes vs Cars<\/a><br \/>\n20:15 \u2013 22:20 <a href=\"http:\/\/filmefuerdieerde.org\/filme\/planet-erde\/racing-extinction\">Racing Extinction<\/a> (Premiere) inkl. 20-min\u00fctigem Podium vor dem Film mit Pionieren, Bio-Ap\u00e9ro<\/p>\n<p><strong>Der Eintritt ist (bis auf das Lunchkino) gratis<\/strong>, \u00fcber eine Spende w\u00fcrde sich der Verein, der das Festival nur mit Hilfe von Sponsoren und den ehrenamtlichen Helfern realisieren kann, sehr freuen. Im Lunchkino-Preis von 22 <span class=\"caps\">CHF<\/span> sind der Eintritt zum Film, ein Getr\u00e4nk und ein Sandwich enthalten.<\/p>\n<p>Filme f\u00fcr die Erde ist eine von der <span class=\"caps\">UNESCO<\/span> ausgezeichnete Nachhaltigkeits-Initiative und m\u00f6chte mit ausgew\u00e4hlten Filmen m\u00f6glichst viele Menschen erreichen, Wissen \u00fcber Nachhaltigkeit weitergeben und zum Handeln inspirieren. <a href=\"http:\/\/filmefuerdieerde.org\/\">www.FILMEf\u00fcrdieERDE.org<\/a> ist mittlerweile das inhaltlich umfangreichste deutschsprachige Portal zum Thema Film und Nachhaltigkeit. Seit 2008 ist Swisscom Hauptsponsorin.<\/p>\n<p>Wir freuen uns auf Deinen Besuch!<\/p>\n<p>&nbsp;<\/p>\n<div style=\"width: 600px;\"><iframe src=\"http:\/\/regiohelden.de\/google-maps\/map.php?width=600&amp;height=300&amp;hl=de&amp;q=Seefeldstrasse%2091%2C%208008%20Z%C3%BCrich+(Filme%20f%C3%BCr%20die%20Erde%20Festival%20Z%C3%BCrich)&amp;ie=UTF8&amp;t=&amp;z=14&amp;iwloc=A&amp;output=embed\" width=\"600\" height=\"300\" frameborder=\"0\" marginwidth=\"0\" marginheight=\"0\" scrolling=\"no\"><a style=\"font-size: 9px;\" href=\"http:\/\/www.regiohelden.de\/google-maps\/\">Google Maps Generator<\/a> by <a href=\"http:\/\/www.regiohelden.de\/\">RegioHelden<\/a><\/iframe><br \/>\n<span style=\"font-size: 9px;\"><a style=\"font-size: 9px;\" href=\"http:\/\/www.regiohelden.de\/google-maps\/\">Google Maps Generator<\/a> by <a style=\"font-size: 9px;\" href=\"http:\/\/www.regiohelden.de\/\">RegioHelden<\/a><\/span><\/div>\n<p><span style=\"border-radius: 2px; text-indent: 20px; width: auto; padding: 0px 4px 0px 0px; text-align: center; font: bold 11px\/20px 'Helvetica Neue',Helvetica,sans-serif; color: #ffffff; background: #bd081c no-repeat scroll 3px 50% \/ 14px 14px; position: absolute; opacity: 0.85; z-index: 8675309; display: none; cursor: pointer; top: 719px; left: 20px;\">Merken<\/span><\/p>\n<p><span style=\"border-radius: 2px; text-indent: 20px; width: auto; padding: 0px 4px 0px 0px; text-align: center; font: bold 11px\/20px 'Helvetica Neue',Helvetica,sans-serif; color: #ffffff; background: #bd081c no-repeat scroll 3px 50% \/ 14px 14px; position: absolute; opacity: 1; z-index: 8675309; display: none; cursor: pointer;\">Merken<\/span><\/p>\n<p><span style=\"border-radius: 2px; text-indent: 20px; width: auto; padding: 0px 4px 0px 0px; text-align: center; font: bold 11px\/20px 'Helvetica Neue',Helvetica,sans-serif; color: #ffffff; background: #bd081c no-repeat scroll 3px 50% \/ 14px 14px; position: absolute; opacity: 0.85; z-index: 8675309; display: none; cursor: pointer; top: 719px; left: 20px;\">Merken<\/span><\/p>\n<p><span style=\"border-radius: 2px; text-indent: 20px; width: auto; padding: 0px 4px 0px 0px; text-align: center; font: bold 11px\/20px 'Helvetica Neue',Helvetica,sans-serif; color: #ffffff; background: #bd081c no-repeat scroll 3px 50% \/ 14px 14px; position: absolute; opacity: 1; z-index: 8675309; display: none; cursor: pointer;\">Merken<\/span><\/p>\n<p><span style=\"border-radius: 2px; text-indent: 20px; width: auto; padding: 0px 4px 0px 0px; text-align: center; font: bold 11px\/20px 'Helvetica Neue',Helvetica,sans-serif; color: #ffffff; background: #bd081c no-repeat scroll 3px 50% \/ 14px 14px; position: absolute; opacity: 1; z-index: 8675309; display: none; cursor: pointer;\">Merken<\/span><\/p>","protected":false},"excerpt":{"rendered":"<p>Auch in diesem Jahr findet wieder das gr\u00f6sste Umwelt Film Festival in der Schweiz statt.<\/p>","protected":false},"author":2,"featured_media":773,"comment_status":"closed","ping_status":"closed","sticky":false,"template":"","format":"standard","meta":{"_acf_changed":false,"site-sidebar-layout":"default","site-content-layout":"","ast-site-content-layout":"default","site-content-style":"default","site-sidebar-style":"default","ast-global-header-display":"","ast-banner-title-visibility":"","ast-main-header-display":"","ast-hfb-above-header-display":"","ast-hfb-below-header-display":"","ast-hfb-mobile-header-display":"","site-post-title":"","ast-breadcrumbs-content":"","ast-featured-img":"","footer-sml-layout":"","ast-disable-related-posts":"","theme-transparent-header-meta":"","adv-header-id-meta":"","stick-header-meta":"","header-above-stick-meta":"","header-main-stick-meta":"","header-below-stick-meta":"","astra-migrate-meta-layouts":"default","ast-page-background-enabled":"default","ast-page-background-meta":{"desktop":{"background-color":"var(--ast-global-color-4)","background-image":"","background-repeat":"repeat","background-position":"center center","background-size":"auto","background-attachment":"scroll","background-type":"","background-media":"","overlay-type":"","overlay-color":"","overlay-opacity":"","overlay-gradient":""},"tablet":{"background-color":"","background-image":"","background-repeat":"repeat","background-position":"center center","background-size":"auto","background-attachment":"scroll","background-type":"","background-media":"","overlay-type":"","overlay-color":"","overlay-opacity":"","overlay-gradient":""},"mobile":{"background-color":"","background-image":"","background-repeat":"repeat","background-position":"center center","background-size":"auto","background-attachment":"scroll","background-type":"","background-media":"","overlay-type":"","overlay-color":"","overlay-opacity":"","overlay-gradient":""}},"ast-content-background-meta":{"desktop":{"background-color":"var(--ast-global-color-5)","background-image":"","background-repeat":"repeat","background-position":"center center","background-size":"auto","background-attachment":"scroll","background-type":"","background-media":"","overlay-type":"","overlay-color":"","overlay-opacity":"","overlay-gradient":""},"tablet":{"background-color":"var(--ast-global-color-5)","background-image":"","background-repeat":"repeat","background-position":"center center","background-size":"auto","background-attachment":"scroll","background-type":"","background-media":"","overlay-type":"","overlay-color":"","overlay-opacity":"","overlay-gradient":""},"mobile":{"background-color":"var(--ast-global-color-5)","background-image":"","background-repeat":"repeat","background-position":"center center","background-size":"auto","background-attachment":"scroll","background-type":"","background-media":"","overlay-type":"","overlay-color":"","overlay-opacity":"","overlay-gradient":""}},"footnotes":""},"categories":[21],"tags":[],"class_list":["post-764","post","type-post","status-publish","format-standard","has-post-thumbnail","hentry","category-veranstaltungen_archiv"],"acf":[],"yoast_head":"<!-- This site is optimized with the Yoast SEO plugin v27.5 - https:\/\/yoast.com\/product\/yoast-seo-wordpress\/ -->\n<title>Filme f\u00fcr die Erde Festival 2016 - Permakultur-Landwirtschaft<\/title>\n<meta name=\"robots\" content=\"index, follow, max-snippet:-1, max-image-preview:large, max-video-preview:-1\" \/>\n<link rel=\"canonical\" href=\"https:\/\/permakultur-landwirtschaft.org\/fr\/filme-fur-die-erde-festival-2016\/\" \/>\n<meta property=\"og:locale\" content=\"fr_FR\" \/>\n<meta property=\"og:type\" content=\"article\" \/>\n<meta property=\"og:title\" content=\"Filme f\u00fcr die Erde Festival 2016 - Permakultur-Landwirtschaft\" \/>\n<meta property=\"og:description\" content=\"Auch in diesem Jahr findet wieder das gr\u00f6sste Umwelt Film Festival in der Schweiz statt.\" \/>\n<meta property=\"og:url\" content=\"https:\/\/permakultur-landwirtschaft.org\/fr\/filme-fur-die-erde-festival-2016\/\" \/>\n<meta property=\"og:site_name\" content=\"Permakultur-Landwirtschaft\" \/>\n<meta property=\"article:publisher\" content=\"https:\/\/www.facebook.com\/PermakulturLandwirtschaft\" \/>\n<meta property=\"article:published_time\" content=\"2016-09-23T20:12:25+00:00\" \/>\n<meta property=\"article:modified_time\" content=\"2018-07-02T09:42:24+00:00\" \/>\n<meta property=\"og:image\" content=\"https:\/\/permakultur-landwirtschaft.org\/wp-content\/uploads\/2016\/08\/FilmeFuerDieERde_Festival2016_WEB.jpg\" \/>\n\t<meta property=\"og:image:width\" content=\"800\" \/>\n\t<meta property=\"og:image:height\" content=\"450\" \/>\n\t<meta property=\"og:image:type\" content=\"image\/jpeg\" \/>\n<meta name=\"author\" content=\"adrian reutimann\" \/>\n<meta name=\"twitter:card\" content=\"summary_large_image\" \/>\n<meta name=\"twitter:label1\" content=\"\u00c9crit par\" \/>\n\t<meta name=\"twitter:data1\" content=\"adrian reutimann\" \/>\n\t<meta name=\"twitter:label2\" content=\"Dur\u00e9e de lecture estim\u00e9e\" \/>\n\t<meta name=\"twitter:data2\" content=\"2 minutes\" \/>\n<script type=\"application\/ld+json\" class=\"yoast-schema-graph\">{\"@context\":\"https:\\\/\\\/schema.org\",\"@graph\":[{\"@type\":\"Article\",\"@id\":\"https:\\\/\\\/permakultur-landwirtschaft.org\\\/filme-fur-die-erde-festival-2016\\\/#article\",\"isPartOf\":{\"@id\":\"https:\\\/\\\/permakultur-landwirtschaft.org\\\/filme-fur-die-erde-festival-2016\\\/\"},\"author\":{\"name\":\"adrian reutimann\",\"@id\":\"https:\\\/\\\/permakultur-landwirtschaft.org\\\/#\\\/schema\\\/person\\\/6b0467872f75aed3e144093f9bf4f0b0\"},\"headline\":\"Filme f\u00fcr die Erde Festival 2016\",\"datePublished\":\"2016-09-23T20:12:25+00:00\",\"dateModified\":\"2018-07-02T09:42:24+00:00\",\"mainEntityOfPage\":{\"@id\":\"https:\\\/\\\/permakultur-landwirtschaft.org\\\/filme-fur-die-erde-festival-2016\\\/\"},\"wordCount\":452,\"publisher\":{\"@id\":\"https:\\\/\\\/permakultur-landwirtschaft.org\\\/#organization\"},\"image\":{\"@id\":\"https:\\\/\\\/permakultur-landwirtschaft.org\\\/filme-fur-die-erde-festival-2016\\\/#primaryimage\"},\"thumbnailUrl\":\"https:\\\/\\\/permakultur-landwirtschaft.org\\\/wp-content\\\/uploads\\\/2016\\\/08\\\/FilmeFuerDieERde_Festival2016_WEB.jpg\",\"articleSection\":[\"Veranstaltungen_Archiv\"],\"inLanguage\":\"fr-FR\"},{\"@type\":\"WebPage\",\"@id\":\"https:\\\/\\\/permakultur-landwirtschaft.org\\\/filme-fur-die-erde-festival-2016\\\/\",\"url\":\"https:\\\/\\\/permakultur-landwirtschaft.org\\\/filme-fur-die-erde-festival-2016\\\/\",\"name\":\"Filme f\u00fcr die Erde Festival 2016 - Permakultur-Landwirtschaft\",\"isPartOf\":{\"@id\":\"https:\\\/\\\/permakultur-landwirtschaft.org\\\/#website\"},\"primaryImageOfPage\":{\"@id\":\"https:\\\/\\\/permakultur-landwirtschaft.org\\\/filme-fur-die-erde-festival-2016\\\/#primaryimage\"},\"image\":{\"@id\":\"https:\\\/\\\/permakultur-landwirtschaft.org\\\/filme-fur-die-erde-festival-2016\\\/#primaryimage\"},\"thumbnailUrl\":\"https:\\\/\\\/permakultur-landwirtschaft.org\\\/wp-content\\\/uploads\\\/2016\\\/08\\\/FilmeFuerDieERde_Festival2016_WEB.jpg\",\"datePublished\":\"2016-09-23T20:12:25+00:00\",\"dateModified\":\"2018-07-02T09:42:24+00:00\",\"breadcrumb\":{\"@id\":\"https:\\\/\\\/permakultur-landwirtschaft.org\\\/filme-fur-die-erde-festival-2016\\\/#breadcrumb\"},\"inLanguage\":\"fr-FR\",\"potentialAction\":[{\"@type\":\"ReadAction\",\"target\":[\"https:\\\/\\\/permakultur-landwirtschaft.org\\\/filme-fur-die-erde-festival-2016\\\/\"]}]},{\"@type\":\"ImageObject\",\"inLanguage\":\"fr-FR\",\"@id\":\"https:\\\/\\\/permakultur-landwirtschaft.org\\\/filme-fur-die-erde-festival-2016\\\/#primaryimage\",\"url\":\"https:\\\/\\\/permakultur-landwirtschaft.org\\\/wp-content\\\/uploads\\\/2016\\\/08\\\/FilmeFuerDieERde_Festival2016_WEB.jpg\",\"contentUrl\":\"https:\\\/\\\/permakultur-landwirtschaft.org\\\/wp-content\\\/uploads\\\/2016\\\/08\\\/FilmeFuerDieERde_Festival2016_WEB.jpg\",\"width\":800,\"height\":450,\"caption\":\"FilmeFuerDieERde_Festival2016_WEB\"},{\"@type\":\"BreadcrumbList\",\"@id\":\"https:\\\/\\\/permakultur-landwirtschaft.org\\\/filme-fur-die-erde-festival-2016\\\/#breadcrumb\",\"itemListElement\":[{\"@type\":\"ListItem\",\"position\":1,\"name\":\"Startseite\",\"item\":\"https:\\\/\\\/permakultur-landwirtschaft.org\\\/\"},{\"@type\":\"ListItem\",\"position\":2,\"name\":\"Filme f\u00fcr die Erde Festival 2016\"}]},{\"@type\":\"WebSite\",\"@id\":\"https:\\\/\\\/permakultur-landwirtschaft.org\\\/#website\",\"url\":\"https:\\\/\\\/permakultur-landwirtschaft.org\\\/\",\"name\":\"Permakultur-Landwirtschaft\",\"description\":\"F\u00f6rderung der Permakultur in der Landwirtschaft\",\"publisher\":{\"@id\":\"https:\\\/\\\/permakultur-landwirtschaft.org\\\/#organization\"},\"potentialAction\":[{\"@type\":\"SearchAction\",\"target\":{\"@type\":\"EntryPoint\",\"urlTemplate\":\"https:\\\/\\\/permakultur-landwirtschaft.org\\\/?s={search_term_string}\"},\"query-input\":{\"@type\":\"PropertyValueSpecification\",\"valueRequired\":true,\"valueName\":\"search_term_string\"}}],\"inLanguage\":\"fr-FR\"},{\"@type\":\"Organization\",\"@id\":\"https:\\\/\\\/permakultur-landwirtschaft.org\\\/#organization\",\"name\":\"Permakultur-Landwirtschaft\",\"alternateName\":\"Verein Permakultur-Landwirtschaft\",\"url\":\"https:\\\/\\\/permakultur-landwirtschaft.org\\\/\",\"logo\":{\"@type\":\"ImageObject\",\"inLanguage\":\"fr-FR\",\"@id\":\"https:\\\/\\\/permakultur-landwirtschaft.org\\\/#\\\/schema\\\/logo\\\/image\\\/\",\"url\":\"https:\\\/\\\/permakultur-landwirtschaft.org\\\/wp-content\\\/uploads\\\/2021\\\/11\\\/pela_1268x1269.png\",\"contentUrl\":\"https:\\\/\\\/permakultur-landwirtschaft.org\\\/wp-content\\\/uploads\\\/2021\\\/11\\\/pela_1268x1269.png\",\"width\":1298,\"height\":1269,\"caption\":\"Permakultur-Landwirtschaft\"},\"image\":{\"@id\":\"https:\\\/\\\/permakultur-landwirtschaft.org\\\/#\\\/schema\\\/logo\\\/image\\\/\"},\"sameAs\":[\"https:\\\/\\\/www.facebook.com\\\/PermakulturLandwirtschaft\",\"https:\\\/\\\/www.instagram.com\\\/permakultur_landwirtschaft\\\/\",\"https:\\\/\\\/www.flickr.com\\\/photos\\\/permakultur-landwirtschaft\",\"https:\\\/\\\/www.youtube.com\\\/@PermakulturLandwirtschaft\"]},{\"@type\":\"Person\",\"@id\":\"https:\\\/\\\/permakultur-landwirtschaft.org\\\/#\\\/schema\\\/person\\\/6b0467872f75aed3e144093f9bf4f0b0\",\"name\":\"adrian reutimann\",\"url\":\"https:\\\/\\\/permakultur-landwirtschaft.org\\\/fr\\\/author\\\/reutiadr\\\/\"}]}<\/script>\n<!-- \/ Yoast SEO plugin. -->","yoast_head_json":{"title":"Filme f\u00fcr die Erde Festival 2016 - Permakultur-Landwirtschaft","robots":{"index":"index","follow":"follow","max-snippet":"max-snippet:-1","max-image-preview":"max-image-preview:large","max-video-preview":"max-video-preview:-1"},"canonical":"https:\/\/permakultur-landwirtschaft.org\/fr\/filme-fur-die-erde-festival-2016\/","og_locale":"fr_FR","og_type":"article","og_title":"Filme f\u00fcr die Erde Festival 2016 - Permakultur-Landwirtschaft","og_description":"Auch in diesem Jahr findet wieder das gr\u00f6sste Umwelt Film Festival in der Schweiz statt.","og_url":"https:\/\/permakultur-landwirtschaft.org\/fr\/filme-fur-die-erde-festival-2016\/","og_site_name":"Permakultur-Landwirtschaft","article_publisher":"https:\/\/www.facebook.com\/PermakulturLandwirtschaft","article_published_time":"2016-09-23T20:12:25+00:00","article_modified_time":"2018-07-02T09:42:24+00:00","og_image":[{"width":800,"height":450,"url":"https:\/\/permakultur-landwirtschaft.org\/wp-content\/uploads\/2016\/08\/FilmeFuerDieERde_Festival2016_WEB.jpg","type":"image\/jpeg"}],"author":"adrian reutimann","twitter_card":"summary_large_image","twitter_misc":{"\u00c9crit par":"adrian reutimann","Dur\u00e9e de lecture estim\u00e9e":"2 minutes"},"schema":{"@context":"https:\/\/schema.org","@graph":[{"@type":"Article","@id":"https:\/\/permakultur-landwirtschaft.org\/filme-fur-die-erde-festival-2016\/#article","isPartOf":{"@id":"https:\/\/permakultur-landwirtschaft.org\/filme-fur-die-erde-festival-2016\/"},"author":{"name":"adrian reutimann","@id":"https:\/\/permakultur-landwirtschaft.org\/#\/schema\/person\/6b0467872f75aed3e144093f9bf4f0b0"},"headline":"Filme f\u00fcr die Erde Festival 2016","datePublished":"2016-09-23T20:12:25+00:00","dateModified":"2018-07-02T09:42:24+00:00","mainEntityOfPage":{"@id":"https:\/\/permakultur-landwirtschaft.org\/filme-fur-die-erde-festival-2016\/"},"wordCount":452,"publisher":{"@id":"https:\/\/permakultur-landwirtschaft.org\/#organization"},"image":{"@id":"https:\/\/permakultur-landwirtschaft.org\/filme-fur-die-erde-festival-2016\/#primaryimage"},"thumbnailUrl":"https:\/\/permakultur-landwirtschaft.org\/wp-content\/uploads\/2016\/08\/FilmeFuerDieERde_Festival2016_WEB.jpg","articleSection":["Veranstaltungen_Archiv"],"inLanguage":"fr-FR"},{"@type":"WebPage","@id":"https:\/\/permakultur-landwirtschaft.org\/filme-fur-die-erde-festival-2016\/","url":"https:\/\/permakultur-landwirtschaft.org\/filme-fur-die-erde-festival-2016\/","name":"Filme f\u00fcr die Erde Festival 2016 - Permakultur-Landwirtschaft","isPartOf":{"@id":"https:\/\/permakultur-landwirtschaft.org\/#website"},"primaryImageOfPage":{"@id":"https:\/\/permakultur-landwirtschaft.org\/filme-fur-die-erde-festival-2016\/#primaryimage"},"image":{"@id":"https:\/\/permakultur-landwirtschaft.org\/filme-fur-die-erde-festival-2016\/#primaryimage"},"thumbnailUrl":"https:\/\/permakultur-landwirtschaft.org\/wp-content\/uploads\/2016\/08\/FilmeFuerDieERde_Festival2016_WEB.jpg","datePublished":"2016-09-23T20:12:25+00:00","dateModified":"2018-07-02T09:42:24+00:00","breadcrumb":{"@id":"https:\/\/permakultur-landwirtschaft.org\/filme-fur-die-erde-festival-2016\/#breadcrumb"},"inLanguage":"fr-FR","potentialAction":[{"@type":"ReadAction","target":["https:\/\/permakultur-landwirtschaft.org\/filme-fur-die-erde-festival-2016\/"]}]},{"@type":"ImageObject","inLanguage":"fr-FR","@id":"https:\/\/permakultur-landwirtschaft.org\/filme-fur-die-erde-festival-2016\/#primaryimage","url":"https:\/\/permakultur-landwirtschaft.org\/wp-content\/uploads\/2016\/08\/FilmeFuerDieERde_Festival2016_WEB.jpg","contentUrl":"https:\/\/permakultur-landwirtschaft.org\/wp-content\/uploads\/2016\/08\/FilmeFuerDieERde_Festival2016_WEB.jpg","width":800,"height":450,"caption":"FilmeFuerDieERde_Festival2016_WEB"},{"@type":"BreadcrumbList","@id":"https:\/\/permakultur-landwirtschaft.org\/filme-fur-die-erde-festival-2016\/#breadcrumb","itemListElement":[{"@type":"ListItem","position":1,"name":"Startseite","item":"https:\/\/permakultur-landwirtschaft.org\/"},{"@type":"ListItem","position":2,"name":"Filme f\u00fcr die Erde Festival 2016"}]},{"@type":"WebSite","@id":"https:\/\/permakultur-landwirtschaft.org\/#website","url":"https:\/\/permakultur-landwirtschaft.org\/","name":"Permakultur-Landwirtschaft","description":"F\u00f6rderung der Permakultur in der Landwirtschaft","publisher":{"@id":"https:\/\/permakultur-landwirtschaft.org\/#organization"},"potentialAction":[{"@type":"SearchAction","target":{"@type":"EntryPoint","urlTemplate":"https:\/\/permakultur-landwirtschaft.org\/?s={search_term_string}"},"query-input":{"@type":"PropertyValueSpecification","valueRequired":true,"valueName":"search_term_string"}}],"inLanguage":"fr-FR"},{"@type":"Organization","@id":"https:\/\/permakultur-landwirtschaft.org\/#organization","name":"Permakultur-Landwirtschaft","alternateName":"Verein Permakultur-Landwirtschaft","url":"https:\/\/permakultur-landwirtschaft.org\/","logo":{"@type":"ImageObject","inLanguage":"fr-FR","@id":"https:\/\/permakultur-landwirtschaft.org\/#\/schema\/logo\/image\/","url":"https:\/\/permakultur-landwirtschaft.org\/wp-content\/uploads\/2021\/11\/pela_1268x1269.png","contentUrl":"https:\/\/permakultur-landwirtschaft.org\/wp-content\/uploads\/2021\/11\/pela_1268x1269.png","width":1298,"height":1269,"caption":"Permakultur-Landwirtschaft"},"image":{"@id":"https:\/\/permakultur-landwirtschaft.org\/#\/schema\/logo\/image\/"},"sameAs":["https:\/\/www.facebook.com\/PermakulturLandwirtschaft","https:\/\/www.instagram.com\/permakultur_landwirtschaft\/","https:\/\/www.flickr.com\/photos\/permakultur-landwirtschaft","https:\/\/www.youtube.com\/@PermakulturLandwirtschaft"]},{"@type":"Person","@id":"https:\/\/permakultur-landwirtschaft.org\/#\/schema\/person\/6b0467872f75aed3e144093f9bf4f0b0","name":"adrian reutimann","url":"https:\/\/permakultur-landwirtschaft.org\/fr\/author\/reutiadr\/"}]}},"_links":{"self":[{"href":"https:\/\/permakultur-landwirtschaft.org\/fr\/wp-json\/wp\/v2\/posts\/764","targetHints":{"allow":["GET"]}}],"collection":[{"href":"https:\/\/permakultur-landwirtschaft.org\/fr\/wp-json\/wp\/v2\/posts"}],"about":[{"href":"https:\/\/permakultur-landwirtschaft.org\/fr\/wp-json\/wp\/v2\/types\/post"}],"author":[{"embeddable":true,"href":"https:\/\/permakultur-landwirtschaft.org\/fr\/wp-json\/wp\/v2\/users\/2"}],"replies":[{"embeddable":true,"href":"https:\/\/permakultur-landwirtschaft.org\/fr\/wp-json\/wp\/v2\/comments?post=764"}],"version-history":[{"count":7,"href":"https:\/\/permakultur-landwirtschaft.org\/fr\/wp-json\/wp\/v2\/posts\/764\/revisions"}],"predecessor-version":[{"id":767,"href":"https:\/\/permakultur-landwirtschaft.org\/fr\/wp-json\/wp\/v2\/posts\/764\/revisions\/767"}],"wp:featuredmedia":[{"embeddable":true,"href":"https:\/\/permakultur-landwirtschaft.org\/fr\/wp-json\/wp\/v2\/media\/773"}],"wp:attachment":[{"href":"https:\/\/permakultur-landwirtschaft.org\/fr\/wp-json\/wp\/v2\/media?parent=764"}],"wp:term":[{"taxonomy":"category","embeddable":true,"href":"https:\/\/permakultur-landwirtschaft.org\/fr\/wp-json\/wp\/v2\/categories?post=764"},{"taxonomy":"post_tag","embeddable":true,"href":"https:\/\/permakultur-landwirtschaft.org\/fr\/wp-json\/wp\/v2\/tags?post=764"}],"curies":[{"name":"wp","href":"https:\/\/api.w.org\/{rel}","templated":true}]}}