{"id":627,"date":"2016-05-18T08:47:51","date_gmt":"2016-05-18T06:47:51","guid":{"rendered":"http:\/\/permakultur-landwirtschaft.org\/?p=627"},"modified":"2024-04-24T15:41:42","modified_gmt":"2024-04-24T13:41:42","slug":"ws-huegelbeetjuni2016","status":"publish","type":"post","link":"https:\/\/permakultur-landwirtschaft.org\/fr\/ws-huegelbeetjuni2016\/","title":{"rendered":"Workshop: H\u00fcgelbeet anlegen, 25. Juni 2016"},"content":{"rendered":"<h4>H\u00fcgelbeete vergr\u00f6ssern nicht nur die Anbaufl\u00e4che von Pflanzen um bis das bis zu 2.5 fache. Durch die unterschiedlichen H\u00f6hen und Ausrichtungen (sonnig &#8211; schattig), bieten sie zudem unterschiedliche klimatische Verh\u00e4ltnisse in Feuchtigkeit und Temperatur. In diesem Workshop widmen wir uns daher ganz dem praktischen und theoretischen Aufbau eines H\u00fcgelbeetes.<\/h4>\n<p><!--more--><br \/>\nDie\u00a0 Durchschnittstemperatur im Bezug zur urspr\u00fcnglichen flachen Fl\u00e4che ist jedoch insgesamt erh\u00f6ht. Die Erntezeit ist bei Hochbeeten daher oft viel fr\u00fcher anzusetzen als bei bodenb\u00fcndigen Anbaumethoden.<br \/>\nAuf das Jahr bezogen verl\u00e4ngert sich auf einem Hochbeet daher auch die Vegetationszeit, in unseren Breitengraden um bis zu 2 Wochen. Die im Laufe des Jahres anfallenden organischen Materialien in einem Garten, von grob bis fein, k\u00f6nnen f\u00fcr den Bau eines Hochbeetes wiederverwendet werden.<\/p>\n<p>&nbsp;<\/p>\n<p><strong>Dieser Workshop:<\/strong><br \/>\nIn diesem Workshop bauen wir diese Hochbeete, zudem in einer Sonnenfalle auf, in der k\u00fcnftigen Permakulturfl\u00e4che vom Bio-Birchhof, wodurch zus\u00e4tzliche W\u00e4rme von S\u00fcden gehalten wird. Alle ben\u00f6tigten Materialien zum Aufbau von Hochbeeten stehen zur Verf\u00fcgung.<\/p>\n<p>Dieser Workshop ist von Begi<a href=\"https:\/\/permakultur-landwirtschaft.org\/wp-content\/uploads\/2016\/05\/Huegelbeet.jpg\"><img fetchpriority=\"high\" decoding=\"async\" class=\"alignleft wp-image-628\" src=\"https:\/\/permakultur-landwirtschaft.org\/wp-content\/uploads\/2016\/05\/Huegelbeet.jpg\" alt=\"Huegelbeet\" width=\"264\" height=\"352\" srcset=\"https:\/\/permakultur-landwirtschaft.org\/wp-content\/uploads\/2016\/05\/Huegelbeet.jpg 800w, https:\/\/permakultur-landwirtschaft.org\/wp-content\/uploads\/2016\/05\/Huegelbeet-225x300.jpg 225w, https:\/\/permakultur-landwirtschaft.org\/wp-content\/uploads\/2016\/05\/Huegelbeet-768x1024.jpg 768w\" sizes=\"(max-width: 264px) 100vw, 264px\" \/><\/a>nn an ein sehr praktisch ausgerichtet. Aufbau- und Hintergrundinformationen werden vor Ort w\u00e4hrend des gemeinsamen Erstellens des H\u00fcgelbeetes vermittelt.<\/p>\n<p><strong>Beginn des Workshops Samstag 25. Juni\u00a0 2016 \/\/ 9.00 &#8211; 17.30 Uhr<\/strong><\/p>\n<p>&nbsp;<\/p>\n<p>VISION Birchhof Hofgenossenschaft<br \/>\nBirchhaustrasse 593<br \/>\nCH \u2013 8966 Oberwil \u2013 Lieli<\/p>\n<p>Hier findest Du weiterer Informationen zum Projekt <a href=\"https:\/\/permakultur-landwirtschaft.org\/fr\/projekte\/projekt-vision-birchhof\/\" target=\"_blank\" rel=\"noopener\">VISION BIRCHHOF<\/a>.<\/p>\n<p>Bitte melde dich <a href=\"mailto:%20kurse@permakultur-landwirtschaft.org\" target=\"_blank\" rel=\"noopener\">ici<\/a> an, Wir freuen uns auf dich!<br \/>\n<strong>Schicke uns in dem Mail das Datum des Workshops, an welchem du teilnehmen m\u00f6chtest und dein Name, Vorname, genaue Adresse und Telefonnummer.<\/strong><\/p>\n<p>&nbsp;<\/p>\n<p><span style=\"border-radius: 2px; text-indent: 20px; width: auto; padding: 0px 4px 0px 0px; text-align: center; font: bold 11px\/20px 'Helvetica Neue',Helvetica,sans-serif; color: #ffffff; background: #bd081c no-repeat scroll 3px 50% \/ 14px 14px; position: absolute; opacity: 0.85; z-index: 8675309; display: none; cursor: pointer; top: 495px; left: 20px;\">Merken<\/span><\/p>\n<p><span style=\"border-radius: 2px; text-indent: 20px; width: auto; padding: 0px 4px 0px 0px; text-align: center; font: bold 11px\/20px 'Helvetica Neue',Helvetica,sans-serif; color: #ffffff; background: #bd081c  no-repeat scroll 3px 50% \/ 14px 14px; position: absolute; opacity: 1; z-index: 8675309; display: none; cursor: pointer;\">Merken<\/span><\/p>","protected":false},"excerpt":{"rendered":"<p>H\u00fcgelbeete vergr\u00f6ssern nicht nur die Anbaufl\u00e4che von Pflanzen um bis das bis zu 2.5 fache. Durch die unterschiedlichen H\u00f6hen und Ausrichtungen (sonnig &#8211; schattig), bieten sie zudem unterschiedliche klimatische Verh\u00e4ltnisse in Feuchtigkeit und Temperatur. In diesem Workshop widmen wir uns daher ganz dem praktischen und theoretischen Aufbau eines H\u00fcgelbeetes.<\/p>","protected":false},"author":2,"featured_media":628,"comment_status":"closed","ping_status":"closed","sticky":false,"template":"","format":"standard","meta":{"_acf_changed":false,"site-sidebar-layout":"default","site-content-layout":"","ast-site-content-layout":"default","site-content-style":"default","site-sidebar-style":"default","ast-global-header-display":"","ast-banner-title-visibility":"","ast-main-header-display":"","ast-hfb-above-header-display":"","ast-hfb-below-header-display":"","ast-hfb-mobile-header-display":"","site-post-title":"","ast-breadcrumbs-content":"","ast-featured-img":"","footer-sml-layout":"","ast-disable-related-posts":"","theme-transparent-header-meta":"","adv-header-id-meta":"","stick-header-meta":"","header-above-stick-meta":"","header-main-stick-meta":"","header-below-stick-meta":"","astra-migrate-meta-layouts":"default","ast-page-background-enabled":"default","ast-page-background-meta":{"desktop":{"background-color":"var(--ast-global-color-4)","background-image":"","background-repeat":"repeat","background-position":"center center","background-size":"auto","background-attachment":"scroll","background-type":"","background-media":"","overlay-type":"","overlay-color":"","overlay-opacity":"","overlay-gradient":""},"tablet":{"background-color":"","background-image":"","background-repeat":"repeat","background-position":"center center","background-size":"auto","background-attachment":"scroll","background-type":"","background-media":"","overlay-type":"","overlay-color":"","overlay-opacity":"","overlay-gradient":""},"mobile":{"background-color":"","background-image":"","background-repeat":"repeat","background-position":"center center","background-size":"auto","background-attachment":"scroll","background-type":"","background-media":"","overlay-type":"","overlay-color":"","overlay-opacity":"","overlay-gradient":""}},"ast-content-background-meta":{"desktop":{"background-color":"var(--ast-global-color-5)","background-image":"","background-repeat":"repeat","background-position":"center center","background-size":"auto","background-attachment":"scroll","background-type":"","background-media":"","overlay-type":"","overlay-color":"","overlay-opacity":"","overlay-gradient":""},"tablet":{"background-color":"var(--ast-global-color-5)","background-image":"","background-repeat":"repeat","background-position":"center center","background-size":"auto","background-attachment":"scroll","background-type":"","background-media":"","overlay-type":"","overlay-color":"","overlay-opacity":"","overlay-gradient":""},"mobile":{"background-color":"var(--ast-global-color-5)","background-image":"","background-repeat":"repeat","background-position":"center center","background-size":"auto","background-attachment":"scroll","background-type":"","background-media":"","overlay-type":"","overlay-color":"","overlay-opacity":"","overlay-gradient":""}},"footnotes":""},"categories":[21],"tags":[],"class_list":["post-627","post","type-post","status-publish","format-standard","has-post-thumbnail","hentry","category-veranstaltungen_archiv"],"acf":[],"yoast_head":"<!-- This site is optimized with the Yoast SEO plugin v27.5 - https:\/\/yoast.com\/product\/yoast-seo-wordpress\/ -->\n<title>Workshop: H\u00fcgelbeet anlegen, 25. Juni 2016 - Permakultur-Landwirtschaft<\/title>\n<meta name=\"description\" content=\"In diesem praktischen sowie auch theoretischen H\u00fcgelbeet Workshop wird Schritt f\u00fcr Schritt der Aufbau dieser sehr praktischen Nutzfl\u00e4che gelernt.\" \/>\n<meta name=\"robots\" content=\"index, follow, max-snippet:-1, max-image-preview:large, max-video-preview:-1\" \/>\n<link rel=\"canonical\" href=\"https:\/\/permakultur-landwirtschaft.org\/fr\/ws-huegelbeetjuni2016\/\" \/>\n<meta property=\"og:locale\" content=\"fr_FR\" \/>\n<meta property=\"og:type\" content=\"article\" \/>\n<meta property=\"og:title\" content=\"Workshop: H\u00fcgelbeet anlegen, 25. Juni 2016 - Permakultur-Landwirtschaft\" \/>\n<meta property=\"og:description\" content=\"In diesem praktischen sowie auch theoretischen H\u00fcgelbeet Workshop wird Schritt f\u00fcr Schritt der Aufbau dieser sehr praktischen Nutzfl\u00e4che gelernt.\" \/>\n<meta property=\"og:url\" content=\"https:\/\/permakultur-landwirtschaft.org\/fr\/ws-huegelbeetjuni2016\/\" \/>\n<meta property=\"og:site_name\" content=\"Permakultur-Landwirtschaft\" \/>\n<meta property=\"article:publisher\" content=\"https:\/\/www.facebook.com\/PermakulturLandwirtschaft\" \/>\n<meta property=\"article:published_time\" content=\"2016-05-18T06:47:51+00:00\" \/>\n<meta property=\"article:modified_time\" content=\"2024-04-24T13:41:42+00:00\" \/>\n<meta property=\"og:image\" content=\"https:\/\/permakultur-landwirtschaft.org\/wp-content\/uploads\/2016\/05\/Huegelbeet.jpg\" \/>\n\t<meta property=\"og:image:width\" content=\"800\" \/>\n\t<meta property=\"og:image:height\" content=\"1067\" \/>\n\t<meta property=\"og:image:type\" content=\"image\/jpeg\" \/>\n<meta name=\"author\" content=\"adrian reutimann\" \/>\n<meta name=\"twitter:card\" content=\"summary_large_image\" \/>\n<meta name=\"twitter:label1\" content=\"\u00c9crit par\" \/>\n\t<meta name=\"twitter:data1\" content=\"adrian reutimann\" \/>\n\t<meta name=\"twitter:label2\" content=\"Dur\u00e9e de lecture estim\u00e9e\" \/>\n\t<meta name=\"twitter:data2\" content=\"1 minute\" \/>\n<script type=\"application\/ld+json\" class=\"yoast-schema-graph\">{\"@context\":\"https:\\\/\\\/schema.org\",\"@graph\":[{\"@type\":\"Article\",\"@id\":\"https:\\\/\\\/permakultur-landwirtschaft.org\\\/ws-huegelbeetjuni2016\\\/#article\",\"isPartOf\":{\"@id\":\"https:\\\/\\\/permakultur-landwirtschaft.org\\\/ws-huegelbeetjuni2016\\\/\"},\"author\":{\"name\":\"adrian reutimann\",\"@id\":\"https:\\\/\\\/permakultur-landwirtschaft.org\\\/#\\\/schema\\\/person\\\/6b0467872f75aed3e144093f9bf4f0b0\"},\"headline\":\"Workshop: H\u00fcgelbeet anlegen, 25. Juni 2016\",\"datePublished\":\"2016-05-18T06:47:51+00:00\",\"dateModified\":\"2024-04-24T13:41:42+00:00\",\"mainEntityOfPage\":{\"@id\":\"https:\\\/\\\/permakultur-landwirtschaft.org\\\/ws-huegelbeetjuni2016\\\/\"},\"wordCount\":267,\"publisher\":{\"@id\":\"https:\\\/\\\/permakultur-landwirtschaft.org\\\/#organization\"},\"image\":{\"@id\":\"https:\\\/\\\/permakultur-landwirtschaft.org\\\/ws-huegelbeetjuni2016\\\/#primaryimage\"},\"thumbnailUrl\":\"https:\\\/\\\/permakultur-landwirtschaft.org\\\/wp-content\\\/uploads\\\/2016\\\/05\\\/Huegelbeet.jpg\",\"articleSection\":[\"Veranstaltungen_Archiv\"],\"inLanguage\":\"fr-FR\"},{\"@type\":\"WebPage\",\"@id\":\"https:\\\/\\\/permakultur-landwirtschaft.org\\\/ws-huegelbeetjuni2016\\\/\",\"url\":\"https:\\\/\\\/permakultur-landwirtschaft.org\\\/ws-huegelbeetjuni2016\\\/\",\"name\":\"Workshop: H\u00fcgelbeet anlegen, 25. Juni 2016 - Permakultur-Landwirtschaft\",\"isPartOf\":{\"@id\":\"https:\\\/\\\/permakultur-landwirtschaft.org\\\/#website\"},\"primaryImageOfPage\":{\"@id\":\"https:\\\/\\\/permakultur-landwirtschaft.org\\\/ws-huegelbeetjuni2016\\\/#primaryimage\"},\"image\":{\"@id\":\"https:\\\/\\\/permakultur-landwirtschaft.org\\\/ws-huegelbeetjuni2016\\\/#primaryimage\"},\"thumbnailUrl\":\"https:\\\/\\\/permakultur-landwirtschaft.org\\\/wp-content\\\/uploads\\\/2016\\\/05\\\/Huegelbeet.jpg\",\"datePublished\":\"2016-05-18T06:47:51+00:00\",\"dateModified\":\"2024-04-24T13:41:42+00:00\",\"description\":\"In diesem praktischen sowie auch theoretischen H\u00fcgelbeet Workshop wird Schritt f\u00fcr Schritt der Aufbau dieser sehr praktischen Nutzfl\u00e4che gelernt.\",\"breadcrumb\":{\"@id\":\"https:\\\/\\\/permakultur-landwirtschaft.org\\\/ws-huegelbeetjuni2016\\\/#breadcrumb\"},\"inLanguage\":\"fr-FR\",\"potentialAction\":[{\"@type\":\"ReadAction\",\"target\":[\"https:\\\/\\\/permakultur-landwirtschaft.org\\\/ws-huegelbeetjuni2016\\\/\"]}]},{\"@type\":\"ImageObject\",\"inLanguage\":\"fr-FR\",\"@id\":\"https:\\\/\\\/permakultur-landwirtschaft.org\\\/ws-huegelbeetjuni2016\\\/#primaryimage\",\"url\":\"https:\\\/\\\/permakultur-landwirtschaft.org\\\/wp-content\\\/uploads\\\/2016\\\/05\\\/Huegelbeet.jpg\",\"contentUrl\":\"https:\\\/\\\/permakultur-landwirtschaft.org\\\/wp-content\\\/uploads\\\/2016\\\/05\\\/Huegelbeet.jpg\",\"width\":800,\"height\":1067,\"caption\":\"Huegelbeet\"},{\"@type\":\"BreadcrumbList\",\"@id\":\"https:\\\/\\\/permakultur-landwirtschaft.org\\\/ws-huegelbeetjuni2016\\\/#breadcrumb\",\"itemListElement\":[{\"@type\":\"ListItem\",\"position\":1,\"name\":\"Startseite\",\"item\":\"https:\\\/\\\/permakultur-landwirtschaft.org\\\/\"},{\"@type\":\"ListItem\",\"position\":2,\"name\":\"Workshop: H\u00fcgelbeet anlegen, 25. Juni 2016\"}]},{\"@type\":\"WebSite\",\"@id\":\"https:\\\/\\\/permakultur-landwirtschaft.org\\\/#website\",\"url\":\"https:\\\/\\\/permakultur-landwirtschaft.org\\\/\",\"name\":\"Permakultur-Landwirtschaft\",\"description\":\"F\u00f6rderung der Permakultur in der Landwirtschaft\",\"publisher\":{\"@id\":\"https:\\\/\\\/permakultur-landwirtschaft.org\\\/#organization\"},\"potentialAction\":[{\"@type\":\"SearchAction\",\"target\":{\"@type\":\"EntryPoint\",\"urlTemplate\":\"https:\\\/\\\/permakultur-landwirtschaft.org\\\/?s={search_term_string}\"},\"query-input\":{\"@type\":\"PropertyValueSpecification\",\"valueRequired\":true,\"valueName\":\"search_term_string\"}}],\"inLanguage\":\"fr-FR\"},{\"@type\":\"Organization\",\"@id\":\"https:\\\/\\\/permakultur-landwirtschaft.org\\\/#organization\",\"name\":\"Permakultur-Landwirtschaft\",\"alternateName\":\"Verein Permakultur-Landwirtschaft\",\"url\":\"https:\\\/\\\/permakultur-landwirtschaft.org\\\/\",\"logo\":{\"@type\":\"ImageObject\",\"inLanguage\":\"fr-FR\",\"@id\":\"https:\\\/\\\/permakultur-landwirtschaft.org\\\/#\\\/schema\\\/logo\\\/image\\\/\",\"url\":\"https:\\\/\\\/permakultur-landwirtschaft.org\\\/wp-content\\\/uploads\\\/2021\\\/11\\\/pela_1268x1269.png\",\"contentUrl\":\"https:\\\/\\\/permakultur-landwirtschaft.org\\\/wp-content\\\/uploads\\\/2021\\\/11\\\/pela_1268x1269.png\",\"width\":1298,\"height\":1269,\"caption\":\"Permakultur-Landwirtschaft\"},\"image\":{\"@id\":\"https:\\\/\\\/permakultur-landwirtschaft.org\\\/#\\\/schema\\\/logo\\\/image\\\/\"},\"sameAs\":[\"https:\\\/\\\/www.facebook.com\\\/PermakulturLandwirtschaft\",\"https:\\\/\\\/www.instagram.com\\\/permakultur_landwirtschaft\\\/\",\"https:\\\/\\\/www.flickr.com\\\/photos\\\/permakultur-landwirtschaft\",\"https:\\\/\\\/www.youtube.com\\\/@PermakulturLandwirtschaft\"]},{\"@type\":\"Person\",\"@id\":\"https:\\\/\\\/permakultur-landwirtschaft.org\\\/#\\\/schema\\\/person\\\/6b0467872f75aed3e144093f9bf4f0b0\",\"name\":\"adrian reutimann\",\"url\":\"https:\\\/\\\/permakultur-landwirtschaft.org\\\/fr\\\/author\\\/reutiadr\\\/\"}]}<\/script>\n<!-- \/ Yoast SEO plugin. -->","yoast_head_json":{"title":"Workshop: H\u00fcgelbeet anlegen, 25. Juni 2016 - Permakultur-Landwirtschaft","description":"In diesem praktischen sowie auch theoretischen H\u00fcgelbeet Workshop wird Schritt f\u00fcr Schritt der Aufbau dieser sehr praktischen Nutzfl\u00e4che gelernt.","robots":{"index":"index","follow":"follow","max-snippet":"max-snippet:-1","max-image-preview":"max-image-preview:large","max-video-preview":"max-video-preview:-1"},"canonical":"https:\/\/permakultur-landwirtschaft.org\/fr\/ws-huegelbeetjuni2016\/","og_locale":"fr_FR","og_type":"article","og_title":"Workshop: H\u00fcgelbeet anlegen, 25. Juni 2016 - Permakultur-Landwirtschaft","og_description":"In diesem praktischen sowie auch theoretischen H\u00fcgelbeet Workshop wird Schritt f\u00fcr Schritt der Aufbau dieser sehr praktischen Nutzfl\u00e4che gelernt.","og_url":"https:\/\/permakultur-landwirtschaft.org\/fr\/ws-huegelbeetjuni2016\/","og_site_name":"Permakultur-Landwirtschaft","article_publisher":"https:\/\/www.facebook.com\/PermakulturLandwirtschaft","article_published_time":"2016-05-18T06:47:51+00:00","article_modified_time":"2024-04-24T13:41:42+00:00","og_image":[{"width":800,"height":1067,"url":"https:\/\/permakultur-landwirtschaft.org\/wp-content\/uploads\/2016\/05\/Huegelbeet.jpg","type":"image\/jpeg"}],"author":"adrian reutimann","twitter_card":"summary_large_image","twitter_misc":{"\u00c9crit par":"adrian reutimann","Dur\u00e9e de lecture estim\u00e9e":"1 minute"},"schema":{"@context":"https:\/\/schema.org","@graph":[{"@type":"Article","@id":"https:\/\/permakultur-landwirtschaft.org\/ws-huegelbeetjuni2016\/#article","isPartOf":{"@id":"https:\/\/permakultur-landwirtschaft.org\/ws-huegelbeetjuni2016\/"},"author":{"name":"adrian reutimann","@id":"https:\/\/permakultur-landwirtschaft.org\/#\/schema\/person\/6b0467872f75aed3e144093f9bf4f0b0"},"headline":"Workshop: H\u00fcgelbeet anlegen, 25. Juni 2016","datePublished":"2016-05-18T06:47:51+00:00","dateModified":"2024-04-24T13:41:42+00:00","mainEntityOfPage":{"@id":"https:\/\/permakultur-landwirtschaft.org\/ws-huegelbeetjuni2016\/"},"wordCount":267,"publisher":{"@id":"https:\/\/permakultur-landwirtschaft.org\/#organization"},"image":{"@id":"https:\/\/permakultur-landwirtschaft.org\/ws-huegelbeetjuni2016\/#primaryimage"},"thumbnailUrl":"https:\/\/permakultur-landwirtschaft.org\/wp-content\/uploads\/2016\/05\/Huegelbeet.jpg","articleSection":["Veranstaltungen_Archiv"],"inLanguage":"fr-FR"},{"@type":"WebPage","@id":"https:\/\/permakultur-landwirtschaft.org\/ws-huegelbeetjuni2016\/","url":"https:\/\/permakultur-landwirtschaft.org\/ws-huegelbeetjuni2016\/","name":"Workshop: H\u00fcgelbeet anlegen, 25. Juni 2016 - Permakultur-Landwirtschaft","isPartOf":{"@id":"https:\/\/permakultur-landwirtschaft.org\/#website"},"primaryImageOfPage":{"@id":"https:\/\/permakultur-landwirtschaft.org\/ws-huegelbeetjuni2016\/#primaryimage"},"image":{"@id":"https:\/\/permakultur-landwirtschaft.org\/ws-huegelbeetjuni2016\/#primaryimage"},"thumbnailUrl":"https:\/\/permakultur-landwirtschaft.org\/wp-content\/uploads\/2016\/05\/Huegelbeet.jpg","datePublished":"2016-05-18T06:47:51+00:00","dateModified":"2024-04-24T13:41:42+00:00","description":"In diesem praktischen sowie auch theoretischen H\u00fcgelbeet Workshop wird Schritt f\u00fcr Schritt der Aufbau dieser sehr praktischen Nutzfl\u00e4che gelernt.","breadcrumb":{"@id":"https:\/\/permakultur-landwirtschaft.org\/ws-huegelbeetjuni2016\/#breadcrumb"},"inLanguage":"fr-FR","potentialAction":[{"@type":"ReadAction","target":["https:\/\/permakultur-landwirtschaft.org\/ws-huegelbeetjuni2016\/"]}]},{"@type":"ImageObject","inLanguage":"fr-FR","@id":"https:\/\/permakultur-landwirtschaft.org\/ws-huegelbeetjuni2016\/#primaryimage","url":"https:\/\/permakultur-landwirtschaft.org\/wp-content\/uploads\/2016\/05\/Huegelbeet.jpg","contentUrl":"https:\/\/permakultur-landwirtschaft.org\/wp-content\/uploads\/2016\/05\/Huegelbeet.jpg","width":800,"height":1067,"caption":"Huegelbeet"},{"@type":"BreadcrumbList","@id":"https:\/\/permakultur-landwirtschaft.org\/ws-huegelbeetjuni2016\/#breadcrumb","itemListElement":[{"@type":"ListItem","position":1,"name":"Startseite","item":"https:\/\/permakultur-landwirtschaft.org\/"},{"@type":"ListItem","position":2,"name":"Workshop: H\u00fcgelbeet anlegen, 25. Juni 2016"}]},{"@type":"WebSite","@id":"https:\/\/permakultur-landwirtschaft.org\/#website","url":"https:\/\/permakultur-landwirtschaft.org\/","name":"Permakultur-Landwirtschaft","description":"F\u00f6rderung der Permakultur in der Landwirtschaft","publisher":{"@id":"https:\/\/permakultur-landwirtschaft.org\/#organization"},"potentialAction":[{"@type":"SearchAction","target":{"@type":"EntryPoint","urlTemplate":"https:\/\/permakultur-landwirtschaft.org\/?s={search_term_string}"},"query-input":{"@type":"PropertyValueSpecification","valueRequired":true,"valueName":"search_term_string"}}],"inLanguage":"fr-FR"},{"@type":"Organization","@id":"https:\/\/permakultur-landwirtschaft.org\/#organization","name":"Permakultur-Landwirtschaft","alternateName":"Verein Permakultur-Landwirtschaft","url":"https:\/\/permakultur-landwirtschaft.org\/","logo":{"@type":"ImageObject","inLanguage":"fr-FR","@id":"https:\/\/permakultur-landwirtschaft.org\/#\/schema\/logo\/image\/","url":"https:\/\/permakultur-landwirtschaft.org\/wp-content\/uploads\/2021\/11\/pela_1268x1269.png","contentUrl":"https:\/\/permakultur-landwirtschaft.org\/wp-content\/uploads\/2021\/11\/pela_1268x1269.png","width":1298,"height":1269,"caption":"Permakultur-Landwirtschaft"},"image":{"@id":"https:\/\/permakultur-landwirtschaft.org\/#\/schema\/logo\/image\/"},"sameAs":["https:\/\/www.facebook.com\/PermakulturLandwirtschaft","https:\/\/www.instagram.com\/permakultur_landwirtschaft\/","https:\/\/www.flickr.com\/photos\/permakultur-landwirtschaft","https:\/\/www.youtube.com\/@PermakulturLandwirtschaft"]},{"@type":"Person","@id":"https:\/\/permakultur-landwirtschaft.org\/#\/schema\/person\/6b0467872f75aed3e144093f9bf4f0b0","name":"adrian reutimann","url":"https:\/\/permakultur-landwirtschaft.org\/fr\/author\/reutiadr\/"}]}},"_links":{"self":[{"href":"https:\/\/permakultur-landwirtschaft.org\/fr\/wp-json\/wp\/v2\/posts\/627","targetHints":{"allow":["GET"]}}],"collection":[{"href":"https:\/\/permakultur-landwirtschaft.org\/fr\/wp-json\/wp\/v2\/posts"}],"about":[{"href":"https:\/\/permakultur-landwirtschaft.org\/fr\/wp-json\/wp\/v2\/types\/post"}],"author":[{"embeddable":true,"href":"https:\/\/permakultur-landwirtschaft.org\/fr\/wp-json\/wp\/v2\/users\/2"}],"replies":[{"embeddable":true,"href":"https:\/\/permakultur-landwirtschaft.org\/fr\/wp-json\/wp\/v2\/comments?post=627"}],"version-history":[{"count":7,"href":"https:\/\/permakultur-landwirtschaft.org\/fr\/wp-json\/wp\/v2\/posts\/627\/revisions"}],"predecessor-version":[{"id":34632,"href":"https:\/\/permakultur-landwirtschaft.org\/fr\/wp-json\/wp\/v2\/posts\/627\/revisions\/34632"}],"wp:featuredmedia":[{"embeddable":true,"href":"https:\/\/permakultur-landwirtschaft.org\/fr\/wp-json\/wp\/v2\/media\/628"}],"wp:attachment":[{"href":"https:\/\/permakultur-landwirtschaft.org\/fr\/wp-json\/wp\/v2\/media?parent=627"}],"wp:term":[{"taxonomy":"category","embeddable":true,"href":"https:\/\/permakultur-landwirtschaft.org\/fr\/wp-json\/wp\/v2\/categories?post=627"},{"taxonomy":"post_tag","embeddable":true,"href":"https:\/\/permakultur-landwirtschaft.org\/fr\/wp-json\/wp\/v2\/tags?post=627"}],"curies":[{"name":"wp","href":"https:\/\/api.w.org\/{rel}","templated":true}]}}