{"id":609,"date":"2016-04-23T16:44:52","date_gmt":"2016-04-23T14:44:52","guid":{"rendered":"http:\/\/permakultur-landwirtschaft.org\/?p=609"},"modified":"2024-04-24T15:41:53","modified_gmt":"2024-04-24T13:41:53","slug":"demeterlernendeworkshop","status":"publish","type":"post","link":"https:\/\/permakultur-landwirtschaft.org\/fr\/demeterlernendeworkshop\/","title":{"rendered":"Lehrlingstreffen &#038; H\u00fcgelbeet Workshop vom 23. bis 24. April"},"content":{"rendered":"<h4>Am 23. und 24. April 2016 kamen die Lehrlinge der biologisch-dynamischen landwirtschaftlichen Ausbildung zum j\u00e4hrlichen Lehrlingstreff bei der G\u00e4rtnerei Bio-Birchhof in Oberwil Lieli (AG) zusammen.<\/h4>\n<p>Sie erz\u00e4hlen \u00fcber ihre Erlebnisse&#8230;<br \/>\n<em>Text: Demeter Lernende, Klasse H<\/em><\/p>\n<p><!--more--><\/p>\n<p>Begr\u00fcsst wurden wir am Samstagmorgen von Matthias Br\u00fcck. Er ist Initiator und Mitbegr\u00fcnder des Vereins Permakultur-Landwirtschaft, einem Permakulturprojekt, welches 2,7 ha landwirtschaftliche Nutzfl\u00e4che des Birchhofs f\u00fcr experimentelle und wegleitende Entwicklungen nutzen kann. Ein Ziel des im November 2015 gegr\u00fcndeten Vereins besteht darin, einen Waldgarten mit\u00a0 verschiedenen Vegetationsschichten zu erschaffen, bei dem Pflanzen eingesetzt werden, welche sich in einer Lebensgemeinschaft (Symbiose) zueinander f\u00f6rdern. Dieser Garten besteht aus Obstb\u00e4umen, Kletterpflanzen, Str\u00e4uchern, mehrj\u00e4hrigem Kulturgem\u00fcse, Kr\u00e4utern etc.<\/p>\n<p>Die Vision besteht darin, einen Ort zu schaffen, welcher sich zum einen produktiv bewirtschaften l\u00e4sst, aber auch Raum f\u00fcr menschliche Begegnungen in einer naturnahen und \u00e4sthetischen Umgebung schafft.<\/p>\n<p>&nbsp;<\/p>\n<p><a href=\"https:\/\/permakultur-landwirtschaft.org\/wp-content\/uploads\/2016\/05\/DemeterWorkshop.jpg\"><img fetchpriority=\"high\" decoding=\"async\" class=\"wp-image-615 alignright\" src=\"https:\/\/permakultur-landwirtschaft.org\/wp-content\/uploads\/2016\/05\/DemeterWorkshop.jpg\" alt=\"Permakultur-Landwirtschaft Workshop bio-dynamisch\" width=\"295\" height=\"221\" srcset=\"https:\/\/permakultur-landwirtschaft.org\/wp-content\/uploads\/2016\/05\/DemeterWorkshop.jpg 800w, https:\/\/permakultur-landwirtschaft.org\/wp-content\/uploads\/2016\/05\/DemeterWorkshop-300x225.jpg 300w, https:\/\/permakultur-landwirtschaft.org\/wp-content\/uploads\/2016\/05\/DemeterWorkshop-768x576.jpg 768w\" sizes=\"(max-width: 295px) 100vw, 295px\" \/><\/a>Nach einer Vorstellungsrunde des Verein-Kernteams und der bio-dynamischen Lehrlinge machten wir uns auf den Weg zur Permakulturfl\u00e4che, auf welcher wir zwei H\u00fcgelbeete errichteten. Trotz des zum Teil starken Niederschlages packten die gut 30 Lehrlinge tatkr\u00e4ftig an. Nach ein paar Stunden waren die H\u00fcgelbeete erschaffen und am Sonntag wurde noch der Feinschliff vollbracht. Am Samstagabend war Raum f\u00fcr Austausch zwischen den Fachstudierenden \u00fcber die Ausbildung und ebenso f\u00fcr gem\u00fctliches Beisammensein am Feuer mit Gesang und Gitarrenspiel.<\/p>\n<p><!--more--><\/p>\n<p>Am Sonntagmorgen b<a href=\"https:\/\/permakultur-landwirtschaft.org\/wp-content\/uploads\/2016\/05\/IMG_4522.jpg\"><img decoding=\"async\" class=\"alignleft wp-image-611\" src=\"https:\/\/permakultur-landwirtschaft.org\/wp-content\/uploads\/2016\/05\/IMG_4522.jpg\" alt=\"Permakultur-Landwirtschaft Workshop bio-dynamisch\" width=\"191\" height=\"255\" srcset=\"https:\/\/permakultur-landwirtschaft.org\/wp-content\/uploads\/2016\/05\/IMG_4522.jpg 800w, https:\/\/permakultur-landwirtschaft.org\/wp-content\/uploads\/2016\/05\/IMG_4522-225x300.jpg 225w, https:\/\/permakultur-landwirtschaft.org\/wp-content\/uploads\/2016\/05\/IMG_4522-768x1024.jpg 768w\" sizes=\"(max-width: 191px) 100vw, 191px\" \/><\/a>erichtete Matthias Hollenstein (4. Lehrjahr) von seinen aktuellen Mulchversuchen.<\/p>\n<p>Etwas sp\u00e4ter machte Roger G\u00fcndel, Betriebsleiter und Eigent\u00fcmer der G\u00e4rtnerei Bio-Birchhof\u00a0 einen Hofrundgang mit uns. Er bewirtschaftet seine 14 ha seit 21 Jahren nach biologischen Richtlinien und seit 14 Jahren bio-dynamisch. Davon sind 4 \u2013 5 ha Gem\u00fcse. Dies bewerkstelligt er mit vier bis f\u00fcnf Festangestellten, Praktikanten und einem bis vier Lehrlingen. Von den 3000 m2 Gew\u00e4chshausfl\u00e4che werden ein Drittel von der Hofgenossenschaft Vision Birchhof genutzt. Die Genossenschaft besteht aus 100 Mitgliedern. Davon beziehen 45 Genosse<a href=\"https:\/\/permakultur-landwirtschaft.org\/wp-content\/uploads\/2016\/05\/IMG_4604.jpg\"><img decoding=\"async\" class=\"wp-image-614 alignright\" src=\"https:\/\/permakultur-landwirtschaft.org\/wp-content\/uploads\/2016\/05\/IMG_4604.jpg\" alt=\"Permakultur-Landwirtschaft Workshop bio-dynamisch\" width=\"301\" height=\"226\" srcset=\"https:\/\/permakultur-landwirtschaft.org\/wp-content\/uploads\/2016\/05\/IMG_4604.jpg 800w, https:\/\/permakultur-landwirtschaft.org\/wp-content\/uploads\/2016\/05\/IMG_4604-300x225.jpg 300w, https:\/\/permakultur-landwirtschaft.org\/wp-content\/uploads\/2016\/05\/IMG_4604-768x576.jpg 768w\" sizes=\"(max-width: 301px) 100vw, 301px\" \/><\/a>nschafterinnen, die auch einen Arbeitseinsatz auf dem Hof leisten m\u00fcssen, ein Gem\u00fcse-Abo. Die G\u00e4rtnerei Bio-Birchhof geht dreimal w\u00f6chentlich an den Markt am Helvetiaplatz und Lindenplatz in Z\u00fcrich. Zudem besteht ein Hofladen.<\/p>\n<p>Permakultur war schon immer ein Traum von Roger. Er lernte Matthias an einem Hoffest kennen. 2014 startete das Permakulturprojekt mit Unterst\u00fctzung vom Birchof.<\/p>\n<p>&nbsp;<\/p>\n<p>&nbsp;<\/p>\n<p>Am sp\u00e4teren Nachmittag zogen die Lehrlinge wieder auf ihre H\u00f6fe hinaus \u2013 mit vielen neuen Denkanst\u00f6ssen, welche dieses Wochenende mit sich gebracht hatte.<\/p>\n<p>Sch\u00f6n wars!<\/p>\n<p><strong><a href=\"https:\/\/flic.kr\/s\/aHskySiBSY\">Hier gehts zu weiteren Fotos und Videos.<\/a><\/strong><\/p>\n<p><strong>Wir bedanken uns ganz herzlich bei:<\/strong><\/p>\n<p>G\u00e4rtnerei Bio-Birchhof: Strohbett, R\u00e4umlichkeiten und Gem\u00fcse<br \/>\nVerein Permakultur-Landwirtschaft: Organisation und Strukturierung<br \/>\nDaniel K\u00f6ppel: Gem\u00fcse<br \/>\nRuppenhof: Gem\u00fcse<br \/>\nRandenhof: Jogurt und Quark<\/p>\n<p>&nbsp;<\/p>\n<p>Und zu guter Letzt nat\u00fcrlich bei allen Teilnehmern der bio-dynamischen Ausbildung, ohne die dieses Treffen nicht zustande gekommen w\u00e4re!<\/p>\n<p>Wir freuen uns aufs n\u00e4chste Jahr !<\/p>\n<p>Klasse H<\/p>\n<p>&nbsp;<\/p>\n<p>&nbsp;<\/p>","protected":false},"excerpt":{"rendered":"<p>Am 23. und 24. April 2016 kamen die Lehrlinge der biologisch-dynamischen landwirtschaftlichen Ausbildung zum j\u00e4hrlichen Lehrlingstreff bei der G\u00e4rtnerei Bio-Birchhof in Oberwil Lieli (AG) zusammen. Sie erz\u00e4hlen \u00fcber ihre Erlebnisse&#8230; Text: Demeter Lernende, Klasse H<\/p>","protected":false},"author":2,"featured_media":617,"comment_status":"closed","ping_status":"closed","sticky":false,"template":"","format":"standard","meta":{"_acf_changed":false,"site-sidebar-layout":"default","site-content-layout":"","ast-site-content-layout":"default","site-content-style":"default","site-sidebar-style":"default","ast-global-header-display":"","ast-banner-title-visibility":"","ast-main-header-display":"","ast-hfb-above-header-display":"","ast-hfb-below-header-display":"","ast-hfb-mobile-header-display":"","site-post-title":"","ast-breadcrumbs-content":"","ast-featured-img":"","footer-sml-layout":"","ast-disable-related-posts":"","theme-transparent-header-meta":"","adv-header-id-meta":"","stick-header-meta":"","header-above-stick-meta":"","header-main-stick-meta":"","header-below-stick-meta":"","astra-migrate-meta-layouts":"default","ast-page-background-enabled":"default","ast-page-background-meta":{"desktop":{"background-color":"var(--ast-global-color-4)","background-image":"","background-repeat":"repeat","background-position":"center center","background-size":"auto","background-attachment":"scroll","background-type":"","background-media":"","overlay-type":"","overlay-color":"","overlay-opacity":"","overlay-gradient":""},"tablet":{"background-color":"","background-image":"","background-repeat":"repeat","background-position":"center center","background-size":"auto","background-attachment":"scroll","background-type":"","background-media":"","overlay-type":"","overlay-color":"","overlay-opacity":"","overlay-gradient":""},"mobile":{"background-color":"","background-image":"","background-repeat":"repeat","background-position":"center center","background-size":"auto","background-attachment":"scroll","background-type":"","background-media":"","overlay-type":"","overlay-color":"","overlay-opacity":"","overlay-gradient":""}},"ast-content-background-meta":{"desktop":{"background-color":"var(--ast-global-color-5)","background-image":"","background-repeat":"repeat","background-position":"center center","background-size":"auto","background-attachment":"scroll","background-type":"","background-media":"","overlay-type":"","overlay-color":"","overlay-opacity":"","overlay-gradient":""},"tablet":{"background-color":"var(--ast-global-color-5)","background-image":"","background-repeat":"repeat","background-position":"center center","background-size":"auto","background-attachment":"scroll","background-type":"","background-media":"","overlay-type":"","overlay-color":"","overlay-opacity":"","overlay-gradient":""},"mobile":{"background-color":"var(--ast-global-color-5)","background-image":"","background-repeat":"repeat","background-position":"center center","background-size":"auto","background-attachment":"scroll","background-type":"","background-media":"","overlay-type":"","overlay-color":"","overlay-opacity":"","overlay-gradient":""}},"footnotes":""},"categories":[21],"tags":[],"class_list":["post-609","post","type-post","status-publish","format-standard","has-post-thumbnail","hentry","category-veranstaltungen_archiv"],"acf":[],"yoast_head":"<!-- This site is optimized with the Yoast SEO plugin v27.5 - https:\/\/yoast.com\/product\/yoast-seo-wordpress\/ -->\n<title>Lehrlingstreffen &amp; H\u00fcgelbeet Workshop vom 23. bis 24. April - Permakultur-Landwirtschaft<\/title>\n<meta name=\"robots\" content=\"index, follow, max-snippet:-1, max-image-preview:large, max-video-preview:-1\" \/>\n<link rel=\"canonical\" href=\"https:\/\/permakultur-landwirtschaft.org\/fr\/demeterlernendeworkshop\/\" \/>\n<meta property=\"og:locale\" content=\"fr_FR\" \/>\n<meta property=\"og:type\" content=\"article\" \/>\n<meta property=\"og:title\" content=\"Lehrlingstreffen &amp; H\u00fcgelbeet Workshop vom 23. bis 24. April - Permakultur-Landwirtschaft\" \/>\n<meta property=\"og:description\" content=\"Am 23. und 24. April 2016 kamen die Lehrlinge der biologisch-dynamischen landwirtschaftlichen Ausbildung zum j\u00e4hrlichen Lehrlingstreff bei der G\u00e4rtnerei Bio-Birchhof in Oberwil Lieli (AG) zusammen. Sie erz\u00e4hlen \u00fcber ihre Erlebnisse&#8230; Text: Demeter Lernende, Klasse H\" \/>\n<meta property=\"og:url\" content=\"https:\/\/permakultur-landwirtschaft.org\/fr\/demeterlernendeworkshop\/\" \/>\n<meta property=\"og:site_name\" content=\"Permakultur-Landwirtschaft\" \/>\n<meta property=\"article:publisher\" content=\"https:\/\/www.facebook.com\/PermakulturLandwirtschaft\" \/>\n<meta property=\"article:published_time\" content=\"2016-04-23T14:44:52+00:00\" \/>\n<meta property=\"article:modified_time\" content=\"2024-04-24T13:41:53+00:00\" \/>\n<meta property=\"og:image\" content=\"https:\/\/permakultur-landwirtschaft.org\/wp-content\/uploads\/2016\/05\/IMG_4566.jpg\" \/>\n\t<meta property=\"og:image:width\" content=\"800\" \/>\n\t<meta property=\"og:image:height\" content=\"1067\" \/>\n\t<meta property=\"og:image:type\" content=\"image\/jpeg\" \/>\n<meta name=\"author\" content=\"adrian reutimann\" \/>\n<meta name=\"twitter:card\" content=\"summary_large_image\" \/>\n<meta name=\"twitter:label1\" content=\"\u00c9crit par\" \/>\n\t<meta name=\"twitter:data1\" content=\"adrian reutimann\" \/>\n\t<meta name=\"twitter:label2\" content=\"Dur\u00e9e de lecture estim\u00e9e\" \/>\n\t<meta name=\"twitter:data2\" content=\"2 minutes\" \/>\n<script type=\"application\/ld+json\" class=\"yoast-schema-graph\">{\"@context\":\"https:\\\/\\\/schema.org\",\"@graph\":[{\"@type\":\"Article\",\"@id\":\"https:\\\/\\\/permakultur-landwirtschaft.org\\\/demeterlernendeworkshop\\\/#article\",\"isPartOf\":{\"@id\":\"https:\\\/\\\/permakultur-landwirtschaft.org\\\/demeterlernendeworkshop\\\/\"},\"author\":{\"name\":\"adrian reutimann\",\"@id\":\"https:\\\/\\\/permakultur-landwirtschaft.org\\\/#\\\/schema\\\/person\\\/6b0467872f75aed3e144093f9bf4f0b0\"},\"headline\":\"Lehrlingstreffen &#038; H\u00fcgelbeet Workshop vom 23. bis 24. April\",\"datePublished\":\"2016-04-23T14:44:52+00:00\",\"dateModified\":\"2024-04-24T13:41:53+00:00\",\"mainEntityOfPage\":{\"@id\":\"https:\\\/\\\/permakultur-landwirtschaft.org\\\/demeterlernendeworkshop\\\/\"},\"wordCount\":484,\"publisher\":{\"@id\":\"https:\\\/\\\/permakultur-landwirtschaft.org\\\/#organization\"},\"image\":{\"@id\":\"https:\\\/\\\/permakultur-landwirtschaft.org\\\/demeterlernendeworkshop\\\/#primaryimage\"},\"thumbnailUrl\":\"https:\\\/\\\/permakultur-landwirtschaft.org\\\/wp-content\\\/uploads\\\/2016\\\/05\\\/IMG_4566.jpg\",\"articleSection\":[\"Veranstaltungen_Archiv\"],\"inLanguage\":\"fr-FR\"},{\"@type\":\"WebPage\",\"@id\":\"https:\\\/\\\/permakultur-landwirtschaft.org\\\/demeterlernendeworkshop\\\/\",\"url\":\"https:\\\/\\\/permakultur-landwirtschaft.org\\\/demeterlernendeworkshop\\\/\",\"name\":\"Lehrlingstreffen & H\u00fcgelbeet Workshop vom 23. bis 24. April - Permakultur-Landwirtschaft\",\"isPartOf\":{\"@id\":\"https:\\\/\\\/permakultur-landwirtschaft.org\\\/#website\"},\"primaryImageOfPage\":{\"@id\":\"https:\\\/\\\/permakultur-landwirtschaft.org\\\/demeterlernendeworkshop\\\/#primaryimage\"},\"image\":{\"@id\":\"https:\\\/\\\/permakultur-landwirtschaft.org\\\/demeterlernendeworkshop\\\/#primaryimage\"},\"thumbnailUrl\":\"https:\\\/\\\/permakultur-landwirtschaft.org\\\/wp-content\\\/uploads\\\/2016\\\/05\\\/IMG_4566.jpg\",\"datePublished\":\"2016-04-23T14:44:52+00:00\",\"dateModified\":\"2024-04-24T13:41:53+00:00\",\"breadcrumb\":{\"@id\":\"https:\\\/\\\/permakultur-landwirtschaft.org\\\/demeterlernendeworkshop\\\/#breadcrumb\"},\"inLanguage\":\"fr-FR\",\"potentialAction\":[{\"@type\":\"ReadAction\",\"target\":[\"https:\\\/\\\/permakultur-landwirtschaft.org\\\/demeterlernendeworkshop\\\/\"]}]},{\"@type\":\"ImageObject\",\"inLanguage\":\"fr-FR\",\"@id\":\"https:\\\/\\\/permakultur-landwirtschaft.org\\\/demeterlernendeworkshop\\\/#primaryimage\",\"url\":\"https:\\\/\\\/permakultur-landwirtschaft.org\\\/wp-content\\\/uploads\\\/2016\\\/05\\\/IMG_4566.jpg\",\"contentUrl\":\"https:\\\/\\\/permakultur-landwirtschaft.org\\\/wp-content\\\/uploads\\\/2016\\\/05\\\/IMG_4566.jpg\",\"width\":800,\"height\":1067,\"caption\":\"Permakultur-Landwirtschaft Workshop bio-dynamisch\"},{\"@type\":\"BreadcrumbList\",\"@id\":\"https:\\\/\\\/permakultur-landwirtschaft.org\\\/demeterlernendeworkshop\\\/#breadcrumb\",\"itemListElement\":[{\"@type\":\"ListItem\",\"position\":1,\"name\":\"Startseite\",\"item\":\"https:\\\/\\\/permakultur-landwirtschaft.org\\\/\"},{\"@type\":\"ListItem\",\"position\":2,\"name\":\"Lehrlingstreffen &#038; H\u00fcgelbeet Workshop vom 23. bis 24. April\"}]},{\"@type\":\"WebSite\",\"@id\":\"https:\\\/\\\/permakultur-landwirtschaft.org\\\/#website\",\"url\":\"https:\\\/\\\/permakultur-landwirtschaft.org\\\/\",\"name\":\"Permakultur-Landwirtschaft\",\"description\":\"F\u00f6rderung der Permakultur in der Landwirtschaft\",\"publisher\":{\"@id\":\"https:\\\/\\\/permakultur-landwirtschaft.org\\\/#organization\"},\"potentialAction\":[{\"@type\":\"SearchAction\",\"target\":{\"@type\":\"EntryPoint\",\"urlTemplate\":\"https:\\\/\\\/permakultur-landwirtschaft.org\\\/?s={search_term_string}\"},\"query-input\":{\"@type\":\"PropertyValueSpecification\",\"valueRequired\":true,\"valueName\":\"search_term_string\"}}],\"inLanguage\":\"fr-FR\"},{\"@type\":\"Organization\",\"@id\":\"https:\\\/\\\/permakultur-landwirtschaft.org\\\/#organization\",\"name\":\"Permakultur-Landwirtschaft\",\"alternateName\":\"Verein Permakultur-Landwirtschaft\",\"url\":\"https:\\\/\\\/permakultur-landwirtschaft.org\\\/\",\"logo\":{\"@type\":\"ImageObject\",\"inLanguage\":\"fr-FR\",\"@id\":\"https:\\\/\\\/permakultur-landwirtschaft.org\\\/#\\\/schema\\\/logo\\\/image\\\/\",\"url\":\"https:\\\/\\\/permakultur-landwirtschaft.org\\\/wp-content\\\/uploads\\\/2021\\\/11\\\/pela_1268x1269.png\",\"contentUrl\":\"https:\\\/\\\/permakultur-landwirtschaft.org\\\/wp-content\\\/uploads\\\/2021\\\/11\\\/pela_1268x1269.png\",\"width\":1298,\"height\":1269,\"caption\":\"Permakultur-Landwirtschaft\"},\"image\":{\"@id\":\"https:\\\/\\\/permakultur-landwirtschaft.org\\\/#\\\/schema\\\/logo\\\/image\\\/\"},\"sameAs\":[\"https:\\\/\\\/www.facebook.com\\\/PermakulturLandwirtschaft\",\"https:\\\/\\\/www.instagram.com\\\/permakultur_landwirtschaft\\\/\",\"https:\\\/\\\/www.flickr.com\\\/photos\\\/permakultur-landwirtschaft\",\"https:\\\/\\\/www.youtube.com\\\/@PermakulturLandwirtschaft\"]},{\"@type\":\"Person\",\"@id\":\"https:\\\/\\\/permakultur-landwirtschaft.org\\\/#\\\/schema\\\/person\\\/6b0467872f75aed3e144093f9bf4f0b0\",\"name\":\"adrian reutimann\",\"url\":\"https:\\\/\\\/permakultur-landwirtschaft.org\\\/fr\\\/author\\\/reutiadr\\\/\"}]}<\/script>\n<!-- \/ Yoast SEO plugin. -->","yoast_head_json":{"title":"Lehrlingstreffen & H\u00fcgelbeet Workshop vom 23. bis 24. April - Permakultur-Landwirtschaft","robots":{"index":"index","follow":"follow","max-snippet":"max-snippet:-1","max-image-preview":"max-image-preview:large","max-video-preview":"max-video-preview:-1"},"canonical":"https:\/\/permakultur-landwirtschaft.org\/fr\/demeterlernendeworkshop\/","og_locale":"fr_FR","og_type":"article","og_title":"Lehrlingstreffen & H\u00fcgelbeet Workshop vom 23. bis 24. April - Permakultur-Landwirtschaft","og_description":"Am 23. und 24. April 2016 kamen die Lehrlinge der biologisch-dynamischen landwirtschaftlichen Ausbildung zum j\u00e4hrlichen Lehrlingstreff bei der G\u00e4rtnerei Bio-Birchhof in Oberwil Lieli (AG) zusammen. Sie erz\u00e4hlen \u00fcber ihre Erlebnisse&#8230; Text: Demeter Lernende, Klasse H","og_url":"https:\/\/permakultur-landwirtschaft.org\/fr\/demeterlernendeworkshop\/","og_site_name":"Permakultur-Landwirtschaft","article_publisher":"https:\/\/www.facebook.com\/PermakulturLandwirtschaft","article_published_time":"2016-04-23T14:44:52+00:00","article_modified_time":"2024-04-24T13:41:53+00:00","og_image":[{"width":800,"height":1067,"url":"https:\/\/permakultur-landwirtschaft.org\/wp-content\/uploads\/2016\/05\/IMG_4566.jpg","type":"image\/jpeg"}],"author":"adrian reutimann","twitter_card":"summary_large_image","twitter_misc":{"\u00c9crit par":"adrian reutimann","Dur\u00e9e de lecture estim\u00e9e":"2 minutes"},"schema":{"@context":"https:\/\/schema.org","@graph":[{"@type":"Article","@id":"https:\/\/permakultur-landwirtschaft.org\/demeterlernendeworkshop\/#article","isPartOf":{"@id":"https:\/\/permakultur-landwirtschaft.org\/demeterlernendeworkshop\/"},"author":{"name":"adrian reutimann","@id":"https:\/\/permakultur-landwirtschaft.org\/#\/schema\/person\/6b0467872f75aed3e144093f9bf4f0b0"},"headline":"Lehrlingstreffen &#038; H\u00fcgelbeet Workshop vom 23. bis 24. April","datePublished":"2016-04-23T14:44:52+00:00","dateModified":"2024-04-24T13:41:53+00:00","mainEntityOfPage":{"@id":"https:\/\/permakultur-landwirtschaft.org\/demeterlernendeworkshop\/"},"wordCount":484,"publisher":{"@id":"https:\/\/permakultur-landwirtschaft.org\/#organization"},"image":{"@id":"https:\/\/permakultur-landwirtschaft.org\/demeterlernendeworkshop\/#primaryimage"},"thumbnailUrl":"https:\/\/permakultur-landwirtschaft.org\/wp-content\/uploads\/2016\/05\/IMG_4566.jpg","articleSection":["Veranstaltungen_Archiv"],"inLanguage":"fr-FR"},{"@type":"WebPage","@id":"https:\/\/permakultur-landwirtschaft.org\/demeterlernendeworkshop\/","url":"https:\/\/permakultur-landwirtschaft.org\/demeterlernendeworkshop\/","name":"Lehrlingstreffen & H\u00fcgelbeet Workshop vom 23. bis 24. April - Permakultur-Landwirtschaft","isPartOf":{"@id":"https:\/\/permakultur-landwirtschaft.org\/#website"},"primaryImageOfPage":{"@id":"https:\/\/permakultur-landwirtschaft.org\/demeterlernendeworkshop\/#primaryimage"},"image":{"@id":"https:\/\/permakultur-landwirtschaft.org\/demeterlernendeworkshop\/#primaryimage"},"thumbnailUrl":"https:\/\/permakultur-landwirtschaft.org\/wp-content\/uploads\/2016\/05\/IMG_4566.jpg","datePublished":"2016-04-23T14:44:52+00:00","dateModified":"2024-04-24T13:41:53+00:00","breadcrumb":{"@id":"https:\/\/permakultur-landwirtschaft.org\/demeterlernendeworkshop\/#breadcrumb"},"inLanguage":"fr-FR","potentialAction":[{"@type":"ReadAction","target":["https:\/\/permakultur-landwirtschaft.org\/demeterlernendeworkshop\/"]}]},{"@type":"ImageObject","inLanguage":"fr-FR","@id":"https:\/\/permakultur-landwirtschaft.org\/demeterlernendeworkshop\/#primaryimage","url":"https:\/\/permakultur-landwirtschaft.org\/wp-content\/uploads\/2016\/05\/IMG_4566.jpg","contentUrl":"https:\/\/permakultur-landwirtschaft.org\/wp-content\/uploads\/2016\/05\/IMG_4566.jpg","width":800,"height":1067,"caption":"Permakultur-Landwirtschaft Workshop bio-dynamisch"},{"@type":"BreadcrumbList","@id":"https:\/\/permakultur-landwirtschaft.org\/demeterlernendeworkshop\/#breadcrumb","itemListElement":[{"@type":"ListItem","position":1,"name":"Startseite","item":"https:\/\/permakultur-landwirtschaft.org\/"},{"@type":"ListItem","position":2,"name":"Lehrlingstreffen &#038; H\u00fcgelbeet Workshop vom 23. bis 24. April"}]},{"@type":"WebSite","@id":"https:\/\/permakultur-landwirtschaft.org\/#website","url":"https:\/\/permakultur-landwirtschaft.org\/","name":"Permakultur-Landwirtschaft","description":"F\u00f6rderung der Permakultur in der Landwirtschaft","publisher":{"@id":"https:\/\/permakultur-landwirtschaft.org\/#organization"},"potentialAction":[{"@type":"SearchAction","target":{"@type":"EntryPoint","urlTemplate":"https:\/\/permakultur-landwirtschaft.org\/?s={search_term_string}"},"query-input":{"@type":"PropertyValueSpecification","valueRequired":true,"valueName":"search_term_string"}}],"inLanguage":"fr-FR"},{"@type":"Organization","@id":"https:\/\/permakultur-landwirtschaft.org\/#organization","name":"Permakultur-Landwirtschaft","alternateName":"Verein Permakultur-Landwirtschaft","url":"https:\/\/permakultur-landwirtschaft.org\/","logo":{"@type":"ImageObject","inLanguage":"fr-FR","@id":"https:\/\/permakultur-landwirtschaft.org\/#\/schema\/logo\/image\/","url":"https:\/\/permakultur-landwirtschaft.org\/wp-content\/uploads\/2021\/11\/pela_1268x1269.png","contentUrl":"https:\/\/permakultur-landwirtschaft.org\/wp-content\/uploads\/2021\/11\/pela_1268x1269.png","width":1298,"height":1269,"caption":"Permakultur-Landwirtschaft"},"image":{"@id":"https:\/\/permakultur-landwirtschaft.org\/#\/schema\/logo\/image\/"},"sameAs":["https:\/\/www.facebook.com\/PermakulturLandwirtschaft","https:\/\/www.instagram.com\/permakultur_landwirtschaft\/","https:\/\/www.flickr.com\/photos\/permakultur-landwirtschaft","https:\/\/www.youtube.com\/@PermakulturLandwirtschaft"]},{"@type":"Person","@id":"https:\/\/permakultur-landwirtschaft.org\/#\/schema\/person\/6b0467872f75aed3e144093f9bf4f0b0","name":"adrian reutimann","url":"https:\/\/permakultur-landwirtschaft.org\/fr\/author\/reutiadr\/"}]}},"_links":{"self":[{"href":"https:\/\/permakultur-landwirtschaft.org\/fr\/wp-json\/wp\/v2\/posts\/609","targetHints":{"allow":["GET"]}}],"collection":[{"href":"https:\/\/permakultur-landwirtschaft.org\/fr\/wp-json\/wp\/v2\/posts"}],"about":[{"href":"https:\/\/permakultur-landwirtschaft.org\/fr\/wp-json\/wp\/v2\/types\/post"}],"author":[{"embeddable":true,"href":"https:\/\/permakultur-landwirtschaft.org\/fr\/wp-json\/wp\/v2\/users\/2"}],"replies":[{"embeddable":true,"href":"https:\/\/permakultur-landwirtschaft.org\/fr\/wp-json\/wp\/v2\/comments?post=609"}],"version-history":[{"count":6,"href":"https:\/\/permakultur-landwirtschaft.org\/fr\/wp-json\/wp\/v2\/posts\/609\/revisions"}],"predecessor-version":[{"id":620,"href":"https:\/\/permakultur-landwirtschaft.org\/fr\/wp-json\/wp\/v2\/posts\/609\/revisions\/620"}],"wp:featuredmedia":[{"embeddable":true,"href":"https:\/\/permakultur-landwirtschaft.org\/fr\/wp-json\/wp\/v2\/media\/617"}],"wp:attachment":[{"href":"https:\/\/permakultur-landwirtschaft.org\/fr\/wp-json\/wp\/v2\/media?parent=609"}],"wp:term":[{"taxonomy":"category","embeddable":true,"href":"https:\/\/permakultur-landwirtschaft.org\/fr\/wp-json\/wp\/v2\/categories?post=609"},{"taxonomy":"post_tag","embeddable":true,"href":"https:\/\/permakultur-landwirtschaft.org\/fr\/wp-json\/wp\/v2\/tags?post=609"}],"curies":[{"name":"wp","href":"https:\/\/api.w.org\/{rel}","templated":true}]}}