{"id":39216,"date":"2025-06-27T15:20:00","date_gmt":"2025-06-27T13:20:00","guid":{"rendered":"https:\/\/permakultur-landwirtschaft.org\/?p=39216"},"modified":"2026-04-09T15:28:15","modified_gmt":"2026-04-09T13:28:15","slug":"agroforst-baeume-auf-dem-acker-pflanzen-gegen-trockenheit-beitrag-vom-27-juni-2025","status":"publish","type":"post","link":"https:\/\/permakultur-landwirtschaft.org\/fr\/agroforst-baeume-auf-dem-acker-pflanzen-gegen-trockenheit-beitrag-vom-27-juni-2025\/","title":{"rendered":"Agroforst: B\u00e4ume auf dem Acker pflanzen gegen Trockenheit &#8211; Beitrag vom 27. Juni 2025"},"content":{"rendered":"<p>Ulrich G\u00e4rttling und Christine Primbs setzen auf Agroforst, weil sie ihre Felder gegen Trockenheit und Wind sch\u00fctzen wollen. Aber die Umsetzung erfordert Geduld und finanzielle Investitionen. Agroforst bedeutet, B\u00e4ume und Str\u00e4ucher zwischen landwirtschaftlichen Fl\u00e4chen zu pflanzen, um Bodenerosion zu verhindern und Wasser in den trockenen B\u00f6den zu speichern.<\/p>\n\n\n\n<p>In Mittelfranken, wo es besonders trocken ist, pflanzen die beiden Landwirte in regelm\u00e4\u00dfigen Abst\u00e4nden Baumreihen, darunter schnellwachsende Pappeln und trockenheitstolerante Arten wie Elsbeeren und Wildkirschen. Diese B\u00e4ume sollen langfristig die Ernte sichern und die Artenvielfalt f\u00f6rdern. Trotz der staatlichen F\u00f6rderung von bis zu 5000 Euro pro Hektar ist Agroforstwirtschaft kostspielig und zeitaufwendig. Noch sind Baumreihen im Acker eine Seltenheit, aber sie k\u00f6nnten sich als effektive L\u00f6sung gegen die Folgen des Klimawandels erweisen.<\/p>\n\n\n\n<figure class=\"wp-block-embed is-type-video is-provider-youtube wp-block-embed-youtube wp-embed-aspect-16-9 wp-has-aspect-ratio\"><div class=\"wp-block-embed__wrapper\">\n<iframe title=\"Agroforst: B\u00e4ume auf dem Acker pflanzen gegen Trockenheit | Unser Land | BR\" width=\"500\" height=\"281\" src=\"https:\/\/www.youtube.com\/embed\/d8oVTMmgGIE?feature=oembed\" frameborder=\"0\" allow=\"accelerometer; autoplay; clipboard-write; encrypted-media; gyroscope; picture-in-picture; web-share\" referrerpolicy=\"strict-origin-when-cross-origin\" allowfullscreen><\/iframe>\n<\/div><\/figure>\n\n\n\n<p><\/p>","protected":false},"excerpt":{"rendered":"<p>Ulrich G\u00e4rttling und Christine Primbs setzen auf Agroforst, weil sie ihre Felder gegen Trockenheit und Wind sch\u00fctzen wollen. Aber die Umsetzung erfordert Geduld und finanzielle Investitionen. Agroforst bedeutet, B\u00e4ume und Str\u00e4ucher zwischen landwirtschaftlichen Fl\u00e4chen zu pflanzen, um Bodenerosion zu verhindern und Wasser in den trockenen B\u00f6den zu speichern. In Mittelfranken, wo es besonders trocken ist, [&hellip;]<\/p>\n","protected":false},"author":2,"featured_media":39217,"comment_status":"closed","ping_status":"closed","sticky":false,"template":"","format":"standard","meta":{"_acf_changed":false,"site-sidebar-layout":"default","site-content-layout":"","ast-site-content-layout":"default","site-content-style":"default","site-sidebar-style":"default","ast-global-header-display":"","ast-banner-title-visibility":"","ast-main-header-display":"","ast-hfb-above-header-display":"","ast-hfb-below-header-display":"","ast-hfb-mobile-header-display":"","site-post-title":"","ast-breadcrumbs-content":"","ast-featured-img":"","footer-sml-layout":"","ast-disable-related-posts":"","theme-transparent-header-meta":"","adv-header-id-meta":"","stick-header-meta":"","header-above-stick-meta":"","header-main-stick-meta":"","header-below-stick-meta":"","astra-migrate-meta-layouts":"set","ast-page-background-enabled":"default","ast-page-background-meta":{"desktop":{"background-color":"var(--ast-global-color-4)","background-image":"","background-repeat":"repeat","background-position":"center center","background-size":"auto","background-attachment":"scroll","background-type":"","background-media":"","overlay-type":"","overlay-color":"","overlay-opacity":"","overlay-gradient":""},"tablet":{"background-color":"","background-image":"","background-repeat":"repeat","background-position":"center center","background-size":"auto","background-attachment":"scroll","background-type":"","background-media":"","overlay-type":"","overlay-color":"","overlay-opacity":"","overlay-gradient":""},"mobile":{"background-color":"","background-image":"","background-repeat":"repeat","background-position":"center center","background-size":"auto","background-attachment":"scroll","background-type":"","background-media":"","overlay-type":"","overlay-color":"","overlay-opacity":"","overlay-gradient":""}},"ast-content-background-meta":{"desktop":{"background-color":"var(--ast-global-color-5)","background-image":"","background-repeat":"repeat","background-position":"center center","background-size":"auto","background-attachment":"scroll","background-type":"","background-media":"","overlay-type":"","overlay-color":"","overlay-opacity":"","overlay-gradient":""},"tablet":{"background-color":"var(--ast-global-color-5)","background-image":"","background-repeat":"repeat","background-position":"center center","background-size":"auto","background-attachment":"scroll","background-type":"","background-media":"","overlay-type":"","overlay-color":"","overlay-opacity":"","overlay-gradient":""},"mobile":{"background-color":"var(--ast-global-color-5)","background-image":"","background-repeat":"repeat","background-position":"center center","background-size":"auto","background-attachment":"scroll","background-type":"","background-media":"","overlay-type":"","overlay-color":"","overlay-opacity":"","overlay-gradient":""}},"footnotes":""},"categories":[45],"tags":[31,196,1420,1419,1150],"class_list":["post-39216","post","type-post","status-publish","format-standard","has-post-thumbnail","hentry","category-filme","tag-agroforst","tag-br","tag-schutz","tag-unser-land","tag-wind"],"acf":[],"yoast_head":"<!-- This site is optimized with the Yoast SEO plugin v27.5 - https:\/\/yoast.com\/product\/yoast-seo-wordpress\/ -->\n<title>Agroforst: B\u00e4ume auf dem Acker pflanzen gegen Trockenheit - Beitrag vom 27. Juni 2025 - Permakultur-Landwirtschaft<\/title>\n<meta name=\"robots\" content=\"index, follow, max-snippet:-1, max-image-preview:large, max-video-preview:-1\" \/>\n<link rel=\"canonical\" href=\"https:\/\/permakultur-landwirtschaft.org\/fr\/agroforst-baeume-auf-dem-acker-pflanzen-gegen-trockenheit-beitrag-vom-27-juni-2025\/\" \/>\n<meta property=\"og:locale\" content=\"fr_FR\" \/>\n<meta property=\"og:type\" content=\"article\" \/>\n<meta property=\"og:title\" content=\"Agroforst: B\u00e4ume auf dem Acker pflanzen gegen Trockenheit - Beitrag vom 27. Juni 2025 - Permakultur-Landwirtschaft\" \/>\n<meta property=\"og:description\" content=\"Ulrich G\u00e4rttling und Christine Primbs setzen auf Agroforst, weil sie ihre Felder gegen Trockenheit und Wind sch\u00fctzen wollen. Aber die Umsetzung erfordert Geduld und finanzielle Investitionen. Agroforst bedeutet, B\u00e4ume und Str\u00e4ucher zwischen landwirtschaftlichen Fl\u00e4chen zu pflanzen, um Bodenerosion zu verhindern und Wasser in den trockenen B\u00f6den zu speichern. In Mittelfranken, wo es besonders trocken ist, [&hellip;]\" \/>\n<meta property=\"og:url\" content=\"https:\/\/permakultur-landwirtschaft.org\/fr\/agroforst-baeume-auf-dem-acker-pflanzen-gegen-trockenheit-beitrag-vom-27-juni-2025\/\" \/>\n<meta property=\"og:site_name\" content=\"Permakultur-Landwirtschaft\" \/>\n<meta property=\"article:publisher\" content=\"https:\/\/www.facebook.com\/PermakulturLandwirtschaft\" \/>\n<meta property=\"article:published_time\" content=\"2025-06-27T13:20:00+00:00\" \/>\n<meta property=\"article:modified_time\" content=\"2026-04-09T13:28:15+00:00\" \/>\n<meta property=\"og:image\" content=\"https:\/\/permakultur-landwirtschaft.org\/wp-content\/uploads\/2026\/04\/br-unser-land-agroforst-09-04-2026_15-17-55.jpg\" \/>\n\t<meta property=\"og:image:width\" content=\"701\" \/>\n\t<meta property=\"og:image:height\" content=\"390\" \/>\n\t<meta property=\"og:image:type\" content=\"image\/jpeg\" \/>\n<meta name=\"author\" content=\"adrian reutimann\" \/>\n<meta name=\"twitter:card\" content=\"summary_large_image\" \/>\n<meta name=\"twitter:label1\" content=\"\u00c9crit par\" \/>\n\t<meta name=\"twitter:data1\" content=\"adrian reutimann\" \/>\n\t<meta name=\"twitter:label2\" content=\"Dur\u00e9e de lecture estim\u00e9e\" \/>\n\t<meta name=\"twitter:data2\" content=\"1 minute\" \/>\n<script type=\"application\/ld+json\" class=\"yoast-schema-graph\">{\"@context\":\"https:\\\/\\\/schema.org\",\"@graph\":[{\"@type\":\"Article\",\"@id\":\"https:\\\/\\\/permakultur-landwirtschaft.org\\\/agroforst-baeume-auf-dem-acker-pflanzen-gegen-trockenheit-beitrag-vom-27-juni-2025\\\/#article\",\"isPartOf\":{\"@id\":\"https:\\\/\\\/permakultur-landwirtschaft.org\\\/agroforst-baeume-auf-dem-acker-pflanzen-gegen-trockenheit-beitrag-vom-27-juni-2025\\\/\"},\"author\":{\"name\":\"adrian reutimann\",\"@id\":\"https:\\\/\\\/permakultur-landwirtschaft.org\\\/#\\\/schema\\\/person\\\/6b0467872f75aed3e144093f9bf4f0b0\"},\"headline\":\"Agroforst: B\u00e4ume auf dem Acker pflanzen gegen Trockenheit &#8211; Beitrag vom 27. Juni 2025\",\"datePublished\":\"2025-06-27T13:20:00+00:00\",\"dateModified\":\"2026-04-09T13:28:15+00:00\",\"mainEntityOfPage\":{\"@id\":\"https:\\\/\\\/permakultur-landwirtschaft.org\\\/agroforst-baeume-auf-dem-acker-pflanzen-gegen-trockenheit-beitrag-vom-27-juni-2025\\\/\"},\"wordCount\":150,\"publisher\":{\"@id\":\"https:\\\/\\\/permakultur-landwirtschaft.org\\\/#organization\"},\"image\":{\"@id\":\"https:\\\/\\\/permakultur-landwirtschaft.org\\\/agroforst-baeume-auf-dem-acker-pflanzen-gegen-trockenheit-beitrag-vom-27-juni-2025\\\/#primaryimage\"},\"thumbnailUrl\":\"https:\\\/\\\/permakultur-landwirtschaft.org\\\/wp-content\\\/uploads\\\/2026\\\/04\\\/br-unser-land-agroforst-09-04-2026_15-17-55.jpg\",\"keywords\":[\"Agroforst\",\"BR\",\"Schutz\",\"Unser Land\",\"Wind\"],\"articleSection\":[\"Film\"],\"inLanguage\":\"fr-FR\"},{\"@type\":\"WebPage\",\"@id\":\"https:\\\/\\\/permakultur-landwirtschaft.org\\\/agroforst-baeume-auf-dem-acker-pflanzen-gegen-trockenheit-beitrag-vom-27-juni-2025\\\/\",\"url\":\"https:\\\/\\\/permakultur-landwirtschaft.org\\\/agroforst-baeume-auf-dem-acker-pflanzen-gegen-trockenheit-beitrag-vom-27-juni-2025\\\/\",\"name\":\"Agroforst: B\u00e4ume auf dem Acker pflanzen gegen Trockenheit - Beitrag vom 27. Juni 2025 - Permakultur-Landwirtschaft\",\"isPartOf\":{\"@id\":\"https:\\\/\\\/permakultur-landwirtschaft.org\\\/#website\"},\"primaryImageOfPage\":{\"@id\":\"https:\\\/\\\/permakultur-landwirtschaft.org\\\/agroforst-baeume-auf-dem-acker-pflanzen-gegen-trockenheit-beitrag-vom-27-juni-2025\\\/#primaryimage\"},\"image\":{\"@id\":\"https:\\\/\\\/permakultur-landwirtschaft.org\\\/agroforst-baeume-auf-dem-acker-pflanzen-gegen-trockenheit-beitrag-vom-27-juni-2025\\\/#primaryimage\"},\"thumbnailUrl\":\"https:\\\/\\\/permakultur-landwirtschaft.org\\\/wp-content\\\/uploads\\\/2026\\\/04\\\/br-unser-land-agroforst-09-04-2026_15-17-55.jpg\",\"datePublished\":\"2025-06-27T13:20:00+00:00\",\"dateModified\":\"2026-04-09T13:28:15+00:00\",\"breadcrumb\":{\"@id\":\"https:\\\/\\\/permakultur-landwirtschaft.org\\\/agroforst-baeume-auf-dem-acker-pflanzen-gegen-trockenheit-beitrag-vom-27-juni-2025\\\/#breadcrumb\"},\"inLanguage\":\"fr-FR\",\"potentialAction\":[{\"@type\":\"ReadAction\",\"target\":[\"https:\\\/\\\/permakultur-landwirtschaft.org\\\/agroforst-baeume-auf-dem-acker-pflanzen-gegen-trockenheit-beitrag-vom-27-juni-2025\\\/\"]}]},{\"@type\":\"ImageObject\",\"inLanguage\":\"fr-FR\",\"@id\":\"https:\\\/\\\/permakultur-landwirtschaft.org\\\/agroforst-baeume-auf-dem-acker-pflanzen-gegen-trockenheit-beitrag-vom-27-juni-2025\\\/#primaryimage\",\"url\":\"https:\\\/\\\/permakultur-landwirtschaft.org\\\/wp-content\\\/uploads\\\/2026\\\/04\\\/br-unser-land-agroforst-09-04-2026_15-17-55.jpg\",\"contentUrl\":\"https:\\\/\\\/permakultur-landwirtschaft.org\\\/wp-content\\\/uploads\\\/2026\\\/04\\\/br-unser-land-agroforst-09-04-2026_15-17-55.jpg\",\"width\":701,\"height\":390,\"caption\":\"Bild: Youtube\"},{\"@type\":\"BreadcrumbList\",\"@id\":\"https:\\\/\\\/permakultur-landwirtschaft.org\\\/agroforst-baeume-auf-dem-acker-pflanzen-gegen-trockenheit-beitrag-vom-27-juni-2025\\\/#breadcrumb\",\"itemListElement\":[{\"@type\":\"ListItem\",\"position\":1,\"name\":\"Startseite\",\"item\":\"https:\\\/\\\/permakultur-landwirtschaft.org\\\/\"},{\"@type\":\"ListItem\",\"position\":2,\"name\":\"Agroforst: B\u00e4ume auf dem Acker pflanzen gegen Trockenheit &#8211; Beitrag vom 27. Juni 2025\"}]},{\"@type\":\"WebSite\",\"@id\":\"https:\\\/\\\/permakultur-landwirtschaft.org\\\/#website\",\"url\":\"https:\\\/\\\/permakultur-landwirtschaft.org\\\/\",\"name\":\"Permakultur-Landwirtschaft\",\"description\":\"F\u00f6rderung der Permakultur in der Landwirtschaft\",\"publisher\":{\"@id\":\"https:\\\/\\\/permakultur-landwirtschaft.org\\\/#organization\"},\"potentialAction\":[{\"@type\":\"SearchAction\",\"target\":{\"@type\":\"EntryPoint\",\"urlTemplate\":\"https:\\\/\\\/permakultur-landwirtschaft.org\\\/?s={search_term_string}\"},\"query-input\":{\"@type\":\"PropertyValueSpecification\",\"valueRequired\":true,\"valueName\":\"search_term_string\"}}],\"inLanguage\":\"fr-FR\"},{\"@type\":\"Organization\",\"@id\":\"https:\\\/\\\/permakultur-landwirtschaft.org\\\/#organization\",\"name\":\"Permakultur-Landwirtschaft\",\"alternateName\":\"Verein Permakultur-Landwirtschaft\",\"url\":\"https:\\\/\\\/permakultur-landwirtschaft.org\\\/\",\"logo\":{\"@type\":\"ImageObject\",\"inLanguage\":\"fr-FR\",\"@id\":\"https:\\\/\\\/permakultur-landwirtschaft.org\\\/#\\\/schema\\\/logo\\\/image\\\/\",\"url\":\"https:\\\/\\\/permakultur-landwirtschaft.org\\\/wp-content\\\/uploads\\\/2021\\\/11\\\/pela_1268x1269.png\",\"contentUrl\":\"https:\\\/\\\/permakultur-landwirtschaft.org\\\/wp-content\\\/uploads\\\/2021\\\/11\\\/pela_1268x1269.png\",\"width\":1298,\"height\":1269,\"caption\":\"Permakultur-Landwirtschaft\"},\"image\":{\"@id\":\"https:\\\/\\\/permakultur-landwirtschaft.org\\\/#\\\/schema\\\/logo\\\/image\\\/\"},\"sameAs\":[\"https:\\\/\\\/www.facebook.com\\\/PermakulturLandwirtschaft\",\"https:\\\/\\\/www.instagram.com\\\/permakultur_landwirtschaft\\\/\",\"https:\\\/\\\/www.flickr.com\\\/photos\\\/permakultur-landwirtschaft\",\"https:\\\/\\\/www.youtube.com\\\/@PermakulturLandwirtschaft\"]},{\"@type\":\"Person\",\"@id\":\"https:\\\/\\\/permakultur-landwirtschaft.org\\\/#\\\/schema\\\/person\\\/6b0467872f75aed3e144093f9bf4f0b0\",\"name\":\"adrian reutimann\",\"url\":\"https:\\\/\\\/permakultur-landwirtschaft.org\\\/fr\\\/author\\\/reutiadr\\\/\"}]}<\/script>\n<!-- \/ Yoast SEO plugin. -->","yoast_head_json":{"title":"Agroforst: B\u00e4ume auf dem Acker pflanzen gegen Trockenheit - Beitrag vom 27. Juni 2025 - Permakultur-Landwirtschaft","robots":{"index":"index","follow":"follow","max-snippet":"max-snippet:-1","max-image-preview":"max-image-preview:large","max-video-preview":"max-video-preview:-1"},"canonical":"https:\/\/permakultur-landwirtschaft.org\/fr\/agroforst-baeume-auf-dem-acker-pflanzen-gegen-trockenheit-beitrag-vom-27-juni-2025\/","og_locale":"fr_FR","og_type":"article","og_title":"Agroforst: B\u00e4ume auf dem Acker pflanzen gegen Trockenheit - Beitrag vom 27. Juni 2025 - Permakultur-Landwirtschaft","og_description":"Ulrich G\u00e4rttling und Christine Primbs setzen auf Agroforst, weil sie ihre Felder gegen Trockenheit und Wind sch\u00fctzen wollen. Aber die Umsetzung erfordert Geduld und finanzielle Investitionen. Agroforst bedeutet, B\u00e4ume und Str\u00e4ucher zwischen landwirtschaftlichen Fl\u00e4chen zu pflanzen, um Bodenerosion zu verhindern und Wasser in den trockenen B\u00f6den zu speichern. In Mittelfranken, wo es besonders trocken ist, [&hellip;]","og_url":"https:\/\/permakultur-landwirtschaft.org\/fr\/agroforst-baeume-auf-dem-acker-pflanzen-gegen-trockenheit-beitrag-vom-27-juni-2025\/","og_site_name":"Permakultur-Landwirtschaft","article_publisher":"https:\/\/www.facebook.com\/PermakulturLandwirtschaft","article_published_time":"2025-06-27T13:20:00+00:00","article_modified_time":"2026-04-09T13:28:15+00:00","og_image":[{"width":701,"height":390,"url":"https:\/\/permakultur-landwirtschaft.org\/wp-content\/uploads\/2026\/04\/br-unser-land-agroforst-09-04-2026_15-17-55.jpg","type":"image\/jpeg"}],"author":"adrian reutimann","twitter_card":"summary_large_image","twitter_misc":{"\u00c9crit par":"adrian reutimann","Dur\u00e9e de lecture estim\u00e9e":"1 minute"},"schema":{"@context":"https:\/\/schema.org","@graph":[{"@type":"Article","@id":"https:\/\/permakultur-landwirtschaft.org\/agroforst-baeume-auf-dem-acker-pflanzen-gegen-trockenheit-beitrag-vom-27-juni-2025\/#article","isPartOf":{"@id":"https:\/\/permakultur-landwirtschaft.org\/agroforst-baeume-auf-dem-acker-pflanzen-gegen-trockenheit-beitrag-vom-27-juni-2025\/"},"author":{"name":"adrian reutimann","@id":"https:\/\/permakultur-landwirtschaft.org\/#\/schema\/person\/6b0467872f75aed3e144093f9bf4f0b0"},"headline":"Agroforst: B\u00e4ume auf dem Acker pflanzen gegen Trockenheit &#8211; Beitrag vom 27. Juni 2025","datePublished":"2025-06-27T13:20:00+00:00","dateModified":"2026-04-09T13:28:15+00:00","mainEntityOfPage":{"@id":"https:\/\/permakultur-landwirtschaft.org\/agroforst-baeume-auf-dem-acker-pflanzen-gegen-trockenheit-beitrag-vom-27-juni-2025\/"},"wordCount":150,"publisher":{"@id":"https:\/\/permakultur-landwirtschaft.org\/#organization"},"image":{"@id":"https:\/\/permakultur-landwirtschaft.org\/agroforst-baeume-auf-dem-acker-pflanzen-gegen-trockenheit-beitrag-vom-27-juni-2025\/#primaryimage"},"thumbnailUrl":"https:\/\/permakultur-landwirtschaft.org\/wp-content\/uploads\/2026\/04\/br-unser-land-agroforst-09-04-2026_15-17-55.jpg","keywords":["Agroforst","BR","Schutz","Unser Land","Wind"],"articleSection":["Film"],"inLanguage":"fr-FR"},{"@type":"WebPage","@id":"https:\/\/permakultur-landwirtschaft.org\/agroforst-baeume-auf-dem-acker-pflanzen-gegen-trockenheit-beitrag-vom-27-juni-2025\/","url":"https:\/\/permakultur-landwirtschaft.org\/agroforst-baeume-auf-dem-acker-pflanzen-gegen-trockenheit-beitrag-vom-27-juni-2025\/","name":"Agroforst: B\u00e4ume auf dem Acker pflanzen gegen Trockenheit - Beitrag vom 27. Juni 2025 - Permakultur-Landwirtschaft","isPartOf":{"@id":"https:\/\/permakultur-landwirtschaft.org\/#website"},"primaryImageOfPage":{"@id":"https:\/\/permakultur-landwirtschaft.org\/agroforst-baeume-auf-dem-acker-pflanzen-gegen-trockenheit-beitrag-vom-27-juni-2025\/#primaryimage"},"image":{"@id":"https:\/\/permakultur-landwirtschaft.org\/agroforst-baeume-auf-dem-acker-pflanzen-gegen-trockenheit-beitrag-vom-27-juni-2025\/#primaryimage"},"thumbnailUrl":"https:\/\/permakultur-landwirtschaft.org\/wp-content\/uploads\/2026\/04\/br-unser-land-agroforst-09-04-2026_15-17-55.jpg","datePublished":"2025-06-27T13:20:00+00:00","dateModified":"2026-04-09T13:28:15+00:00","breadcrumb":{"@id":"https:\/\/permakultur-landwirtschaft.org\/agroforst-baeume-auf-dem-acker-pflanzen-gegen-trockenheit-beitrag-vom-27-juni-2025\/#breadcrumb"},"inLanguage":"fr-FR","potentialAction":[{"@type":"ReadAction","target":["https:\/\/permakultur-landwirtschaft.org\/agroforst-baeume-auf-dem-acker-pflanzen-gegen-trockenheit-beitrag-vom-27-juni-2025\/"]}]},{"@type":"ImageObject","inLanguage":"fr-FR","@id":"https:\/\/permakultur-landwirtschaft.org\/agroforst-baeume-auf-dem-acker-pflanzen-gegen-trockenheit-beitrag-vom-27-juni-2025\/#primaryimage","url":"https:\/\/permakultur-landwirtschaft.org\/wp-content\/uploads\/2026\/04\/br-unser-land-agroforst-09-04-2026_15-17-55.jpg","contentUrl":"https:\/\/permakultur-landwirtschaft.org\/wp-content\/uploads\/2026\/04\/br-unser-land-agroforst-09-04-2026_15-17-55.jpg","width":701,"height":390,"caption":"Bild: Youtube"},{"@type":"BreadcrumbList","@id":"https:\/\/permakultur-landwirtschaft.org\/agroforst-baeume-auf-dem-acker-pflanzen-gegen-trockenheit-beitrag-vom-27-juni-2025\/#breadcrumb","itemListElement":[{"@type":"ListItem","position":1,"name":"Startseite","item":"https:\/\/permakultur-landwirtschaft.org\/"},{"@type":"ListItem","position":2,"name":"Agroforst: B\u00e4ume auf dem Acker pflanzen gegen Trockenheit &#8211; Beitrag vom 27. Juni 2025"}]},{"@type":"WebSite","@id":"https:\/\/permakultur-landwirtschaft.org\/#website","url":"https:\/\/permakultur-landwirtschaft.org\/","name":"Permakultur-Landwirtschaft","description":"F\u00f6rderung der Permakultur in der Landwirtschaft","publisher":{"@id":"https:\/\/permakultur-landwirtschaft.org\/#organization"},"potentialAction":[{"@type":"SearchAction","target":{"@type":"EntryPoint","urlTemplate":"https:\/\/permakultur-landwirtschaft.org\/?s={search_term_string}"},"query-input":{"@type":"PropertyValueSpecification","valueRequired":true,"valueName":"search_term_string"}}],"inLanguage":"fr-FR"},{"@type":"Organization","@id":"https:\/\/permakultur-landwirtschaft.org\/#organization","name":"Permakultur-Landwirtschaft","alternateName":"Verein Permakultur-Landwirtschaft","url":"https:\/\/permakultur-landwirtschaft.org\/","logo":{"@type":"ImageObject","inLanguage":"fr-FR","@id":"https:\/\/permakultur-landwirtschaft.org\/#\/schema\/logo\/image\/","url":"https:\/\/permakultur-landwirtschaft.org\/wp-content\/uploads\/2021\/11\/pela_1268x1269.png","contentUrl":"https:\/\/permakultur-landwirtschaft.org\/wp-content\/uploads\/2021\/11\/pela_1268x1269.png","width":1298,"height":1269,"caption":"Permakultur-Landwirtschaft"},"image":{"@id":"https:\/\/permakultur-landwirtschaft.org\/#\/schema\/logo\/image\/"},"sameAs":["https:\/\/www.facebook.com\/PermakulturLandwirtschaft","https:\/\/www.instagram.com\/permakultur_landwirtschaft\/","https:\/\/www.flickr.com\/photos\/permakultur-landwirtschaft","https:\/\/www.youtube.com\/@PermakulturLandwirtschaft"]},{"@type":"Person","@id":"https:\/\/permakultur-landwirtschaft.org\/#\/schema\/person\/6b0467872f75aed3e144093f9bf4f0b0","name":"adrian reutimann","url":"https:\/\/permakultur-landwirtschaft.org\/fr\/author\/reutiadr\/"}]}},"_links":{"self":[{"href":"https:\/\/permakultur-landwirtschaft.org\/fr\/wp-json\/wp\/v2\/posts\/39216","targetHints":{"allow":["GET"]}}],"collection":[{"href":"https:\/\/permakultur-landwirtschaft.org\/fr\/wp-json\/wp\/v2\/posts"}],"about":[{"href":"https:\/\/permakultur-landwirtschaft.org\/fr\/wp-json\/wp\/v2\/types\/post"}],"author":[{"embeddable":true,"href":"https:\/\/permakultur-landwirtschaft.org\/fr\/wp-json\/wp\/v2\/users\/2"}],"replies":[{"embeddable":true,"href":"https:\/\/permakultur-landwirtschaft.org\/fr\/wp-json\/wp\/v2\/comments?post=39216"}],"version-history":[{"count":1,"href":"https:\/\/permakultur-landwirtschaft.org\/fr\/wp-json\/wp\/v2\/posts\/39216\/revisions"}],"predecessor-version":[{"id":39218,"href":"https:\/\/permakultur-landwirtschaft.org\/fr\/wp-json\/wp\/v2\/posts\/39216\/revisions\/39218"}],"wp:featuredmedia":[{"embeddable":true,"href":"https:\/\/permakultur-landwirtschaft.org\/fr\/wp-json\/wp\/v2\/media\/39217"}],"wp:attachment":[{"href":"https:\/\/permakultur-landwirtschaft.org\/fr\/wp-json\/wp\/v2\/media?parent=39216"}],"wp:term":[{"taxonomy":"category","embeddable":true,"href":"https:\/\/permakultur-landwirtschaft.org\/fr\/wp-json\/wp\/v2\/categories?post=39216"},{"taxonomy":"post_tag","embeddable":true,"href":"https:\/\/permakultur-landwirtschaft.org\/fr\/wp-json\/wp\/v2\/tags?post=39216"}],"curies":[{"name":"wp","href":"https:\/\/api.w.org\/{rel}","templated":true}]}}