{"id":38665,"date":"2026-02-21T16:34:57","date_gmt":"2026-02-21T15:34:57","guid":{"rendered":"https:\/\/permakultur-landwirtschaft.org\/?p=38665"},"modified":"2026-03-23T16:43:27","modified_gmt":"2026-03-23T15:43:27","slug":"vielfalt-beginnt-in-den-koepfen-podcast-mit-sandra-contzen","status":"publish","type":"post","link":"https:\/\/permakultur-landwirtschaft.org\/fr\/vielfalt-beginnt-in-den-koepfen-podcast-mit-sandra-contzen\/","title":{"rendered":"Vielfalt beginnt in den K\u00f6pfen &#8211; Podcast mit Sandra Contzen"},"content":{"rendered":"<p>Vielf\u00e4ltige Betriebe sind resilienter. Diese Vielfalt beginnt in den K\u00f6pfen und bei der Vorstellung, was alles m\u00f6glich ist. Quereinsteigende f\u00f6rdern die Vielfalt, weil sie andere Hintergr\u00fcnde mitbringen. \u00abSie m\u00fcssen deshalb gr\u00f6ssere Chancen haben, einen Betrieb zu \u00fcbernehmen\u00bb, findet Agrarsoziologin Sandra Contzen im Agrarpolitik-Podcast.<\/p>\n\n\n\n<p>\u00abBetriebe k\u00f6nnen am besten auf Herausforderungen reagieren, wenn sie vielf\u00e4ltig sind\u00bb, sagt Sandra Contzen, Dozentin f\u00fcr Agrarsoziologie an der Berner Fachhochschule f\u00fcr Agrar-, Forst- und Lebensmittelwissenschaften. Deshalb regt sie die Studierenden schon in der Einf\u00fchrungswoche an, atypische Landwirtschaftsbetriebe zu entwickeln. Typisch ist laut der Agrarsoziologin noch immer ein Familienbetrieb mit traditioneller Rollenaufteilung. \u00abWas sich die Studierenden alles vorstellen k\u00f6nnen, ist spannend und f\u00f6rdert die Offenheit\u00bb, erz\u00e4hlt sie.<\/p>\n\n\n\n<h3 class=\"wp-block-heading\">Innovation kommt von aussen<\/h3>\n\n\n\n<p>\u00abDass der Betrieb in der Familie bleibt, ist noch immer die gr\u00f6sste Realit\u00e4t\u00bb, beobachtet Sandra Contzen. Den Betrieb in der Familie zu behalten, sei typisch f\u00fcr alle Familienbetriebe \u2013 auch ausserhalb der Landwirtschaft. Die Frage sei, wie so Innovation, Anpassung und neue Dynamik entstehen k\u00f6nnten. \u00abIn der Landwirtschaft aufzuwachsen, ist sehr pr\u00e4gend, wenn man sich nicht bewusst mal wegbewegt\u00bb, stellt die Agrarsoziologin fest. Innovation komme aber nicht, wenn man immer am gleichen Ort sei und immer das Gleiche mache. Die Impulse k\u00e4men von aussen. \u00abMenschen, die nicht in der Landwirtschaft aufgewachsen sind, bringen andere Hintergr\u00fcnde mit\u00bb, betont sie.<\/p>\n\n\n\n<h3 class=\"wp-block-heading\">Neue Ideen bringen Reibungspunkte und Potential f\u00fcr Weiterentwicklung<\/h3>\n\n\n\n<p>Menschen und Ideen von aussen w\u00fcrden auch Konfliktpotential bergen. Dieses sei gr\u00f6sser, wenn die abtretende Generation auf dem Hof wohnen bleibe. \u00abViele ziehen bewusst weg, weil sie die Situation selbst nicht gut erlebt h\u00e4tten\u00bb, weiss die Dozentin. Reibungspunkte seien jedoch nicht zwingend negativ. \u00abWenn man lernt, positiv mit Konflikten umzugehen und sie gut zu l\u00f6sen, entwickelt man sich gemeinsam weiter\u00bb, betont sie.<\/p>\n\n\n\n<h3 class=\"wp-block-heading\">Quereinsteiger m\u00fcssen gr\u00f6ssere Chancen haben<\/h3>\n\n\n\n<p>Sandra Contzen stellt auch fest, dass immer mehr Menschen einen Hof ausserfamili\u00e4r \u00fcbernehmen wollten. Das seien zum einen Kinder von Bauernfamilien, die den elterlichen Hof nicht \u00fcbernehmen k\u00f6nnten, und zum anderen Menschen mit anderen Hintergr\u00fcnden, so genannte Quereinsteigende. \u00abQuereinsteigende m\u00fcssten gr\u00f6ssere Chancen haben, einen Betrieb zu \u00fcbernehmen\u00bb, findet die Dozentin. Dazu zitiert sie aus einem Seminar: \u00abJemand ausserhalb der Familie hat vielleicht mehr Lust und Wille, gut Landwirtschaft zu betreiben, als ein Sohn, der zwangsl\u00e4ufig \u00fcbernimmt, aber gar nicht so Bock hat.\u00bb<\/p>\n\n\n\n<h3 class=\"wp-block-heading\">Ohne Ver\u00e4nderung in K\u00f6pfen und Bodenrecht geht Vielfalt verloren<\/h3>\n\n\n\n<p>Damit die Zahl der ausserfamili\u00e4ren Hof\u00fcbernahmen steige, brauche es einen Wechsel in den K\u00f6pfen der Menschen und politische Massnahmen. Sonst gehe ein Teil der Vielfalt verloren. \u00abZum einen m\u00fcssten sich die Vorstellungen von Hofnachfolge \u00e4ndern\u00bb, sagt Sandra Contzen. Denn 30 Prozent der Betriebe h\u00e4tten keine innerfamili\u00e4re Nachfolge. Zum anderen m\u00fcssten die H\u00fcrden f\u00fcr die ausserfamili\u00e4re Hof\u00fcbernahme sinken, zum Beispiel durch andere Finanzierungsmodelle, wie sie andere L\u00e4nder schon kennten.<\/p>\n\n\n\n<p>\u00abDas Bodenrecht puscht die innerfamili\u00e4re \u00dcbernahme\u00bb, bemerkt sie. Auch sei der Druck da, den Betrieb in der Familie zu halten. \u00abDas spielt unbewusst\u00bb, betont sie. Das Bodenrecht sei extrem relevant, um das Landwirtschaftsland in den H\u00e4nden von Selbstbewirtschaftenden zu behalten. \u00abDas m\u00fcssen jedoch nicht Leute aus der Landwirtschaft oder der Familie sein\u00bb, findet die Dozentin. Denn man m\u00fcsse nicht aus der Landwirtschaft sein, um erfolgreich einen Betrieb zu f\u00fchren. \u00abDie F\u00e4higkeit wird nicht mit der Muttermilch aufgenommen\u00bb, betont sie.<\/p>","protected":false},"excerpt":{"rendered":"<p>Vielf\u00e4ltige Betriebe sind resilienter. Diese Vielfalt beginnt in den K\u00f6pfen und bei der Vorstellung, was alles m\u00f6glich ist. Quereinsteigende f\u00f6rdern die Vielfalt, weil sie andere Hintergr\u00fcnde mitbringen. \u00abSie m\u00fcssen deshalb gr\u00f6ssere Chancen haben, einen Betrieb zu \u00fcbernehmen\u00bb, findet Agrarsoziologin Sandra Contzen im Agrarpolitik-Podcast. \u00abBetriebe k\u00f6nnen am besten auf Herausforderungen reagieren, wenn sie vielf\u00e4ltig sind\u00bb, sagt [&hellip;]<\/p>\n","protected":false},"author":2,"featured_media":38666,"comment_status":"closed","ping_status":"closed","sticky":false,"template":"","format":"standard","meta":{"_acf_changed":false,"site-sidebar-layout":"default","site-content-layout":"","ast-site-content-layout":"default","site-content-style":"default","site-sidebar-style":"default","ast-global-header-display":"","ast-banner-title-visibility":"","ast-main-header-display":"","ast-hfb-above-header-display":"","ast-hfb-below-header-display":"","ast-hfb-mobile-header-display":"","site-post-title":"","ast-breadcrumbs-content":"","ast-featured-img":"","footer-sml-layout":"","ast-disable-related-posts":"","theme-transparent-header-meta":"","adv-header-id-meta":"","stick-header-meta":"","header-above-stick-meta":"","header-main-stick-meta":"","header-below-stick-meta":"","astra-migrate-meta-layouts":"set","ast-page-background-enabled":"default","ast-page-background-meta":{"desktop":{"background-color":"var(--ast-global-color-4)","background-image":"","background-repeat":"repeat","background-position":"center center","background-size":"auto","background-attachment":"scroll","background-type":"","background-media":"","overlay-type":"","overlay-color":"","overlay-opacity":"","overlay-gradient":""},"tablet":{"background-color":"","background-image":"","background-repeat":"repeat","background-position":"center center","background-size":"auto","background-attachment":"scroll","background-type":"","background-media":"","overlay-type":"","overlay-color":"","overlay-opacity":"","overlay-gradient":""},"mobile":{"background-color":"","background-image":"","background-repeat":"repeat","background-position":"center center","background-size":"auto","background-attachment":"scroll","background-type":"","background-media":"","overlay-type":"","overlay-color":"","overlay-opacity":"","overlay-gradient":""}},"ast-content-background-meta":{"desktop":{"background-color":"var(--ast-global-color-5)","background-image":"","background-repeat":"repeat","background-position":"center center","background-size":"auto","background-attachment":"scroll","background-type":"","background-media":"","overlay-type":"","overlay-color":"","overlay-opacity":"","overlay-gradient":""},"tablet":{"background-color":"var(--ast-global-color-5)","background-image":"","background-repeat":"repeat","background-position":"center center","background-size":"auto","background-attachment":"scroll","background-type":"","background-media":"","overlay-type":"","overlay-color":"","overlay-opacity":"","overlay-gradient":""},"mobile":{"background-color":"var(--ast-global-color-5)","background-image":"","background-repeat":"repeat","background-position":"center center","background-size":"auto","background-attachment":"scroll","background-type":"","background-media":"","overlay-type":"","overlay-color":"","overlay-opacity":"","overlay-gradient":""}},"footnotes":""},"categories":[49,22],"tags":[1282,153,334,76,1345,1344,408],"class_list":["post-38665","post","type-post","status-publish","format-standard","has-post-thumbnail","hentry","category-audio","category-neuigkeit","tag-agrarpolitik","tag-bfh-hafl","tag-hofuebernahme","tag-podcast","tag-quereinsteiger","tag-sandra-contzen","tag-vielfallt"],"acf":[],"yoast_head":"<!-- This site is optimized with the Yoast SEO plugin v27.5 - https:\/\/yoast.com\/product\/yoast-seo-wordpress\/ -->\n<title>Vielfalt beginnt in den K\u00f6pfen - Podcast mit Sandra Contzen - Permakultur-Landwirtschaft<\/title>\n<meta name=\"description\" content=\"Vielf\u00e4ltige Betriebe sind resilienter. Diese Vielfalt beginnt in den K\u00f6pfen und bei der Vorstellung, was alles m\u00f6glich ist.\" \/>\n<meta name=\"robots\" content=\"index, follow, max-snippet:-1, max-image-preview:large, max-video-preview:-1\" \/>\n<link rel=\"canonical\" href=\"https:\/\/permakultur-landwirtschaft.org\/fr\/vielfalt-beginnt-in-den-koepfen-podcast-mit-sandra-contzen\/\" \/>\n<meta property=\"og:locale\" content=\"fr_FR\" \/>\n<meta property=\"og:type\" content=\"article\" \/>\n<meta property=\"og:title\" content=\"Vielfalt beginnt in den K\u00f6pfen - Podcast mit Sandra Contzen - Permakultur-Landwirtschaft\" \/>\n<meta property=\"og:description\" content=\"Vielf\u00e4ltige Betriebe sind resilienter. Diese Vielfalt beginnt in den K\u00f6pfen und bei der Vorstellung, was alles m\u00f6glich ist.\" \/>\n<meta property=\"og:url\" content=\"https:\/\/permakultur-landwirtschaft.org\/fr\/vielfalt-beginnt-in-den-koepfen-podcast-mit-sandra-contzen\/\" \/>\n<meta property=\"og:site_name\" content=\"Permakultur-Landwirtschaft\" \/>\n<meta property=\"article:publisher\" content=\"https:\/\/www.facebook.com\/PermakulturLandwirtschaft\" \/>\n<meta property=\"article:published_time\" content=\"2026-02-21T15:34:57+00:00\" \/>\n<meta property=\"article:modified_time\" content=\"2026-03-23T15:43:27+00:00\" \/>\n<meta property=\"og:image\" content=\"https:\/\/permakultur-landwirtschaft.org\/wp-content\/uploads\/2026\/03\/agrarpolitik_forschung_agrarsoziologin-sandra-contzen_hafl-bfh_zvg.jpg\" \/>\n\t<meta property=\"og:image:width\" content=\"700\" \/>\n\t<meta property=\"og:image:height\" content=\"467\" \/>\n\t<meta property=\"og:image:type\" content=\"image\/jpeg\" \/>\n<meta name=\"author\" content=\"adrian reutimann\" \/>\n<meta name=\"twitter:card\" content=\"summary_large_image\" \/>\n<meta name=\"twitter:label1\" content=\"\u00c9crit par\" \/>\n\t<meta name=\"twitter:data1\" content=\"adrian reutimann\" \/>\n\t<meta name=\"twitter:label2\" content=\"Dur\u00e9e de lecture estim\u00e9e\" \/>\n\t<meta name=\"twitter:data2\" content=\"4 minutes\" \/>\n<script type=\"application\/ld+json\" class=\"yoast-schema-graph\">{\"@context\":\"https:\\\/\\\/schema.org\",\"@graph\":[{\"@type\":\"Article\",\"@id\":\"https:\\\/\\\/permakultur-landwirtschaft.org\\\/vielfalt-beginnt-in-den-koepfen-podcast-mit-sandra-contzen\\\/#article\",\"isPartOf\":{\"@id\":\"https:\\\/\\\/permakultur-landwirtschaft.org\\\/vielfalt-beginnt-in-den-koepfen-podcast-mit-sandra-contzen\\\/\"},\"author\":{\"name\":\"adrian reutimann\",\"@id\":\"https:\\\/\\\/permakultur-landwirtschaft.org\\\/#\\\/schema\\\/person\\\/6b0467872f75aed3e144093f9bf4f0b0\"},\"headline\":\"Vielfalt beginnt in den K\u00f6pfen &#8211; Podcast mit Sandra Contzen\",\"datePublished\":\"2026-02-21T15:34:57+00:00\",\"dateModified\":\"2026-03-23T15:43:27+00:00\",\"mainEntityOfPage\":{\"@id\":\"https:\\\/\\\/permakultur-landwirtschaft.org\\\/vielfalt-beginnt-in-den-koepfen-podcast-mit-sandra-contzen\\\/\"},\"wordCount\":589,\"publisher\":{\"@id\":\"https:\\\/\\\/permakultur-landwirtschaft.org\\\/#organization\"},\"image\":{\"@id\":\"https:\\\/\\\/permakultur-landwirtschaft.org\\\/vielfalt-beginnt-in-den-koepfen-podcast-mit-sandra-contzen\\\/#primaryimage\"},\"thumbnailUrl\":\"https:\\\/\\\/permakultur-landwirtschaft.org\\\/wp-content\\\/uploads\\\/2026\\\/03\\\/agrarpolitik_forschung_agrarsoziologin-sandra-contzen_hafl-bfh_zvg.jpg\",\"keywords\":[\"Agrarpolitik\",\"BFH-HAFL\",\"Hof\u00fcbernahme\",\"Podcast\",\"Quereinsteiger\",\"Sandra Contzen\",\"Vielfallt\"],\"articleSection\":[\"Audio\",\"Neuigkeit\"],\"inLanguage\":\"fr-FR\"},{\"@type\":\"WebPage\",\"@id\":\"https:\\\/\\\/permakultur-landwirtschaft.org\\\/vielfalt-beginnt-in-den-koepfen-podcast-mit-sandra-contzen\\\/\",\"url\":\"https:\\\/\\\/permakultur-landwirtschaft.org\\\/vielfalt-beginnt-in-den-koepfen-podcast-mit-sandra-contzen\\\/\",\"name\":\"Vielfalt beginnt in den K\u00f6pfen - Podcast mit Sandra Contzen - Permakultur-Landwirtschaft\",\"isPartOf\":{\"@id\":\"https:\\\/\\\/permakultur-landwirtschaft.org\\\/#website\"},\"primaryImageOfPage\":{\"@id\":\"https:\\\/\\\/permakultur-landwirtschaft.org\\\/vielfalt-beginnt-in-den-koepfen-podcast-mit-sandra-contzen\\\/#primaryimage\"},\"image\":{\"@id\":\"https:\\\/\\\/permakultur-landwirtschaft.org\\\/vielfalt-beginnt-in-den-koepfen-podcast-mit-sandra-contzen\\\/#primaryimage\"},\"thumbnailUrl\":\"https:\\\/\\\/permakultur-landwirtschaft.org\\\/wp-content\\\/uploads\\\/2026\\\/03\\\/agrarpolitik_forschung_agrarsoziologin-sandra-contzen_hafl-bfh_zvg.jpg\",\"datePublished\":\"2026-02-21T15:34:57+00:00\",\"dateModified\":\"2026-03-23T15:43:27+00:00\",\"description\":\"Vielf\u00e4ltige Betriebe sind resilienter. Diese Vielfalt beginnt in den K\u00f6pfen und bei der Vorstellung, was alles m\u00f6glich ist.\",\"breadcrumb\":{\"@id\":\"https:\\\/\\\/permakultur-landwirtschaft.org\\\/vielfalt-beginnt-in-den-koepfen-podcast-mit-sandra-contzen\\\/#breadcrumb\"},\"inLanguage\":\"fr-FR\",\"potentialAction\":[{\"@type\":\"ReadAction\",\"target\":[\"https:\\\/\\\/permakultur-landwirtschaft.org\\\/vielfalt-beginnt-in-den-koepfen-podcast-mit-sandra-contzen\\\/\"]}]},{\"@type\":\"ImageObject\",\"inLanguage\":\"fr-FR\",\"@id\":\"https:\\\/\\\/permakultur-landwirtschaft.org\\\/vielfalt-beginnt-in-den-koepfen-podcast-mit-sandra-contzen\\\/#primaryimage\",\"url\":\"https:\\\/\\\/permakultur-landwirtschaft.org\\\/wp-content\\\/uploads\\\/2026\\\/03\\\/agrarpolitik_forschung_agrarsoziologin-sandra-contzen_hafl-bfh_zvg.jpg\",\"contentUrl\":\"https:\\\/\\\/permakultur-landwirtschaft.org\\\/wp-content\\\/uploads\\\/2026\\\/03\\\/agrarpolitik_forschung_agrarsoziologin-sandra-contzen_hafl-bfh_zvg.jpg\",\"width\":700,\"height\":467,\"caption\":\"Bild: BFH-HAFL\"},{\"@type\":\"BreadcrumbList\",\"@id\":\"https:\\\/\\\/permakultur-landwirtschaft.org\\\/vielfalt-beginnt-in-den-koepfen-podcast-mit-sandra-contzen\\\/#breadcrumb\",\"itemListElement\":[{\"@type\":\"ListItem\",\"position\":1,\"name\":\"Startseite\",\"item\":\"https:\\\/\\\/permakultur-landwirtschaft.org\\\/\"},{\"@type\":\"ListItem\",\"position\":2,\"name\":\"Vielfalt beginnt in den K\u00f6pfen &#8211; Podcast mit Sandra Contzen\"}]},{\"@type\":\"WebSite\",\"@id\":\"https:\\\/\\\/permakultur-landwirtschaft.org\\\/#website\",\"url\":\"https:\\\/\\\/permakultur-landwirtschaft.org\\\/\",\"name\":\"Permakultur-Landwirtschaft\",\"description\":\"F\u00f6rderung der Permakultur in der Landwirtschaft\",\"publisher\":{\"@id\":\"https:\\\/\\\/permakultur-landwirtschaft.org\\\/#organization\"},\"potentialAction\":[{\"@type\":\"SearchAction\",\"target\":{\"@type\":\"EntryPoint\",\"urlTemplate\":\"https:\\\/\\\/permakultur-landwirtschaft.org\\\/?s={search_term_string}\"},\"query-input\":{\"@type\":\"PropertyValueSpecification\",\"valueRequired\":true,\"valueName\":\"search_term_string\"}}],\"inLanguage\":\"fr-FR\"},{\"@type\":\"Organization\",\"@id\":\"https:\\\/\\\/permakultur-landwirtschaft.org\\\/#organization\",\"name\":\"Permakultur-Landwirtschaft\",\"alternateName\":\"Verein Permakultur-Landwirtschaft\",\"url\":\"https:\\\/\\\/permakultur-landwirtschaft.org\\\/\",\"logo\":{\"@type\":\"ImageObject\",\"inLanguage\":\"fr-FR\",\"@id\":\"https:\\\/\\\/permakultur-landwirtschaft.org\\\/#\\\/schema\\\/logo\\\/image\\\/\",\"url\":\"https:\\\/\\\/permakultur-landwirtschaft.org\\\/wp-content\\\/uploads\\\/2021\\\/11\\\/pela_1268x1269.png\",\"contentUrl\":\"https:\\\/\\\/permakultur-landwirtschaft.org\\\/wp-content\\\/uploads\\\/2021\\\/11\\\/pela_1268x1269.png\",\"width\":1298,\"height\":1269,\"caption\":\"Permakultur-Landwirtschaft\"},\"image\":{\"@id\":\"https:\\\/\\\/permakultur-landwirtschaft.org\\\/#\\\/schema\\\/logo\\\/image\\\/\"},\"sameAs\":[\"https:\\\/\\\/www.facebook.com\\\/PermakulturLandwirtschaft\",\"https:\\\/\\\/www.instagram.com\\\/permakultur_landwirtschaft\\\/\",\"https:\\\/\\\/www.flickr.com\\\/photos\\\/permakultur-landwirtschaft\",\"https:\\\/\\\/www.youtube.com\\\/@PermakulturLandwirtschaft\"]},{\"@type\":\"Person\",\"@id\":\"https:\\\/\\\/permakultur-landwirtschaft.org\\\/#\\\/schema\\\/person\\\/6b0467872f75aed3e144093f9bf4f0b0\",\"name\":\"adrian reutimann\",\"url\":\"https:\\\/\\\/permakultur-landwirtschaft.org\\\/fr\\\/author\\\/reutiadr\\\/\"}]}<\/script>\n<!-- \/ Yoast SEO plugin. -->","yoast_head_json":{"title":"Vielfalt beginnt in den K\u00f6pfen - Podcast mit Sandra Contzen - Permakultur-Landwirtschaft","description":"Vielf\u00e4ltige Betriebe sind resilienter. Diese Vielfalt beginnt in den K\u00f6pfen und bei der Vorstellung, was alles m\u00f6glich ist.","robots":{"index":"index","follow":"follow","max-snippet":"max-snippet:-1","max-image-preview":"max-image-preview:large","max-video-preview":"max-video-preview:-1"},"canonical":"https:\/\/permakultur-landwirtschaft.org\/fr\/vielfalt-beginnt-in-den-koepfen-podcast-mit-sandra-contzen\/","og_locale":"fr_FR","og_type":"article","og_title":"Vielfalt beginnt in den K\u00f6pfen - Podcast mit Sandra Contzen - Permakultur-Landwirtschaft","og_description":"Vielf\u00e4ltige Betriebe sind resilienter. Diese Vielfalt beginnt in den K\u00f6pfen und bei der Vorstellung, was alles m\u00f6glich ist.","og_url":"https:\/\/permakultur-landwirtschaft.org\/fr\/vielfalt-beginnt-in-den-koepfen-podcast-mit-sandra-contzen\/","og_site_name":"Permakultur-Landwirtschaft","article_publisher":"https:\/\/www.facebook.com\/PermakulturLandwirtschaft","article_published_time":"2026-02-21T15:34:57+00:00","article_modified_time":"2026-03-23T15:43:27+00:00","og_image":[{"width":700,"height":467,"url":"https:\/\/permakultur-landwirtschaft.org\/wp-content\/uploads\/2026\/03\/agrarpolitik_forschung_agrarsoziologin-sandra-contzen_hafl-bfh_zvg.jpg","type":"image\/jpeg"}],"author":"adrian reutimann","twitter_card":"summary_large_image","twitter_misc":{"\u00c9crit par":"adrian reutimann","Dur\u00e9e de lecture estim\u00e9e":"4 minutes"},"schema":{"@context":"https:\/\/schema.org","@graph":[{"@type":"Article","@id":"https:\/\/permakultur-landwirtschaft.org\/vielfalt-beginnt-in-den-koepfen-podcast-mit-sandra-contzen\/#article","isPartOf":{"@id":"https:\/\/permakultur-landwirtschaft.org\/vielfalt-beginnt-in-den-koepfen-podcast-mit-sandra-contzen\/"},"author":{"name":"adrian reutimann","@id":"https:\/\/permakultur-landwirtschaft.org\/#\/schema\/person\/6b0467872f75aed3e144093f9bf4f0b0"},"headline":"Vielfalt beginnt in den K\u00f6pfen &#8211; Podcast mit Sandra Contzen","datePublished":"2026-02-21T15:34:57+00:00","dateModified":"2026-03-23T15:43:27+00:00","mainEntityOfPage":{"@id":"https:\/\/permakultur-landwirtschaft.org\/vielfalt-beginnt-in-den-koepfen-podcast-mit-sandra-contzen\/"},"wordCount":589,"publisher":{"@id":"https:\/\/permakultur-landwirtschaft.org\/#organization"},"image":{"@id":"https:\/\/permakultur-landwirtschaft.org\/vielfalt-beginnt-in-den-koepfen-podcast-mit-sandra-contzen\/#primaryimage"},"thumbnailUrl":"https:\/\/permakultur-landwirtschaft.org\/wp-content\/uploads\/2026\/03\/agrarpolitik_forschung_agrarsoziologin-sandra-contzen_hafl-bfh_zvg.jpg","keywords":["Agrarpolitik","BFH-HAFL","Hof\u00fcbernahme","Podcast","Quereinsteiger","Sandra Contzen","Vielfallt"],"articleSection":["Audio","Neuigkeit"],"inLanguage":"fr-FR"},{"@type":"WebPage","@id":"https:\/\/permakultur-landwirtschaft.org\/vielfalt-beginnt-in-den-koepfen-podcast-mit-sandra-contzen\/","url":"https:\/\/permakultur-landwirtschaft.org\/vielfalt-beginnt-in-den-koepfen-podcast-mit-sandra-contzen\/","name":"Vielfalt beginnt in den K\u00f6pfen - Podcast mit Sandra Contzen - Permakultur-Landwirtschaft","isPartOf":{"@id":"https:\/\/permakultur-landwirtschaft.org\/#website"},"primaryImageOfPage":{"@id":"https:\/\/permakultur-landwirtschaft.org\/vielfalt-beginnt-in-den-koepfen-podcast-mit-sandra-contzen\/#primaryimage"},"image":{"@id":"https:\/\/permakultur-landwirtschaft.org\/vielfalt-beginnt-in-den-koepfen-podcast-mit-sandra-contzen\/#primaryimage"},"thumbnailUrl":"https:\/\/permakultur-landwirtschaft.org\/wp-content\/uploads\/2026\/03\/agrarpolitik_forschung_agrarsoziologin-sandra-contzen_hafl-bfh_zvg.jpg","datePublished":"2026-02-21T15:34:57+00:00","dateModified":"2026-03-23T15:43:27+00:00","description":"Vielf\u00e4ltige Betriebe sind resilienter. Diese Vielfalt beginnt in den K\u00f6pfen und bei der Vorstellung, was alles m\u00f6glich ist.","breadcrumb":{"@id":"https:\/\/permakultur-landwirtschaft.org\/vielfalt-beginnt-in-den-koepfen-podcast-mit-sandra-contzen\/#breadcrumb"},"inLanguage":"fr-FR","potentialAction":[{"@type":"ReadAction","target":["https:\/\/permakultur-landwirtschaft.org\/vielfalt-beginnt-in-den-koepfen-podcast-mit-sandra-contzen\/"]}]},{"@type":"ImageObject","inLanguage":"fr-FR","@id":"https:\/\/permakultur-landwirtschaft.org\/vielfalt-beginnt-in-den-koepfen-podcast-mit-sandra-contzen\/#primaryimage","url":"https:\/\/permakultur-landwirtschaft.org\/wp-content\/uploads\/2026\/03\/agrarpolitik_forschung_agrarsoziologin-sandra-contzen_hafl-bfh_zvg.jpg","contentUrl":"https:\/\/permakultur-landwirtschaft.org\/wp-content\/uploads\/2026\/03\/agrarpolitik_forschung_agrarsoziologin-sandra-contzen_hafl-bfh_zvg.jpg","width":700,"height":467,"caption":"Bild: BFH-HAFL"},{"@type":"BreadcrumbList","@id":"https:\/\/permakultur-landwirtschaft.org\/vielfalt-beginnt-in-den-koepfen-podcast-mit-sandra-contzen\/#breadcrumb","itemListElement":[{"@type":"ListItem","position":1,"name":"Startseite","item":"https:\/\/permakultur-landwirtschaft.org\/"},{"@type":"ListItem","position":2,"name":"Vielfalt beginnt in den K\u00f6pfen &#8211; Podcast mit Sandra Contzen"}]},{"@type":"WebSite","@id":"https:\/\/permakultur-landwirtschaft.org\/#website","url":"https:\/\/permakultur-landwirtschaft.org\/","name":"Permakultur-Landwirtschaft","description":"F\u00f6rderung der Permakultur in der Landwirtschaft","publisher":{"@id":"https:\/\/permakultur-landwirtschaft.org\/#organization"},"potentialAction":[{"@type":"SearchAction","target":{"@type":"EntryPoint","urlTemplate":"https:\/\/permakultur-landwirtschaft.org\/?s={search_term_string}"},"query-input":{"@type":"PropertyValueSpecification","valueRequired":true,"valueName":"search_term_string"}}],"inLanguage":"fr-FR"},{"@type":"Organization","@id":"https:\/\/permakultur-landwirtschaft.org\/#organization","name":"Permakultur-Landwirtschaft","alternateName":"Verein Permakultur-Landwirtschaft","url":"https:\/\/permakultur-landwirtschaft.org\/","logo":{"@type":"ImageObject","inLanguage":"fr-FR","@id":"https:\/\/permakultur-landwirtschaft.org\/#\/schema\/logo\/image\/","url":"https:\/\/permakultur-landwirtschaft.org\/wp-content\/uploads\/2021\/11\/pela_1268x1269.png","contentUrl":"https:\/\/permakultur-landwirtschaft.org\/wp-content\/uploads\/2021\/11\/pela_1268x1269.png","width":1298,"height":1269,"caption":"Permakultur-Landwirtschaft"},"image":{"@id":"https:\/\/permakultur-landwirtschaft.org\/#\/schema\/logo\/image\/"},"sameAs":["https:\/\/www.facebook.com\/PermakulturLandwirtschaft","https:\/\/www.instagram.com\/permakultur_landwirtschaft\/","https:\/\/www.flickr.com\/photos\/permakultur-landwirtschaft","https:\/\/www.youtube.com\/@PermakulturLandwirtschaft"]},{"@type":"Person","@id":"https:\/\/permakultur-landwirtschaft.org\/#\/schema\/person\/6b0467872f75aed3e144093f9bf4f0b0","name":"adrian reutimann","url":"https:\/\/permakultur-landwirtschaft.org\/fr\/author\/reutiadr\/"}]}},"_links":{"self":[{"href":"https:\/\/permakultur-landwirtschaft.org\/fr\/wp-json\/wp\/v2\/posts\/38665","targetHints":{"allow":["GET"]}}],"collection":[{"href":"https:\/\/permakultur-landwirtschaft.org\/fr\/wp-json\/wp\/v2\/posts"}],"about":[{"href":"https:\/\/permakultur-landwirtschaft.org\/fr\/wp-json\/wp\/v2\/types\/post"}],"author":[{"embeddable":true,"href":"https:\/\/permakultur-landwirtschaft.org\/fr\/wp-json\/wp\/v2\/users\/2"}],"replies":[{"embeddable":true,"href":"https:\/\/permakultur-landwirtschaft.org\/fr\/wp-json\/wp\/v2\/comments?post=38665"}],"version-history":[{"count":1,"href":"https:\/\/permakultur-landwirtschaft.org\/fr\/wp-json\/wp\/v2\/posts\/38665\/revisions"}],"predecessor-version":[{"id":38667,"href":"https:\/\/permakultur-landwirtschaft.org\/fr\/wp-json\/wp\/v2\/posts\/38665\/revisions\/38667"}],"wp:featuredmedia":[{"embeddable":true,"href":"https:\/\/permakultur-landwirtschaft.org\/fr\/wp-json\/wp\/v2\/media\/38666"}],"wp:attachment":[{"href":"https:\/\/permakultur-landwirtschaft.org\/fr\/wp-json\/wp\/v2\/media?parent=38665"}],"wp:term":[{"taxonomy":"category","embeddable":true,"href":"https:\/\/permakultur-landwirtschaft.org\/fr\/wp-json\/wp\/v2\/categories?post=38665"},{"taxonomy":"post_tag","embeddable":true,"href":"https:\/\/permakultur-landwirtschaft.org\/fr\/wp-json\/wp\/v2\/tags?post=38665"}],"curies":[{"name":"wp","href":"https:\/\/api.w.org\/{rel}","templated":true}]}}