{"id":38539,"date":"2025-06-23T19:20:00","date_gmt":"2025-06-23T17:20:00","guid":{"rendered":"https:\/\/permakultur-landwirtschaft.org\/?p=38539"},"modified":"2026-03-19T19:26:23","modified_gmt":"2026-03-19T18:26:23","slug":"kurstag-futterheckenbewirtschaftung-mit-gehoelzpionier-michael-machatschek","status":"publish","type":"post","link":"https:\/\/permakultur-landwirtschaft.org\/fr\/kurstag-futterheckenbewirtschaftung-mit-gehoelzpionier-michael-machatschek\/","title":{"rendered":"Kurstag Futterheckenbewirtschaftung mit Geh\u00f6lzpionier Michael Machatschek"},"content":{"rendered":"<p>Wie l\u00e4sst sich Gr\u00fcnland nachhaltig, resilient und vielf\u00e4ltig gestalten?<\/p>\n\n\n\n<p>In diesem Video erf\u00e4hrst du, welche \u00f6kologischen und klimatischen Vorteile Futterhecken bieten<\/p>\n\n\n\n<ul class=\"wp-block-list\">\n<li>welche Futterlaub-Arten sich besonders gut f\u00fcr die F\u00fctterung von Wiederk\u00e4uern eignen,<\/li>\n\n\n\n<li>worauf es beim Anbau, bei der Nutzung und Pflege von Futterhecken ankommt,<\/li>\n\n\n\n<li>und welche Erfahrungen Landwirte mit diesem System gemacht haben.<\/li>\n<\/ul>\n\n\n\n<p>Ein spannender R\u00fcckblick auf den Kurstag \u201eFutterheckenbewirtschaftung\u201c mit dem Experten Dr. Michael Machatschek.<\/p>\n\n\n\n<figure class=\"wp-block-embed is-type-video is-provider-youtube wp-block-embed-youtube wp-embed-aspect-16-9 wp-has-aspect-ratio\"><div class=\"wp-block-embed__wrapper\">\n<iframe title=\"Kurstag Futterheckenbewirtschaftung mit Geh\u00f6lzpionier Michael Machatschek\" width=\"500\" height=\"281\" src=\"https:\/\/www.youtube.com\/embed\/tRcUN5cJUVA?feature=oembed\" frameborder=\"0\" allow=\"accelerometer; autoplay; clipboard-write; encrypted-media; gyroscope; picture-in-picture; web-share\" referrerpolicy=\"strict-origin-when-cross-origin\" allowfullscreen><\/iframe>\n<\/div><\/figure>","protected":false},"excerpt":{"rendered":"<p>Wie l\u00e4sst sich Gr\u00fcnland nachhaltig, resilient und vielf\u00e4ltig gestalten? In diesem Video erf\u00e4hrst du, welche \u00f6kologischen und klimatischen Vorteile Futterhecken bieten Ein spannender R\u00fcckblick auf den Kurstag \u201eFutterheckenbewirtschaftung\u201c mit dem Experten Dr. Michael Machatschek.<\/p>","protected":false},"author":2,"featured_media":38541,"comment_status":"closed","ping_status":"closed","sticky":false,"template":"","format":"standard","meta":{"_acf_changed":false,"site-sidebar-layout":"default","site-content-layout":"","ast-site-content-layout":"default","site-content-style":"default","site-sidebar-style":"default","ast-global-header-display":"","ast-banner-title-visibility":"","ast-main-header-display":"","ast-hfb-above-header-display":"","ast-hfb-below-header-display":"","ast-hfb-mobile-header-display":"","site-post-title":"","ast-breadcrumbs-content":"","ast-featured-img":"","footer-sml-layout":"","ast-disable-related-posts":"","theme-transparent-header-meta":"","adv-header-id-meta":"","stick-header-meta":"","header-above-stick-meta":"","header-main-stick-meta":"","header-below-stick-meta":"","astra-migrate-meta-layouts":"set","ast-page-background-enabled":"default","ast-page-background-meta":{"desktop":{"background-color":"var(--ast-global-color-4)","background-image":"","background-repeat":"repeat","background-position":"center center","background-size":"auto","background-attachment":"scroll","background-type":"","background-media":"","overlay-type":"","overlay-color":"","overlay-opacity":"","overlay-gradient":""},"tablet":{"background-color":"","background-image":"","background-repeat":"repeat","background-position":"center center","background-size":"auto","background-attachment":"scroll","background-type":"","background-media":"","overlay-type":"","overlay-color":"","overlay-opacity":"","overlay-gradient":""},"mobile":{"background-color":"","background-image":"","background-repeat":"repeat","background-position":"center center","background-size":"auto","background-attachment":"scroll","background-type":"","background-media":"","overlay-type":"","overlay-color":"","overlay-opacity":"","overlay-gradient":""}},"ast-content-background-meta":{"desktop":{"background-color":"var(--ast-global-color-5)","background-image":"","background-repeat":"repeat","background-position":"center center","background-size":"auto","background-attachment":"scroll","background-type":"","background-media":"","overlay-type":"","overlay-color":"","overlay-opacity":"","overlay-gradient":""},"tablet":{"background-color":"var(--ast-global-color-5)","background-image":"","background-repeat":"repeat","background-position":"center center","background-size":"auto","background-attachment":"scroll","background-type":"","background-media":"","overlay-type":"","overlay-color":"","overlay-opacity":"","overlay-gradient":""},"mobile":{"background-color":"var(--ast-global-color-5)","background-image":"","background-repeat":"repeat","background-position":"center center","background-size":"auto","background-attachment":"scroll","background-type":"","background-media":"","overlay-type":"","overlay-color":"","overlay-opacity":"","overlay-gradient":""}},"footnotes":""},"categories":[45],"tags":[1317,691,1318,1319,690],"class_list":["post-38539","post","type-post","status-publish","format-standard","has-post-thumbnail","hentry","category-filme","tag-futterheckenbewirtschaftung","tag-gehoelzpionier","tag-kurstag","tag-lbbz-schluechthof","tag-michael-machatschek"],"acf":[],"yoast_head":"<!-- This site is optimized with the Yoast SEO plugin v27.5 - https:\/\/yoast.com\/product\/yoast-seo-wordpress\/ -->\n<title>Kurstag Futterheckenbewirtschaftung mit Geh\u00f6lzpionier Michael Machatschek - Permakultur-Landwirtschaft<\/title>\n<meta name=\"description\" content=\"In diesem Video erf\u00e4hrst du von Michael Machatschek, welche \u00f6kologischen und klimatischen Vorteile Futterhecken bieten\" \/>\n<meta name=\"robots\" content=\"index, follow, max-snippet:-1, max-image-preview:large, max-video-preview:-1\" \/>\n<link rel=\"canonical\" href=\"https:\/\/permakultur-landwirtschaft.org\/fr\/kurstag-futterheckenbewirtschaftung-mit-gehoelzpionier-michael-machatschek\/\" \/>\n<meta property=\"og:locale\" content=\"fr_FR\" \/>\n<meta property=\"og:type\" content=\"article\" \/>\n<meta property=\"og:title\" content=\"Kurstag Futterheckenbewirtschaftung mit Geh\u00f6lzpionier Michael Machatschek - Permakultur-Landwirtschaft\" \/>\n<meta property=\"og:description\" content=\"In diesem Video erf\u00e4hrst du von Michael Machatschek, welche \u00f6kologischen und klimatischen Vorteile Futterhecken bieten\" \/>\n<meta property=\"og:url\" content=\"https:\/\/permakultur-landwirtschaft.org\/fr\/kurstag-futterheckenbewirtschaftung-mit-gehoelzpionier-michael-machatschek\/\" \/>\n<meta property=\"og:site_name\" content=\"Permakultur-Landwirtschaft\" \/>\n<meta property=\"article:publisher\" content=\"https:\/\/www.facebook.com\/PermakulturLandwirtschaft\" \/>\n<meta property=\"article:published_time\" content=\"2025-06-23T17:20:00+00:00\" \/>\n<meta property=\"article:modified_time\" content=\"2026-03-19T18:26:23+00:00\" \/>\n<meta property=\"og:image\" content=\"https:\/\/permakultur-landwirtschaft.org\/wp-content\/uploads\/2025\/06\/machatchek_19-03-2026_19-23-17.jpg\" \/>\n\t<meta property=\"og:image:width\" content=\"700\" \/>\n\t<meta property=\"og:image:height\" content=\"357\" \/>\n\t<meta property=\"og:image:type\" content=\"image\/jpeg\" \/>\n<meta name=\"author\" content=\"adrian reutimann\" \/>\n<meta name=\"twitter:card\" content=\"summary_large_image\" \/>\n<meta name=\"twitter:label1\" content=\"\u00c9crit par\" \/>\n\t<meta name=\"twitter:data1\" content=\"adrian reutimann\" \/>\n\t<meta name=\"twitter:label2\" content=\"Dur\u00e9e de lecture estim\u00e9e\" \/>\n\t<meta name=\"twitter:data2\" content=\"1 minute\" \/>\n<script type=\"application\/ld+json\" class=\"yoast-schema-graph\">{\"@context\":\"https:\\\/\\\/schema.org\",\"@graph\":[{\"@type\":\"Article\",\"@id\":\"https:\\\/\\\/permakultur-landwirtschaft.org\\\/kurstag-futterheckenbewirtschaftung-mit-gehoelzpionier-michael-machatschek\\\/#article\",\"isPartOf\":{\"@id\":\"https:\\\/\\\/permakultur-landwirtschaft.org\\\/kurstag-futterheckenbewirtschaftung-mit-gehoelzpionier-michael-machatschek\\\/\"},\"author\":{\"name\":\"adrian reutimann\",\"@id\":\"https:\\\/\\\/permakultur-landwirtschaft.org\\\/#\\\/schema\\\/person\\\/6b0467872f75aed3e144093f9bf4f0b0\"},\"headline\":\"Kurstag Futterheckenbewirtschaftung mit Geh\u00f6lzpionier Michael Machatschek\",\"datePublished\":\"2025-06-23T17:20:00+00:00\",\"dateModified\":\"2026-03-19T18:26:23+00:00\",\"mainEntityOfPage\":{\"@id\":\"https:\\\/\\\/permakultur-landwirtschaft.org\\\/kurstag-futterheckenbewirtschaftung-mit-gehoelzpionier-michael-machatschek\\\/\"},\"wordCount\":86,\"publisher\":{\"@id\":\"https:\\\/\\\/permakultur-landwirtschaft.org\\\/#organization\"},\"image\":{\"@id\":\"https:\\\/\\\/permakultur-landwirtschaft.org\\\/kurstag-futterheckenbewirtschaftung-mit-gehoelzpionier-michael-machatschek\\\/#primaryimage\"},\"thumbnailUrl\":\"https:\\\/\\\/permakultur-landwirtschaft.org\\\/wp-content\\\/uploads\\\/2025\\\/06\\\/machatchek_19-03-2026_19-23-17.jpg\",\"keywords\":[\"Futterheckenbewirtschaftung\",\"Geh\u00f6lzpionier\",\"Kurstag\",\"LBBZ Schluechthof\",\"Michael Machatschek\"],\"articleSection\":[\"Film\"],\"inLanguage\":\"fr-FR\"},{\"@type\":\"WebPage\",\"@id\":\"https:\\\/\\\/permakultur-landwirtschaft.org\\\/kurstag-futterheckenbewirtschaftung-mit-gehoelzpionier-michael-machatschek\\\/\",\"url\":\"https:\\\/\\\/permakultur-landwirtschaft.org\\\/kurstag-futterheckenbewirtschaftung-mit-gehoelzpionier-michael-machatschek\\\/\",\"name\":\"Kurstag Futterheckenbewirtschaftung mit Geh\u00f6lzpionier Michael Machatschek - Permakultur-Landwirtschaft\",\"isPartOf\":{\"@id\":\"https:\\\/\\\/permakultur-landwirtschaft.org\\\/#website\"},\"primaryImageOfPage\":{\"@id\":\"https:\\\/\\\/permakultur-landwirtschaft.org\\\/kurstag-futterheckenbewirtschaftung-mit-gehoelzpionier-michael-machatschek\\\/#primaryimage\"},\"image\":{\"@id\":\"https:\\\/\\\/permakultur-landwirtschaft.org\\\/kurstag-futterheckenbewirtschaftung-mit-gehoelzpionier-michael-machatschek\\\/#primaryimage\"},\"thumbnailUrl\":\"https:\\\/\\\/permakultur-landwirtschaft.org\\\/wp-content\\\/uploads\\\/2025\\\/06\\\/machatchek_19-03-2026_19-23-17.jpg\",\"datePublished\":\"2025-06-23T17:20:00+00:00\",\"dateModified\":\"2026-03-19T18:26:23+00:00\",\"description\":\"In diesem Video erf\u00e4hrst du von Michael Machatschek, welche \u00f6kologischen und klimatischen Vorteile Futterhecken bieten\",\"breadcrumb\":{\"@id\":\"https:\\\/\\\/permakultur-landwirtschaft.org\\\/kurstag-futterheckenbewirtschaftung-mit-gehoelzpionier-michael-machatschek\\\/#breadcrumb\"},\"inLanguage\":\"fr-FR\",\"potentialAction\":[{\"@type\":\"ReadAction\",\"target\":[\"https:\\\/\\\/permakultur-landwirtschaft.org\\\/kurstag-futterheckenbewirtschaftung-mit-gehoelzpionier-michael-machatschek\\\/\"]}]},{\"@type\":\"ImageObject\",\"inLanguage\":\"fr-FR\",\"@id\":\"https:\\\/\\\/permakultur-landwirtschaft.org\\\/kurstag-futterheckenbewirtschaftung-mit-gehoelzpionier-michael-machatschek\\\/#primaryimage\",\"url\":\"https:\\\/\\\/permakultur-landwirtschaft.org\\\/wp-content\\\/uploads\\\/2025\\\/06\\\/machatchek_19-03-2026_19-23-17.jpg\",\"contentUrl\":\"https:\\\/\\\/permakultur-landwirtschaft.org\\\/wp-content\\\/uploads\\\/2025\\\/06\\\/machatchek_19-03-2026_19-23-17.jpg\",\"width\":700,\"height\":357,\"caption\":\"Bild: Youtube\"},{\"@type\":\"BreadcrumbList\",\"@id\":\"https:\\\/\\\/permakultur-landwirtschaft.org\\\/kurstag-futterheckenbewirtschaftung-mit-gehoelzpionier-michael-machatschek\\\/#breadcrumb\",\"itemListElement\":[{\"@type\":\"ListItem\",\"position\":1,\"name\":\"Startseite\",\"item\":\"https:\\\/\\\/permakultur-landwirtschaft.org\\\/\"},{\"@type\":\"ListItem\",\"position\":2,\"name\":\"Kurstag Futterheckenbewirtschaftung mit Geh\u00f6lzpionier Michael Machatschek\"}]},{\"@type\":\"WebSite\",\"@id\":\"https:\\\/\\\/permakultur-landwirtschaft.org\\\/#website\",\"url\":\"https:\\\/\\\/permakultur-landwirtschaft.org\\\/\",\"name\":\"Permakultur-Landwirtschaft\",\"description\":\"F\u00f6rderung der Permakultur in der Landwirtschaft\",\"publisher\":{\"@id\":\"https:\\\/\\\/permakultur-landwirtschaft.org\\\/#organization\"},\"potentialAction\":[{\"@type\":\"SearchAction\",\"target\":{\"@type\":\"EntryPoint\",\"urlTemplate\":\"https:\\\/\\\/permakultur-landwirtschaft.org\\\/?s={search_term_string}\"},\"query-input\":{\"@type\":\"PropertyValueSpecification\",\"valueRequired\":true,\"valueName\":\"search_term_string\"}}],\"inLanguage\":\"fr-FR\"},{\"@type\":\"Organization\",\"@id\":\"https:\\\/\\\/permakultur-landwirtschaft.org\\\/#organization\",\"name\":\"Permakultur-Landwirtschaft\",\"alternateName\":\"Verein Permakultur-Landwirtschaft\",\"url\":\"https:\\\/\\\/permakultur-landwirtschaft.org\\\/\",\"logo\":{\"@type\":\"ImageObject\",\"inLanguage\":\"fr-FR\",\"@id\":\"https:\\\/\\\/permakultur-landwirtschaft.org\\\/#\\\/schema\\\/logo\\\/image\\\/\",\"url\":\"https:\\\/\\\/permakultur-landwirtschaft.org\\\/wp-content\\\/uploads\\\/2021\\\/11\\\/pela_1268x1269.png\",\"contentUrl\":\"https:\\\/\\\/permakultur-landwirtschaft.org\\\/wp-content\\\/uploads\\\/2021\\\/11\\\/pela_1268x1269.png\",\"width\":1298,\"height\":1269,\"caption\":\"Permakultur-Landwirtschaft\"},\"image\":{\"@id\":\"https:\\\/\\\/permakultur-landwirtschaft.org\\\/#\\\/schema\\\/logo\\\/image\\\/\"},\"sameAs\":[\"https:\\\/\\\/www.facebook.com\\\/PermakulturLandwirtschaft\",\"https:\\\/\\\/www.instagram.com\\\/permakultur_landwirtschaft\\\/\",\"https:\\\/\\\/www.flickr.com\\\/photos\\\/permakultur-landwirtschaft\",\"https:\\\/\\\/www.youtube.com\\\/@PermakulturLandwirtschaft\"]},{\"@type\":\"Person\",\"@id\":\"https:\\\/\\\/permakultur-landwirtschaft.org\\\/#\\\/schema\\\/person\\\/6b0467872f75aed3e144093f9bf4f0b0\",\"name\":\"adrian reutimann\",\"url\":\"https:\\\/\\\/permakultur-landwirtschaft.org\\\/fr\\\/author\\\/reutiadr\\\/\"}]}<\/script>\n<!-- \/ Yoast SEO plugin. -->","yoast_head_json":{"title":"Kurstag Futterheckenbewirtschaftung mit Geh\u00f6lzpionier Michael Machatschek - Permakultur-Landwirtschaft","description":"In diesem Video erf\u00e4hrst du von Michael Machatschek, welche \u00f6kologischen und klimatischen Vorteile Futterhecken bieten","robots":{"index":"index","follow":"follow","max-snippet":"max-snippet:-1","max-image-preview":"max-image-preview:large","max-video-preview":"max-video-preview:-1"},"canonical":"https:\/\/permakultur-landwirtschaft.org\/fr\/kurstag-futterheckenbewirtschaftung-mit-gehoelzpionier-michael-machatschek\/","og_locale":"fr_FR","og_type":"article","og_title":"Kurstag Futterheckenbewirtschaftung mit Geh\u00f6lzpionier Michael Machatschek - Permakultur-Landwirtschaft","og_description":"In diesem Video erf\u00e4hrst du von Michael Machatschek, welche \u00f6kologischen und klimatischen Vorteile Futterhecken bieten","og_url":"https:\/\/permakultur-landwirtschaft.org\/fr\/kurstag-futterheckenbewirtschaftung-mit-gehoelzpionier-michael-machatschek\/","og_site_name":"Permakultur-Landwirtschaft","article_publisher":"https:\/\/www.facebook.com\/PermakulturLandwirtschaft","article_published_time":"2025-06-23T17:20:00+00:00","article_modified_time":"2026-03-19T18:26:23+00:00","og_image":[{"width":700,"height":357,"url":"https:\/\/permakultur-landwirtschaft.org\/wp-content\/uploads\/2025\/06\/machatchek_19-03-2026_19-23-17.jpg","type":"image\/jpeg"}],"author":"adrian reutimann","twitter_card":"summary_large_image","twitter_misc":{"\u00c9crit par":"adrian reutimann","Dur\u00e9e de lecture estim\u00e9e":"1 minute"},"schema":{"@context":"https:\/\/schema.org","@graph":[{"@type":"Article","@id":"https:\/\/permakultur-landwirtschaft.org\/kurstag-futterheckenbewirtschaftung-mit-gehoelzpionier-michael-machatschek\/#article","isPartOf":{"@id":"https:\/\/permakultur-landwirtschaft.org\/kurstag-futterheckenbewirtschaftung-mit-gehoelzpionier-michael-machatschek\/"},"author":{"name":"adrian reutimann","@id":"https:\/\/permakultur-landwirtschaft.org\/#\/schema\/person\/6b0467872f75aed3e144093f9bf4f0b0"},"headline":"Kurstag Futterheckenbewirtschaftung mit Geh\u00f6lzpionier Michael Machatschek","datePublished":"2025-06-23T17:20:00+00:00","dateModified":"2026-03-19T18:26:23+00:00","mainEntityOfPage":{"@id":"https:\/\/permakultur-landwirtschaft.org\/kurstag-futterheckenbewirtschaftung-mit-gehoelzpionier-michael-machatschek\/"},"wordCount":86,"publisher":{"@id":"https:\/\/permakultur-landwirtschaft.org\/#organization"},"image":{"@id":"https:\/\/permakultur-landwirtschaft.org\/kurstag-futterheckenbewirtschaftung-mit-gehoelzpionier-michael-machatschek\/#primaryimage"},"thumbnailUrl":"https:\/\/permakultur-landwirtschaft.org\/wp-content\/uploads\/2025\/06\/machatchek_19-03-2026_19-23-17.jpg","keywords":["Futterheckenbewirtschaftung","Geh\u00f6lzpionier","Kurstag","LBBZ Schluechthof","Michael Machatschek"],"articleSection":["Film"],"inLanguage":"fr-FR"},{"@type":"WebPage","@id":"https:\/\/permakultur-landwirtschaft.org\/kurstag-futterheckenbewirtschaftung-mit-gehoelzpionier-michael-machatschek\/","url":"https:\/\/permakultur-landwirtschaft.org\/kurstag-futterheckenbewirtschaftung-mit-gehoelzpionier-michael-machatschek\/","name":"Kurstag Futterheckenbewirtschaftung mit Geh\u00f6lzpionier Michael Machatschek - Permakultur-Landwirtschaft","isPartOf":{"@id":"https:\/\/permakultur-landwirtschaft.org\/#website"},"primaryImageOfPage":{"@id":"https:\/\/permakultur-landwirtschaft.org\/kurstag-futterheckenbewirtschaftung-mit-gehoelzpionier-michael-machatschek\/#primaryimage"},"image":{"@id":"https:\/\/permakultur-landwirtschaft.org\/kurstag-futterheckenbewirtschaftung-mit-gehoelzpionier-michael-machatschek\/#primaryimage"},"thumbnailUrl":"https:\/\/permakultur-landwirtschaft.org\/wp-content\/uploads\/2025\/06\/machatchek_19-03-2026_19-23-17.jpg","datePublished":"2025-06-23T17:20:00+00:00","dateModified":"2026-03-19T18:26:23+00:00","description":"In diesem Video erf\u00e4hrst du von Michael Machatschek, welche \u00f6kologischen und klimatischen Vorteile Futterhecken bieten","breadcrumb":{"@id":"https:\/\/permakultur-landwirtschaft.org\/kurstag-futterheckenbewirtschaftung-mit-gehoelzpionier-michael-machatschek\/#breadcrumb"},"inLanguage":"fr-FR","potentialAction":[{"@type":"ReadAction","target":["https:\/\/permakultur-landwirtschaft.org\/kurstag-futterheckenbewirtschaftung-mit-gehoelzpionier-michael-machatschek\/"]}]},{"@type":"ImageObject","inLanguage":"fr-FR","@id":"https:\/\/permakultur-landwirtschaft.org\/kurstag-futterheckenbewirtschaftung-mit-gehoelzpionier-michael-machatschek\/#primaryimage","url":"https:\/\/permakultur-landwirtschaft.org\/wp-content\/uploads\/2025\/06\/machatchek_19-03-2026_19-23-17.jpg","contentUrl":"https:\/\/permakultur-landwirtschaft.org\/wp-content\/uploads\/2025\/06\/machatchek_19-03-2026_19-23-17.jpg","width":700,"height":357,"caption":"Bild: Youtube"},{"@type":"BreadcrumbList","@id":"https:\/\/permakultur-landwirtschaft.org\/kurstag-futterheckenbewirtschaftung-mit-gehoelzpionier-michael-machatschek\/#breadcrumb","itemListElement":[{"@type":"ListItem","position":1,"name":"Startseite","item":"https:\/\/permakultur-landwirtschaft.org\/"},{"@type":"ListItem","position":2,"name":"Kurstag Futterheckenbewirtschaftung mit Geh\u00f6lzpionier Michael Machatschek"}]},{"@type":"WebSite","@id":"https:\/\/permakultur-landwirtschaft.org\/#website","url":"https:\/\/permakultur-landwirtschaft.org\/","name":"Permakultur-Landwirtschaft","description":"F\u00f6rderung der Permakultur in der Landwirtschaft","publisher":{"@id":"https:\/\/permakultur-landwirtschaft.org\/#organization"},"potentialAction":[{"@type":"SearchAction","target":{"@type":"EntryPoint","urlTemplate":"https:\/\/permakultur-landwirtschaft.org\/?s={search_term_string}"},"query-input":{"@type":"PropertyValueSpecification","valueRequired":true,"valueName":"search_term_string"}}],"inLanguage":"fr-FR"},{"@type":"Organization","@id":"https:\/\/permakultur-landwirtschaft.org\/#organization","name":"Permakultur-Landwirtschaft","alternateName":"Verein Permakultur-Landwirtschaft","url":"https:\/\/permakultur-landwirtschaft.org\/","logo":{"@type":"ImageObject","inLanguage":"fr-FR","@id":"https:\/\/permakultur-landwirtschaft.org\/#\/schema\/logo\/image\/","url":"https:\/\/permakultur-landwirtschaft.org\/wp-content\/uploads\/2021\/11\/pela_1268x1269.png","contentUrl":"https:\/\/permakultur-landwirtschaft.org\/wp-content\/uploads\/2021\/11\/pela_1268x1269.png","width":1298,"height":1269,"caption":"Permakultur-Landwirtschaft"},"image":{"@id":"https:\/\/permakultur-landwirtschaft.org\/#\/schema\/logo\/image\/"},"sameAs":["https:\/\/www.facebook.com\/PermakulturLandwirtschaft","https:\/\/www.instagram.com\/permakultur_landwirtschaft\/","https:\/\/www.flickr.com\/photos\/permakultur-landwirtschaft","https:\/\/www.youtube.com\/@PermakulturLandwirtschaft"]},{"@type":"Person","@id":"https:\/\/permakultur-landwirtschaft.org\/#\/schema\/person\/6b0467872f75aed3e144093f9bf4f0b0","name":"adrian reutimann","url":"https:\/\/permakultur-landwirtschaft.org\/fr\/author\/reutiadr\/"}]}},"_links":{"self":[{"href":"https:\/\/permakultur-landwirtschaft.org\/fr\/wp-json\/wp\/v2\/posts\/38539","targetHints":{"allow":["GET"]}}],"collection":[{"href":"https:\/\/permakultur-landwirtschaft.org\/fr\/wp-json\/wp\/v2\/posts"}],"about":[{"href":"https:\/\/permakultur-landwirtschaft.org\/fr\/wp-json\/wp\/v2\/types\/post"}],"author":[{"embeddable":true,"href":"https:\/\/permakultur-landwirtschaft.org\/fr\/wp-json\/wp\/v2\/users\/2"}],"replies":[{"embeddable":true,"href":"https:\/\/permakultur-landwirtschaft.org\/fr\/wp-json\/wp\/v2\/comments?post=38539"}],"version-history":[{"count":1,"href":"https:\/\/permakultur-landwirtschaft.org\/fr\/wp-json\/wp\/v2\/posts\/38539\/revisions"}],"predecessor-version":[{"id":38540,"href":"https:\/\/permakultur-landwirtschaft.org\/fr\/wp-json\/wp\/v2\/posts\/38539\/revisions\/38540"}],"wp:featuredmedia":[{"embeddable":true,"href":"https:\/\/permakultur-landwirtschaft.org\/fr\/wp-json\/wp\/v2\/media\/38541"}],"wp:attachment":[{"href":"https:\/\/permakultur-landwirtschaft.org\/fr\/wp-json\/wp\/v2\/media?parent=38539"}],"wp:term":[{"taxonomy":"category","embeddable":true,"href":"https:\/\/permakultur-landwirtschaft.org\/fr\/wp-json\/wp\/v2\/categories?post=38539"},{"taxonomy":"post_tag","embeddable":true,"href":"https:\/\/permakultur-landwirtschaft.org\/fr\/wp-json\/wp\/v2\/tags?post=38539"}],"curies":[{"name":"wp","href":"https:\/\/api.w.org\/{rel}","templated":true}]}}