{"id":38528,"date":"2025-07-25T19:02:00","date_gmt":"2025-07-25T17:02:00","guid":{"rendered":"https:\/\/permakultur-landwirtschaft.org\/?p=38528"},"modified":"2026-03-19T19:09:18","modified_gmt":"2026-03-19T18:09:18","slug":"wie-kraeuterfee-die-oekoflaechen-nutzt","status":"publish","type":"post","link":"https:\/\/permakultur-landwirtschaft.org\/fr\/wie-kraeuterfee-die-oekoflaechen-nutzt\/","title":{"rendered":"Wie Kr\u00e4uterfee die \u00d6kofl\u00e4chen nutzt"},"content":{"rendered":"<p>Maja Vogt sammelt seit 27 Jahren Wildkr\u00e4uter und verarbeitet diese zu verschiedensten Produkten. Die Kr\u00e4uterfrau und Biob\u00e4uerin bewirtschaftet zudem \u00d6kofl\u00e4chen zur Biodiversit\u00e4tsf\u00f6rderung.<\/p>\n\n\n\n<p>Etwa sieben Kilometer n\u00f6rdlich von Brugg AG schl\u00e4ngelt sich eine Strasse durch die h\u00fcgelige Landschaft nach Mandach, ein Dorf mit weniger als 400 Einwohnenden. Hier ist Maja Vogt zuhause. Seit 27 Jahren arbeitet sie mit Wildkr\u00e4utern, aus denen sie unter anderem Teemischungen, Salben, Kr\u00e4utersalz, Sirup und Essig herstellt.<\/p>\n\n\n\n<p>&#8230;<\/p>\n\n\n\n<h3 class=\"wp-block-heading\">Bewirten der \u00d6kofl\u00e4chen<\/h3>\n\n\n\n<p>\u00abBiodiversit\u00e4t ist mir pers\u00f6nlich ein wichtiges Thema\u00bb, sagt Maja Vogt. Geplant ist deshalb ein privater Biodiversit\u00e4tspfad auf ihrem Land, auf dem sie ebenfalls F\u00fchrungen anbieten will. Das Landwirtschaftsland umfasst 20 Hektaren und beherbergt 50 Prozent \u00d6kofl\u00e4chen, f\u00fcr welche Maja Vogt Direktzahlungen des Bundes erh\u00e4lt. Auf diesen \u00d6kofl\u00e4chen sind unter anderem Hecken sowie Bunt- und Rotationsbrachen angepflanzt. Solche Fl\u00e4chen geh\u00f6ren zu den wertvollsten Biodiversit\u00e4tsf\u00f6rderfl\u00e4chen, denn sie bieten zahlreichen Tieren Nahrung und Lebensraum.<\/p>\n\n\n\n<p>Beispielsweise dem Neunt\u00f6ter: Diese Vogelart aus der Familie der W\u00fcrger nistet in Hecken und ist w\u00e4hrend der Brutzeit auf kurze Strecken zwischen Nest und Futterquelle angewiesen. Damit der Neunt\u00f6ter auf erfolgreiche M\u00e4usejagd gehen kann, m\u00fcssen kleine Teile der Fl\u00e4chen von Zeit zu Zeit auch geschnitten werden.<\/p>\n\n\n\n<p>Wie der Name bereits sagt, rotieren die Brachen. Bei Maja Vogt sind sie zweigeteilt, wobei eine H\u00e4lfte f\u00fcr 3-4 Jahre und die andere f\u00fcr 6-8 Jahre bepflanzt wird, jeweils mit anderen Samenmischungen. Die \u00d6kofl\u00e4chen in Mandach liegen in Hanglagen, deshalb wurden unterhalb der Fl\u00e4chen kleine Gr\u00e4ben angelegt im Keyline-Design, die das Wasser leiten und sammeln. Bei Regen fliesst das Wasser in diese Gr\u00e4ben und versickert im Boden, anstatt in die Kanalisation zu fliessen.<\/p>\n\n\n\n<p><\/p>","protected":false},"excerpt":{"rendered":"<p>Maja Vogt sammelt seit 27 Jahren Wildkr\u00e4uter und verarbeitet diese zu verschiedensten Produkten. Die Kr\u00e4uterfrau und Biob\u00e4uerin bewirtschaftet zudem \u00d6kofl\u00e4chen zur Biodiversit\u00e4tsf\u00f6rderung. Etwa sieben Kilometer n\u00f6rdlich von Brugg AG schl\u00e4ngelt sich eine Strasse durch die h\u00fcgelige Landschaft nach Mandach, ein Dorf mit weniger als 400 Einwohnenden. Hier ist Maja Vogt zuhause. Seit 27 Jahren arbeitet [&hellip;]<\/p>\n","protected":false},"author":2,"featured_media":38529,"comment_status":"closed","ping_status":"closed","sticky":false,"template":"","format":"standard","meta":{"_acf_changed":false,"site-sidebar-layout":"default","site-content-layout":"","ast-site-content-layout":"default","site-content-style":"default","site-sidebar-style":"default","ast-global-header-display":"","ast-banner-title-visibility":"","ast-main-header-display":"","ast-hfb-above-header-display":"","ast-hfb-below-header-display":"","ast-hfb-mobile-header-display":"","site-post-title":"","ast-breadcrumbs-content":"","ast-featured-img":"","footer-sml-layout":"","ast-disable-related-posts":"","theme-transparent-header-meta":"","adv-header-id-meta":"","stick-header-meta":"","header-above-stick-meta":"","header-main-stick-meta":"","header-below-stick-meta":"","astra-migrate-meta-layouts":"set","ast-page-background-enabled":"default","ast-page-background-meta":{"desktop":{"background-color":"var(--ast-global-color-4)","background-image":"","background-repeat":"repeat","background-position":"center center","background-size":"auto","background-attachment":"scroll","background-type":"","background-media":"","overlay-type":"","overlay-color":"","overlay-opacity":"","overlay-gradient":""},"tablet":{"background-color":"","background-image":"","background-repeat":"repeat","background-position":"center center","background-size":"auto","background-attachment":"scroll","background-type":"","background-media":"","overlay-type":"","overlay-color":"","overlay-opacity":"","overlay-gradient":""},"mobile":{"background-color":"","background-image":"","background-repeat":"repeat","background-position":"center center","background-size":"auto","background-attachment":"scroll","background-type":"","background-media":"","overlay-type":"","overlay-color":"","overlay-opacity":"","overlay-gradient":""}},"ast-content-background-meta":{"desktop":{"background-color":"var(--ast-global-color-5)","background-image":"","background-repeat":"repeat","background-position":"center center","background-size":"auto","background-attachment":"scroll","background-type":"","background-media":"","overlay-type":"","overlay-color":"","overlay-opacity":"","overlay-gradient":""},"tablet":{"background-color":"var(--ast-global-color-5)","background-image":"","background-repeat":"repeat","background-position":"center center","background-size":"auto","background-attachment":"scroll","background-type":"","background-media":"","overlay-type":"","overlay-color":"","overlay-opacity":"","overlay-gradient":""},"mobile":{"background-color":"var(--ast-global-color-5)","background-image":"","background-repeat":"repeat","background-position":"center center","background-size":"auto","background-attachment":"scroll","background-type":"","background-media":"","overlay-type":"","overlay-color":"","overlay-opacity":"","overlay-gradient":""}},"footnotes":""},"categories":[22],"tags":[90,1312,1313,1181],"class_list":["post-38528","post","type-post","status-publish","format-standard","has-post-thumbnail","hentry","category-neuigkeit","tag-keyline","tag-maja-vogt","tag-oekoflaeche","tag-wildkraeuter"],"acf":[],"yoast_head":"<!-- This site is optimized with the Yoast SEO plugin v27.5 - https:\/\/yoast.com\/product\/yoast-seo-wordpress\/ -->\n<title>Wie Kr\u00e4uterfee die \u00d6kofl\u00e4chen nutzt - Permakultur-Landwirtschaft<\/title>\n<meta name=\"robots\" content=\"index, follow, max-snippet:-1, max-image-preview:large, max-video-preview:-1\" \/>\n<link rel=\"canonical\" href=\"https:\/\/permakultur-landwirtschaft.org\/fr\/wie-kraeuterfee-die-oekoflaechen-nutzt\/\" \/>\n<meta property=\"og:locale\" content=\"fr_FR\" \/>\n<meta property=\"og:type\" content=\"article\" \/>\n<meta property=\"og:title\" content=\"Wie Kr\u00e4uterfee die \u00d6kofl\u00e4chen nutzt - Permakultur-Landwirtschaft\" \/>\n<meta property=\"og:description\" content=\"Maja Vogt sammelt seit 27 Jahren Wildkr\u00e4uter und verarbeitet diese zu verschiedensten Produkten. Die Kr\u00e4uterfrau und Biob\u00e4uerin bewirtschaftet zudem \u00d6kofl\u00e4chen zur Biodiversit\u00e4tsf\u00f6rderung. Etwa sieben Kilometer n\u00f6rdlich von Brugg AG schl\u00e4ngelt sich eine Strasse durch die h\u00fcgelige Landschaft nach Mandach, ein Dorf mit weniger als 400 Einwohnenden. Hier ist Maja Vogt zuhause. Seit 27 Jahren arbeitet [&hellip;]\" \/>\n<meta property=\"og:url\" content=\"https:\/\/permakultur-landwirtschaft.org\/fr\/wie-kraeuterfee-die-oekoflaechen-nutzt\/\" \/>\n<meta property=\"og:site_name\" content=\"Permakultur-Landwirtschaft\" \/>\n<meta property=\"article:publisher\" content=\"https:\/\/www.facebook.com\/PermakulturLandwirtschaft\" \/>\n<meta property=\"article:published_time\" content=\"2025-07-25T17:02:00+00:00\" \/>\n<meta property=\"article:modified_time\" content=\"2026-03-19T18:09:18+00:00\" \/>\n<meta property=\"og:image\" content=\"https:\/\/permakultur-landwirtschaft.org\/wp-content\/uploads\/2026\/03\/maja_vogt_74084_74088.jpeg\" \/>\n\t<meta property=\"og:image:width\" content=\"700\" \/>\n\t<meta property=\"og:image:height\" content=\"466\" \/>\n\t<meta property=\"og:image:type\" content=\"image\/jpeg\" \/>\n<meta name=\"author\" content=\"adrian reutimann\" \/>\n<meta name=\"twitter:card\" content=\"summary_large_image\" \/>\n<meta name=\"twitter:label1\" content=\"\u00c9crit par\" \/>\n\t<meta name=\"twitter:data1\" content=\"adrian reutimann\" \/>\n\t<meta name=\"twitter:label2\" content=\"Dur\u00e9e de lecture estim\u00e9e\" \/>\n\t<meta name=\"twitter:data2\" content=\"2 minutes\" \/>\n<script type=\"application\/ld+json\" class=\"yoast-schema-graph\">{\"@context\":\"https:\\\/\\\/schema.org\",\"@graph\":[{\"@type\":\"Article\",\"@id\":\"https:\\\/\\\/permakultur-landwirtschaft.org\\\/wie-kraeuterfee-die-oekoflaechen-nutzt\\\/#article\",\"isPartOf\":{\"@id\":\"https:\\\/\\\/permakultur-landwirtschaft.org\\\/wie-kraeuterfee-die-oekoflaechen-nutzt\\\/\"},\"author\":{\"name\":\"adrian reutimann\",\"@id\":\"https:\\\/\\\/permakultur-landwirtschaft.org\\\/#\\\/schema\\\/person\\\/6b0467872f75aed3e144093f9bf4f0b0\"},\"headline\":\"Wie Kr\u00e4uterfee die \u00d6kofl\u00e4chen nutzt\",\"datePublished\":\"2025-07-25T17:02:00+00:00\",\"dateModified\":\"2026-03-19T18:09:18+00:00\",\"mainEntityOfPage\":{\"@id\":\"https:\\\/\\\/permakultur-landwirtschaft.org\\\/wie-kraeuterfee-die-oekoflaechen-nutzt\\\/\"},\"wordCount\":304,\"publisher\":{\"@id\":\"https:\\\/\\\/permakultur-landwirtschaft.org\\\/#organization\"},\"image\":{\"@id\":\"https:\\\/\\\/permakultur-landwirtschaft.org\\\/wie-kraeuterfee-die-oekoflaechen-nutzt\\\/#primaryimage\"},\"thumbnailUrl\":\"https:\\\/\\\/permakultur-landwirtschaft.org\\\/wp-content\\\/uploads\\\/2026\\\/03\\\/maja_vogt_74084_74088.jpeg\",\"keywords\":[\"Keyline\",\"Maja Vogt\",\"\u00d6kofl\u00e4che\",\"Wildkr\u00e4uter\"],\"articleSection\":[\"Neuigkeit\"],\"inLanguage\":\"fr-FR\"},{\"@type\":\"WebPage\",\"@id\":\"https:\\\/\\\/permakultur-landwirtschaft.org\\\/wie-kraeuterfee-die-oekoflaechen-nutzt\\\/\",\"url\":\"https:\\\/\\\/permakultur-landwirtschaft.org\\\/wie-kraeuterfee-die-oekoflaechen-nutzt\\\/\",\"name\":\"Wie Kr\u00e4uterfee die \u00d6kofl\u00e4chen nutzt - Permakultur-Landwirtschaft\",\"isPartOf\":{\"@id\":\"https:\\\/\\\/permakultur-landwirtschaft.org\\\/#website\"},\"primaryImageOfPage\":{\"@id\":\"https:\\\/\\\/permakultur-landwirtschaft.org\\\/wie-kraeuterfee-die-oekoflaechen-nutzt\\\/#primaryimage\"},\"image\":{\"@id\":\"https:\\\/\\\/permakultur-landwirtschaft.org\\\/wie-kraeuterfee-die-oekoflaechen-nutzt\\\/#primaryimage\"},\"thumbnailUrl\":\"https:\\\/\\\/permakultur-landwirtschaft.org\\\/wp-content\\\/uploads\\\/2026\\\/03\\\/maja_vogt_74084_74088.jpeg\",\"datePublished\":\"2025-07-25T17:02:00+00:00\",\"dateModified\":\"2026-03-19T18:09:18+00:00\",\"breadcrumb\":{\"@id\":\"https:\\\/\\\/permakultur-landwirtschaft.org\\\/wie-kraeuterfee-die-oekoflaechen-nutzt\\\/#breadcrumb\"},\"inLanguage\":\"fr-FR\",\"potentialAction\":[{\"@type\":\"ReadAction\",\"target\":[\"https:\\\/\\\/permakultur-landwirtschaft.org\\\/wie-kraeuterfee-die-oekoflaechen-nutzt\\\/\"]}]},{\"@type\":\"ImageObject\",\"inLanguage\":\"fr-FR\",\"@id\":\"https:\\\/\\\/permakultur-landwirtschaft.org\\\/wie-kraeuterfee-die-oekoflaechen-nutzt\\\/#primaryimage\",\"url\":\"https:\\\/\\\/permakultur-landwirtschaft.org\\\/wp-content\\\/uploads\\\/2026\\\/03\\\/maja_vogt_74084_74088.jpeg\",\"contentUrl\":\"https:\\\/\\\/permakultur-landwirtschaft.org\\\/wp-content\\\/uploads\\\/2026\\\/03\\\/maja_vogt_74084_74088.jpeg\",\"width\":700,\"height\":466,\"caption\":\"Bild: Elin Wittwer\"},{\"@type\":\"BreadcrumbList\",\"@id\":\"https:\\\/\\\/permakultur-landwirtschaft.org\\\/wie-kraeuterfee-die-oekoflaechen-nutzt\\\/#breadcrumb\",\"itemListElement\":[{\"@type\":\"ListItem\",\"position\":1,\"name\":\"Startseite\",\"item\":\"https:\\\/\\\/permakultur-landwirtschaft.org\\\/\"},{\"@type\":\"ListItem\",\"position\":2,\"name\":\"Wie Kr\u00e4uterfee die \u00d6kofl\u00e4chen nutzt\"}]},{\"@type\":\"WebSite\",\"@id\":\"https:\\\/\\\/permakultur-landwirtschaft.org\\\/#website\",\"url\":\"https:\\\/\\\/permakultur-landwirtschaft.org\\\/\",\"name\":\"Permakultur-Landwirtschaft\",\"description\":\"F\u00f6rderung der Permakultur in der Landwirtschaft\",\"publisher\":{\"@id\":\"https:\\\/\\\/permakultur-landwirtschaft.org\\\/#organization\"},\"potentialAction\":[{\"@type\":\"SearchAction\",\"target\":{\"@type\":\"EntryPoint\",\"urlTemplate\":\"https:\\\/\\\/permakultur-landwirtschaft.org\\\/?s={search_term_string}\"},\"query-input\":{\"@type\":\"PropertyValueSpecification\",\"valueRequired\":true,\"valueName\":\"search_term_string\"}}],\"inLanguage\":\"fr-FR\"},{\"@type\":\"Organization\",\"@id\":\"https:\\\/\\\/permakultur-landwirtschaft.org\\\/#organization\",\"name\":\"Permakultur-Landwirtschaft\",\"alternateName\":\"Verein Permakultur-Landwirtschaft\",\"url\":\"https:\\\/\\\/permakultur-landwirtschaft.org\\\/\",\"logo\":{\"@type\":\"ImageObject\",\"inLanguage\":\"fr-FR\",\"@id\":\"https:\\\/\\\/permakultur-landwirtschaft.org\\\/#\\\/schema\\\/logo\\\/image\\\/\",\"url\":\"https:\\\/\\\/permakultur-landwirtschaft.org\\\/wp-content\\\/uploads\\\/2021\\\/11\\\/pela_1268x1269.png\",\"contentUrl\":\"https:\\\/\\\/permakultur-landwirtschaft.org\\\/wp-content\\\/uploads\\\/2021\\\/11\\\/pela_1268x1269.png\",\"width\":1298,\"height\":1269,\"caption\":\"Permakultur-Landwirtschaft\"},\"image\":{\"@id\":\"https:\\\/\\\/permakultur-landwirtschaft.org\\\/#\\\/schema\\\/logo\\\/image\\\/\"},\"sameAs\":[\"https:\\\/\\\/www.facebook.com\\\/PermakulturLandwirtschaft\",\"https:\\\/\\\/www.instagram.com\\\/permakultur_landwirtschaft\\\/\",\"https:\\\/\\\/www.flickr.com\\\/photos\\\/permakultur-landwirtschaft\",\"https:\\\/\\\/www.youtube.com\\\/@PermakulturLandwirtschaft\"]},{\"@type\":\"Person\",\"@id\":\"https:\\\/\\\/permakultur-landwirtschaft.org\\\/#\\\/schema\\\/person\\\/6b0467872f75aed3e144093f9bf4f0b0\",\"name\":\"adrian reutimann\",\"url\":\"https:\\\/\\\/permakultur-landwirtschaft.org\\\/fr\\\/author\\\/reutiadr\\\/\"}]}<\/script>\n<!-- \/ Yoast SEO plugin. -->","yoast_head_json":{"title":"Wie Kr\u00e4uterfee die \u00d6kofl\u00e4chen nutzt - Permakultur-Landwirtschaft","robots":{"index":"index","follow":"follow","max-snippet":"max-snippet:-1","max-image-preview":"max-image-preview:large","max-video-preview":"max-video-preview:-1"},"canonical":"https:\/\/permakultur-landwirtschaft.org\/fr\/wie-kraeuterfee-die-oekoflaechen-nutzt\/","og_locale":"fr_FR","og_type":"article","og_title":"Wie Kr\u00e4uterfee die \u00d6kofl\u00e4chen nutzt - Permakultur-Landwirtschaft","og_description":"Maja Vogt sammelt seit 27 Jahren Wildkr\u00e4uter und verarbeitet diese zu verschiedensten Produkten. Die Kr\u00e4uterfrau und Biob\u00e4uerin bewirtschaftet zudem \u00d6kofl\u00e4chen zur Biodiversit\u00e4tsf\u00f6rderung. Etwa sieben Kilometer n\u00f6rdlich von Brugg AG schl\u00e4ngelt sich eine Strasse durch die h\u00fcgelige Landschaft nach Mandach, ein Dorf mit weniger als 400 Einwohnenden. Hier ist Maja Vogt zuhause. Seit 27 Jahren arbeitet [&hellip;]","og_url":"https:\/\/permakultur-landwirtschaft.org\/fr\/wie-kraeuterfee-die-oekoflaechen-nutzt\/","og_site_name":"Permakultur-Landwirtschaft","article_publisher":"https:\/\/www.facebook.com\/PermakulturLandwirtschaft","article_published_time":"2025-07-25T17:02:00+00:00","article_modified_time":"2026-03-19T18:09:18+00:00","og_image":[{"width":700,"height":466,"url":"https:\/\/permakultur-landwirtschaft.org\/wp-content\/uploads\/2026\/03\/maja_vogt_74084_74088.jpeg","type":"image\/jpeg"}],"author":"adrian reutimann","twitter_card":"summary_large_image","twitter_misc":{"\u00c9crit par":"adrian reutimann","Dur\u00e9e de lecture estim\u00e9e":"2 minutes"},"schema":{"@context":"https:\/\/schema.org","@graph":[{"@type":"Article","@id":"https:\/\/permakultur-landwirtschaft.org\/wie-kraeuterfee-die-oekoflaechen-nutzt\/#article","isPartOf":{"@id":"https:\/\/permakultur-landwirtschaft.org\/wie-kraeuterfee-die-oekoflaechen-nutzt\/"},"author":{"name":"adrian reutimann","@id":"https:\/\/permakultur-landwirtschaft.org\/#\/schema\/person\/6b0467872f75aed3e144093f9bf4f0b0"},"headline":"Wie Kr\u00e4uterfee die \u00d6kofl\u00e4chen nutzt","datePublished":"2025-07-25T17:02:00+00:00","dateModified":"2026-03-19T18:09:18+00:00","mainEntityOfPage":{"@id":"https:\/\/permakultur-landwirtschaft.org\/wie-kraeuterfee-die-oekoflaechen-nutzt\/"},"wordCount":304,"publisher":{"@id":"https:\/\/permakultur-landwirtschaft.org\/#organization"},"image":{"@id":"https:\/\/permakultur-landwirtschaft.org\/wie-kraeuterfee-die-oekoflaechen-nutzt\/#primaryimage"},"thumbnailUrl":"https:\/\/permakultur-landwirtschaft.org\/wp-content\/uploads\/2026\/03\/maja_vogt_74084_74088.jpeg","keywords":["Keyline","Maja Vogt","\u00d6kofl\u00e4che","Wildkr\u00e4uter"],"articleSection":["Neuigkeit"],"inLanguage":"fr-FR"},{"@type":"WebPage","@id":"https:\/\/permakultur-landwirtschaft.org\/wie-kraeuterfee-die-oekoflaechen-nutzt\/","url":"https:\/\/permakultur-landwirtschaft.org\/wie-kraeuterfee-die-oekoflaechen-nutzt\/","name":"Wie Kr\u00e4uterfee die \u00d6kofl\u00e4chen nutzt - Permakultur-Landwirtschaft","isPartOf":{"@id":"https:\/\/permakultur-landwirtschaft.org\/#website"},"primaryImageOfPage":{"@id":"https:\/\/permakultur-landwirtschaft.org\/wie-kraeuterfee-die-oekoflaechen-nutzt\/#primaryimage"},"image":{"@id":"https:\/\/permakultur-landwirtschaft.org\/wie-kraeuterfee-die-oekoflaechen-nutzt\/#primaryimage"},"thumbnailUrl":"https:\/\/permakultur-landwirtschaft.org\/wp-content\/uploads\/2026\/03\/maja_vogt_74084_74088.jpeg","datePublished":"2025-07-25T17:02:00+00:00","dateModified":"2026-03-19T18:09:18+00:00","breadcrumb":{"@id":"https:\/\/permakultur-landwirtschaft.org\/wie-kraeuterfee-die-oekoflaechen-nutzt\/#breadcrumb"},"inLanguage":"fr-FR","potentialAction":[{"@type":"ReadAction","target":["https:\/\/permakultur-landwirtschaft.org\/wie-kraeuterfee-die-oekoflaechen-nutzt\/"]}]},{"@type":"ImageObject","inLanguage":"fr-FR","@id":"https:\/\/permakultur-landwirtschaft.org\/wie-kraeuterfee-die-oekoflaechen-nutzt\/#primaryimage","url":"https:\/\/permakultur-landwirtschaft.org\/wp-content\/uploads\/2026\/03\/maja_vogt_74084_74088.jpeg","contentUrl":"https:\/\/permakultur-landwirtschaft.org\/wp-content\/uploads\/2026\/03\/maja_vogt_74084_74088.jpeg","width":700,"height":466,"caption":"Bild: Elin Wittwer"},{"@type":"BreadcrumbList","@id":"https:\/\/permakultur-landwirtschaft.org\/wie-kraeuterfee-die-oekoflaechen-nutzt\/#breadcrumb","itemListElement":[{"@type":"ListItem","position":1,"name":"Startseite","item":"https:\/\/permakultur-landwirtschaft.org\/"},{"@type":"ListItem","position":2,"name":"Wie Kr\u00e4uterfee die \u00d6kofl\u00e4chen nutzt"}]},{"@type":"WebSite","@id":"https:\/\/permakultur-landwirtschaft.org\/#website","url":"https:\/\/permakultur-landwirtschaft.org\/","name":"Permakultur-Landwirtschaft","description":"F\u00f6rderung der Permakultur in der Landwirtschaft","publisher":{"@id":"https:\/\/permakultur-landwirtschaft.org\/#organization"},"potentialAction":[{"@type":"SearchAction","target":{"@type":"EntryPoint","urlTemplate":"https:\/\/permakultur-landwirtschaft.org\/?s={search_term_string}"},"query-input":{"@type":"PropertyValueSpecification","valueRequired":true,"valueName":"search_term_string"}}],"inLanguage":"fr-FR"},{"@type":"Organization","@id":"https:\/\/permakultur-landwirtschaft.org\/#organization","name":"Permakultur-Landwirtschaft","alternateName":"Verein Permakultur-Landwirtschaft","url":"https:\/\/permakultur-landwirtschaft.org\/","logo":{"@type":"ImageObject","inLanguage":"fr-FR","@id":"https:\/\/permakultur-landwirtschaft.org\/#\/schema\/logo\/image\/","url":"https:\/\/permakultur-landwirtschaft.org\/wp-content\/uploads\/2021\/11\/pela_1268x1269.png","contentUrl":"https:\/\/permakultur-landwirtschaft.org\/wp-content\/uploads\/2021\/11\/pela_1268x1269.png","width":1298,"height":1269,"caption":"Permakultur-Landwirtschaft"},"image":{"@id":"https:\/\/permakultur-landwirtschaft.org\/#\/schema\/logo\/image\/"},"sameAs":["https:\/\/www.facebook.com\/PermakulturLandwirtschaft","https:\/\/www.instagram.com\/permakultur_landwirtschaft\/","https:\/\/www.flickr.com\/photos\/permakultur-landwirtschaft","https:\/\/www.youtube.com\/@PermakulturLandwirtschaft"]},{"@type":"Person","@id":"https:\/\/permakultur-landwirtschaft.org\/#\/schema\/person\/6b0467872f75aed3e144093f9bf4f0b0","name":"adrian reutimann","url":"https:\/\/permakultur-landwirtschaft.org\/fr\/author\/reutiadr\/"}]}},"_links":{"self":[{"href":"https:\/\/permakultur-landwirtschaft.org\/fr\/wp-json\/wp\/v2\/posts\/38528","targetHints":{"allow":["GET"]}}],"collection":[{"href":"https:\/\/permakultur-landwirtschaft.org\/fr\/wp-json\/wp\/v2\/posts"}],"about":[{"href":"https:\/\/permakultur-landwirtschaft.org\/fr\/wp-json\/wp\/v2\/types\/post"}],"author":[{"embeddable":true,"href":"https:\/\/permakultur-landwirtschaft.org\/fr\/wp-json\/wp\/v2\/users\/2"}],"replies":[{"embeddable":true,"href":"https:\/\/permakultur-landwirtschaft.org\/fr\/wp-json\/wp\/v2\/comments?post=38528"}],"version-history":[{"count":2,"href":"https:\/\/permakultur-landwirtschaft.org\/fr\/wp-json\/wp\/v2\/posts\/38528\/revisions"}],"predecessor-version":[{"id":38532,"href":"https:\/\/permakultur-landwirtschaft.org\/fr\/wp-json\/wp\/v2\/posts\/38528\/revisions\/38532"}],"wp:featuredmedia":[{"embeddable":true,"href":"https:\/\/permakultur-landwirtschaft.org\/fr\/wp-json\/wp\/v2\/media\/38529"}],"wp:attachment":[{"href":"https:\/\/permakultur-landwirtschaft.org\/fr\/wp-json\/wp\/v2\/media?parent=38528"}],"wp:term":[{"taxonomy":"category","embeddable":true,"href":"https:\/\/permakultur-landwirtschaft.org\/fr\/wp-json\/wp\/v2\/categories?post=38528"},{"taxonomy":"post_tag","embeddable":true,"href":"https:\/\/permakultur-landwirtschaft.org\/fr\/wp-json\/wp\/v2\/tags?post=38528"}],"curies":[{"name":"wp","href":"https:\/\/api.w.org\/{rel}","templated":true}]}}