{"id":38453,"date":"2025-05-28T20:06:00","date_gmt":"2025-05-28T18:06:00","guid":{"rendered":"https:\/\/permakultur-landwirtschaft.org\/?p=38453"},"modified":"2026-03-16T20:13:55","modified_gmt":"2026-03-16T19:13:55","slug":"haies-fourrageres-une-reponse-aux-etes-secs-demo-a-la-ferme-comex-du-borgeau-carrouge-vd","status":"publish","type":"post","link":"https:\/\/permakultur-landwirtschaft.org\/fr\/haies-fourrageres-une-reponse-aux-etes-secs-demo-a-la-ferme-comex-du-borgeau-carrouge-vd\/","title":{"rendered":"Haies fourrag\u00e8res \u2013 Une r\u00e9ponse aux \u00e9t\u00e9s secs | D\u00e9mo \u00e0 la Ferme Comex du Borgeau, Carrouge\/VD"},"content":{"rendered":"<p>Face aux s\u00e9cheresses estivales de plus en plus fr\u00e9quentes dues au changement climatique, Agroscope teste une solution innovante : les haies fourrag\u00e8res. Lors d\u2019une d\u00e9monstration Climate Farm Demo, Pierre Mariotte et son \u00e9quipe pr\u00e9sentent le potentiel de plusieurs esp\u00e8ces d\u2019arbres (fr\u00eane, saule, m\u00fbrier, tilleul\u2026) pour produire un fourrage alternatif \u00e0 base de feuilles, lorsque l\u2019herbe ne pousse plus. <\/p>\n\n\n\n<p>Les haies sont plant\u00e9es de fa\u00e7on dense et g\u00e9r\u00e9es pour favoriser la production de jeunes rameaux riches en feuilles. L\u2019ajout de bois ram\u00e9al fragment\u00e9 (BRF) am\u00e9liore la croissance des arbres et l\u2019humidit\u00e9 du sol, sans irrigation. <\/p>\n\n\n\n<p>Les chercheurs identifient aussi les freins, comme les d\u00e9g\u00e2ts caus\u00e9s par les campagnols, et \u00e9valuent la valeur nutritive des arbres d\u00e9j\u00e0 pr\u00e9sents dans les exploitations.<\/p>\n\n\n\n<figure class=\"wp-block-embed is-type-video is-provider-youtube wp-block-embed-youtube wp-embed-aspect-16-9 wp-has-aspect-ratio\"><div class=\"wp-block-embed__wrapper\">\n<iframe title=\"Haies fourrag\u00e8res \u2013 Une r\u00e9ponse aux \u00e9t\u00e9s secs | D\u00e9mo \u00e0 la Ferme Comex du Borgeau, Carrouge\/VD\" width=\"500\" height=\"281\" src=\"https:\/\/www.youtube.com\/embed\/45U-HA18mxI?feature=oembed\" frameborder=\"0\" allow=\"accelerometer; autoplay; clipboard-write; encrypted-media; gyroscope; picture-in-picture; web-share\" referrerpolicy=\"strict-origin-when-cross-origin\" allowfullscreen><\/iframe>\n<\/div><\/figure>","protected":false},"excerpt":{"rendered":"<p>Face aux s\u00e9cheresses estivales de plus en plus fr\u00e9quentes dues au changement climatique, Agroscope teste une solution innovante : les haies fourrag\u00e8res. Lors d\u2019une d\u00e9monstration Climate Farm Demo, Pierre Mariotte et son \u00e9quipe pr\u00e9sentent le potentiel de plusieurs esp\u00e8ces d\u2019arbres (fr\u00eane, saule, m\u00fbrier, tilleul\u2026) pour produire un fourrage alternatif \u00e0 base de feuilles, lorsque l\u2019herbe [&hellip;]<\/p>\n","protected":false},"author":2,"featured_media":38454,"comment_status":"closed","ping_status":"closed","sticky":false,"template":"","format":"standard","meta":{"_acf_changed":false,"site-sidebar-layout":"default","site-content-layout":"","ast-site-content-layout":"default","site-content-style":"default","site-sidebar-style":"default","ast-global-header-display":"","ast-banner-title-visibility":"","ast-main-header-display":"","ast-hfb-above-header-display":"","ast-hfb-below-header-display":"","ast-hfb-mobile-header-display":"","site-post-title":"","ast-breadcrumbs-content":"","ast-featured-img":"","footer-sml-layout":"","ast-disable-related-posts":"","theme-transparent-header-meta":"","adv-header-id-meta":"","stick-header-meta":"","header-above-stick-meta":"","header-main-stick-meta":"","header-below-stick-meta":"","astra-migrate-meta-layouts":"set","ast-page-background-enabled":"default","ast-page-background-meta":{"desktop":{"background-color":"var(--ast-global-color-4)","background-image":"","background-repeat":"repeat","background-position":"center center","background-size":"auto","background-attachment":"scroll","background-type":"","background-media":"","overlay-type":"","overlay-color":"","overlay-opacity":"","overlay-gradient":""},"tablet":{"background-color":"","background-image":"","background-repeat":"repeat","background-position":"center center","background-size":"auto","background-attachment":"scroll","background-type":"","background-media":"","overlay-type":"","overlay-color":"","overlay-opacity":"","overlay-gradient":""},"mobile":{"background-color":"","background-image":"","background-repeat":"repeat","background-position":"center center","background-size":"auto","background-attachment":"scroll","background-type":"","background-media":"","overlay-type":"","overlay-color":"","overlay-opacity":"","overlay-gradient":""}},"ast-content-background-meta":{"desktop":{"background-color":"var(--ast-global-color-5)","background-image":"","background-repeat":"repeat","background-position":"center center","background-size":"auto","background-attachment":"scroll","background-type":"","background-media":"","overlay-type":"","overlay-color":"","overlay-opacity":"","overlay-gradient":""},"tablet":{"background-color":"var(--ast-global-color-5)","background-image":"","background-repeat":"repeat","background-position":"center center","background-size":"auto","background-attachment":"scroll","background-type":"","background-media":"","overlay-type":"","overlay-color":"","overlay-opacity":"","overlay-gradient":""},"mobile":{"background-color":"var(--ast-global-color-5)","background-image":"","background-repeat":"repeat","background-position":"center center","background-size":"auto","background-attachment":"scroll","background-type":"","background-media":"","overlay-type":"","overlay-color":"","overlay-opacity":"","overlay-gradient":""}},"footnotes":""},"categories":[45],"tags":[1255,1254,140,916],"class_list":["post-38453","post","type-post","status-publish","format-standard","has-post-thumbnail","hentry","category-filme","tag-bois-rameal-fragmente-brf","tag-ferme-comex","tag-film","tag-haies-fourrageres"],"acf":[],"yoast_head":"<!-- This site is optimized with the Yoast SEO plugin v27.5 - https:\/\/yoast.com\/product\/yoast-seo-wordpress\/ -->\n<title>Haies fourrag\u00e8res \u2013 Une r\u00e9ponse aux \u00e9t\u00e9s secs | D\u00e9mo \u00e0 la Ferme Comex du Borgeau, Carrouge\/VD - Permakultur-Landwirtschaft<\/title>\n<meta name=\"description\" content=\"Les chercheurs identifient aussi les freins, et \u00e9valuent la valeur nutritive des arbres d\u00e9j\u00e0 pr\u00e9sents dans les exploitations.\" \/>\n<meta name=\"robots\" content=\"index, follow, max-snippet:-1, max-image-preview:large, max-video-preview:-1\" \/>\n<link rel=\"canonical\" href=\"https:\/\/permakultur-landwirtschaft.org\/fr\/haies-fourrageres-une-reponse-aux-etes-secs-demo-a-la-ferme-comex-du-borgeau-carrouge-vd\/\" \/>\n<meta property=\"og:locale\" content=\"fr_FR\" \/>\n<meta property=\"og:type\" content=\"article\" \/>\n<meta property=\"og:title\" content=\"Haies fourrag\u00e8res \u2013 Une r\u00e9ponse aux \u00e9t\u00e9s secs | D\u00e9mo \u00e0 la Ferme Comex du Borgeau, Carrouge\/VD - Permakultur-Landwirtschaft\" \/>\n<meta property=\"og:description\" content=\"Les chercheurs identifient aussi les freins, et \u00e9valuent la valeur nutritive des arbres d\u00e9j\u00e0 pr\u00e9sents dans les exploitations.\" \/>\n<meta property=\"og:url\" content=\"https:\/\/permakultur-landwirtschaft.org\/fr\/haies-fourrageres-une-reponse-aux-etes-secs-demo-a-la-ferme-comex-du-borgeau-carrouge-vd\/\" \/>\n<meta property=\"og:site_name\" content=\"Permakultur-Landwirtschaft\" \/>\n<meta property=\"article:publisher\" content=\"https:\/\/www.facebook.com\/PermakulturLandwirtschaft\" \/>\n<meta property=\"article:published_time\" content=\"2025-05-28T18:06:00+00:00\" \/>\n<meta property=\"article:modified_time\" content=\"2026-03-16T19:13:55+00:00\" \/>\n<meta property=\"og:image\" content=\"https:\/\/permakultur-landwirtschaft.org\/wp-content\/uploads\/2026\/03\/haies_fourrage16-03-2026_20-06-37.jpg\" \/>\n\t<meta property=\"og:image:width\" content=\"701\" \/>\n\t<meta property=\"og:image:height\" content=\"338\" \/>\n\t<meta property=\"og:image:type\" content=\"image\/jpeg\" \/>\n<meta name=\"author\" content=\"adrian reutimann\" \/>\n<meta name=\"twitter:card\" content=\"summary_large_image\" \/>\n<meta name=\"twitter:label1\" content=\"\u00c9crit par\" \/>\n\t<meta name=\"twitter:data1\" content=\"adrian reutimann\" \/>\n\t<meta name=\"twitter:label2\" content=\"Dur\u00e9e de lecture estim\u00e9e\" \/>\n\t<meta name=\"twitter:data2\" content=\"1 minute\" \/>\n<script type=\"application\/ld+json\" class=\"yoast-schema-graph\">{\"@context\":\"https:\\\/\\\/schema.org\",\"@graph\":[{\"@type\":\"Article\",\"@id\":\"https:\\\/\\\/permakultur-landwirtschaft.org\\\/haies-fourrageres-une-reponse-aux-etes-secs-demo-a-la-ferme-comex-du-borgeau-carrouge-vd\\\/#article\",\"isPartOf\":{\"@id\":\"https:\\\/\\\/permakultur-landwirtschaft.org\\\/haies-fourrageres-une-reponse-aux-etes-secs-demo-a-la-ferme-comex-du-borgeau-carrouge-vd\\\/\"},\"author\":{\"name\":\"adrian reutimann\",\"@id\":\"https:\\\/\\\/permakultur-landwirtschaft.org\\\/#\\\/schema\\\/person\\\/6b0467872f75aed3e144093f9bf4f0b0\"},\"headline\":\"Haies fourrag\u00e8res \u2013 Une r\u00e9ponse aux \u00e9t\u00e9s secs | D\u00e9mo \u00e0 la Ferme Comex du Borgeau, Carrouge\\\/VD\",\"datePublished\":\"2025-05-28T18:06:00+00:00\",\"dateModified\":\"2026-03-16T19:13:55+00:00\",\"mainEntityOfPage\":{\"@id\":\"https:\\\/\\\/permakultur-landwirtschaft.org\\\/haies-fourrageres-une-reponse-aux-etes-secs-demo-a-la-ferme-comex-du-borgeau-carrouge-vd\\\/\"},\"wordCount\":165,\"publisher\":{\"@id\":\"https:\\\/\\\/permakultur-landwirtschaft.org\\\/#organization\"},\"image\":{\"@id\":\"https:\\\/\\\/permakultur-landwirtschaft.org\\\/haies-fourrageres-une-reponse-aux-etes-secs-demo-a-la-ferme-comex-du-borgeau-carrouge-vd\\\/#primaryimage\"},\"thumbnailUrl\":\"https:\\\/\\\/permakultur-landwirtschaft.org\\\/wp-content\\\/uploads\\\/2026\\\/03\\\/haies_fourrage16-03-2026_20-06-37.jpg\",\"keywords\":[\"bois ram\u00e9al fragment\u00e9 (BRF)\",\"Ferme Comex\",\"Film\",\"haies fourrag\u00e8res\"],\"articleSection\":[\"Film\"],\"inLanguage\":\"fr-FR\"},{\"@type\":\"WebPage\",\"@id\":\"https:\\\/\\\/permakultur-landwirtschaft.org\\\/haies-fourrageres-une-reponse-aux-etes-secs-demo-a-la-ferme-comex-du-borgeau-carrouge-vd\\\/\",\"url\":\"https:\\\/\\\/permakultur-landwirtschaft.org\\\/haies-fourrageres-une-reponse-aux-etes-secs-demo-a-la-ferme-comex-du-borgeau-carrouge-vd\\\/\",\"name\":\"Haies fourrag\u00e8res \u2013 Une r\u00e9ponse aux \u00e9t\u00e9s secs | D\u00e9mo \u00e0 la Ferme Comex du Borgeau, Carrouge\\\/VD - Permakultur-Landwirtschaft\",\"isPartOf\":{\"@id\":\"https:\\\/\\\/permakultur-landwirtschaft.org\\\/#website\"},\"primaryImageOfPage\":{\"@id\":\"https:\\\/\\\/permakultur-landwirtschaft.org\\\/haies-fourrageres-une-reponse-aux-etes-secs-demo-a-la-ferme-comex-du-borgeau-carrouge-vd\\\/#primaryimage\"},\"image\":{\"@id\":\"https:\\\/\\\/permakultur-landwirtschaft.org\\\/haies-fourrageres-une-reponse-aux-etes-secs-demo-a-la-ferme-comex-du-borgeau-carrouge-vd\\\/#primaryimage\"},\"thumbnailUrl\":\"https:\\\/\\\/permakultur-landwirtschaft.org\\\/wp-content\\\/uploads\\\/2026\\\/03\\\/haies_fourrage16-03-2026_20-06-37.jpg\",\"datePublished\":\"2025-05-28T18:06:00+00:00\",\"dateModified\":\"2026-03-16T19:13:55+00:00\",\"description\":\"Les chercheurs identifient aussi les freins, et \u00e9valuent la valeur nutritive des arbres d\u00e9j\u00e0 pr\u00e9sents dans les exploitations.\",\"breadcrumb\":{\"@id\":\"https:\\\/\\\/permakultur-landwirtschaft.org\\\/haies-fourrageres-une-reponse-aux-etes-secs-demo-a-la-ferme-comex-du-borgeau-carrouge-vd\\\/#breadcrumb\"},\"inLanguage\":\"fr-FR\",\"potentialAction\":[{\"@type\":\"ReadAction\",\"target\":[\"https:\\\/\\\/permakultur-landwirtschaft.org\\\/haies-fourrageres-une-reponse-aux-etes-secs-demo-a-la-ferme-comex-du-borgeau-carrouge-vd\\\/\"]}]},{\"@type\":\"ImageObject\",\"inLanguage\":\"fr-FR\",\"@id\":\"https:\\\/\\\/permakultur-landwirtschaft.org\\\/haies-fourrageres-une-reponse-aux-etes-secs-demo-a-la-ferme-comex-du-borgeau-carrouge-vd\\\/#primaryimage\",\"url\":\"https:\\\/\\\/permakultur-landwirtschaft.org\\\/wp-content\\\/uploads\\\/2026\\\/03\\\/haies_fourrage16-03-2026_20-06-37.jpg\",\"contentUrl\":\"https:\\\/\\\/permakultur-landwirtschaft.org\\\/wp-content\\\/uploads\\\/2026\\\/03\\\/haies_fourrage16-03-2026_20-06-37.jpg\",\"width\":701,\"height\":338,\"caption\":\"Image: youtube.com\"},{\"@type\":\"BreadcrumbList\",\"@id\":\"https:\\\/\\\/permakultur-landwirtschaft.org\\\/haies-fourrageres-une-reponse-aux-etes-secs-demo-a-la-ferme-comex-du-borgeau-carrouge-vd\\\/#breadcrumb\",\"itemListElement\":[{\"@type\":\"ListItem\",\"position\":1,\"name\":\"Startseite\",\"item\":\"https:\\\/\\\/permakultur-landwirtschaft.org\\\/\"},{\"@type\":\"ListItem\",\"position\":2,\"name\":\"Haies fourrag\u00e8res \u2013 Une r\u00e9ponse aux \u00e9t\u00e9s secs | D\u00e9mo \u00e0 la Ferme Comex du Borgeau, Carrouge\\\/VD\"}]},{\"@type\":\"WebSite\",\"@id\":\"https:\\\/\\\/permakultur-landwirtschaft.org\\\/#website\",\"url\":\"https:\\\/\\\/permakultur-landwirtschaft.org\\\/\",\"name\":\"Permakultur-Landwirtschaft\",\"description\":\"F\u00f6rderung der Permakultur in der Landwirtschaft\",\"publisher\":{\"@id\":\"https:\\\/\\\/permakultur-landwirtschaft.org\\\/#organization\"},\"potentialAction\":[{\"@type\":\"SearchAction\",\"target\":{\"@type\":\"EntryPoint\",\"urlTemplate\":\"https:\\\/\\\/permakultur-landwirtschaft.org\\\/?s={search_term_string}\"},\"query-input\":{\"@type\":\"PropertyValueSpecification\",\"valueRequired\":true,\"valueName\":\"search_term_string\"}}],\"inLanguage\":\"fr-FR\"},{\"@type\":\"Organization\",\"@id\":\"https:\\\/\\\/permakultur-landwirtschaft.org\\\/#organization\",\"name\":\"Permakultur-Landwirtschaft\",\"alternateName\":\"Verein Permakultur-Landwirtschaft\",\"url\":\"https:\\\/\\\/permakultur-landwirtschaft.org\\\/\",\"logo\":{\"@type\":\"ImageObject\",\"inLanguage\":\"fr-FR\",\"@id\":\"https:\\\/\\\/permakultur-landwirtschaft.org\\\/#\\\/schema\\\/logo\\\/image\\\/\",\"url\":\"https:\\\/\\\/permakultur-landwirtschaft.org\\\/wp-content\\\/uploads\\\/2021\\\/11\\\/pela_1268x1269.png\",\"contentUrl\":\"https:\\\/\\\/permakultur-landwirtschaft.org\\\/wp-content\\\/uploads\\\/2021\\\/11\\\/pela_1268x1269.png\",\"width\":1298,\"height\":1269,\"caption\":\"Permakultur-Landwirtschaft\"},\"image\":{\"@id\":\"https:\\\/\\\/permakultur-landwirtschaft.org\\\/#\\\/schema\\\/logo\\\/image\\\/\"},\"sameAs\":[\"https:\\\/\\\/www.facebook.com\\\/PermakulturLandwirtschaft\",\"https:\\\/\\\/www.instagram.com\\\/permakultur_landwirtschaft\\\/\",\"https:\\\/\\\/www.flickr.com\\\/photos\\\/permakultur-landwirtschaft\",\"https:\\\/\\\/www.youtube.com\\\/@PermakulturLandwirtschaft\"]},{\"@type\":\"Person\",\"@id\":\"https:\\\/\\\/permakultur-landwirtschaft.org\\\/#\\\/schema\\\/person\\\/6b0467872f75aed3e144093f9bf4f0b0\",\"name\":\"adrian reutimann\",\"url\":\"https:\\\/\\\/permakultur-landwirtschaft.org\\\/fr\\\/author\\\/reutiadr\\\/\"}]}<\/script>\n<!-- \/ Yoast SEO plugin. -->","yoast_head_json":{"title":"Haies fourrag\u00e8res \u2013 Une r\u00e9ponse aux \u00e9t\u00e9s secs | D\u00e9mo \u00e0 la Ferme Comex du Borgeau, Carrouge\/VD - Permakultur-Landwirtschaft","description":"Les chercheurs identifient aussi les freins, et \u00e9valuent la valeur nutritive des arbres d\u00e9j\u00e0 pr\u00e9sents dans les exploitations.","robots":{"index":"index","follow":"follow","max-snippet":"max-snippet:-1","max-image-preview":"max-image-preview:large","max-video-preview":"max-video-preview:-1"},"canonical":"https:\/\/permakultur-landwirtschaft.org\/fr\/haies-fourrageres-une-reponse-aux-etes-secs-demo-a-la-ferme-comex-du-borgeau-carrouge-vd\/","og_locale":"fr_FR","og_type":"article","og_title":"Haies fourrag\u00e8res \u2013 Une r\u00e9ponse aux \u00e9t\u00e9s secs | D\u00e9mo \u00e0 la Ferme Comex du Borgeau, Carrouge\/VD - Permakultur-Landwirtschaft","og_description":"Les chercheurs identifient aussi les freins, et \u00e9valuent la valeur nutritive des arbres d\u00e9j\u00e0 pr\u00e9sents dans les exploitations.","og_url":"https:\/\/permakultur-landwirtschaft.org\/fr\/haies-fourrageres-une-reponse-aux-etes-secs-demo-a-la-ferme-comex-du-borgeau-carrouge-vd\/","og_site_name":"Permakultur-Landwirtschaft","article_publisher":"https:\/\/www.facebook.com\/PermakulturLandwirtschaft","article_published_time":"2025-05-28T18:06:00+00:00","article_modified_time":"2026-03-16T19:13:55+00:00","og_image":[{"width":701,"height":338,"url":"https:\/\/permakultur-landwirtschaft.org\/wp-content\/uploads\/2026\/03\/haies_fourrage16-03-2026_20-06-37.jpg","type":"image\/jpeg"}],"author":"adrian reutimann","twitter_card":"summary_large_image","twitter_misc":{"\u00c9crit par":"adrian reutimann","Dur\u00e9e de lecture estim\u00e9e":"1 minute"},"schema":{"@context":"https:\/\/schema.org","@graph":[{"@type":"Article","@id":"https:\/\/permakultur-landwirtschaft.org\/haies-fourrageres-une-reponse-aux-etes-secs-demo-a-la-ferme-comex-du-borgeau-carrouge-vd\/#article","isPartOf":{"@id":"https:\/\/permakultur-landwirtschaft.org\/haies-fourrageres-une-reponse-aux-etes-secs-demo-a-la-ferme-comex-du-borgeau-carrouge-vd\/"},"author":{"name":"adrian reutimann","@id":"https:\/\/permakultur-landwirtschaft.org\/#\/schema\/person\/6b0467872f75aed3e144093f9bf4f0b0"},"headline":"Haies fourrag\u00e8res \u2013 Une r\u00e9ponse aux \u00e9t\u00e9s secs | D\u00e9mo \u00e0 la Ferme Comex du Borgeau, Carrouge\/VD","datePublished":"2025-05-28T18:06:00+00:00","dateModified":"2026-03-16T19:13:55+00:00","mainEntityOfPage":{"@id":"https:\/\/permakultur-landwirtschaft.org\/haies-fourrageres-une-reponse-aux-etes-secs-demo-a-la-ferme-comex-du-borgeau-carrouge-vd\/"},"wordCount":165,"publisher":{"@id":"https:\/\/permakultur-landwirtschaft.org\/#organization"},"image":{"@id":"https:\/\/permakultur-landwirtschaft.org\/haies-fourrageres-une-reponse-aux-etes-secs-demo-a-la-ferme-comex-du-borgeau-carrouge-vd\/#primaryimage"},"thumbnailUrl":"https:\/\/permakultur-landwirtschaft.org\/wp-content\/uploads\/2026\/03\/haies_fourrage16-03-2026_20-06-37.jpg","keywords":["bois ram\u00e9al fragment\u00e9 (BRF)","Ferme Comex","Film","haies fourrag\u00e8res"],"articleSection":["Film"],"inLanguage":"fr-FR"},{"@type":"WebPage","@id":"https:\/\/permakultur-landwirtschaft.org\/haies-fourrageres-une-reponse-aux-etes-secs-demo-a-la-ferme-comex-du-borgeau-carrouge-vd\/","url":"https:\/\/permakultur-landwirtschaft.org\/haies-fourrageres-une-reponse-aux-etes-secs-demo-a-la-ferme-comex-du-borgeau-carrouge-vd\/","name":"Haies fourrag\u00e8res \u2013 Une r\u00e9ponse aux \u00e9t\u00e9s secs | D\u00e9mo \u00e0 la Ferme Comex du Borgeau, Carrouge\/VD - Permakultur-Landwirtschaft","isPartOf":{"@id":"https:\/\/permakultur-landwirtschaft.org\/#website"},"primaryImageOfPage":{"@id":"https:\/\/permakultur-landwirtschaft.org\/haies-fourrageres-une-reponse-aux-etes-secs-demo-a-la-ferme-comex-du-borgeau-carrouge-vd\/#primaryimage"},"image":{"@id":"https:\/\/permakultur-landwirtschaft.org\/haies-fourrageres-une-reponse-aux-etes-secs-demo-a-la-ferme-comex-du-borgeau-carrouge-vd\/#primaryimage"},"thumbnailUrl":"https:\/\/permakultur-landwirtschaft.org\/wp-content\/uploads\/2026\/03\/haies_fourrage16-03-2026_20-06-37.jpg","datePublished":"2025-05-28T18:06:00+00:00","dateModified":"2026-03-16T19:13:55+00:00","description":"Les chercheurs identifient aussi les freins, et \u00e9valuent la valeur nutritive des arbres d\u00e9j\u00e0 pr\u00e9sents dans les exploitations.","breadcrumb":{"@id":"https:\/\/permakultur-landwirtschaft.org\/haies-fourrageres-une-reponse-aux-etes-secs-demo-a-la-ferme-comex-du-borgeau-carrouge-vd\/#breadcrumb"},"inLanguage":"fr-FR","potentialAction":[{"@type":"ReadAction","target":["https:\/\/permakultur-landwirtschaft.org\/haies-fourrageres-une-reponse-aux-etes-secs-demo-a-la-ferme-comex-du-borgeau-carrouge-vd\/"]}]},{"@type":"ImageObject","inLanguage":"fr-FR","@id":"https:\/\/permakultur-landwirtschaft.org\/haies-fourrageres-une-reponse-aux-etes-secs-demo-a-la-ferme-comex-du-borgeau-carrouge-vd\/#primaryimage","url":"https:\/\/permakultur-landwirtschaft.org\/wp-content\/uploads\/2026\/03\/haies_fourrage16-03-2026_20-06-37.jpg","contentUrl":"https:\/\/permakultur-landwirtschaft.org\/wp-content\/uploads\/2026\/03\/haies_fourrage16-03-2026_20-06-37.jpg","width":701,"height":338,"caption":"Image: youtube.com"},{"@type":"BreadcrumbList","@id":"https:\/\/permakultur-landwirtschaft.org\/haies-fourrageres-une-reponse-aux-etes-secs-demo-a-la-ferme-comex-du-borgeau-carrouge-vd\/#breadcrumb","itemListElement":[{"@type":"ListItem","position":1,"name":"Startseite","item":"https:\/\/permakultur-landwirtschaft.org\/"},{"@type":"ListItem","position":2,"name":"Haies fourrag\u00e8res \u2013 Une r\u00e9ponse aux \u00e9t\u00e9s secs | D\u00e9mo \u00e0 la Ferme Comex du Borgeau, Carrouge\/VD"}]},{"@type":"WebSite","@id":"https:\/\/permakultur-landwirtschaft.org\/#website","url":"https:\/\/permakultur-landwirtschaft.org\/","name":"Permakultur-Landwirtschaft","description":"F\u00f6rderung der Permakultur in der Landwirtschaft","publisher":{"@id":"https:\/\/permakultur-landwirtschaft.org\/#organization"},"potentialAction":[{"@type":"SearchAction","target":{"@type":"EntryPoint","urlTemplate":"https:\/\/permakultur-landwirtschaft.org\/?s={search_term_string}"},"query-input":{"@type":"PropertyValueSpecification","valueRequired":true,"valueName":"search_term_string"}}],"inLanguage":"fr-FR"},{"@type":"Organization","@id":"https:\/\/permakultur-landwirtschaft.org\/#organization","name":"Permakultur-Landwirtschaft","alternateName":"Verein Permakultur-Landwirtschaft","url":"https:\/\/permakultur-landwirtschaft.org\/","logo":{"@type":"ImageObject","inLanguage":"fr-FR","@id":"https:\/\/permakultur-landwirtschaft.org\/#\/schema\/logo\/image\/","url":"https:\/\/permakultur-landwirtschaft.org\/wp-content\/uploads\/2021\/11\/pela_1268x1269.png","contentUrl":"https:\/\/permakultur-landwirtschaft.org\/wp-content\/uploads\/2021\/11\/pela_1268x1269.png","width":1298,"height":1269,"caption":"Permakultur-Landwirtschaft"},"image":{"@id":"https:\/\/permakultur-landwirtschaft.org\/#\/schema\/logo\/image\/"},"sameAs":["https:\/\/www.facebook.com\/PermakulturLandwirtschaft","https:\/\/www.instagram.com\/permakultur_landwirtschaft\/","https:\/\/www.flickr.com\/photos\/permakultur-landwirtschaft","https:\/\/www.youtube.com\/@PermakulturLandwirtschaft"]},{"@type":"Person","@id":"https:\/\/permakultur-landwirtschaft.org\/#\/schema\/person\/6b0467872f75aed3e144093f9bf4f0b0","name":"adrian reutimann","url":"https:\/\/permakultur-landwirtschaft.org\/fr\/author\/reutiadr\/"}]}},"_links":{"self":[{"href":"https:\/\/permakultur-landwirtschaft.org\/fr\/wp-json\/wp\/v2\/posts\/38453","targetHints":{"allow":["GET"]}}],"collection":[{"href":"https:\/\/permakultur-landwirtschaft.org\/fr\/wp-json\/wp\/v2\/posts"}],"about":[{"href":"https:\/\/permakultur-landwirtschaft.org\/fr\/wp-json\/wp\/v2\/types\/post"}],"author":[{"embeddable":true,"href":"https:\/\/permakultur-landwirtschaft.org\/fr\/wp-json\/wp\/v2\/users\/2"}],"replies":[{"embeddable":true,"href":"https:\/\/permakultur-landwirtschaft.org\/fr\/wp-json\/wp\/v2\/comments?post=38453"}],"version-history":[{"count":1,"href":"https:\/\/permakultur-landwirtschaft.org\/fr\/wp-json\/wp\/v2\/posts\/38453\/revisions"}],"predecessor-version":[{"id":38455,"href":"https:\/\/permakultur-landwirtschaft.org\/fr\/wp-json\/wp\/v2\/posts\/38453\/revisions\/38455"}],"wp:featuredmedia":[{"embeddable":true,"href":"https:\/\/permakultur-landwirtschaft.org\/fr\/wp-json\/wp\/v2\/media\/38454"}],"wp:attachment":[{"href":"https:\/\/permakultur-landwirtschaft.org\/fr\/wp-json\/wp\/v2\/media?parent=38453"}],"wp:term":[{"taxonomy":"category","embeddable":true,"href":"https:\/\/permakultur-landwirtschaft.org\/fr\/wp-json\/wp\/v2\/categories?post=38453"},{"taxonomy":"post_tag","embeddable":true,"href":"https:\/\/permakultur-landwirtschaft.org\/fr\/wp-json\/wp\/v2\/tags?post=38453"}],"curies":[{"name":"wp","href":"https:\/\/api.w.org\/{rel}","templated":true}]}}