{"id":38389,"date":"2021-09-02T05:53:00","date_gmt":"2021-09-02T03:53:00","guid":{"rendered":"https:\/\/permakultur-landwirtschaft.org\/?p=38389"},"modified":"2026-03-15T06:03:17","modified_gmt":"2026-03-15T05:03:17","slug":"boden-gut-machen-beitrag-vom-02-september-2021","status":"publish","type":"post","link":"https:\/\/permakultur-landwirtschaft.org\/fr\/boden-gut-machen-beitrag-vom-02-september-2021\/","title":{"rendered":"Boden gut machen &#8211; Beitrag vom 02. September 2021"},"content":{"rendered":"<p>Weniger Pestizide, klima\u00adneutrale Betriebe und bessere Qualit\u00e4t: Ob bio oder konventionell, viele Bauern schw\u00f6ren auf die sogenannte regenerative Landwirtschaft. Zu Recht?<\/p>\n\n\n\n<p>Urs Siegenthaler sticht mit einem Spaten ins Feld und gr\u00e4bt um. Im Boden wimmelt es von Regen\u00adw\u00fcrmern. Ein gutes Zeichen, sagt er. Aber das St\u00fcck Erde, das er ausgestochen hat, bleibt im Viereck liegen, anstatt auseinander\u00adzubr\u00f6ckeln. Ein schlechtes Zeichen. Die Erde ist zu verdichtet.<\/p>\n\n\n\n<p>Siegenthaler ist Landwirt in M\u00fcnsingen, s\u00fcdlich von Bern. Er f\u00fchrt einen grossen Hof. Baut R\u00fcebli, Kartoffeln und Getreide an, h\u00e4lt Milch\u00adk\u00fche und Schweine, bildet zwei Lehrlinge aus. Er arbeitet biologisch. Seit neuestem interessiert er sich f\u00fcr das Mikro\u00adbiologische. F\u00fcr das, was im Boden passiert.<\/p>\n\n\n\n<p>Im Nachbar\u00adkanton Luzern richtet der Landwirt Toni Sch\u00f6n\u00adb\u00e4chler ebenfalls den Blick auf die Erde unter seinen F\u00fcssen. Er l\u00e4uft \u00fcber seine Weide und pfl\u00fcckt einen Ampfer. \u00abDer zeigt, dass es genug Stick\u00adstoff im Boden hat\u00bb, sagt er. Die Gr\u00e4ser, die auf seinen Feldern wachsen, erz\u00e4hlten ihm, wie es dem Boden gehe, welche N\u00e4hr\u00adstoffe da seien, welche fehlten, sagt er.<\/p>\n\n\n\n<p>&#8230;<\/p>","protected":false},"excerpt":{"rendered":"<p>Weniger Pestizide, klima\u00adneutrale Betriebe und bessere Qualit\u00e4t: Ob bio oder konventionell, viele Bauern schw\u00f6ren auf die sogenannte regenerative Landwirtschaft. Zu Recht? Urs Siegenthaler sticht mit einem Spaten ins Feld und gr\u00e4bt um. Im Boden wimmelt es von Regen\u00adw\u00fcrmern. Ein gutes Zeichen, sagt er. Aber das St\u00fcck Erde, das er ausgestochen hat, bleibt im Viereck liegen, [&hellip;]<\/p>\n","protected":false},"author":2,"featured_media":38390,"comment_status":"closed","ping_status":"closed","sticky":false,"template":"","format":"standard","meta":{"_acf_changed":false,"site-sidebar-layout":"default","site-content-layout":"","ast-site-content-layout":"default","site-content-style":"default","site-sidebar-style":"default","ast-global-header-display":"","ast-banner-title-visibility":"","ast-main-header-display":"","ast-hfb-above-header-display":"","ast-hfb-below-header-display":"","ast-hfb-mobile-header-display":"","site-post-title":"","ast-breadcrumbs-content":"","ast-featured-img":"","footer-sml-layout":"","ast-disable-related-posts":"","theme-transparent-header-meta":"","adv-header-id-meta":"","stick-header-meta":"","header-above-stick-meta":"","header-main-stick-meta":"","header-below-stick-meta":"","astra-migrate-meta-layouts":"set","ast-page-background-enabled":"default","ast-page-background-meta":{"desktop":{"background-color":"var(--ast-global-color-4)","background-image":"","background-repeat":"repeat","background-position":"center center","background-size":"auto","background-attachment":"scroll","background-type":"","background-media":"","overlay-type":"","overlay-color":"","overlay-opacity":"","overlay-gradient":""},"tablet":{"background-color":"","background-image":"","background-repeat":"repeat","background-position":"center center","background-size":"auto","background-attachment":"scroll","background-type":"","background-media":"","overlay-type":"","overlay-color":"","overlay-opacity":"","overlay-gradient":""},"mobile":{"background-color":"","background-image":"","background-repeat":"repeat","background-position":"center center","background-size":"auto","background-attachment":"scroll","background-type":"","background-media":"","overlay-type":"","overlay-color":"","overlay-opacity":"","overlay-gradient":""}},"ast-content-background-meta":{"desktop":{"background-color":"var(--ast-global-color-5)","background-image":"","background-repeat":"repeat","background-position":"center center","background-size":"auto","background-attachment":"scroll","background-type":"","background-media":"","overlay-type":"","overlay-color":"","overlay-opacity":"","overlay-gradient":""},"tablet":{"background-color":"var(--ast-global-color-5)","background-image":"","background-repeat":"repeat","background-position":"center center","background-size":"auto","background-attachment":"scroll","background-type":"","background-media":"","overlay-type":"","overlay-color":"","overlay-opacity":"","overlay-gradient":""},"mobile":{"background-color":"var(--ast-global-color-5)","background-image":"","background-repeat":"repeat","background-position":"center center","background-size":"auto","background-attachment":"scroll","background-type":"","background-media":"","overlay-type":"","overlay-color":"","overlay-opacity":"","overlay-gradient":""}},"footnotes":""},"categories":[22],"tags":[28,1224,545,1223,1225,1222],"class_list":["post-38389","post","type-post","status-publish","format-standard","has-post-thumbnail","hentry","category-neuigkeit","tag-boden","tag-hof-feldenmoos","tag-regenerative-landwirtschaft","tag-sigis-biohof-schwand","tag-toni-schoenbaechler","tag-urs-siegenthaler"],"acf":[],"yoast_head":"<!-- This site is optimized with the Yoast SEO plugin v27.5 - https:\/\/yoast.com\/product\/yoast-seo-wordpress\/ -->\n<title>Boden gut machen - Beitrag vom 02. September 2021 - Permakultur-Landwirtschaft<\/title>\n<meta name=\"description\" content=\"Weniger Pestizide, klima\u00adneutraler, bessere Qualit\u00e4t: Ob bio oder konventionell, viele Bauern schw\u00f6ren auf die regenerative Landwirtschaft.\" \/>\n<meta name=\"robots\" content=\"index, follow, max-snippet:-1, max-image-preview:large, max-video-preview:-1\" \/>\n<link rel=\"canonical\" href=\"https:\/\/permakultur-landwirtschaft.org\/fr\/boden-gut-machen-beitrag-vom-02-september-2021\/\" \/>\n<meta property=\"og:locale\" content=\"fr_FR\" \/>\n<meta property=\"og:type\" content=\"article\" \/>\n<meta property=\"og:title\" content=\"Boden gut machen - Beitrag vom 02. September 2021 - Permakultur-Landwirtschaft\" \/>\n<meta property=\"og:description\" content=\"Weniger Pestizide, klima\u00adneutraler, bessere Qualit\u00e4t: Ob bio oder konventionell, viele Bauern schw\u00f6ren auf die regenerative Landwirtschaft.\" \/>\n<meta property=\"og:url\" content=\"https:\/\/permakultur-landwirtschaft.org\/fr\/boden-gut-machen-beitrag-vom-02-september-2021\/\" \/>\n<meta property=\"og:site_name\" content=\"Permakultur-Landwirtschaft\" \/>\n<meta property=\"article:publisher\" content=\"https:\/\/www.facebook.com\/PermakulturLandwirtschaft\" \/>\n<meta property=\"article:published_time\" content=\"2021-09-02T03:53:00+00:00\" \/>\n<meta property=\"article:modified_time\" content=\"2026-03-15T05:03:17+00:00\" \/>\n<meta property=\"og:image\" content=\"https:\/\/permakultur-landwirtschaft.org\/wp-content\/uploads\/2026\/03\/republik_regenerativ_boden_986ec04a84ac93b1cf6ef8738271b4665ef8d1d4.jpg\" \/>\n\t<meta property=\"og:image:width\" content=\"700\" \/>\n\t<meta property=\"og:image:height\" content=\"466\" \/>\n\t<meta property=\"og:image:type\" content=\"image\/jpeg\" \/>\n<meta name=\"author\" content=\"adrian reutimann\" \/>\n<meta name=\"twitter:card\" content=\"summary_large_image\" \/>\n<meta name=\"twitter:label1\" content=\"\u00c9crit par\" \/>\n\t<meta name=\"twitter:data1\" content=\"adrian reutimann\" \/>\n\t<meta name=\"twitter:label2\" content=\"Dur\u00e9e de lecture estim\u00e9e\" \/>\n\t<meta name=\"twitter:data2\" content=\"2 minutes\" \/>\n<script type=\"application\/ld+json\" class=\"yoast-schema-graph\">{\"@context\":\"https:\\\/\\\/schema.org\",\"@graph\":[{\"@type\":\"Article\",\"@id\":\"https:\\\/\\\/permakultur-landwirtschaft.org\\\/boden-gut-machen-beitrag-vom-02-september-2021\\\/#article\",\"isPartOf\":{\"@id\":\"https:\\\/\\\/permakultur-landwirtschaft.org\\\/boden-gut-machen-beitrag-vom-02-september-2021\\\/\"},\"author\":{\"name\":\"adrian reutimann\",\"@id\":\"https:\\\/\\\/permakultur-landwirtschaft.org\\\/#\\\/schema\\\/person\\\/6b0467872f75aed3e144093f9bf4f0b0\"},\"headline\":\"Boden gut machen &#8211; Beitrag vom 02. September 2021\",\"datePublished\":\"2021-09-02T03:53:00+00:00\",\"dateModified\":\"2026-03-15T05:03:17+00:00\",\"mainEntityOfPage\":{\"@id\":\"https:\\\/\\\/permakultur-landwirtschaft.org\\\/boden-gut-machen-beitrag-vom-02-september-2021\\\/\"},\"wordCount\":206,\"publisher\":{\"@id\":\"https:\\\/\\\/permakultur-landwirtschaft.org\\\/#organization\"},\"image\":{\"@id\":\"https:\\\/\\\/permakultur-landwirtschaft.org\\\/boden-gut-machen-beitrag-vom-02-september-2021\\\/#primaryimage\"},\"thumbnailUrl\":\"https:\\\/\\\/permakultur-landwirtschaft.org\\\/wp-content\\\/uploads\\\/2026\\\/03\\\/republik_regenerativ_boden_986ec04a84ac93b1cf6ef8738271b4665ef8d1d4.jpg\",\"keywords\":[\"boden\",\"Hof Feldenmoos\",\"Regenerative Landwirtschaft\",\"Sigis Biohof Schwand\",\"Toni Sch\u00f6nb\u00e4chler\",\"Urs Siegenthaler\"],\"articleSection\":[\"Neuigkeit\"],\"inLanguage\":\"fr-FR\"},{\"@type\":\"WebPage\",\"@id\":\"https:\\\/\\\/permakultur-landwirtschaft.org\\\/boden-gut-machen-beitrag-vom-02-september-2021\\\/\",\"url\":\"https:\\\/\\\/permakultur-landwirtschaft.org\\\/boden-gut-machen-beitrag-vom-02-september-2021\\\/\",\"name\":\"Boden gut machen - Beitrag vom 02. September 2021 - Permakultur-Landwirtschaft\",\"isPartOf\":{\"@id\":\"https:\\\/\\\/permakultur-landwirtschaft.org\\\/#website\"},\"primaryImageOfPage\":{\"@id\":\"https:\\\/\\\/permakultur-landwirtschaft.org\\\/boden-gut-machen-beitrag-vom-02-september-2021\\\/#primaryimage\"},\"image\":{\"@id\":\"https:\\\/\\\/permakultur-landwirtschaft.org\\\/boden-gut-machen-beitrag-vom-02-september-2021\\\/#primaryimage\"},\"thumbnailUrl\":\"https:\\\/\\\/permakultur-landwirtschaft.org\\\/wp-content\\\/uploads\\\/2026\\\/03\\\/republik_regenerativ_boden_986ec04a84ac93b1cf6ef8738271b4665ef8d1d4.jpg\",\"datePublished\":\"2021-09-02T03:53:00+00:00\",\"dateModified\":\"2026-03-15T05:03:17+00:00\",\"description\":\"Weniger Pestizide, klima\u00adneutraler, bessere Qualit\u00e4t: Ob bio oder konventionell, viele Bauern schw\u00f6ren auf die regenerative Landwirtschaft.\",\"breadcrumb\":{\"@id\":\"https:\\\/\\\/permakultur-landwirtschaft.org\\\/boden-gut-machen-beitrag-vom-02-september-2021\\\/#breadcrumb\"},\"inLanguage\":\"fr-FR\",\"potentialAction\":[{\"@type\":\"ReadAction\",\"target\":[\"https:\\\/\\\/permakultur-landwirtschaft.org\\\/boden-gut-machen-beitrag-vom-02-september-2021\\\/\"]}]},{\"@type\":\"ImageObject\",\"inLanguage\":\"fr-FR\",\"@id\":\"https:\\\/\\\/permakultur-landwirtschaft.org\\\/boden-gut-machen-beitrag-vom-02-september-2021\\\/#primaryimage\",\"url\":\"https:\\\/\\\/permakultur-landwirtschaft.org\\\/wp-content\\\/uploads\\\/2026\\\/03\\\/republik_regenerativ_boden_986ec04a84ac93b1cf6ef8738271b4665ef8d1d4.jpg\",\"contentUrl\":\"https:\\\/\\\/permakultur-landwirtschaft.org\\\/wp-content\\\/uploads\\\/2026\\\/03\\\/republik_regenerativ_boden_986ec04a84ac93b1cf6ef8738271b4665ef8d1d4.jpg\",\"width\":700,\"height\":466,\"caption\":\"Bild: Goran Basic\"},{\"@type\":\"BreadcrumbList\",\"@id\":\"https:\\\/\\\/permakultur-landwirtschaft.org\\\/boden-gut-machen-beitrag-vom-02-september-2021\\\/#breadcrumb\",\"itemListElement\":[{\"@type\":\"ListItem\",\"position\":1,\"name\":\"Startseite\",\"item\":\"https:\\\/\\\/permakultur-landwirtschaft.org\\\/\"},{\"@type\":\"ListItem\",\"position\":2,\"name\":\"Boden gut machen &#8211; Beitrag vom 02. September 2021\"}]},{\"@type\":\"WebSite\",\"@id\":\"https:\\\/\\\/permakultur-landwirtschaft.org\\\/#website\",\"url\":\"https:\\\/\\\/permakultur-landwirtschaft.org\\\/\",\"name\":\"Permakultur-Landwirtschaft\",\"description\":\"F\u00f6rderung der Permakultur in der Landwirtschaft\",\"publisher\":{\"@id\":\"https:\\\/\\\/permakultur-landwirtschaft.org\\\/#organization\"},\"potentialAction\":[{\"@type\":\"SearchAction\",\"target\":{\"@type\":\"EntryPoint\",\"urlTemplate\":\"https:\\\/\\\/permakultur-landwirtschaft.org\\\/?s={search_term_string}\"},\"query-input\":{\"@type\":\"PropertyValueSpecification\",\"valueRequired\":true,\"valueName\":\"search_term_string\"}}],\"inLanguage\":\"fr-FR\"},{\"@type\":\"Organization\",\"@id\":\"https:\\\/\\\/permakultur-landwirtschaft.org\\\/#organization\",\"name\":\"Permakultur-Landwirtschaft\",\"alternateName\":\"Verein Permakultur-Landwirtschaft\",\"url\":\"https:\\\/\\\/permakultur-landwirtschaft.org\\\/\",\"logo\":{\"@type\":\"ImageObject\",\"inLanguage\":\"fr-FR\",\"@id\":\"https:\\\/\\\/permakultur-landwirtschaft.org\\\/#\\\/schema\\\/logo\\\/image\\\/\",\"url\":\"https:\\\/\\\/permakultur-landwirtschaft.org\\\/wp-content\\\/uploads\\\/2021\\\/11\\\/pela_1268x1269.png\",\"contentUrl\":\"https:\\\/\\\/permakultur-landwirtschaft.org\\\/wp-content\\\/uploads\\\/2021\\\/11\\\/pela_1268x1269.png\",\"width\":1298,\"height\":1269,\"caption\":\"Permakultur-Landwirtschaft\"},\"image\":{\"@id\":\"https:\\\/\\\/permakultur-landwirtschaft.org\\\/#\\\/schema\\\/logo\\\/image\\\/\"},\"sameAs\":[\"https:\\\/\\\/www.facebook.com\\\/PermakulturLandwirtschaft\",\"https:\\\/\\\/www.instagram.com\\\/permakultur_landwirtschaft\\\/\",\"https:\\\/\\\/www.flickr.com\\\/photos\\\/permakultur-landwirtschaft\",\"https:\\\/\\\/www.youtube.com\\\/@PermakulturLandwirtschaft\"]},{\"@type\":\"Person\",\"@id\":\"https:\\\/\\\/permakultur-landwirtschaft.org\\\/#\\\/schema\\\/person\\\/6b0467872f75aed3e144093f9bf4f0b0\",\"name\":\"adrian reutimann\",\"url\":\"https:\\\/\\\/permakultur-landwirtschaft.org\\\/fr\\\/author\\\/reutiadr\\\/\"}]}<\/script>\n<!-- \/ Yoast SEO plugin. -->","yoast_head_json":{"title":"Boden gut machen - Beitrag vom 02. September 2021 - Permakultur-Landwirtschaft","description":"Weniger Pestizide, klima\u00adneutraler, bessere Qualit\u00e4t: Ob bio oder konventionell, viele Bauern schw\u00f6ren auf die regenerative Landwirtschaft.","robots":{"index":"index","follow":"follow","max-snippet":"max-snippet:-1","max-image-preview":"max-image-preview:large","max-video-preview":"max-video-preview:-1"},"canonical":"https:\/\/permakultur-landwirtschaft.org\/fr\/boden-gut-machen-beitrag-vom-02-september-2021\/","og_locale":"fr_FR","og_type":"article","og_title":"Boden gut machen - Beitrag vom 02. September 2021 - Permakultur-Landwirtschaft","og_description":"Weniger Pestizide, klima\u00adneutraler, bessere Qualit\u00e4t: Ob bio oder konventionell, viele Bauern schw\u00f6ren auf die regenerative Landwirtschaft.","og_url":"https:\/\/permakultur-landwirtschaft.org\/fr\/boden-gut-machen-beitrag-vom-02-september-2021\/","og_site_name":"Permakultur-Landwirtschaft","article_publisher":"https:\/\/www.facebook.com\/PermakulturLandwirtschaft","article_published_time":"2021-09-02T03:53:00+00:00","article_modified_time":"2026-03-15T05:03:17+00:00","og_image":[{"width":700,"height":466,"url":"https:\/\/permakultur-landwirtschaft.org\/wp-content\/uploads\/2026\/03\/republik_regenerativ_boden_986ec04a84ac93b1cf6ef8738271b4665ef8d1d4.jpg","type":"image\/jpeg"}],"author":"adrian reutimann","twitter_card":"summary_large_image","twitter_misc":{"\u00c9crit par":"adrian reutimann","Dur\u00e9e de lecture estim\u00e9e":"2 minutes"},"schema":{"@context":"https:\/\/schema.org","@graph":[{"@type":"Article","@id":"https:\/\/permakultur-landwirtschaft.org\/boden-gut-machen-beitrag-vom-02-september-2021\/#article","isPartOf":{"@id":"https:\/\/permakultur-landwirtschaft.org\/boden-gut-machen-beitrag-vom-02-september-2021\/"},"author":{"name":"adrian reutimann","@id":"https:\/\/permakultur-landwirtschaft.org\/#\/schema\/person\/6b0467872f75aed3e144093f9bf4f0b0"},"headline":"Boden gut machen &#8211; Beitrag vom 02. September 2021","datePublished":"2021-09-02T03:53:00+00:00","dateModified":"2026-03-15T05:03:17+00:00","mainEntityOfPage":{"@id":"https:\/\/permakultur-landwirtschaft.org\/boden-gut-machen-beitrag-vom-02-september-2021\/"},"wordCount":206,"publisher":{"@id":"https:\/\/permakultur-landwirtschaft.org\/#organization"},"image":{"@id":"https:\/\/permakultur-landwirtschaft.org\/boden-gut-machen-beitrag-vom-02-september-2021\/#primaryimage"},"thumbnailUrl":"https:\/\/permakultur-landwirtschaft.org\/wp-content\/uploads\/2026\/03\/republik_regenerativ_boden_986ec04a84ac93b1cf6ef8738271b4665ef8d1d4.jpg","keywords":["boden","Hof Feldenmoos","Regenerative Landwirtschaft","Sigis Biohof Schwand","Toni Sch\u00f6nb\u00e4chler","Urs Siegenthaler"],"articleSection":["Neuigkeit"],"inLanguage":"fr-FR"},{"@type":"WebPage","@id":"https:\/\/permakultur-landwirtschaft.org\/boden-gut-machen-beitrag-vom-02-september-2021\/","url":"https:\/\/permakultur-landwirtschaft.org\/boden-gut-machen-beitrag-vom-02-september-2021\/","name":"Boden gut machen - Beitrag vom 02. September 2021 - Permakultur-Landwirtschaft","isPartOf":{"@id":"https:\/\/permakultur-landwirtschaft.org\/#website"},"primaryImageOfPage":{"@id":"https:\/\/permakultur-landwirtschaft.org\/boden-gut-machen-beitrag-vom-02-september-2021\/#primaryimage"},"image":{"@id":"https:\/\/permakultur-landwirtschaft.org\/boden-gut-machen-beitrag-vom-02-september-2021\/#primaryimage"},"thumbnailUrl":"https:\/\/permakultur-landwirtschaft.org\/wp-content\/uploads\/2026\/03\/republik_regenerativ_boden_986ec04a84ac93b1cf6ef8738271b4665ef8d1d4.jpg","datePublished":"2021-09-02T03:53:00+00:00","dateModified":"2026-03-15T05:03:17+00:00","description":"Weniger Pestizide, klima\u00adneutraler, bessere Qualit\u00e4t: Ob bio oder konventionell, viele Bauern schw\u00f6ren auf die regenerative Landwirtschaft.","breadcrumb":{"@id":"https:\/\/permakultur-landwirtschaft.org\/boden-gut-machen-beitrag-vom-02-september-2021\/#breadcrumb"},"inLanguage":"fr-FR","potentialAction":[{"@type":"ReadAction","target":["https:\/\/permakultur-landwirtschaft.org\/boden-gut-machen-beitrag-vom-02-september-2021\/"]}]},{"@type":"ImageObject","inLanguage":"fr-FR","@id":"https:\/\/permakultur-landwirtschaft.org\/boden-gut-machen-beitrag-vom-02-september-2021\/#primaryimage","url":"https:\/\/permakultur-landwirtschaft.org\/wp-content\/uploads\/2026\/03\/republik_regenerativ_boden_986ec04a84ac93b1cf6ef8738271b4665ef8d1d4.jpg","contentUrl":"https:\/\/permakultur-landwirtschaft.org\/wp-content\/uploads\/2026\/03\/republik_regenerativ_boden_986ec04a84ac93b1cf6ef8738271b4665ef8d1d4.jpg","width":700,"height":466,"caption":"Bild: Goran Basic"},{"@type":"BreadcrumbList","@id":"https:\/\/permakultur-landwirtschaft.org\/boden-gut-machen-beitrag-vom-02-september-2021\/#breadcrumb","itemListElement":[{"@type":"ListItem","position":1,"name":"Startseite","item":"https:\/\/permakultur-landwirtschaft.org\/"},{"@type":"ListItem","position":2,"name":"Boden gut machen &#8211; Beitrag vom 02. September 2021"}]},{"@type":"WebSite","@id":"https:\/\/permakultur-landwirtschaft.org\/#website","url":"https:\/\/permakultur-landwirtschaft.org\/","name":"Permakultur-Landwirtschaft","description":"F\u00f6rderung der Permakultur in der Landwirtschaft","publisher":{"@id":"https:\/\/permakultur-landwirtschaft.org\/#organization"},"potentialAction":[{"@type":"SearchAction","target":{"@type":"EntryPoint","urlTemplate":"https:\/\/permakultur-landwirtschaft.org\/?s={search_term_string}"},"query-input":{"@type":"PropertyValueSpecification","valueRequired":true,"valueName":"search_term_string"}}],"inLanguage":"fr-FR"},{"@type":"Organization","@id":"https:\/\/permakultur-landwirtschaft.org\/#organization","name":"Permakultur-Landwirtschaft","alternateName":"Verein Permakultur-Landwirtschaft","url":"https:\/\/permakultur-landwirtschaft.org\/","logo":{"@type":"ImageObject","inLanguage":"fr-FR","@id":"https:\/\/permakultur-landwirtschaft.org\/#\/schema\/logo\/image\/","url":"https:\/\/permakultur-landwirtschaft.org\/wp-content\/uploads\/2021\/11\/pela_1268x1269.png","contentUrl":"https:\/\/permakultur-landwirtschaft.org\/wp-content\/uploads\/2021\/11\/pela_1268x1269.png","width":1298,"height":1269,"caption":"Permakultur-Landwirtschaft"},"image":{"@id":"https:\/\/permakultur-landwirtschaft.org\/#\/schema\/logo\/image\/"},"sameAs":["https:\/\/www.facebook.com\/PermakulturLandwirtschaft","https:\/\/www.instagram.com\/permakultur_landwirtschaft\/","https:\/\/www.flickr.com\/photos\/permakultur-landwirtschaft","https:\/\/www.youtube.com\/@PermakulturLandwirtschaft"]},{"@type":"Person","@id":"https:\/\/permakultur-landwirtschaft.org\/#\/schema\/person\/6b0467872f75aed3e144093f9bf4f0b0","name":"adrian reutimann","url":"https:\/\/permakultur-landwirtschaft.org\/fr\/author\/reutiadr\/"}]}},"_links":{"self":[{"href":"https:\/\/permakultur-landwirtschaft.org\/fr\/wp-json\/wp\/v2\/posts\/38389","targetHints":{"allow":["GET"]}}],"collection":[{"href":"https:\/\/permakultur-landwirtschaft.org\/fr\/wp-json\/wp\/v2\/posts"}],"about":[{"href":"https:\/\/permakultur-landwirtschaft.org\/fr\/wp-json\/wp\/v2\/types\/post"}],"author":[{"embeddable":true,"href":"https:\/\/permakultur-landwirtschaft.org\/fr\/wp-json\/wp\/v2\/users\/2"}],"replies":[{"embeddable":true,"href":"https:\/\/permakultur-landwirtschaft.org\/fr\/wp-json\/wp\/v2\/comments?post=38389"}],"version-history":[{"count":1,"href":"https:\/\/permakultur-landwirtschaft.org\/fr\/wp-json\/wp\/v2\/posts\/38389\/revisions"}],"predecessor-version":[{"id":38391,"href":"https:\/\/permakultur-landwirtschaft.org\/fr\/wp-json\/wp\/v2\/posts\/38389\/revisions\/38391"}],"wp:featuredmedia":[{"embeddable":true,"href":"https:\/\/permakultur-landwirtschaft.org\/fr\/wp-json\/wp\/v2\/media\/38390"}],"wp:attachment":[{"href":"https:\/\/permakultur-landwirtschaft.org\/fr\/wp-json\/wp\/v2\/media?parent=38389"}],"wp:term":[{"taxonomy":"category","embeddable":true,"href":"https:\/\/permakultur-landwirtschaft.org\/fr\/wp-json\/wp\/v2\/categories?post=38389"},{"taxonomy":"post_tag","embeddable":true,"href":"https:\/\/permakultur-landwirtschaft.org\/fr\/wp-json\/wp\/v2\/tags?post=38389"}],"curies":[{"name":"wp","href":"https:\/\/api.w.org\/{rel}","templated":true}]}}