{"id":38382,"date":"2025-09-08T05:21:00","date_gmt":"2025-09-08T03:21:00","guid":{"rendered":"https:\/\/permakultur-landwirtschaft.org\/?p=38382"},"modified":"2026-03-15T05:32:39","modified_gmt":"2026-03-15T04:32:39","slug":"agroforestry-in-central-germany-challenges-and-opportunities-beitrag-vom-08-september-2025","status":"publish","type":"post","link":"https:\/\/permakultur-landwirtschaft.org\/fr\/agroforestry-in-central-germany-challenges-and-opportunities-beitrag-vom-08-september-2025\/","title":{"rendered":"Agroforestry in Central Germany: Challenges and Opportunities &#8211; Beitrag vom 08. September 2025"},"content":{"rendered":"\n<p>Agroforestry systems combine rows of trees, shrubs with arable crops (silvo-arable) and pasture (silvo-pastoral). They offer potential for increased biodiversity, more resilient agriculture, and additional sources of income. Yet their implementation is complex and often costly \u2013 how can agroforestry practices be successfully realised in practice?<\/p>\n\n\n\n<h2 class=\"wp-block-heading\"><strong>Different Soils, Similar Challenges<\/strong><\/h2>\n\n\n\n<p>Central Germany features a wide range of soils, from sandy and stony fields to fertile loess and clay soils [1]. Some farms integrate livestock, while others focus solely on crops production [2]. These differences affect water retention, nutrient availability, and soil structure. At the same time, similar challenges arise across all sites: low rainfall, late spring frosts, and compacted soils due to years of intensive cultivation [2].<\/p>\n\n\n\n<p>The key question is: How can agroforestry, using regenerative practices, adapt to diverse soils and climatic challenges to ensure long-term sustainability and productivity?<\/p>\n\n\n\n<h2 class=\"wp-block-heading\"><strong>Farm Tour at Werragut<\/strong><\/h2>\n\n\n\n<p>During our visit to Werragut Farm [3] in Eschwege, we explored a diverse 12 hectare agroforestry system. Trees and shrubs are planted along contour lines to optimise water retention and minimise erosion. The system integrates over 1,000 woody plants across more than 15 varieties. Species selection is adapted to future climate conditions and includes fig, mulberry, walnut, hazelnut, cornelian cherry, and sweet chestnut \u2013 what the farmers refer to as a \u201cmuesli cultivation.\u201d The areas between the rows are used either for growing crops or as pasture.<\/p>\n\n\n\n<p>The farmers described the challenges posed by extreme weather: after planting, some trees had to be replaced, and an irrigation system was installed. This system does not feature mixed planting rows. A particularly positive and interesting observation was the chickens, which roamed peacefully between the rows in mobile coops, contributing to pest control and nutrient cycling. Rare cattle breeds \u201cRotes H\u00f6henvieh\u201d are also integrated.<\/p>\n\n\n\n<p>Another small area on the farm demonstrated a highly mixed planting of various species following the principle of \u201cSyntropic Farming\u201d [4]. Here, we were able to taste fresh, juicy raspberries directly from the bush.<\/p>\n\n\n\n<h2 class=\"wp-block-heading\"><strong>Goals and Design: More Than Just Planting<\/strong><\/h2>\n\n\n\n<p>Agroforestry systems aim not only to increase yields \u2013 through fruit, nuts, or timber \u2013 but also to provide ecological benefits: they improve soil fertility, support insects, protect against extreme weather, and create new income streams [2], [4].<\/p>\n\n\n\n<p>Thoughtful design uses vertical layering and succession, so that trees, shrubs, and crops complement each other. Year-round ground cover, mulching, and targeted plant combinations help retain moisture, support biodiversity, and maintain soil fertility [4].<\/p>\n\n\n\n<h2 class=\"wp-block-heading\"><strong>Mechanisation and Workload<\/strong><\/h2>\n\n\n\n<p>Agroforestry is generally more labour-intensive than monocultures [2], [5]. In the first years, when yields are low, self-harvesting initiatives can help. Later, mobile harvest nets, collection machines, or compact harvesting equipment reduce the workload. Machinery-sharing and collaborations can also lower costs. Crucially, mechanisation must not compromise the ecological benefits of the system. Planning of harvesting equipment and work processes remains a major challenge but is essential for long-term success.<\/p>\n\n\n\n<p>&#8230;<\/p>\n","protected":false},"excerpt":{"rendered":"<p>Agroforestry systems combine rows of trees, shrubs with arable crops (silvo-arable) and pasture (silvo-pastoral). They offer potential for increased biodiversity, more resilient agriculture, and additional sources of income. Yet their implementation is complex and often costly \u2013 how can agroforestry practices be successfully realised in practice? Different Soils, Similar Challenges Central Germany features a wide [&hellip;]<\/p>\n","protected":false},"author":2,"featured_media":38383,"comment_status":"closed","ping_status":"closed","sticky":false,"template":"","format":"standard","meta":{"_acf_changed":false,"site-sidebar-layout":"default","site-content-layout":"","ast-site-content-layout":"default","site-content-style":"default","site-sidebar-style":"default","ast-global-header-display":"","ast-banner-title-visibility":"","ast-main-header-display":"","ast-hfb-above-header-display":"","ast-hfb-below-header-display":"","ast-hfb-mobile-header-display":"","site-post-title":"","ast-breadcrumbs-content":"","ast-featured-img":"","footer-sml-layout":"","ast-disable-related-posts":"","theme-transparent-header-meta":"","adv-header-id-meta":"","stick-header-meta":"","header-above-stick-meta":"","header-main-stick-meta":"","header-below-stick-meta":"","astra-migrate-meta-layouts":"set","ast-page-background-enabled":"default","ast-page-background-meta":{"desktop":{"background-color":"var(--ast-global-color-4)","background-image":"","background-repeat":"repeat","background-position":"center center","background-size":"auto","background-attachment":"scroll","background-type":"","background-media":"","overlay-type":"","overlay-color":"","overlay-opacity":"","overlay-gradient":""},"tablet":{"background-color":"","background-image":"","background-repeat":"repeat","background-position":"center center","background-size":"auto","background-attachment":"scroll","background-type":"","background-media":"","overlay-type":"","overlay-color":"","overlay-opacity":"","overlay-gradient":""},"mobile":{"background-color":"","background-image":"","background-repeat":"repeat","background-position":"center center","background-size":"auto","background-attachment":"scroll","background-type":"","background-media":"","overlay-type":"","overlay-color":"","overlay-opacity":"","overlay-gradient":""}},"ast-content-background-meta":{"desktop":{"background-color":"var(--ast-global-color-5)","background-image":"","background-repeat":"repeat","background-position":"center center","background-size":"auto","background-attachment":"scroll","background-type":"","background-media":"","overlay-type":"","overlay-color":"","overlay-opacity":"","overlay-gradient":""},"tablet":{"background-color":"var(--ast-global-color-5)","background-image":"","background-repeat":"repeat","background-position":"center center","background-size":"auto","background-attachment":"scroll","background-type":"","background-media":"","overlay-type":"","overlay-color":"","overlay-opacity":"","overlay-gradient":""},"mobile":{"background-color":"var(--ast-global-color-5)","background-image":"","background-repeat":"repeat","background-position":"center center","background-size":"auto","background-attachment":"scroll","background-type":"","background-media":"","overlay-type":"","overlay-color":"","overlay-opacity":"","overlay-gradient":""}},"footnotes":""},"categories":[22],"tags":[1216,31,205,1217,90,38,1215,1218,78,1214,884],"class_list":["post-38382","post","type-post","status-publish","format-standard","has-post-thumbnail","hentry","category-neuigkeit","tag-agrobiodiversity","tag-agroforst","tag-biodiversitaet","tag-germany","tag-keyline","tag-landwirtschaft","tag-summer-school","tag-syntropic-agroforestry","tag-syntropische-landwirtschaft","tag-werragut","tag-zhaw"],"acf":[],"yoast_head":"<!-- This site is optimized with the Yoast SEO plugin v27.5 - https:\/\/yoast.com\/product\/yoast-seo-wordpress\/ -->\n<title>Agroforestry in Central Germany: Challenges and Opportunities - Beitrag vom 08. September 2025 - Permakultur-Landwirtschaft<\/title>\n<meta name=\"description\" content=\"The implementation or Agroforestry is complex and often costly \u2013 how can agroforestry practices be successfully realised in practice?\" \/>\n<meta name=\"robots\" content=\"index, follow, max-snippet:-1, max-image-preview:large, max-video-preview:-1\" \/>\n<link rel=\"canonical\" href=\"https:\/\/permakultur-landwirtschaft.org\/fr\/agroforestry-in-central-germany-challenges-and-opportunities-beitrag-vom-08-september-2025\/\" \/>\n<meta property=\"og:locale\" content=\"fr_FR\" \/>\n<meta property=\"og:type\" content=\"article\" \/>\n<meta property=\"og:title\" content=\"Agroforestry in Central Germany: Challenges and Opportunities - Beitrag vom 08. September 2025 - Permakultur-Landwirtschaft\" \/>\n<meta property=\"og:description\" content=\"The implementation or Agroforestry is complex and often costly \u2013 how can agroforestry practices be successfully realised in practice?\" \/>\n<meta property=\"og:url\" content=\"https:\/\/permakultur-landwirtschaft.org\/fr\/agroforestry-in-central-germany-challenges-and-opportunities-beitrag-vom-08-september-2025\/\" \/>\n<meta property=\"og:site_name\" content=\"Permakultur-Landwirtschaft\" \/>\n<meta property=\"article:publisher\" content=\"https:\/\/www.facebook.com\/PermakulturLandwirtschaft\" \/>\n<meta property=\"article:published_time\" content=\"2025-09-08T03:21:00+00:00\" \/>\n<meta property=\"article:modified_time\" content=\"2026-03-15T04:32:39+00:00\" \/>\n<meta property=\"og:image\" content=\"https:\/\/permakultur-landwirtschaft.org\/wp-content\/uploads\/2026\/03\/werragut_IMG_3540-1-2048x1536-1.jpg\" \/>\n\t<meta property=\"og:image:width\" content=\"700\" \/>\n\t<meta property=\"og:image:height\" content=\"525\" \/>\n\t<meta property=\"og:image:type\" content=\"image\/jpeg\" \/>\n<meta name=\"author\" content=\"adrian reutimann\" \/>\n<meta name=\"twitter:card\" content=\"summary_large_image\" \/>\n<meta name=\"twitter:label1\" content=\"\u00c9crit par\" \/>\n\t<meta name=\"twitter:data1\" content=\"adrian reutimann\" \/>\n\t<meta name=\"twitter:label2\" content=\"Dur\u00e9e de lecture estim\u00e9e\" \/>\n\t<meta name=\"twitter:data2\" content=\"3 minutes\" \/>\n<script type=\"application\/ld+json\" class=\"yoast-schema-graph\">{\"@context\":\"https:\\\/\\\/schema.org\",\"@graph\":[{\"@type\":\"Article\",\"@id\":\"https:\\\/\\\/permakultur-landwirtschaft.org\\\/agroforestry-in-central-germany-challenges-and-opportunities-beitrag-vom-08-september-2025\\\/#article\",\"isPartOf\":{\"@id\":\"https:\\\/\\\/permakultur-landwirtschaft.org\\\/agroforestry-in-central-germany-challenges-and-opportunities-beitrag-vom-08-september-2025\\\/\"},\"author\":{\"name\":\"adrian reutimann\",\"@id\":\"https:\\\/\\\/permakultur-landwirtschaft.org\\\/#\\\/schema\\\/person\\\/6b0467872f75aed3e144093f9bf4f0b0\"},\"headline\":\"Agroforestry in Central Germany: Challenges and Opportunities &#8211; Beitrag vom 08. September 2025\",\"datePublished\":\"2025-09-08T03:21:00+00:00\",\"dateModified\":\"2026-03-15T04:32:39+00:00\",\"mainEntityOfPage\":{\"@id\":\"https:\\\/\\\/permakultur-landwirtschaft.org\\\/agroforestry-in-central-germany-challenges-and-opportunities-beitrag-vom-08-september-2025\\\/\"},\"wordCount\":475,\"publisher\":{\"@id\":\"https:\\\/\\\/permakultur-landwirtschaft.org\\\/#organization\"},\"image\":{\"@id\":\"https:\\\/\\\/permakultur-landwirtschaft.org\\\/agroforestry-in-central-germany-challenges-and-opportunities-beitrag-vom-08-september-2025\\\/#primaryimage\"},\"thumbnailUrl\":\"https:\\\/\\\/permakultur-landwirtschaft.org\\\/wp-content\\\/uploads\\\/2026\\\/03\\\/werragut_IMG_3540-1-2048x1536-1.jpg\",\"keywords\":[\"Agrobiodiversity\",\"Agroforst\",\"Biodiversit\u00e4t\",\"Germany\",\"Keyline\",\"Landwirtschaft\",\"Summer School\",\"Syntropic Agroforestry\",\"Syntropische Landwirtschaft\",\"Werragut\",\"ZHAW\"],\"articleSection\":[\"Neuigkeit\"],\"inLanguage\":\"fr-FR\"},{\"@type\":\"WebPage\",\"@id\":\"https:\\\/\\\/permakultur-landwirtschaft.org\\\/agroforestry-in-central-germany-challenges-and-opportunities-beitrag-vom-08-september-2025\\\/\",\"url\":\"https:\\\/\\\/permakultur-landwirtschaft.org\\\/agroforestry-in-central-germany-challenges-and-opportunities-beitrag-vom-08-september-2025\\\/\",\"name\":\"Agroforestry in Central Germany: Challenges and Opportunities - Beitrag vom 08. September 2025 - Permakultur-Landwirtschaft\",\"isPartOf\":{\"@id\":\"https:\\\/\\\/permakultur-landwirtschaft.org\\\/#website\"},\"primaryImageOfPage\":{\"@id\":\"https:\\\/\\\/permakultur-landwirtschaft.org\\\/agroforestry-in-central-germany-challenges-and-opportunities-beitrag-vom-08-september-2025\\\/#primaryimage\"},\"image\":{\"@id\":\"https:\\\/\\\/permakultur-landwirtschaft.org\\\/agroforestry-in-central-germany-challenges-and-opportunities-beitrag-vom-08-september-2025\\\/#primaryimage\"},\"thumbnailUrl\":\"https:\\\/\\\/permakultur-landwirtschaft.org\\\/wp-content\\\/uploads\\\/2026\\\/03\\\/werragut_IMG_3540-1-2048x1536-1.jpg\",\"datePublished\":\"2025-09-08T03:21:00+00:00\",\"dateModified\":\"2026-03-15T04:32:39+00:00\",\"description\":\"The implementation or Agroforestry is complex and often costly \u2013 how can agroforestry practices be successfully realised in practice?\",\"breadcrumb\":{\"@id\":\"https:\\\/\\\/permakultur-landwirtschaft.org\\\/agroforestry-in-central-germany-challenges-and-opportunities-beitrag-vom-08-september-2025\\\/#breadcrumb\"},\"inLanguage\":\"fr-FR\",\"potentialAction\":[{\"@type\":\"ReadAction\",\"target\":[\"https:\\\/\\\/permakultur-landwirtschaft.org\\\/agroforestry-in-central-germany-challenges-and-opportunities-beitrag-vom-08-september-2025\\\/\"]}]},{\"@type\":\"ImageObject\",\"inLanguage\":\"fr-FR\",\"@id\":\"https:\\\/\\\/permakultur-landwirtschaft.org\\\/agroforestry-in-central-germany-challenges-and-opportunities-beitrag-vom-08-september-2025\\\/#primaryimage\",\"url\":\"https:\\\/\\\/permakultur-landwirtschaft.org\\\/wp-content\\\/uploads\\\/2026\\\/03\\\/werragut_IMG_3540-1-2048x1536-1.jpg\",\"contentUrl\":\"https:\\\/\\\/permakultur-landwirtschaft.org\\\/wp-content\\\/uploads\\\/2026\\\/03\\\/werragut_IMG_3540-1-2048x1536-1.jpg\",\"width\":700,\"height\":525,\"caption\":\"Bild: T. Collmann\"},{\"@type\":\"BreadcrumbList\",\"@id\":\"https:\\\/\\\/permakultur-landwirtschaft.org\\\/agroforestry-in-central-germany-challenges-and-opportunities-beitrag-vom-08-september-2025\\\/#breadcrumb\",\"itemListElement\":[{\"@type\":\"ListItem\",\"position\":1,\"name\":\"Startseite\",\"item\":\"https:\\\/\\\/permakultur-landwirtschaft.org\\\/\"},{\"@type\":\"ListItem\",\"position\":2,\"name\":\"Agroforestry in Central Germany: Challenges and Opportunities &#8211; Beitrag vom 08. September 2025\"}]},{\"@type\":\"WebSite\",\"@id\":\"https:\\\/\\\/permakultur-landwirtschaft.org\\\/#website\",\"url\":\"https:\\\/\\\/permakultur-landwirtschaft.org\\\/\",\"name\":\"Permakultur-Landwirtschaft\",\"description\":\"F\u00f6rderung der Permakultur in der Landwirtschaft\",\"publisher\":{\"@id\":\"https:\\\/\\\/permakultur-landwirtschaft.org\\\/#organization\"},\"potentialAction\":[{\"@type\":\"SearchAction\",\"target\":{\"@type\":\"EntryPoint\",\"urlTemplate\":\"https:\\\/\\\/permakultur-landwirtschaft.org\\\/?s={search_term_string}\"},\"query-input\":{\"@type\":\"PropertyValueSpecification\",\"valueRequired\":true,\"valueName\":\"search_term_string\"}}],\"inLanguage\":\"fr-FR\"},{\"@type\":\"Organization\",\"@id\":\"https:\\\/\\\/permakultur-landwirtschaft.org\\\/#organization\",\"name\":\"Permakultur-Landwirtschaft\",\"alternateName\":\"Verein Permakultur-Landwirtschaft\",\"url\":\"https:\\\/\\\/permakultur-landwirtschaft.org\\\/\",\"logo\":{\"@type\":\"ImageObject\",\"inLanguage\":\"fr-FR\",\"@id\":\"https:\\\/\\\/permakultur-landwirtschaft.org\\\/#\\\/schema\\\/logo\\\/image\\\/\",\"url\":\"https:\\\/\\\/permakultur-landwirtschaft.org\\\/wp-content\\\/uploads\\\/2021\\\/11\\\/pela_1268x1269.png\",\"contentUrl\":\"https:\\\/\\\/permakultur-landwirtschaft.org\\\/wp-content\\\/uploads\\\/2021\\\/11\\\/pela_1268x1269.png\",\"width\":1298,\"height\":1269,\"caption\":\"Permakultur-Landwirtschaft\"},\"image\":{\"@id\":\"https:\\\/\\\/permakultur-landwirtschaft.org\\\/#\\\/schema\\\/logo\\\/image\\\/\"},\"sameAs\":[\"https:\\\/\\\/www.facebook.com\\\/PermakulturLandwirtschaft\",\"https:\\\/\\\/www.instagram.com\\\/permakultur_landwirtschaft\\\/\",\"https:\\\/\\\/www.flickr.com\\\/photos\\\/permakultur-landwirtschaft\",\"https:\\\/\\\/www.youtube.com\\\/@PermakulturLandwirtschaft\"]},{\"@type\":\"Person\",\"@id\":\"https:\\\/\\\/permakultur-landwirtschaft.org\\\/#\\\/schema\\\/person\\\/6b0467872f75aed3e144093f9bf4f0b0\",\"name\":\"adrian reutimann\",\"url\":\"https:\\\/\\\/permakultur-landwirtschaft.org\\\/fr\\\/author\\\/reutiadr\\\/\"}]}<\/script>\n<!-- \/ Yoast SEO plugin. -->","yoast_head_json":{"title":"Agroforestry in Central Germany: Challenges and Opportunities - Beitrag vom 08. September 2025 - Permakultur-Landwirtschaft","description":"The implementation or Agroforestry is complex and often costly \u2013 how can agroforestry practices be successfully realised in practice?","robots":{"index":"index","follow":"follow","max-snippet":"max-snippet:-1","max-image-preview":"max-image-preview:large","max-video-preview":"max-video-preview:-1"},"canonical":"https:\/\/permakultur-landwirtschaft.org\/fr\/agroforestry-in-central-germany-challenges-and-opportunities-beitrag-vom-08-september-2025\/","og_locale":"fr_FR","og_type":"article","og_title":"Agroforestry in Central Germany: Challenges and Opportunities - Beitrag vom 08. September 2025 - Permakultur-Landwirtschaft","og_description":"The implementation or Agroforestry is complex and often costly \u2013 how can agroforestry practices be successfully realised in practice?","og_url":"https:\/\/permakultur-landwirtschaft.org\/fr\/agroforestry-in-central-germany-challenges-and-opportunities-beitrag-vom-08-september-2025\/","og_site_name":"Permakultur-Landwirtschaft","article_publisher":"https:\/\/www.facebook.com\/PermakulturLandwirtschaft","article_published_time":"2025-09-08T03:21:00+00:00","article_modified_time":"2026-03-15T04:32:39+00:00","og_image":[{"width":700,"height":525,"url":"https:\/\/permakultur-landwirtschaft.org\/wp-content\/uploads\/2026\/03\/werragut_IMG_3540-1-2048x1536-1.jpg","type":"image\/jpeg"}],"author":"adrian reutimann","twitter_card":"summary_large_image","twitter_misc":{"\u00c9crit par":"adrian reutimann","Dur\u00e9e de lecture estim\u00e9e":"3 minutes"},"schema":{"@context":"https:\/\/schema.org","@graph":[{"@type":"Article","@id":"https:\/\/permakultur-landwirtschaft.org\/agroforestry-in-central-germany-challenges-and-opportunities-beitrag-vom-08-september-2025\/#article","isPartOf":{"@id":"https:\/\/permakultur-landwirtschaft.org\/agroforestry-in-central-germany-challenges-and-opportunities-beitrag-vom-08-september-2025\/"},"author":{"name":"adrian reutimann","@id":"https:\/\/permakultur-landwirtschaft.org\/#\/schema\/person\/6b0467872f75aed3e144093f9bf4f0b0"},"headline":"Agroforestry in Central Germany: Challenges and Opportunities &#8211; Beitrag vom 08. September 2025","datePublished":"2025-09-08T03:21:00+00:00","dateModified":"2026-03-15T04:32:39+00:00","mainEntityOfPage":{"@id":"https:\/\/permakultur-landwirtschaft.org\/agroforestry-in-central-germany-challenges-and-opportunities-beitrag-vom-08-september-2025\/"},"wordCount":475,"publisher":{"@id":"https:\/\/permakultur-landwirtschaft.org\/#organization"},"image":{"@id":"https:\/\/permakultur-landwirtschaft.org\/agroforestry-in-central-germany-challenges-and-opportunities-beitrag-vom-08-september-2025\/#primaryimage"},"thumbnailUrl":"https:\/\/permakultur-landwirtschaft.org\/wp-content\/uploads\/2026\/03\/werragut_IMG_3540-1-2048x1536-1.jpg","keywords":["Agrobiodiversity","Agroforst","Biodiversit\u00e4t","Germany","Keyline","Landwirtschaft","Summer School","Syntropic Agroforestry","Syntropische Landwirtschaft","Werragut","ZHAW"],"articleSection":["Neuigkeit"],"inLanguage":"fr-FR"},{"@type":"WebPage","@id":"https:\/\/permakultur-landwirtschaft.org\/agroforestry-in-central-germany-challenges-and-opportunities-beitrag-vom-08-september-2025\/","url":"https:\/\/permakultur-landwirtschaft.org\/agroforestry-in-central-germany-challenges-and-opportunities-beitrag-vom-08-september-2025\/","name":"Agroforestry in Central Germany: Challenges and Opportunities - Beitrag vom 08. September 2025 - Permakultur-Landwirtschaft","isPartOf":{"@id":"https:\/\/permakultur-landwirtschaft.org\/#website"},"primaryImageOfPage":{"@id":"https:\/\/permakultur-landwirtschaft.org\/agroforestry-in-central-germany-challenges-and-opportunities-beitrag-vom-08-september-2025\/#primaryimage"},"image":{"@id":"https:\/\/permakultur-landwirtschaft.org\/agroforestry-in-central-germany-challenges-and-opportunities-beitrag-vom-08-september-2025\/#primaryimage"},"thumbnailUrl":"https:\/\/permakultur-landwirtschaft.org\/wp-content\/uploads\/2026\/03\/werragut_IMG_3540-1-2048x1536-1.jpg","datePublished":"2025-09-08T03:21:00+00:00","dateModified":"2026-03-15T04:32:39+00:00","description":"The implementation or Agroforestry is complex and often costly \u2013 how can agroforestry practices be successfully realised in practice?","breadcrumb":{"@id":"https:\/\/permakultur-landwirtschaft.org\/agroforestry-in-central-germany-challenges-and-opportunities-beitrag-vom-08-september-2025\/#breadcrumb"},"inLanguage":"fr-FR","potentialAction":[{"@type":"ReadAction","target":["https:\/\/permakultur-landwirtschaft.org\/agroforestry-in-central-germany-challenges-and-opportunities-beitrag-vom-08-september-2025\/"]}]},{"@type":"ImageObject","inLanguage":"fr-FR","@id":"https:\/\/permakultur-landwirtschaft.org\/agroforestry-in-central-germany-challenges-and-opportunities-beitrag-vom-08-september-2025\/#primaryimage","url":"https:\/\/permakultur-landwirtschaft.org\/wp-content\/uploads\/2026\/03\/werragut_IMG_3540-1-2048x1536-1.jpg","contentUrl":"https:\/\/permakultur-landwirtschaft.org\/wp-content\/uploads\/2026\/03\/werragut_IMG_3540-1-2048x1536-1.jpg","width":700,"height":525,"caption":"Bild: T. Collmann"},{"@type":"BreadcrumbList","@id":"https:\/\/permakultur-landwirtschaft.org\/agroforestry-in-central-germany-challenges-and-opportunities-beitrag-vom-08-september-2025\/#breadcrumb","itemListElement":[{"@type":"ListItem","position":1,"name":"Startseite","item":"https:\/\/permakultur-landwirtschaft.org\/"},{"@type":"ListItem","position":2,"name":"Agroforestry in Central Germany: Challenges and Opportunities &#8211; Beitrag vom 08. September 2025"}]},{"@type":"WebSite","@id":"https:\/\/permakultur-landwirtschaft.org\/#website","url":"https:\/\/permakultur-landwirtschaft.org\/","name":"Permakultur-Landwirtschaft","description":"F\u00f6rderung der Permakultur in der Landwirtschaft","publisher":{"@id":"https:\/\/permakultur-landwirtschaft.org\/#organization"},"potentialAction":[{"@type":"SearchAction","target":{"@type":"EntryPoint","urlTemplate":"https:\/\/permakultur-landwirtschaft.org\/?s={search_term_string}"},"query-input":{"@type":"PropertyValueSpecification","valueRequired":true,"valueName":"search_term_string"}}],"inLanguage":"fr-FR"},{"@type":"Organization","@id":"https:\/\/permakultur-landwirtschaft.org\/#organization","name":"Permakultur-Landwirtschaft","alternateName":"Verein Permakultur-Landwirtschaft","url":"https:\/\/permakultur-landwirtschaft.org\/","logo":{"@type":"ImageObject","inLanguage":"fr-FR","@id":"https:\/\/permakultur-landwirtschaft.org\/#\/schema\/logo\/image\/","url":"https:\/\/permakultur-landwirtschaft.org\/wp-content\/uploads\/2021\/11\/pela_1268x1269.png","contentUrl":"https:\/\/permakultur-landwirtschaft.org\/wp-content\/uploads\/2021\/11\/pela_1268x1269.png","width":1298,"height":1269,"caption":"Permakultur-Landwirtschaft"},"image":{"@id":"https:\/\/permakultur-landwirtschaft.org\/#\/schema\/logo\/image\/"},"sameAs":["https:\/\/www.facebook.com\/PermakulturLandwirtschaft","https:\/\/www.instagram.com\/permakultur_landwirtschaft\/","https:\/\/www.flickr.com\/photos\/permakultur-landwirtschaft","https:\/\/www.youtube.com\/@PermakulturLandwirtschaft"]},{"@type":"Person","@id":"https:\/\/permakultur-landwirtschaft.org\/#\/schema\/person\/6b0467872f75aed3e144093f9bf4f0b0","name":"adrian reutimann","url":"https:\/\/permakultur-landwirtschaft.org\/fr\/author\/reutiadr\/"}]}},"_links":{"self":[{"href":"https:\/\/permakultur-landwirtschaft.org\/fr\/wp-json\/wp\/v2\/posts\/38382","targetHints":{"allow":["GET"]}}],"collection":[{"href":"https:\/\/permakultur-landwirtschaft.org\/fr\/wp-json\/wp\/v2\/posts"}],"about":[{"href":"https:\/\/permakultur-landwirtschaft.org\/fr\/wp-json\/wp\/v2\/types\/post"}],"author":[{"embeddable":true,"href":"https:\/\/permakultur-landwirtschaft.org\/fr\/wp-json\/wp\/v2\/users\/2"}],"replies":[{"embeddable":true,"href":"https:\/\/permakultur-landwirtschaft.org\/fr\/wp-json\/wp\/v2\/comments?post=38382"}],"version-history":[{"count":1,"href":"https:\/\/permakultur-landwirtschaft.org\/fr\/wp-json\/wp\/v2\/posts\/38382\/revisions"}],"predecessor-version":[{"id":38384,"href":"https:\/\/permakultur-landwirtschaft.org\/fr\/wp-json\/wp\/v2\/posts\/38382\/revisions\/38384"}],"wp:featuredmedia":[{"embeddable":true,"href":"https:\/\/permakultur-landwirtschaft.org\/fr\/wp-json\/wp\/v2\/media\/38383"}],"wp:attachment":[{"href":"https:\/\/permakultur-landwirtschaft.org\/fr\/wp-json\/wp\/v2\/media?parent=38382"}],"wp:term":[{"taxonomy":"category","embeddable":true,"href":"https:\/\/permakultur-landwirtschaft.org\/fr\/wp-json\/wp\/v2\/categories?post=38382"},{"taxonomy":"post_tag","embeddable":true,"href":"https:\/\/permakultur-landwirtschaft.org\/fr\/wp-json\/wp\/v2\/tags?post=38382"}],"curies":[{"name":"wp","href":"https:\/\/api.w.org\/{rel}","templated":true}]}}