{"id":38355,"date":"2022-09-22T14:08:00","date_gmt":"2022-09-22T12:08:00","guid":{"rendered":"https:\/\/permakultur-landwirtschaft.org\/?p=38355"},"modified":"2026-03-13T14:14:26","modified_gmt":"2026-03-13T13:14:26","slug":"en-autriche-une-ferme-rebelle-est-devenue-une-source-dinspiration-en-article-de-22-septembre-2022","status":"publish","type":"post","link":"https:\/\/permakultur-landwirtschaft.org\/fr\/en-autriche-une-ferme-rebelle-est-devenue-une-source-dinspiration-en-article-de-22-septembre-2022\/","title":{"rendered":"En Autriche, une ferme rebelle est devenue une source d\u2019inspiration &#8211; En article de 22 septembre 2022"},"content":{"rendered":"<p>Haut-lieu de la permaculture alpine, le domaine de la famille Holzer navigue \u00e0 contre-courant depuis 60 ans. Il est c\u00e9l\u00e8bre pour ses \u00e9tangs, ses polycultures en terrasses et ses vergers de pente. Et s\u2019il faisait des \u00e9mules en Suisse?<\/p>\n\n\n\n<p>Des \u00e9charpes de brume s\u2019accrochent aux pentes et aux sapins. Elles s\u2019\u00e9coulent mollement sur le flanc sud du Schwarzenberg, laissant appara\u00eetre au gr\u00e9 des courants une douce mosa\u00efque d\u2019\u00e9tangs, de vergers, de champs de c\u00e9r\u00e9ales et de cultures mara\u00eech\u00e8res. \u00c9tag\u00e9 entre 1100 et 1500 m\u00e8tres d\u2019altitude, un tel paysage d\u00e9route et fascine. Nous sommes dans la r\u00e9gion de Salzburg Lungau en Autriche, et pas moins d\u2019une quarantaine de visiteurs \u00e0 fouler pour la premi\u00e8re fois le domaine de la famille Holzer, dont la r\u00e9putation attire paysans, jardiniers et \u00e9tudiants du monde entier. Lanc\u00e9 par Sepp Holzer, permaculteur avant l\u2019heure, le Krameterhof cultive depuis plus de soixante ans l\u2019autarcie et la cr\u00e9ativit\u00e9.<\/p>\n\n\n\n<p>Aujourd\u2019hui, c\u2019est son fils Joseph qui poursuit une agriculture hors norme et nous guide sur les 45 hectares de l\u2019exploitation alpine. Petite grimpette pour rejoindre un premier groupe d\u2019\u00e9tangs. Il y en a sept dans le secteur, reli\u00e9s les uns aux autres par de petits canaux. Certains sont d\u00e9volus \u00e0 l\u2019irrigation et l\u2019\u00e9levage de carpes, sandres et brochets, tandis que d\u2019autres, moins profonds, sont de v\u00e9ritables jardins aquatiques servant \u00e0 la fois de pouponni\u00e8re aux alevins et de zones d\u2019\u00e9puration.<\/p>\n\n\n\n<h2 class=\"wp-block-heading\"><strong>L\u2019originalit\u00e9 comme salut<\/strong><\/h2>\n\n\n\n<p>\u00abMon p\u00e8re a commenc\u00e9 \u00e0 les creuser d\u00e8s qu\u2019il a repris la ferme familiale, \u00e0 19 ans. Contrairement aux autres paysans de la r\u00e9gion, qui ont pour la plupart mis\u00e9 sur l\u2019\u00e9levage bovin et la production laiti\u00e8re, il voulait perp\u00e9tuer une agriculture&nbsp;diversifi\u00e9e et autosuffisante, telle qu\u2019elle a exist\u00e9 ici pendant des si\u00e8cles. Mais pour en vivre correctement, il fallait produire des aliments originaux: il s\u2019est donc lanc\u00e9 dans la pisciculture, a plant\u00e9 des milliers d\u2019arbres fruitiers et d\u00e9velopp\u00e9 la culture de champignons. Ses choix lui ont valu beaucoup d\u2019ennuis <em>(ndlr: administratifs, ainsi que des critiques)<\/em>, mais finalement il a r\u00e9ussi\u00bb, explique Joseph Holzer, tout en relevant une nasse pleine d\u2019\u00e9crevisses. Et de commenter: \u00abVoyez ces crustac\u00e9s, ils sont tr\u00e8s pratiques; ils nourrissent mes poissons, mangent ceux qui sont malades et je peux aussi les d\u00e9guster et les vendre \u00e0 bon prix!\u00bb<\/p>\n\n\n\n<p>D\u2019autres animaux, plus conventionnels, participent bien s\u00fbr aux revenus du domaine. En chemin, nous croisons une dizaine de cochons noirs des Alpes, des poulets, des dindes et canards, des moutons ainsi qu\u2019un petit troupeau de vaches allaitantes et cornues. Joseph et son \u00e9pouse Regula \u00e9l\u00e8vent \u00e9galement des chevaux des Franches-Montagnes, des \u00e2nes et des poneys. \u00abNos b\u00eates permettent de valoriser les terres difficiles \u00e0 exploiter autrement, mais nous misons sur la diversit\u00e9 plut\u00f4t que sur la quantit\u00e9. Comme elles ont des r\u00e9gimes diff\u00e9rents, nous faisons des rotations afin de profiter des services rendus par chaque esp\u00e8ce, sans risque d\u2019\u00e9puiser le sol. Les vaches sont nourries six mois par an, les chevaux trois. Le reste du temps, ils trouvent \u00e0 manger dans les p\u00e2tures, lisi\u00e8res et bosquets.\u00bb<\/p>\n\n\n\n<p>&#8230;<\/p>","protected":false},"excerpt":{"rendered":"<p>Haut-lieu de la permaculture alpine, le domaine de la famille Holzer navigue \u00e0 contre-courant depuis 60 ans. Il est c\u00e9l\u00e8bre pour ses \u00e9tangs, ses polycultures en terrasses et ses vergers de pente. Et s\u2019il faisait des \u00e9mules en Suisse? Des \u00e9charpes de brume s\u2019accrochent aux pentes et aux sapins. Elles s\u2019\u00e9coulent mollement sur le flanc [&hellip;]<\/p>\n","protected":false},"author":2,"featured_media":38356,"comment_status":"closed","ping_status":"closed","sticky":false,"template":"","format":"standard","meta":{"_acf_changed":false,"site-sidebar-layout":"default","site-content-layout":"","ast-site-content-layout":"default","site-content-style":"default","site-sidebar-style":"default","ast-global-header-display":"","ast-banner-title-visibility":"","ast-main-header-display":"","ast-hfb-above-header-display":"","ast-hfb-below-header-display":"","ast-hfb-mobile-header-display":"","site-post-title":"","ast-breadcrumbs-content":"","ast-featured-img":"","footer-sml-layout":"","ast-disable-related-posts":"","theme-transparent-header-meta":"","adv-header-id-meta":"","stick-header-meta":"","header-above-stick-meta":"","header-main-stick-meta":"","header-below-stick-meta":"","astra-migrate-meta-layouts":"set","ast-page-background-enabled":"default","ast-page-background-meta":{"desktop":{"background-color":"var(--ast-global-color-4)","background-image":"","background-repeat":"repeat","background-position":"center center","background-size":"auto","background-attachment":"scroll","background-type":"","background-media":"","overlay-type":"","overlay-color":"","overlay-opacity":"","overlay-gradient":""},"tablet":{"background-color":"","background-image":"","background-repeat":"repeat","background-position":"center center","background-size":"auto","background-attachment":"scroll","background-type":"","background-media":"","overlay-type":"","overlay-color":"","overlay-opacity":"","overlay-gradient":""},"mobile":{"background-color":"","background-image":"","background-repeat":"repeat","background-position":"center center","background-size":"auto","background-attachment":"scroll","background-type":"","background-media":"","overlay-type":"","overlay-color":"","overlay-opacity":"","overlay-gradient":""}},"ast-content-background-meta":{"desktop":{"background-color":"var(--ast-global-color-5)","background-image":"","background-repeat":"repeat","background-position":"center center","background-size":"auto","background-attachment":"scroll","background-type":"","background-media":"","overlay-type":"","overlay-color":"","overlay-opacity":"","overlay-gradient":""},"tablet":{"background-color":"var(--ast-global-color-5)","background-image":"","background-repeat":"repeat","background-position":"center center","background-size":"auto","background-attachment":"scroll","background-type":"","background-media":"","overlay-type":"","overlay-color":"","overlay-opacity":"","overlay-gradient":""},"mobile":{"background-color":"var(--ast-global-color-5)","background-image":"","background-repeat":"repeat","background-position":"center center","background-size":"auto","background-attachment":"scroll","background-type":"","background-media":"","overlay-type":"","overlay-color":"","overlay-opacity":"","overlay-gradient":""}},"footnotes":""},"categories":[22],"tags":[1202,1201,1203,406,225,354],"class_list":["post-38355","post","type-post","status-publish","format-standard","has-post-thumbnail","hentry","category-neuigkeit","tag-autriche","tag-ferme-rebelle","tag-inspiration","tag-krameterhof","tag-sepp-holzer","tag-terrenature"],"acf":[],"yoast_head":"<!-- This site is optimized with the Yoast SEO plugin v27.5 - https:\/\/yoast.com\/product\/yoast-seo-wordpress\/ -->\n<title>En Autriche, une ferme rebelle est devenue une source d\u2019inspiration - En article de 22 septembre 2022 - Permakultur-Landwirtschaft<\/title>\n<meta name=\"description\" content=\"Haut-lieu de la permaculture alpine, le domaine de la famille Holzer navigue \u00e0 contre-courant depuis 60 ans.\" \/>\n<meta name=\"robots\" content=\"index, follow, max-snippet:-1, max-image-preview:large, max-video-preview:-1\" \/>\n<link rel=\"canonical\" href=\"https:\/\/permakultur-landwirtschaft.org\/fr\/en-autriche-une-ferme-rebelle-est-devenue-une-source-dinspiration-en-article-de-22-septembre-2022\/\" \/>\n<meta property=\"og:locale\" content=\"fr_FR\" \/>\n<meta property=\"og:type\" content=\"article\" \/>\n<meta property=\"og:title\" content=\"En Autriche, une ferme rebelle est devenue une source d\u2019inspiration - En article de 22 septembre 2022 - Permakultur-Landwirtschaft\" \/>\n<meta property=\"og:description\" content=\"Haut-lieu de la permaculture alpine, le domaine de la famille Holzer navigue \u00e0 contre-courant depuis 60 ans.\" \/>\n<meta property=\"og:url\" content=\"https:\/\/permakultur-landwirtschaft.org\/fr\/en-autriche-une-ferme-rebelle-est-devenue-une-source-dinspiration-en-article-de-22-septembre-2022\/\" \/>\n<meta property=\"og:site_name\" content=\"Permakultur-Landwirtschaft\" \/>\n<meta property=\"article:publisher\" content=\"https:\/\/www.facebook.com\/PermakulturLandwirtschaft\" \/>\n<meta property=\"article:published_time\" content=\"2022-09-22T12:08:00+00:00\" \/>\n<meta property=\"article:modified_time\" content=\"2026-03-13T13:14:26+00:00\" \/>\n<meta property=\"og:image\" content=\"https:\/\/permakultur-landwirtschaft.org\/wp-content\/uploads\/2026\/03\/2022_holzer_vue_krameterof.jpg\" \/>\n\t<meta property=\"og:image:width\" content=\"700\" \/>\n\t<meta property=\"og:image:height\" content=\"393\" \/>\n\t<meta property=\"og:image:type\" content=\"image\/jpeg\" \/>\n<meta name=\"author\" content=\"adrian reutimann\" \/>\n<meta name=\"twitter:card\" content=\"summary_large_image\" \/>\n<meta name=\"twitter:label1\" content=\"\u00c9crit par\" \/>\n\t<meta name=\"twitter:data1\" content=\"adrian reutimann\" \/>\n\t<meta name=\"twitter:label2\" content=\"Dur\u00e9e de lecture estim\u00e9e\" \/>\n\t<meta name=\"twitter:data2\" content=\"3 minutes\" \/>\n<script type=\"application\/ld+json\" class=\"yoast-schema-graph\">{\"@context\":\"https:\\\/\\\/schema.org\",\"@graph\":[{\"@type\":\"Article\",\"@id\":\"https:\\\/\\\/permakultur-landwirtschaft.org\\\/en-autriche-une-ferme-rebelle-est-devenue-une-source-dinspiration-en-article-de-22-septembre-2022\\\/#article\",\"isPartOf\":{\"@id\":\"https:\\\/\\\/permakultur-landwirtschaft.org\\\/en-autriche-une-ferme-rebelle-est-devenue-une-source-dinspiration-en-article-de-22-septembre-2022\\\/\"},\"author\":{\"name\":\"adrian reutimann\",\"@id\":\"https:\\\/\\\/permakultur-landwirtschaft.org\\\/#\\\/schema\\\/person\\\/6b0467872f75aed3e144093f9bf4f0b0\"},\"headline\":\"En Autriche, une ferme rebelle est devenue une source d\u2019inspiration &#8211; En article de 22 septembre 2022\",\"datePublished\":\"2022-09-22T12:08:00+00:00\",\"dateModified\":\"2026-03-13T13:14:26+00:00\",\"mainEntityOfPage\":{\"@id\":\"https:\\\/\\\/permakultur-landwirtschaft.org\\\/en-autriche-une-ferme-rebelle-est-devenue-une-source-dinspiration-en-article-de-22-septembre-2022\\\/\"},\"wordCount\":570,\"publisher\":{\"@id\":\"https:\\\/\\\/permakultur-landwirtschaft.org\\\/#organization\"},\"image\":{\"@id\":\"https:\\\/\\\/permakultur-landwirtschaft.org\\\/en-autriche-une-ferme-rebelle-est-devenue-une-source-dinspiration-en-article-de-22-septembre-2022\\\/#primaryimage\"},\"thumbnailUrl\":\"https:\\\/\\\/permakultur-landwirtschaft.org\\\/wp-content\\\/uploads\\\/2026\\\/03\\\/2022_holzer_vue_krameterof.jpg\",\"keywords\":[\"Autriche\",\"ferme rebelle\",\"Inspiration\",\"Krameterhof\",\"Sepp Holzer\",\"Terre&amp;Nature\"],\"articleSection\":[\"Neuigkeit\"],\"inLanguage\":\"fr-FR\"},{\"@type\":\"WebPage\",\"@id\":\"https:\\\/\\\/permakultur-landwirtschaft.org\\\/en-autriche-une-ferme-rebelle-est-devenue-une-source-dinspiration-en-article-de-22-septembre-2022\\\/\",\"url\":\"https:\\\/\\\/permakultur-landwirtschaft.org\\\/en-autriche-une-ferme-rebelle-est-devenue-une-source-dinspiration-en-article-de-22-septembre-2022\\\/\",\"name\":\"En Autriche, une ferme rebelle est devenue une source d\u2019inspiration - En article de 22 septembre 2022 - Permakultur-Landwirtschaft\",\"isPartOf\":{\"@id\":\"https:\\\/\\\/permakultur-landwirtschaft.org\\\/#website\"},\"primaryImageOfPage\":{\"@id\":\"https:\\\/\\\/permakultur-landwirtschaft.org\\\/en-autriche-une-ferme-rebelle-est-devenue-une-source-dinspiration-en-article-de-22-septembre-2022\\\/#primaryimage\"},\"image\":{\"@id\":\"https:\\\/\\\/permakultur-landwirtschaft.org\\\/en-autriche-une-ferme-rebelle-est-devenue-une-source-dinspiration-en-article-de-22-septembre-2022\\\/#primaryimage\"},\"thumbnailUrl\":\"https:\\\/\\\/permakultur-landwirtschaft.org\\\/wp-content\\\/uploads\\\/2026\\\/03\\\/2022_holzer_vue_krameterof.jpg\",\"datePublished\":\"2022-09-22T12:08:00+00:00\",\"dateModified\":\"2026-03-13T13:14:26+00:00\",\"description\":\"Haut-lieu de la permaculture alpine, le domaine de la famille Holzer navigue \u00e0 contre-courant depuis 60 ans.\",\"breadcrumb\":{\"@id\":\"https:\\\/\\\/permakultur-landwirtschaft.org\\\/en-autriche-une-ferme-rebelle-est-devenue-une-source-dinspiration-en-article-de-22-septembre-2022\\\/#breadcrumb\"},\"inLanguage\":\"fr-FR\",\"potentialAction\":[{\"@type\":\"ReadAction\",\"target\":[\"https:\\\/\\\/permakultur-landwirtschaft.org\\\/en-autriche-une-ferme-rebelle-est-devenue-une-source-dinspiration-en-article-de-22-septembre-2022\\\/\"]}]},{\"@type\":\"ImageObject\",\"inLanguage\":\"fr-FR\",\"@id\":\"https:\\\/\\\/permakultur-landwirtschaft.org\\\/en-autriche-une-ferme-rebelle-est-devenue-une-source-dinspiration-en-article-de-22-septembre-2022\\\/#primaryimage\",\"url\":\"https:\\\/\\\/permakultur-landwirtschaft.org\\\/wp-content\\\/uploads\\\/2026\\\/03\\\/2022_holzer_vue_krameterof.jpg\",\"contentUrl\":\"https:\\\/\\\/permakultur-landwirtschaft.org\\\/wp-content\\\/uploads\\\/2026\\\/03\\\/2022_holzer_vue_krameterof.jpg\",\"width\":700,\"height\":393,\"caption\":\"Image : Antoine Lavorel\"},{\"@type\":\"BreadcrumbList\",\"@id\":\"https:\\\/\\\/permakultur-landwirtschaft.org\\\/en-autriche-une-ferme-rebelle-est-devenue-une-source-dinspiration-en-article-de-22-septembre-2022\\\/#breadcrumb\",\"itemListElement\":[{\"@type\":\"ListItem\",\"position\":1,\"name\":\"Startseite\",\"item\":\"https:\\\/\\\/permakultur-landwirtschaft.org\\\/\"},{\"@type\":\"ListItem\",\"position\":2,\"name\":\"En Autriche, une ferme rebelle est devenue une source d\u2019inspiration &#8211; En article de 22 septembre 2022\"}]},{\"@type\":\"WebSite\",\"@id\":\"https:\\\/\\\/permakultur-landwirtschaft.org\\\/#website\",\"url\":\"https:\\\/\\\/permakultur-landwirtschaft.org\\\/\",\"name\":\"Permakultur-Landwirtschaft\",\"description\":\"F\u00f6rderung der Permakultur in der Landwirtschaft\",\"publisher\":{\"@id\":\"https:\\\/\\\/permakultur-landwirtschaft.org\\\/#organization\"},\"potentialAction\":[{\"@type\":\"SearchAction\",\"target\":{\"@type\":\"EntryPoint\",\"urlTemplate\":\"https:\\\/\\\/permakultur-landwirtschaft.org\\\/?s={search_term_string}\"},\"query-input\":{\"@type\":\"PropertyValueSpecification\",\"valueRequired\":true,\"valueName\":\"search_term_string\"}}],\"inLanguage\":\"fr-FR\"},{\"@type\":\"Organization\",\"@id\":\"https:\\\/\\\/permakultur-landwirtschaft.org\\\/#organization\",\"name\":\"Permakultur-Landwirtschaft\",\"alternateName\":\"Verein Permakultur-Landwirtschaft\",\"url\":\"https:\\\/\\\/permakultur-landwirtschaft.org\\\/\",\"logo\":{\"@type\":\"ImageObject\",\"inLanguage\":\"fr-FR\",\"@id\":\"https:\\\/\\\/permakultur-landwirtschaft.org\\\/#\\\/schema\\\/logo\\\/image\\\/\",\"url\":\"https:\\\/\\\/permakultur-landwirtschaft.org\\\/wp-content\\\/uploads\\\/2021\\\/11\\\/pela_1268x1269.png\",\"contentUrl\":\"https:\\\/\\\/permakultur-landwirtschaft.org\\\/wp-content\\\/uploads\\\/2021\\\/11\\\/pela_1268x1269.png\",\"width\":1298,\"height\":1269,\"caption\":\"Permakultur-Landwirtschaft\"},\"image\":{\"@id\":\"https:\\\/\\\/permakultur-landwirtschaft.org\\\/#\\\/schema\\\/logo\\\/image\\\/\"},\"sameAs\":[\"https:\\\/\\\/www.facebook.com\\\/PermakulturLandwirtschaft\",\"https:\\\/\\\/www.instagram.com\\\/permakultur_landwirtschaft\\\/\",\"https:\\\/\\\/www.flickr.com\\\/photos\\\/permakultur-landwirtschaft\",\"https:\\\/\\\/www.youtube.com\\\/@PermakulturLandwirtschaft\"]},{\"@type\":\"Person\",\"@id\":\"https:\\\/\\\/permakultur-landwirtschaft.org\\\/#\\\/schema\\\/person\\\/6b0467872f75aed3e144093f9bf4f0b0\",\"name\":\"adrian reutimann\",\"url\":\"https:\\\/\\\/permakultur-landwirtschaft.org\\\/fr\\\/author\\\/reutiadr\\\/\"}]}<\/script>\n<!-- \/ Yoast SEO plugin. -->","yoast_head_json":{"title":"En Autriche, une ferme rebelle est devenue une source d\u2019inspiration - En article de 22 septembre 2022 - Permakultur-Landwirtschaft","description":"Haut-lieu de la permaculture alpine, le domaine de la famille Holzer navigue \u00e0 contre-courant depuis 60 ans.","robots":{"index":"index","follow":"follow","max-snippet":"max-snippet:-1","max-image-preview":"max-image-preview:large","max-video-preview":"max-video-preview:-1"},"canonical":"https:\/\/permakultur-landwirtschaft.org\/fr\/en-autriche-une-ferme-rebelle-est-devenue-une-source-dinspiration-en-article-de-22-septembre-2022\/","og_locale":"fr_FR","og_type":"article","og_title":"En Autriche, une ferme rebelle est devenue une source d\u2019inspiration - En article de 22 septembre 2022 - Permakultur-Landwirtschaft","og_description":"Haut-lieu de la permaculture alpine, le domaine de la famille Holzer navigue \u00e0 contre-courant depuis 60 ans.","og_url":"https:\/\/permakultur-landwirtschaft.org\/fr\/en-autriche-une-ferme-rebelle-est-devenue-une-source-dinspiration-en-article-de-22-septembre-2022\/","og_site_name":"Permakultur-Landwirtschaft","article_publisher":"https:\/\/www.facebook.com\/PermakulturLandwirtschaft","article_published_time":"2022-09-22T12:08:00+00:00","article_modified_time":"2026-03-13T13:14:26+00:00","og_image":[{"width":700,"height":393,"url":"https:\/\/permakultur-landwirtschaft.org\/wp-content\/uploads\/2026\/03\/2022_holzer_vue_krameterof.jpg","type":"image\/jpeg"}],"author":"adrian reutimann","twitter_card":"summary_large_image","twitter_misc":{"\u00c9crit par":"adrian reutimann","Dur\u00e9e de lecture estim\u00e9e":"3 minutes"},"schema":{"@context":"https:\/\/schema.org","@graph":[{"@type":"Article","@id":"https:\/\/permakultur-landwirtschaft.org\/en-autriche-une-ferme-rebelle-est-devenue-une-source-dinspiration-en-article-de-22-septembre-2022\/#article","isPartOf":{"@id":"https:\/\/permakultur-landwirtschaft.org\/en-autriche-une-ferme-rebelle-est-devenue-une-source-dinspiration-en-article-de-22-septembre-2022\/"},"author":{"name":"adrian reutimann","@id":"https:\/\/permakultur-landwirtschaft.org\/#\/schema\/person\/6b0467872f75aed3e144093f9bf4f0b0"},"headline":"En Autriche, une ferme rebelle est devenue une source d\u2019inspiration &#8211; En article de 22 septembre 2022","datePublished":"2022-09-22T12:08:00+00:00","dateModified":"2026-03-13T13:14:26+00:00","mainEntityOfPage":{"@id":"https:\/\/permakultur-landwirtschaft.org\/en-autriche-une-ferme-rebelle-est-devenue-une-source-dinspiration-en-article-de-22-septembre-2022\/"},"wordCount":570,"publisher":{"@id":"https:\/\/permakultur-landwirtschaft.org\/#organization"},"image":{"@id":"https:\/\/permakultur-landwirtschaft.org\/en-autriche-une-ferme-rebelle-est-devenue-une-source-dinspiration-en-article-de-22-septembre-2022\/#primaryimage"},"thumbnailUrl":"https:\/\/permakultur-landwirtschaft.org\/wp-content\/uploads\/2026\/03\/2022_holzer_vue_krameterof.jpg","keywords":["Autriche","ferme rebelle","Inspiration","Krameterhof","Sepp Holzer","Terre&amp;Nature"],"articleSection":["Neuigkeit"],"inLanguage":"fr-FR"},{"@type":"WebPage","@id":"https:\/\/permakultur-landwirtschaft.org\/en-autriche-une-ferme-rebelle-est-devenue-une-source-dinspiration-en-article-de-22-septembre-2022\/","url":"https:\/\/permakultur-landwirtschaft.org\/en-autriche-une-ferme-rebelle-est-devenue-une-source-dinspiration-en-article-de-22-septembre-2022\/","name":"En Autriche, une ferme rebelle est devenue une source d\u2019inspiration - En article de 22 septembre 2022 - Permakultur-Landwirtschaft","isPartOf":{"@id":"https:\/\/permakultur-landwirtschaft.org\/#website"},"primaryImageOfPage":{"@id":"https:\/\/permakultur-landwirtschaft.org\/en-autriche-une-ferme-rebelle-est-devenue-une-source-dinspiration-en-article-de-22-septembre-2022\/#primaryimage"},"image":{"@id":"https:\/\/permakultur-landwirtschaft.org\/en-autriche-une-ferme-rebelle-est-devenue-une-source-dinspiration-en-article-de-22-septembre-2022\/#primaryimage"},"thumbnailUrl":"https:\/\/permakultur-landwirtschaft.org\/wp-content\/uploads\/2026\/03\/2022_holzer_vue_krameterof.jpg","datePublished":"2022-09-22T12:08:00+00:00","dateModified":"2026-03-13T13:14:26+00:00","description":"Haut-lieu de la permaculture alpine, le domaine de la famille Holzer navigue \u00e0 contre-courant depuis 60 ans.","breadcrumb":{"@id":"https:\/\/permakultur-landwirtschaft.org\/en-autriche-une-ferme-rebelle-est-devenue-une-source-dinspiration-en-article-de-22-septembre-2022\/#breadcrumb"},"inLanguage":"fr-FR","potentialAction":[{"@type":"ReadAction","target":["https:\/\/permakultur-landwirtschaft.org\/en-autriche-une-ferme-rebelle-est-devenue-une-source-dinspiration-en-article-de-22-septembre-2022\/"]}]},{"@type":"ImageObject","inLanguage":"fr-FR","@id":"https:\/\/permakultur-landwirtschaft.org\/en-autriche-une-ferme-rebelle-est-devenue-une-source-dinspiration-en-article-de-22-septembre-2022\/#primaryimage","url":"https:\/\/permakultur-landwirtschaft.org\/wp-content\/uploads\/2026\/03\/2022_holzer_vue_krameterof.jpg","contentUrl":"https:\/\/permakultur-landwirtschaft.org\/wp-content\/uploads\/2026\/03\/2022_holzer_vue_krameterof.jpg","width":700,"height":393,"caption":"Image : Antoine Lavorel"},{"@type":"BreadcrumbList","@id":"https:\/\/permakultur-landwirtschaft.org\/en-autriche-une-ferme-rebelle-est-devenue-une-source-dinspiration-en-article-de-22-septembre-2022\/#breadcrumb","itemListElement":[{"@type":"ListItem","position":1,"name":"Startseite","item":"https:\/\/permakultur-landwirtschaft.org\/"},{"@type":"ListItem","position":2,"name":"En Autriche, une ferme rebelle est devenue une source d\u2019inspiration &#8211; En article de 22 septembre 2022"}]},{"@type":"WebSite","@id":"https:\/\/permakultur-landwirtschaft.org\/#website","url":"https:\/\/permakultur-landwirtschaft.org\/","name":"Permakultur-Landwirtschaft","description":"F\u00f6rderung der Permakultur in der Landwirtschaft","publisher":{"@id":"https:\/\/permakultur-landwirtschaft.org\/#organization"},"potentialAction":[{"@type":"SearchAction","target":{"@type":"EntryPoint","urlTemplate":"https:\/\/permakultur-landwirtschaft.org\/?s={search_term_string}"},"query-input":{"@type":"PropertyValueSpecification","valueRequired":true,"valueName":"search_term_string"}}],"inLanguage":"fr-FR"},{"@type":"Organization","@id":"https:\/\/permakultur-landwirtschaft.org\/#organization","name":"Permakultur-Landwirtschaft","alternateName":"Verein Permakultur-Landwirtschaft","url":"https:\/\/permakultur-landwirtschaft.org\/","logo":{"@type":"ImageObject","inLanguage":"fr-FR","@id":"https:\/\/permakultur-landwirtschaft.org\/#\/schema\/logo\/image\/","url":"https:\/\/permakultur-landwirtschaft.org\/wp-content\/uploads\/2021\/11\/pela_1268x1269.png","contentUrl":"https:\/\/permakultur-landwirtschaft.org\/wp-content\/uploads\/2021\/11\/pela_1268x1269.png","width":1298,"height":1269,"caption":"Permakultur-Landwirtschaft"},"image":{"@id":"https:\/\/permakultur-landwirtschaft.org\/#\/schema\/logo\/image\/"},"sameAs":["https:\/\/www.facebook.com\/PermakulturLandwirtschaft","https:\/\/www.instagram.com\/permakultur_landwirtschaft\/","https:\/\/www.flickr.com\/photos\/permakultur-landwirtschaft","https:\/\/www.youtube.com\/@PermakulturLandwirtschaft"]},{"@type":"Person","@id":"https:\/\/permakultur-landwirtschaft.org\/#\/schema\/person\/6b0467872f75aed3e144093f9bf4f0b0","name":"adrian reutimann","url":"https:\/\/permakultur-landwirtschaft.org\/fr\/author\/reutiadr\/"}]}},"_links":{"self":[{"href":"https:\/\/permakultur-landwirtschaft.org\/fr\/wp-json\/wp\/v2\/posts\/38355","targetHints":{"allow":["GET"]}}],"collection":[{"href":"https:\/\/permakultur-landwirtschaft.org\/fr\/wp-json\/wp\/v2\/posts"}],"about":[{"href":"https:\/\/permakultur-landwirtschaft.org\/fr\/wp-json\/wp\/v2\/types\/post"}],"author":[{"embeddable":true,"href":"https:\/\/permakultur-landwirtschaft.org\/fr\/wp-json\/wp\/v2\/users\/2"}],"replies":[{"embeddable":true,"href":"https:\/\/permakultur-landwirtschaft.org\/fr\/wp-json\/wp\/v2\/comments?post=38355"}],"version-history":[{"count":1,"href":"https:\/\/permakultur-landwirtschaft.org\/fr\/wp-json\/wp\/v2\/posts\/38355\/revisions"}],"predecessor-version":[{"id":38357,"href":"https:\/\/permakultur-landwirtschaft.org\/fr\/wp-json\/wp\/v2\/posts\/38355\/revisions\/38357"}],"wp:featuredmedia":[{"embeddable":true,"href":"https:\/\/permakultur-landwirtschaft.org\/fr\/wp-json\/wp\/v2\/media\/38356"}],"wp:attachment":[{"href":"https:\/\/permakultur-landwirtschaft.org\/fr\/wp-json\/wp\/v2\/media?parent=38355"}],"wp:term":[{"taxonomy":"category","embeddable":true,"href":"https:\/\/permakultur-landwirtschaft.org\/fr\/wp-json\/wp\/v2\/categories?post=38355"},{"taxonomy":"post_tag","embeddable":true,"href":"https:\/\/permakultur-landwirtschaft.org\/fr\/wp-json\/wp\/v2\/tags?post=38355"}],"curies":[{"name":"wp","href":"https:\/\/api.w.org\/{rel}","templated":true}]}}