{"id":38352,"date":"2024-10-06T14:00:00","date_gmt":"2024-10-06T12:00:00","guid":{"rendered":"https:\/\/permakultur-landwirtschaft.org\/?p=38352"},"modified":"2026-03-13T14:06:13","modified_gmt":"2026-03-13T13:06:13","slug":"des-jardins-forets-de-plantes-comestibles-ou-la-diversite-est-reine-en-article-de-6-octobre-2024","status":"publish","type":"post","link":"https:\/\/permakultur-landwirtschaft.org\/fr\/des-jardins-forets-de-plantes-comestibles-ou-la-diversite-est-reine-en-article-de-6-octobre-2024\/","title":{"rendered":"Des jardins-for\u00eats de plantes comestibles o\u00f9 la diversit\u00e9 est reine &#8211; En article de 6 octobre 2024"},"content":{"rendered":"<p>Ces jeunes boisements denses et vari\u00e9s inspir\u00e9s par la permaculture et l&#8217;agroforesterie s\u00e9duisent un nombre croissant d&#8217;acteurs publics et priv\u00e9s. Les Journ\u00e9es de l&#8217;agro\u00e9cologie y consacrent une conf\u00e9rence.<\/p>\n\n\n\n<p>\u00c0 Eysins (VD), la v\u00e9g\u00e9tation dense et color\u00e9e d\u2019un terrain de 3000 m2 tranche avec l\u2019homog\u00e9n\u00e9it\u00e9 des champs alentour. Il y a deux ans, le domaine de Sous-Cor a accueilli un projet in\u00e9dit de jardin-for\u00eat baptis\u00e9 Eos, sur l\u2019initiative d\u2019Alicia Perego.<\/p>\n\n\n\n<p>\u00abApr\u00e8s la naissance de mon premier enfant, j\u2019ai voulu me tourner vers un syst\u00e8me de culture plus durable. J\u2019ai \u00e9t\u00e9 s\u00e9duite par les vertus de cette d\u00e9marche alternative, qui repose sur la permaculture et l\u2019agroforesterie\u00bb, raconte cette psychologue de formation qui a d\u00e9cid\u00e9 de reprendre l\u2019exploitation familiale. Pour r\u00e9aliser ce projet, elle a r\u00e9pondu \u00e0 un appel de l\u2019association Jardin-For\u00eat Suisse, cr\u00e9\u00e9e en 2022, qui assure la mise en place et l\u2019entretien de ce type de parcelle.<\/p>\n\n\n\n<h2 class=\"wp-block-heading\">Multiples strates<\/h2>\n\n\n\n<p>Justement, cet apr\u00e8s-midi, son cofondateur Samuel D\u00e9praz surveille les r\u00e9centes boutures et le paillage d\u00e9pos\u00e9 la veille au pied du ragouminier. Le long d\u2019un chemin en copeaux, un c\u00e9dr\u00e8le de Chine et un nectarinier \u00e9tendent leurs jeunes branches, alors qu\u2019un argousier et un chalef d\u2019automne offrent leurs premiers fruits.<\/p>\n\n\n\n<p>\u00abL\u2019id\u00e9e est de recr\u00e9er un jeune boisement avec une grande densit\u00e9 de plantes p\u00e9rennes comestibles, organis\u00e9 en plusieurs strates naturellement pr\u00e9sentes dans la for\u00eat, comme les arbres de canop\u00e9e, les arbustes, les racines et les lianes. En tout, on retrouve plus de vingt familles de plantes, contre une seule g\u00e9n\u00e9ralement dans les vergers\u00bb, explique le Vaudois, en croquant dans une feuille de sedum.<\/p>\n\n\n\n<p>Gr\u00e2ce \u00e0 cette diversit\u00e9, cet \u00e9cosyst\u00e8me est particuli\u00e8rement r\u00e9silient, assure-t-il. \u00abPlus la structure est complexe, plus il y a d\u2019interactions entre les diff\u00e9rents \u00e9l\u00e9ments. Ainsi, elle r\u00e9siste davantage aux perturbations ext\u00e9rieures, comme les s\u00e9cheresses ou les maladies.\u00bb<\/p>\n\n\n\n<p>&#8230;<\/p>","protected":false},"excerpt":{"rendered":"<p>Ces jeunes boisements denses et vari\u00e9s inspir\u00e9s par la permaculture et l&#8217;agroforesterie s\u00e9duisent un nombre croissant d&#8217;acteurs publics et priv\u00e9s. Les Journ\u00e9es de l&#8217;agro\u00e9cologie y consacrent une conf\u00e9rence. \u00c0 Eysins (VD), la v\u00e9g\u00e9tation dense et color\u00e9e d\u2019un terrain de 3000 m2 tranche avec l\u2019homog\u00e9n\u00e9it\u00e9 des champs alentour. Il y a deux ans, le domaine de [&hellip;]<\/p>\n","protected":false},"author":2,"featured_media":38353,"comment_status":"closed","ping_status":"closed","sticky":false,"template":"","format":"standard","meta":{"_acf_changed":false,"site-sidebar-layout":"default","site-content-layout":"","ast-site-content-layout":"default","site-content-style":"default","site-sidebar-style":"default","ast-global-header-display":"","ast-banner-title-visibility":"","ast-main-header-display":"","ast-hfb-above-header-display":"","ast-hfb-below-header-display":"","ast-hfb-mobile-header-display":"","site-post-title":"","ast-breadcrumbs-content":"","ast-featured-img":"","footer-sml-layout":"","ast-disable-related-posts":"","theme-transparent-header-meta":"","adv-header-id-meta":"","stick-header-meta":"","header-above-stick-meta":"","header-main-stick-meta":"","header-below-stick-meta":"","astra-migrate-meta-layouts":"set","ast-page-background-enabled":"default","ast-page-background-meta":{"desktop":{"background-color":"var(--ast-global-color-4)","background-image":"","background-repeat":"repeat","background-position":"center center","background-size":"auto","background-attachment":"scroll","background-type":"","background-media":"","overlay-type":"","overlay-color":"","overlay-opacity":"","overlay-gradient":""},"tablet":{"background-color":"","background-image":"","background-repeat":"repeat","background-position":"center center","background-size":"auto","background-attachment":"scroll","background-type":"","background-media":"","overlay-type":"","overlay-color":"","overlay-opacity":"","overlay-gradient":""},"mobile":{"background-color":"","background-image":"","background-repeat":"repeat","background-position":"center center","background-size":"auto","background-attachment":"scroll","background-type":"","background-media":"","overlay-type":"","overlay-color":"","overlay-opacity":"","overlay-gradient":""}},"ast-content-background-meta":{"desktop":{"background-color":"var(--ast-global-color-5)","background-image":"","background-repeat":"repeat","background-position":"center center","background-size":"auto","background-attachment":"scroll","background-type":"","background-media":"","overlay-type":"","overlay-color":"","overlay-opacity":"","overlay-gradient":""},"tablet":{"background-color":"var(--ast-global-color-5)","background-image":"","background-repeat":"repeat","background-position":"center center","background-size":"auto","background-attachment":"scroll","background-type":"","background-media":"","overlay-type":"","overlay-color":"","overlay-opacity":"","overlay-gradient":""},"mobile":{"background-color":"var(--ast-global-color-5)","background-image":"","background-repeat":"repeat","background-position":"center center","background-size":"auto","background-attachment":"scroll","background-type":"","background-media":"","overlay-type":"","overlay-color":"","overlay-opacity":"","overlay-gradient":""}},"footnotes":""},"categories":[22],"tags":[260,138,154,354],"class_list":["post-38352","post","type-post","status-publish","format-standard","has-post-thumbnail","hentry","category-neuigkeit","tag-agroforesterie","tag-jardins-forets","tag-permaculture","tag-terrenature"],"acf":[],"yoast_head":"<!-- This site is optimized with the Yoast SEO plugin v27.5 - https:\/\/yoast.com\/product\/yoast-seo-wordpress\/ -->\n<title>Des jardins-for\u00eats de plantes comestibles o\u00f9 la diversit\u00e9 est reine - En article de 6 octobre 2024 - Permakultur-Landwirtschaft<\/title>\n<meta name=\"description\" content=\"Ces jeunes boisements denses et vari\u00e9s inspir\u00e9s par la permaculture et l&#039;agroforesterie s\u00e9duisent un nombre croissant d&#039;acteurs.\" \/>\n<meta name=\"robots\" content=\"index, follow, max-snippet:-1, max-image-preview:large, max-video-preview:-1\" \/>\n<link rel=\"canonical\" href=\"https:\/\/permakultur-landwirtschaft.org\/fr\/des-jardins-forets-de-plantes-comestibles-ou-la-diversite-est-reine-en-article-de-6-octobre-2024\/\" \/>\n<meta property=\"og:locale\" content=\"fr_FR\" \/>\n<meta property=\"og:type\" content=\"article\" \/>\n<meta property=\"og:title\" content=\"Des jardins-for\u00eats de plantes comestibles o\u00f9 la diversit\u00e9 est reine - En article de 6 octobre 2024 - Permakultur-Landwirtschaft\" \/>\n<meta property=\"og:description\" content=\"Ces jeunes boisements denses et vari\u00e9s inspir\u00e9s par la permaculture et l&#039;agroforesterie s\u00e9duisent un nombre croissant d&#039;acteurs.\" \/>\n<meta property=\"og:url\" content=\"https:\/\/permakultur-landwirtschaft.org\/fr\/des-jardins-forets-de-plantes-comestibles-ou-la-diversite-est-reine-en-article-de-6-octobre-2024\/\" \/>\n<meta property=\"og:site_name\" content=\"Permakultur-Landwirtschaft\" \/>\n<meta property=\"article:publisher\" content=\"https:\/\/www.facebook.com\/PermakulturLandwirtschaft\" \/>\n<meta property=\"article:published_time\" content=\"2024-10-06T12:00:00+00:00\" \/>\n<meta property=\"article:modified_time\" content=\"2026-03-13T13:06:13+00:00\" \/>\n<meta property=\"og:image\" content=\"https:\/\/permakultur-landwirtschaft.org\/wp-content\/uploads\/2026\/03\/2024_Des_jardins-forets_05_S2024091901_030.jpg\" \/>\n\t<meta property=\"og:image:width\" content=\"700\" \/>\n\t<meta property=\"og:image:height\" content=\"466\" \/>\n\t<meta property=\"og:image:type\" content=\"image\/jpeg\" \/>\n<meta name=\"author\" content=\"adrian reutimann\" \/>\n<meta name=\"twitter:card\" content=\"summary_large_image\" \/>\n<meta name=\"twitter:label1\" content=\"\u00c9crit par\" \/>\n\t<meta name=\"twitter:data1\" content=\"adrian reutimann\" \/>\n\t<meta name=\"twitter:label2\" content=\"Dur\u00e9e de lecture estim\u00e9e\" \/>\n\t<meta name=\"twitter:data2\" content=\"2 minutes\" \/>\n<script type=\"application\/ld+json\" class=\"yoast-schema-graph\">{\"@context\":\"https:\\\/\\\/schema.org\",\"@graph\":[{\"@type\":\"Article\",\"@id\":\"https:\\\/\\\/permakultur-landwirtschaft.org\\\/des-jardins-forets-de-plantes-comestibles-ou-la-diversite-est-reine-en-article-de-6-octobre-2024\\\/#article\",\"isPartOf\":{\"@id\":\"https:\\\/\\\/permakultur-landwirtschaft.org\\\/des-jardins-forets-de-plantes-comestibles-ou-la-diversite-est-reine-en-article-de-6-octobre-2024\\\/\"},\"author\":{\"name\":\"adrian reutimann\",\"@id\":\"https:\\\/\\\/permakultur-landwirtschaft.org\\\/#\\\/schema\\\/person\\\/6b0467872f75aed3e144093f9bf4f0b0\"},\"headline\":\"Des jardins-for\u00eats de plantes comestibles o\u00f9 la diversit\u00e9 est reine &#8211; En article de 6 octobre 2024\",\"datePublished\":\"2024-10-06T12:00:00+00:00\",\"dateModified\":\"2026-03-13T13:06:13+00:00\",\"mainEntityOfPage\":{\"@id\":\"https:\\\/\\\/permakultur-landwirtschaft.org\\\/des-jardins-forets-de-plantes-comestibles-ou-la-diversite-est-reine-en-article-de-6-octobre-2024\\\/\"},\"wordCount\":372,\"publisher\":{\"@id\":\"https:\\\/\\\/permakultur-landwirtschaft.org\\\/#organization\"},\"image\":{\"@id\":\"https:\\\/\\\/permakultur-landwirtschaft.org\\\/des-jardins-forets-de-plantes-comestibles-ou-la-diversite-est-reine-en-article-de-6-octobre-2024\\\/#primaryimage\"},\"thumbnailUrl\":\"https:\\\/\\\/permakultur-landwirtschaft.org\\\/wp-content\\\/uploads\\\/2026\\\/03\\\/2024_Des_jardins-forets_05_S2024091901_030.jpg\",\"keywords\":[\"Agroforesterie\",\"jardins-for\u00eats\",\"Permaculture\",\"Terre&amp;Nature\"],\"articleSection\":[\"Neuigkeit\"],\"inLanguage\":\"fr-FR\"},{\"@type\":\"WebPage\",\"@id\":\"https:\\\/\\\/permakultur-landwirtschaft.org\\\/des-jardins-forets-de-plantes-comestibles-ou-la-diversite-est-reine-en-article-de-6-octobre-2024\\\/\",\"url\":\"https:\\\/\\\/permakultur-landwirtschaft.org\\\/des-jardins-forets-de-plantes-comestibles-ou-la-diversite-est-reine-en-article-de-6-octobre-2024\\\/\",\"name\":\"Des jardins-for\u00eats de plantes comestibles o\u00f9 la diversit\u00e9 est reine - En article de 6 octobre 2024 - Permakultur-Landwirtschaft\",\"isPartOf\":{\"@id\":\"https:\\\/\\\/permakultur-landwirtschaft.org\\\/#website\"},\"primaryImageOfPage\":{\"@id\":\"https:\\\/\\\/permakultur-landwirtschaft.org\\\/des-jardins-forets-de-plantes-comestibles-ou-la-diversite-est-reine-en-article-de-6-octobre-2024\\\/#primaryimage\"},\"image\":{\"@id\":\"https:\\\/\\\/permakultur-landwirtschaft.org\\\/des-jardins-forets-de-plantes-comestibles-ou-la-diversite-est-reine-en-article-de-6-octobre-2024\\\/#primaryimage\"},\"thumbnailUrl\":\"https:\\\/\\\/permakultur-landwirtschaft.org\\\/wp-content\\\/uploads\\\/2026\\\/03\\\/2024_Des_jardins-forets_05_S2024091901_030.jpg\",\"datePublished\":\"2024-10-06T12:00:00+00:00\",\"dateModified\":\"2026-03-13T13:06:13+00:00\",\"description\":\"Ces jeunes boisements denses et vari\u00e9s inspir\u00e9s par la permaculture et l'agroforesterie s\u00e9duisent un nombre croissant d'acteurs.\",\"breadcrumb\":{\"@id\":\"https:\\\/\\\/permakultur-landwirtschaft.org\\\/des-jardins-forets-de-plantes-comestibles-ou-la-diversite-est-reine-en-article-de-6-octobre-2024\\\/#breadcrumb\"},\"inLanguage\":\"fr-FR\",\"potentialAction\":[{\"@type\":\"ReadAction\",\"target\":[\"https:\\\/\\\/permakultur-landwirtschaft.org\\\/des-jardins-forets-de-plantes-comestibles-ou-la-diversite-est-reine-en-article-de-6-octobre-2024\\\/\"]}]},{\"@type\":\"ImageObject\",\"inLanguage\":\"fr-FR\",\"@id\":\"https:\\\/\\\/permakultur-landwirtschaft.org\\\/des-jardins-forets-de-plantes-comestibles-ou-la-diversite-est-reine-en-article-de-6-octobre-2024\\\/#primaryimage\",\"url\":\"https:\\\/\\\/permakultur-landwirtschaft.org\\\/wp-content\\\/uploads\\\/2026\\\/03\\\/2024_Des_jardins-forets_05_S2024091901_030.jpg\",\"contentUrl\":\"https:\\\/\\\/permakultur-landwirtschaft.org\\\/wp-content\\\/uploads\\\/2026\\\/03\\\/2024_Des_jardins-forets_05_S2024091901_030.jpg\",\"width\":700,\"height\":466,\"caption\":\"Image : Sigfredo Haro\"},{\"@type\":\"BreadcrumbList\",\"@id\":\"https:\\\/\\\/permakultur-landwirtschaft.org\\\/des-jardins-forets-de-plantes-comestibles-ou-la-diversite-est-reine-en-article-de-6-octobre-2024\\\/#breadcrumb\",\"itemListElement\":[{\"@type\":\"ListItem\",\"position\":1,\"name\":\"Startseite\",\"item\":\"https:\\\/\\\/permakultur-landwirtschaft.org\\\/\"},{\"@type\":\"ListItem\",\"position\":2,\"name\":\"Des jardins-for\u00eats de plantes comestibles o\u00f9 la diversit\u00e9 est reine &#8211; En article de 6 octobre 2024\"}]},{\"@type\":\"WebSite\",\"@id\":\"https:\\\/\\\/permakultur-landwirtschaft.org\\\/#website\",\"url\":\"https:\\\/\\\/permakultur-landwirtschaft.org\\\/\",\"name\":\"Permakultur-Landwirtschaft\",\"description\":\"F\u00f6rderung der Permakultur in der Landwirtschaft\",\"publisher\":{\"@id\":\"https:\\\/\\\/permakultur-landwirtschaft.org\\\/#organization\"},\"potentialAction\":[{\"@type\":\"SearchAction\",\"target\":{\"@type\":\"EntryPoint\",\"urlTemplate\":\"https:\\\/\\\/permakultur-landwirtschaft.org\\\/?s={search_term_string}\"},\"query-input\":{\"@type\":\"PropertyValueSpecification\",\"valueRequired\":true,\"valueName\":\"search_term_string\"}}],\"inLanguage\":\"fr-FR\"},{\"@type\":\"Organization\",\"@id\":\"https:\\\/\\\/permakultur-landwirtschaft.org\\\/#organization\",\"name\":\"Permakultur-Landwirtschaft\",\"alternateName\":\"Verein Permakultur-Landwirtschaft\",\"url\":\"https:\\\/\\\/permakultur-landwirtschaft.org\\\/\",\"logo\":{\"@type\":\"ImageObject\",\"inLanguage\":\"fr-FR\",\"@id\":\"https:\\\/\\\/permakultur-landwirtschaft.org\\\/#\\\/schema\\\/logo\\\/image\\\/\",\"url\":\"https:\\\/\\\/permakultur-landwirtschaft.org\\\/wp-content\\\/uploads\\\/2021\\\/11\\\/pela_1268x1269.png\",\"contentUrl\":\"https:\\\/\\\/permakultur-landwirtschaft.org\\\/wp-content\\\/uploads\\\/2021\\\/11\\\/pela_1268x1269.png\",\"width\":1298,\"height\":1269,\"caption\":\"Permakultur-Landwirtschaft\"},\"image\":{\"@id\":\"https:\\\/\\\/permakultur-landwirtschaft.org\\\/#\\\/schema\\\/logo\\\/image\\\/\"},\"sameAs\":[\"https:\\\/\\\/www.facebook.com\\\/PermakulturLandwirtschaft\",\"https:\\\/\\\/www.instagram.com\\\/permakultur_landwirtschaft\\\/\",\"https:\\\/\\\/www.flickr.com\\\/photos\\\/permakultur-landwirtschaft\",\"https:\\\/\\\/www.youtube.com\\\/@PermakulturLandwirtschaft\"]},{\"@type\":\"Person\",\"@id\":\"https:\\\/\\\/permakultur-landwirtschaft.org\\\/#\\\/schema\\\/person\\\/6b0467872f75aed3e144093f9bf4f0b0\",\"name\":\"adrian reutimann\",\"url\":\"https:\\\/\\\/permakultur-landwirtschaft.org\\\/fr\\\/author\\\/reutiadr\\\/\"}]}<\/script>\n<!-- \/ Yoast SEO plugin. -->","yoast_head_json":{"title":"Des jardins-for\u00eats de plantes comestibles o\u00f9 la diversit\u00e9 est reine - En article de 6 octobre 2024 - Permakultur-Landwirtschaft","description":"Ces jeunes boisements denses et vari\u00e9s inspir\u00e9s par la permaculture et l'agroforesterie s\u00e9duisent un nombre croissant d'acteurs.","robots":{"index":"index","follow":"follow","max-snippet":"max-snippet:-1","max-image-preview":"max-image-preview:large","max-video-preview":"max-video-preview:-1"},"canonical":"https:\/\/permakultur-landwirtschaft.org\/fr\/des-jardins-forets-de-plantes-comestibles-ou-la-diversite-est-reine-en-article-de-6-octobre-2024\/","og_locale":"fr_FR","og_type":"article","og_title":"Des jardins-for\u00eats de plantes comestibles o\u00f9 la diversit\u00e9 est reine - En article de 6 octobre 2024 - Permakultur-Landwirtschaft","og_description":"Ces jeunes boisements denses et vari\u00e9s inspir\u00e9s par la permaculture et l'agroforesterie s\u00e9duisent un nombre croissant d'acteurs.","og_url":"https:\/\/permakultur-landwirtschaft.org\/fr\/des-jardins-forets-de-plantes-comestibles-ou-la-diversite-est-reine-en-article-de-6-octobre-2024\/","og_site_name":"Permakultur-Landwirtschaft","article_publisher":"https:\/\/www.facebook.com\/PermakulturLandwirtschaft","article_published_time":"2024-10-06T12:00:00+00:00","article_modified_time":"2026-03-13T13:06:13+00:00","og_image":[{"width":700,"height":466,"url":"https:\/\/permakultur-landwirtschaft.org\/wp-content\/uploads\/2026\/03\/2024_Des_jardins-forets_05_S2024091901_030.jpg","type":"image\/jpeg"}],"author":"adrian reutimann","twitter_card":"summary_large_image","twitter_misc":{"\u00c9crit par":"adrian reutimann","Dur\u00e9e de lecture estim\u00e9e":"2 minutes"},"schema":{"@context":"https:\/\/schema.org","@graph":[{"@type":"Article","@id":"https:\/\/permakultur-landwirtschaft.org\/des-jardins-forets-de-plantes-comestibles-ou-la-diversite-est-reine-en-article-de-6-octobre-2024\/#article","isPartOf":{"@id":"https:\/\/permakultur-landwirtschaft.org\/des-jardins-forets-de-plantes-comestibles-ou-la-diversite-est-reine-en-article-de-6-octobre-2024\/"},"author":{"name":"adrian reutimann","@id":"https:\/\/permakultur-landwirtschaft.org\/#\/schema\/person\/6b0467872f75aed3e144093f9bf4f0b0"},"headline":"Des jardins-for\u00eats de plantes comestibles o\u00f9 la diversit\u00e9 est reine &#8211; En article de 6 octobre 2024","datePublished":"2024-10-06T12:00:00+00:00","dateModified":"2026-03-13T13:06:13+00:00","mainEntityOfPage":{"@id":"https:\/\/permakultur-landwirtschaft.org\/des-jardins-forets-de-plantes-comestibles-ou-la-diversite-est-reine-en-article-de-6-octobre-2024\/"},"wordCount":372,"publisher":{"@id":"https:\/\/permakultur-landwirtschaft.org\/#organization"},"image":{"@id":"https:\/\/permakultur-landwirtschaft.org\/des-jardins-forets-de-plantes-comestibles-ou-la-diversite-est-reine-en-article-de-6-octobre-2024\/#primaryimage"},"thumbnailUrl":"https:\/\/permakultur-landwirtschaft.org\/wp-content\/uploads\/2026\/03\/2024_Des_jardins-forets_05_S2024091901_030.jpg","keywords":["Agroforesterie","jardins-for\u00eats","Permaculture","Terre&amp;Nature"],"articleSection":["Neuigkeit"],"inLanguage":"fr-FR"},{"@type":"WebPage","@id":"https:\/\/permakultur-landwirtschaft.org\/des-jardins-forets-de-plantes-comestibles-ou-la-diversite-est-reine-en-article-de-6-octobre-2024\/","url":"https:\/\/permakultur-landwirtschaft.org\/des-jardins-forets-de-plantes-comestibles-ou-la-diversite-est-reine-en-article-de-6-octobre-2024\/","name":"Des jardins-for\u00eats de plantes comestibles o\u00f9 la diversit\u00e9 est reine - En article de 6 octobre 2024 - Permakultur-Landwirtschaft","isPartOf":{"@id":"https:\/\/permakultur-landwirtschaft.org\/#website"},"primaryImageOfPage":{"@id":"https:\/\/permakultur-landwirtschaft.org\/des-jardins-forets-de-plantes-comestibles-ou-la-diversite-est-reine-en-article-de-6-octobre-2024\/#primaryimage"},"image":{"@id":"https:\/\/permakultur-landwirtschaft.org\/des-jardins-forets-de-plantes-comestibles-ou-la-diversite-est-reine-en-article-de-6-octobre-2024\/#primaryimage"},"thumbnailUrl":"https:\/\/permakultur-landwirtschaft.org\/wp-content\/uploads\/2026\/03\/2024_Des_jardins-forets_05_S2024091901_030.jpg","datePublished":"2024-10-06T12:00:00+00:00","dateModified":"2026-03-13T13:06:13+00:00","description":"Ces jeunes boisements denses et vari\u00e9s inspir\u00e9s par la permaculture et l'agroforesterie s\u00e9duisent un nombre croissant d'acteurs.","breadcrumb":{"@id":"https:\/\/permakultur-landwirtschaft.org\/des-jardins-forets-de-plantes-comestibles-ou-la-diversite-est-reine-en-article-de-6-octobre-2024\/#breadcrumb"},"inLanguage":"fr-FR","potentialAction":[{"@type":"ReadAction","target":["https:\/\/permakultur-landwirtschaft.org\/des-jardins-forets-de-plantes-comestibles-ou-la-diversite-est-reine-en-article-de-6-octobre-2024\/"]}]},{"@type":"ImageObject","inLanguage":"fr-FR","@id":"https:\/\/permakultur-landwirtschaft.org\/des-jardins-forets-de-plantes-comestibles-ou-la-diversite-est-reine-en-article-de-6-octobre-2024\/#primaryimage","url":"https:\/\/permakultur-landwirtschaft.org\/wp-content\/uploads\/2026\/03\/2024_Des_jardins-forets_05_S2024091901_030.jpg","contentUrl":"https:\/\/permakultur-landwirtschaft.org\/wp-content\/uploads\/2026\/03\/2024_Des_jardins-forets_05_S2024091901_030.jpg","width":700,"height":466,"caption":"Image : Sigfredo Haro"},{"@type":"BreadcrumbList","@id":"https:\/\/permakultur-landwirtschaft.org\/des-jardins-forets-de-plantes-comestibles-ou-la-diversite-est-reine-en-article-de-6-octobre-2024\/#breadcrumb","itemListElement":[{"@type":"ListItem","position":1,"name":"Startseite","item":"https:\/\/permakultur-landwirtschaft.org\/"},{"@type":"ListItem","position":2,"name":"Des jardins-for\u00eats de plantes comestibles o\u00f9 la diversit\u00e9 est reine &#8211; En article de 6 octobre 2024"}]},{"@type":"WebSite","@id":"https:\/\/permakultur-landwirtschaft.org\/#website","url":"https:\/\/permakultur-landwirtschaft.org\/","name":"Permakultur-Landwirtschaft","description":"F\u00f6rderung der Permakultur in der Landwirtschaft","publisher":{"@id":"https:\/\/permakultur-landwirtschaft.org\/#organization"},"potentialAction":[{"@type":"SearchAction","target":{"@type":"EntryPoint","urlTemplate":"https:\/\/permakultur-landwirtschaft.org\/?s={search_term_string}"},"query-input":{"@type":"PropertyValueSpecification","valueRequired":true,"valueName":"search_term_string"}}],"inLanguage":"fr-FR"},{"@type":"Organization","@id":"https:\/\/permakultur-landwirtschaft.org\/#organization","name":"Permakultur-Landwirtschaft","alternateName":"Verein Permakultur-Landwirtschaft","url":"https:\/\/permakultur-landwirtschaft.org\/","logo":{"@type":"ImageObject","inLanguage":"fr-FR","@id":"https:\/\/permakultur-landwirtschaft.org\/#\/schema\/logo\/image\/","url":"https:\/\/permakultur-landwirtschaft.org\/wp-content\/uploads\/2021\/11\/pela_1268x1269.png","contentUrl":"https:\/\/permakultur-landwirtschaft.org\/wp-content\/uploads\/2021\/11\/pela_1268x1269.png","width":1298,"height":1269,"caption":"Permakultur-Landwirtschaft"},"image":{"@id":"https:\/\/permakultur-landwirtschaft.org\/#\/schema\/logo\/image\/"},"sameAs":["https:\/\/www.facebook.com\/PermakulturLandwirtschaft","https:\/\/www.instagram.com\/permakultur_landwirtschaft\/","https:\/\/www.flickr.com\/photos\/permakultur-landwirtschaft","https:\/\/www.youtube.com\/@PermakulturLandwirtschaft"]},{"@type":"Person","@id":"https:\/\/permakultur-landwirtschaft.org\/#\/schema\/person\/6b0467872f75aed3e144093f9bf4f0b0","name":"adrian reutimann","url":"https:\/\/permakultur-landwirtschaft.org\/fr\/author\/reutiadr\/"}]}},"_links":{"self":[{"href":"https:\/\/permakultur-landwirtschaft.org\/fr\/wp-json\/wp\/v2\/posts\/38352","targetHints":{"allow":["GET"]}}],"collection":[{"href":"https:\/\/permakultur-landwirtschaft.org\/fr\/wp-json\/wp\/v2\/posts"}],"about":[{"href":"https:\/\/permakultur-landwirtschaft.org\/fr\/wp-json\/wp\/v2\/types\/post"}],"author":[{"embeddable":true,"href":"https:\/\/permakultur-landwirtschaft.org\/fr\/wp-json\/wp\/v2\/users\/2"}],"replies":[{"embeddable":true,"href":"https:\/\/permakultur-landwirtschaft.org\/fr\/wp-json\/wp\/v2\/comments?post=38352"}],"version-history":[{"count":1,"href":"https:\/\/permakultur-landwirtschaft.org\/fr\/wp-json\/wp\/v2\/posts\/38352\/revisions"}],"predecessor-version":[{"id":38354,"href":"https:\/\/permakultur-landwirtschaft.org\/fr\/wp-json\/wp\/v2\/posts\/38352\/revisions\/38354"}],"wp:featuredmedia":[{"embeddable":true,"href":"https:\/\/permakultur-landwirtschaft.org\/fr\/wp-json\/wp\/v2\/media\/38353"}],"wp:attachment":[{"href":"https:\/\/permakultur-landwirtschaft.org\/fr\/wp-json\/wp\/v2\/media?parent=38352"}],"wp:term":[{"taxonomy":"category","embeddable":true,"href":"https:\/\/permakultur-landwirtschaft.org\/fr\/wp-json\/wp\/v2\/categories?post=38352"},{"taxonomy":"post_tag","embeddable":true,"href":"https:\/\/permakultur-landwirtschaft.org\/fr\/wp-json\/wp\/v2\/tags?post=38352"}],"curies":[{"name":"wp","href":"https:\/\/api.w.org\/{rel}","templated":true}]}}