{"id":38244,"date":"2025-12-29T11:37:36","date_gmt":"2025-12-29T10:37:36","guid":{"rendered":"https:\/\/permakultur-landwirtschaft.org\/?p=38244"},"modified":"2026-03-10T11:40:31","modified_gmt":"2026-03-10T10:40:31","slug":"neustart-auf-dem-milchhof-beitrag-vom-29-dezember-2025","status":"publish","type":"post","link":"https:\/\/permakultur-landwirtschaft.org\/fr\/neustart-auf-dem-milchhof-beitrag-vom-29-dezember-2025\/","title":{"rendered":"Neustart auf dem Milchhof &#8211; Beitrag vom 29. Dezember 2025"},"content":{"rendered":"<p>Eine Hof\u00fcbergabe und ein ehrgeiziges Projekt: regenerative Landwirtschaft. <\/p>\n\n\n\n<p>Vor 30 Jahren haben Bert und Kherstin Riecken ihren Eichhof, einen Milchbetrieb in Gro\u00dfbarkau vor den Toren Kiels, von Berts Vater \u00fcbernommen und konsequent weiterentwickelt. Doch nun ist es an der Zeit, die Verantwortung an die n\u00e4chste Generation weiterzugeben. Leichter gesagt als getan: Die Rieckens haben drei Kinder. Ihr \u00e4ltester Sohn Felix ist zwar bereit, die Verantwortung zu \u00fcbernehmen, allerdings nur unter bestimmten Bedingungen.<\/p>","protected":false},"excerpt":{"rendered":"<p>Eine Hof\u00fcbergabe und ein ehrgeiziges Projekt: regenerative Landwirtschaft. Vor 30 Jahren haben Bert und Kherstin Riecken ihren Eichhof, einen Milchbetrieb in Gro\u00dfbarkau vor den Toren Kiels, von Berts Vater \u00fcbernommen und konsequent weiterentwickelt. Doch nun ist es an der Zeit, die Verantwortung an die n\u00e4chste Generation weiterzugeben. Leichter gesagt als getan: Die Rieckens haben drei [&hellip;]<\/p>\n","protected":false},"author":2,"featured_media":38191,"comment_status":"closed","ping_status":"closed","sticky":false,"template":"","format":"standard","meta":{"_acf_changed":false,"site-sidebar-layout":"default","site-content-layout":"","ast-site-content-layout":"default","site-content-style":"default","site-sidebar-style":"default","ast-global-header-display":"","ast-banner-title-visibility":"","ast-main-header-display":"","ast-hfb-above-header-display":"","ast-hfb-below-header-display":"","ast-hfb-mobile-header-display":"","site-post-title":"","ast-breadcrumbs-content":"","ast-featured-img":"","footer-sml-layout":"","ast-disable-related-posts":"","theme-transparent-header-meta":"","adv-header-id-meta":"","stick-header-meta":"","header-above-stick-meta":"","header-main-stick-meta":"","header-below-stick-meta":"","astra-migrate-meta-layouts":"set","ast-page-background-enabled":"default","ast-page-background-meta":{"desktop":{"background-color":"var(--ast-global-color-4)","background-image":"","background-repeat":"repeat","background-position":"center center","background-size":"auto","background-attachment":"scroll","background-type":"","background-media":"","overlay-type":"","overlay-color":"","overlay-opacity":"","overlay-gradient":""},"tablet":{"background-color":"","background-image":"","background-repeat":"repeat","background-position":"center center","background-size":"auto","background-attachment":"scroll","background-type":"","background-media":"","overlay-type":"","overlay-color":"","overlay-opacity":"","overlay-gradient":""},"mobile":{"background-color":"","background-image":"","background-repeat":"repeat","background-position":"center center","background-size":"auto","background-attachment":"scroll","background-type":"","background-media":"","overlay-type":"","overlay-color":"","overlay-opacity":"","overlay-gradient":""}},"ast-content-background-meta":{"desktop":{"background-color":"var(--ast-global-color-5)","background-image":"","background-repeat":"repeat","background-position":"center center","background-size":"auto","background-attachment":"scroll","background-type":"","background-media":"","overlay-type":"","overlay-color":"","overlay-opacity":"","overlay-gradient":""},"tablet":{"background-color":"var(--ast-global-color-5)","background-image":"","background-repeat":"repeat","background-position":"center center","background-size":"auto","background-attachment":"scroll","background-type":"","background-media":"","overlay-type":"","overlay-color":"","overlay-opacity":"","overlay-gradient":""},"mobile":{"background-color":"var(--ast-global-color-5)","background-image":"","background-repeat":"repeat","background-position":"center center","background-size":"auto","background-attachment":"scroll","background-type":"","background-media":"","overlay-type":"","overlay-color":"","overlay-opacity":"","overlay-gradient":""}},"footnotes":""},"categories":[45,22],"tags":[31,1152,146,367,545,1151],"class_list":["post-38244","post","type-post","status-publish","format-standard","has-post-thumbnail","hentry","category-filme","category-neuigkeit","tag-agroforst","tag-felix-riecken","tag-hofuebergabe","tag-ndr","tag-regenerative-landwirtschaft","tag-riecken-landmilch"],"acf":[],"yoast_head":"<!-- This site is optimized with the Yoast SEO plugin v27.5 - https:\/\/yoast.com\/product\/yoast-seo-wordpress\/ -->\n<title>Neustart auf dem Milchhof - Beitrag vom 29. Dezember 2025 - Permakultur-Landwirtschaft<\/title>\n<meta name=\"description\" content=\"Eine Hof\u00fcbergabe und ein ehrgeiziges Projekt: regenerative Landwirtschaft. Sohn Felix ist bereit, die Verantwortung zu \u00fcbernehmen.\" \/>\n<meta name=\"robots\" content=\"index, follow, max-snippet:-1, max-image-preview:large, max-video-preview:-1\" \/>\n<link rel=\"canonical\" href=\"https:\/\/permakultur-landwirtschaft.org\/fr\/neustart-auf-dem-milchhof-beitrag-vom-29-dezember-2025\/\" \/>\n<meta property=\"og:locale\" content=\"fr_FR\" \/>\n<meta property=\"og:type\" content=\"article\" \/>\n<meta property=\"og:title\" content=\"Neustart auf dem Milchhof - Beitrag vom 29. Dezember 2025 - Permakultur-Landwirtschaft\" \/>\n<meta property=\"og:description\" content=\"Eine Hof\u00fcbergabe und ein ehrgeiziges Projekt: regenerative Landwirtschaft. Sohn Felix ist bereit, die Verantwortung zu \u00fcbernehmen.\" \/>\n<meta property=\"og:url\" content=\"https:\/\/permakultur-landwirtschaft.org\/fr\/neustart-auf-dem-milchhof-beitrag-vom-29-dezember-2025\/\" \/>\n<meta property=\"og:site_name\" content=\"Permakultur-Landwirtschaft\" \/>\n<meta property=\"article:publisher\" content=\"https:\/\/www.facebook.com\/PermakulturLandwirtschaft\" \/>\n<meta property=\"article:published_time\" content=\"2025-12-29T10:37:36+00:00\" \/>\n<meta property=\"article:modified_time\" content=\"2026-03-10T10:40:31+00:00\" \/>\n<meta property=\"og:image\" content=\"https:\/\/permakultur-landwirtschaft.org\/wp-content\/uploads\/2026\/03\/Felix-Riecken-will-die-Verantwortung-fuer-den-Eichhof-uebernehmen-_-Verwendung-honorarfrei-cNDR-700.jpg\" \/>\n\t<meta property=\"og:image:width\" content=\"700\" \/>\n\t<meta property=\"og:image:height\" content=\"390\" \/>\n\t<meta property=\"og:image:type\" content=\"image\/jpeg\" \/>\n<meta name=\"author\" content=\"adrian reutimann\" \/>\n<meta name=\"twitter:card\" content=\"summary_large_image\" \/>\n<meta name=\"twitter:label1\" content=\"\u00c9crit par\" \/>\n\t<meta name=\"twitter:data1\" content=\"adrian reutimann\" \/>\n\t<meta name=\"twitter:label2\" content=\"Dur\u00e9e de lecture estim\u00e9e\" \/>\n\t<meta name=\"twitter:data2\" content=\"1 minute\" \/>\n<script type=\"application\/ld+json\" class=\"yoast-schema-graph\">{\"@context\":\"https:\\\/\\\/schema.org\",\"@graph\":[{\"@type\":\"Article\",\"@id\":\"https:\\\/\\\/permakultur-landwirtschaft.org\\\/neustart-auf-dem-milchhof-beitrag-vom-29-dezember-2025\\\/#article\",\"isPartOf\":{\"@id\":\"https:\\\/\\\/permakultur-landwirtschaft.org\\\/neustart-auf-dem-milchhof-beitrag-vom-29-dezember-2025\\\/\"},\"author\":{\"name\":\"adrian reutimann\",\"@id\":\"https:\\\/\\\/permakultur-landwirtschaft.org\\\/#\\\/schema\\\/person\\\/6b0467872f75aed3e144093f9bf4f0b0\"},\"headline\":\"Neustart auf dem Milchhof &#8211; Beitrag vom 29. Dezember 2025\",\"datePublished\":\"2025-12-29T10:37:36+00:00\",\"dateModified\":\"2026-03-10T10:40:31+00:00\",\"mainEntityOfPage\":{\"@id\":\"https:\\\/\\\/permakultur-landwirtschaft.org\\\/neustart-auf-dem-milchhof-beitrag-vom-29-dezember-2025\\\/\"},\"wordCount\":82,\"publisher\":{\"@id\":\"https:\\\/\\\/permakultur-landwirtschaft.org\\\/#organization\"},\"image\":{\"@id\":\"https:\\\/\\\/permakultur-landwirtschaft.org\\\/neustart-auf-dem-milchhof-beitrag-vom-29-dezember-2025\\\/#primaryimage\"},\"thumbnailUrl\":\"https:\\\/\\\/permakultur-landwirtschaft.org\\\/wp-content\\\/uploads\\\/2026\\\/03\\\/Felix-Riecken-will-die-Verantwortung-fuer-den-Eichhof-uebernehmen-_-Verwendung-honorarfrei-cNDR-700.jpg\",\"keywords\":[\"Agroforst\",\"Felix Riecken\",\"Hof\u00fcbergabe\",\"NDR\",\"Regenerative Landwirtschaft\",\"Riecken Landmilch\"],\"articleSection\":[\"Film\",\"Neuigkeit\"],\"inLanguage\":\"fr-FR\"},{\"@type\":\"WebPage\",\"@id\":\"https:\\\/\\\/permakultur-landwirtschaft.org\\\/neustart-auf-dem-milchhof-beitrag-vom-29-dezember-2025\\\/\",\"url\":\"https:\\\/\\\/permakultur-landwirtschaft.org\\\/neustart-auf-dem-milchhof-beitrag-vom-29-dezember-2025\\\/\",\"name\":\"Neustart auf dem Milchhof - Beitrag vom 29. Dezember 2025 - Permakultur-Landwirtschaft\",\"isPartOf\":{\"@id\":\"https:\\\/\\\/permakultur-landwirtschaft.org\\\/#website\"},\"primaryImageOfPage\":{\"@id\":\"https:\\\/\\\/permakultur-landwirtschaft.org\\\/neustart-auf-dem-milchhof-beitrag-vom-29-dezember-2025\\\/#primaryimage\"},\"image\":{\"@id\":\"https:\\\/\\\/permakultur-landwirtschaft.org\\\/neustart-auf-dem-milchhof-beitrag-vom-29-dezember-2025\\\/#primaryimage\"},\"thumbnailUrl\":\"https:\\\/\\\/permakultur-landwirtschaft.org\\\/wp-content\\\/uploads\\\/2026\\\/03\\\/Felix-Riecken-will-die-Verantwortung-fuer-den-Eichhof-uebernehmen-_-Verwendung-honorarfrei-cNDR-700.jpg\",\"datePublished\":\"2025-12-29T10:37:36+00:00\",\"dateModified\":\"2026-03-10T10:40:31+00:00\",\"description\":\"Eine Hof\u00fcbergabe und ein ehrgeiziges Projekt: regenerative Landwirtschaft. Sohn Felix ist bereit, die Verantwortung zu \u00fcbernehmen.\",\"breadcrumb\":{\"@id\":\"https:\\\/\\\/permakultur-landwirtschaft.org\\\/neustart-auf-dem-milchhof-beitrag-vom-29-dezember-2025\\\/#breadcrumb\"},\"inLanguage\":\"fr-FR\",\"potentialAction\":[{\"@type\":\"ReadAction\",\"target\":[\"https:\\\/\\\/permakultur-landwirtschaft.org\\\/neustart-auf-dem-milchhof-beitrag-vom-29-dezember-2025\\\/\"]}]},{\"@type\":\"ImageObject\",\"inLanguage\":\"fr-FR\",\"@id\":\"https:\\\/\\\/permakultur-landwirtschaft.org\\\/neustart-auf-dem-milchhof-beitrag-vom-29-dezember-2025\\\/#primaryimage\",\"url\":\"https:\\\/\\\/permakultur-landwirtschaft.org\\\/wp-content\\\/uploads\\\/2026\\\/03\\\/Felix-Riecken-will-die-Verantwortung-fuer-den-Eichhof-uebernehmen-_-Verwendung-honorarfrei-cNDR-700.jpg\",\"contentUrl\":\"https:\\\/\\\/permakultur-landwirtschaft.org\\\/wp-content\\\/uploads\\\/2026\\\/03\\\/Felix-Riecken-will-die-Verantwortung-fuer-den-Eichhof-uebernehmen-_-Verwendung-honorarfrei-cNDR-700.jpg\",\"width\":700,\"height\":390,\"caption\":\"Bild: NDR\"},{\"@type\":\"BreadcrumbList\",\"@id\":\"https:\\\/\\\/permakultur-landwirtschaft.org\\\/neustart-auf-dem-milchhof-beitrag-vom-29-dezember-2025\\\/#breadcrumb\",\"itemListElement\":[{\"@type\":\"ListItem\",\"position\":1,\"name\":\"Startseite\",\"item\":\"https:\\\/\\\/permakultur-landwirtschaft.org\\\/\"},{\"@type\":\"ListItem\",\"position\":2,\"name\":\"Neustart auf dem Milchhof &#8211; Beitrag vom 29. Dezember 2025\"}]},{\"@type\":\"WebSite\",\"@id\":\"https:\\\/\\\/permakultur-landwirtschaft.org\\\/#website\",\"url\":\"https:\\\/\\\/permakultur-landwirtschaft.org\\\/\",\"name\":\"Permakultur-Landwirtschaft\",\"description\":\"F\u00f6rderung der Permakultur in der Landwirtschaft\",\"publisher\":{\"@id\":\"https:\\\/\\\/permakultur-landwirtschaft.org\\\/#organization\"},\"potentialAction\":[{\"@type\":\"SearchAction\",\"target\":{\"@type\":\"EntryPoint\",\"urlTemplate\":\"https:\\\/\\\/permakultur-landwirtschaft.org\\\/?s={search_term_string}\"},\"query-input\":{\"@type\":\"PropertyValueSpecification\",\"valueRequired\":true,\"valueName\":\"search_term_string\"}}],\"inLanguage\":\"fr-FR\"},{\"@type\":\"Organization\",\"@id\":\"https:\\\/\\\/permakultur-landwirtschaft.org\\\/#organization\",\"name\":\"Permakultur-Landwirtschaft\",\"alternateName\":\"Verein Permakultur-Landwirtschaft\",\"url\":\"https:\\\/\\\/permakultur-landwirtschaft.org\\\/\",\"logo\":{\"@type\":\"ImageObject\",\"inLanguage\":\"fr-FR\",\"@id\":\"https:\\\/\\\/permakultur-landwirtschaft.org\\\/#\\\/schema\\\/logo\\\/image\\\/\",\"url\":\"https:\\\/\\\/permakultur-landwirtschaft.org\\\/wp-content\\\/uploads\\\/2021\\\/11\\\/pela_1268x1269.png\",\"contentUrl\":\"https:\\\/\\\/permakultur-landwirtschaft.org\\\/wp-content\\\/uploads\\\/2021\\\/11\\\/pela_1268x1269.png\",\"width\":1298,\"height\":1269,\"caption\":\"Permakultur-Landwirtschaft\"},\"image\":{\"@id\":\"https:\\\/\\\/permakultur-landwirtschaft.org\\\/#\\\/schema\\\/logo\\\/image\\\/\"},\"sameAs\":[\"https:\\\/\\\/www.facebook.com\\\/PermakulturLandwirtschaft\",\"https:\\\/\\\/www.instagram.com\\\/permakultur_landwirtschaft\\\/\",\"https:\\\/\\\/www.flickr.com\\\/photos\\\/permakultur-landwirtschaft\",\"https:\\\/\\\/www.youtube.com\\\/@PermakulturLandwirtschaft\"]},{\"@type\":\"Person\",\"@id\":\"https:\\\/\\\/permakultur-landwirtschaft.org\\\/#\\\/schema\\\/person\\\/6b0467872f75aed3e144093f9bf4f0b0\",\"name\":\"adrian reutimann\",\"url\":\"https:\\\/\\\/permakultur-landwirtschaft.org\\\/fr\\\/author\\\/reutiadr\\\/\"}]}<\/script>\n<!-- \/ Yoast SEO plugin. -->","yoast_head_json":{"title":"Neustart auf dem Milchhof - Beitrag vom 29. Dezember 2025 - Permakultur-Landwirtschaft","description":"Eine Hof\u00fcbergabe und ein ehrgeiziges Projekt: regenerative Landwirtschaft. Sohn Felix ist bereit, die Verantwortung zu \u00fcbernehmen.","robots":{"index":"index","follow":"follow","max-snippet":"max-snippet:-1","max-image-preview":"max-image-preview:large","max-video-preview":"max-video-preview:-1"},"canonical":"https:\/\/permakultur-landwirtschaft.org\/fr\/neustart-auf-dem-milchhof-beitrag-vom-29-dezember-2025\/","og_locale":"fr_FR","og_type":"article","og_title":"Neustart auf dem Milchhof - Beitrag vom 29. Dezember 2025 - Permakultur-Landwirtschaft","og_description":"Eine Hof\u00fcbergabe und ein ehrgeiziges Projekt: regenerative Landwirtschaft. Sohn Felix ist bereit, die Verantwortung zu \u00fcbernehmen.","og_url":"https:\/\/permakultur-landwirtschaft.org\/fr\/neustart-auf-dem-milchhof-beitrag-vom-29-dezember-2025\/","og_site_name":"Permakultur-Landwirtschaft","article_publisher":"https:\/\/www.facebook.com\/PermakulturLandwirtschaft","article_published_time":"2025-12-29T10:37:36+00:00","article_modified_time":"2026-03-10T10:40:31+00:00","og_image":[{"width":700,"height":390,"url":"https:\/\/permakultur-landwirtschaft.org\/wp-content\/uploads\/2026\/03\/Felix-Riecken-will-die-Verantwortung-fuer-den-Eichhof-uebernehmen-_-Verwendung-honorarfrei-cNDR-700.jpg","type":"image\/jpeg"}],"author":"adrian reutimann","twitter_card":"summary_large_image","twitter_misc":{"\u00c9crit par":"adrian reutimann","Dur\u00e9e de lecture estim\u00e9e":"1 minute"},"schema":{"@context":"https:\/\/schema.org","@graph":[{"@type":"Article","@id":"https:\/\/permakultur-landwirtschaft.org\/neustart-auf-dem-milchhof-beitrag-vom-29-dezember-2025\/#article","isPartOf":{"@id":"https:\/\/permakultur-landwirtschaft.org\/neustart-auf-dem-milchhof-beitrag-vom-29-dezember-2025\/"},"author":{"name":"adrian reutimann","@id":"https:\/\/permakultur-landwirtschaft.org\/#\/schema\/person\/6b0467872f75aed3e144093f9bf4f0b0"},"headline":"Neustart auf dem Milchhof &#8211; Beitrag vom 29. Dezember 2025","datePublished":"2025-12-29T10:37:36+00:00","dateModified":"2026-03-10T10:40:31+00:00","mainEntityOfPage":{"@id":"https:\/\/permakultur-landwirtschaft.org\/neustart-auf-dem-milchhof-beitrag-vom-29-dezember-2025\/"},"wordCount":82,"publisher":{"@id":"https:\/\/permakultur-landwirtschaft.org\/#organization"},"image":{"@id":"https:\/\/permakultur-landwirtschaft.org\/neustart-auf-dem-milchhof-beitrag-vom-29-dezember-2025\/#primaryimage"},"thumbnailUrl":"https:\/\/permakultur-landwirtschaft.org\/wp-content\/uploads\/2026\/03\/Felix-Riecken-will-die-Verantwortung-fuer-den-Eichhof-uebernehmen-_-Verwendung-honorarfrei-cNDR-700.jpg","keywords":["Agroforst","Felix Riecken","Hof\u00fcbergabe","NDR","Regenerative Landwirtschaft","Riecken Landmilch"],"articleSection":["Film","Neuigkeit"],"inLanguage":"fr-FR"},{"@type":"WebPage","@id":"https:\/\/permakultur-landwirtschaft.org\/neustart-auf-dem-milchhof-beitrag-vom-29-dezember-2025\/","url":"https:\/\/permakultur-landwirtschaft.org\/neustart-auf-dem-milchhof-beitrag-vom-29-dezember-2025\/","name":"Neustart auf dem Milchhof - Beitrag vom 29. Dezember 2025 - Permakultur-Landwirtschaft","isPartOf":{"@id":"https:\/\/permakultur-landwirtschaft.org\/#website"},"primaryImageOfPage":{"@id":"https:\/\/permakultur-landwirtschaft.org\/neustart-auf-dem-milchhof-beitrag-vom-29-dezember-2025\/#primaryimage"},"image":{"@id":"https:\/\/permakultur-landwirtschaft.org\/neustart-auf-dem-milchhof-beitrag-vom-29-dezember-2025\/#primaryimage"},"thumbnailUrl":"https:\/\/permakultur-landwirtschaft.org\/wp-content\/uploads\/2026\/03\/Felix-Riecken-will-die-Verantwortung-fuer-den-Eichhof-uebernehmen-_-Verwendung-honorarfrei-cNDR-700.jpg","datePublished":"2025-12-29T10:37:36+00:00","dateModified":"2026-03-10T10:40:31+00:00","description":"Eine Hof\u00fcbergabe und ein ehrgeiziges Projekt: regenerative Landwirtschaft. Sohn Felix ist bereit, die Verantwortung zu \u00fcbernehmen.","breadcrumb":{"@id":"https:\/\/permakultur-landwirtschaft.org\/neustart-auf-dem-milchhof-beitrag-vom-29-dezember-2025\/#breadcrumb"},"inLanguage":"fr-FR","potentialAction":[{"@type":"ReadAction","target":["https:\/\/permakultur-landwirtschaft.org\/neustart-auf-dem-milchhof-beitrag-vom-29-dezember-2025\/"]}]},{"@type":"ImageObject","inLanguage":"fr-FR","@id":"https:\/\/permakultur-landwirtschaft.org\/neustart-auf-dem-milchhof-beitrag-vom-29-dezember-2025\/#primaryimage","url":"https:\/\/permakultur-landwirtschaft.org\/wp-content\/uploads\/2026\/03\/Felix-Riecken-will-die-Verantwortung-fuer-den-Eichhof-uebernehmen-_-Verwendung-honorarfrei-cNDR-700.jpg","contentUrl":"https:\/\/permakultur-landwirtschaft.org\/wp-content\/uploads\/2026\/03\/Felix-Riecken-will-die-Verantwortung-fuer-den-Eichhof-uebernehmen-_-Verwendung-honorarfrei-cNDR-700.jpg","width":700,"height":390,"caption":"Bild: NDR"},{"@type":"BreadcrumbList","@id":"https:\/\/permakultur-landwirtschaft.org\/neustart-auf-dem-milchhof-beitrag-vom-29-dezember-2025\/#breadcrumb","itemListElement":[{"@type":"ListItem","position":1,"name":"Startseite","item":"https:\/\/permakultur-landwirtschaft.org\/"},{"@type":"ListItem","position":2,"name":"Neustart auf dem Milchhof &#8211; Beitrag vom 29. Dezember 2025"}]},{"@type":"WebSite","@id":"https:\/\/permakultur-landwirtschaft.org\/#website","url":"https:\/\/permakultur-landwirtschaft.org\/","name":"Permakultur-Landwirtschaft","description":"F\u00f6rderung der Permakultur in der Landwirtschaft","publisher":{"@id":"https:\/\/permakultur-landwirtschaft.org\/#organization"},"potentialAction":[{"@type":"SearchAction","target":{"@type":"EntryPoint","urlTemplate":"https:\/\/permakultur-landwirtschaft.org\/?s={search_term_string}"},"query-input":{"@type":"PropertyValueSpecification","valueRequired":true,"valueName":"search_term_string"}}],"inLanguage":"fr-FR"},{"@type":"Organization","@id":"https:\/\/permakultur-landwirtschaft.org\/#organization","name":"Permakultur-Landwirtschaft","alternateName":"Verein Permakultur-Landwirtschaft","url":"https:\/\/permakultur-landwirtschaft.org\/","logo":{"@type":"ImageObject","inLanguage":"fr-FR","@id":"https:\/\/permakultur-landwirtschaft.org\/#\/schema\/logo\/image\/","url":"https:\/\/permakultur-landwirtschaft.org\/wp-content\/uploads\/2021\/11\/pela_1268x1269.png","contentUrl":"https:\/\/permakultur-landwirtschaft.org\/wp-content\/uploads\/2021\/11\/pela_1268x1269.png","width":1298,"height":1269,"caption":"Permakultur-Landwirtschaft"},"image":{"@id":"https:\/\/permakultur-landwirtschaft.org\/#\/schema\/logo\/image\/"},"sameAs":["https:\/\/www.facebook.com\/PermakulturLandwirtschaft","https:\/\/www.instagram.com\/permakultur_landwirtschaft\/","https:\/\/www.flickr.com\/photos\/permakultur-landwirtschaft","https:\/\/www.youtube.com\/@PermakulturLandwirtschaft"]},{"@type":"Person","@id":"https:\/\/permakultur-landwirtschaft.org\/#\/schema\/person\/6b0467872f75aed3e144093f9bf4f0b0","name":"adrian reutimann","url":"https:\/\/permakultur-landwirtschaft.org\/fr\/author\/reutiadr\/"}]}},"_links":{"self":[{"href":"https:\/\/permakultur-landwirtschaft.org\/fr\/wp-json\/wp\/v2\/posts\/38244","targetHints":{"allow":["GET"]}}],"collection":[{"href":"https:\/\/permakultur-landwirtschaft.org\/fr\/wp-json\/wp\/v2\/posts"}],"about":[{"href":"https:\/\/permakultur-landwirtschaft.org\/fr\/wp-json\/wp\/v2\/types\/post"}],"author":[{"embeddable":true,"href":"https:\/\/permakultur-landwirtschaft.org\/fr\/wp-json\/wp\/v2\/users\/2"}],"replies":[{"embeddable":true,"href":"https:\/\/permakultur-landwirtschaft.org\/fr\/wp-json\/wp\/v2\/comments?post=38244"}],"version-history":[{"count":1,"href":"https:\/\/permakultur-landwirtschaft.org\/fr\/wp-json\/wp\/v2\/posts\/38244\/revisions"}],"predecessor-version":[{"id":38245,"href":"https:\/\/permakultur-landwirtschaft.org\/fr\/wp-json\/wp\/v2\/posts\/38244\/revisions\/38245"}],"wp:featuredmedia":[{"embeddable":true,"href":"https:\/\/permakultur-landwirtschaft.org\/fr\/wp-json\/wp\/v2\/media\/38191"}],"wp:attachment":[{"href":"https:\/\/permakultur-landwirtschaft.org\/fr\/wp-json\/wp\/v2\/media?parent=38244"}],"wp:term":[{"taxonomy":"category","embeddable":true,"href":"https:\/\/permakultur-landwirtschaft.org\/fr\/wp-json\/wp\/v2\/categories?post=38244"},{"taxonomy":"post_tag","embeddable":true,"href":"https:\/\/permakultur-landwirtschaft.org\/fr\/wp-json\/wp\/v2\/tags?post=38244"}],"curies":[{"name":"wp","href":"https:\/\/api.w.org\/{rel}","templated":true}]}}