{"id":38059,"date":"2026-03-04T06:19:04","date_gmt":"2026-03-04T05:19:04","guid":{"rendered":"https:\/\/permakultur-landwirtschaft.org\/?p=38059"},"modified":"2026-03-10T11:31:23","modified_gmt":"2026-03-10T10:31:23","slug":"ein-feld-voller-antworten-beitrag-vom-04-maerz-2026","status":"publish","type":"post","link":"https:\/\/permakultur-landwirtschaft.org\/fr\/ein-feld-voller-antworten-beitrag-vom-04-maerz-2026\/","title":{"rendered":"Ein Feld voller Antworten &#8211; Beitrag vom 04. M\u00e4rz 2026"},"content":{"rendered":"<p>Hitze und Wind setzen unseren \u00c4ckern zu. Alte Baum\u00adreihen und neue Experimente zeigen: Manchmal reicht eine einfache Idee, um die Land\u00adwirtschaft zukunfts\u00adf\u00e4hig zu machen.<\/p>\n\n\n\n<p>Olef Kochs R\u00fccken schmerzt. Seit anderthalb Stunden dr\u00fcckt und hebt er einen rund 30&nbsp;Kilogramm schweren Bohrer, um L\u00f6cher in die harte Erde zu bohren. Und das an einem Dezember\u00admorgen, bei einem Grad und Nieselregen, auf einem Feld in Stuttgart. Sein T-Shirt klebt an seinem R\u00fccken. In die L\u00f6cher werden Koch und sein Team B\u00e4ume pflanzen: Esskastanien, Haseln\u00fcsse und \u00c4pfel. Jeder Baum soll das Mikroklima f\u00fcr das angebaute Getreide etwas milder machen.<\/p>\n\n\n\n<p>Wenn Koch nicht gerade B\u00e4ume pflanzt, forscht er an der Universit\u00e4t Hohenheim zur Agroforst\u00adwirtschaft. Eine alte Methode, bei der Landwirte B\u00e4ume und Str\u00e4ucher auf \u00c4ckern und Wiesen pflanzten oder ihre Tiere im Wald weiden liessen. Doch mit der Intensivierung der Landwirtschaft wurden ab den 1950er-Jahren auch die Maschinen immer gr\u00f6sser. Die B\u00e4ume st\u00f6rten und wurden immer mehr von den Feldern verbannt.<\/p>\n\n\n\n<p>Heute gibt es deshalb kaum noch Agroforst, dabei h\u00e4tte er viele Vorteile&nbsp;\u2013 gerade in einer Welt, die immer w\u00e4rmer und trockener wird. Mit B\u00e4umen auf den Feldern k\u00f6nnten Ertr\u00e4ge trotz Klimawandel stabil bleiben. Die Felder w\u00fcrden weniger Wasser verlieren. Die B\u00e4ume b\u00f6ten Insekten und anderen Tieren Lebensr\u00e4ume. Und trotzdem setzen nur wenige Land\u00adwirtinnen darauf. Zu teuer, zu aufwendig, zu kompliziert&nbsp;\u2013 sagen sie.<\/p>\n\n\n\n<p>Doch langsam l\u00e4uft die Zeit davon. Denn die industrielle Landwirtschaft zerst\u00f6rt ihre eigene Lebens\u00adgrundlage und damit die der Menschheit: den Boden. Neun Prozent der landwirtschaftlichen Fl\u00e4chen in Europa sind bereits <a href=\"https:\/\/klimareporter.de\/erdsystem\/stellt-baeume-auf-den-acker\" target=\"_blank\" rel=\"noreferrer noopener\">in einem katastrophalen Zustand<\/a>. Die B\u00f6den verlieren N\u00e4hrstoffe, sind \u00fcberd\u00fcngt, die Erde wird von Wind und Wasser abgetragen.<\/p>\n\n\n\n<p>Die gute Nachricht: B\u00e4ume und Str\u00e4ucher k\u00f6nnen den Wind abschirmen. Ihre Wurzeln stabilisieren das Erdreich und verhindern Schlammfluten. Sie sorgen daf\u00fcr, dass der Boden l\u00e4nger Wasser speichert. Zudem binden B\u00e4ume und Str\u00e4ucher CO<sub>2<\/sub> ober- und unterirdisch und k\u00f6nnten so <a href=\"https:\/\/www.sciencedirect.com\/science\/article\/pii\/S0264837718310470?via%3Dihub\" target=\"_blank\" rel=\"noreferrer noopener\">bis zu 43&nbsp;Prozent<\/a> der landwirt\u00adschaftlichen Treibhausgas\u00ademissionen in Europa ausgleichen.<\/p>\n\n\n\n<p>&#8230;<\/p>\n\n\n\n<p>Die im <a href=\"https:\/\/link.springer.com\/article\/10.1007\/s13593-025-01022-5\" target=\"_blank\" rel=\"noreferrer noopener\">Mai&nbsp;2025 publizierten Ergebnisse<\/a> von Koch zeigen: Baumreihen stabilisieren die Ertr\u00e4ge \u00fcber lange Zeitr\u00e4ume&nbsp;\u2013 selbst bei Trockenheit. Dabei dienen sie als Schutzschild gegen den Wind. Die Ertr\u00e4ge fielen 12 bis 18&nbsp;Meter entfernt von den Reihen am h\u00f6chsten aus. Getreide, Raps und Co. profitieren am meisten davon, dass die B\u00e4ume die Luft k\u00fchlen und den Boden feucht halten. In der Mitte des Feldes ist diese Wirkung wieder geringer. Und direkt an den Reihen ebenfalls: Hier konkurrieren B\u00e4ume und Hecken mit den Feldfr\u00fcchten um Licht und N\u00e4hrstoffe. Wie man B\u00e4ume und Str\u00e4ucher richtig mit \u00c4ckern kombiniert, sei also bekannt.<\/p>\n\n\n\n<p>&#8230;<\/p>","protected":false},"excerpt":{"rendered":"<p>Hitze und Wind setzen unseren \u00c4ckern zu. Alte Baum\u00adreihen und neue Experimente zeigen: Manchmal reicht eine einfache Idee, um die Land\u00adwirtschaft zukunfts\u00adf\u00e4hig zu machen. Olef Kochs R\u00fccken schmerzt. Seit anderthalb Stunden dr\u00fcckt und hebt er einen rund 30&nbsp;Kilogramm schweren Bohrer, um L\u00f6cher in die harte Erde zu bohren. Und das an einem Dezember\u00admorgen, bei einem [&hellip;]<\/p>\n","protected":false},"author":2,"featured_media":38083,"comment_status":"closed","ping_status":"closed","sticky":false,"template":"","format":"standard","meta":{"_acf_changed":false,"site-sidebar-layout":"default","site-content-layout":"","ast-site-content-layout":"default","site-content-style":"default","site-sidebar-style":"default","ast-global-header-display":"","ast-banner-title-visibility":"","ast-main-header-display":"","ast-hfb-above-header-display":"","ast-hfb-below-header-display":"","ast-hfb-mobile-header-display":"","site-post-title":"","ast-breadcrumbs-content":"","ast-featured-img":"","footer-sml-layout":"","ast-disable-related-posts":"","theme-transparent-header-meta":"","adv-header-id-meta":"","stick-header-meta":"","header-above-stick-meta":"","header-main-stick-meta":"","header-below-stick-meta":"","astra-migrate-meta-layouts":"set","ast-page-background-enabled":"default","ast-page-background-meta":{"desktop":{"background-color":"var(--ast-global-color-4)","background-image":"","background-repeat":"repeat","background-position":"center center","background-size":"auto","background-attachment":"scroll","background-type":"","background-media":"","overlay-type":"","overlay-color":"","overlay-opacity":"","overlay-gradient":""},"tablet":{"background-color":"","background-image":"","background-repeat":"repeat","background-position":"center center","background-size":"auto","background-attachment":"scroll","background-type":"","background-media":"","overlay-type":"","overlay-color":"","overlay-opacity":"","overlay-gradient":""},"mobile":{"background-color":"","background-image":"","background-repeat":"repeat","background-position":"center center","background-size":"auto","background-attachment":"scroll","background-type":"","background-media":"","overlay-type":"","overlay-color":"","overlay-opacity":"","overlay-gradient":""}},"ast-content-background-meta":{"desktop":{"background-color":"var(--ast-global-color-5)","background-image":"","background-repeat":"repeat","background-position":"center center","background-size":"auto","background-attachment":"scroll","background-type":"","background-media":"","overlay-type":"","overlay-color":"","overlay-opacity":"","overlay-gradient":""},"tablet":{"background-color":"var(--ast-global-color-5)","background-image":"","background-repeat":"repeat","background-position":"center center","background-size":"auto","background-attachment":"scroll","background-type":"","background-media":"","overlay-type":"","overlay-color":"","overlay-opacity":"","overlay-gradient":""},"mobile":{"background-color":"var(--ast-global-color-5)","background-image":"","background-repeat":"repeat","background-position":"center center","background-size":"auto","background-attachment":"scroll","background-type":"","background-media":"","overlay-type":"","overlay-color":"","overlay-opacity":"","overlay-gradient":""}},"footnotes":""},"categories":[22],"tags":[31,28,70,157,1146,1147,1150],"class_list":["post-38059","post","type-post","status-publish","format-standard","has-post-thumbnail","hentry","category-neuigkeit","tag-agroforst","tag-boden","tag-forschung","tag-klima","tag-olef-koch","tag-universitaet-hohenheim","tag-wind"],"acf":[],"yoast_head":"<!-- This site is optimized with the Yoast SEO plugin v27.5 - https:\/\/yoast.com\/product\/yoast-seo-wordpress\/ -->\n<title>Ein Feld voller Antworten - Beitrag vom 04. M\u00e4rz 2026 - Permakultur-Landwirtschaft<\/title>\n<meta name=\"description\" content=\"Hitze und Wind setzen unseren \u00c4ckern zu. Alte Baum\u00adreihen zeigen: eine einfache Idee reicht, um die Land\u00adwirtschaft zukunfts\u00adf\u00e4hig zu machen.\" \/>\n<meta name=\"robots\" content=\"index, follow, max-snippet:-1, max-image-preview:large, max-video-preview:-1\" \/>\n<link rel=\"canonical\" href=\"https:\/\/permakultur-landwirtschaft.org\/fr\/ein-feld-voller-antworten-beitrag-vom-04-maerz-2026\/\" \/>\n<meta property=\"og:locale\" content=\"fr_FR\" \/>\n<meta property=\"og:type\" content=\"article\" \/>\n<meta property=\"og:title\" content=\"Ein Feld voller Antworten - Beitrag vom 04. M\u00e4rz 2026 - Permakultur-Landwirtschaft\" \/>\n<meta property=\"og:description\" content=\"Hitze und Wind setzen unseren \u00c4ckern zu. Alte Baum\u00adreihen zeigen: eine einfache Idee reicht, um die Land\u00adwirtschaft zukunfts\u00adf\u00e4hig zu machen.\" \/>\n<meta property=\"og:url\" content=\"https:\/\/permakultur-landwirtschaft.org\/fr\/ein-feld-voller-antworten-beitrag-vom-04-maerz-2026\/\" \/>\n<meta property=\"og:site_name\" content=\"Permakultur-Landwirtschaft\" \/>\n<meta property=\"article:publisher\" content=\"https:\/\/www.facebook.com\/PermakulturLandwirtschaft\" \/>\n<meta property=\"article:published_time\" content=\"2026-03-04T05:19:04+00:00\" \/>\n<meta property=\"article:modified_time\" content=\"2026-03-10T10:31:23+00:00\" \/>\n<meta property=\"og:image\" content=\"https:\/\/permakultur-landwirtschaft.org\/wp-content\/uploads\/2026\/03\/agroforst_olef_koch_hohenheim_40b7c911-ee1f-4110-8e71-46d73e4376f0.jpg\" \/>\n\t<meta property=\"og:image:width\" content=\"700\" \/>\n\t<meta property=\"og:image:height\" content=\"472\" \/>\n\t<meta property=\"og:image:type\" content=\"image\/jpeg\" \/>\n<meta name=\"author\" content=\"adrian reutimann\" \/>\n<meta name=\"twitter:card\" content=\"summary_large_image\" \/>\n<meta name=\"twitter:label1\" content=\"\u00c9crit par\" \/>\n\t<meta name=\"twitter:data1\" content=\"adrian reutimann\" \/>\n\t<meta name=\"twitter:label2\" content=\"Dur\u00e9e de lecture estim\u00e9e\" \/>\n\t<meta name=\"twitter:data2\" content=\"3 minutes\" \/>\n<script type=\"application\/ld+json\" class=\"yoast-schema-graph\">{\"@context\":\"https:\\\/\\\/schema.org\",\"@graph\":[{\"@type\":\"Article\",\"@id\":\"https:\\\/\\\/permakultur-landwirtschaft.org\\\/ein-feld-voller-antworten-beitrag-vom-04-maerz-2026\\\/#article\",\"isPartOf\":{\"@id\":\"https:\\\/\\\/permakultur-landwirtschaft.org\\\/ein-feld-voller-antworten-beitrag-vom-04-maerz-2026\\\/\"},\"author\":{\"name\":\"adrian reutimann\",\"@id\":\"https:\\\/\\\/permakultur-landwirtschaft.org\\\/#\\\/schema\\\/person\\\/6b0467872f75aed3e144093f9bf4f0b0\"},\"headline\":\"Ein Feld voller Antworten &#8211; Beitrag vom 04. M\u00e4rz 2026\",\"datePublished\":\"2026-03-04T05:19:04+00:00\",\"dateModified\":\"2026-03-10T10:31:23+00:00\",\"mainEntityOfPage\":{\"@id\":\"https:\\\/\\\/permakultur-landwirtschaft.org\\\/ein-feld-voller-antworten-beitrag-vom-04-maerz-2026\\\/\"},\"wordCount\":486,\"publisher\":{\"@id\":\"https:\\\/\\\/permakultur-landwirtschaft.org\\\/#organization\"},\"image\":{\"@id\":\"https:\\\/\\\/permakultur-landwirtschaft.org\\\/ein-feld-voller-antworten-beitrag-vom-04-maerz-2026\\\/#primaryimage\"},\"thumbnailUrl\":\"https:\\\/\\\/permakultur-landwirtschaft.org\\\/wp-content\\\/uploads\\\/2026\\\/03\\\/agroforst_olef_koch_hohenheim_40b7c911-ee1f-4110-8e71-46d73e4376f0.jpg\",\"keywords\":[\"Agroforst\",\"boden\",\"Forschung\",\"Klima\",\"Olef Koch\",\"Universit\u00e4t Hohenheim\",\"Wind\"],\"articleSection\":[\"Neuigkeit\"],\"inLanguage\":\"fr-FR\"},{\"@type\":\"WebPage\",\"@id\":\"https:\\\/\\\/permakultur-landwirtschaft.org\\\/ein-feld-voller-antworten-beitrag-vom-04-maerz-2026\\\/\",\"url\":\"https:\\\/\\\/permakultur-landwirtschaft.org\\\/ein-feld-voller-antworten-beitrag-vom-04-maerz-2026\\\/\",\"name\":\"Ein Feld voller Antworten - Beitrag vom 04. M\u00e4rz 2026 - Permakultur-Landwirtschaft\",\"isPartOf\":{\"@id\":\"https:\\\/\\\/permakultur-landwirtschaft.org\\\/#website\"},\"primaryImageOfPage\":{\"@id\":\"https:\\\/\\\/permakultur-landwirtschaft.org\\\/ein-feld-voller-antworten-beitrag-vom-04-maerz-2026\\\/#primaryimage\"},\"image\":{\"@id\":\"https:\\\/\\\/permakultur-landwirtschaft.org\\\/ein-feld-voller-antworten-beitrag-vom-04-maerz-2026\\\/#primaryimage\"},\"thumbnailUrl\":\"https:\\\/\\\/permakultur-landwirtschaft.org\\\/wp-content\\\/uploads\\\/2026\\\/03\\\/agroforst_olef_koch_hohenheim_40b7c911-ee1f-4110-8e71-46d73e4376f0.jpg\",\"datePublished\":\"2026-03-04T05:19:04+00:00\",\"dateModified\":\"2026-03-10T10:31:23+00:00\",\"description\":\"Hitze und Wind setzen unseren \u00c4ckern zu. Alte Baum\u00adreihen zeigen: eine einfache Idee reicht, um die Land\u00adwirtschaft zukunfts\u00adf\u00e4hig zu machen.\",\"breadcrumb\":{\"@id\":\"https:\\\/\\\/permakultur-landwirtschaft.org\\\/ein-feld-voller-antworten-beitrag-vom-04-maerz-2026\\\/#breadcrumb\"},\"inLanguage\":\"fr-FR\",\"potentialAction\":[{\"@type\":\"ReadAction\",\"target\":[\"https:\\\/\\\/permakultur-landwirtschaft.org\\\/ein-feld-voller-antworten-beitrag-vom-04-maerz-2026\\\/\"]}]},{\"@type\":\"ImageObject\",\"inLanguage\":\"fr-FR\",\"@id\":\"https:\\\/\\\/permakultur-landwirtschaft.org\\\/ein-feld-voller-antworten-beitrag-vom-04-maerz-2026\\\/#primaryimage\",\"url\":\"https:\\\/\\\/permakultur-landwirtschaft.org\\\/wp-content\\\/uploads\\\/2026\\\/03\\\/agroforst_olef_koch_hohenheim_40b7c911-ee1f-4110-8e71-46d73e4376f0.jpg\",\"contentUrl\":\"https:\\\/\\\/permakultur-landwirtschaft.org\\\/wp-content\\\/uploads\\\/2026\\\/03\\\/agroforst_olef_koch_hohenheim_40b7c911-ee1f-4110-8e71-46d73e4376f0.jpg\",\"width\":700,\"height\":472,\"caption\":\"Bild: Pascal Alius\"},{\"@type\":\"BreadcrumbList\",\"@id\":\"https:\\\/\\\/permakultur-landwirtschaft.org\\\/ein-feld-voller-antworten-beitrag-vom-04-maerz-2026\\\/#breadcrumb\",\"itemListElement\":[{\"@type\":\"ListItem\",\"position\":1,\"name\":\"Startseite\",\"item\":\"https:\\\/\\\/permakultur-landwirtschaft.org\\\/\"},{\"@type\":\"ListItem\",\"position\":2,\"name\":\"Ein Feld voller Antworten &#8211; Beitrag vom 04. M\u00e4rz 2026\"}]},{\"@type\":\"WebSite\",\"@id\":\"https:\\\/\\\/permakultur-landwirtschaft.org\\\/#website\",\"url\":\"https:\\\/\\\/permakultur-landwirtschaft.org\\\/\",\"name\":\"Permakultur-Landwirtschaft\",\"description\":\"F\u00f6rderung der Permakultur in der Landwirtschaft\",\"publisher\":{\"@id\":\"https:\\\/\\\/permakultur-landwirtschaft.org\\\/#organization\"},\"potentialAction\":[{\"@type\":\"SearchAction\",\"target\":{\"@type\":\"EntryPoint\",\"urlTemplate\":\"https:\\\/\\\/permakultur-landwirtschaft.org\\\/?s={search_term_string}\"},\"query-input\":{\"@type\":\"PropertyValueSpecification\",\"valueRequired\":true,\"valueName\":\"search_term_string\"}}],\"inLanguage\":\"fr-FR\"},{\"@type\":\"Organization\",\"@id\":\"https:\\\/\\\/permakultur-landwirtschaft.org\\\/#organization\",\"name\":\"Permakultur-Landwirtschaft\",\"alternateName\":\"Verein Permakultur-Landwirtschaft\",\"url\":\"https:\\\/\\\/permakultur-landwirtschaft.org\\\/\",\"logo\":{\"@type\":\"ImageObject\",\"inLanguage\":\"fr-FR\",\"@id\":\"https:\\\/\\\/permakultur-landwirtschaft.org\\\/#\\\/schema\\\/logo\\\/image\\\/\",\"url\":\"https:\\\/\\\/permakultur-landwirtschaft.org\\\/wp-content\\\/uploads\\\/2021\\\/11\\\/pela_1268x1269.png\",\"contentUrl\":\"https:\\\/\\\/permakultur-landwirtschaft.org\\\/wp-content\\\/uploads\\\/2021\\\/11\\\/pela_1268x1269.png\",\"width\":1298,\"height\":1269,\"caption\":\"Permakultur-Landwirtschaft\"},\"image\":{\"@id\":\"https:\\\/\\\/permakultur-landwirtschaft.org\\\/#\\\/schema\\\/logo\\\/image\\\/\"},\"sameAs\":[\"https:\\\/\\\/www.facebook.com\\\/PermakulturLandwirtschaft\",\"https:\\\/\\\/www.instagram.com\\\/permakultur_landwirtschaft\\\/\",\"https:\\\/\\\/www.flickr.com\\\/photos\\\/permakultur-landwirtschaft\",\"https:\\\/\\\/www.youtube.com\\\/@PermakulturLandwirtschaft\"]},{\"@type\":\"Person\",\"@id\":\"https:\\\/\\\/permakultur-landwirtschaft.org\\\/#\\\/schema\\\/person\\\/6b0467872f75aed3e144093f9bf4f0b0\",\"name\":\"adrian reutimann\",\"url\":\"https:\\\/\\\/permakultur-landwirtschaft.org\\\/fr\\\/author\\\/reutiadr\\\/\"}]}<\/script>\n<!-- \/ Yoast SEO plugin. -->","yoast_head_json":{"title":"Ein Feld voller Antworten - Beitrag vom 04. M\u00e4rz 2026 - Permakultur-Landwirtschaft","description":"Hitze und Wind setzen unseren \u00c4ckern zu. Alte Baum\u00adreihen zeigen: eine einfache Idee reicht, um die Land\u00adwirtschaft zukunfts\u00adf\u00e4hig zu machen.","robots":{"index":"index","follow":"follow","max-snippet":"max-snippet:-1","max-image-preview":"max-image-preview:large","max-video-preview":"max-video-preview:-1"},"canonical":"https:\/\/permakultur-landwirtschaft.org\/fr\/ein-feld-voller-antworten-beitrag-vom-04-maerz-2026\/","og_locale":"fr_FR","og_type":"article","og_title":"Ein Feld voller Antworten - Beitrag vom 04. M\u00e4rz 2026 - Permakultur-Landwirtschaft","og_description":"Hitze und Wind setzen unseren \u00c4ckern zu. Alte Baum\u00adreihen zeigen: eine einfache Idee reicht, um die Land\u00adwirtschaft zukunfts\u00adf\u00e4hig zu machen.","og_url":"https:\/\/permakultur-landwirtschaft.org\/fr\/ein-feld-voller-antworten-beitrag-vom-04-maerz-2026\/","og_site_name":"Permakultur-Landwirtschaft","article_publisher":"https:\/\/www.facebook.com\/PermakulturLandwirtschaft","article_published_time":"2026-03-04T05:19:04+00:00","article_modified_time":"2026-03-10T10:31:23+00:00","og_image":[{"width":700,"height":472,"url":"https:\/\/permakultur-landwirtschaft.org\/wp-content\/uploads\/2026\/03\/agroforst_olef_koch_hohenheim_40b7c911-ee1f-4110-8e71-46d73e4376f0.jpg","type":"image\/jpeg"}],"author":"adrian reutimann","twitter_card":"summary_large_image","twitter_misc":{"\u00c9crit par":"adrian reutimann","Dur\u00e9e de lecture estim\u00e9e":"3 minutes"},"schema":{"@context":"https:\/\/schema.org","@graph":[{"@type":"Article","@id":"https:\/\/permakultur-landwirtschaft.org\/ein-feld-voller-antworten-beitrag-vom-04-maerz-2026\/#article","isPartOf":{"@id":"https:\/\/permakultur-landwirtschaft.org\/ein-feld-voller-antworten-beitrag-vom-04-maerz-2026\/"},"author":{"name":"adrian reutimann","@id":"https:\/\/permakultur-landwirtschaft.org\/#\/schema\/person\/6b0467872f75aed3e144093f9bf4f0b0"},"headline":"Ein Feld voller Antworten &#8211; Beitrag vom 04. M\u00e4rz 2026","datePublished":"2026-03-04T05:19:04+00:00","dateModified":"2026-03-10T10:31:23+00:00","mainEntityOfPage":{"@id":"https:\/\/permakultur-landwirtschaft.org\/ein-feld-voller-antworten-beitrag-vom-04-maerz-2026\/"},"wordCount":486,"publisher":{"@id":"https:\/\/permakultur-landwirtschaft.org\/#organization"},"image":{"@id":"https:\/\/permakultur-landwirtschaft.org\/ein-feld-voller-antworten-beitrag-vom-04-maerz-2026\/#primaryimage"},"thumbnailUrl":"https:\/\/permakultur-landwirtschaft.org\/wp-content\/uploads\/2026\/03\/agroforst_olef_koch_hohenheim_40b7c911-ee1f-4110-8e71-46d73e4376f0.jpg","keywords":["Agroforst","boden","Forschung","Klima","Olef Koch","Universit\u00e4t Hohenheim","Wind"],"articleSection":["Neuigkeit"],"inLanguage":"fr-FR"},{"@type":"WebPage","@id":"https:\/\/permakultur-landwirtschaft.org\/ein-feld-voller-antworten-beitrag-vom-04-maerz-2026\/","url":"https:\/\/permakultur-landwirtschaft.org\/ein-feld-voller-antworten-beitrag-vom-04-maerz-2026\/","name":"Ein Feld voller Antworten - Beitrag vom 04. M\u00e4rz 2026 - Permakultur-Landwirtschaft","isPartOf":{"@id":"https:\/\/permakultur-landwirtschaft.org\/#website"},"primaryImageOfPage":{"@id":"https:\/\/permakultur-landwirtschaft.org\/ein-feld-voller-antworten-beitrag-vom-04-maerz-2026\/#primaryimage"},"image":{"@id":"https:\/\/permakultur-landwirtschaft.org\/ein-feld-voller-antworten-beitrag-vom-04-maerz-2026\/#primaryimage"},"thumbnailUrl":"https:\/\/permakultur-landwirtschaft.org\/wp-content\/uploads\/2026\/03\/agroforst_olef_koch_hohenheim_40b7c911-ee1f-4110-8e71-46d73e4376f0.jpg","datePublished":"2026-03-04T05:19:04+00:00","dateModified":"2026-03-10T10:31:23+00:00","description":"Hitze und Wind setzen unseren \u00c4ckern zu. Alte Baum\u00adreihen zeigen: eine einfache Idee reicht, um die Land\u00adwirtschaft zukunfts\u00adf\u00e4hig zu machen.","breadcrumb":{"@id":"https:\/\/permakultur-landwirtschaft.org\/ein-feld-voller-antworten-beitrag-vom-04-maerz-2026\/#breadcrumb"},"inLanguage":"fr-FR","potentialAction":[{"@type":"ReadAction","target":["https:\/\/permakultur-landwirtschaft.org\/ein-feld-voller-antworten-beitrag-vom-04-maerz-2026\/"]}]},{"@type":"ImageObject","inLanguage":"fr-FR","@id":"https:\/\/permakultur-landwirtschaft.org\/ein-feld-voller-antworten-beitrag-vom-04-maerz-2026\/#primaryimage","url":"https:\/\/permakultur-landwirtschaft.org\/wp-content\/uploads\/2026\/03\/agroforst_olef_koch_hohenheim_40b7c911-ee1f-4110-8e71-46d73e4376f0.jpg","contentUrl":"https:\/\/permakultur-landwirtschaft.org\/wp-content\/uploads\/2026\/03\/agroforst_olef_koch_hohenheim_40b7c911-ee1f-4110-8e71-46d73e4376f0.jpg","width":700,"height":472,"caption":"Bild: Pascal Alius"},{"@type":"BreadcrumbList","@id":"https:\/\/permakultur-landwirtschaft.org\/ein-feld-voller-antworten-beitrag-vom-04-maerz-2026\/#breadcrumb","itemListElement":[{"@type":"ListItem","position":1,"name":"Startseite","item":"https:\/\/permakultur-landwirtschaft.org\/"},{"@type":"ListItem","position":2,"name":"Ein Feld voller Antworten &#8211; Beitrag vom 04. M\u00e4rz 2026"}]},{"@type":"WebSite","@id":"https:\/\/permakultur-landwirtschaft.org\/#website","url":"https:\/\/permakultur-landwirtschaft.org\/","name":"Permakultur-Landwirtschaft","description":"F\u00f6rderung der Permakultur in der Landwirtschaft","publisher":{"@id":"https:\/\/permakultur-landwirtschaft.org\/#organization"},"potentialAction":[{"@type":"SearchAction","target":{"@type":"EntryPoint","urlTemplate":"https:\/\/permakultur-landwirtschaft.org\/?s={search_term_string}"},"query-input":{"@type":"PropertyValueSpecification","valueRequired":true,"valueName":"search_term_string"}}],"inLanguage":"fr-FR"},{"@type":"Organization","@id":"https:\/\/permakultur-landwirtschaft.org\/#organization","name":"Permakultur-Landwirtschaft","alternateName":"Verein Permakultur-Landwirtschaft","url":"https:\/\/permakultur-landwirtschaft.org\/","logo":{"@type":"ImageObject","inLanguage":"fr-FR","@id":"https:\/\/permakultur-landwirtschaft.org\/#\/schema\/logo\/image\/","url":"https:\/\/permakultur-landwirtschaft.org\/wp-content\/uploads\/2021\/11\/pela_1268x1269.png","contentUrl":"https:\/\/permakultur-landwirtschaft.org\/wp-content\/uploads\/2021\/11\/pela_1268x1269.png","width":1298,"height":1269,"caption":"Permakultur-Landwirtschaft"},"image":{"@id":"https:\/\/permakultur-landwirtschaft.org\/#\/schema\/logo\/image\/"},"sameAs":["https:\/\/www.facebook.com\/PermakulturLandwirtschaft","https:\/\/www.instagram.com\/permakultur_landwirtschaft\/","https:\/\/www.flickr.com\/photos\/permakultur-landwirtschaft","https:\/\/www.youtube.com\/@PermakulturLandwirtschaft"]},{"@type":"Person","@id":"https:\/\/permakultur-landwirtschaft.org\/#\/schema\/person\/6b0467872f75aed3e144093f9bf4f0b0","name":"adrian reutimann","url":"https:\/\/permakultur-landwirtschaft.org\/fr\/author\/reutiadr\/"}]}},"_links":{"self":[{"href":"https:\/\/permakultur-landwirtschaft.org\/fr\/wp-json\/wp\/v2\/posts\/38059","targetHints":{"allow":["GET"]}}],"collection":[{"href":"https:\/\/permakultur-landwirtschaft.org\/fr\/wp-json\/wp\/v2\/posts"}],"about":[{"href":"https:\/\/permakultur-landwirtschaft.org\/fr\/wp-json\/wp\/v2\/types\/post"}],"author":[{"embeddable":true,"href":"https:\/\/permakultur-landwirtschaft.org\/fr\/wp-json\/wp\/v2\/users\/2"}],"replies":[{"embeddable":true,"href":"https:\/\/permakultur-landwirtschaft.org\/fr\/wp-json\/wp\/v2\/comments?post=38059"}],"version-history":[{"count":2,"href":"https:\/\/permakultur-landwirtschaft.org\/fr\/wp-json\/wp\/v2\/posts\/38059\/revisions"}],"predecessor-version":[{"id":38241,"href":"https:\/\/permakultur-landwirtschaft.org\/fr\/wp-json\/wp\/v2\/posts\/38059\/revisions\/38241"}],"wp:featuredmedia":[{"embeddable":true,"href":"https:\/\/permakultur-landwirtschaft.org\/fr\/wp-json\/wp\/v2\/media\/38083"}],"wp:attachment":[{"href":"https:\/\/permakultur-landwirtschaft.org\/fr\/wp-json\/wp\/v2\/media?parent=38059"}],"wp:term":[{"taxonomy":"category","embeddable":true,"href":"https:\/\/permakultur-landwirtschaft.org\/fr\/wp-json\/wp\/v2\/categories?post=38059"},{"taxonomy":"post_tag","embeddable":true,"href":"https:\/\/permakultur-landwirtschaft.org\/fr\/wp-json\/wp\/v2\/tags?post=38059"}],"curies":[{"name":"wp","href":"https:\/\/api.w.org\/{rel}","templated":true}]}}