{"id":38044,"date":"2026-02-28T16:41:26","date_gmt":"2026-02-28T15:41:26","guid":{"rendered":"https:\/\/permakultur-landwirtschaft.org\/?p=38044"},"modified":"2026-02-28T16:41:27","modified_gmt":"2026-02-28T15:41:27","slug":"agroforst-forschung-webinar-am-05-maerz-2026","status":"publish","type":"post","link":"https:\/\/permakultur-landwirtschaft.org\/fr\/agroforst-forschung-webinar-am-05-maerz-2026\/","title":{"rendered":"Agroforst Forschung &#8211; Webinar am 05. M\u00e4rz 2026"},"content":{"rendered":"<p>Text von www.bioaktuell.ch:<\/p>\n\n\n\n<p>Dieses Webinar besch\u00e4ftigt sich mit Erfahrungen in der angewandten Agroforst-Forschung in Deutschland und der Schweiz.<\/p>\n\n\n\n<p>Dr. Philipp Weckenbrock ist Geograph und an der Professur f\u00fcr \u00d6kologischen Landbau der Justus-Liebig-Universit\u00e4t Gie\u00dfen t\u00e4tig.<\/p>\n\n\n\n<p>Ein zentrales Forschungsprojekt auf dem Lehr- und Versuchsbetrieb Gladbacherhof der Universit\u00e4t Gie\u00dfen sind Aufbau, Bewirtschaftung und Weiterentwicklung verschiedener Agroforst-Versuchsanlagen. Seit 2020 wurden auf insgesamt 15 Hektar drei Agroforstsysteme angelegt. In diesen Systemen werden unter anderem \u00f6kologische Leistungen, Bodenqualit\u00e4t, Ertr\u00e4ge, Artenvielfalt und Klimaschutzwirkungen untersucht. Ein weiterer Schwerpunkt ist die Praxisforschung, bei der komplexe und einfache Agroforst-Designs und Bewirtschaftungstechniken erprobt und verglichen werden.<\/p>\n\n\n\n<p>Philipp Weckenbrock wird diese Anlagen vorstellen und \u00fcber die Erfahrungen der letzten 6 Jahre sprechen.<\/p>\n\n\n\n<p>Johanna Schoop, &nbsp;ist Umweltingenieurin und arbeitet bei AGRIDEA zu den Themen Agroforst und Biodiversit\u00e4tsf\u00f6rderung im Ackerbau &nbsp;am Standort Lausanne und leitet das Ressourcen-Projekt Agro4esterie (2020-2025, Monitoring bis 2027).<\/p>\n\n\n\n<p>Dieses Projekt hat zum Ziel, die moderne Agroforstwirtschaft zu f\u00f6rdern und deren Einf\u00fchrung durch einen partizipativen Ansatz und wissenschaftliche Untersuchungen auf rund 140 Betrieben in der Westschweiz zu begleiten. Konkret bietet das Projekt durch verschiedene agroforstliche Ma\u00dfnahmen individuelle Beratung und finanzielle Unterst\u00fctzung f\u00fcr die Anlage oder Optimierung eines Agroforstsystems an. Das System soll widerstandsf\u00e4hig, an lokale Bedingungen angepasst, wirtschaftlich attraktiv und auf spezifische Umweltziele ausgerichtet sein.<\/p>\n\n\n\n<p>Johanna wird das Projekt vorstellen (Ausgangslage, Ziele, Massnahmen, Erfahrungen und Resultate, Betriebsbeispiele und Lessons learned) und uns den agrarpolitischen Rahmen f\u00fcr Agroforst in der Schweiz kurz skizzieren.<\/p>\n\n\n\n<p>Die Webinarreihe vom FiBL in Kooperation mit der IG Agroforst ist f\u00fcr alle Interessierten offen. Anlass f\u00fcr diese Webinarreihe ist ein Projekt zur F\u00f6rderung von Agroforst, das von der Leopold Bachmann Stiftung finanziert wird.<\/p>\n\n\n\n<p>In diesem Rahmen wird \u00fcber 4 Jahre eine Agroforstparzelle am FiBL in Frick angelegt, die ein Ort zum Lernen, Austauschen und Forschen sein soll.<\/p>\n\n\n\n<p>Es geht es um verschiedene Themen rund um die ganze Vielfalt der Agroforstsysteme. Alle Webinar-Termine werden rechtzeitig in der Agenda von Bioaktuell.ch angek\u00fcndigt.<\/p>\n\n\n\n<h2 class=\"wp-block-heading\">Date<\/h2>\n\n\n\n<p>05. M\u00e4rz 2026, 18:30 bis 20:00 <\/p>\n\n\n\n<h2 class=\"wp-block-heading\">Lieu<\/h2>\n\n\n\n<p>Online <\/p>\n\n\n\n<h2 class=\"wp-block-heading\">Referentinnen<\/h2>\n\n\n\n<p>Johanna Schoop (Agridea)<br><a href=\"https:\/\/www.agridea.ch\/de\/agridea\/unser-team\/johanna-schoop\/\" target=\"_blank\" rel=\"noreferrer noopener\">https:\/\/www.agridea.ch\/de\/agridea\/unser-team\/johanna-schoop\/<\/a><br>Phillip Weckenbrock (Universit\u00e4t Giessen)<br><a href=\"https:\/\/www.uni-giessen.de\/de\/fbz\/fb09\/institute\/pflbz2\/oekolandbau\/Team\/philippweckenbrock\" target=\"_blank\" rel=\"noreferrer noopener\">https:\/\/www.uni-giessen.de\/de\/fbz\/fb09\/institute\/pflbz2\/oekolandbau\/Team\/philippweckenbrock<\/a>\u00a0<\/p>\n\n\n\n<p><a href=\"https:\/\/www.bioaktuell.ch\/aktuell\/agenda\/termin\/webinarreihe-fibl-ig-agroforst-agroforst-forschung\" target=\"_blank\" rel=\"noreferrer noopener\">Link zu mehr Infos und Anmeldung<\/a><\/p>","protected":false},"excerpt":{"rendered":"<p>Text von www.bioaktuell.ch: Dieses Webinar besch\u00e4ftigt sich mit Erfahrungen in der angewandten Agroforst-Forschung in Deutschland und der Schweiz. Dr. Philipp Weckenbrock ist Geograph und an der Professur f\u00fcr \u00d6kologischen Landbau der Justus-Liebig-Universit\u00e4t Gie\u00dfen t\u00e4tig. Ein zentrales Forschungsprojekt auf dem Lehr- und Versuchsbetrieb Gladbacherhof der Universit\u00e4t Gie\u00dfen sind Aufbau, Bewirtschaftung und Weiterentwicklung verschiedener Agroforst-Versuchsanlagen. Seit 2020 [&hellip;]<\/p>\n","protected":false},"author":2,"featured_media":35271,"comment_status":"closed","ping_status":"closed","sticky":false,"template":"","format":"standard","meta":{"_acf_changed":false,"site-sidebar-layout":"default","site-content-layout":"","ast-site-content-layout":"default","site-content-style":"default","site-sidebar-style":"default","ast-global-header-display":"","ast-banner-title-visibility":"","ast-main-header-display":"","ast-hfb-above-header-display":"","ast-hfb-below-header-display":"","ast-hfb-mobile-header-display":"","site-post-title":"","ast-breadcrumbs-content":"","ast-featured-img":"","footer-sml-layout":"","ast-disable-related-posts":"","theme-transparent-header-meta":"","adv-header-id-meta":"","stick-header-meta":"","header-above-stick-meta":"","header-main-stick-meta":"","header-below-stick-meta":"","astra-migrate-meta-layouts":"set","ast-page-background-enabled":"default","ast-page-background-meta":{"desktop":{"background-color":"var(--ast-global-color-4)","background-image":"","background-repeat":"repeat","background-position":"center center","background-size":"auto","background-attachment":"scroll","background-type":"","background-media":"","overlay-type":"","overlay-color":"","overlay-opacity":"","overlay-gradient":""},"tablet":{"background-color":"","background-image":"","background-repeat":"repeat","background-position":"center center","background-size":"auto","background-attachment":"scroll","background-type":"","background-media":"","overlay-type":"","overlay-color":"","overlay-opacity":"","overlay-gradient":""},"mobile":{"background-color":"","background-image":"","background-repeat":"repeat","background-position":"center center","background-size":"auto","background-attachment":"scroll","background-type":"","background-media":"","overlay-type":"","overlay-color":"","overlay-opacity":"","overlay-gradient":""}},"ast-content-background-meta":{"desktop":{"background-color":"var(--ast-global-color-5)","background-image":"","background-repeat":"repeat","background-position":"center center","background-size":"auto","background-attachment":"scroll","background-type":"","background-media":"","overlay-type":"","overlay-color":"","overlay-opacity":"","overlay-gradient":""},"tablet":{"background-color":"var(--ast-global-color-5)","background-image":"","background-repeat":"repeat","background-position":"center center","background-size":"auto","background-attachment":"scroll","background-type":"","background-media":"","overlay-type":"","overlay-color":"","overlay-opacity":"","overlay-gradient":""},"mobile":{"background-color":"var(--ast-global-color-5)","background-image":"","background-repeat":"repeat","background-position":"center center","background-size":"auto","background-attachment":"scroll","background-type":"","background-media":"","overlay-type":"","overlay-color":"","overlay-opacity":"","overlay-gradient":""}},"footnotes":""},"categories":[14],"tags":[292,31,142,70,974,1145,82],"class_list":["post-38044","post","type-post","status-publish","format-standard","has-post-thumbnail","hentry","category-veranstaltung","tag-agridea","tag-agroforst","tag-fibl","tag-forschung","tag-johanna-schoop","tag-uni-giessen","tag-webinar"],"acf":[],"yoast_head":"<!-- This site is optimized with the Yoast SEO plugin v27.5 - https:\/\/yoast.com\/product\/yoast-seo-wordpress\/ -->\n<title>Agroforst Forschung - Webinar am 05. M\u00e4rz 2026 - Permakultur-Landwirtschaft<\/title>\n<meta name=\"description\" content=\"Dieses Webinar besch\u00e4ftigt sich mit Erfahrungen in der angewandten Agroforst-Forschung in Deutschland und der Schweiz.\" \/>\n<meta name=\"robots\" content=\"index, follow, max-snippet:-1, max-image-preview:large, max-video-preview:-1\" \/>\n<link rel=\"canonical\" href=\"https:\/\/permakultur-landwirtschaft.org\/fr\/agroforst-forschung-webinar-am-05-maerz-2026\/\" \/>\n<meta property=\"og:locale\" content=\"fr_FR\" \/>\n<meta property=\"og:type\" content=\"article\" \/>\n<meta property=\"og:title\" content=\"Agroforst Forschung - Webinar am 05. M\u00e4rz 2026 - Permakultur-Landwirtschaft\" \/>\n<meta property=\"og:description\" content=\"Dieses Webinar besch\u00e4ftigt sich mit Erfahrungen in der angewandten Agroforst-Forschung in Deutschland und der Schweiz.\" \/>\n<meta property=\"og:url\" content=\"https:\/\/permakultur-landwirtschaft.org\/fr\/agroforst-forschung-webinar-am-05-maerz-2026\/\" \/>\n<meta property=\"og:site_name\" content=\"Permakultur-Landwirtschaft\" \/>\n<meta property=\"article:publisher\" content=\"https:\/\/www.facebook.com\/PermakulturLandwirtschaft\" \/>\n<meta property=\"article:published_time\" content=\"2026-02-28T15:41:26+00:00\" \/>\n<meta property=\"article:modified_time\" content=\"2026-02-28T15:41:27+00:00\" \/>\n<meta property=\"og:image\" content=\"https:\/\/permakultur-landwirtschaft.org\/wp-content\/uploads\/2024\/10\/csm_FrancoisLannuzel_SimonaMoosmann_FiBL_1200_3809dd22f1.jpg\" \/>\n\t<meta property=\"og:image:width\" content=\"500\" \/>\n\t<meta property=\"og:image:height\" content=\"334\" \/>\n\t<meta property=\"og:image:type\" content=\"image\/jpeg\" \/>\n<meta name=\"author\" content=\"adrian reutimann\" \/>\n<meta name=\"twitter:card\" content=\"summary_large_image\" \/>\n<meta name=\"twitter:label1\" content=\"\u00c9crit par\" \/>\n\t<meta name=\"twitter:data1\" content=\"adrian reutimann\" \/>\n\t<meta name=\"twitter:label2\" content=\"Dur\u00e9e de lecture estim\u00e9e\" \/>\n\t<meta name=\"twitter:data2\" content=\"3 minutes\" \/>\n<script type=\"application\/ld+json\" class=\"yoast-schema-graph\">{\"@context\":\"https:\\\/\\\/schema.org\",\"@graph\":[{\"@type\":\"Article\",\"@id\":\"https:\\\/\\\/permakultur-landwirtschaft.org\\\/agroforst-forschung-webinar-am-05-maerz-2026\\\/#article\",\"isPartOf\":{\"@id\":\"https:\\\/\\\/permakultur-landwirtschaft.org\\\/agroforst-forschung-webinar-am-05-maerz-2026\\\/\"},\"author\":{\"name\":\"adrian reutimann\",\"@id\":\"https:\\\/\\\/permakultur-landwirtschaft.org\\\/#\\\/schema\\\/person\\\/6b0467872f75aed3e144093f9bf4f0b0\"},\"headline\":\"Agroforst Forschung &#8211; Webinar am 05. M\u00e4rz 2026\",\"datePublished\":\"2026-02-28T15:41:26+00:00\",\"dateModified\":\"2026-02-28T15:41:27+00:00\",\"mainEntityOfPage\":{\"@id\":\"https:\\\/\\\/permakultur-landwirtschaft.org\\\/agroforst-forschung-webinar-am-05-maerz-2026\\\/\"},\"wordCount\":382,\"publisher\":{\"@id\":\"https:\\\/\\\/permakultur-landwirtschaft.org\\\/#organization\"},\"image\":{\"@id\":\"https:\\\/\\\/permakultur-landwirtschaft.org\\\/agroforst-forschung-webinar-am-05-maerz-2026\\\/#primaryimage\"},\"thumbnailUrl\":\"https:\\\/\\\/permakultur-landwirtschaft.org\\\/wp-content\\\/uploads\\\/2024\\\/10\\\/csm_FrancoisLannuzel_SimonaMoosmann_FiBL_1200_3809dd22f1.jpg\",\"keywords\":[\"Agridea\",\"Agroforst\",\"FiBL\",\"Forschung\",\"Johanna Schoop\",\"Uni Giessen\",\"Webinar\"],\"articleSection\":[\"Veranstaltung\"],\"inLanguage\":\"fr-FR\"},{\"@type\":\"WebPage\",\"@id\":\"https:\\\/\\\/permakultur-landwirtschaft.org\\\/agroforst-forschung-webinar-am-05-maerz-2026\\\/\",\"url\":\"https:\\\/\\\/permakultur-landwirtschaft.org\\\/agroforst-forschung-webinar-am-05-maerz-2026\\\/\",\"name\":\"Agroforst Forschung - Webinar am 05. M\u00e4rz 2026 - Permakultur-Landwirtschaft\",\"isPartOf\":{\"@id\":\"https:\\\/\\\/permakultur-landwirtschaft.org\\\/#website\"},\"primaryImageOfPage\":{\"@id\":\"https:\\\/\\\/permakultur-landwirtschaft.org\\\/agroforst-forschung-webinar-am-05-maerz-2026\\\/#primaryimage\"},\"image\":{\"@id\":\"https:\\\/\\\/permakultur-landwirtschaft.org\\\/agroforst-forschung-webinar-am-05-maerz-2026\\\/#primaryimage\"},\"thumbnailUrl\":\"https:\\\/\\\/permakultur-landwirtschaft.org\\\/wp-content\\\/uploads\\\/2024\\\/10\\\/csm_FrancoisLannuzel_SimonaMoosmann_FiBL_1200_3809dd22f1.jpg\",\"datePublished\":\"2026-02-28T15:41:26+00:00\",\"dateModified\":\"2026-02-28T15:41:27+00:00\",\"description\":\"Dieses Webinar besch\u00e4ftigt sich mit Erfahrungen in der angewandten Agroforst-Forschung in Deutschland und der Schweiz.\",\"breadcrumb\":{\"@id\":\"https:\\\/\\\/permakultur-landwirtschaft.org\\\/agroforst-forschung-webinar-am-05-maerz-2026\\\/#breadcrumb\"},\"inLanguage\":\"fr-FR\",\"potentialAction\":[{\"@type\":\"ReadAction\",\"target\":[\"https:\\\/\\\/permakultur-landwirtschaft.org\\\/agroforst-forschung-webinar-am-05-maerz-2026\\\/\"]}]},{\"@type\":\"ImageObject\",\"inLanguage\":\"fr-FR\",\"@id\":\"https:\\\/\\\/permakultur-landwirtschaft.org\\\/agroforst-forschung-webinar-am-05-maerz-2026\\\/#primaryimage\",\"url\":\"https:\\\/\\\/permakultur-landwirtschaft.org\\\/wp-content\\\/uploads\\\/2024\\\/10\\\/csm_FrancoisLannuzel_SimonaMoosmann_FiBL_1200_3809dd22f1.jpg\",\"contentUrl\":\"https:\\\/\\\/permakultur-landwirtschaft.org\\\/wp-content\\\/uploads\\\/2024\\\/10\\\/csm_FrancoisLannuzel_SimonaMoosmann_FiBL_1200_3809dd22f1.jpg\",\"width\":500,\"height\":334,\"caption\":\"Bild: FiBL, Simona Moosmann\"},{\"@type\":\"BreadcrumbList\",\"@id\":\"https:\\\/\\\/permakultur-landwirtschaft.org\\\/agroforst-forschung-webinar-am-05-maerz-2026\\\/#breadcrumb\",\"itemListElement\":[{\"@type\":\"ListItem\",\"position\":1,\"name\":\"Startseite\",\"item\":\"https:\\\/\\\/permakultur-landwirtschaft.org\\\/\"},{\"@type\":\"ListItem\",\"position\":2,\"name\":\"Agroforst Forschung &#8211; Webinar am 05. M\u00e4rz 2026\"}]},{\"@type\":\"WebSite\",\"@id\":\"https:\\\/\\\/permakultur-landwirtschaft.org\\\/#website\",\"url\":\"https:\\\/\\\/permakultur-landwirtschaft.org\\\/\",\"name\":\"Permakultur-Landwirtschaft\",\"description\":\"F\u00f6rderung der Permakultur in der Landwirtschaft\",\"publisher\":{\"@id\":\"https:\\\/\\\/permakultur-landwirtschaft.org\\\/#organization\"},\"potentialAction\":[{\"@type\":\"SearchAction\",\"target\":{\"@type\":\"EntryPoint\",\"urlTemplate\":\"https:\\\/\\\/permakultur-landwirtschaft.org\\\/?s={search_term_string}\"},\"query-input\":{\"@type\":\"PropertyValueSpecification\",\"valueRequired\":true,\"valueName\":\"search_term_string\"}}],\"inLanguage\":\"fr-FR\"},{\"@type\":\"Organization\",\"@id\":\"https:\\\/\\\/permakultur-landwirtschaft.org\\\/#organization\",\"name\":\"Permakultur-Landwirtschaft\",\"alternateName\":\"Verein Permakultur-Landwirtschaft\",\"url\":\"https:\\\/\\\/permakultur-landwirtschaft.org\\\/\",\"logo\":{\"@type\":\"ImageObject\",\"inLanguage\":\"fr-FR\",\"@id\":\"https:\\\/\\\/permakultur-landwirtschaft.org\\\/#\\\/schema\\\/logo\\\/image\\\/\",\"url\":\"https:\\\/\\\/permakultur-landwirtschaft.org\\\/wp-content\\\/uploads\\\/2021\\\/11\\\/pela_1268x1269.png\",\"contentUrl\":\"https:\\\/\\\/permakultur-landwirtschaft.org\\\/wp-content\\\/uploads\\\/2021\\\/11\\\/pela_1268x1269.png\",\"width\":1298,\"height\":1269,\"caption\":\"Permakultur-Landwirtschaft\"},\"image\":{\"@id\":\"https:\\\/\\\/permakultur-landwirtschaft.org\\\/#\\\/schema\\\/logo\\\/image\\\/\"},\"sameAs\":[\"https:\\\/\\\/www.facebook.com\\\/PermakulturLandwirtschaft\",\"https:\\\/\\\/www.instagram.com\\\/permakultur_landwirtschaft\\\/\",\"https:\\\/\\\/www.flickr.com\\\/photos\\\/permakultur-landwirtschaft\",\"https:\\\/\\\/www.youtube.com\\\/@PermakulturLandwirtschaft\"]},{\"@type\":\"Person\",\"@id\":\"https:\\\/\\\/permakultur-landwirtschaft.org\\\/#\\\/schema\\\/person\\\/6b0467872f75aed3e144093f9bf4f0b0\",\"name\":\"adrian reutimann\",\"url\":\"https:\\\/\\\/permakultur-landwirtschaft.org\\\/fr\\\/author\\\/reutiadr\\\/\"}]}<\/script>\n<!-- \/ Yoast SEO plugin. -->","yoast_head_json":{"title":"Agroforst Forschung - Webinar am 05. M\u00e4rz 2026 - Permakultur-Landwirtschaft","description":"Dieses Webinar besch\u00e4ftigt sich mit Erfahrungen in der angewandten Agroforst-Forschung in Deutschland und der Schweiz.","robots":{"index":"index","follow":"follow","max-snippet":"max-snippet:-1","max-image-preview":"max-image-preview:large","max-video-preview":"max-video-preview:-1"},"canonical":"https:\/\/permakultur-landwirtschaft.org\/fr\/agroforst-forschung-webinar-am-05-maerz-2026\/","og_locale":"fr_FR","og_type":"article","og_title":"Agroforst Forschung - Webinar am 05. M\u00e4rz 2026 - Permakultur-Landwirtschaft","og_description":"Dieses Webinar besch\u00e4ftigt sich mit Erfahrungen in der angewandten Agroforst-Forschung in Deutschland und der Schweiz.","og_url":"https:\/\/permakultur-landwirtschaft.org\/fr\/agroforst-forschung-webinar-am-05-maerz-2026\/","og_site_name":"Permakultur-Landwirtschaft","article_publisher":"https:\/\/www.facebook.com\/PermakulturLandwirtschaft","article_published_time":"2026-02-28T15:41:26+00:00","article_modified_time":"2026-02-28T15:41:27+00:00","og_image":[{"width":500,"height":334,"url":"https:\/\/permakultur-landwirtschaft.org\/wp-content\/uploads\/2024\/10\/csm_FrancoisLannuzel_SimonaMoosmann_FiBL_1200_3809dd22f1.jpg","type":"image\/jpeg"}],"author":"adrian reutimann","twitter_card":"summary_large_image","twitter_misc":{"\u00c9crit par":"adrian reutimann","Dur\u00e9e de lecture estim\u00e9e":"3 minutes"},"schema":{"@context":"https:\/\/schema.org","@graph":[{"@type":"Article","@id":"https:\/\/permakultur-landwirtschaft.org\/agroforst-forschung-webinar-am-05-maerz-2026\/#article","isPartOf":{"@id":"https:\/\/permakultur-landwirtschaft.org\/agroforst-forschung-webinar-am-05-maerz-2026\/"},"author":{"name":"adrian reutimann","@id":"https:\/\/permakultur-landwirtschaft.org\/#\/schema\/person\/6b0467872f75aed3e144093f9bf4f0b0"},"headline":"Agroforst Forschung &#8211; Webinar am 05. M\u00e4rz 2026","datePublished":"2026-02-28T15:41:26+00:00","dateModified":"2026-02-28T15:41:27+00:00","mainEntityOfPage":{"@id":"https:\/\/permakultur-landwirtschaft.org\/agroforst-forschung-webinar-am-05-maerz-2026\/"},"wordCount":382,"publisher":{"@id":"https:\/\/permakultur-landwirtschaft.org\/#organization"},"image":{"@id":"https:\/\/permakultur-landwirtschaft.org\/agroforst-forschung-webinar-am-05-maerz-2026\/#primaryimage"},"thumbnailUrl":"https:\/\/permakultur-landwirtschaft.org\/wp-content\/uploads\/2024\/10\/csm_FrancoisLannuzel_SimonaMoosmann_FiBL_1200_3809dd22f1.jpg","keywords":["Agridea","Agroforst","FiBL","Forschung","Johanna Schoop","Uni Giessen","Webinar"],"articleSection":["Veranstaltung"],"inLanguage":"fr-FR"},{"@type":"WebPage","@id":"https:\/\/permakultur-landwirtschaft.org\/agroforst-forschung-webinar-am-05-maerz-2026\/","url":"https:\/\/permakultur-landwirtschaft.org\/agroforst-forschung-webinar-am-05-maerz-2026\/","name":"Agroforst Forschung - Webinar am 05. M\u00e4rz 2026 - Permakultur-Landwirtschaft","isPartOf":{"@id":"https:\/\/permakultur-landwirtschaft.org\/#website"},"primaryImageOfPage":{"@id":"https:\/\/permakultur-landwirtschaft.org\/agroforst-forschung-webinar-am-05-maerz-2026\/#primaryimage"},"image":{"@id":"https:\/\/permakultur-landwirtschaft.org\/agroforst-forschung-webinar-am-05-maerz-2026\/#primaryimage"},"thumbnailUrl":"https:\/\/permakultur-landwirtschaft.org\/wp-content\/uploads\/2024\/10\/csm_FrancoisLannuzel_SimonaMoosmann_FiBL_1200_3809dd22f1.jpg","datePublished":"2026-02-28T15:41:26+00:00","dateModified":"2026-02-28T15:41:27+00:00","description":"Dieses Webinar besch\u00e4ftigt sich mit Erfahrungen in der angewandten Agroforst-Forschung in Deutschland und der Schweiz.","breadcrumb":{"@id":"https:\/\/permakultur-landwirtschaft.org\/agroforst-forschung-webinar-am-05-maerz-2026\/#breadcrumb"},"inLanguage":"fr-FR","potentialAction":[{"@type":"ReadAction","target":["https:\/\/permakultur-landwirtschaft.org\/agroforst-forschung-webinar-am-05-maerz-2026\/"]}]},{"@type":"ImageObject","inLanguage":"fr-FR","@id":"https:\/\/permakultur-landwirtschaft.org\/agroforst-forschung-webinar-am-05-maerz-2026\/#primaryimage","url":"https:\/\/permakultur-landwirtschaft.org\/wp-content\/uploads\/2024\/10\/csm_FrancoisLannuzel_SimonaMoosmann_FiBL_1200_3809dd22f1.jpg","contentUrl":"https:\/\/permakultur-landwirtschaft.org\/wp-content\/uploads\/2024\/10\/csm_FrancoisLannuzel_SimonaMoosmann_FiBL_1200_3809dd22f1.jpg","width":500,"height":334,"caption":"Bild: FiBL, Simona Moosmann"},{"@type":"BreadcrumbList","@id":"https:\/\/permakultur-landwirtschaft.org\/agroforst-forschung-webinar-am-05-maerz-2026\/#breadcrumb","itemListElement":[{"@type":"ListItem","position":1,"name":"Startseite","item":"https:\/\/permakultur-landwirtschaft.org\/"},{"@type":"ListItem","position":2,"name":"Agroforst Forschung &#8211; Webinar am 05. M\u00e4rz 2026"}]},{"@type":"WebSite","@id":"https:\/\/permakultur-landwirtschaft.org\/#website","url":"https:\/\/permakultur-landwirtschaft.org\/","name":"Permakultur-Landwirtschaft","description":"F\u00f6rderung der Permakultur in der Landwirtschaft","publisher":{"@id":"https:\/\/permakultur-landwirtschaft.org\/#organization"},"potentialAction":[{"@type":"SearchAction","target":{"@type":"EntryPoint","urlTemplate":"https:\/\/permakultur-landwirtschaft.org\/?s={search_term_string}"},"query-input":{"@type":"PropertyValueSpecification","valueRequired":true,"valueName":"search_term_string"}}],"inLanguage":"fr-FR"},{"@type":"Organization","@id":"https:\/\/permakultur-landwirtschaft.org\/#organization","name":"Permakultur-Landwirtschaft","alternateName":"Verein Permakultur-Landwirtschaft","url":"https:\/\/permakultur-landwirtschaft.org\/","logo":{"@type":"ImageObject","inLanguage":"fr-FR","@id":"https:\/\/permakultur-landwirtschaft.org\/#\/schema\/logo\/image\/","url":"https:\/\/permakultur-landwirtschaft.org\/wp-content\/uploads\/2021\/11\/pela_1268x1269.png","contentUrl":"https:\/\/permakultur-landwirtschaft.org\/wp-content\/uploads\/2021\/11\/pela_1268x1269.png","width":1298,"height":1269,"caption":"Permakultur-Landwirtschaft"},"image":{"@id":"https:\/\/permakultur-landwirtschaft.org\/#\/schema\/logo\/image\/"},"sameAs":["https:\/\/www.facebook.com\/PermakulturLandwirtschaft","https:\/\/www.instagram.com\/permakultur_landwirtschaft\/","https:\/\/www.flickr.com\/photos\/permakultur-landwirtschaft","https:\/\/www.youtube.com\/@PermakulturLandwirtschaft"]},{"@type":"Person","@id":"https:\/\/permakultur-landwirtschaft.org\/#\/schema\/person\/6b0467872f75aed3e144093f9bf4f0b0","name":"adrian reutimann","url":"https:\/\/permakultur-landwirtschaft.org\/fr\/author\/reutiadr\/"}]}},"_links":{"self":[{"href":"https:\/\/permakultur-landwirtschaft.org\/fr\/wp-json\/wp\/v2\/posts\/38044","targetHints":{"allow":["GET"]}}],"collection":[{"href":"https:\/\/permakultur-landwirtschaft.org\/fr\/wp-json\/wp\/v2\/posts"}],"about":[{"href":"https:\/\/permakultur-landwirtschaft.org\/fr\/wp-json\/wp\/v2\/types\/post"}],"author":[{"embeddable":true,"href":"https:\/\/permakultur-landwirtschaft.org\/fr\/wp-json\/wp\/v2\/users\/2"}],"replies":[{"embeddable":true,"href":"https:\/\/permakultur-landwirtschaft.org\/fr\/wp-json\/wp\/v2\/comments?post=38044"}],"version-history":[{"count":1,"href":"https:\/\/permakultur-landwirtschaft.org\/fr\/wp-json\/wp\/v2\/posts\/38044\/revisions"}],"predecessor-version":[{"id":38045,"href":"https:\/\/permakultur-landwirtschaft.org\/fr\/wp-json\/wp\/v2\/posts\/38044\/revisions\/38045"}],"wp:featuredmedia":[{"embeddable":true,"href":"https:\/\/permakultur-landwirtschaft.org\/fr\/wp-json\/wp\/v2\/media\/35271"}],"wp:attachment":[{"href":"https:\/\/permakultur-landwirtschaft.org\/fr\/wp-json\/wp\/v2\/media?parent=38044"}],"wp:term":[{"taxonomy":"category","embeddable":true,"href":"https:\/\/permakultur-landwirtschaft.org\/fr\/wp-json\/wp\/v2\/categories?post=38044"},{"taxonomy":"post_tag","embeddable":true,"href":"https:\/\/permakultur-landwirtschaft.org\/fr\/wp-json\/wp\/v2\/tags?post=38044"}],"curies":[{"name":"wp","href":"https:\/\/api.w.org\/{rel}","templated":true}]}}