{"id":38019,"date":"2026-02-25T16:27:35","date_gmt":"2026-02-25T15:27:35","guid":{"rendered":"https:\/\/permakultur-landwirtschaft.org\/?p=38019"},"modified":"2026-02-26T16:34:07","modified_gmt":"2026-02-26T15:34:07","slug":"pflanzenschutz-beginnt-im-untergrund-immer-gruen-fuer-die-kuehe-im-boden-beitrag-vom-25-februar-2026","status":"publish","type":"post","link":"https:\/\/permakultur-landwirtschaft.org\/fr\/pflanzenschutz-beginnt-im-untergrund-immer-gruen-fuer-die-kuehe-im-boden-beitrag-vom-25-februar-2026\/","title":{"rendered":"Pflanzenschutz beginnt im Untergrund: Immer gr\u00fcn f\u00fcr die \u00abK\u00fche im Boden\u00bb &#8211; Beitrag vom 25. Februar 2026"},"content":{"rendered":"<p>Text von www.bauernzeitung.ch:<\/p>\n\n\n\n<p>Urban D\u00f6rig setzt auf eine ausgeglichene Ration f\u00fcrs Bodenleben und funktionelle Biodiversit\u00e4t. Wiederk\u00e4uer geh\u00f6ren f\u00fcr ihn ins Ackerbau-System, auch wenn er selbst keine h\u00e4lt. Der Thurgauer pflegt aber auch seine \u00abK\u00fche im Boden\u00bb mit Sorgfalt.<\/p>\n\n\n\n<p>Der Schutz seiner Kulturen beginnt f\u00fcr Urban D\u00f6rig mit dem Boden. \u00abEin aktiver, belebter Boden ist die Grundvoraussetzung\u00bb, sagt er, \u00abwir versuchen schon an Ursachen zu arbeiten und nicht einfach Symptome zu bek\u00e4mpfen.\u00bb Mit dieser \u00dcberzeugung hat er auf seinem 104-ha-Bio-Betrieb, der Dom\u00e4ne St. Katharinental in Diessenhofen TG, ein System aus ober- und unterirdischer Biodiversit\u00e4t aufgebaut. <\/p>\n\n\n\n<p>&#8230;<\/p>\n\n\n\n<p><a href=\"https:\/\/www.bauernzeitung.ch\/artikel\/pflanzen\/pflanzenschutz-beginnt-im-untergrund-immer-gruen-fuer-die-kuehe-im-boden-0-554643\" target=\"_blank\" rel=\"noreferrer noopener\">Lien vers l'article complet<\/a><\/p>\n\n\n\n<p><\/p>","protected":false},"excerpt":{"rendered":"<p>Text von www.bauernzeitung.ch: Urban D\u00f6rig setzt auf eine ausgeglichene Ration f\u00fcrs Bodenleben und funktionelle Biodiversit\u00e4t. Wiederk\u00e4uer geh\u00f6ren f\u00fcr ihn ins Ackerbau-System, auch wenn er selbst keine h\u00e4lt. Der Thurgauer pflegt aber auch seine \u00abK\u00fche im Boden\u00bb mit Sorgfalt. Der Schutz seiner Kulturen beginnt f\u00fcr Urban D\u00f6rig mit dem Boden. \u00abEin aktiver, belebter Boden ist die [&hellip;]<\/p>\n","protected":false},"author":2,"featured_media":38020,"comment_status":"closed","ping_status":"closed","sticky":false,"template":"","format":"standard","meta":{"_acf_changed":false,"site-sidebar-layout":"default","site-content-layout":"","ast-site-content-layout":"default","site-content-style":"default","site-sidebar-style":"default","ast-global-header-display":"","ast-banner-title-visibility":"","ast-main-header-display":"","ast-hfb-above-header-display":"","ast-hfb-below-header-display":"","ast-hfb-mobile-header-display":"","site-post-title":"","ast-breadcrumbs-content":"","ast-featured-img":"","footer-sml-layout":"","ast-disable-related-posts":"","theme-transparent-header-meta":"","adv-header-id-meta":"","stick-header-meta":"","header-above-stick-meta":"","header-main-stick-meta":"","header-below-stick-meta":"","astra-migrate-meta-layouts":"set","ast-page-background-enabled":"default","ast-page-background-meta":{"desktop":{"background-color":"var(--ast-global-color-4)","background-image":"","background-repeat":"repeat","background-position":"center center","background-size":"auto","background-attachment":"scroll","background-type":"","background-media":"","overlay-type":"","overlay-color":"","overlay-opacity":"","overlay-gradient":""},"tablet":{"background-color":"","background-image":"","background-repeat":"repeat","background-position":"center center","background-size":"auto","background-attachment":"scroll","background-type":"","background-media":"","overlay-type":"","overlay-color":"","overlay-opacity":"","overlay-gradient":""},"mobile":{"background-color":"","background-image":"","background-repeat":"repeat","background-position":"center center","background-size":"auto","background-attachment":"scroll","background-type":"","background-media":"","overlay-type":"","overlay-color":"","overlay-opacity":"","overlay-gradient":""}},"ast-content-background-meta":{"desktop":{"background-color":"var(--ast-global-color-5)","background-image":"","background-repeat":"repeat","background-position":"center center","background-size":"auto","background-attachment":"scroll","background-type":"","background-media":"","overlay-type":"","overlay-color":"","overlay-opacity":"","overlay-gradient":""},"tablet":{"background-color":"var(--ast-global-color-5)","background-image":"","background-repeat":"repeat","background-position":"center center","background-size":"auto","background-attachment":"scroll","background-type":"","background-media":"","overlay-type":"","overlay-color":"","overlay-opacity":"","overlay-gradient":""},"mobile":{"background-color":"var(--ast-global-color-5)","background-image":"","background-repeat":"repeat","background-position":"center center","background-size":"auto","background-attachment":"scroll","background-type":"","background-media":"","overlay-type":"","overlay-color":"","overlay-opacity":"","overlay-gradient":""}},"footnotes":""},"categories":[22],"tags":[765,133,1141,1139,1138,1140,1137,560],"class_list":["post-38019","post","type-post","status-publish","format-standard","has-post-thumbnail","hentry","category-neuigkeit","tag-bauernzeitung","tag-bodenleben","tag-diessenhofen","tag-domaene-st-katharinental","tag-jil-schuller","tag-kuehe-im-boden","tag-pflanzenschutz","tag-urban-doerig"],"acf":[],"yoast_head":"<!-- This site is optimized with the Yoast SEO plugin v27.5 - https:\/\/yoast.com\/product\/yoast-seo-wordpress\/ -->\n<title>Pflanzenschutz beginnt im Untergrund: Immer gr\u00fcn f\u00fcr die \u00abK\u00fche im Boden\u00bb - Beitrag vom 25. Februar 2026 - Permakultur-Landwirtschaft<\/title>\n<meta name=\"description\" content=\"Urban D\u00f6rig setzt auf eine ausgeglichene Ration f\u00fcrs Bodenleben, funktionelle Biodiversit\u00e4t und pflegt seine \u00abK\u00fche im Boden\u00bb mit Sorgfalt.\" \/>\n<meta name=\"robots\" content=\"index, follow, max-snippet:-1, max-image-preview:large, max-video-preview:-1\" \/>\n<link rel=\"canonical\" href=\"https:\/\/permakultur-landwirtschaft.org\/fr\/pflanzenschutz-beginnt-im-untergrund-immer-gruen-fuer-die-kuehe-im-boden-beitrag-vom-25-februar-2026\/\" \/>\n<meta property=\"og:locale\" content=\"fr_FR\" \/>\n<meta property=\"og:type\" content=\"article\" \/>\n<meta property=\"og:title\" content=\"Pflanzenschutz beginnt im Untergrund: Immer gr\u00fcn f\u00fcr die \u00abK\u00fche im Boden\u00bb - Beitrag vom 25. Februar 2026 - Permakultur-Landwirtschaft\" \/>\n<meta property=\"og:description\" content=\"Urban D\u00f6rig setzt auf eine ausgeglichene Ration f\u00fcrs Bodenleben, funktionelle Biodiversit\u00e4t und pflegt seine \u00abK\u00fche im Boden\u00bb mit Sorgfalt.\" \/>\n<meta property=\"og:url\" content=\"https:\/\/permakultur-landwirtschaft.org\/fr\/pflanzenschutz-beginnt-im-untergrund-immer-gruen-fuer-die-kuehe-im-boden-beitrag-vom-25-februar-2026\/\" \/>\n<meta property=\"og:site_name\" content=\"Permakultur-Landwirtschaft\" \/>\n<meta property=\"article:publisher\" content=\"https:\/\/www.facebook.com\/PermakulturLandwirtschaft\" \/>\n<meta property=\"article:published_time\" content=\"2026-02-25T15:27:35+00:00\" \/>\n<meta property=\"article:modified_time\" content=\"2026-02-26T15:34:07+00:00\" \/>\n<meta property=\"og:image\" content=\"https:\/\/permakultur-landwirtschaft.org\/wp-content\/uploads\/2026\/02\/20260226_urban_doerig_csm_BZ-HG-Doerig-1_cd68d9b99a.jpg\" \/>\n\t<meta property=\"og:image:width\" content=\"700\" \/>\n\t<meta property=\"og:image:height\" content=\"437\" \/>\n\t<meta property=\"og:image:type\" content=\"image\/jpeg\" \/>\n<meta name=\"author\" content=\"adrian reutimann\" \/>\n<meta name=\"twitter:card\" content=\"summary_large_image\" \/>\n<meta name=\"twitter:label1\" content=\"\u00c9crit par\" \/>\n\t<meta name=\"twitter:data1\" content=\"adrian reutimann\" \/>\n\t<meta name=\"twitter:label2\" content=\"Dur\u00e9e de lecture estim\u00e9e\" \/>\n\t<meta name=\"twitter:data2\" content=\"1 minute\" \/>\n<script type=\"application\/ld+json\" class=\"yoast-schema-graph\">{\"@context\":\"https:\\\/\\\/schema.org\",\"@graph\":[{\"@type\":\"Article\",\"@id\":\"https:\\\/\\\/permakultur-landwirtschaft.org\\\/pflanzenschutz-beginnt-im-untergrund-immer-gruen-fuer-die-kuehe-im-boden-beitrag-vom-25-februar-2026\\\/#article\",\"isPartOf\":{\"@id\":\"https:\\\/\\\/permakultur-landwirtschaft.org\\\/pflanzenschutz-beginnt-im-untergrund-immer-gruen-fuer-die-kuehe-im-boden-beitrag-vom-25-februar-2026\\\/\"},\"author\":{\"name\":\"adrian reutimann\",\"@id\":\"https:\\\/\\\/permakultur-landwirtschaft.org\\\/#\\\/schema\\\/person\\\/6b0467872f75aed3e144093f9bf4f0b0\"},\"headline\":\"Pflanzenschutz beginnt im Untergrund: Immer gr\u00fcn f\u00fcr die \u00abK\u00fche im Boden\u00bb &#8211; Beitrag vom 25. Februar 2026\",\"datePublished\":\"2026-02-25T15:27:35+00:00\",\"dateModified\":\"2026-02-26T15:34:07+00:00\",\"mainEntityOfPage\":{\"@id\":\"https:\\\/\\\/permakultur-landwirtschaft.org\\\/pflanzenschutz-beginnt-im-untergrund-immer-gruen-fuer-die-kuehe-im-boden-beitrag-vom-25-februar-2026\\\/\"},\"wordCount\":131,\"publisher\":{\"@id\":\"https:\\\/\\\/permakultur-landwirtschaft.org\\\/#organization\"},\"image\":{\"@id\":\"https:\\\/\\\/permakultur-landwirtschaft.org\\\/pflanzenschutz-beginnt-im-untergrund-immer-gruen-fuer-die-kuehe-im-boden-beitrag-vom-25-februar-2026\\\/#primaryimage\"},\"thumbnailUrl\":\"https:\\\/\\\/permakultur-landwirtschaft.org\\\/wp-content\\\/uploads\\\/2026\\\/02\\\/20260226_urban_doerig_csm_BZ-HG-Doerig-1_cd68d9b99a.jpg\",\"keywords\":[\"Bauernzeitung\",\"Bodenleben\",\"Diessenhofen\",\"Dom\u00e4ne St. Katharinental\",\"Jil Schuller\",\"K\u00fche im Boden\",\"Pflanzenschutz\",\"Urban D\u00f6rig\"],\"articleSection\":[\"Neuigkeit\"],\"inLanguage\":\"fr-FR\"},{\"@type\":\"WebPage\",\"@id\":\"https:\\\/\\\/permakultur-landwirtschaft.org\\\/pflanzenschutz-beginnt-im-untergrund-immer-gruen-fuer-die-kuehe-im-boden-beitrag-vom-25-februar-2026\\\/\",\"url\":\"https:\\\/\\\/permakultur-landwirtschaft.org\\\/pflanzenschutz-beginnt-im-untergrund-immer-gruen-fuer-die-kuehe-im-boden-beitrag-vom-25-februar-2026\\\/\",\"name\":\"Pflanzenschutz beginnt im Untergrund: Immer gr\u00fcn f\u00fcr die \u00abK\u00fche im Boden\u00bb - Beitrag vom 25. Februar 2026 - Permakultur-Landwirtschaft\",\"isPartOf\":{\"@id\":\"https:\\\/\\\/permakultur-landwirtschaft.org\\\/#website\"},\"primaryImageOfPage\":{\"@id\":\"https:\\\/\\\/permakultur-landwirtschaft.org\\\/pflanzenschutz-beginnt-im-untergrund-immer-gruen-fuer-die-kuehe-im-boden-beitrag-vom-25-februar-2026\\\/#primaryimage\"},\"image\":{\"@id\":\"https:\\\/\\\/permakultur-landwirtschaft.org\\\/pflanzenschutz-beginnt-im-untergrund-immer-gruen-fuer-die-kuehe-im-boden-beitrag-vom-25-februar-2026\\\/#primaryimage\"},\"thumbnailUrl\":\"https:\\\/\\\/permakultur-landwirtschaft.org\\\/wp-content\\\/uploads\\\/2026\\\/02\\\/20260226_urban_doerig_csm_BZ-HG-Doerig-1_cd68d9b99a.jpg\",\"datePublished\":\"2026-02-25T15:27:35+00:00\",\"dateModified\":\"2026-02-26T15:34:07+00:00\",\"description\":\"Urban D\u00f6rig setzt auf eine ausgeglichene Ration f\u00fcrs Bodenleben, funktionelle Biodiversit\u00e4t und pflegt seine \u00abK\u00fche im Boden\u00bb mit Sorgfalt.\",\"breadcrumb\":{\"@id\":\"https:\\\/\\\/permakultur-landwirtschaft.org\\\/pflanzenschutz-beginnt-im-untergrund-immer-gruen-fuer-die-kuehe-im-boden-beitrag-vom-25-februar-2026\\\/#breadcrumb\"},\"inLanguage\":\"fr-FR\",\"potentialAction\":[{\"@type\":\"ReadAction\",\"target\":[\"https:\\\/\\\/permakultur-landwirtschaft.org\\\/pflanzenschutz-beginnt-im-untergrund-immer-gruen-fuer-die-kuehe-im-boden-beitrag-vom-25-februar-2026\\\/\"]}]},{\"@type\":\"ImageObject\",\"inLanguage\":\"fr-FR\",\"@id\":\"https:\\\/\\\/permakultur-landwirtschaft.org\\\/pflanzenschutz-beginnt-im-untergrund-immer-gruen-fuer-die-kuehe-im-boden-beitrag-vom-25-februar-2026\\\/#primaryimage\",\"url\":\"https:\\\/\\\/permakultur-landwirtschaft.org\\\/wp-content\\\/uploads\\\/2026\\\/02\\\/20260226_urban_doerig_csm_BZ-HG-Doerig-1_cd68d9b99a.jpg\",\"contentUrl\":\"https:\\\/\\\/permakultur-landwirtschaft.org\\\/wp-content\\\/uploads\\\/2026\\\/02\\\/20260226_urban_doerig_csm_BZ-HG-Doerig-1_cd68d9b99a.jpg\",\"width\":700,\"height\":437,\"caption\":\"Bild: Jil Schuller\"},{\"@type\":\"BreadcrumbList\",\"@id\":\"https:\\\/\\\/permakultur-landwirtschaft.org\\\/pflanzenschutz-beginnt-im-untergrund-immer-gruen-fuer-die-kuehe-im-boden-beitrag-vom-25-februar-2026\\\/#breadcrumb\",\"itemListElement\":[{\"@type\":\"ListItem\",\"position\":1,\"name\":\"Startseite\",\"item\":\"https:\\\/\\\/permakultur-landwirtschaft.org\\\/\"},{\"@type\":\"ListItem\",\"position\":2,\"name\":\"Pflanzenschutz beginnt im Untergrund: Immer gr\u00fcn f\u00fcr die \u00abK\u00fche im Boden\u00bb &#8211; Beitrag vom 25. Februar 2026\"}]},{\"@type\":\"WebSite\",\"@id\":\"https:\\\/\\\/permakultur-landwirtschaft.org\\\/#website\",\"url\":\"https:\\\/\\\/permakultur-landwirtschaft.org\\\/\",\"name\":\"Permakultur-Landwirtschaft\",\"description\":\"F\u00f6rderung der Permakultur in der Landwirtschaft\",\"publisher\":{\"@id\":\"https:\\\/\\\/permakultur-landwirtschaft.org\\\/#organization\"},\"potentialAction\":[{\"@type\":\"SearchAction\",\"target\":{\"@type\":\"EntryPoint\",\"urlTemplate\":\"https:\\\/\\\/permakultur-landwirtschaft.org\\\/?s={search_term_string}\"},\"query-input\":{\"@type\":\"PropertyValueSpecification\",\"valueRequired\":true,\"valueName\":\"search_term_string\"}}],\"inLanguage\":\"fr-FR\"},{\"@type\":\"Organization\",\"@id\":\"https:\\\/\\\/permakultur-landwirtschaft.org\\\/#organization\",\"name\":\"Permakultur-Landwirtschaft\",\"alternateName\":\"Verein Permakultur-Landwirtschaft\",\"url\":\"https:\\\/\\\/permakultur-landwirtschaft.org\\\/\",\"logo\":{\"@type\":\"ImageObject\",\"inLanguage\":\"fr-FR\",\"@id\":\"https:\\\/\\\/permakultur-landwirtschaft.org\\\/#\\\/schema\\\/logo\\\/image\\\/\",\"url\":\"https:\\\/\\\/permakultur-landwirtschaft.org\\\/wp-content\\\/uploads\\\/2021\\\/11\\\/pela_1268x1269.png\",\"contentUrl\":\"https:\\\/\\\/permakultur-landwirtschaft.org\\\/wp-content\\\/uploads\\\/2021\\\/11\\\/pela_1268x1269.png\",\"width\":1298,\"height\":1269,\"caption\":\"Permakultur-Landwirtschaft\"},\"image\":{\"@id\":\"https:\\\/\\\/permakultur-landwirtschaft.org\\\/#\\\/schema\\\/logo\\\/image\\\/\"},\"sameAs\":[\"https:\\\/\\\/www.facebook.com\\\/PermakulturLandwirtschaft\",\"https:\\\/\\\/www.instagram.com\\\/permakultur_landwirtschaft\\\/\",\"https:\\\/\\\/www.flickr.com\\\/photos\\\/permakultur-landwirtschaft\",\"https:\\\/\\\/www.youtube.com\\\/@PermakulturLandwirtschaft\"]},{\"@type\":\"Person\",\"@id\":\"https:\\\/\\\/permakultur-landwirtschaft.org\\\/#\\\/schema\\\/person\\\/6b0467872f75aed3e144093f9bf4f0b0\",\"name\":\"adrian reutimann\",\"url\":\"https:\\\/\\\/permakultur-landwirtschaft.org\\\/fr\\\/author\\\/reutiadr\\\/\"}]}<\/script>\n<!-- \/ Yoast SEO plugin. -->","yoast_head_json":{"title":"Pflanzenschutz beginnt im Untergrund: Immer gr\u00fcn f\u00fcr die \u00abK\u00fche im Boden\u00bb - Beitrag vom 25. Februar 2026 - Permakultur-Landwirtschaft","description":"Urban D\u00f6rig setzt auf eine ausgeglichene Ration f\u00fcrs Bodenleben, funktionelle Biodiversit\u00e4t und pflegt seine \u00abK\u00fche im Boden\u00bb mit Sorgfalt.","robots":{"index":"index","follow":"follow","max-snippet":"max-snippet:-1","max-image-preview":"max-image-preview:large","max-video-preview":"max-video-preview:-1"},"canonical":"https:\/\/permakultur-landwirtschaft.org\/fr\/pflanzenschutz-beginnt-im-untergrund-immer-gruen-fuer-die-kuehe-im-boden-beitrag-vom-25-februar-2026\/","og_locale":"fr_FR","og_type":"article","og_title":"Pflanzenschutz beginnt im Untergrund: Immer gr\u00fcn f\u00fcr die \u00abK\u00fche im Boden\u00bb - Beitrag vom 25. Februar 2026 - Permakultur-Landwirtschaft","og_description":"Urban D\u00f6rig setzt auf eine ausgeglichene Ration f\u00fcrs Bodenleben, funktionelle Biodiversit\u00e4t und pflegt seine \u00abK\u00fche im Boden\u00bb mit Sorgfalt.","og_url":"https:\/\/permakultur-landwirtschaft.org\/fr\/pflanzenschutz-beginnt-im-untergrund-immer-gruen-fuer-die-kuehe-im-boden-beitrag-vom-25-februar-2026\/","og_site_name":"Permakultur-Landwirtschaft","article_publisher":"https:\/\/www.facebook.com\/PermakulturLandwirtschaft","article_published_time":"2026-02-25T15:27:35+00:00","article_modified_time":"2026-02-26T15:34:07+00:00","og_image":[{"width":700,"height":437,"url":"https:\/\/permakultur-landwirtschaft.org\/wp-content\/uploads\/2026\/02\/20260226_urban_doerig_csm_BZ-HG-Doerig-1_cd68d9b99a.jpg","type":"image\/jpeg"}],"author":"adrian reutimann","twitter_card":"summary_large_image","twitter_misc":{"\u00c9crit par":"adrian reutimann","Dur\u00e9e de lecture estim\u00e9e":"1 minute"},"schema":{"@context":"https:\/\/schema.org","@graph":[{"@type":"Article","@id":"https:\/\/permakultur-landwirtschaft.org\/pflanzenschutz-beginnt-im-untergrund-immer-gruen-fuer-die-kuehe-im-boden-beitrag-vom-25-februar-2026\/#article","isPartOf":{"@id":"https:\/\/permakultur-landwirtschaft.org\/pflanzenschutz-beginnt-im-untergrund-immer-gruen-fuer-die-kuehe-im-boden-beitrag-vom-25-februar-2026\/"},"author":{"name":"adrian reutimann","@id":"https:\/\/permakultur-landwirtschaft.org\/#\/schema\/person\/6b0467872f75aed3e144093f9bf4f0b0"},"headline":"Pflanzenschutz beginnt im Untergrund: Immer gr\u00fcn f\u00fcr die \u00abK\u00fche im Boden\u00bb &#8211; Beitrag vom 25. Februar 2026","datePublished":"2026-02-25T15:27:35+00:00","dateModified":"2026-02-26T15:34:07+00:00","mainEntityOfPage":{"@id":"https:\/\/permakultur-landwirtschaft.org\/pflanzenschutz-beginnt-im-untergrund-immer-gruen-fuer-die-kuehe-im-boden-beitrag-vom-25-februar-2026\/"},"wordCount":131,"publisher":{"@id":"https:\/\/permakultur-landwirtschaft.org\/#organization"},"image":{"@id":"https:\/\/permakultur-landwirtschaft.org\/pflanzenschutz-beginnt-im-untergrund-immer-gruen-fuer-die-kuehe-im-boden-beitrag-vom-25-februar-2026\/#primaryimage"},"thumbnailUrl":"https:\/\/permakultur-landwirtschaft.org\/wp-content\/uploads\/2026\/02\/20260226_urban_doerig_csm_BZ-HG-Doerig-1_cd68d9b99a.jpg","keywords":["Bauernzeitung","Bodenleben","Diessenhofen","Dom\u00e4ne St. Katharinental","Jil Schuller","K\u00fche im Boden","Pflanzenschutz","Urban D\u00f6rig"],"articleSection":["Neuigkeit"],"inLanguage":"fr-FR"},{"@type":"WebPage","@id":"https:\/\/permakultur-landwirtschaft.org\/pflanzenschutz-beginnt-im-untergrund-immer-gruen-fuer-die-kuehe-im-boden-beitrag-vom-25-februar-2026\/","url":"https:\/\/permakultur-landwirtschaft.org\/pflanzenschutz-beginnt-im-untergrund-immer-gruen-fuer-die-kuehe-im-boden-beitrag-vom-25-februar-2026\/","name":"Pflanzenschutz beginnt im Untergrund: Immer gr\u00fcn f\u00fcr die \u00abK\u00fche im Boden\u00bb - Beitrag vom 25. Februar 2026 - Permakultur-Landwirtschaft","isPartOf":{"@id":"https:\/\/permakultur-landwirtschaft.org\/#website"},"primaryImageOfPage":{"@id":"https:\/\/permakultur-landwirtschaft.org\/pflanzenschutz-beginnt-im-untergrund-immer-gruen-fuer-die-kuehe-im-boden-beitrag-vom-25-februar-2026\/#primaryimage"},"image":{"@id":"https:\/\/permakultur-landwirtschaft.org\/pflanzenschutz-beginnt-im-untergrund-immer-gruen-fuer-die-kuehe-im-boden-beitrag-vom-25-februar-2026\/#primaryimage"},"thumbnailUrl":"https:\/\/permakultur-landwirtschaft.org\/wp-content\/uploads\/2026\/02\/20260226_urban_doerig_csm_BZ-HG-Doerig-1_cd68d9b99a.jpg","datePublished":"2026-02-25T15:27:35+00:00","dateModified":"2026-02-26T15:34:07+00:00","description":"Urban D\u00f6rig setzt auf eine ausgeglichene Ration f\u00fcrs Bodenleben, funktionelle Biodiversit\u00e4t und pflegt seine \u00abK\u00fche im Boden\u00bb mit Sorgfalt.","breadcrumb":{"@id":"https:\/\/permakultur-landwirtschaft.org\/pflanzenschutz-beginnt-im-untergrund-immer-gruen-fuer-die-kuehe-im-boden-beitrag-vom-25-februar-2026\/#breadcrumb"},"inLanguage":"fr-FR","potentialAction":[{"@type":"ReadAction","target":["https:\/\/permakultur-landwirtschaft.org\/pflanzenschutz-beginnt-im-untergrund-immer-gruen-fuer-die-kuehe-im-boden-beitrag-vom-25-februar-2026\/"]}]},{"@type":"ImageObject","inLanguage":"fr-FR","@id":"https:\/\/permakultur-landwirtschaft.org\/pflanzenschutz-beginnt-im-untergrund-immer-gruen-fuer-die-kuehe-im-boden-beitrag-vom-25-februar-2026\/#primaryimage","url":"https:\/\/permakultur-landwirtschaft.org\/wp-content\/uploads\/2026\/02\/20260226_urban_doerig_csm_BZ-HG-Doerig-1_cd68d9b99a.jpg","contentUrl":"https:\/\/permakultur-landwirtschaft.org\/wp-content\/uploads\/2026\/02\/20260226_urban_doerig_csm_BZ-HG-Doerig-1_cd68d9b99a.jpg","width":700,"height":437,"caption":"Bild: Jil Schuller"},{"@type":"BreadcrumbList","@id":"https:\/\/permakultur-landwirtschaft.org\/pflanzenschutz-beginnt-im-untergrund-immer-gruen-fuer-die-kuehe-im-boden-beitrag-vom-25-februar-2026\/#breadcrumb","itemListElement":[{"@type":"ListItem","position":1,"name":"Startseite","item":"https:\/\/permakultur-landwirtschaft.org\/"},{"@type":"ListItem","position":2,"name":"Pflanzenschutz beginnt im Untergrund: Immer gr\u00fcn f\u00fcr die \u00abK\u00fche im Boden\u00bb &#8211; Beitrag vom 25. Februar 2026"}]},{"@type":"WebSite","@id":"https:\/\/permakultur-landwirtschaft.org\/#website","url":"https:\/\/permakultur-landwirtschaft.org\/","name":"Permakultur-Landwirtschaft","description":"F\u00f6rderung der Permakultur in der Landwirtschaft","publisher":{"@id":"https:\/\/permakultur-landwirtschaft.org\/#organization"},"potentialAction":[{"@type":"SearchAction","target":{"@type":"EntryPoint","urlTemplate":"https:\/\/permakultur-landwirtschaft.org\/?s={search_term_string}"},"query-input":{"@type":"PropertyValueSpecification","valueRequired":true,"valueName":"search_term_string"}}],"inLanguage":"fr-FR"},{"@type":"Organization","@id":"https:\/\/permakultur-landwirtschaft.org\/#organization","name":"Permakultur-Landwirtschaft","alternateName":"Verein Permakultur-Landwirtschaft","url":"https:\/\/permakultur-landwirtschaft.org\/","logo":{"@type":"ImageObject","inLanguage":"fr-FR","@id":"https:\/\/permakultur-landwirtschaft.org\/#\/schema\/logo\/image\/","url":"https:\/\/permakultur-landwirtschaft.org\/wp-content\/uploads\/2021\/11\/pela_1268x1269.png","contentUrl":"https:\/\/permakultur-landwirtschaft.org\/wp-content\/uploads\/2021\/11\/pela_1268x1269.png","width":1298,"height":1269,"caption":"Permakultur-Landwirtschaft"},"image":{"@id":"https:\/\/permakultur-landwirtschaft.org\/#\/schema\/logo\/image\/"},"sameAs":["https:\/\/www.facebook.com\/PermakulturLandwirtschaft","https:\/\/www.instagram.com\/permakultur_landwirtschaft\/","https:\/\/www.flickr.com\/photos\/permakultur-landwirtschaft","https:\/\/www.youtube.com\/@PermakulturLandwirtschaft"]},{"@type":"Person","@id":"https:\/\/permakultur-landwirtschaft.org\/#\/schema\/person\/6b0467872f75aed3e144093f9bf4f0b0","name":"adrian reutimann","url":"https:\/\/permakultur-landwirtschaft.org\/fr\/author\/reutiadr\/"}]}},"_links":{"self":[{"href":"https:\/\/permakultur-landwirtschaft.org\/fr\/wp-json\/wp\/v2\/posts\/38019","targetHints":{"allow":["GET"]}}],"collection":[{"href":"https:\/\/permakultur-landwirtschaft.org\/fr\/wp-json\/wp\/v2\/posts"}],"about":[{"href":"https:\/\/permakultur-landwirtschaft.org\/fr\/wp-json\/wp\/v2\/types\/post"}],"author":[{"embeddable":true,"href":"https:\/\/permakultur-landwirtschaft.org\/fr\/wp-json\/wp\/v2\/users\/2"}],"replies":[{"embeddable":true,"href":"https:\/\/permakultur-landwirtschaft.org\/fr\/wp-json\/wp\/v2\/comments?post=38019"}],"version-history":[{"count":1,"href":"https:\/\/permakultur-landwirtschaft.org\/fr\/wp-json\/wp\/v2\/posts\/38019\/revisions"}],"predecessor-version":[{"id":38021,"href":"https:\/\/permakultur-landwirtschaft.org\/fr\/wp-json\/wp\/v2\/posts\/38019\/revisions\/38021"}],"wp:featuredmedia":[{"embeddable":true,"href":"https:\/\/permakultur-landwirtschaft.org\/fr\/wp-json\/wp\/v2\/media\/38020"}],"wp:attachment":[{"href":"https:\/\/permakultur-landwirtschaft.org\/fr\/wp-json\/wp\/v2\/media?parent=38019"}],"wp:term":[{"taxonomy":"category","embeddable":true,"href":"https:\/\/permakultur-landwirtschaft.org\/fr\/wp-json\/wp\/v2\/categories?post=38019"},{"taxonomy":"post_tag","embeddable":true,"href":"https:\/\/permakultur-landwirtschaft.org\/fr\/wp-json\/wp\/v2\/tags?post=38019"}],"curies":[{"name":"wp","href":"https:\/\/api.w.org\/{rel}","templated":true}]}}