{"id":38011,"date":"2026-02-26T16:17:20","date_gmt":"2026-02-26T15:17:20","guid":{"rendered":"https:\/\/permakultur-landwirtschaft.org\/?p=38011"},"modified":"2026-02-26T16:17:21","modified_gmt":"2026-02-26T15:17:21","slug":"futterbaeume-und-hecken-kurs-am-25-maerz-2026","status":"publish","type":"post","link":"https:\/\/permakultur-landwirtschaft.org\/fr\/futterbaeume-und-hecken-kurs-am-25-maerz-2026\/","title":{"rendered":"Futterb\u00e4ume und -hecken &#8211; Kurs am 25. M\u00e4rz 2026"},"content":{"rendered":"<p>Text von agridea.ch:<\/p>\n\n\n\n<p>Potenzial, Umsetzung und Wirkung von Futtergeh\u00f6lzen f\u00fcr gesunde Tiere und klimaresiliente Betriebe<\/p>\n\n\n\n<p>Futterhecken und Futterb\u00e4ume verbinden Tierern\u00e4hrung, Klimaanpassung und Biodiversit\u00e4t auf sinnvolle Weise. Sie liefern strukturreiches Zusatzfutter, schaffen Schatten und Schutz f\u00fcr Tiere und st\u00e4rken gleichzeitig \u00f6kologische Kreisl\u00e4ufe auf dem Betrieb. In diesem Webinar erfahren Sie, welche Wirkung Futterhecken haben k\u00f6nnen, wie sie standortgerecht geplant, sinnvoll genutzt und langfristig gepflegt werden k\u00f6nnen und welchen Mehrwert sie f\u00fcr Landwirtschaftsbetriebe und f\u00fcr eine Erh\u00f6hung der Resilienz gegen\u00fcber den Auswirkungen des Klimawandels bringen.<\/p>\n\n\n\n<p>Die Teilnehmenden:<br>&#8211; erfahren, welche zentrale Rolle Laub und Zweige als \u00e4lteste Form der Winterf\u00fctterung in der Tierhaltung spielten<br>&#8211; lernen, welche positiven Funktionen Futterhecken heute erf\u00fcllen k\u00f6nnen und welchen Beitrag sie zu Klimaresilienz, Tierwohl und Biodiversit\u00e4t leisten<br>&#8211; erhalten Einblick in geeignete Geh\u00f6lzarten und Aufbauformen sowie Resultate wissenschaftlicher Untersuchungen zu Ertrag und Wirkung<br>&#8211; bekommen praxisnahes Wissen zur Planung, Anlage, Nutzung und Pflege von Futterhecken<br>&#8211; lernen betriebliche, \u00f6kologische und wirtschaftliche Aspekte sowie den rechtlichen Rahmen f\u00fcr die Erstellung von Futterhecken kennen<br>&#8211; erhalten Einblicke aus einem Erfahrungsbericht eines landwirtschaftlichen Betriebs, der Futterhecken bereits erfolgreich umsetzt<\/p>\n\n\n\n<h2 class=\"wp-block-heading\">Date<\/h2>\n\n\n\n<p>25. M\u00e4rz 2026, 14:00-16:30<\/p>\n\n\n\n<h2 class=\"wp-block-heading\">Lieu<\/h2>\n\n\n\n<p>Online<\/p>\n\n\n\n<p><a href=\"https:\/\/shop.agridea.ch\/de\/produkt\/kursserie-klima-futterbaeume-und-hecken\" target=\"_blank\" rel=\"noreferrer noopener\">Link zu mehr Infos und Anmeldung<\/a><\/p>","protected":false},"excerpt":{"rendered":"<p>Text von agridea.ch: Potenzial, Umsetzung und Wirkung von Futtergeh\u00f6lzen f\u00fcr gesunde Tiere und klimaresiliente Betriebe Futterhecken und Futterb\u00e4ume verbinden Tierern\u00e4hrung, Klimaanpassung und Biodiversit\u00e4t auf sinnvolle Weise. Sie liefern strukturreiches Zusatzfutter, schaffen Schatten und Schutz f\u00fcr Tiere und st\u00e4rken gleichzeitig \u00f6kologische Kreisl\u00e4ufe auf dem Betrieb. In diesem Webinar erfahren Sie, welche Wirkung Futterhecken haben k\u00f6nnen, wie [&hellip;]<\/p>\n","protected":false},"author":2,"featured_media":38012,"comment_status":"closed","ping_status":"closed","sticky":false,"template":"","format":"standard","meta":{"_acf_changed":false,"site-sidebar-layout":"default","site-content-layout":"","ast-site-content-layout":"default","site-content-style":"default","site-sidebar-style":"default","ast-global-header-display":"","ast-banner-title-visibility":"","ast-main-header-display":"","ast-hfb-above-header-display":"","ast-hfb-below-header-display":"","ast-hfb-mobile-header-display":"","site-post-title":"","ast-breadcrumbs-content":"","ast-featured-img":"","footer-sml-layout":"","ast-disable-related-posts":"","theme-transparent-header-meta":"","adv-header-id-meta":"","stick-header-meta":"","header-above-stick-meta":"","header-main-stick-meta":"","header-below-stick-meta":"","astra-migrate-meta-layouts":"set","ast-page-background-enabled":"default","ast-page-background-meta":{"desktop":{"background-color":"var(--ast-global-color-4)","background-image":"","background-repeat":"repeat","background-position":"center center","background-size":"auto","background-attachment":"scroll","background-type":"","background-media":"","overlay-type":"","overlay-color":"","overlay-opacity":"","overlay-gradient":""},"tablet":{"background-color":"","background-image":"","background-repeat":"repeat","background-position":"center center","background-size":"auto","background-attachment":"scroll","background-type":"","background-media":"","overlay-type":"","overlay-color":"","overlay-opacity":"","overlay-gradient":""},"mobile":{"background-color":"","background-image":"","background-repeat":"repeat","background-position":"center center","background-size":"auto","background-attachment":"scroll","background-type":"","background-media":"","overlay-type":"","overlay-color":"","overlay-opacity":"","overlay-gradient":""}},"ast-content-background-meta":{"desktop":{"background-color":"var(--ast-global-color-5)","background-image":"","background-repeat":"repeat","background-position":"center center","background-size":"auto","background-attachment":"scroll","background-type":"","background-media":"","overlay-type":"","overlay-color":"","overlay-opacity":"","overlay-gradient":""},"tablet":{"background-color":"var(--ast-global-color-5)","background-image":"","background-repeat":"repeat","background-position":"center center","background-size":"auto","background-attachment":"scroll","background-type":"","background-media":"","overlay-type":"","overlay-color":"","overlay-opacity":"","overlay-gradient":""},"mobile":{"background-color":"var(--ast-global-color-5)","background-image":"","background-repeat":"repeat","background-position":"center center","background-size":"auto","background-attachment":"scroll","background-type":"","background-media":"","overlay-type":"","overlay-color":"","overlay-opacity":"","overlay-gradient":""}},"footnotes":""},"categories":[14],"tags":[292,31,1130,120,36],"class_list":["post-38011","post","type-post","status-publish","format-standard","has-post-thumbnail","hentry","category-veranstaltung","tag-agridea","tag-agroforst","tag-futterbaeume","tag-futterhecke","tag-kurs"],"acf":[],"yoast_head":"<!-- This site is optimized with the Yoast SEO plugin v27.5 - https:\/\/yoast.com\/product\/yoast-seo-wordpress\/ -->\n<title>Futterb\u00e4ume und -hecken - Kurs am 25. M\u00e4rz 2026 - Permakultur-Landwirtschaft<\/title>\n<meta name=\"description\" content=\"Potenzial, Umsetzung und Wirkung von Futterhecken und Futterb\u00e4umen f\u00fcr gesunde Tiere und klimaresiliente Betriebe.\" \/>\n<meta name=\"robots\" content=\"index, follow, max-snippet:-1, max-image-preview:large, max-video-preview:-1\" \/>\n<link rel=\"canonical\" href=\"https:\/\/permakultur-landwirtschaft.org\/fr\/futterbaeume-und-hecken-kurs-am-25-maerz-2026\/\" \/>\n<meta property=\"og:locale\" content=\"fr_FR\" \/>\n<meta property=\"og:type\" content=\"article\" \/>\n<meta property=\"og:title\" content=\"Futterb\u00e4ume und -hecken - Kurs am 25. M\u00e4rz 2026 - Permakultur-Landwirtschaft\" \/>\n<meta property=\"og:description\" content=\"Potenzial, Umsetzung und Wirkung von Futterhecken und Futterb\u00e4umen f\u00fcr gesunde Tiere und klimaresiliente Betriebe.\" \/>\n<meta property=\"og:url\" content=\"https:\/\/permakultur-landwirtschaft.org\/fr\/futterbaeume-und-hecken-kurs-am-25-maerz-2026\/\" \/>\n<meta property=\"og:site_name\" content=\"Permakultur-Landwirtschaft\" \/>\n<meta property=\"article:publisher\" content=\"https:\/\/www.facebook.com\/PermakulturLandwirtschaft\" \/>\n<meta property=\"article:published_time\" content=\"2026-02-26T15:17:20+00:00\" \/>\n<meta property=\"article:modified_time\" content=\"2026-02-26T15:17:21+00:00\" \/>\n<meta property=\"og:image\" content=\"https:\/\/permakultur-landwirtschaft.org\/wp-content\/uploads\/2026\/02\/agridea_futterhecke_5064_kl.jpg\" \/>\n\t<meta property=\"og:image:width\" content=\"400\" \/>\n\t<meta property=\"og:image:height\" content=\"400\" \/>\n\t<meta property=\"og:image:type\" content=\"image\/jpeg\" \/>\n<meta name=\"author\" content=\"adrian reutimann\" \/>\n<meta name=\"twitter:card\" content=\"summary_large_image\" \/>\n<meta name=\"twitter:label1\" content=\"\u00c9crit par\" \/>\n\t<meta name=\"twitter:data1\" content=\"adrian reutimann\" \/>\n\t<meta name=\"twitter:label2\" content=\"Dur\u00e9e de lecture estim\u00e9e\" \/>\n\t<meta name=\"twitter:data2\" content=\"2 minutes\" \/>\n<script type=\"application\/ld+json\" class=\"yoast-schema-graph\">{\"@context\":\"https:\\\/\\\/schema.org\",\"@graph\":[{\"@type\":\"Article\",\"@id\":\"https:\\\/\\\/permakultur-landwirtschaft.org\\\/futterbaeume-und-hecken-kurs-am-25-maerz-2026\\\/#article\",\"isPartOf\":{\"@id\":\"https:\\\/\\\/permakultur-landwirtschaft.org\\\/futterbaeume-und-hecken-kurs-am-25-maerz-2026\\\/\"},\"author\":{\"name\":\"adrian reutimann\",\"@id\":\"https:\\\/\\\/permakultur-landwirtschaft.org\\\/#\\\/schema\\\/person\\\/6b0467872f75aed3e144093f9bf4f0b0\"},\"headline\":\"Futterb\u00e4ume und -hecken &#8211; Kurs am 25. M\u00e4rz 2026\",\"datePublished\":\"2026-02-26T15:17:20+00:00\",\"dateModified\":\"2026-02-26T15:17:21+00:00\",\"mainEntityOfPage\":{\"@id\":\"https:\\\/\\\/permakultur-landwirtschaft.org\\\/futterbaeume-und-hecken-kurs-am-25-maerz-2026\\\/\"},\"wordCount\":217,\"publisher\":{\"@id\":\"https:\\\/\\\/permakultur-landwirtschaft.org\\\/#organization\"},\"image\":{\"@id\":\"https:\\\/\\\/permakultur-landwirtschaft.org\\\/futterbaeume-und-hecken-kurs-am-25-maerz-2026\\\/#primaryimage\"},\"thumbnailUrl\":\"https:\\\/\\\/permakultur-landwirtschaft.org\\\/wp-content\\\/uploads\\\/2026\\\/02\\\/agridea_futterhecke_5064_kl.jpg\",\"keywords\":[\"Agridea\",\"Agroforst\",\"Futterb\u00e4ume\",\"Futterhecke\",\"Kurs\"],\"articleSection\":[\"Veranstaltung\"],\"inLanguage\":\"fr-FR\"},{\"@type\":\"WebPage\",\"@id\":\"https:\\\/\\\/permakultur-landwirtschaft.org\\\/futterbaeume-und-hecken-kurs-am-25-maerz-2026\\\/\",\"url\":\"https:\\\/\\\/permakultur-landwirtschaft.org\\\/futterbaeume-und-hecken-kurs-am-25-maerz-2026\\\/\",\"name\":\"Futterb\u00e4ume und -hecken - Kurs am 25. M\u00e4rz 2026 - Permakultur-Landwirtschaft\",\"isPartOf\":{\"@id\":\"https:\\\/\\\/permakultur-landwirtschaft.org\\\/#website\"},\"primaryImageOfPage\":{\"@id\":\"https:\\\/\\\/permakultur-landwirtschaft.org\\\/futterbaeume-und-hecken-kurs-am-25-maerz-2026\\\/#primaryimage\"},\"image\":{\"@id\":\"https:\\\/\\\/permakultur-landwirtschaft.org\\\/futterbaeume-und-hecken-kurs-am-25-maerz-2026\\\/#primaryimage\"},\"thumbnailUrl\":\"https:\\\/\\\/permakultur-landwirtschaft.org\\\/wp-content\\\/uploads\\\/2026\\\/02\\\/agridea_futterhecke_5064_kl.jpg\",\"datePublished\":\"2026-02-26T15:17:20+00:00\",\"dateModified\":\"2026-02-26T15:17:21+00:00\",\"description\":\"Potenzial, Umsetzung und Wirkung von Futterhecken und Futterb\u00e4umen f\u00fcr gesunde Tiere und klimaresiliente Betriebe.\",\"breadcrumb\":{\"@id\":\"https:\\\/\\\/permakultur-landwirtschaft.org\\\/futterbaeume-und-hecken-kurs-am-25-maerz-2026\\\/#breadcrumb\"},\"inLanguage\":\"fr-FR\",\"potentialAction\":[{\"@type\":\"ReadAction\",\"target\":[\"https:\\\/\\\/permakultur-landwirtschaft.org\\\/futterbaeume-und-hecken-kurs-am-25-maerz-2026\\\/\"]}]},{\"@type\":\"ImageObject\",\"inLanguage\":\"fr-FR\",\"@id\":\"https:\\\/\\\/permakultur-landwirtschaft.org\\\/futterbaeume-und-hecken-kurs-am-25-maerz-2026\\\/#primaryimage\",\"url\":\"https:\\\/\\\/permakultur-landwirtschaft.org\\\/wp-content\\\/uploads\\\/2026\\\/02\\\/agridea_futterhecke_5064_kl.jpg\",\"contentUrl\":\"https:\\\/\\\/permakultur-landwirtschaft.org\\\/wp-content\\\/uploads\\\/2026\\\/02\\\/agridea_futterhecke_5064_kl.jpg\",\"width\":400,\"height\":400,\"caption\":\"Bild: S. Novak\"},{\"@type\":\"BreadcrumbList\",\"@id\":\"https:\\\/\\\/permakultur-landwirtschaft.org\\\/futterbaeume-und-hecken-kurs-am-25-maerz-2026\\\/#breadcrumb\",\"itemListElement\":[{\"@type\":\"ListItem\",\"position\":1,\"name\":\"Startseite\",\"item\":\"https:\\\/\\\/permakultur-landwirtschaft.org\\\/\"},{\"@type\":\"ListItem\",\"position\":2,\"name\":\"Futterb\u00e4ume und -hecken &#8211; Kurs am 25. M\u00e4rz 2026\"}]},{\"@type\":\"WebSite\",\"@id\":\"https:\\\/\\\/permakultur-landwirtschaft.org\\\/#website\",\"url\":\"https:\\\/\\\/permakultur-landwirtschaft.org\\\/\",\"name\":\"Permakultur-Landwirtschaft\",\"description\":\"F\u00f6rderung der Permakultur in der Landwirtschaft\",\"publisher\":{\"@id\":\"https:\\\/\\\/permakultur-landwirtschaft.org\\\/#organization\"},\"potentialAction\":[{\"@type\":\"SearchAction\",\"target\":{\"@type\":\"EntryPoint\",\"urlTemplate\":\"https:\\\/\\\/permakultur-landwirtschaft.org\\\/?s={search_term_string}\"},\"query-input\":{\"@type\":\"PropertyValueSpecification\",\"valueRequired\":true,\"valueName\":\"search_term_string\"}}],\"inLanguage\":\"fr-FR\"},{\"@type\":\"Organization\",\"@id\":\"https:\\\/\\\/permakultur-landwirtschaft.org\\\/#organization\",\"name\":\"Permakultur-Landwirtschaft\",\"alternateName\":\"Verein Permakultur-Landwirtschaft\",\"url\":\"https:\\\/\\\/permakultur-landwirtschaft.org\\\/\",\"logo\":{\"@type\":\"ImageObject\",\"inLanguage\":\"fr-FR\",\"@id\":\"https:\\\/\\\/permakultur-landwirtschaft.org\\\/#\\\/schema\\\/logo\\\/image\\\/\",\"url\":\"https:\\\/\\\/permakultur-landwirtschaft.org\\\/wp-content\\\/uploads\\\/2021\\\/11\\\/pela_1268x1269.png\",\"contentUrl\":\"https:\\\/\\\/permakultur-landwirtschaft.org\\\/wp-content\\\/uploads\\\/2021\\\/11\\\/pela_1268x1269.png\",\"width\":1298,\"height\":1269,\"caption\":\"Permakultur-Landwirtschaft\"},\"image\":{\"@id\":\"https:\\\/\\\/permakultur-landwirtschaft.org\\\/#\\\/schema\\\/logo\\\/image\\\/\"},\"sameAs\":[\"https:\\\/\\\/www.facebook.com\\\/PermakulturLandwirtschaft\",\"https:\\\/\\\/www.instagram.com\\\/permakultur_landwirtschaft\\\/\",\"https:\\\/\\\/www.flickr.com\\\/photos\\\/permakultur-landwirtschaft\",\"https:\\\/\\\/www.youtube.com\\\/@PermakulturLandwirtschaft\"]},{\"@type\":\"Person\",\"@id\":\"https:\\\/\\\/permakultur-landwirtschaft.org\\\/#\\\/schema\\\/person\\\/6b0467872f75aed3e144093f9bf4f0b0\",\"name\":\"adrian reutimann\",\"url\":\"https:\\\/\\\/permakultur-landwirtschaft.org\\\/fr\\\/author\\\/reutiadr\\\/\"}]}<\/script>\n<!-- \/ Yoast SEO plugin. -->","yoast_head_json":{"title":"Futterb\u00e4ume und -hecken - Kurs am 25. M\u00e4rz 2026 - Permakultur-Landwirtschaft","description":"Potenzial, Umsetzung und Wirkung von Futterhecken und Futterb\u00e4umen f\u00fcr gesunde Tiere und klimaresiliente Betriebe.","robots":{"index":"index","follow":"follow","max-snippet":"max-snippet:-1","max-image-preview":"max-image-preview:large","max-video-preview":"max-video-preview:-1"},"canonical":"https:\/\/permakultur-landwirtschaft.org\/fr\/futterbaeume-und-hecken-kurs-am-25-maerz-2026\/","og_locale":"fr_FR","og_type":"article","og_title":"Futterb\u00e4ume und -hecken - Kurs am 25. M\u00e4rz 2026 - Permakultur-Landwirtschaft","og_description":"Potenzial, Umsetzung und Wirkung von Futterhecken und Futterb\u00e4umen f\u00fcr gesunde Tiere und klimaresiliente Betriebe.","og_url":"https:\/\/permakultur-landwirtschaft.org\/fr\/futterbaeume-und-hecken-kurs-am-25-maerz-2026\/","og_site_name":"Permakultur-Landwirtschaft","article_publisher":"https:\/\/www.facebook.com\/PermakulturLandwirtschaft","article_published_time":"2026-02-26T15:17:20+00:00","article_modified_time":"2026-02-26T15:17:21+00:00","og_image":[{"width":400,"height":400,"url":"https:\/\/permakultur-landwirtschaft.org\/wp-content\/uploads\/2026\/02\/agridea_futterhecke_5064_kl.jpg","type":"image\/jpeg"}],"author":"adrian reutimann","twitter_card":"summary_large_image","twitter_misc":{"\u00c9crit par":"adrian reutimann","Dur\u00e9e de lecture estim\u00e9e":"2 minutes"},"schema":{"@context":"https:\/\/schema.org","@graph":[{"@type":"Article","@id":"https:\/\/permakultur-landwirtschaft.org\/futterbaeume-und-hecken-kurs-am-25-maerz-2026\/#article","isPartOf":{"@id":"https:\/\/permakultur-landwirtschaft.org\/futterbaeume-und-hecken-kurs-am-25-maerz-2026\/"},"author":{"name":"adrian reutimann","@id":"https:\/\/permakultur-landwirtschaft.org\/#\/schema\/person\/6b0467872f75aed3e144093f9bf4f0b0"},"headline":"Futterb\u00e4ume und -hecken &#8211; Kurs am 25. M\u00e4rz 2026","datePublished":"2026-02-26T15:17:20+00:00","dateModified":"2026-02-26T15:17:21+00:00","mainEntityOfPage":{"@id":"https:\/\/permakultur-landwirtschaft.org\/futterbaeume-und-hecken-kurs-am-25-maerz-2026\/"},"wordCount":217,"publisher":{"@id":"https:\/\/permakultur-landwirtschaft.org\/#organization"},"image":{"@id":"https:\/\/permakultur-landwirtschaft.org\/futterbaeume-und-hecken-kurs-am-25-maerz-2026\/#primaryimage"},"thumbnailUrl":"https:\/\/permakultur-landwirtschaft.org\/wp-content\/uploads\/2026\/02\/agridea_futterhecke_5064_kl.jpg","keywords":["Agridea","Agroforst","Futterb\u00e4ume","Futterhecke","Kurs"],"articleSection":["Veranstaltung"],"inLanguage":"fr-FR"},{"@type":"WebPage","@id":"https:\/\/permakultur-landwirtschaft.org\/futterbaeume-und-hecken-kurs-am-25-maerz-2026\/","url":"https:\/\/permakultur-landwirtschaft.org\/futterbaeume-und-hecken-kurs-am-25-maerz-2026\/","name":"Futterb\u00e4ume und -hecken - Kurs am 25. M\u00e4rz 2026 - Permakultur-Landwirtschaft","isPartOf":{"@id":"https:\/\/permakultur-landwirtschaft.org\/#website"},"primaryImageOfPage":{"@id":"https:\/\/permakultur-landwirtschaft.org\/futterbaeume-und-hecken-kurs-am-25-maerz-2026\/#primaryimage"},"image":{"@id":"https:\/\/permakultur-landwirtschaft.org\/futterbaeume-und-hecken-kurs-am-25-maerz-2026\/#primaryimage"},"thumbnailUrl":"https:\/\/permakultur-landwirtschaft.org\/wp-content\/uploads\/2026\/02\/agridea_futterhecke_5064_kl.jpg","datePublished":"2026-02-26T15:17:20+00:00","dateModified":"2026-02-26T15:17:21+00:00","description":"Potenzial, Umsetzung und Wirkung von Futterhecken und Futterb\u00e4umen f\u00fcr gesunde Tiere und klimaresiliente Betriebe.","breadcrumb":{"@id":"https:\/\/permakultur-landwirtschaft.org\/futterbaeume-und-hecken-kurs-am-25-maerz-2026\/#breadcrumb"},"inLanguage":"fr-FR","potentialAction":[{"@type":"ReadAction","target":["https:\/\/permakultur-landwirtschaft.org\/futterbaeume-und-hecken-kurs-am-25-maerz-2026\/"]}]},{"@type":"ImageObject","inLanguage":"fr-FR","@id":"https:\/\/permakultur-landwirtschaft.org\/futterbaeume-und-hecken-kurs-am-25-maerz-2026\/#primaryimage","url":"https:\/\/permakultur-landwirtschaft.org\/wp-content\/uploads\/2026\/02\/agridea_futterhecke_5064_kl.jpg","contentUrl":"https:\/\/permakultur-landwirtschaft.org\/wp-content\/uploads\/2026\/02\/agridea_futterhecke_5064_kl.jpg","width":400,"height":400,"caption":"Bild: S. Novak"},{"@type":"BreadcrumbList","@id":"https:\/\/permakultur-landwirtschaft.org\/futterbaeume-und-hecken-kurs-am-25-maerz-2026\/#breadcrumb","itemListElement":[{"@type":"ListItem","position":1,"name":"Startseite","item":"https:\/\/permakultur-landwirtschaft.org\/"},{"@type":"ListItem","position":2,"name":"Futterb\u00e4ume und -hecken &#8211; Kurs am 25. M\u00e4rz 2026"}]},{"@type":"WebSite","@id":"https:\/\/permakultur-landwirtschaft.org\/#website","url":"https:\/\/permakultur-landwirtschaft.org\/","name":"Permakultur-Landwirtschaft","description":"F\u00f6rderung der Permakultur in der Landwirtschaft","publisher":{"@id":"https:\/\/permakultur-landwirtschaft.org\/#organization"},"potentialAction":[{"@type":"SearchAction","target":{"@type":"EntryPoint","urlTemplate":"https:\/\/permakultur-landwirtschaft.org\/?s={search_term_string}"},"query-input":{"@type":"PropertyValueSpecification","valueRequired":true,"valueName":"search_term_string"}}],"inLanguage":"fr-FR"},{"@type":"Organization","@id":"https:\/\/permakultur-landwirtschaft.org\/#organization","name":"Permakultur-Landwirtschaft","alternateName":"Verein Permakultur-Landwirtschaft","url":"https:\/\/permakultur-landwirtschaft.org\/","logo":{"@type":"ImageObject","inLanguage":"fr-FR","@id":"https:\/\/permakultur-landwirtschaft.org\/#\/schema\/logo\/image\/","url":"https:\/\/permakultur-landwirtschaft.org\/wp-content\/uploads\/2021\/11\/pela_1268x1269.png","contentUrl":"https:\/\/permakultur-landwirtschaft.org\/wp-content\/uploads\/2021\/11\/pela_1268x1269.png","width":1298,"height":1269,"caption":"Permakultur-Landwirtschaft"},"image":{"@id":"https:\/\/permakultur-landwirtschaft.org\/#\/schema\/logo\/image\/"},"sameAs":["https:\/\/www.facebook.com\/PermakulturLandwirtschaft","https:\/\/www.instagram.com\/permakultur_landwirtschaft\/","https:\/\/www.flickr.com\/photos\/permakultur-landwirtschaft","https:\/\/www.youtube.com\/@PermakulturLandwirtschaft"]},{"@type":"Person","@id":"https:\/\/permakultur-landwirtschaft.org\/#\/schema\/person\/6b0467872f75aed3e144093f9bf4f0b0","name":"adrian reutimann","url":"https:\/\/permakultur-landwirtschaft.org\/fr\/author\/reutiadr\/"}]}},"_links":{"self":[{"href":"https:\/\/permakultur-landwirtschaft.org\/fr\/wp-json\/wp\/v2\/posts\/38011","targetHints":{"allow":["GET"]}}],"collection":[{"href":"https:\/\/permakultur-landwirtschaft.org\/fr\/wp-json\/wp\/v2\/posts"}],"about":[{"href":"https:\/\/permakultur-landwirtschaft.org\/fr\/wp-json\/wp\/v2\/types\/post"}],"author":[{"embeddable":true,"href":"https:\/\/permakultur-landwirtschaft.org\/fr\/wp-json\/wp\/v2\/users\/2"}],"replies":[{"embeddable":true,"href":"https:\/\/permakultur-landwirtschaft.org\/fr\/wp-json\/wp\/v2\/comments?post=38011"}],"version-history":[{"count":1,"href":"https:\/\/permakultur-landwirtschaft.org\/fr\/wp-json\/wp\/v2\/posts\/38011\/revisions"}],"predecessor-version":[{"id":38013,"href":"https:\/\/permakultur-landwirtschaft.org\/fr\/wp-json\/wp\/v2\/posts\/38011\/revisions\/38013"}],"wp:featuredmedia":[{"embeddable":true,"href":"https:\/\/permakultur-landwirtschaft.org\/fr\/wp-json\/wp\/v2\/media\/38012"}],"wp:attachment":[{"href":"https:\/\/permakultur-landwirtschaft.org\/fr\/wp-json\/wp\/v2\/media?parent=38011"}],"wp:term":[{"taxonomy":"category","embeddable":true,"href":"https:\/\/permakultur-landwirtschaft.org\/fr\/wp-json\/wp\/v2\/categories?post=38011"},{"taxonomy":"post_tag","embeddable":true,"href":"https:\/\/permakultur-landwirtschaft.org\/fr\/wp-json\/wp\/v2\/tags?post=38011"}],"curies":[{"name":"wp","href":"https:\/\/api.w.org\/{rel}","templated":true}]}}