{"id":38005,"date":"2026-02-12T15:52:05","date_gmt":"2026-02-12T14:52:05","guid":{"rendered":"https:\/\/permakultur-landwirtschaft.org\/?p=38005"},"modified":"2026-02-19T16:02:43","modified_gmt":"2026-02-19T15:02:43","slug":"gesundheit-beginnt-beim-boden-ein-vortrag-von-stefan-schwarzer-vom-12-februar-2026","status":"publish","type":"post","link":"https:\/\/permakultur-landwirtschaft.org\/fr\/gesundheit-beginnt-beim-boden-ein-vortrag-von-stefan-schwarzer-vom-12-februar-2026\/","title":{"rendered":"Gesundheit beginnt beim Boden &#8211; ein Vortrag von Stefan Schwarzer vom 12. Februar 2026"},"content":{"rendered":"<p>Text von regenerateforum.org:<\/p>\n\n\n\n<p>Das Regenerate Forum lud am 14. Januar 2026 zu einem inspirierenden Abend ein, der den Blick auf Gesundheit, Ern\u00e4hrung und unsere Lebensgrundlage Boden erweitert. Stefan Schwarzer hielt hierzu einen Vortrag zum gleichnamigen Buch &#8218;Gesundheit beginnt beim Boden&#8216; im Hopfengut 20 in Tettnang. <\/p>\n\n\n\n<p>Verst\u00e4ndlich und lebendig zeigte er, wie Mikroorganismen B\u00f6den fruchtbar machen, Pflanzen widerstandsf\u00e4higer werden lassen, Tiergesundheit st\u00e4rken und letztlich auch unser eigenes Wohlbefinden beeinflussen. Die Mischung aus aktueller Forschung, anschaulichen Beispielen und vielen Aha-Momenten macht den Vortrag gleicherma\u00dfen lehrreich wie unterhaltsam \u2013 Wer Mikroben bisher nur aus dem Biologieunterricht oder vom Joghurtbecher kannte, gewann an diesem Abend eine v\u00f6llig neue Perspektive.<\/p>\n\n\n\n<figure class=\"wp-block-embed is-type-video is-provider-youtube wp-block-embed-youtube wp-embed-aspect-16-9 wp-has-aspect-ratio\"><div class=\"wp-block-embed__wrapper\">\n<iframe title=\"Gesundheit beginnt beim Boden - ein Vortrag von Stefan Schwarzer\" width=\"500\" height=\"281\" src=\"https:\/\/www.youtube.com\/embed\/MxuM2azuUf0?feature=oembed\" frameborder=\"0\" allow=\"accelerometer; autoplay; clipboard-write; encrypted-media; gyroscope; picture-in-picture; web-share\" referrerpolicy=\"strict-origin-when-cross-origin\" allowfullscreen><\/iframe>\n<\/div><\/figure>\n\n\n\n<div style=\"height:21px\" aria-hidden=\"true\" class=\"wp-block-spacer\"><\/div>\n\n\n\n<p><a href=\"https:\/\/youtu.be\/MxuM2azuUf0\" target=\"_blank\" rel=\"noreferrer noopener\">Link zum Vortrag<\/a><\/p>\n\n\n\n<p><a href=\"https:\/\/regenerateforum.org\" target=\"_blank\" rel=\"noreferrer noopener\">Link zum Regenerate Forum<\/a><\/p>","protected":false},"excerpt":{"rendered":"<p>Text von regenerateforum.org: Das Regenerate Forum lud am 14. Januar 2026 zu einem inspirierenden Abend ein, der den Blick auf Gesundheit, Ern\u00e4hrung und unsere Lebensgrundlage Boden erweitert. Stefan Schwarzer hielt hierzu einen Vortrag zum gleichnamigen Buch &#8218;Gesundheit beginnt beim Boden&#8216; im Hopfengut 20 in Tettnang. Verst\u00e4ndlich und lebendig zeigte er, wie Mikroorganismen B\u00f6den fruchtbar machen, [&hellip;]<\/p>\n","protected":false},"author":2,"featured_media":38006,"comment_status":"closed","ping_status":"closed","sticky":false,"template":"","format":"standard","meta":{"_acf_changed":false,"site-sidebar-layout":"default","site-content-layout":"","ast-site-content-layout":"default","site-content-style":"default","site-sidebar-style":"default","ast-global-header-display":"","ast-banner-title-visibility":"","ast-main-header-display":"","ast-hfb-above-header-display":"","ast-hfb-below-header-display":"","ast-hfb-mobile-header-display":"","site-post-title":"","ast-breadcrumbs-content":"","ast-featured-img":"","footer-sml-layout":"","ast-disable-related-posts":"","theme-transparent-header-meta":"","adv-header-id-meta":"","stick-header-meta":"","header-above-stick-meta":"","header-main-stick-meta":"","header-below-stick-meta":"","astra-migrate-meta-layouts":"set","ast-page-background-enabled":"default","ast-page-background-meta":{"desktop":{"background-color":"var(--ast-global-color-4)","background-image":"","background-repeat":"repeat","background-position":"center center","background-size":"auto","background-attachment":"scroll","background-type":"","background-media":"","overlay-type":"","overlay-color":"","overlay-opacity":"","overlay-gradient":""},"tablet":{"background-color":"","background-image":"","background-repeat":"repeat","background-position":"center center","background-size":"auto","background-attachment":"scroll","background-type":"","background-media":"","overlay-type":"","overlay-color":"","overlay-opacity":"","overlay-gradient":""},"mobile":{"background-color":"","background-image":"","background-repeat":"repeat","background-position":"center center","background-size":"auto","background-attachment":"scroll","background-type":"","background-media":"","overlay-type":"","overlay-color":"","overlay-opacity":"","overlay-gradient":""}},"ast-content-background-meta":{"desktop":{"background-color":"var(--ast-global-color-5)","background-image":"","background-repeat":"repeat","background-position":"center center","background-size":"auto","background-attachment":"scroll","background-type":"","background-media":"","overlay-type":"","overlay-color":"","overlay-opacity":"","overlay-gradient":""},"tablet":{"background-color":"var(--ast-global-color-5)","background-image":"","background-repeat":"repeat","background-position":"center center","background-size":"auto","background-attachment":"scroll","background-type":"","background-media":"","overlay-type":"","overlay-color":"","overlay-opacity":"","overlay-gradient":""},"mobile":{"background-color":"var(--ast-global-color-5)","background-image":"","background-repeat":"repeat","background-position":"center center","background-size":"auto","background-attachment":"scroll","background-type":"","background-media":"","overlay-type":"","overlay-color":"","overlay-opacity":"","overlay-gradient":""}},"footnotes":""},"categories":[45],"tags":[28,170,953,130,767,1128,1129],"class_list":["post-38005","post","type-post","status-publish","format-standard","has-post-thumbnail","hentry","category-filme","tag-boden","tag-buch","tag-gesundheit","tag-mikroorganismen","tag-regenerate-forum","tag-stefan-schwarzer","tag-tettnang"],"acf":[],"yoast_head":"<!-- This site is optimized with the Yoast SEO plugin v27.5 - https:\/\/yoast.com\/product\/yoast-seo-wordpress\/ -->\n<title>Gesundheit beginnt beim Boden - ein Vortrag von Stefan Schwarzer vom 12. Februar 2026 - Permakultur-Landwirtschaft<\/title>\n<meta name=\"description\" content=\"Stefan Schwarzer h\u00e4lt einen Vortrag zum gleichnamigen Buch &#039;Gesundheit beginnt beim Boden&#039; im Hopfengut 20 in Tettnang.\" \/>\n<meta name=\"robots\" content=\"index, follow, max-snippet:-1, max-image-preview:large, max-video-preview:-1\" \/>\n<link rel=\"canonical\" href=\"https:\/\/permakultur-landwirtschaft.org\/fr\/gesundheit-beginnt-beim-boden-ein-vortrag-von-stefan-schwarzer-vom-12-februar-2026\/\" \/>\n<meta property=\"og:locale\" content=\"fr_FR\" \/>\n<meta property=\"og:type\" content=\"article\" \/>\n<meta property=\"og:title\" content=\"Gesundheit beginnt beim Boden - ein Vortrag von Stefan Schwarzer vom 12. Februar 2026 - Permakultur-Landwirtschaft\" \/>\n<meta property=\"og:description\" content=\"Stefan Schwarzer h\u00e4lt einen Vortrag zum gleichnamigen Buch &#039;Gesundheit beginnt beim Boden&#039; im Hopfengut 20 in Tettnang.\" \/>\n<meta property=\"og:url\" content=\"https:\/\/permakultur-landwirtschaft.org\/fr\/gesundheit-beginnt-beim-boden-ein-vortrag-von-stefan-schwarzer-vom-12-februar-2026\/\" \/>\n<meta property=\"og:site_name\" content=\"Permakultur-Landwirtschaft\" \/>\n<meta property=\"article:publisher\" content=\"https:\/\/www.facebook.com\/PermakulturLandwirtschaft\" \/>\n<meta property=\"article:published_time\" content=\"2026-02-12T14:52:05+00:00\" \/>\n<meta property=\"article:modified_time\" content=\"2026-02-19T15:02:43+00:00\" \/>\n<meta property=\"og:image\" content=\"https:\/\/permakultur-landwirtschaft.org\/wp-content\/uploads\/2026\/02\/gesundheit_boden_schwarzer_19-02-2026_14-26-44.jpg\" \/>\n\t<meta property=\"og:image:width\" content=\"699\" \/>\n\t<meta property=\"og:image:height\" content=\"361\" \/>\n\t<meta property=\"og:image:type\" content=\"image\/jpeg\" \/>\n<meta name=\"author\" content=\"adrian reutimann\" \/>\n<meta name=\"twitter:card\" content=\"summary_large_image\" \/>\n<meta name=\"twitter:label1\" content=\"\u00c9crit par\" \/>\n\t<meta name=\"twitter:data1\" content=\"adrian reutimann\" \/>\n\t<meta name=\"twitter:label2\" content=\"Dur\u00e9e de lecture estim\u00e9e\" \/>\n\t<meta name=\"twitter:data2\" content=\"1 minute\" \/>\n<script type=\"application\/ld+json\" class=\"yoast-schema-graph\">{\"@context\":\"https:\\\/\\\/schema.org\",\"@graph\":[{\"@type\":\"Article\",\"@id\":\"https:\\\/\\\/permakultur-landwirtschaft.org\\\/gesundheit-beginnt-beim-boden-ein-vortrag-von-stefan-schwarzer-vom-12-februar-2026\\\/#article\",\"isPartOf\":{\"@id\":\"https:\\\/\\\/permakultur-landwirtschaft.org\\\/gesundheit-beginnt-beim-boden-ein-vortrag-von-stefan-schwarzer-vom-12-februar-2026\\\/\"},\"author\":{\"name\":\"adrian reutimann\",\"@id\":\"https:\\\/\\\/permakultur-landwirtschaft.org\\\/#\\\/schema\\\/person\\\/6b0467872f75aed3e144093f9bf4f0b0\"},\"headline\":\"Gesundheit beginnt beim Boden &#8211; ein Vortrag von Stefan Schwarzer vom 12. Februar 2026\",\"datePublished\":\"2026-02-12T14:52:05+00:00\",\"dateModified\":\"2026-02-19T15:02:43+00:00\",\"mainEntityOfPage\":{\"@id\":\"https:\\\/\\\/permakultur-landwirtschaft.org\\\/gesundheit-beginnt-beim-boden-ein-vortrag-von-stefan-schwarzer-vom-12-februar-2026\\\/\"},\"wordCount\":133,\"publisher\":{\"@id\":\"https:\\\/\\\/permakultur-landwirtschaft.org\\\/#organization\"},\"image\":{\"@id\":\"https:\\\/\\\/permakultur-landwirtschaft.org\\\/gesundheit-beginnt-beim-boden-ein-vortrag-von-stefan-schwarzer-vom-12-februar-2026\\\/#primaryimage\"},\"thumbnailUrl\":\"https:\\\/\\\/permakultur-landwirtschaft.org\\\/wp-content\\\/uploads\\\/2026\\\/02\\\/gesundheit_boden_schwarzer_19-02-2026_14-26-44.jpg\",\"keywords\":[\"boden\",\"Buch\",\"Gesundheit\",\"Mikroorganismen\",\"Regenerate Forum\",\"Stefan Schwarzer\",\"Tettnang\"],\"articleSection\":[\"Film\"],\"inLanguage\":\"fr-FR\"},{\"@type\":\"WebPage\",\"@id\":\"https:\\\/\\\/permakultur-landwirtschaft.org\\\/gesundheit-beginnt-beim-boden-ein-vortrag-von-stefan-schwarzer-vom-12-februar-2026\\\/\",\"url\":\"https:\\\/\\\/permakultur-landwirtschaft.org\\\/gesundheit-beginnt-beim-boden-ein-vortrag-von-stefan-schwarzer-vom-12-februar-2026\\\/\",\"name\":\"Gesundheit beginnt beim Boden - ein Vortrag von Stefan Schwarzer vom 12. Februar 2026 - Permakultur-Landwirtschaft\",\"isPartOf\":{\"@id\":\"https:\\\/\\\/permakultur-landwirtschaft.org\\\/#website\"},\"primaryImageOfPage\":{\"@id\":\"https:\\\/\\\/permakultur-landwirtschaft.org\\\/gesundheit-beginnt-beim-boden-ein-vortrag-von-stefan-schwarzer-vom-12-februar-2026\\\/#primaryimage\"},\"image\":{\"@id\":\"https:\\\/\\\/permakultur-landwirtschaft.org\\\/gesundheit-beginnt-beim-boden-ein-vortrag-von-stefan-schwarzer-vom-12-februar-2026\\\/#primaryimage\"},\"thumbnailUrl\":\"https:\\\/\\\/permakultur-landwirtschaft.org\\\/wp-content\\\/uploads\\\/2026\\\/02\\\/gesundheit_boden_schwarzer_19-02-2026_14-26-44.jpg\",\"datePublished\":\"2026-02-12T14:52:05+00:00\",\"dateModified\":\"2026-02-19T15:02:43+00:00\",\"description\":\"Stefan Schwarzer h\u00e4lt einen Vortrag zum gleichnamigen Buch 'Gesundheit beginnt beim Boden' im Hopfengut 20 in Tettnang.\",\"breadcrumb\":{\"@id\":\"https:\\\/\\\/permakultur-landwirtschaft.org\\\/gesundheit-beginnt-beim-boden-ein-vortrag-von-stefan-schwarzer-vom-12-februar-2026\\\/#breadcrumb\"},\"inLanguage\":\"fr-FR\",\"potentialAction\":[{\"@type\":\"ReadAction\",\"target\":[\"https:\\\/\\\/permakultur-landwirtschaft.org\\\/gesundheit-beginnt-beim-boden-ein-vortrag-von-stefan-schwarzer-vom-12-februar-2026\\\/\"]}]},{\"@type\":\"ImageObject\",\"inLanguage\":\"fr-FR\",\"@id\":\"https:\\\/\\\/permakultur-landwirtschaft.org\\\/gesundheit-beginnt-beim-boden-ein-vortrag-von-stefan-schwarzer-vom-12-februar-2026\\\/#primaryimage\",\"url\":\"https:\\\/\\\/permakultur-landwirtschaft.org\\\/wp-content\\\/uploads\\\/2026\\\/02\\\/gesundheit_boden_schwarzer_19-02-2026_14-26-44.jpg\",\"contentUrl\":\"https:\\\/\\\/permakultur-landwirtschaft.org\\\/wp-content\\\/uploads\\\/2026\\\/02\\\/gesundheit_boden_schwarzer_19-02-2026_14-26-44.jpg\",\"width\":699,\"height\":361,\"caption\":\"Bild: youtube\"},{\"@type\":\"BreadcrumbList\",\"@id\":\"https:\\\/\\\/permakultur-landwirtschaft.org\\\/gesundheit-beginnt-beim-boden-ein-vortrag-von-stefan-schwarzer-vom-12-februar-2026\\\/#breadcrumb\",\"itemListElement\":[{\"@type\":\"ListItem\",\"position\":1,\"name\":\"Startseite\",\"item\":\"https:\\\/\\\/permakultur-landwirtschaft.org\\\/\"},{\"@type\":\"ListItem\",\"position\":2,\"name\":\"Gesundheit beginnt beim Boden &#8211; ein Vortrag von Stefan Schwarzer vom 12. Februar 2026\"}]},{\"@type\":\"WebSite\",\"@id\":\"https:\\\/\\\/permakultur-landwirtschaft.org\\\/#website\",\"url\":\"https:\\\/\\\/permakultur-landwirtschaft.org\\\/\",\"name\":\"Permakultur-Landwirtschaft\",\"description\":\"F\u00f6rderung der Permakultur in der Landwirtschaft\",\"publisher\":{\"@id\":\"https:\\\/\\\/permakultur-landwirtschaft.org\\\/#organization\"},\"potentialAction\":[{\"@type\":\"SearchAction\",\"target\":{\"@type\":\"EntryPoint\",\"urlTemplate\":\"https:\\\/\\\/permakultur-landwirtschaft.org\\\/?s={search_term_string}\"},\"query-input\":{\"@type\":\"PropertyValueSpecification\",\"valueRequired\":true,\"valueName\":\"search_term_string\"}}],\"inLanguage\":\"fr-FR\"},{\"@type\":\"Organization\",\"@id\":\"https:\\\/\\\/permakultur-landwirtschaft.org\\\/#organization\",\"name\":\"Permakultur-Landwirtschaft\",\"alternateName\":\"Verein Permakultur-Landwirtschaft\",\"url\":\"https:\\\/\\\/permakultur-landwirtschaft.org\\\/\",\"logo\":{\"@type\":\"ImageObject\",\"inLanguage\":\"fr-FR\",\"@id\":\"https:\\\/\\\/permakultur-landwirtschaft.org\\\/#\\\/schema\\\/logo\\\/image\\\/\",\"url\":\"https:\\\/\\\/permakultur-landwirtschaft.org\\\/wp-content\\\/uploads\\\/2021\\\/11\\\/pela_1268x1269.png\",\"contentUrl\":\"https:\\\/\\\/permakultur-landwirtschaft.org\\\/wp-content\\\/uploads\\\/2021\\\/11\\\/pela_1268x1269.png\",\"width\":1298,\"height\":1269,\"caption\":\"Permakultur-Landwirtschaft\"},\"image\":{\"@id\":\"https:\\\/\\\/permakultur-landwirtschaft.org\\\/#\\\/schema\\\/logo\\\/image\\\/\"},\"sameAs\":[\"https:\\\/\\\/www.facebook.com\\\/PermakulturLandwirtschaft\",\"https:\\\/\\\/www.instagram.com\\\/permakultur_landwirtschaft\\\/\",\"https:\\\/\\\/www.flickr.com\\\/photos\\\/permakultur-landwirtschaft\",\"https:\\\/\\\/www.youtube.com\\\/@PermakulturLandwirtschaft\"]},{\"@type\":\"Person\",\"@id\":\"https:\\\/\\\/permakultur-landwirtschaft.org\\\/#\\\/schema\\\/person\\\/6b0467872f75aed3e144093f9bf4f0b0\",\"name\":\"adrian reutimann\",\"url\":\"https:\\\/\\\/permakultur-landwirtschaft.org\\\/fr\\\/author\\\/reutiadr\\\/\"}]}<\/script>\n<!-- \/ Yoast SEO plugin. -->","yoast_head_json":{"title":"Gesundheit beginnt beim Boden - ein Vortrag von Stefan Schwarzer vom 12. Februar 2026 - Permakultur-Landwirtschaft","description":"Stefan Schwarzer h\u00e4lt einen Vortrag zum gleichnamigen Buch 'Gesundheit beginnt beim Boden' im Hopfengut 20 in Tettnang.","robots":{"index":"index","follow":"follow","max-snippet":"max-snippet:-1","max-image-preview":"max-image-preview:large","max-video-preview":"max-video-preview:-1"},"canonical":"https:\/\/permakultur-landwirtschaft.org\/fr\/gesundheit-beginnt-beim-boden-ein-vortrag-von-stefan-schwarzer-vom-12-februar-2026\/","og_locale":"fr_FR","og_type":"article","og_title":"Gesundheit beginnt beim Boden - ein Vortrag von Stefan Schwarzer vom 12. Februar 2026 - Permakultur-Landwirtschaft","og_description":"Stefan Schwarzer h\u00e4lt einen Vortrag zum gleichnamigen Buch 'Gesundheit beginnt beim Boden' im Hopfengut 20 in Tettnang.","og_url":"https:\/\/permakultur-landwirtschaft.org\/fr\/gesundheit-beginnt-beim-boden-ein-vortrag-von-stefan-schwarzer-vom-12-februar-2026\/","og_site_name":"Permakultur-Landwirtschaft","article_publisher":"https:\/\/www.facebook.com\/PermakulturLandwirtschaft","article_published_time":"2026-02-12T14:52:05+00:00","article_modified_time":"2026-02-19T15:02:43+00:00","og_image":[{"width":699,"height":361,"url":"https:\/\/permakultur-landwirtschaft.org\/wp-content\/uploads\/2026\/02\/gesundheit_boden_schwarzer_19-02-2026_14-26-44.jpg","type":"image\/jpeg"}],"author":"adrian reutimann","twitter_card":"summary_large_image","twitter_misc":{"\u00c9crit par":"adrian reutimann","Dur\u00e9e de lecture estim\u00e9e":"1 minute"},"schema":{"@context":"https:\/\/schema.org","@graph":[{"@type":"Article","@id":"https:\/\/permakultur-landwirtschaft.org\/gesundheit-beginnt-beim-boden-ein-vortrag-von-stefan-schwarzer-vom-12-februar-2026\/#article","isPartOf":{"@id":"https:\/\/permakultur-landwirtschaft.org\/gesundheit-beginnt-beim-boden-ein-vortrag-von-stefan-schwarzer-vom-12-februar-2026\/"},"author":{"name":"adrian reutimann","@id":"https:\/\/permakultur-landwirtschaft.org\/#\/schema\/person\/6b0467872f75aed3e144093f9bf4f0b0"},"headline":"Gesundheit beginnt beim Boden &#8211; ein Vortrag von Stefan Schwarzer vom 12. Februar 2026","datePublished":"2026-02-12T14:52:05+00:00","dateModified":"2026-02-19T15:02:43+00:00","mainEntityOfPage":{"@id":"https:\/\/permakultur-landwirtschaft.org\/gesundheit-beginnt-beim-boden-ein-vortrag-von-stefan-schwarzer-vom-12-februar-2026\/"},"wordCount":133,"publisher":{"@id":"https:\/\/permakultur-landwirtschaft.org\/#organization"},"image":{"@id":"https:\/\/permakultur-landwirtschaft.org\/gesundheit-beginnt-beim-boden-ein-vortrag-von-stefan-schwarzer-vom-12-februar-2026\/#primaryimage"},"thumbnailUrl":"https:\/\/permakultur-landwirtschaft.org\/wp-content\/uploads\/2026\/02\/gesundheit_boden_schwarzer_19-02-2026_14-26-44.jpg","keywords":["boden","Buch","Gesundheit","Mikroorganismen","Regenerate Forum","Stefan Schwarzer","Tettnang"],"articleSection":["Film"],"inLanguage":"fr-FR"},{"@type":"WebPage","@id":"https:\/\/permakultur-landwirtschaft.org\/gesundheit-beginnt-beim-boden-ein-vortrag-von-stefan-schwarzer-vom-12-februar-2026\/","url":"https:\/\/permakultur-landwirtschaft.org\/gesundheit-beginnt-beim-boden-ein-vortrag-von-stefan-schwarzer-vom-12-februar-2026\/","name":"Gesundheit beginnt beim Boden - ein Vortrag von Stefan Schwarzer vom 12. Februar 2026 - Permakultur-Landwirtschaft","isPartOf":{"@id":"https:\/\/permakultur-landwirtschaft.org\/#website"},"primaryImageOfPage":{"@id":"https:\/\/permakultur-landwirtschaft.org\/gesundheit-beginnt-beim-boden-ein-vortrag-von-stefan-schwarzer-vom-12-februar-2026\/#primaryimage"},"image":{"@id":"https:\/\/permakultur-landwirtschaft.org\/gesundheit-beginnt-beim-boden-ein-vortrag-von-stefan-schwarzer-vom-12-februar-2026\/#primaryimage"},"thumbnailUrl":"https:\/\/permakultur-landwirtschaft.org\/wp-content\/uploads\/2026\/02\/gesundheit_boden_schwarzer_19-02-2026_14-26-44.jpg","datePublished":"2026-02-12T14:52:05+00:00","dateModified":"2026-02-19T15:02:43+00:00","description":"Stefan Schwarzer h\u00e4lt einen Vortrag zum gleichnamigen Buch 'Gesundheit beginnt beim Boden' im Hopfengut 20 in Tettnang.","breadcrumb":{"@id":"https:\/\/permakultur-landwirtschaft.org\/gesundheit-beginnt-beim-boden-ein-vortrag-von-stefan-schwarzer-vom-12-februar-2026\/#breadcrumb"},"inLanguage":"fr-FR","potentialAction":[{"@type":"ReadAction","target":["https:\/\/permakultur-landwirtschaft.org\/gesundheit-beginnt-beim-boden-ein-vortrag-von-stefan-schwarzer-vom-12-februar-2026\/"]}]},{"@type":"ImageObject","inLanguage":"fr-FR","@id":"https:\/\/permakultur-landwirtschaft.org\/gesundheit-beginnt-beim-boden-ein-vortrag-von-stefan-schwarzer-vom-12-februar-2026\/#primaryimage","url":"https:\/\/permakultur-landwirtschaft.org\/wp-content\/uploads\/2026\/02\/gesundheit_boden_schwarzer_19-02-2026_14-26-44.jpg","contentUrl":"https:\/\/permakultur-landwirtschaft.org\/wp-content\/uploads\/2026\/02\/gesundheit_boden_schwarzer_19-02-2026_14-26-44.jpg","width":699,"height":361,"caption":"Bild: youtube"},{"@type":"BreadcrumbList","@id":"https:\/\/permakultur-landwirtschaft.org\/gesundheit-beginnt-beim-boden-ein-vortrag-von-stefan-schwarzer-vom-12-februar-2026\/#breadcrumb","itemListElement":[{"@type":"ListItem","position":1,"name":"Startseite","item":"https:\/\/permakultur-landwirtschaft.org\/"},{"@type":"ListItem","position":2,"name":"Gesundheit beginnt beim Boden &#8211; ein Vortrag von Stefan Schwarzer vom 12. Februar 2026"}]},{"@type":"WebSite","@id":"https:\/\/permakultur-landwirtschaft.org\/#website","url":"https:\/\/permakultur-landwirtschaft.org\/","name":"Permakultur-Landwirtschaft","description":"F\u00f6rderung der Permakultur in der Landwirtschaft","publisher":{"@id":"https:\/\/permakultur-landwirtschaft.org\/#organization"},"potentialAction":[{"@type":"SearchAction","target":{"@type":"EntryPoint","urlTemplate":"https:\/\/permakultur-landwirtschaft.org\/?s={search_term_string}"},"query-input":{"@type":"PropertyValueSpecification","valueRequired":true,"valueName":"search_term_string"}}],"inLanguage":"fr-FR"},{"@type":"Organization","@id":"https:\/\/permakultur-landwirtschaft.org\/#organization","name":"Permakultur-Landwirtschaft","alternateName":"Verein Permakultur-Landwirtschaft","url":"https:\/\/permakultur-landwirtschaft.org\/","logo":{"@type":"ImageObject","inLanguage":"fr-FR","@id":"https:\/\/permakultur-landwirtschaft.org\/#\/schema\/logo\/image\/","url":"https:\/\/permakultur-landwirtschaft.org\/wp-content\/uploads\/2021\/11\/pela_1268x1269.png","contentUrl":"https:\/\/permakultur-landwirtschaft.org\/wp-content\/uploads\/2021\/11\/pela_1268x1269.png","width":1298,"height":1269,"caption":"Permakultur-Landwirtschaft"},"image":{"@id":"https:\/\/permakultur-landwirtschaft.org\/#\/schema\/logo\/image\/"},"sameAs":["https:\/\/www.facebook.com\/PermakulturLandwirtschaft","https:\/\/www.instagram.com\/permakultur_landwirtschaft\/","https:\/\/www.flickr.com\/photos\/permakultur-landwirtschaft","https:\/\/www.youtube.com\/@PermakulturLandwirtschaft"]},{"@type":"Person","@id":"https:\/\/permakultur-landwirtschaft.org\/#\/schema\/person\/6b0467872f75aed3e144093f9bf4f0b0","name":"adrian reutimann","url":"https:\/\/permakultur-landwirtschaft.org\/fr\/author\/reutiadr\/"}]}},"_links":{"self":[{"href":"https:\/\/permakultur-landwirtschaft.org\/fr\/wp-json\/wp\/v2\/posts\/38005","targetHints":{"allow":["GET"]}}],"collection":[{"href":"https:\/\/permakultur-landwirtschaft.org\/fr\/wp-json\/wp\/v2\/posts"}],"about":[{"href":"https:\/\/permakultur-landwirtschaft.org\/fr\/wp-json\/wp\/v2\/types\/post"}],"author":[{"embeddable":true,"href":"https:\/\/permakultur-landwirtschaft.org\/fr\/wp-json\/wp\/v2\/users\/2"}],"replies":[{"embeddable":true,"href":"https:\/\/permakultur-landwirtschaft.org\/fr\/wp-json\/wp\/v2\/comments?post=38005"}],"version-history":[{"count":2,"href":"https:\/\/permakultur-landwirtschaft.org\/fr\/wp-json\/wp\/v2\/posts\/38005\/revisions"}],"predecessor-version":[{"id":38008,"href":"https:\/\/permakultur-landwirtschaft.org\/fr\/wp-json\/wp\/v2\/posts\/38005\/revisions\/38008"}],"wp:featuredmedia":[{"embeddable":true,"href":"https:\/\/permakultur-landwirtschaft.org\/fr\/wp-json\/wp\/v2\/media\/38006"}],"wp:attachment":[{"href":"https:\/\/permakultur-landwirtschaft.org\/fr\/wp-json\/wp\/v2\/media?parent=38005"}],"wp:term":[{"taxonomy":"category","embeddable":true,"href":"https:\/\/permakultur-landwirtschaft.org\/fr\/wp-json\/wp\/v2\/categories?post=38005"},{"taxonomy":"post_tag","embeddable":true,"href":"https:\/\/permakultur-landwirtschaft.org\/fr\/wp-json\/wp\/v2\/tags?post=38005"}],"curies":[{"name":"wp","href":"https:\/\/api.w.org\/{rel}","templated":true}]}}