{"id":37913,"date":"2026-02-19T11:00:28","date_gmt":"2026-02-19T10:00:28","guid":{"rendered":"https:\/\/permakultur-landwirtschaft.org\/?p=37913"},"modified":"2026-02-19T11:00:29","modified_gmt":"2026-02-19T10:00:29","slug":"bioagri-rendez-vous-les-9-et-10-mai-2026-a-moudon","status":"publish","type":"post","link":"https:\/\/permakultur-landwirtschaft.org\/fr\/bioagri-rendez-vous-les-9-et-10-mai-2026-a-moudon\/","title":{"rendered":"BioAgri &#8211; Rendez-vous les 9 et 10 mai 2026 \u00e0 Moudon"},"content":{"rendered":"<p>Texte de www.bio-agri.ch:<\/p>\n\n\n\n<h3 class=\"wp-block-heading\"><strong>Rendez-vous les 9 et 10 mai 2026 \u00e0 Moudon!<\/strong><br>La Foire Agricole Suisse Bio \u2013 la r\u00e9f\u00e9rence en agriculture biologique.<\/h3>\n\n\n\n<p>Le grand march\u00e9 bio des producteur\u00b7trice\u00b7s avec plantons, produits transform\u00e9s, plantes m\u00e9dicinales, animaux, artisan\u00b7nes, technicien\u00b7ne\u00b7s, chercheur\u00b7euses,\u2026 et tout ce qui touche \u00e0 l\u2019agriculture bio. Restauration et bars. \u200bAteliers et d\u00e9monstrations, musicien\u00b7nes et jongleur\u00b7euses ambulant\u00b7es, concerts, spectacles, contes, espace BioKids, chasse aux tr\u00e9sors et plein d&#8217;autres surprises.\u200b&nbsp;Grand&nbsp;brunch de la f\u00eate des M\u00e8res<\/p>\n\n\n\n<p>Text von demeter.ch:<\/p>\n\n\n\n<p>Entdecken Sie eine lebendige und engagierte Landwirtschaft mit Setzlingen, verarbeiteten Produkten, Heilpflanzen, Handwerker*innen und Know-how aus Forschung und Praxis.<\/p>\n\n\n\n<p>Auf dem Programm:<\/p>\n\n\n\n<ul class=\"wp-block-list\">\n<li>Gastronomie und Bars<\/li>\n\n\n\n<li>Workshops und Konzerte<\/li>\n\n\n\n<li>Konzerte und Shows, BioKids-Bereich<\/li>\n\n\n\n<li>Schnitzeljagd<\/li>\n\n\n\n<li>Grosser Muttertags-Brunch<\/li>\n<\/ul>\n\n\n\n<p><\/p>\n\n\n\n<p><a href=\"https:\/\/www.bio-agri.ch\/\" target=\"_blank\" rel=\"noreferrer noopener\">Lien vers plus d&#8217;informations<\/a><\/p>","protected":false},"excerpt":{"rendered":"<p>Texte de www.bio-agri.ch: Rendez-vous les 9 et 10 mai 2026 \u00e0 Moudon!La Foire Agricole Suisse Bio \u2013 la r\u00e9f\u00e9rence en agriculture biologique. Le grand march\u00e9 bio des producteur\u00b7trice\u00b7s avec plantons, produits transform\u00e9s, plantes m\u00e9dicinales, animaux, artisan\u00b7nes, technicien\u00b7ne\u00b7s, chercheur\u00b7euses,\u2026 et tout ce qui touche \u00e0 l\u2019agriculture bio. Restauration et bars. \u200bAteliers et d\u00e9monstrations, musicien\u00b7nes et jongleur\u00b7euses [&hellip;]<\/p>\n","protected":false},"author":2,"featured_media":37915,"comment_status":"closed","ping_status":"closed","sticky":false,"template":"","format":"standard","meta":{"_acf_changed":false,"site-sidebar-layout":"default","site-content-layout":"","ast-site-content-layout":"default","site-content-style":"default","site-sidebar-style":"default","ast-global-header-display":"","ast-banner-title-visibility":"","ast-main-header-display":"","ast-hfb-above-header-display":"","ast-hfb-below-header-display":"","ast-hfb-mobile-header-display":"","site-post-title":"","ast-breadcrumbs-content":"","ast-featured-img":"","footer-sml-layout":"","ast-disable-related-posts":"","theme-transparent-header-meta":"","adv-header-id-meta":"","stick-header-meta":"","header-above-stick-meta":"","header-main-stick-meta":"","header-below-stick-meta":"","astra-migrate-meta-layouts":"set","ast-page-background-enabled":"default","ast-page-background-meta":{"desktop":{"background-color":"var(--ast-global-color-4)","background-image":"","background-repeat":"repeat","background-position":"center center","background-size":"auto","background-attachment":"scroll","background-type":"","background-media":"","overlay-type":"","overlay-color":"","overlay-opacity":"","overlay-gradient":""},"tablet":{"background-color":"","background-image":"","background-repeat":"repeat","background-position":"center center","background-size":"auto","background-attachment":"scroll","background-type":"","background-media":"","overlay-type":"","overlay-color":"","overlay-opacity":"","overlay-gradient":""},"mobile":{"background-color":"","background-image":"","background-repeat":"repeat","background-position":"center center","background-size":"auto","background-attachment":"scroll","background-type":"","background-media":"","overlay-type":"","overlay-color":"","overlay-opacity":"","overlay-gradient":""}},"ast-content-background-meta":{"desktop":{"background-color":"var(--ast-global-color-5)","background-image":"","background-repeat":"repeat","background-position":"center center","background-size":"auto","background-attachment":"scroll","background-type":"","background-media":"","overlay-type":"","overlay-color":"","overlay-opacity":"","overlay-gradient":""},"tablet":{"background-color":"var(--ast-global-color-5)","background-image":"","background-repeat":"repeat","background-position":"center center","background-size":"auto","background-attachment":"scroll","background-type":"","background-media":"","overlay-type":"","overlay-color":"","overlay-opacity":"","overlay-gradient":""},"mobile":{"background-color":"var(--ast-global-color-5)","background-image":"","background-repeat":"repeat","background-position":"center center","background-size":"auto","background-attachment":"scroll","background-type":"","background-media":"","overlay-type":"","overlay-color":"","overlay-opacity":"","overlay-gradient":""}},"footnotes":""},"categories":[14],"tags":[1124,268,1126,1125],"class_list":["post-37913","post","type-post","status-publish","format-standard","has-post-thumbnail","hentry","category-veranstaltung","tag-bioagri","tag-demeter","tag-marche-bio","tag-moudon"],"acf":[],"yoast_head":"<!-- This site is optimized with the Yoast SEO plugin v27.5 - https:\/\/yoast.com\/product\/yoast-seo-wordpress\/ -->\n<title>BioAgri - Rendez-vous les 9 et 10 mai 2026 \u00e0 Moudon - Permakultur-Landwirtschaft<\/title>\n<meta name=\"description\" content=\"Le grand march\u00e9 bio des producteur\u00b7trice\u00b7s avec plantons, produits transform\u00e9s,\u2026 et tout ce qui touche \u00e0 l\u2019agriculture bio.\" \/>\n<meta name=\"robots\" content=\"index, follow, max-snippet:-1, max-image-preview:large, max-video-preview:-1\" \/>\n<link rel=\"canonical\" href=\"https:\/\/permakultur-landwirtschaft.org\/fr\/bioagri-rendez-vous-les-9-et-10-mai-2026-a-moudon\/\" \/>\n<meta property=\"og:locale\" content=\"fr_FR\" \/>\n<meta property=\"og:type\" content=\"article\" \/>\n<meta property=\"og:title\" content=\"BioAgri - Rendez-vous les 9 et 10 mai 2026 \u00e0 Moudon - Permakultur-Landwirtschaft\" \/>\n<meta property=\"og:description\" content=\"Le grand march\u00e9 bio des producteur\u00b7trice\u00b7s avec plantons, produits transform\u00e9s,\u2026 et tout ce qui touche \u00e0 l\u2019agriculture bio.\" \/>\n<meta property=\"og:url\" content=\"https:\/\/permakultur-landwirtschaft.org\/fr\/bioagri-rendez-vous-les-9-et-10-mai-2026-a-moudon\/\" \/>\n<meta property=\"og:site_name\" content=\"Permakultur-Landwirtschaft\" \/>\n<meta property=\"article:publisher\" content=\"https:\/\/www.facebook.com\/PermakulturLandwirtschaft\" \/>\n<meta property=\"article:published_time\" content=\"2026-02-19T10:00:28+00:00\" \/>\n<meta property=\"article:modified_time\" content=\"2026-02-19T10:00:29+00:00\" \/>\n<meta property=\"og:image\" content=\"https:\/\/permakultur-landwirtschaft.org\/wp-content\/uploads\/2026\/02\/BioAgri_2026_95f576_619206fedd7844649823733833669642mv2.jpg\" \/>\n\t<meta property=\"og:image:width\" content=\"700\" \/>\n\t<meta property=\"og:image:height\" content=\"207\" \/>\n\t<meta property=\"og:image:type\" content=\"image\/jpeg\" \/>\n<meta name=\"author\" content=\"adrian reutimann\" \/>\n<meta name=\"twitter:card\" content=\"summary_large_image\" \/>\n<meta name=\"twitter:label1\" content=\"\u00c9crit par\" \/>\n\t<meta name=\"twitter:data1\" content=\"adrian reutimann\" \/>\n\t<meta name=\"twitter:label2\" content=\"Dur\u00e9e de lecture estim\u00e9e\" \/>\n\t<meta name=\"twitter:data2\" content=\"1 minute\" \/>\n<script type=\"application\/ld+json\" class=\"yoast-schema-graph\">{\"@context\":\"https:\\\/\\\/schema.org\",\"@graph\":[{\"@type\":\"Article\",\"@id\":\"https:\\\/\\\/permakultur-landwirtschaft.org\\\/bioagri-rendez-vous-les-9-et-10-mai-2026-a-moudon\\\/#article\",\"isPartOf\":{\"@id\":\"https:\\\/\\\/permakultur-landwirtschaft.org\\\/bioagri-rendez-vous-les-9-et-10-mai-2026-a-moudon\\\/\"},\"author\":{\"name\":\"adrian reutimann\",\"@id\":\"https:\\\/\\\/permakultur-landwirtschaft.org\\\/#\\\/schema\\\/person\\\/6b0467872f75aed3e144093f9bf4f0b0\"},\"headline\":\"BioAgri &#8211; Rendez-vous les 9 et 10 mai 2026 \u00e0 Moudon\",\"datePublished\":\"2026-02-19T10:00:28+00:00\",\"dateModified\":\"2026-02-19T10:00:29+00:00\",\"mainEntityOfPage\":{\"@id\":\"https:\\\/\\\/permakultur-landwirtschaft.org\\\/bioagri-rendez-vous-les-9-et-10-mai-2026-a-moudon\\\/\"},\"wordCount\":145,\"publisher\":{\"@id\":\"https:\\\/\\\/permakultur-landwirtschaft.org\\\/#organization\"},\"image\":{\"@id\":\"https:\\\/\\\/permakultur-landwirtschaft.org\\\/bioagri-rendez-vous-les-9-et-10-mai-2026-a-moudon\\\/#primaryimage\"},\"thumbnailUrl\":\"https:\\\/\\\/permakultur-landwirtschaft.org\\\/wp-content\\\/uploads\\\/2026\\\/02\\\/BioAgri_2026_95f576_619206fedd7844649823733833669642mv2.jpg\",\"keywords\":[\"BioAgri\",\"Demeter\",\"March\u00e9 bio\",\"Moudon\"],\"articleSection\":[\"Veranstaltung\"],\"inLanguage\":\"fr-FR\"},{\"@type\":\"WebPage\",\"@id\":\"https:\\\/\\\/permakultur-landwirtschaft.org\\\/bioagri-rendez-vous-les-9-et-10-mai-2026-a-moudon\\\/\",\"url\":\"https:\\\/\\\/permakultur-landwirtschaft.org\\\/bioagri-rendez-vous-les-9-et-10-mai-2026-a-moudon\\\/\",\"name\":\"BioAgri - Rendez-vous les 9 et 10 mai 2026 \u00e0 Moudon - Permakultur-Landwirtschaft\",\"isPartOf\":{\"@id\":\"https:\\\/\\\/permakultur-landwirtschaft.org\\\/#website\"},\"primaryImageOfPage\":{\"@id\":\"https:\\\/\\\/permakultur-landwirtschaft.org\\\/bioagri-rendez-vous-les-9-et-10-mai-2026-a-moudon\\\/#primaryimage\"},\"image\":{\"@id\":\"https:\\\/\\\/permakultur-landwirtschaft.org\\\/bioagri-rendez-vous-les-9-et-10-mai-2026-a-moudon\\\/#primaryimage\"},\"thumbnailUrl\":\"https:\\\/\\\/permakultur-landwirtschaft.org\\\/wp-content\\\/uploads\\\/2026\\\/02\\\/BioAgri_2026_95f576_619206fedd7844649823733833669642mv2.jpg\",\"datePublished\":\"2026-02-19T10:00:28+00:00\",\"dateModified\":\"2026-02-19T10:00:29+00:00\",\"description\":\"Le grand march\u00e9 bio des producteur\u00b7trice\u00b7s avec plantons, produits transform\u00e9s,\u2026 et tout ce qui touche \u00e0 l\u2019agriculture bio.\",\"breadcrumb\":{\"@id\":\"https:\\\/\\\/permakultur-landwirtschaft.org\\\/bioagri-rendez-vous-les-9-et-10-mai-2026-a-moudon\\\/#breadcrumb\"},\"inLanguage\":\"fr-FR\",\"potentialAction\":[{\"@type\":\"ReadAction\",\"target\":[\"https:\\\/\\\/permakultur-landwirtschaft.org\\\/bioagri-rendez-vous-les-9-et-10-mai-2026-a-moudon\\\/\"]}]},{\"@type\":\"ImageObject\",\"inLanguage\":\"fr-FR\",\"@id\":\"https:\\\/\\\/permakultur-landwirtschaft.org\\\/bioagri-rendez-vous-les-9-et-10-mai-2026-a-moudon\\\/#primaryimage\",\"url\":\"https:\\\/\\\/permakultur-landwirtschaft.org\\\/wp-content\\\/uploads\\\/2026\\\/02\\\/BioAgri_2026_95f576_619206fedd7844649823733833669642mv2.jpg\",\"contentUrl\":\"https:\\\/\\\/permakultur-landwirtschaft.org\\\/wp-content\\\/uploads\\\/2026\\\/02\\\/BioAgri_2026_95f576_619206fedd7844649823733833669642mv2.jpg\",\"width\":700,\"height\":207,\"caption\":\"Logo de BioAgri 2026\"},{\"@type\":\"BreadcrumbList\",\"@id\":\"https:\\\/\\\/permakultur-landwirtschaft.org\\\/bioagri-rendez-vous-les-9-et-10-mai-2026-a-moudon\\\/#breadcrumb\",\"itemListElement\":[{\"@type\":\"ListItem\",\"position\":1,\"name\":\"Startseite\",\"item\":\"https:\\\/\\\/permakultur-landwirtschaft.org\\\/\"},{\"@type\":\"ListItem\",\"position\":2,\"name\":\"BioAgri &#8211; Rendez-vous les 9 et 10 mai 2026 \u00e0 Moudon\"}]},{\"@type\":\"WebSite\",\"@id\":\"https:\\\/\\\/permakultur-landwirtschaft.org\\\/#website\",\"url\":\"https:\\\/\\\/permakultur-landwirtschaft.org\\\/\",\"name\":\"Permakultur-Landwirtschaft\",\"description\":\"F\u00f6rderung der Permakultur in der Landwirtschaft\",\"publisher\":{\"@id\":\"https:\\\/\\\/permakultur-landwirtschaft.org\\\/#organization\"},\"potentialAction\":[{\"@type\":\"SearchAction\",\"target\":{\"@type\":\"EntryPoint\",\"urlTemplate\":\"https:\\\/\\\/permakultur-landwirtschaft.org\\\/?s={search_term_string}\"},\"query-input\":{\"@type\":\"PropertyValueSpecification\",\"valueRequired\":true,\"valueName\":\"search_term_string\"}}],\"inLanguage\":\"fr-FR\"},{\"@type\":\"Organization\",\"@id\":\"https:\\\/\\\/permakultur-landwirtschaft.org\\\/#organization\",\"name\":\"Permakultur-Landwirtschaft\",\"alternateName\":\"Verein Permakultur-Landwirtschaft\",\"url\":\"https:\\\/\\\/permakultur-landwirtschaft.org\\\/\",\"logo\":{\"@type\":\"ImageObject\",\"inLanguage\":\"fr-FR\",\"@id\":\"https:\\\/\\\/permakultur-landwirtschaft.org\\\/#\\\/schema\\\/logo\\\/image\\\/\",\"url\":\"https:\\\/\\\/permakultur-landwirtschaft.org\\\/wp-content\\\/uploads\\\/2021\\\/11\\\/pela_1268x1269.png\",\"contentUrl\":\"https:\\\/\\\/permakultur-landwirtschaft.org\\\/wp-content\\\/uploads\\\/2021\\\/11\\\/pela_1268x1269.png\",\"width\":1298,\"height\":1269,\"caption\":\"Permakultur-Landwirtschaft\"},\"image\":{\"@id\":\"https:\\\/\\\/permakultur-landwirtschaft.org\\\/#\\\/schema\\\/logo\\\/image\\\/\"},\"sameAs\":[\"https:\\\/\\\/www.facebook.com\\\/PermakulturLandwirtschaft\",\"https:\\\/\\\/www.instagram.com\\\/permakultur_landwirtschaft\\\/\",\"https:\\\/\\\/www.flickr.com\\\/photos\\\/permakultur-landwirtschaft\",\"https:\\\/\\\/www.youtube.com\\\/@PermakulturLandwirtschaft\"]},{\"@type\":\"Person\",\"@id\":\"https:\\\/\\\/permakultur-landwirtschaft.org\\\/#\\\/schema\\\/person\\\/6b0467872f75aed3e144093f9bf4f0b0\",\"name\":\"adrian reutimann\",\"url\":\"https:\\\/\\\/permakultur-landwirtschaft.org\\\/fr\\\/author\\\/reutiadr\\\/\"}]}<\/script>\n<!-- \/ Yoast SEO plugin. -->","yoast_head_json":{"title":"BioAgri - Rendez-vous les 9 et 10 mai 2026 \u00e0 Moudon - Permakultur-Landwirtschaft","description":"Le grand march\u00e9 bio des producteur\u00b7trice\u00b7s avec plantons, produits transform\u00e9s,\u2026 et tout ce qui touche \u00e0 l\u2019agriculture bio.","robots":{"index":"index","follow":"follow","max-snippet":"max-snippet:-1","max-image-preview":"max-image-preview:large","max-video-preview":"max-video-preview:-1"},"canonical":"https:\/\/permakultur-landwirtschaft.org\/fr\/bioagri-rendez-vous-les-9-et-10-mai-2026-a-moudon\/","og_locale":"fr_FR","og_type":"article","og_title":"BioAgri - Rendez-vous les 9 et 10 mai 2026 \u00e0 Moudon - Permakultur-Landwirtschaft","og_description":"Le grand march\u00e9 bio des producteur\u00b7trice\u00b7s avec plantons, produits transform\u00e9s,\u2026 et tout ce qui touche \u00e0 l\u2019agriculture bio.","og_url":"https:\/\/permakultur-landwirtschaft.org\/fr\/bioagri-rendez-vous-les-9-et-10-mai-2026-a-moudon\/","og_site_name":"Permakultur-Landwirtschaft","article_publisher":"https:\/\/www.facebook.com\/PermakulturLandwirtschaft","article_published_time":"2026-02-19T10:00:28+00:00","article_modified_time":"2026-02-19T10:00:29+00:00","og_image":[{"width":700,"height":207,"url":"https:\/\/permakultur-landwirtschaft.org\/wp-content\/uploads\/2026\/02\/BioAgri_2026_95f576_619206fedd7844649823733833669642mv2.jpg","type":"image\/jpeg"}],"author":"adrian reutimann","twitter_card":"summary_large_image","twitter_misc":{"\u00c9crit par":"adrian reutimann","Dur\u00e9e de lecture estim\u00e9e":"1 minute"},"schema":{"@context":"https:\/\/schema.org","@graph":[{"@type":"Article","@id":"https:\/\/permakultur-landwirtschaft.org\/bioagri-rendez-vous-les-9-et-10-mai-2026-a-moudon\/#article","isPartOf":{"@id":"https:\/\/permakultur-landwirtschaft.org\/bioagri-rendez-vous-les-9-et-10-mai-2026-a-moudon\/"},"author":{"name":"adrian reutimann","@id":"https:\/\/permakultur-landwirtschaft.org\/#\/schema\/person\/6b0467872f75aed3e144093f9bf4f0b0"},"headline":"BioAgri &#8211; Rendez-vous les 9 et 10 mai 2026 \u00e0 Moudon","datePublished":"2026-02-19T10:00:28+00:00","dateModified":"2026-02-19T10:00:29+00:00","mainEntityOfPage":{"@id":"https:\/\/permakultur-landwirtschaft.org\/bioagri-rendez-vous-les-9-et-10-mai-2026-a-moudon\/"},"wordCount":145,"publisher":{"@id":"https:\/\/permakultur-landwirtschaft.org\/#organization"},"image":{"@id":"https:\/\/permakultur-landwirtschaft.org\/bioagri-rendez-vous-les-9-et-10-mai-2026-a-moudon\/#primaryimage"},"thumbnailUrl":"https:\/\/permakultur-landwirtschaft.org\/wp-content\/uploads\/2026\/02\/BioAgri_2026_95f576_619206fedd7844649823733833669642mv2.jpg","keywords":["BioAgri","Demeter","March\u00e9 bio","Moudon"],"articleSection":["Veranstaltung"],"inLanguage":"fr-FR"},{"@type":"WebPage","@id":"https:\/\/permakultur-landwirtschaft.org\/bioagri-rendez-vous-les-9-et-10-mai-2026-a-moudon\/","url":"https:\/\/permakultur-landwirtschaft.org\/bioagri-rendez-vous-les-9-et-10-mai-2026-a-moudon\/","name":"BioAgri - Rendez-vous les 9 et 10 mai 2026 \u00e0 Moudon - Permakultur-Landwirtschaft","isPartOf":{"@id":"https:\/\/permakultur-landwirtschaft.org\/#website"},"primaryImageOfPage":{"@id":"https:\/\/permakultur-landwirtschaft.org\/bioagri-rendez-vous-les-9-et-10-mai-2026-a-moudon\/#primaryimage"},"image":{"@id":"https:\/\/permakultur-landwirtschaft.org\/bioagri-rendez-vous-les-9-et-10-mai-2026-a-moudon\/#primaryimage"},"thumbnailUrl":"https:\/\/permakultur-landwirtschaft.org\/wp-content\/uploads\/2026\/02\/BioAgri_2026_95f576_619206fedd7844649823733833669642mv2.jpg","datePublished":"2026-02-19T10:00:28+00:00","dateModified":"2026-02-19T10:00:29+00:00","description":"Le grand march\u00e9 bio des producteur\u00b7trice\u00b7s avec plantons, produits transform\u00e9s,\u2026 et tout ce qui touche \u00e0 l\u2019agriculture bio.","breadcrumb":{"@id":"https:\/\/permakultur-landwirtschaft.org\/bioagri-rendez-vous-les-9-et-10-mai-2026-a-moudon\/#breadcrumb"},"inLanguage":"fr-FR","potentialAction":[{"@type":"ReadAction","target":["https:\/\/permakultur-landwirtschaft.org\/bioagri-rendez-vous-les-9-et-10-mai-2026-a-moudon\/"]}]},{"@type":"ImageObject","inLanguage":"fr-FR","@id":"https:\/\/permakultur-landwirtschaft.org\/bioagri-rendez-vous-les-9-et-10-mai-2026-a-moudon\/#primaryimage","url":"https:\/\/permakultur-landwirtschaft.org\/wp-content\/uploads\/2026\/02\/BioAgri_2026_95f576_619206fedd7844649823733833669642mv2.jpg","contentUrl":"https:\/\/permakultur-landwirtschaft.org\/wp-content\/uploads\/2026\/02\/BioAgri_2026_95f576_619206fedd7844649823733833669642mv2.jpg","width":700,"height":207,"caption":"Logo de BioAgri 2026"},{"@type":"BreadcrumbList","@id":"https:\/\/permakultur-landwirtschaft.org\/bioagri-rendez-vous-les-9-et-10-mai-2026-a-moudon\/#breadcrumb","itemListElement":[{"@type":"ListItem","position":1,"name":"Startseite","item":"https:\/\/permakultur-landwirtschaft.org\/"},{"@type":"ListItem","position":2,"name":"BioAgri &#8211; Rendez-vous les 9 et 10 mai 2026 \u00e0 Moudon"}]},{"@type":"WebSite","@id":"https:\/\/permakultur-landwirtschaft.org\/#website","url":"https:\/\/permakultur-landwirtschaft.org\/","name":"Permakultur-Landwirtschaft","description":"F\u00f6rderung der Permakultur in der Landwirtschaft","publisher":{"@id":"https:\/\/permakultur-landwirtschaft.org\/#organization"},"potentialAction":[{"@type":"SearchAction","target":{"@type":"EntryPoint","urlTemplate":"https:\/\/permakultur-landwirtschaft.org\/?s={search_term_string}"},"query-input":{"@type":"PropertyValueSpecification","valueRequired":true,"valueName":"search_term_string"}}],"inLanguage":"fr-FR"},{"@type":"Organization","@id":"https:\/\/permakultur-landwirtschaft.org\/#organization","name":"Permakultur-Landwirtschaft","alternateName":"Verein Permakultur-Landwirtschaft","url":"https:\/\/permakultur-landwirtschaft.org\/","logo":{"@type":"ImageObject","inLanguage":"fr-FR","@id":"https:\/\/permakultur-landwirtschaft.org\/#\/schema\/logo\/image\/","url":"https:\/\/permakultur-landwirtschaft.org\/wp-content\/uploads\/2021\/11\/pela_1268x1269.png","contentUrl":"https:\/\/permakultur-landwirtschaft.org\/wp-content\/uploads\/2021\/11\/pela_1268x1269.png","width":1298,"height":1269,"caption":"Permakultur-Landwirtschaft"},"image":{"@id":"https:\/\/permakultur-landwirtschaft.org\/#\/schema\/logo\/image\/"},"sameAs":["https:\/\/www.facebook.com\/PermakulturLandwirtschaft","https:\/\/www.instagram.com\/permakultur_landwirtschaft\/","https:\/\/www.flickr.com\/photos\/permakultur-landwirtschaft","https:\/\/www.youtube.com\/@PermakulturLandwirtschaft"]},{"@type":"Person","@id":"https:\/\/permakultur-landwirtschaft.org\/#\/schema\/person\/6b0467872f75aed3e144093f9bf4f0b0","name":"adrian reutimann","url":"https:\/\/permakultur-landwirtschaft.org\/fr\/author\/reutiadr\/"}]}},"_links":{"self":[{"href":"https:\/\/permakultur-landwirtschaft.org\/fr\/wp-json\/wp\/v2\/posts\/37913","targetHints":{"allow":["GET"]}}],"collection":[{"href":"https:\/\/permakultur-landwirtschaft.org\/fr\/wp-json\/wp\/v2\/posts"}],"about":[{"href":"https:\/\/permakultur-landwirtschaft.org\/fr\/wp-json\/wp\/v2\/types\/post"}],"author":[{"embeddable":true,"href":"https:\/\/permakultur-landwirtschaft.org\/fr\/wp-json\/wp\/v2\/users\/2"}],"replies":[{"embeddable":true,"href":"https:\/\/permakultur-landwirtschaft.org\/fr\/wp-json\/wp\/v2\/comments?post=37913"}],"version-history":[{"count":1,"href":"https:\/\/permakultur-landwirtschaft.org\/fr\/wp-json\/wp\/v2\/posts\/37913\/revisions"}],"predecessor-version":[{"id":37916,"href":"https:\/\/permakultur-landwirtschaft.org\/fr\/wp-json\/wp\/v2\/posts\/37913\/revisions\/37916"}],"wp:featuredmedia":[{"embeddable":true,"href":"https:\/\/permakultur-landwirtschaft.org\/fr\/wp-json\/wp\/v2\/media\/37915"}],"wp:attachment":[{"href":"https:\/\/permakultur-landwirtschaft.org\/fr\/wp-json\/wp\/v2\/media?parent=37913"}],"wp:term":[{"taxonomy":"category","embeddable":true,"href":"https:\/\/permakultur-landwirtschaft.org\/fr\/wp-json\/wp\/v2\/categories?post=37913"},{"taxonomy":"post_tag","embeddable":true,"href":"https:\/\/permakultur-landwirtschaft.org\/fr\/wp-json\/wp\/v2\/tags?post=37913"}],"curies":[{"name":"wp","href":"https:\/\/api.w.org\/{rel}","templated":true}]}}