{"id":37876,"date":"2026-02-12T12:09:06","date_gmt":"2026-02-12T11:09:06","guid":{"rendered":"https:\/\/permakultur-landwirtschaft.org\/?p=37876"},"modified":"2026-03-30T15:56:16","modified_gmt":"2026-03-30T13:56:16","slug":"co-betriebsleiterin-gesucht","status":"publish","type":"post","link":"https:\/\/permakultur-landwirtschaft.org\/fr\/co-betriebsleiterin-gesucht\/","title":{"rendered":"Co-Betriebsleiter*in gesucht"},"content":{"rendered":"<p>Nach 10 Jahren erfolgreichem Aufbau des kleinstrukturierten Gem\u00fcsebetriebs Essblatt Mikrofarm suche ich eine Gesch\u00e4ftspartner*in.<\/p>\n\n\n\n<p>Du bist \u00fcberzeugt von kleinstrukturierter Landwirtschaft (Stichworte: Marketgarden, Mikrofarmen), bringst Erfahrung im Gem\u00fcsebau mit, hast eine agronomische oder landwirtschaftliche Ausbildung (EFZ Gem\u00fcseg\u00e4rtner*in oder Landwirt*in) und kannst dir vorstellen nach einem Jahr im Anstellungsverh\u00e4ltnis in Zukunft in den Betrieb (z.B. Rechtsform GmbH) einzusteigen. <\/p>\n\n\n\n<p>Essblatt Mikrofarm produziert f\u00fcr 60 Haushalte w\u00f6chentlich eine Gem\u00fcsestasche und setzt ungef\u00e4hr die gleiche Menge auf dem Wochenmarkt in Bern ab. Ein gesichertes Einkommen f\u00fcr zwei Vollzeitstellen ist gegeben. Bisher habe ich den Betrieb mit Angestellten (insgesamt Anstellungsgrad von 120% von M\u00e4rz bis November) und meinen 100% gef\u00fchrt. Der Betrieb ist weiterhin ausbauf\u00e4hig. Von der landwirtschaftlichen Nutzfl\u00e4che sind bisher nur 40% mit Gem\u00fcsebau belegt. Eine M\u00f6glichkeit w\u00e4re den Rest der Fl\u00e4che mit einem neu angelegten Agroforst zu nutzen. <\/p>\n\n\n\n<p>Der Betrieb ist direktzahlungsberechtigt und wird unter dem Code 725 Permakultur gef\u00fchrt. Nebst 20 Feldobstb\u00e4umen, \u00fcber 100m Hecke und einem 250m2 Amphibienteich haben wir Legehennen und bauen gegen 100 Gem\u00fcsesorten an. <\/p>\n\n\n\n<p>Ich freue mich dich kennenzulernen und dir den Betrieb zu zeigen.<\/p>\n\n\n\n<p><a href=\"https:\/\/www.essblatt.ch\/team\/\" target=\"_blank\" rel=\"noreferrer noopener\">Link zu mehr Infos<\/a><\/p>","protected":false},"excerpt":{"rendered":"<p>Nach 10 Jahren erfolgreichem Aufbau des kleinstrukturierten Gem\u00fcsebetriebs Essblatt Mikrofarm suche ich eine Gesch\u00e4ftspartner*in. Du bist \u00fcberzeugt von kleinstrukturierter Landwirtschaft (Stichworte: Marketgarden, Mikrofarmen), bringst Erfahrung im Gem\u00fcsebau mit, hast eine agronomische oder landwirtschaftliche Ausbildung (EFZ Gem\u00fcseg\u00e4rtner*in oder Landwirt*in) und kannst dir vorstellen nach einem Jahr im Anstellungsverh\u00e4ltnis in Zukunft in den Betrieb (z.B. Rechtsform GmbH) [&hellip;]<\/p>\n","protected":false},"author":2,"featured_media":37874,"comment_status":"closed","ping_status":"closed","sticky":false,"template":"","format":"standard","meta":{"_acf_changed":false,"site-sidebar-layout":"default","site-content-layout":"","ast-site-content-layout":"default","site-content-style":"default","site-sidebar-style":"default","ast-global-header-display":"","ast-banner-title-visibility":"","ast-main-header-display":"","ast-hfb-above-header-display":"","ast-hfb-below-header-display":"","ast-hfb-mobile-header-display":"","site-post-title":"","ast-breadcrumbs-content":"","ast-featured-img":"","footer-sml-layout":"","ast-disable-related-posts":"","theme-transparent-header-meta":"","adv-header-id-meta":"","stick-header-meta":"","header-above-stick-meta":"","header-main-stick-meta":"","header-below-stick-meta":"","astra-migrate-meta-layouts":"set","ast-page-background-enabled":"default","ast-page-background-meta":{"desktop":{"background-color":"var(--ast-global-color-4)","background-image":"","background-repeat":"repeat","background-position":"center center","background-size":"auto","background-attachment":"scroll","background-type":"","background-media":"","overlay-type":"","overlay-color":"","overlay-opacity":"","overlay-gradient":""},"tablet":{"background-color":"","background-image":"","background-repeat":"repeat","background-position":"center center","background-size":"auto","background-attachment":"scroll","background-type":"","background-media":"","overlay-type":"","overlay-color":"","overlay-opacity":"","overlay-gradient":""},"mobile":{"background-color":"","background-image":"","background-repeat":"repeat","background-position":"center center","background-size":"auto","background-attachment":"scroll","background-type":"","background-media":"","overlay-type":"","overlay-color":"","overlay-opacity":"","overlay-gradient":""}},"ast-content-background-meta":{"desktop":{"background-color":"var(--ast-global-color-5)","background-image":"","background-repeat":"repeat","background-position":"center center","background-size":"auto","background-attachment":"scroll","background-type":"","background-media":"","overlay-type":"","overlay-color":"","overlay-opacity":"","overlay-gradient":""},"tablet":{"background-color":"var(--ast-global-color-5)","background-image":"","background-repeat":"repeat","background-position":"center center","background-size":"auto","background-attachment":"scroll","background-type":"","background-media":"","overlay-type":"","overlay-color":"","overlay-opacity":"","overlay-gradient":""},"mobile":{"background-color":"var(--ast-global-color-5)","background-image":"","background-repeat":"repeat","background-position":"center center","background-size":"auto","background-attachment":"scroll","background-type":"","background-media":"","overlay-type":"","overlay-color":"","overlay-opacity":"","overlay-gradient":""}},"footnotes":""},"categories":[34],"tags":[1119,482,93,1118,510],"class_list":["post-37876","post","type-post","status-publish","format-standard","has-post-thumbnail","hentry","category-ausschreibung","tag-co-betriebsleiterin","tag-essblatt","tag-job","tag-market-gardening-2","tag-stelle"],"acf":[],"yoast_head":"<!-- This site is optimized with the Yoast SEO plugin v27.5 - https:\/\/yoast.com\/product\/yoast-seo-wordpress\/ -->\n<title>Co-Betriebsleiter*in gesucht - Permakultur-Landwirtschaft<\/title>\n<meta name=\"description\" content=\"Nach 10 Jahren erfolgreichem Aufbau des kleinstrukturierten Gem\u00fcsebetriebs Essblatt Mikrofarm suche ich eine Gesch\u00e4ftspartner*in.\" \/>\n<meta name=\"robots\" content=\"index, follow, max-snippet:-1, max-image-preview:large, max-video-preview:-1\" \/>\n<link rel=\"canonical\" href=\"https:\/\/permakultur-landwirtschaft.org\/fr\/co-betriebsleiterin-gesucht\/\" \/>\n<meta property=\"og:locale\" content=\"fr_FR\" \/>\n<meta property=\"og:type\" content=\"article\" \/>\n<meta property=\"og:title\" content=\"Co-Betriebsleiter*in gesucht - Permakultur-Landwirtschaft\" \/>\n<meta property=\"og:description\" content=\"Nach 10 Jahren erfolgreichem Aufbau des kleinstrukturierten Gem\u00fcsebetriebs Essblatt Mikrofarm suche ich eine Gesch\u00e4ftspartner*in.\" \/>\n<meta property=\"og:url\" content=\"https:\/\/permakultur-landwirtschaft.org\/fr\/co-betriebsleiterin-gesucht\/\" \/>\n<meta property=\"og:site_name\" content=\"Permakultur-Landwirtschaft\" \/>\n<meta property=\"article:publisher\" content=\"https:\/\/www.facebook.com\/PermakulturLandwirtschaft\" \/>\n<meta property=\"article:published_time\" content=\"2026-02-12T11:09:06+00:00\" \/>\n<meta property=\"article:modified_time\" content=\"2026-03-30T13:56:16+00:00\" \/>\n<meta property=\"og:image\" content=\"https:\/\/permakultur-landwirtschaft.org\/wp-content\/uploads\/2026\/02\/2026_essblatt_image.jpg\" \/>\n\t<meta property=\"og:image:width\" content=\"456\" \/>\n\t<meta property=\"og:image:height\" content=\"342\" \/>\n\t<meta property=\"og:image:type\" content=\"image\/jpeg\" \/>\n<meta name=\"author\" content=\"adrian reutimann\" \/>\n<meta name=\"twitter:card\" content=\"summary_large_image\" \/>\n<meta name=\"twitter:label1\" content=\"\u00c9crit par\" \/>\n\t<meta name=\"twitter:data1\" content=\"adrian reutimann\" \/>\n\t<meta name=\"twitter:label2\" content=\"Dur\u00e9e de lecture estim\u00e9e\" \/>\n\t<meta name=\"twitter:data2\" content=\"2 minutes\" \/>\n<script type=\"application\/ld+json\" class=\"yoast-schema-graph\">{\"@context\":\"https:\\\/\\\/schema.org\",\"@graph\":[{\"@type\":\"Article\",\"@id\":\"https:\\\/\\\/permakultur-landwirtschaft.org\\\/co-betriebsleiterin-gesucht\\\/#article\",\"isPartOf\":{\"@id\":\"https:\\\/\\\/permakultur-landwirtschaft.org\\\/co-betriebsleiterin-gesucht\\\/\"},\"author\":{\"name\":\"adrian reutimann\",\"@id\":\"https:\\\/\\\/permakultur-landwirtschaft.org\\\/#\\\/schema\\\/person\\\/6b0467872f75aed3e144093f9bf4f0b0\"},\"headline\":\"Co-Betriebsleiter*in gesucht\",\"datePublished\":\"2026-02-12T11:09:06+00:00\",\"dateModified\":\"2026-03-30T13:56:16+00:00\",\"mainEntityOfPage\":{\"@id\":\"https:\\\/\\\/permakultur-landwirtschaft.org\\\/co-betriebsleiterin-gesucht\\\/\"},\"wordCount\":201,\"publisher\":{\"@id\":\"https:\\\/\\\/permakultur-landwirtschaft.org\\\/#organization\"},\"image\":{\"@id\":\"https:\\\/\\\/permakultur-landwirtschaft.org\\\/co-betriebsleiterin-gesucht\\\/#primaryimage\"},\"thumbnailUrl\":\"https:\\\/\\\/permakultur-landwirtschaft.org\\\/wp-content\\\/uploads\\\/2026\\\/02\\\/2026_essblatt_image.jpg\",\"keywords\":[\"Co-Betriebsleiter*in\",\"Essblatt\",\"Job\",\"Market Gardening\",\"Stelle\"],\"articleSection\":[\"Ausschreibung\"],\"inLanguage\":\"fr-FR\"},{\"@type\":\"WebPage\",\"@id\":\"https:\\\/\\\/permakultur-landwirtschaft.org\\\/co-betriebsleiterin-gesucht\\\/\",\"url\":\"https:\\\/\\\/permakultur-landwirtschaft.org\\\/co-betriebsleiterin-gesucht\\\/\",\"name\":\"Co-Betriebsleiter*in gesucht - Permakultur-Landwirtschaft\",\"isPartOf\":{\"@id\":\"https:\\\/\\\/permakultur-landwirtschaft.org\\\/#website\"},\"primaryImageOfPage\":{\"@id\":\"https:\\\/\\\/permakultur-landwirtschaft.org\\\/co-betriebsleiterin-gesucht\\\/#primaryimage\"},\"image\":{\"@id\":\"https:\\\/\\\/permakultur-landwirtschaft.org\\\/co-betriebsleiterin-gesucht\\\/#primaryimage\"},\"thumbnailUrl\":\"https:\\\/\\\/permakultur-landwirtschaft.org\\\/wp-content\\\/uploads\\\/2026\\\/02\\\/2026_essblatt_image.jpg\",\"datePublished\":\"2026-02-12T11:09:06+00:00\",\"dateModified\":\"2026-03-30T13:56:16+00:00\",\"description\":\"Nach 10 Jahren erfolgreichem Aufbau des kleinstrukturierten Gem\u00fcsebetriebs Essblatt Mikrofarm suche ich eine Gesch\u00e4ftspartner*in.\",\"breadcrumb\":{\"@id\":\"https:\\\/\\\/permakultur-landwirtschaft.org\\\/co-betriebsleiterin-gesucht\\\/#breadcrumb\"},\"inLanguage\":\"fr-FR\",\"potentialAction\":[{\"@type\":\"ReadAction\",\"target\":[\"https:\\\/\\\/permakultur-landwirtschaft.org\\\/co-betriebsleiterin-gesucht\\\/\"]}]},{\"@type\":\"ImageObject\",\"inLanguage\":\"fr-FR\",\"@id\":\"https:\\\/\\\/permakultur-landwirtschaft.org\\\/co-betriebsleiterin-gesucht\\\/#primaryimage\",\"url\":\"https:\\\/\\\/permakultur-landwirtschaft.org\\\/wp-content\\\/uploads\\\/2026\\\/02\\\/2026_essblatt_image.jpg\",\"contentUrl\":\"https:\\\/\\\/permakultur-landwirtschaft.org\\\/wp-content\\\/uploads\\\/2026\\\/02\\\/2026_essblatt_image.jpg\",\"width\":456,\"height\":342,\"caption\":\"Bild: essblatt.ch\"},{\"@type\":\"BreadcrumbList\",\"@id\":\"https:\\\/\\\/permakultur-landwirtschaft.org\\\/co-betriebsleiterin-gesucht\\\/#breadcrumb\",\"itemListElement\":[{\"@type\":\"ListItem\",\"position\":1,\"name\":\"Startseite\",\"item\":\"https:\\\/\\\/permakultur-landwirtschaft.org\\\/\"},{\"@type\":\"ListItem\",\"position\":2,\"name\":\"Co-Betriebsleiter*in gesucht\"}]},{\"@type\":\"WebSite\",\"@id\":\"https:\\\/\\\/permakultur-landwirtschaft.org\\\/#website\",\"url\":\"https:\\\/\\\/permakultur-landwirtschaft.org\\\/\",\"name\":\"Permakultur-Landwirtschaft\",\"description\":\"F\u00f6rderung der Permakultur in der Landwirtschaft\",\"publisher\":{\"@id\":\"https:\\\/\\\/permakultur-landwirtschaft.org\\\/#organization\"},\"potentialAction\":[{\"@type\":\"SearchAction\",\"target\":{\"@type\":\"EntryPoint\",\"urlTemplate\":\"https:\\\/\\\/permakultur-landwirtschaft.org\\\/?s={search_term_string}\"},\"query-input\":{\"@type\":\"PropertyValueSpecification\",\"valueRequired\":true,\"valueName\":\"search_term_string\"}}],\"inLanguage\":\"fr-FR\"},{\"@type\":\"Organization\",\"@id\":\"https:\\\/\\\/permakultur-landwirtschaft.org\\\/#organization\",\"name\":\"Permakultur-Landwirtschaft\",\"alternateName\":\"Verein Permakultur-Landwirtschaft\",\"url\":\"https:\\\/\\\/permakultur-landwirtschaft.org\\\/\",\"logo\":{\"@type\":\"ImageObject\",\"inLanguage\":\"fr-FR\",\"@id\":\"https:\\\/\\\/permakultur-landwirtschaft.org\\\/#\\\/schema\\\/logo\\\/image\\\/\",\"url\":\"https:\\\/\\\/permakultur-landwirtschaft.org\\\/wp-content\\\/uploads\\\/2021\\\/11\\\/pela_1268x1269.png\",\"contentUrl\":\"https:\\\/\\\/permakultur-landwirtschaft.org\\\/wp-content\\\/uploads\\\/2021\\\/11\\\/pela_1268x1269.png\",\"width\":1298,\"height\":1269,\"caption\":\"Permakultur-Landwirtschaft\"},\"image\":{\"@id\":\"https:\\\/\\\/permakultur-landwirtschaft.org\\\/#\\\/schema\\\/logo\\\/image\\\/\"},\"sameAs\":[\"https:\\\/\\\/www.facebook.com\\\/PermakulturLandwirtschaft\",\"https:\\\/\\\/www.instagram.com\\\/permakultur_landwirtschaft\\\/\",\"https:\\\/\\\/www.flickr.com\\\/photos\\\/permakultur-landwirtschaft\",\"https:\\\/\\\/www.youtube.com\\\/@PermakulturLandwirtschaft\"]},{\"@type\":\"Person\",\"@id\":\"https:\\\/\\\/permakultur-landwirtschaft.org\\\/#\\\/schema\\\/person\\\/6b0467872f75aed3e144093f9bf4f0b0\",\"name\":\"adrian reutimann\",\"url\":\"https:\\\/\\\/permakultur-landwirtschaft.org\\\/fr\\\/author\\\/reutiadr\\\/\"}]}<\/script>\n<!-- \/ Yoast SEO plugin. -->","yoast_head_json":{"title":"Co-Betriebsleiter*in gesucht - Permakultur-Landwirtschaft","description":"Nach 10 Jahren erfolgreichem Aufbau des kleinstrukturierten Gem\u00fcsebetriebs Essblatt Mikrofarm suche ich eine Gesch\u00e4ftspartner*in.","robots":{"index":"index","follow":"follow","max-snippet":"max-snippet:-1","max-image-preview":"max-image-preview:large","max-video-preview":"max-video-preview:-1"},"canonical":"https:\/\/permakultur-landwirtschaft.org\/fr\/co-betriebsleiterin-gesucht\/","og_locale":"fr_FR","og_type":"article","og_title":"Co-Betriebsleiter*in gesucht - Permakultur-Landwirtschaft","og_description":"Nach 10 Jahren erfolgreichem Aufbau des kleinstrukturierten Gem\u00fcsebetriebs Essblatt Mikrofarm suche ich eine Gesch\u00e4ftspartner*in.","og_url":"https:\/\/permakultur-landwirtschaft.org\/fr\/co-betriebsleiterin-gesucht\/","og_site_name":"Permakultur-Landwirtschaft","article_publisher":"https:\/\/www.facebook.com\/PermakulturLandwirtschaft","article_published_time":"2026-02-12T11:09:06+00:00","article_modified_time":"2026-03-30T13:56:16+00:00","og_image":[{"width":456,"height":342,"url":"https:\/\/permakultur-landwirtschaft.org\/wp-content\/uploads\/2026\/02\/2026_essblatt_image.jpg","type":"image\/jpeg"}],"author":"adrian reutimann","twitter_card":"summary_large_image","twitter_misc":{"\u00c9crit par":"adrian reutimann","Dur\u00e9e de lecture estim\u00e9e":"2 minutes"},"schema":{"@context":"https:\/\/schema.org","@graph":[{"@type":"Article","@id":"https:\/\/permakultur-landwirtschaft.org\/co-betriebsleiterin-gesucht\/#article","isPartOf":{"@id":"https:\/\/permakultur-landwirtschaft.org\/co-betriebsleiterin-gesucht\/"},"author":{"name":"adrian reutimann","@id":"https:\/\/permakultur-landwirtschaft.org\/#\/schema\/person\/6b0467872f75aed3e144093f9bf4f0b0"},"headline":"Co-Betriebsleiter*in gesucht","datePublished":"2026-02-12T11:09:06+00:00","dateModified":"2026-03-30T13:56:16+00:00","mainEntityOfPage":{"@id":"https:\/\/permakultur-landwirtschaft.org\/co-betriebsleiterin-gesucht\/"},"wordCount":201,"publisher":{"@id":"https:\/\/permakultur-landwirtschaft.org\/#organization"},"image":{"@id":"https:\/\/permakultur-landwirtschaft.org\/co-betriebsleiterin-gesucht\/#primaryimage"},"thumbnailUrl":"https:\/\/permakultur-landwirtschaft.org\/wp-content\/uploads\/2026\/02\/2026_essblatt_image.jpg","keywords":["Co-Betriebsleiter*in","Essblatt","Job","Market Gardening","Stelle"],"articleSection":["Ausschreibung"],"inLanguage":"fr-FR"},{"@type":"WebPage","@id":"https:\/\/permakultur-landwirtschaft.org\/co-betriebsleiterin-gesucht\/","url":"https:\/\/permakultur-landwirtschaft.org\/co-betriebsleiterin-gesucht\/","name":"Co-Betriebsleiter*in gesucht - Permakultur-Landwirtschaft","isPartOf":{"@id":"https:\/\/permakultur-landwirtschaft.org\/#website"},"primaryImageOfPage":{"@id":"https:\/\/permakultur-landwirtschaft.org\/co-betriebsleiterin-gesucht\/#primaryimage"},"image":{"@id":"https:\/\/permakultur-landwirtschaft.org\/co-betriebsleiterin-gesucht\/#primaryimage"},"thumbnailUrl":"https:\/\/permakultur-landwirtschaft.org\/wp-content\/uploads\/2026\/02\/2026_essblatt_image.jpg","datePublished":"2026-02-12T11:09:06+00:00","dateModified":"2026-03-30T13:56:16+00:00","description":"Nach 10 Jahren erfolgreichem Aufbau des kleinstrukturierten Gem\u00fcsebetriebs Essblatt Mikrofarm suche ich eine Gesch\u00e4ftspartner*in.","breadcrumb":{"@id":"https:\/\/permakultur-landwirtschaft.org\/co-betriebsleiterin-gesucht\/#breadcrumb"},"inLanguage":"fr-FR","potentialAction":[{"@type":"ReadAction","target":["https:\/\/permakultur-landwirtschaft.org\/co-betriebsleiterin-gesucht\/"]}]},{"@type":"ImageObject","inLanguage":"fr-FR","@id":"https:\/\/permakultur-landwirtschaft.org\/co-betriebsleiterin-gesucht\/#primaryimage","url":"https:\/\/permakultur-landwirtschaft.org\/wp-content\/uploads\/2026\/02\/2026_essblatt_image.jpg","contentUrl":"https:\/\/permakultur-landwirtschaft.org\/wp-content\/uploads\/2026\/02\/2026_essblatt_image.jpg","width":456,"height":342,"caption":"Bild: essblatt.ch"},{"@type":"BreadcrumbList","@id":"https:\/\/permakultur-landwirtschaft.org\/co-betriebsleiterin-gesucht\/#breadcrumb","itemListElement":[{"@type":"ListItem","position":1,"name":"Startseite","item":"https:\/\/permakultur-landwirtschaft.org\/"},{"@type":"ListItem","position":2,"name":"Co-Betriebsleiter*in gesucht"}]},{"@type":"WebSite","@id":"https:\/\/permakultur-landwirtschaft.org\/#website","url":"https:\/\/permakultur-landwirtschaft.org\/","name":"Permakultur-Landwirtschaft","description":"F\u00f6rderung der Permakultur in der Landwirtschaft","publisher":{"@id":"https:\/\/permakultur-landwirtschaft.org\/#organization"},"potentialAction":[{"@type":"SearchAction","target":{"@type":"EntryPoint","urlTemplate":"https:\/\/permakultur-landwirtschaft.org\/?s={search_term_string}"},"query-input":{"@type":"PropertyValueSpecification","valueRequired":true,"valueName":"search_term_string"}}],"inLanguage":"fr-FR"},{"@type":"Organization","@id":"https:\/\/permakultur-landwirtschaft.org\/#organization","name":"Permakultur-Landwirtschaft","alternateName":"Verein Permakultur-Landwirtschaft","url":"https:\/\/permakultur-landwirtschaft.org\/","logo":{"@type":"ImageObject","inLanguage":"fr-FR","@id":"https:\/\/permakultur-landwirtschaft.org\/#\/schema\/logo\/image\/","url":"https:\/\/permakultur-landwirtschaft.org\/wp-content\/uploads\/2021\/11\/pela_1268x1269.png","contentUrl":"https:\/\/permakultur-landwirtschaft.org\/wp-content\/uploads\/2021\/11\/pela_1268x1269.png","width":1298,"height":1269,"caption":"Permakultur-Landwirtschaft"},"image":{"@id":"https:\/\/permakultur-landwirtschaft.org\/#\/schema\/logo\/image\/"},"sameAs":["https:\/\/www.facebook.com\/PermakulturLandwirtschaft","https:\/\/www.instagram.com\/permakultur_landwirtschaft\/","https:\/\/www.flickr.com\/photos\/permakultur-landwirtschaft","https:\/\/www.youtube.com\/@PermakulturLandwirtschaft"]},{"@type":"Person","@id":"https:\/\/permakultur-landwirtschaft.org\/#\/schema\/person\/6b0467872f75aed3e144093f9bf4f0b0","name":"adrian reutimann","url":"https:\/\/permakultur-landwirtschaft.org\/fr\/author\/reutiadr\/"}]}},"_links":{"self":[{"href":"https:\/\/permakultur-landwirtschaft.org\/fr\/wp-json\/wp\/v2\/posts\/37876","targetHints":{"allow":["GET"]}}],"collection":[{"href":"https:\/\/permakultur-landwirtschaft.org\/fr\/wp-json\/wp\/v2\/posts"}],"about":[{"href":"https:\/\/permakultur-landwirtschaft.org\/fr\/wp-json\/wp\/v2\/types\/post"}],"author":[{"embeddable":true,"href":"https:\/\/permakultur-landwirtschaft.org\/fr\/wp-json\/wp\/v2\/users\/2"}],"replies":[{"embeddable":true,"href":"https:\/\/permakultur-landwirtschaft.org\/fr\/wp-json\/wp\/v2\/comments?post=37876"}],"version-history":[{"count":3,"href":"https:\/\/permakultur-landwirtschaft.org\/fr\/wp-json\/wp\/v2\/posts\/37876\/revisions"}],"predecessor-version":[{"id":38973,"href":"https:\/\/permakultur-landwirtschaft.org\/fr\/wp-json\/wp\/v2\/posts\/37876\/revisions\/38973"}],"wp:featuredmedia":[{"embeddable":true,"href":"https:\/\/permakultur-landwirtschaft.org\/fr\/wp-json\/wp\/v2\/media\/37874"}],"wp:attachment":[{"href":"https:\/\/permakultur-landwirtschaft.org\/fr\/wp-json\/wp\/v2\/media?parent=37876"}],"wp:term":[{"taxonomy":"category","embeddable":true,"href":"https:\/\/permakultur-landwirtschaft.org\/fr\/wp-json\/wp\/v2\/categories?post=37876"},{"taxonomy":"post_tag","embeddable":true,"href":"https:\/\/permakultur-landwirtschaft.org\/fr\/wp-json\/wp\/v2\/tags?post=37876"}],"curies":[{"name":"wp","href":"https:\/\/api.w.org\/{rel}","templated":true}]}}