{"id":37860,"date":"2026-02-10T16:54:01","date_gmt":"2026-02-10T15:54:01","guid":{"rendered":"https:\/\/permakultur-landwirtschaft.org\/?p=37860"},"modified":"2026-02-10T16:54:02","modified_gmt":"2026-02-10T15:54:02","slug":"permakultur-praxiswoche-lernen-durch-tun-kurs-vom-12-bis-16-juli-2026","status":"publish","type":"post","link":"https:\/\/permakultur-landwirtschaft.org\/fr\/permakultur-praxiswoche-lernen-durch-tun-kurs-vom-12-bis-16-juli-2026\/","title":{"rendered":"Permakultur Praxiswoche \u2013 Lernen durch Tun &#8211; Kurs vom 12. bis 16. Juli 2026"},"content":{"rendered":"<p>Text von www.alpine-permakultur.ch:<\/p>\n\n\n\n<p>Ob du einen Selbstversorgergarten anlegen m\u00f6chtest, einen Permakulturhof, einen urbanen Gemeinschaftsgarten oder die Gr\u00fcndung einer lokalen B\u00fcrgerinitiative planst, Permakultur ist vielf\u00e4ltig einsetzbar und die Idee dahinter ist einfach: wenn wir sorgsam mit der Erde umgehen, sorgt sie f\u00fcr uns!<br><br>In diesem Kurs lernst du die Permakultur als ganzheitliche Lebensphilosophie kennen. Du lernst, welche Methoden die Permakultur zur Gestaltung einsetzt und steigst tiefer in ihre praktische Anwendung ein. Wir erkunden die ethischen Grundlagen, die Gestaltungsprinzipien und -prozesse und erproben diese an Planungs\u00fcbungen und lernen viele praktische Beispiele kennen.<br>Gemeinsam entdecken wir die Grundlagen einer zukunftsf\u00e4higen Gestaltung von G\u00e4rten, Landschaften, Siedlungen und Organisationen.<br><br>Wir werden uns viel draussen auf dem Gel\u00e4nde aufhalten, um die nat\u00fcrlichen Prozesse und Kreisl\u00e4ufe in der Permakulturlandschaft der Schweibenalp und deren Umgebung zu beobachten und um unsere Wahrnehmung f\u00fcr die Natur zu sch\u00e4rfen. Durch diese Beobachtungen wird die Sprache der Natur mehr und mehr verst\u00e4ndlich und eine Grundlage f\u00fcr die Gestaltung.<br><br><strong>Kursinhalte:<\/strong><br>&#8211; Bedeutung und Geschichte der Permakultur<br>&#8211; Gestaltungsgrunds\u00e4tze, Planungstechniken<br>&#8211; Landschaftslesen<br>&#8211; permakulturelle Landbewirtschaftung<br>&#8211; soziale Permakultur, Gemeinschaftsg\u00e4rten<\/p>\n\n\n\n<h2 class=\"wp-block-heading\">Date<\/h2>\n\n\n\n<p>12. bis 16. Juli 2026<\/p>\n\n\n\n<h2 class=\"wp-block-heading\">Lieu<\/h2>\n\n\n\n<p>Zentrum der Einheit <br>Schweibenalp<br>CH-3855 Brienz BE<\/p>\n\n\n\n<p><a href=\"https:\/\/www.alpine-permakultur.ch\/detail\/?seminarId=%200269dd4c-a906-44fd-85b9-918b8a7e8957\" target=\"_blank\" rel=\"noreferrer noopener\">Link zu mehr Infos und Anmeldung<\/a><\/p>","protected":false},"excerpt":{"rendered":"<p>Text von www.alpine-permakultur.ch: Ob du einen Selbstversorgergarten anlegen m\u00f6chtest, einen Permakulturhof, einen urbanen Gemeinschaftsgarten oder die Gr\u00fcndung einer lokalen B\u00fcrgerinitiative planst, Permakultur ist vielf\u00e4ltig einsetzbar und die Idee dahinter ist einfach: wenn wir sorgsam mit der Erde umgehen, sorgt sie f\u00fcr uns! In diesem Kurs lernst du die Permakultur als ganzheitliche Lebensphilosophie kennen. Du lernst, [&hellip;]<\/p>\n","protected":false},"author":2,"featured_media":37861,"comment_status":"closed","ping_status":"closed","sticky":false,"template":"","format":"standard","meta":{"_acf_changed":false,"site-sidebar-layout":"default","site-content-layout":"","ast-site-content-layout":"default","site-content-style":"default","site-sidebar-style":"default","ast-global-header-display":"","ast-banner-title-visibility":"","ast-main-header-display":"","ast-hfb-above-header-display":"","ast-hfb-below-header-display":"","ast-hfb-mobile-header-display":"","site-post-title":"","ast-breadcrumbs-content":"","ast-featured-img":"","footer-sml-layout":"","ast-disable-related-posts":"","theme-transparent-header-meta":"","adv-header-id-meta":"","stick-header-meta":"","header-above-stick-meta":"","header-main-stick-meta":"","header-below-stick-meta":"","astra-migrate-meta-layouts":"set","ast-page-background-enabled":"default","ast-page-background-meta":{"desktop":{"background-color":"var(--ast-global-color-4)","background-image":"","background-repeat":"repeat","background-position":"center center","background-size":"auto","background-attachment":"scroll","background-type":"","background-media":"","overlay-type":"","overlay-color":"","overlay-opacity":"","overlay-gradient":""},"tablet":{"background-color":"","background-image":"","background-repeat":"repeat","background-position":"center center","background-size":"auto","background-attachment":"scroll","background-type":"","background-media":"","overlay-type":"","overlay-color":"","overlay-opacity":"","overlay-gradient":""},"mobile":{"background-color":"","background-image":"","background-repeat":"repeat","background-position":"center center","background-size":"auto","background-attachment":"scroll","background-type":"","background-media":"","overlay-type":"","overlay-color":"","overlay-opacity":"","overlay-gradient":""}},"ast-content-background-meta":{"desktop":{"background-color":"var(--ast-global-color-5)","background-image":"","background-repeat":"repeat","background-position":"center center","background-size":"auto","background-attachment":"scroll","background-type":"","background-media":"","overlay-type":"","overlay-color":"","overlay-opacity":"","overlay-gradient":""},"tablet":{"background-color":"var(--ast-global-color-5)","background-image":"","background-repeat":"repeat","background-position":"center center","background-size":"auto","background-attachment":"scroll","background-type":"","background-media":"","overlay-type":"","overlay-color":"","overlay-opacity":"","overlay-gradient":""},"mobile":{"background-color":"var(--ast-global-color-5)","background-image":"","background-repeat":"repeat","background-position":"center center","background-size":"auto","background-attachment":"scroll","background-type":"","background-media":"","overlay-type":"","overlay-color":"","overlay-opacity":"","overlay-gradient":""}},"footnotes":""},"categories":[14],"tags":[417,36,17,1112,94],"class_list":["post-37860","post","type-post","status-publish","format-standard","has-post-thumbnail","hentry","category-veranstaltung","tag-alpine-permakultur","tag-kurs","tag-permakultur","tag-praxiswoche","tag-schweibenalp"],"acf":[],"yoast_head":"<!-- This site is optimized with the Yoast SEO plugin v27.5 - https:\/\/yoast.com\/product\/yoast-seo-wordpress\/ -->\n<title>Permakultur Praxiswoche \u2013 Lernen durch Tun - Kurs vom 12. bis 16. Juli 2026 - Permakultur-Landwirtschaft<\/title>\n<meta name=\"description\" content=\"Du lernst, welche Methoden die Permakultur zur Gestaltung einsetzt und steigst tiefer in ihre praktische Anwendung ein.\" \/>\n<meta name=\"robots\" content=\"index, follow, max-snippet:-1, max-image-preview:large, max-video-preview:-1\" \/>\n<link rel=\"canonical\" href=\"https:\/\/permakultur-landwirtschaft.org\/fr\/permakultur-praxiswoche-lernen-durch-tun-kurs-vom-12-bis-16-juli-2026\/\" \/>\n<meta property=\"og:locale\" content=\"fr_FR\" \/>\n<meta property=\"og:type\" content=\"article\" \/>\n<meta property=\"og:title\" content=\"Permakultur Praxiswoche \u2013 Lernen durch Tun - Kurs vom 12. bis 16. Juli 2026 - Permakultur-Landwirtschaft\" \/>\n<meta property=\"og:description\" content=\"Du lernst, welche Methoden die Permakultur zur Gestaltung einsetzt und steigst tiefer in ihre praktische Anwendung ein.\" \/>\n<meta property=\"og:url\" content=\"https:\/\/permakultur-landwirtschaft.org\/fr\/permakultur-praxiswoche-lernen-durch-tun-kurs-vom-12-bis-16-juli-2026\/\" \/>\n<meta property=\"og:site_name\" content=\"Permakultur-Landwirtschaft\" \/>\n<meta property=\"article:publisher\" content=\"https:\/\/www.facebook.com\/PermakulturLandwirtschaft\" \/>\n<meta property=\"article:published_time\" content=\"2026-02-10T15:54:01+00:00\" \/>\n<meta property=\"article:modified_time\" content=\"2026-02-10T15:54:02+00:00\" \/>\n<meta property=\"og:image\" content=\"https:\/\/permakultur-landwirtschaft.org\/wp-content\/uploads\/2026\/02\/20260210_alpine_pk_praxis_26-216.jpg\" \/>\n\t<meta property=\"og:image:width\" content=\"700\" \/>\n\t<meta property=\"og:image:height\" content=\"393\" \/>\n\t<meta property=\"og:image:type\" content=\"image\/jpeg\" \/>\n<meta name=\"author\" content=\"adrian reutimann\" \/>\n<meta name=\"twitter:card\" content=\"summary_large_image\" \/>\n<meta name=\"twitter:label1\" content=\"\u00c9crit par\" \/>\n\t<meta name=\"twitter:data1\" content=\"adrian reutimann\" \/>\n\t<meta name=\"twitter:label2\" content=\"Dur\u00e9e de lecture estim\u00e9e\" \/>\n\t<meta name=\"twitter:data2\" content=\"2 minutes\" \/>\n<script type=\"application\/ld+json\" class=\"yoast-schema-graph\">{\"@context\":\"https:\\\/\\\/schema.org\",\"@graph\":[{\"@type\":\"Article\",\"@id\":\"https:\\\/\\\/permakultur-landwirtschaft.org\\\/permakultur-praxiswoche-lernen-durch-tun-kurs-vom-12-bis-16-juli-2026\\\/#article\",\"isPartOf\":{\"@id\":\"https:\\\/\\\/permakultur-landwirtschaft.org\\\/permakultur-praxiswoche-lernen-durch-tun-kurs-vom-12-bis-16-juli-2026\\\/\"},\"author\":{\"name\":\"adrian reutimann\",\"@id\":\"https:\\\/\\\/permakultur-landwirtschaft.org\\\/#\\\/schema\\\/person\\\/6b0467872f75aed3e144093f9bf4f0b0\"},\"headline\":\"Permakultur Praxiswoche \u2013 Lernen durch Tun &#8211; Kurs vom 12. bis 16. Juli 2026\",\"datePublished\":\"2026-02-10T15:54:01+00:00\",\"dateModified\":\"2026-02-10T15:54:02+00:00\",\"mainEntityOfPage\":{\"@id\":\"https:\\\/\\\/permakultur-landwirtschaft.org\\\/permakultur-praxiswoche-lernen-durch-tun-kurs-vom-12-bis-16-juli-2026\\\/\"},\"wordCount\":216,\"publisher\":{\"@id\":\"https:\\\/\\\/permakultur-landwirtschaft.org\\\/#organization\"},\"image\":{\"@id\":\"https:\\\/\\\/permakultur-landwirtschaft.org\\\/permakultur-praxiswoche-lernen-durch-tun-kurs-vom-12-bis-16-juli-2026\\\/#primaryimage\"},\"thumbnailUrl\":\"https:\\\/\\\/permakultur-landwirtschaft.org\\\/wp-content\\\/uploads\\\/2026\\\/02\\\/20260210_alpine_pk_praxis_26-216.jpg\",\"keywords\":[\"Alpine Permakultur\",\"Kurs\",\"Permakultur\",\"Praxiswoche\",\"Schweibenalp\"],\"articleSection\":[\"Veranstaltung\"],\"inLanguage\":\"fr-FR\"},{\"@type\":\"WebPage\",\"@id\":\"https:\\\/\\\/permakultur-landwirtschaft.org\\\/permakultur-praxiswoche-lernen-durch-tun-kurs-vom-12-bis-16-juli-2026\\\/\",\"url\":\"https:\\\/\\\/permakultur-landwirtschaft.org\\\/permakultur-praxiswoche-lernen-durch-tun-kurs-vom-12-bis-16-juli-2026\\\/\",\"name\":\"Permakultur Praxiswoche \u2013 Lernen durch Tun - Kurs vom 12. bis 16. Juli 2026 - Permakultur-Landwirtschaft\",\"isPartOf\":{\"@id\":\"https:\\\/\\\/permakultur-landwirtschaft.org\\\/#website\"},\"primaryImageOfPage\":{\"@id\":\"https:\\\/\\\/permakultur-landwirtschaft.org\\\/permakultur-praxiswoche-lernen-durch-tun-kurs-vom-12-bis-16-juli-2026\\\/#primaryimage\"},\"image\":{\"@id\":\"https:\\\/\\\/permakultur-landwirtschaft.org\\\/permakultur-praxiswoche-lernen-durch-tun-kurs-vom-12-bis-16-juli-2026\\\/#primaryimage\"},\"thumbnailUrl\":\"https:\\\/\\\/permakultur-landwirtschaft.org\\\/wp-content\\\/uploads\\\/2026\\\/02\\\/20260210_alpine_pk_praxis_26-216.jpg\",\"datePublished\":\"2026-02-10T15:54:01+00:00\",\"dateModified\":\"2026-02-10T15:54:02+00:00\",\"description\":\"Du lernst, welche Methoden die Permakultur zur Gestaltung einsetzt und steigst tiefer in ihre praktische Anwendung ein.\",\"breadcrumb\":{\"@id\":\"https:\\\/\\\/permakultur-landwirtschaft.org\\\/permakultur-praxiswoche-lernen-durch-tun-kurs-vom-12-bis-16-juli-2026\\\/#breadcrumb\"},\"inLanguage\":\"fr-FR\",\"potentialAction\":[{\"@type\":\"ReadAction\",\"target\":[\"https:\\\/\\\/permakultur-landwirtschaft.org\\\/permakultur-praxiswoche-lernen-durch-tun-kurs-vom-12-bis-16-juli-2026\\\/\"]}]},{\"@type\":\"ImageObject\",\"inLanguage\":\"fr-FR\",\"@id\":\"https:\\\/\\\/permakultur-landwirtschaft.org\\\/permakultur-praxiswoche-lernen-durch-tun-kurs-vom-12-bis-16-juli-2026\\\/#primaryimage\",\"url\":\"https:\\\/\\\/permakultur-landwirtschaft.org\\\/wp-content\\\/uploads\\\/2026\\\/02\\\/20260210_alpine_pk_praxis_26-216.jpg\",\"contentUrl\":\"https:\\\/\\\/permakultur-landwirtschaft.org\\\/wp-content\\\/uploads\\\/2026\\\/02\\\/20260210_alpine_pk_praxis_26-216.jpg\",\"width\":700,\"height\":393,\"caption\":\"Bild: www.alpine-permakultur.ch\"},{\"@type\":\"BreadcrumbList\",\"@id\":\"https:\\\/\\\/permakultur-landwirtschaft.org\\\/permakultur-praxiswoche-lernen-durch-tun-kurs-vom-12-bis-16-juli-2026\\\/#breadcrumb\",\"itemListElement\":[{\"@type\":\"ListItem\",\"position\":1,\"name\":\"Startseite\",\"item\":\"https:\\\/\\\/permakultur-landwirtschaft.org\\\/\"},{\"@type\":\"ListItem\",\"position\":2,\"name\":\"Permakultur Praxiswoche \u2013 Lernen durch Tun &#8211; Kurs vom 12. bis 16. Juli 2026\"}]},{\"@type\":\"WebSite\",\"@id\":\"https:\\\/\\\/permakultur-landwirtschaft.org\\\/#website\",\"url\":\"https:\\\/\\\/permakultur-landwirtschaft.org\\\/\",\"name\":\"Permakultur-Landwirtschaft\",\"description\":\"F\u00f6rderung der Permakultur in der Landwirtschaft\",\"publisher\":{\"@id\":\"https:\\\/\\\/permakultur-landwirtschaft.org\\\/#organization\"},\"potentialAction\":[{\"@type\":\"SearchAction\",\"target\":{\"@type\":\"EntryPoint\",\"urlTemplate\":\"https:\\\/\\\/permakultur-landwirtschaft.org\\\/?s={search_term_string}\"},\"query-input\":{\"@type\":\"PropertyValueSpecification\",\"valueRequired\":true,\"valueName\":\"search_term_string\"}}],\"inLanguage\":\"fr-FR\"},{\"@type\":\"Organization\",\"@id\":\"https:\\\/\\\/permakultur-landwirtschaft.org\\\/#organization\",\"name\":\"Permakultur-Landwirtschaft\",\"alternateName\":\"Verein Permakultur-Landwirtschaft\",\"url\":\"https:\\\/\\\/permakultur-landwirtschaft.org\\\/\",\"logo\":{\"@type\":\"ImageObject\",\"inLanguage\":\"fr-FR\",\"@id\":\"https:\\\/\\\/permakultur-landwirtschaft.org\\\/#\\\/schema\\\/logo\\\/image\\\/\",\"url\":\"https:\\\/\\\/permakultur-landwirtschaft.org\\\/wp-content\\\/uploads\\\/2021\\\/11\\\/pela_1268x1269.png\",\"contentUrl\":\"https:\\\/\\\/permakultur-landwirtschaft.org\\\/wp-content\\\/uploads\\\/2021\\\/11\\\/pela_1268x1269.png\",\"width\":1298,\"height\":1269,\"caption\":\"Permakultur-Landwirtschaft\"},\"image\":{\"@id\":\"https:\\\/\\\/permakultur-landwirtschaft.org\\\/#\\\/schema\\\/logo\\\/image\\\/\"},\"sameAs\":[\"https:\\\/\\\/www.facebook.com\\\/PermakulturLandwirtschaft\",\"https:\\\/\\\/www.instagram.com\\\/permakultur_landwirtschaft\\\/\",\"https:\\\/\\\/www.flickr.com\\\/photos\\\/permakultur-landwirtschaft\",\"https:\\\/\\\/www.youtube.com\\\/@PermakulturLandwirtschaft\"]},{\"@type\":\"Person\",\"@id\":\"https:\\\/\\\/permakultur-landwirtschaft.org\\\/#\\\/schema\\\/person\\\/6b0467872f75aed3e144093f9bf4f0b0\",\"name\":\"adrian reutimann\",\"url\":\"https:\\\/\\\/permakultur-landwirtschaft.org\\\/fr\\\/author\\\/reutiadr\\\/\"}]}<\/script>\n<!-- \/ Yoast SEO plugin. -->","yoast_head_json":{"title":"Permakultur Praxiswoche \u2013 Lernen durch Tun - Kurs vom 12. bis 16. Juli 2026 - Permakultur-Landwirtschaft","description":"Du lernst, welche Methoden die Permakultur zur Gestaltung einsetzt und steigst tiefer in ihre praktische Anwendung ein.","robots":{"index":"index","follow":"follow","max-snippet":"max-snippet:-1","max-image-preview":"max-image-preview:large","max-video-preview":"max-video-preview:-1"},"canonical":"https:\/\/permakultur-landwirtschaft.org\/fr\/permakultur-praxiswoche-lernen-durch-tun-kurs-vom-12-bis-16-juli-2026\/","og_locale":"fr_FR","og_type":"article","og_title":"Permakultur Praxiswoche \u2013 Lernen durch Tun - Kurs vom 12. bis 16. Juli 2026 - Permakultur-Landwirtschaft","og_description":"Du lernst, welche Methoden die Permakultur zur Gestaltung einsetzt und steigst tiefer in ihre praktische Anwendung ein.","og_url":"https:\/\/permakultur-landwirtschaft.org\/fr\/permakultur-praxiswoche-lernen-durch-tun-kurs-vom-12-bis-16-juli-2026\/","og_site_name":"Permakultur-Landwirtschaft","article_publisher":"https:\/\/www.facebook.com\/PermakulturLandwirtschaft","article_published_time":"2026-02-10T15:54:01+00:00","article_modified_time":"2026-02-10T15:54:02+00:00","og_image":[{"width":700,"height":393,"url":"https:\/\/permakultur-landwirtschaft.org\/wp-content\/uploads\/2026\/02\/20260210_alpine_pk_praxis_26-216.jpg","type":"image\/jpeg"}],"author":"adrian reutimann","twitter_card":"summary_large_image","twitter_misc":{"\u00c9crit par":"adrian reutimann","Dur\u00e9e de lecture estim\u00e9e":"2 minutes"},"schema":{"@context":"https:\/\/schema.org","@graph":[{"@type":"Article","@id":"https:\/\/permakultur-landwirtschaft.org\/permakultur-praxiswoche-lernen-durch-tun-kurs-vom-12-bis-16-juli-2026\/#article","isPartOf":{"@id":"https:\/\/permakultur-landwirtschaft.org\/permakultur-praxiswoche-lernen-durch-tun-kurs-vom-12-bis-16-juli-2026\/"},"author":{"name":"adrian reutimann","@id":"https:\/\/permakultur-landwirtschaft.org\/#\/schema\/person\/6b0467872f75aed3e144093f9bf4f0b0"},"headline":"Permakultur Praxiswoche \u2013 Lernen durch Tun &#8211; Kurs vom 12. bis 16. Juli 2026","datePublished":"2026-02-10T15:54:01+00:00","dateModified":"2026-02-10T15:54:02+00:00","mainEntityOfPage":{"@id":"https:\/\/permakultur-landwirtschaft.org\/permakultur-praxiswoche-lernen-durch-tun-kurs-vom-12-bis-16-juli-2026\/"},"wordCount":216,"publisher":{"@id":"https:\/\/permakultur-landwirtschaft.org\/#organization"},"image":{"@id":"https:\/\/permakultur-landwirtschaft.org\/permakultur-praxiswoche-lernen-durch-tun-kurs-vom-12-bis-16-juli-2026\/#primaryimage"},"thumbnailUrl":"https:\/\/permakultur-landwirtschaft.org\/wp-content\/uploads\/2026\/02\/20260210_alpine_pk_praxis_26-216.jpg","keywords":["Alpine Permakultur","Kurs","Permakultur","Praxiswoche","Schweibenalp"],"articleSection":["Veranstaltung"],"inLanguage":"fr-FR"},{"@type":"WebPage","@id":"https:\/\/permakultur-landwirtschaft.org\/permakultur-praxiswoche-lernen-durch-tun-kurs-vom-12-bis-16-juli-2026\/","url":"https:\/\/permakultur-landwirtschaft.org\/permakultur-praxiswoche-lernen-durch-tun-kurs-vom-12-bis-16-juli-2026\/","name":"Permakultur Praxiswoche \u2013 Lernen durch Tun - Kurs vom 12. bis 16. Juli 2026 - Permakultur-Landwirtschaft","isPartOf":{"@id":"https:\/\/permakultur-landwirtschaft.org\/#website"},"primaryImageOfPage":{"@id":"https:\/\/permakultur-landwirtschaft.org\/permakultur-praxiswoche-lernen-durch-tun-kurs-vom-12-bis-16-juli-2026\/#primaryimage"},"image":{"@id":"https:\/\/permakultur-landwirtschaft.org\/permakultur-praxiswoche-lernen-durch-tun-kurs-vom-12-bis-16-juli-2026\/#primaryimage"},"thumbnailUrl":"https:\/\/permakultur-landwirtschaft.org\/wp-content\/uploads\/2026\/02\/20260210_alpine_pk_praxis_26-216.jpg","datePublished":"2026-02-10T15:54:01+00:00","dateModified":"2026-02-10T15:54:02+00:00","description":"Du lernst, welche Methoden die Permakultur zur Gestaltung einsetzt und steigst tiefer in ihre praktische Anwendung ein.","breadcrumb":{"@id":"https:\/\/permakultur-landwirtschaft.org\/permakultur-praxiswoche-lernen-durch-tun-kurs-vom-12-bis-16-juli-2026\/#breadcrumb"},"inLanguage":"fr-FR","potentialAction":[{"@type":"ReadAction","target":["https:\/\/permakultur-landwirtschaft.org\/permakultur-praxiswoche-lernen-durch-tun-kurs-vom-12-bis-16-juli-2026\/"]}]},{"@type":"ImageObject","inLanguage":"fr-FR","@id":"https:\/\/permakultur-landwirtschaft.org\/permakultur-praxiswoche-lernen-durch-tun-kurs-vom-12-bis-16-juli-2026\/#primaryimage","url":"https:\/\/permakultur-landwirtschaft.org\/wp-content\/uploads\/2026\/02\/20260210_alpine_pk_praxis_26-216.jpg","contentUrl":"https:\/\/permakultur-landwirtschaft.org\/wp-content\/uploads\/2026\/02\/20260210_alpine_pk_praxis_26-216.jpg","width":700,"height":393,"caption":"Bild: www.alpine-permakultur.ch"},{"@type":"BreadcrumbList","@id":"https:\/\/permakultur-landwirtschaft.org\/permakultur-praxiswoche-lernen-durch-tun-kurs-vom-12-bis-16-juli-2026\/#breadcrumb","itemListElement":[{"@type":"ListItem","position":1,"name":"Startseite","item":"https:\/\/permakultur-landwirtschaft.org\/"},{"@type":"ListItem","position":2,"name":"Permakultur Praxiswoche \u2013 Lernen durch Tun &#8211; Kurs vom 12. bis 16. Juli 2026"}]},{"@type":"WebSite","@id":"https:\/\/permakultur-landwirtschaft.org\/#website","url":"https:\/\/permakultur-landwirtschaft.org\/","name":"Permakultur-Landwirtschaft","description":"F\u00f6rderung der Permakultur in der Landwirtschaft","publisher":{"@id":"https:\/\/permakultur-landwirtschaft.org\/#organization"},"potentialAction":[{"@type":"SearchAction","target":{"@type":"EntryPoint","urlTemplate":"https:\/\/permakultur-landwirtschaft.org\/?s={search_term_string}"},"query-input":{"@type":"PropertyValueSpecification","valueRequired":true,"valueName":"search_term_string"}}],"inLanguage":"fr-FR"},{"@type":"Organization","@id":"https:\/\/permakultur-landwirtschaft.org\/#organization","name":"Permakultur-Landwirtschaft","alternateName":"Verein Permakultur-Landwirtschaft","url":"https:\/\/permakultur-landwirtschaft.org\/","logo":{"@type":"ImageObject","inLanguage":"fr-FR","@id":"https:\/\/permakultur-landwirtschaft.org\/#\/schema\/logo\/image\/","url":"https:\/\/permakultur-landwirtschaft.org\/wp-content\/uploads\/2021\/11\/pela_1268x1269.png","contentUrl":"https:\/\/permakultur-landwirtschaft.org\/wp-content\/uploads\/2021\/11\/pela_1268x1269.png","width":1298,"height":1269,"caption":"Permakultur-Landwirtschaft"},"image":{"@id":"https:\/\/permakultur-landwirtschaft.org\/#\/schema\/logo\/image\/"},"sameAs":["https:\/\/www.facebook.com\/PermakulturLandwirtschaft","https:\/\/www.instagram.com\/permakultur_landwirtschaft\/","https:\/\/www.flickr.com\/photos\/permakultur-landwirtschaft","https:\/\/www.youtube.com\/@PermakulturLandwirtschaft"]},{"@type":"Person","@id":"https:\/\/permakultur-landwirtschaft.org\/#\/schema\/person\/6b0467872f75aed3e144093f9bf4f0b0","name":"adrian reutimann","url":"https:\/\/permakultur-landwirtschaft.org\/fr\/author\/reutiadr\/"}]}},"_links":{"self":[{"href":"https:\/\/permakultur-landwirtschaft.org\/fr\/wp-json\/wp\/v2\/posts\/37860","targetHints":{"allow":["GET"]}}],"collection":[{"href":"https:\/\/permakultur-landwirtschaft.org\/fr\/wp-json\/wp\/v2\/posts"}],"about":[{"href":"https:\/\/permakultur-landwirtschaft.org\/fr\/wp-json\/wp\/v2\/types\/post"}],"author":[{"embeddable":true,"href":"https:\/\/permakultur-landwirtschaft.org\/fr\/wp-json\/wp\/v2\/users\/2"}],"replies":[{"embeddable":true,"href":"https:\/\/permakultur-landwirtschaft.org\/fr\/wp-json\/wp\/v2\/comments?post=37860"}],"version-history":[{"count":1,"href":"https:\/\/permakultur-landwirtschaft.org\/fr\/wp-json\/wp\/v2\/posts\/37860\/revisions"}],"predecessor-version":[{"id":37862,"href":"https:\/\/permakultur-landwirtschaft.org\/fr\/wp-json\/wp\/v2\/posts\/37860\/revisions\/37862"}],"wp:featuredmedia":[{"embeddable":true,"href":"https:\/\/permakultur-landwirtschaft.org\/fr\/wp-json\/wp\/v2\/media\/37861"}],"wp:attachment":[{"href":"https:\/\/permakultur-landwirtschaft.org\/fr\/wp-json\/wp\/v2\/media?parent=37860"}],"wp:term":[{"taxonomy":"category","embeddable":true,"href":"https:\/\/permakultur-landwirtschaft.org\/fr\/wp-json\/wp\/v2\/categories?post=37860"},{"taxonomy":"post_tag","embeddable":true,"href":"https:\/\/permakultur-landwirtschaft.org\/fr\/wp-json\/wp\/v2\/tags?post=37860"}],"curies":[{"name":"wp","href":"https:\/\/api.w.org\/{rel}","templated":true}]}}