{"id":37726,"date":"2026-01-26T13:57:45","date_gmt":"2026-01-26T12:57:45","guid":{"rendered":"https:\/\/permakultur-landwirtschaft.org\/?p=37726"},"modified":"2026-01-26T13:59:22","modified_gmt":"2026-01-26T12:59:22","slug":"tage-der-agraroekologie-rueckblick-2025","status":"publish","type":"post","link":"https:\/\/permakultur-landwirtschaft.org\/fr\/tage-der-agraroekologie-rueckblick-2025\/","title":{"rendered":"\u00abTage der Agrar\u00f6kologie\u00bb R\u00fcckblick 2025"},"content":{"rendered":"<p>Text von www.agroecologyworks.ch:<\/p>\n\n\n\n<p>Wie k\u00f6nnen wir zusammen f\u00fcr faire, gesunde und gemeinschaftliche Wege in der Schweizer Ern\u00e4hrungslandschaft sorgen?<\/p>\n\n\n\n<p>Verteilt \u00fcber die Schweiz zeigt sich ein Strauss von Initiativen, die Landwirtschaft und Ern\u00e4hrung neu denken und ver\u00e4ndern. Auf den ersten Blick ein buntes Chaos, wie ein Bl\u00fchstreifen im Hochsommer. Doch diese Vielfalt hat System. So wie Pilze, gen\u00e4hrt und verbunden von einem unterirdischen Myzelgeflecht, kommen alle aus etwas Gemeinsamem hervor: Aus der \u00dcberzeugung, dass es angesichts der Gefahren des Klimawandels und dem Verlust von Artenvielfalt und Bodenfruchtbarkeit, sowie der weltweit verbreiteten Mangel- und Fehlern\u00e4hrung ein anderes Ern\u00e4hrungssystem braucht.<\/p>\n\n\n\n<p>In der Schweiz, und dar\u00fcber hinaus, gibt es eine Vielzahl pionierhafter H\u00f6fe, solidarischer Landwirtschaftsinitiativen, innovativer Verabeitungsunternehmen, Lebensmittelkooperativen und deren \u00abessende Unterst\u00fctzer:innen\u00bb. Diese gehen neue Wege und schaffen durch ihr Wirken einen Mehrwert f\u00fcr Boden, Pflanzen, Menschen, Wild- und Hoftiere. Sie setzen sich aktiv f\u00fcr eine faire Umgestaltung der heutigen Ern\u00e4hrungssysteme ein, auch in der Forschung und in der internationalen Zusammenarbeit. All diese Initiativen lassen sich unter dem Konzept der Agrar\u00f6kologie vereinen; Agrar\u00f6kologie ist in der Essenz das Schaffen von gerechten Ern\u00e4hrungssystemen im Einklang mit der Natur &#8211; in der Praxis, Forschung und als gesellschaftspolitische Bewegung.<\/p>\n\n\n\n<p>Mit der j\u00e4hrlich stattfindenden Veranstaltungsreihe \u00abTage der Agrar\u00f6kologie\u00bb macht das Schweizer Netzwerk f\u00fcr Agrar\u00f6kologie Agroecology Works! die vielf\u00e4ltigen schon existierenden agrar\u00f6kologischen L\u00f6sungen und die dahinter stehenden Menschen erlebbar und zeigt, dass Agrar\u00f6kologie funktioniert und ein anderes Ern\u00e4hrungssystem nicht nur notwendig, sondern auch m\u00f6glich ist.<\/p>\n\n\n\n<p>Die folgenden Seiten portr\u00e4tieren die Tage der Agrar\u00f6kologie 2025, die unter dem Motto: \u00abVielfalt leben, Gerechtigkeit pflanzengemeinsam gestalten wir unser Ern\u00e4hrungssystem\u00bb in der ganzen Schweiz stattfanden. Vom Permakultur Festival im Tessin \u00fcber Gr\u00fcnd\u00fcngung und Wassermanagement in Luzern, Mechanisierung im kleinteiligen Gem\u00fcsebau in Z\u00fcrich und Basel, Escape Room auf dem Bundesplatz zu Saatgut und Lebensmittel kooperativen in Neuenburg bis zur sozialen Lebensmittelversicherung und der eigenen W\u00e4hrung f\u00fcr landwirtschaftliche Produkte in Genf und im Wallis: 80 Veranstaltungen fanden w\u00e4hrend den diesj\u00e4hrigen Tagen der Agrar\u00f6kologie vom 1. bis 31. Oktober statt.<\/p>\n\n\n\n<p>Neben sehr lokalen L\u00f6sungsans\u00e4tzen gab es auch zahlreiche internationale Bez\u00fcge im Programm. Denn wie die Agrar\u00f6kologie aufzeigt: gerechte und nachhaltige Ern\u00e4hrungssysteme sind nur m\u00f6glich, wenn sie systemisch \u00fcber Sektoren und Landesgrenzen hinaus gedacht und solidarisch umgesetzt werden.<\/p>\n\n\n\n<p>&#8230;<\/p>\n\n\n\n<p><a href=\"https:\/\/www.agroecologyworks.ch\/media\/pages\/tage-der-agraroekologie\/2025\/events\/2211cee664-1769178171\/booklet_tda_25_final_web_ds.pdf\" target=\"_blank\" rel=\"noreferrer noopener\">Link zum R\u00fcckblick<\/a><\/p>\n\n\n\n<p><\/p>","protected":false},"excerpt":{"rendered":"<p>Text von www.agroecologyworks.ch: Wie k\u00f6nnen wir zusammen f\u00fcr faire, gesunde und gemeinschaftliche Wege in der Schweizer Ern\u00e4hrungslandschaft sorgen? Verteilt \u00fcber die Schweiz zeigt sich ein Strauss von Initiativen, die Landwirtschaft und Ern\u00e4hrung neu denken und ver\u00e4ndern. Auf den ersten Blick ein buntes Chaos, wie ein Bl\u00fchstreifen im Hochsommer. Doch diese Vielfalt hat System. So wie [&hellip;]<\/p>\n","protected":false},"author":2,"featured_media":37727,"comment_status":"closed","ping_status":"closed","sticky":false,"template":"","format":"standard","meta":{"_acf_changed":false,"site-sidebar-layout":"default","site-content-layout":"","ast-site-content-layout":"default","site-content-style":"default","site-sidebar-style":"default","ast-global-header-display":"","ast-banner-title-visibility":"","ast-main-header-display":"","ast-hfb-above-header-display":"","ast-hfb-below-header-display":"","ast-hfb-mobile-header-display":"","site-post-title":"","ast-breadcrumbs-content":"","ast-featured-img":"","footer-sml-layout":"","ast-disable-related-posts":"","theme-transparent-header-meta":"","adv-header-id-meta":"","stick-header-meta":"","header-above-stick-meta":"","header-main-stick-meta":"","header-below-stick-meta":"","astra-migrate-meta-layouts":"set","ast-page-background-enabled":"default","ast-page-background-meta":{"desktop":{"background-color":"var(--ast-global-color-4)","background-image":"","background-repeat":"repeat","background-position":"center center","background-size":"auto","background-attachment":"scroll","background-type":"","background-media":"","overlay-type":"","overlay-color":"","overlay-opacity":"","overlay-gradient":""},"tablet":{"background-color":"","background-image":"","background-repeat":"repeat","background-position":"center center","background-size":"auto","background-attachment":"scroll","background-type":"","background-media":"","overlay-type":"","overlay-color":"","overlay-opacity":"","overlay-gradient":""},"mobile":{"background-color":"","background-image":"","background-repeat":"repeat","background-position":"center center","background-size":"auto","background-attachment":"scroll","background-type":"","background-media":"","overlay-type":"","overlay-color":"","overlay-opacity":"","overlay-gradient":""}},"ast-content-background-meta":{"desktop":{"background-color":"var(--ast-global-color-5)","background-image":"","background-repeat":"repeat","background-position":"center center","background-size":"auto","background-attachment":"scroll","background-type":"","background-media":"","overlay-type":"","overlay-color":"","overlay-opacity":"","overlay-gradient":""},"tablet":{"background-color":"var(--ast-global-color-5)","background-image":"","background-repeat":"repeat","background-position":"center center","background-size":"auto","background-attachment":"scroll","background-type":"","background-media":"","overlay-type":"","overlay-color":"","overlay-opacity":"","overlay-gradient":""},"mobile":{"background-color":"var(--ast-global-color-5)","background-image":"","background-repeat":"repeat","background-position":"center center","background-size":"auto","background-attachment":"scroll","background-type":"","background-media":"","overlay-type":"","overlay-color":"","overlay-opacity":"","overlay-gradient":""}},"footnotes":""},"categories":[22],"tags":[1088,1087,436],"class_list":["post-37726","post","type-post","status-publish","format-standard","has-post-thumbnail","hentry","category-neuigkeit","tag-1088","tag-rueckblick","tag-tage-der-agraroekologie"],"acf":[],"yoast_head":"<!-- This site is optimized with the Yoast SEO plugin v27.5 - https:\/\/yoast.com\/product\/yoast-seo-wordpress\/ -->\n<title>\u00abTage der Agrar\u00f6kologie\u00bb R\u00fcckblick 2025 - Permakultur-Landwirtschaft<\/title>\n<meta name=\"robots\" content=\"index, follow, max-snippet:-1, max-image-preview:large, max-video-preview:-1\" \/>\n<link rel=\"canonical\" href=\"https:\/\/permakultur-landwirtschaft.org\/fr\/tage-der-agraroekologie-rueckblick-2025\/\" \/>\n<meta property=\"og:locale\" content=\"fr_FR\" \/>\n<meta property=\"og:type\" content=\"article\" \/>\n<meta property=\"og:title\" content=\"\u00abTage der Agrar\u00f6kologie\u00bb R\u00fcckblick 2025 - Permakultur-Landwirtschaft\" \/>\n<meta property=\"og:description\" content=\"Text von www.agroecologyworks.ch: Wie k\u00f6nnen wir zusammen f\u00fcr faire, gesunde und gemeinschaftliche Wege in der Schweizer Ern\u00e4hrungslandschaft sorgen? Verteilt \u00fcber die Schweiz zeigt sich ein Strauss von Initiativen, die Landwirtschaft und Ern\u00e4hrung neu denken und ver\u00e4ndern. Auf den ersten Blick ein buntes Chaos, wie ein Bl\u00fchstreifen im Hochsommer. Doch diese Vielfalt hat System. So wie [&hellip;]\" \/>\n<meta property=\"og:url\" content=\"https:\/\/permakultur-landwirtschaft.org\/fr\/tage-der-agraroekologie-rueckblick-2025\/\" \/>\n<meta property=\"og:site_name\" content=\"Permakultur-Landwirtschaft\" \/>\n<meta property=\"article:publisher\" content=\"https:\/\/www.facebook.com\/PermakulturLandwirtschaft\" \/>\n<meta property=\"article:published_time\" content=\"2026-01-26T12:57:45+00:00\" \/>\n<meta property=\"article:modified_time\" content=\"2026-01-26T12:59:22+00:00\" \/>\n<meta property=\"og:image\" content=\"https:\/\/permakultur-landwirtschaft.org\/wp-content\/uploads\/2026\/01\/agroecology_2025_26-01-2026_13-46-09.jpg\" \/>\n\t<meta property=\"og:image:width\" content=\"699\" \/>\n\t<meta property=\"og:image:height\" content=\"362\" \/>\n\t<meta property=\"og:image:type\" content=\"image\/jpeg\" \/>\n<meta name=\"author\" content=\"adrian reutimann\" \/>\n<meta name=\"twitter:card\" content=\"summary_large_image\" \/>\n<meta name=\"twitter:label1\" content=\"\u00c9crit par\" \/>\n\t<meta name=\"twitter:data1\" content=\"adrian reutimann\" \/>\n\t<meta name=\"twitter:label2\" content=\"Dur\u00e9e de lecture estim\u00e9e\" \/>\n\t<meta name=\"twitter:data2\" content=\"3 minutes\" \/>\n<script type=\"application\/ld+json\" class=\"yoast-schema-graph\">{\"@context\":\"https:\\\/\\\/schema.org\",\"@graph\":[{\"@type\":\"Article\",\"@id\":\"https:\\\/\\\/permakultur-landwirtschaft.org\\\/tage-der-agraroekologie-rueckblick-2025\\\/#article\",\"isPartOf\":{\"@id\":\"https:\\\/\\\/permakultur-landwirtschaft.org\\\/tage-der-agraroekologie-rueckblick-2025\\\/\"},\"author\":{\"name\":\"adrian reutimann\",\"@id\":\"https:\\\/\\\/permakultur-landwirtschaft.org\\\/#\\\/schema\\\/person\\\/6b0467872f75aed3e144093f9bf4f0b0\"},\"headline\":\"\u00abTage der Agrar\u00f6kologie\u00bb R\u00fcckblick 2025\",\"datePublished\":\"2026-01-26T12:57:45+00:00\",\"dateModified\":\"2026-01-26T12:59:22+00:00\",\"mainEntityOfPage\":{\"@id\":\"https:\\\/\\\/permakultur-landwirtschaft.org\\\/tage-der-agraroekologie-rueckblick-2025\\\/\"},\"wordCount\":416,\"publisher\":{\"@id\":\"https:\\\/\\\/permakultur-landwirtschaft.org\\\/#organization\"},\"image\":{\"@id\":\"https:\\\/\\\/permakultur-landwirtschaft.org\\\/tage-der-agraroekologie-rueckblick-2025\\\/#primaryimage\"},\"thumbnailUrl\":\"https:\\\/\\\/permakultur-landwirtschaft.org\\\/wp-content\\\/uploads\\\/2026\\\/01\\\/agroecology_2025_26-01-2026_13-46-09.jpg\",\"keywords\":[\"2025\",\"R\u00fcckblick\",\"Tage der Agrar\u00f6kologie\"],\"articleSection\":[\"Neuigkeit\"],\"inLanguage\":\"fr-FR\"},{\"@type\":\"WebPage\",\"@id\":\"https:\\\/\\\/permakultur-landwirtschaft.org\\\/tage-der-agraroekologie-rueckblick-2025\\\/\",\"url\":\"https:\\\/\\\/permakultur-landwirtschaft.org\\\/tage-der-agraroekologie-rueckblick-2025\\\/\",\"name\":\"\u00abTage der Agrar\u00f6kologie\u00bb R\u00fcckblick 2025 - Permakultur-Landwirtschaft\",\"isPartOf\":{\"@id\":\"https:\\\/\\\/permakultur-landwirtschaft.org\\\/#website\"},\"primaryImageOfPage\":{\"@id\":\"https:\\\/\\\/permakultur-landwirtschaft.org\\\/tage-der-agraroekologie-rueckblick-2025\\\/#primaryimage\"},\"image\":{\"@id\":\"https:\\\/\\\/permakultur-landwirtschaft.org\\\/tage-der-agraroekologie-rueckblick-2025\\\/#primaryimage\"},\"thumbnailUrl\":\"https:\\\/\\\/permakultur-landwirtschaft.org\\\/wp-content\\\/uploads\\\/2026\\\/01\\\/agroecology_2025_26-01-2026_13-46-09.jpg\",\"datePublished\":\"2026-01-26T12:57:45+00:00\",\"dateModified\":\"2026-01-26T12:59:22+00:00\",\"breadcrumb\":{\"@id\":\"https:\\\/\\\/permakultur-landwirtschaft.org\\\/tage-der-agraroekologie-rueckblick-2025\\\/#breadcrumb\"},\"inLanguage\":\"fr-FR\",\"potentialAction\":[{\"@type\":\"ReadAction\",\"target\":[\"https:\\\/\\\/permakultur-landwirtschaft.org\\\/tage-der-agraroekologie-rueckblick-2025\\\/\"]}]},{\"@type\":\"ImageObject\",\"inLanguage\":\"fr-FR\",\"@id\":\"https:\\\/\\\/permakultur-landwirtschaft.org\\\/tage-der-agraroekologie-rueckblick-2025\\\/#primaryimage\",\"url\":\"https:\\\/\\\/permakultur-landwirtschaft.org\\\/wp-content\\\/uploads\\\/2026\\\/01\\\/agroecology_2025_26-01-2026_13-46-09.jpg\",\"contentUrl\":\"https:\\\/\\\/permakultur-landwirtschaft.org\\\/wp-content\\\/uploads\\\/2026\\\/01\\\/agroecology_2025_26-01-2026_13-46-09.jpg\",\"width\":699,\"height\":362,\"caption\":\"Bild: agroecologyworks.ch\"},{\"@type\":\"BreadcrumbList\",\"@id\":\"https:\\\/\\\/permakultur-landwirtschaft.org\\\/tage-der-agraroekologie-rueckblick-2025\\\/#breadcrumb\",\"itemListElement\":[{\"@type\":\"ListItem\",\"position\":1,\"name\":\"Startseite\",\"item\":\"https:\\\/\\\/permakultur-landwirtschaft.org\\\/\"},{\"@type\":\"ListItem\",\"position\":2,\"name\":\"\u00abTage der Agrar\u00f6kologie\u00bb R\u00fcckblick 2025\"}]},{\"@type\":\"WebSite\",\"@id\":\"https:\\\/\\\/permakultur-landwirtschaft.org\\\/#website\",\"url\":\"https:\\\/\\\/permakultur-landwirtschaft.org\\\/\",\"name\":\"Permakultur-Landwirtschaft\",\"description\":\"F\u00f6rderung der Permakultur in der Landwirtschaft\",\"publisher\":{\"@id\":\"https:\\\/\\\/permakultur-landwirtschaft.org\\\/#organization\"},\"potentialAction\":[{\"@type\":\"SearchAction\",\"target\":{\"@type\":\"EntryPoint\",\"urlTemplate\":\"https:\\\/\\\/permakultur-landwirtschaft.org\\\/?s={search_term_string}\"},\"query-input\":{\"@type\":\"PropertyValueSpecification\",\"valueRequired\":true,\"valueName\":\"search_term_string\"}}],\"inLanguage\":\"fr-FR\"},{\"@type\":\"Organization\",\"@id\":\"https:\\\/\\\/permakultur-landwirtschaft.org\\\/#organization\",\"name\":\"Permakultur-Landwirtschaft\",\"alternateName\":\"Verein Permakultur-Landwirtschaft\",\"url\":\"https:\\\/\\\/permakultur-landwirtschaft.org\\\/\",\"logo\":{\"@type\":\"ImageObject\",\"inLanguage\":\"fr-FR\",\"@id\":\"https:\\\/\\\/permakultur-landwirtschaft.org\\\/#\\\/schema\\\/logo\\\/image\\\/\",\"url\":\"https:\\\/\\\/permakultur-landwirtschaft.org\\\/wp-content\\\/uploads\\\/2021\\\/11\\\/pela_1268x1269.png\",\"contentUrl\":\"https:\\\/\\\/permakultur-landwirtschaft.org\\\/wp-content\\\/uploads\\\/2021\\\/11\\\/pela_1268x1269.png\",\"width\":1298,\"height\":1269,\"caption\":\"Permakultur-Landwirtschaft\"},\"image\":{\"@id\":\"https:\\\/\\\/permakultur-landwirtschaft.org\\\/#\\\/schema\\\/logo\\\/image\\\/\"},\"sameAs\":[\"https:\\\/\\\/www.facebook.com\\\/PermakulturLandwirtschaft\",\"https:\\\/\\\/www.instagram.com\\\/permakultur_landwirtschaft\\\/\",\"https:\\\/\\\/www.flickr.com\\\/photos\\\/permakultur-landwirtschaft\",\"https:\\\/\\\/www.youtube.com\\\/@PermakulturLandwirtschaft\"]},{\"@type\":\"Person\",\"@id\":\"https:\\\/\\\/permakultur-landwirtschaft.org\\\/#\\\/schema\\\/person\\\/6b0467872f75aed3e144093f9bf4f0b0\",\"name\":\"adrian reutimann\",\"url\":\"https:\\\/\\\/permakultur-landwirtschaft.org\\\/fr\\\/author\\\/reutiadr\\\/\"}]}<\/script>\n<!-- \/ Yoast SEO plugin. -->","yoast_head_json":{"title":"\u00abTage der Agrar\u00f6kologie\u00bb R\u00fcckblick 2025 - Permakultur-Landwirtschaft","robots":{"index":"index","follow":"follow","max-snippet":"max-snippet:-1","max-image-preview":"max-image-preview:large","max-video-preview":"max-video-preview:-1"},"canonical":"https:\/\/permakultur-landwirtschaft.org\/fr\/tage-der-agraroekologie-rueckblick-2025\/","og_locale":"fr_FR","og_type":"article","og_title":"\u00abTage der Agrar\u00f6kologie\u00bb R\u00fcckblick 2025 - Permakultur-Landwirtschaft","og_description":"Text von www.agroecologyworks.ch: Wie k\u00f6nnen wir zusammen f\u00fcr faire, gesunde und gemeinschaftliche Wege in der Schweizer Ern\u00e4hrungslandschaft sorgen? Verteilt \u00fcber die Schweiz zeigt sich ein Strauss von Initiativen, die Landwirtschaft und Ern\u00e4hrung neu denken und ver\u00e4ndern. Auf den ersten Blick ein buntes Chaos, wie ein Bl\u00fchstreifen im Hochsommer. Doch diese Vielfalt hat System. So wie [&hellip;]","og_url":"https:\/\/permakultur-landwirtschaft.org\/fr\/tage-der-agraroekologie-rueckblick-2025\/","og_site_name":"Permakultur-Landwirtschaft","article_publisher":"https:\/\/www.facebook.com\/PermakulturLandwirtschaft","article_published_time":"2026-01-26T12:57:45+00:00","article_modified_time":"2026-01-26T12:59:22+00:00","og_image":[{"width":699,"height":362,"url":"https:\/\/permakultur-landwirtschaft.org\/wp-content\/uploads\/2026\/01\/agroecology_2025_26-01-2026_13-46-09.jpg","type":"image\/jpeg"}],"author":"adrian reutimann","twitter_card":"summary_large_image","twitter_misc":{"\u00c9crit par":"adrian reutimann","Dur\u00e9e de lecture estim\u00e9e":"3 minutes"},"schema":{"@context":"https:\/\/schema.org","@graph":[{"@type":"Article","@id":"https:\/\/permakultur-landwirtschaft.org\/tage-der-agraroekologie-rueckblick-2025\/#article","isPartOf":{"@id":"https:\/\/permakultur-landwirtschaft.org\/tage-der-agraroekologie-rueckblick-2025\/"},"author":{"name":"adrian reutimann","@id":"https:\/\/permakultur-landwirtschaft.org\/#\/schema\/person\/6b0467872f75aed3e144093f9bf4f0b0"},"headline":"\u00abTage der Agrar\u00f6kologie\u00bb R\u00fcckblick 2025","datePublished":"2026-01-26T12:57:45+00:00","dateModified":"2026-01-26T12:59:22+00:00","mainEntityOfPage":{"@id":"https:\/\/permakultur-landwirtschaft.org\/tage-der-agraroekologie-rueckblick-2025\/"},"wordCount":416,"publisher":{"@id":"https:\/\/permakultur-landwirtschaft.org\/#organization"},"image":{"@id":"https:\/\/permakultur-landwirtschaft.org\/tage-der-agraroekologie-rueckblick-2025\/#primaryimage"},"thumbnailUrl":"https:\/\/permakultur-landwirtschaft.org\/wp-content\/uploads\/2026\/01\/agroecology_2025_26-01-2026_13-46-09.jpg","keywords":["2025","R\u00fcckblick","Tage der Agrar\u00f6kologie"],"articleSection":["Neuigkeit"],"inLanguage":"fr-FR"},{"@type":"WebPage","@id":"https:\/\/permakultur-landwirtschaft.org\/tage-der-agraroekologie-rueckblick-2025\/","url":"https:\/\/permakultur-landwirtschaft.org\/tage-der-agraroekologie-rueckblick-2025\/","name":"\u00abTage der Agrar\u00f6kologie\u00bb R\u00fcckblick 2025 - Permakultur-Landwirtschaft","isPartOf":{"@id":"https:\/\/permakultur-landwirtschaft.org\/#website"},"primaryImageOfPage":{"@id":"https:\/\/permakultur-landwirtschaft.org\/tage-der-agraroekologie-rueckblick-2025\/#primaryimage"},"image":{"@id":"https:\/\/permakultur-landwirtschaft.org\/tage-der-agraroekologie-rueckblick-2025\/#primaryimage"},"thumbnailUrl":"https:\/\/permakultur-landwirtschaft.org\/wp-content\/uploads\/2026\/01\/agroecology_2025_26-01-2026_13-46-09.jpg","datePublished":"2026-01-26T12:57:45+00:00","dateModified":"2026-01-26T12:59:22+00:00","breadcrumb":{"@id":"https:\/\/permakultur-landwirtschaft.org\/tage-der-agraroekologie-rueckblick-2025\/#breadcrumb"},"inLanguage":"fr-FR","potentialAction":[{"@type":"ReadAction","target":["https:\/\/permakultur-landwirtschaft.org\/tage-der-agraroekologie-rueckblick-2025\/"]}]},{"@type":"ImageObject","inLanguage":"fr-FR","@id":"https:\/\/permakultur-landwirtschaft.org\/tage-der-agraroekologie-rueckblick-2025\/#primaryimage","url":"https:\/\/permakultur-landwirtschaft.org\/wp-content\/uploads\/2026\/01\/agroecology_2025_26-01-2026_13-46-09.jpg","contentUrl":"https:\/\/permakultur-landwirtschaft.org\/wp-content\/uploads\/2026\/01\/agroecology_2025_26-01-2026_13-46-09.jpg","width":699,"height":362,"caption":"Bild: agroecologyworks.ch"},{"@type":"BreadcrumbList","@id":"https:\/\/permakultur-landwirtschaft.org\/tage-der-agraroekologie-rueckblick-2025\/#breadcrumb","itemListElement":[{"@type":"ListItem","position":1,"name":"Startseite","item":"https:\/\/permakultur-landwirtschaft.org\/"},{"@type":"ListItem","position":2,"name":"\u00abTage der Agrar\u00f6kologie\u00bb R\u00fcckblick 2025"}]},{"@type":"WebSite","@id":"https:\/\/permakultur-landwirtschaft.org\/#website","url":"https:\/\/permakultur-landwirtschaft.org\/","name":"Permakultur-Landwirtschaft","description":"F\u00f6rderung der Permakultur in der Landwirtschaft","publisher":{"@id":"https:\/\/permakultur-landwirtschaft.org\/#organization"},"potentialAction":[{"@type":"SearchAction","target":{"@type":"EntryPoint","urlTemplate":"https:\/\/permakultur-landwirtschaft.org\/?s={search_term_string}"},"query-input":{"@type":"PropertyValueSpecification","valueRequired":true,"valueName":"search_term_string"}}],"inLanguage":"fr-FR"},{"@type":"Organization","@id":"https:\/\/permakultur-landwirtschaft.org\/#organization","name":"Permakultur-Landwirtschaft","alternateName":"Verein Permakultur-Landwirtschaft","url":"https:\/\/permakultur-landwirtschaft.org\/","logo":{"@type":"ImageObject","inLanguage":"fr-FR","@id":"https:\/\/permakultur-landwirtschaft.org\/#\/schema\/logo\/image\/","url":"https:\/\/permakultur-landwirtschaft.org\/wp-content\/uploads\/2021\/11\/pela_1268x1269.png","contentUrl":"https:\/\/permakultur-landwirtschaft.org\/wp-content\/uploads\/2021\/11\/pela_1268x1269.png","width":1298,"height":1269,"caption":"Permakultur-Landwirtschaft"},"image":{"@id":"https:\/\/permakultur-landwirtschaft.org\/#\/schema\/logo\/image\/"},"sameAs":["https:\/\/www.facebook.com\/PermakulturLandwirtschaft","https:\/\/www.instagram.com\/permakultur_landwirtschaft\/","https:\/\/www.flickr.com\/photos\/permakultur-landwirtschaft","https:\/\/www.youtube.com\/@PermakulturLandwirtschaft"]},{"@type":"Person","@id":"https:\/\/permakultur-landwirtschaft.org\/#\/schema\/person\/6b0467872f75aed3e144093f9bf4f0b0","name":"adrian reutimann","url":"https:\/\/permakultur-landwirtschaft.org\/fr\/author\/reutiadr\/"}]}},"_links":{"self":[{"href":"https:\/\/permakultur-landwirtschaft.org\/fr\/wp-json\/wp\/v2\/posts\/37726","targetHints":{"allow":["GET"]}}],"collection":[{"href":"https:\/\/permakultur-landwirtschaft.org\/fr\/wp-json\/wp\/v2\/posts"}],"about":[{"href":"https:\/\/permakultur-landwirtschaft.org\/fr\/wp-json\/wp\/v2\/types\/post"}],"author":[{"embeddable":true,"href":"https:\/\/permakultur-landwirtschaft.org\/fr\/wp-json\/wp\/v2\/users\/2"}],"replies":[{"embeddable":true,"href":"https:\/\/permakultur-landwirtschaft.org\/fr\/wp-json\/wp\/v2\/comments?post=37726"}],"version-history":[{"count":2,"href":"https:\/\/permakultur-landwirtschaft.org\/fr\/wp-json\/wp\/v2\/posts\/37726\/revisions"}],"predecessor-version":[{"id":37730,"href":"https:\/\/permakultur-landwirtschaft.org\/fr\/wp-json\/wp\/v2\/posts\/37726\/revisions\/37730"}],"wp:featuredmedia":[{"embeddable":true,"href":"https:\/\/permakultur-landwirtschaft.org\/fr\/wp-json\/wp\/v2\/media\/37727"}],"wp:attachment":[{"href":"https:\/\/permakultur-landwirtschaft.org\/fr\/wp-json\/wp\/v2\/media?parent=37726"}],"wp:term":[{"taxonomy":"category","embeddable":true,"href":"https:\/\/permakultur-landwirtschaft.org\/fr\/wp-json\/wp\/v2\/categories?post=37726"},{"taxonomy":"post_tag","embeddable":true,"href":"https:\/\/permakultur-landwirtschaft.org\/fr\/wp-json\/wp\/v2\/tags?post=37726"}],"curies":[{"name":"wp","href":"https:\/\/api.w.org\/{rel}","templated":true}]}}