{"id":37593,"date":"2025-12-24T15:59:05","date_gmt":"2025-12-24T14:59:05","guid":{"rendered":"https:\/\/permakultur-landwirtschaft.org\/?p=37593"},"modified":"2026-01-08T16:08:46","modified_gmt":"2026-01-08T15:08:46","slug":"permakultur-was-steckt-hinter-dem-trend-artikel-vom-dezember-2025","status":"publish","type":"post","link":"https:\/\/permakultur-landwirtschaft.org\/fr\/permakultur-was-steckt-hinter-dem-trend-artikel-vom-dezember-2025\/","title":{"rendered":"Permakultur &#8211; Was steckt hinter dem Trend? &#8211; Artikel vom Dezember 2025"},"content":{"rendered":"<p>Text von TierWelt:<\/p>\n\n\n\n<p>Die Philosophie der Permakultur auf dem eigenen Hof umzusetzen, fordert einiges an Einsatz. Unterst\u00fctzt werden Betriebe vom Verein Permakultur-Landwirtschaft, der heuer sein zehnj\u00e4hriges Jubil\u00e4um feiert. Vorstandsmitglied Melanie Alder spricht \u00fcber Erfolge und Herausforderungen.<\/p>\n\n\n\n<h2 class=\"wp-block-heading\">Frau Alder, Permakultur ist ein ziemlich dehnbarer Begriff. Was bedeutet er f\u00fcr Sie?<\/h2>\n\n\n\n<p>Permakultur ist eine soziale Bewegung, ein Gestaltungssystem, eine Weltansicht und eine Sammlung aus praktischen Methoden und Techniken. Sie m\u00f6chte resiliente Agrar\u00f6kosysteme schaffen. Praktische Ans\u00e4tze sind kleinr\u00e4umige Anbausysteme, eine hohe Vielfalt an Pflanzen und Strukturen, die Nutzung lokaler und nat\u00fcrlicher Ressourcen sowie die Kreislaufwirtschaft. <\/p>\n\n\n\n<p>Es gibt nebst unserem Verein auch den Verein Permakultur Schweiz, der diese Ans\u00e4tze vor allem in urbanen Projekten umsetzt. Wir hingegen haben uns auf die Landwirtschaft spezialisiert. <\/p>\n\n\n\n<h2 class=\"wp-block-heading\">Wie gut gelingt die Umsetzung auf landwirtschaftlichen Betrieben?<\/h2>\n\n\n\n<p>Jeder Hof \u2013 egal, wie konventionell er ist \u2013 hat Aspekte der Permakultur drin. Umsetzbar ist es also definitiv. Manche Betriebe gehen einen Schritt weiter und ber\u00fccksichtigen bewusst m\u00f6glichst viele der Prinzipien und entwickeln sie auf ihren H\u00f6fen weiter. Diese nehmen wir in unser H\u00f6fe-Netz auf.<\/p>\n\n\n\n<h2 class=\"wp-block-heading\">Gibt es bestimmte Kriterien, die ein Hof erf\u00fcllen muss, um in dieses Netz aufgenommen zu werden?<\/h2>\n\n\n\n<p>Es gibt Betriebe, die wir kontaktieren, da sie mit dem Begriff Permakultur arbeiten. Andere Betriebe kommen auf uns zu, weil sie sich Sichtbarkeit ihres Betriebs auf unserer Karte w\u00fcnschen. Dann machen wir einen Hofbesuch. Dabei ist es wichtig, herauszuh\u00f6ren, dass sich die Menschen ernsthaft mit dem Thema auseinandersetzen. Es geht nicht darum, m\u00f6glichst viel Mischkultur zu haben. Die Frage ist, weshalb machen sie eine Mischkultur an diesem Standort?<\/p>\n\n\n\n<h2 class=\"wp-block-heading\">Was sind die gr\u00f6ssten Herausforderungen f\u00fcr die H\u00f6fe?<\/h2>\n\n\n\n<p>Die sehe ich in den Strukturen, die sich in den vergangenen Jahrzehnten ver\u00e4ndert haben. Es sind immer weniger Menschen in der Landwirtschaft t\u00e4tig, und die Anzahl Landwirtschaftsbetriebe sinkt. Permakultur wird oft auf kleinen H\u00f6fen angewendet, die von mehreren Leuten gef\u00fchrt werden. Die aktuellen Gesetze hingegen f\u00f6rdern grosse Betriebe. Diese Entwicklung zu durchbrechen, sehe ich als grosse Herausforderung.<\/p>\n\n\n\n<p>&#8230;<\/p>\n\n\n\n<p><a href=\"https:\/\/permakultur-landwirtschaft.org\/documents\/artikel\/20251224_AGM_Tierwelt_26-2025-PERMAKULTUR-Was_steckt_hinter_dem_Trend.pdf\" target=\"_blank\" rel=\"noreferrer noopener\">Link zum gesamten Artikel<\/a><\/p>\n\n\n\n<p><a href=\"https:\/\/permakultur-landwirtschaft.org\/fr\/hoefe\/\" target=\"_blank\" rel=\"noreferrer noopener\">Link zum H\u00f6fe-Netz<\/a><\/p>","protected":false},"excerpt":{"rendered":"<p>Text von TierWelt: Die Philosophie der Permakultur auf dem eigenen Hof umzusetzen, fordert einiges an Einsatz. Unterst\u00fctzt werden Betriebe vom Verein Permakultur-Landwirtschaft, der heuer sein zehnj\u00e4hriges Jubil\u00e4um feiert. Vorstandsmitglied Melanie Alder spricht \u00fcber Erfolge und Herausforderungen. Frau Alder, Permakultur ist ein ziemlich dehnbarer Begriff. Was bedeutet er f\u00fcr Sie? Permakultur ist eine soziale Bewegung, ein [&hellip;]<\/p>\n","protected":false},"author":2,"featured_media":37594,"comment_status":"closed","ping_status":"closed","sticky":false,"template":"","format":"standard","meta":{"_acf_changed":false,"site-sidebar-layout":"default","site-content-layout":"","ast-site-content-layout":"default","site-content-style":"default","site-sidebar-style":"default","ast-global-header-display":"","ast-banner-title-visibility":"","ast-main-header-display":"","ast-hfb-above-header-display":"","ast-hfb-below-header-display":"","ast-hfb-mobile-header-display":"","site-post-title":"","ast-breadcrumbs-content":"","ast-featured-img":"","footer-sml-layout":"","ast-disable-related-posts":"","theme-transparent-header-meta":"","adv-header-id-meta":"","stick-header-meta":"","header-above-stick-meta":"","header-main-stick-meta":"","header-below-stick-meta":"","astra-migrate-meta-layouts":"set","ast-page-background-enabled":"default","ast-page-background-meta":{"desktop":{"background-color":"var(--ast-global-color-4)","background-image":"","background-repeat":"repeat","background-position":"center center","background-size":"auto","background-attachment":"scroll","background-type":"","background-media":"","overlay-type":"","overlay-color":"","overlay-opacity":"","overlay-gradient":""},"tablet":{"background-color":"","background-image":"","background-repeat":"repeat","background-position":"center center","background-size":"auto","background-attachment":"scroll","background-type":"","background-media":"","overlay-type":"","overlay-color":"","overlay-opacity":"","overlay-gradient":""},"mobile":{"background-color":"","background-image":"","background-repeat":"repeat","background-position":"center center","background-size":"auto","background-attachment":"scroll","background-type":"","background-media":"","overlay-type":"","overlay-color":"","overlay-opacity":"","overlay-gradient":""}},"ast-content-background-meta":{"desktop":{"background-color":"var(--ast-global-color-5)","background-image":"","background-repeat":"repeat","background-position":"center center","background-size":"auto","background-attachment":"scroll","background-type":"","background-media":"","overlay-type":"","overlay-color":"","overlay-opacity":"","overlay-gradient":""},"tablet":{"background-color":"var(--ast-global-color-5)","background-image":"","background-repeat":"repeat","background-position":"center center","background-size":"auto","background-attachment":"scroll","background-type":"","background-media":"","overlay-type":"","overlay-color":"","overlay-opacity":"","overlay-gradient":""},"mobile":{"background-color":"var(--ast-global-color-5)","background-image":"","background-repeat":"repeat","background-position":"center center","background-size":"auto","background-attachment":"scroll","background-type":"","background-media":"","overlay-type":"","overlay-color":"","overlay-opacity":"","overlay-gradient":""}},"footnotes":""},"categories":[22],"tags":[624,874,503,1059],"class_list":["post-37593","post","type-post","status-publish","format-standard","has-post-thumbnail","hentry","category-neuigkeit","tag-hoefe-netz","tag-melanie-alder","tag-tierwelt","tag-trend-permakultur"],"acf":[],"yoast_head":"<!-- This site is optimized with the Yoast SEO plugin v27.5 - https:\/\/yoast.com\/product\/yoast-seo-wordpress\/ -->\n<title>Permakultur - Was steckt hinter dem Trend? - Artikel vom Dezember 2025 - Permakultur-Landwirtschaft<\/title>\n<meta name=\"description\" content=\"Die Philosophie der Permakultur auf dem Hof umzusetzen, fordert einiges an Einsatz. Melanie Alder spricht \u00fcber Erfolge und Herausforderungen.\" \/>\n<meta name=\"robots\" content=\"index, follow, max-snippet:-1, max-image-preview:large, max-video-preview:-1\" \/>\n<link rel=\"canonical\" href=\"https:\/\/permakultur-landwirtschaft.org\/fr\/permakultur-was-steckt-hinter-dem-trend-artikel-vom-dezember-2025\/\" \/>\n<meta property=\"og:locale\" content=\"fr_FR\" \/>\n<meta property=\"og:type\" content=\"article\" \/>\n<meta property=\"og:title\" content=\"Permakultur - Was steckt hinter dem Trend? - Artikel vom Dezember 2025 - Permakultur-Landwirtschaft\" \/>\n<meta property=\"og:description\" content=\"Die Philosophie der Permakultur auf dem Hof umzusetzen, fordert einiges an Einsatz. Melanie Alder spricht \u00fcber Erfolge und Herausforderungen.\" \/>\n<meta property=\"og:url\" content=\"https:\/\/permakultur-landwirtschaft.org\/fr\/permakultur-was-steckt-hinter-dem-trend-artikel-vom-dezember-2025\/\" \/>\n<meta property=\"og:site_name\" content=\"Permakultur-Landwirtschaft\" \/>\n<meta property=\"article:publisher\" content=\"https:\/\/www.facebook.com\/PermakulturLandwirtschaft\" \/>\n<meta property=\"article:published_time\" content=\"2025-12-24T14:59:05+00:00\" \/>\n<meta property=\"article:modified_time\" content=\"2026-01-08T15:08:46+00:00\" \/>\n<meta property=\"og:image\" content=\"https:\/\/permakultur-landwirtschaft.org\/wp-content\/uploads\/2026\/01\/20251224-20260106_AGM_Tierwelt_26-2025-PERMAKULTUR-Was-steckt-hinter-dem-Trend-Interview-Melanie.jpeg\" \/>\n\t<meta property=\"og:image:width\" content=\"645\" \/>\n\t<meta property=\"og:image:height\" content=\"560\" \/>\n\t<meta property=\"og:image:type\" content=\"image\/jpeg\" \/>\n<meta name=\"author\" content=\"adrian reutimann\" \/>\n<meta name=\"twitter:card\" content=\"summary_large_image\" \/>\n<meta name=\"twitter:label1\" content=\"\u00c9crit par\" \/>\n\t<meta name=\"twitter:data1\" content=\"adrian reutimann\" \/>\n\t<meta name=\"twitter:label2\" content=\"Dur\u00e9e de lecture estim\u00e9e\" \/>\n\t<meta name=\"twitter:data2\" content=\"3 minutes\" \/>\n<script type=\"application\/ld+json\" class=\"yoast-schema-graph\">{\"@context\":\"https:\\\/\\\/schema.org\",\"@graph\":[{\"@type\":\"Article\",\"@id\":\"https:\\\/\\\/permakultur-landwirtschaft.org\\\/permakultur-was-steckt-hinter-dem-trend-artikel-vom-dezember-2025\\\/#article\",\"isPartOf\":{\"@id\":\"https:\\\/\\\/permakultur-landwirtschaft.org\\\/permakultur-was-steckt-hinter-dem-trend-artikel-vom-dezember-2025\\\/\"},\"author\":{\"name\":\"adrian reutimann\",\"@id\":\"https:\\\/\\\/permakultur-landwirtschaft.org\\\/#\\\/schema\\\/person\\\/6b0467872f75aed3e144093f9bf4f0b0\"},\"headline\":\"Permakultur &#8211; Was steckt hinter dem Trend? &#8211; Artikel vom Dezember 2025\",\"datePublished\":\"2025-12-24T14:59:05+00:00\",\"dateModified\":\"2026-01-08T15:08:46+00:00\",\"mainEntityOfPage\":{\"@id\":\"https:\\\/\\\/permakultur-landwirtschaft.org\\\/permakultur-was-steckt-hinter-dem-trend-artikel-vom-dezember-2025\\\/\"},\"wordCount\":365,\"publisher\":{\"@id\":\"https:\\\/\\\/permakultur-landwirtschaft.org\\\/#organization\"},\"image\":{\"@id\":\"https:\\\/\\\/permakultur-landwirtschaft.org\\\/permakultur-was-steckt-hinter-dem-trend-artikel-vom-dezember-2025\\\/#primaryimage\"},\"thumbnailUrl\":\"https:\\\/\\\/permakultur-landwirtschaft.org\\\/wp-content\\\/uploads\\\/2026\\\/01\\\/20251224-20260106_AGM_Tierwelt_26-2025-PERMAKULTUR-Was-steckt-hinter-dem-Trend-Interview-Melanie.jpeg\",\"keywords\":[\"H\u00f6fe-Netz\",\"Melanie Alder\",\"TierWelt\",\"Trend Permakultur\"],\"articleSection\":[\"Neuigkeit\"],\"inLanguage\":\"fr-FR\"},{\"@type\":\"WebPage\",\"@id\":\"https:\\\/\\\/permakultur-landwirtschaft.org\\\/permakultur-was-steckt-hinter-dem-trend-artikel-vom-dezember-2025\\\/\",\"url\":\"https:\\\/\\\/permakultur-landwirtschaft.org\\\/permakultur-was-steckt-hinter-dem-trend-artikel-vom-dezember-2025\\\/\",\"name\":\"Permakultur - Was steckt hinter dem Trend? - Artikel vom Dezember 2025 - Permakultur-Landwirtschaft\",\"isPartOf\":{\"@id\":\"https:\\\/\\\/permakultur-landwirtschaft.org\\\/#website\"},\"primaryImageOfPage\":{\"@id\":\"https:\\\/\\\/permakultur-landwirtschaft.org\\\/permakultur-was-steckt-hinter-dem-trend-artikel-vom-dezember-2025\\\/#primaryimage\"},\"image\":{\"@id\":\"https:\\\/\\\/permakultur-landwirtschaft.org\\\/permakultur-was-steckt-hinter-dem-trend-artikel-vom-dezember-2025\\\/#primaryimage\"},\"thumbnailUrl\":\"https:\\\/\\\/permakultur-landwirtschaft.org\\\/wp-content\\\/uploads\\\/2026\\\/01\\\/20251224-20260106_AGM_Tierwelt_26-2025-PERMAKULTUR-Was-steckt-hinter-dem-Trend-Interview-Melanie.jpeg\",\"datePublished\":\"2025-12-24T14:59:05+00:00\",\"dateModified\":\"2026-01-08T15:08:46+00:00\",\"description\":\"Die Philosophie der Permakultur auf dem Hof umzusetzen, fordert einiges an Einsatz. Melanie Alder spricht \u00fcber Erfolge und Herausforderungen.\",\"breadcrumb\":{\"@id\":\"https:\\\/\\\/permakultur-landwirtschaft.org\\\/permakultur-was-steckt-hinter-dem-trend-artikel-vom-dezember-2025\\\/#breadcrumb\"},\"inLanguage\":\"fr-FR\",\"potentialAction\":[{\"@type\":\"ReadAction\",\"target\":[\"https:\\\/\\\/permakultur-landwirtschaft.org\\\/permakultur-was-steckt-hinter-dem-trend-artikel-vom-dezember-2025\\\/\"]}]},{\"@type\":\"ImageObject\",\"inLanguage\":\"fr-FR\",\"@id\":\"https:\\\/\\\/permakultur-landwirtschaft.org\\\/permakultur-was-steckt-hinter-dem-trend-artikel-vom-dezember-2025\\\/#primaryimage\",\"url\":\"https:\\\/\\\/permakultur-landwirtschaft.org\\\/wp-content\\\/uploads\\\/2026\\\/01\\\/20251224-20260106_AGM_Tierwelt_26-2025-PERMAKULTUR-Was-steckt-hinter-dem-Trend-Interview-Melanie.jpeg\",\"contentUrl\":\"https:\\\/\\\/permakultur-landwirtschaft.org\\\/wp-content\\\/uploads\\\/2026\\\/01\\\/20251224-20260106_AGM_Tierwelt_26-2025-PERMAKULTUR-Was-steckt-hinter-dem-Trend-Interview-Melanie.jpeg\",\"width\":645,\"height\":560,\"caption\":\"Bild: TierWelt\"},{\"@type\":\"BreadcrumbList\",\"@id\":\"https:\\\/\\\/permakultur-landwirtschaft.org\\\/permakultur-was-steckt-hinter-dem-trend-artikel-vom-dezember-2025\\\/#breadcrumb\",\"itemListElement\":[{\"@type\":\"ListItem\",\"position\":1,\"name\":\"Startseite\",\"item\":\"https:\\\/\\\/permakultur-landwirtschaft.org\\\/\"},{\"@type\":\"ListItem\",\"position\":2,\"name\":\"Permakultur &#8211; Was steckt hinter dem Trend? &#8211; Artikel vom Dezember 2025\"}]},{\"@type\":\"WebSite\",\"@id\":\"https:\\\/\\\/permakultur-landwirtschaft.org\\\/#website\",\"url\":\"https:\\\/\\\/permakultur-landwirtschaft.org\\\/\",\"name\":\"Permakultur-Landwirtschaft\",\"description\":\"F\u00f6rderung der Permakultur in der Landwirtschaft\",\"publisher\":{\"@id\":\"https:\\\/\\\/permakultur-landwirtschaft.org\\\/#organization\"},\"potentialAction\":[{\"@type\":\"SearchAction\",\"target\":{\"@type\":\"EntryPoint\",\"urlTemplate\":\"https:\\\/\\\/permakultur-landwirtschaft.org\\\/?s={search_term_string}\"},\"query-input\":{\"@type\":\"PropertyValueSpecification\",\"valueRequired\":true,\"valueName\":\"search_term_string\"}}],\"inLanguage\":\"fr-FR\"},{\"@type\":\"Organization\",\"@id\":\"https:\\\/\\\/permakultur-landwirtschaft.org\\\/#organization\",\"name\":\"Permakultur-Landwirtschaft\",\"alternateName\":\"Verein Permakultur-Landwirtschaft\",\"url\":\"https:\\\/\\\/permakultur-landwirtschaft.org\\\/\",\"logo\":{\"@type\":\"ImageObject\",\"inLanguage\":\"fr-FR\",\"@id\":\"https:\\\/\\\/permakultur-landwirtschaft.org\\\/#\\\/schema\\\/logo\\\/image\\\/\",\"url\":\"https:\\\/\\\/permakultur-landwirtschaft.org\\\/wp-content\\\/uploads\\\/2021\\\/11\\\/pela_1268x1269.png\",\"contentUrl\":\"https:\\\/\\\/permakultur-landwirtschaft.org\\\/wp-content\\\/uploads\\\/2021\\\/11\\\/pela_1268x1269.png\",\"width\":1298,\"height\":1269,\"caption\":\"Permakultur-Landwirtschaft\"},\"image\":{\"@id\":\"https:\\\/\\\/permakultur-landwirtschaft.org\\\/#\\\/schema\\\/logo\\\/image\\\/\"},\"sameAs\":[\"https:\\\/\\\/www.facebook.com\\\/PermakulturLandwirtschaft\",\"https:\\\/\\\/www.instagram.com\\\/permakultur_landwirtschaft\\\/\",\"https:\\\/\\\/www.flickr.com\\\/photos\\\/permakultur-landwirtschaft\",\"https:\\\/\\\/www.youtube.com\\\/@PermakulturLandwirtschaft\"]},{\"@type\":\"Person\",\"@id\":\"https:\\\/\\\/permakultur-landwirtschaft.org\\\/#\\\/schema\\\/person\\\/6b0467872f75aed3e144093f9bf4f0b0\",\"name\":\"adrian reutimann\",\"url\":\"https:\\\/\\\/permakultur-landwirtschaft.org\\\/fr\\\/author\\\/reutiadr\\\/\"}]}<\/script>\n<!-- \/ Yoast SEO plugin. -->","yoast_head_json":{"title":"Permakultur - Was steckt hinter dem Trend? - Artikel vom Dezember 2025 - Permakultur-Landwirtschaft","description":"Die Philosophie der Permakultur auf dem Hof umzusetzen, fordert einiges an Einsatz. Melanie Alder spricht \u00fcber Erfolge und Herausforderungen.","robots":{"index":"index","follow":"follow","max-snippet":"max-snippet:-1","max-image-preview":"max-image-preview:large","max-video-preview":"max-video-preview:-1"},"canonical":"https:\/\/permakultur-landwirtschaft.org\/fr\/permakultur-was-steckt-hinter-dem-trend-artikel-vom-dezember-2025\/","og_locale":"fr_FR","og_type":"article","og_title":"Permakultur - Was steckt hinter dem Trend? - Artikel vom Dezember 2025 - Permakultur-Landwirtschaft","og_description":"Die Philosophie der Permakultur auf dem Hof umzusetzen, fordert einiges an Einsatz. Melanie Alder spricht \u00fcber Erfolge und Herausforderungen.","og_url":"https:\/\/permakultur-landwirtschaft.org\/fr\/permakultur-was-steckt-hinter-dem-trend-artikel-vom-dezember-2025\/","og_site_name":"Permakultur-Landwirtschaft","article_publisher":"https:\/\/www.facebook.com\/PermakulturLandwirtschaft","article_published_time":"2025-12-24T14:59:05+00:00","article_modified_time":"2026-01-08T15:08:46+00:00","og_image":[{"width":645,"height":560,"url":"https:\/\/permakultur-landwirtschaft.org\/wp-content\/uploads\/2026\/01\/20251224-20260106_AGM_Tierwelt_26-2025-PERMAKULTUR-Was-steckt-hinter-dem-Trend-Interview-Melanie.jpeg","type":"image\/jpeg"}],"author":"adrian reutimann","twitter_card":"summary_large_image","twitter_misc":{"\u00c9crit par":"adrian reutimann","Dur\u00e9e de lecture estim\u00e9e":"3 minutes"},"schema":{"@context":"https:\/\/schema.org","@graph":[{"@type":"Article","@id":"https:\/\/permakultur-landwirtschaft.org\/permakultur-was-steckt-hinter-dem-trend-artikel-vom-dezember-2025\/#article","isPartOf":{"@id":"https:\/\/permakultur-landwirtschaft.org\/permakultur-was-steckt-hinter-dem-trend-artikel-vom-dezember-2025\/"},"author":{"name":"adrian reutimann","@id":"https:\/\/permakultur-landwirtschaft.org\/#\/schema\/person\/6b0467872f75aed3e144093f9bf4f0b0"},"headline":"Permakultur &#8211; Was steckt hinter dem Trend? &#8211; Artikel vom Dezember 2025","datePublished":"2025-12-24T14:59:05+00:00","dateModified":"2026-01-08T15:08:46+00:00","mainEntityOfPage":{"@id":"https:\/\/permakultur-landwirtschaft.org\/permakultur-was-steckt-hinter-dem-trend-artikel-vom-dezember-2025\/"},"wordCount":365,"publisher":{"@id":"https:\/\/permakultur-landwirtschaft.org\/#organization"},"image":{"@id":"https:\/\/permakultur-landwirtschaft.org\/permakultur-was-steckt-hinter-dem-trend-artikel-vom-dezember-2025\/#primaryimage"},"thumbnailUrl":"https:\/\/permakultur-landwirtschaft.org\/wp-content\/uploads\/2026\/01\/20251224-20260106_AGM_Tierwelt_26-2025-PERMAKULTUR-Was-steckt-hinter-dem-Trend-Interview-Melanie.jpeg","keywords":["H\u00f6fe-Netz","Melanie Alder","TierWelt","Trend Permakultur"],"articleSection":["Neuigkeit"],"inLanguage":"fr-FR"},{"@type":"WebPage","@id":"https:\/\/permakultur-landwirtschaft.org\/permakultur-was-steckt-hinter-dem-trend-artikel-vom-dezember-2025\/","url":"https:\/\/permakultur-landwirtschaft.org\/permakultur-was-steckt-hinter-dem-trend-artikel-vom-dezember-2025\/","name":"Permakultur - Was steckt hinter dem Trend? - Artikel vom Dezember 2025 - Permakultur-Landwirtschaft","isPartOf":{"@id":"https:\/\/permakultur-landwirtschaft.org\/#website"},"primaryImageOfPage":{"@id":"https:\/\/permakultur-landwirtschaft.org\/permakultur-was-steckt-hinter-dem-trend-artikel-vom-dezember-2025\/#primaryimage"},"image":{"@id":"https:\/\/permakultur-landwirtschaft.org\/permakultur-was-steckt-hinter-dem-trend-artikel-vom-dezember-2025\/#primaryimage"},"thumbnailUrl":"https:\/\/permakultur-landwirtschaft.org\/wp-content\/uploads\/2026\/01\/20251224-20260106_AGM_Tierwelt_26-2025-PERMAKULTUR-Was-steckt-hinter-dem-Trend-Interview-Melanie.jpeg","datePublished":"2025-12-24T14:59:05+00:00","dateModified":"2026-01-08T15:08:46+00:00","description":"Die Philosophie der Permakultur auf dem Hof umzusetzen, fordert einiges an Einsatz. Melanie Alder spricht \u00fcber Erfolge und Herausforderungen.","breadcrumb":{"@id":"https:\/\/permakultur-landwirtschaft.org\/permakultur-was-steckt-hinter-dem-trend-artikel-vom-dezember-2025\/#breadcrumb"},"inLanguage":"fr-FR","potentialAction":[{"@type":"ReadAction","target":["https:\/\/permakultur-landwirtschaft.org\/permakultur-was-steckt-hinter-dem-trend-artikel-vom-dezember-2025\/"]}]},{"@type":"ImageObject","inLanguage":"fr-FR","@id":"https:\/\/permakultur-landwirtschaft.org\/permakultur-was-steckt-hinter-dem-trend-artikel-vom-dezember-2025\/#primaryimage","url":"https:\/\/permakultur-landwirtschaft.org\/wp-content\/uploads\/2026\/01\/20251224-20260106_AGM_Tierwelt_26-2025-PERMAKULTUR-Was-steckt-hinter-dem-Trend-Interview-Melanie.jpeg","contentUrl":"https:\/\/permakultur-landwirtschaft.org\/wp-content\/uploads\/2026\/01\/20251224-20260106_AGM_Tierwelt_26-2025-PERMAKULTUR-Was-steckt-hinter-dem-Trend-Interview-Melanie.jpeg","width":645,"height":560,"caption":"Bild: TierWelt"},{"@type":"BreadcrumbList","@id":"https:\/\/permakultur-landwirtschaft.org\/permakultur-was-steckt-hinter-dem-trend-artikel-vom-dezember-2025\/#breadcrumb","itemListElement":[{"@type":"ListItem","position":1,"name":"Startseite","item":"https:\/\/permakultur-landwirtschaft.org\/"},{"@type":"ListItem","position":2,"name":"Permakultur &#8211; Was steckt hinter dem Trend? &#8211; Artikel vom Dezember 2025"}]},{"@type":"WebSite","@id":"https:\/\/permakultur-landwirtschaft.org\/#website","url":"https:\/\/permakultur-landwirtschaft.org\/","name":"Permakultur-Landwirtschaft","description":"F\u00f6rderung der Permakultur in der Landwirtschaft","publisher":{"@id":"https:\/\/permakultur-landwirtschaft.org\/#organization"},"potentialAction":[{"@type":"SearchAction","target":{"@type":"EntryPoint","urlTemplate":"https:\/\/permakultur-landwirtschaft.org\/?s={search_term_string}"},"query-input":{"@type":"PropertyValueSpecification","valueRequired":true,"valueName":"search_term_string"}}],"inLanguage":"fr-FR"},{"@type":"Organization","@id":"https:\/\/permakultur-landwirtschaft.org\/#organization","name":"Permakultur-Landwirtschaft","alternateName":"Verein Permakultur-Landwirtschaft","url":"https:\/\/permakultur-landwirtschaft.org\/","logo":{"@type":"ImageObject","inLanguage":"fr-FR","@id":"https:\/\/permakultur-landwirtschaft.org\/#\/schema\/logo\/image\/","url":"https:\/\/permakultur-landwirtschaft.org\/wp-content\/uploads\/2021\/11\/pela_1268x1269.png","contentUrl":"https:\/\/permakultur-landwirtschaft.org\/wp-content\/uploads\/2021\/11\/pela_1268x1269.png","width":1298,"height":1269,"caption":"Permakultur-Landwirtschaft"},"image":{"@id":"https:\/\/permakultur-landwirtschaft.org\/#\/schema\/logo\/image\/"},"sameAs":["https:\/\/www.facebook.com\/PermakulturLandwirtschaft","https:\/\/www.instagram.com\/permakultur_landwirtschaft\/","https:\/\/www.flickr.com\/photos\/permakultur-landwirtschaft","https:\/\/www.youtube.com\/@PermakulturLandwirtschaft"]},{"@type":"Person","@id":"https:\/\/permakultur-landwirtschaft.org\/#\/schema\/person\/6b0467872f75aed3e144093f9bf4f0b0","name":"adrian reutimann","url":"https:\/\/permakultur-landwirtschaft.org\/fr\/author\/reutiadr\/"}]}},"_links":{"self":[{"href":"https:\/\/permakultur-landwirtschaft.org\/fr\/wp-json\/wp\/v2\/posts\/37593","targetHints":{"allow":["GET"]}}],"collection":[{"href":"https:\/\/permakultur-landwirtschaft.org\/fr\/wp-json\/wp\/v2\/posts"}],"about":[{"href":"https:\/\/permakultur-landwirtschaft.org\/fr\/wp-json\/wp\/v2\/types\/post"}],"author":[{"embeddable":true,"href":"https:\/\/permakultur-landwirtschaft.org\/fr\/wp-json\/wp\/v2\/users\/2"}],"replies":[{"embeddable":true,"href":"https:\/\/permakultur-landwirtschaft.org\/fr\/wp-json\/wp\/v2\/comments?post=37593"}],"version-history":[{"count":2,"href":"https:\/\/permakultur-landwirtschaft.org\/fr\/wp-json\/wp\/v2\/posts\/37593\/revisions"}],"predecessor-version":[{"id":37596,"href":"https:\/\/permakultur-landwirtschaft.org\/fr\/wp-json\/wp\/v2\/posts\/37593\/revisions\/37596"}],"wp:featuredmedia":[{"embeddable":true,"href":"https:\/\/permakultur-landwirtschaft.org\/fr\/wp-json\/wp\/v2\/media\/37594"}],"wp:attachment":[{"href":"https:\/\/permakultur-landwirtschaft.org\/fr\/wp-json\/wp\/v2\/media?parent=37593"}],"wp:term":[{"taxonomy":"category","embeddable":true,"href":"https:\/\/permakultur-landwirtschaft.org\/fr\/wp-json\/wp\/v2\/categories?post=37593"},{"taxonomy":"post_tag","embeddable":true,"href":"https:\/\/permakultur-landwirtschaft.org\/fr\/wp-json\/wp\/v2\/tags?post=37593"}],"curies":[{"name":"wp","href":"https:\/\/api.w.org\/{rel}","templated":true}]}}