{"id":37510,"date":"2025-12-16T16:29:30","date_gmt":"2025-12-16T15:29:30","guid":{"rendered":"https:\/\/permakultur-landwirtschaft.org\/?p=37510"},"modified":"2026-04-09T15:43:58","modified_gmt":"2026-04-09T13:43:58","slug":"agroforst-verbindet-wald-und-offenland-beitrag-vom-16-dezember-2025","status":"publish","type":"post","link":"https:\/\/permakultur-landwirtschaft.org\/fr\/agroforst-verbindet-wald-und-offenland-beitrag-vom-16-dezember-2025\/","title":{"rendered":"Agroforst verbindet Wald und Offenland &#8211; Beitrag vom 16. Dezember 2025"},"content":{"rendered":"<p>Text von www.bioaktuell.ch:<\/p>\n\n\n\n<p>Rolf Treier und seine Familie halten Schottische Hochlandrinder und Shropshire-Schafe in Gipf-Oberfrick und auf dem B\u00f6zberg. Im Hauptberuf leitet Treier als F\u00f6rster den Forstbetrieb Homberg-Schenkenberg. Mit diesen beiden Berufen ist es ihm ein Anliegen, Wald- und Offenlandstrukturen st\u00e4rker zu verbinden: zum Beispiel durch Agroforstmassnahmen.<\/p>\n\n\n\n<p>Die Familie Treier h\u00e4lt rund 80 Schottische Hochlandrinder und 50 Shropshire-Schafe, deren Fleisch sie direkt vermarkten. Vor kurzem ist der Landwirtschaftsbetrieb durch die Fl\u00e4chen\u00fcbernahme von zwei weiteren Betrieben auf rund 43 Hektar angewachsen. Das Betriebskonzept ist extensiv: viele Fl\u00e4chen sind wenig produktiv, aber biologisch wertvoll. Die Schottischen Rinder sind sehr gen\u00fcgsam und werden im Alter von drei Jahren geschlachtet.<\/p>\n\n\n\n<p><strong>Welche Massnahme setzt du hier um?<\/strong><br><em>Rolf Treier:<\/em> Auf der Gr\u00fcnfl\u00e4che stehen jetzt Baumstreifen, dazwischen soll abwechselnd Weizen und Kunstwiese wachsen. Auf den Baumstreifen s\u00e4hen wir zun\u00e4chst Bl\u00fchmischungen ein. In den Reihen legen wir auch Kleinstrukturen an, also Weiher, Stein- und Asthaufen, Hecken und anderes. Die Baumreihen sind sechs Meter breit. Das ist sehr breit, weil meine Erfahrung ist, dass man sonst fr\u00fcher oder sp\u00e4ter mit den Maschinen die B\u00e4ume besch\u00e4digt.<\/p>\n\n\n\n<p><strong>Wie kamen die gebogenen Baumlinien zustande?<\/strong><br>Das Keyline-Prinzip h\u00e4tte aus arbeitstechnischen Gr\u00fcnden nicht funktioniert. Es w\u00e4ren sehr enge Kurven geworden und schwierig zu bewirtschaften. Deshalb sind die Pflanzreihen daran angelehnt, folgen aber nicht exakt den H\u00f6henlinien. Die B\u00e4ume stehen in den Reihen 10 Meter auseinander, das sollte reichen um, wenn n\u00f6tig, mit den Maschinen auch zwischen den B\u00e4umen zu fahren. Den Reihenabstand haben wir auf 27 Meter festgelegt. Wir haben extra hohe Hochstammobstb\u00e4ume bestellt, die Waldb\u00e4ume asten wir.<\/p>\n\n\n\n<p><strong>Wie seid ihr bei der Pflanzung vorgegangen?<\/strong><br>Durch das Pfl\u00fcgen gegeneinander und sp\u00e4ter das Grubbern wurden kleine Erdw\u00e4lle von 20 bis 30 Zentimetern H\u00f6he geformt, auf denen wir die B\u00e4ume gepflanzt haben. Das h\u00e4lt abfliessendes Wasser zur\u00fcck. Wir haben mit dem Bagger gepflanzt, sprich die L\u00f6cher ge\u00f6ffnet und dann von Hand zugedeckt. Als Langzeitd\u00fcnger haben wir jedem Pflanzloch noch etwas Schafwolle zugegeben und als Starthilfe etwas Walderde.<\/p>\n\n\n\n<p>In den sechs Meter breiten Reihen werden wir sp\u00e4ter mit einem Schild die Wurzeln schneiden, sodass die B\u00e4ume gut in die Tiefe wachsen und die angrenzende Ackerkultur nicht konkurrenzieren.<\/p>\n\n\n\n<p>&#8230;<\/p>\n\n\n\n<figure class=\"wp-block-embed is-type-video is-provider-youtube wp-block-embed-youtube wp-embed-aspect-16-9 wp-has-aspect-ratio\"><div class=\"wp-block-embed__wrapper\">\n<iframe title=\"Wald &amp; Tier Betriebsportrait, Agroforst Aargau\" width=\"500\" height=\"281\" src=\"https:\/\/www.youtube.com\/embed\/IX24sOS9fG8?feature=oembed\" frameborder=\"0\" allow=\"accelerometer; autoplay; clipboard-write; encrypted-media; gyroscope; picture-in-picture; web-share\" referrerpolicy=\"strict-origin-when-cross-origin\" allowfullscreen><\/iframe>\n<\/div><\/figure>\n\n\n\n<div style=\"height:32px\" aria-hidden=\"true\" class=\"wp-block-spacer\"><\/div>\n\n\n\n<p><a href=\"https:\/\/www.bioaktuell.ch\/pflanzenbau\/agroforst\/betriebsbeispiele\/agroforst-verbindet-wald-und-offenland#c49680\" target=\"_blank\" rel=\"noreferrer noopener\">Lien vers l'article complet<\/a><\/p>\n\n\n\n<p><a href=\"https:\/\/waldundtier.ch\" target=\"_blank\" rel=\"noreferrer noopener\">Link zum Hof Wald &amp; Tier<\/a><\/p>","protected":false},"excerpt":{"rendered":"<p>Text von www.bioaktuell.ch: Rolf Treier und seine Familie halten Schottische Hochlandrinder und Shropshire-Schafe in Gipf-Oberfrick und auf dem B\u00f6zberg. Im Hauptberuf leitet Treier als F\u00f6rster den Forstbetrieb Homberg-Schenkenberg. Mit diesen beiden Berufen ist es ihm ein Anliegen, Wald- und Offenlandstrukturen st\u00e4rker zu verbinden: zum Beispiel durch Agroforstmassnahmen. Die Familie Treier h\u00e4lt rund 80 Schottische Hochlandrinder [&hellip;]<\/p>\n","protected":false},"author":2,"featured_media":37511,"comment_status":"closed","ping_status":"closed","sticky":false,"template":"","format":"standard","meta":{"_acf_changed":false,"site-sidebar-layout":"default","site-content-layout":"","ast-site-content-layout":"default","site-content-style":"default","site-sidebar-style":"default","ast-global-header-display":"","ast-banner-title-visibility":"","ast-main-header-display":"","ast-hfb-above-header-display":"","ast-hfb-below-header-display":"","ast-hfb-mobile-header-display":"","site-post-title":"","ast-breadcrumbs-content":"","ast-featured-img":"","footer-sml-layout":"","ast-disable-related-posts":"","theme-transparent-header-meta":"","adv-header-id-meta":"","stick-header-meta":"","header-above-stick-meta":"","header-main-stick-meta":"","header-below-stick-meta":"","astra-migrate-meta-layouts":"set","ast-page-background-enabled":"default","ast-page-background-meta":{"desktop":{"background-color":"var(--ast-global-color-4)","background-image":"","background-repeat":"repeat","background-position":"center center","background-size":"auto","background-attachment":"scroll","background-type":"","background-media":"","overlay-type":"","overlay-color":"","overlay-opacity":"","overlay-gradient":""},"tablet":{"background-color":"","background-image":"","background-repeat":"repeat","background-position":"center center","background-size":"auto","background-attachment":"scroll","background-type":"","background-media":"","overlay-type":"","overlay-color":"","overlay-opacity":"","overlay-gradient":""},"mobile":{"background-color":"","background-image":"","background-repeat":"repeat","background-position":"center center","background-size":"auto","background-attachment":"scroll","background-type":"","background-media":"","overlay-type":"","overlay-color":"","overlay-opacity":"","overlay-gradient":""}},"ast-content-background-meta":{"desktop":{"background-color":"var(--ast-global-color-5)","background-image":"","background-repeat":"repeat","background-position":"center center","background-size":"auto","background-attachment":"scroll","background-type":"","background-media":"","overlay-type":"","overlay-color":"","overlay-opacity":"","overlay-gradient":""},"tablet":{"background-color":"var(--ast-global-color-5)","background-image":"","background-repeat":"repeat","background-position":"center center","background-size":"auto","background-attachment":"scroll","background-type":"","background-media":"","overlay-type":"","overlay-color":"","overlay-opacity":"","overlay-gradient":""},"mobile":{"background-color":"var(--ast-global-color-5)","background-image":"","background-repeat":"repeat","background-position":"center center","background-size":"auto","background-attachment":"scroll","background-type":"","background-media":"","overlay-type":"","overlay-color":"","overlay-opacity":"","overlay-gradient":""}},"footnotes":""},"categories":[45,22],"tags":[31,1049,1050,381,517],"class_list":["post-37510","post","type-post","status-publish","format-standard","has-post-thumbnail","hentry","category-filme","category-neuigkeit","tag-agroforst","tag-boezberg","tag-hochlandrinder","tag-rolf-treier","tag-schafe"],"acf":[],"yoast_head":"<!-- This site is optimized with the Yoast SEO plugin v27.5 - https:\/\/yoast.com\/product\/yoast-seo-wordpress\/ -->\n<title>Agroforst verbindet Wald und Offenland - Beitrag vom 16. Dezember 2025 - Permakultur-Landwirtschaft<\/title>\n<meta name=\"description\" content=\"Rolf Treier und seine Familie haben Schottische Hochlandrinder und Shropshire-Schafe mit Agroforst in Gipf-Oberfrick und auf dem B\u00f6zberg.\" \/>\n<meta name=\"robots\" content=\"index, follow, max-snippet:-1, max-image-preview:large, max-video-preview:-1\" \/>\n<link rel=\"canonical\" href=\"https:\/\/permakultur-landwirtschaft.org\/fr\/agroforst-verbindet-wald-und-offenland-beitrag-vom-16-dezember-2025\/\" \/>\n<meta property=\"og:locale\" content=\"fr_FR\" \/>\n<meta property=\"og:type\" content=\"article\" \/>\n<meta property=\"og:title\" content=\"Agroforst verbindet Wald und Offenland - Beitrag vom 16. Dezember 2025 - Permakultur-Landwirtschaft\" \/>\n<meta property=\"og:description\" content=\"Rolf Treier und seine Familie haben Schottische Hochlandrinder und Shropshire-Schafe mit Agroforst in Gipf-Oberfrick und auf dem B\u00f6zberg.\" \/>\n<meta property=\"og:url\" content=\"https:\/\/permakultur-landwirtschaft.org\/fr\/agroforst-verbindet-wald-und-offenland-beitrag-vom-16-dezember-2025\/\" \/>\n<meta property=\"og:site_name\" content=\"Permakultur-Landwirtschaft\" \/>\n<meta property=\"article:publisher\" content=\"https:\/\/www.facebook.com\/PermakulturLandwirtschaft\" \/>\n<meta property=\"article:published_time\" content=\"2025-12-16T15:29:30+00:00\" \/>\n<meta property=\"article:modified_time\" content=\"2026-04-09T13:43:58+00:00\" \/>\n<meta property=\"og:image\" content=\"https:\/\/permakultur-landwirtschaft.org\/wp-content\/uploads\/2025\/12\/FiBL_csm_RolfTreier_FiBL_SimonaMoosmann_066eddacb3.jpg\" \/>\n\t<meta property=\"og:image:width\" content=\"700\" \/>\n\t<meta property=\"og:image:height\" content=\"466\" \/>\n\t<meta property=\"og:image:type\" content=\"image\/jpeg\" \/>\n<meta name=\"author\" content=\"adrian reutimann\" \/>\n<meta name=\"twitter:card\" content=\"summary_large_image\" \/>\n<meta name=\"twitter:label1\" content=\"\u00c9crit par\" \/>\n\t<meta name=\"twitter:data1\" content=\"adrian reutimann\" \/>\n\t<meta name=\"twitter:label2\" content=\"Dur\u00e9e de lecture estim\u00e9e\" \/>\n\t<meta name=\"twitter:data2\" content=\"3 minutes\" \/>\n<script type=\"application\/ld+json\" class=\"yoast-schema-graph\">{\"@context\":\"https:\\\/\\\/schema.org\",\"@graph\":[{\"@type\":\"Article\",\"@id\":\"https:\\\/\\\/permakultur-landwirtschaft.org\\\/agroforst-verbindet-wald-und-offenland-beitrag-vom-16-dezember-2025\\\/#article\",\"isPartOf\":{\"@id\":\"https:\\\/\\\/permakultur-landwirtschaft.org\\\/agroforst-verbindet-wald-und-offenland-beitrag-vom-16-dezember-2025\\\/\"},\"author\":{\"name\":\"adrian reutimann\",\"@id\":\"https:\\\/\\\/permakultur-landwirtschaft.org\\\/#\\\/schema\\\/person\\\/6b0467872f75aed3e144093f9bf4f0b0\"},\"headline\":\"Agroforst verbindet Wald und Offenland &#8211; Beitrag vom 16. Dezember 2025\",\"datePublished\":\"2025-12-16T15:29:30+00:00\",\"dateModified\":\"2026-04-09T13:43:58+00:00\",\"mainEntityOfPage\":{\"@id\":\"https:\\\/\\\/permakultur-landwirtschaft.org\\\/agroforst-verbindet-wald-und-offenland-beitrag-vom-16-dezember-2025\\\/\"},\"wordCount\":409,\"publisher\":{\"@id\":\"https:\\\/\\\/permakultur-landwirtschaft.org\\\/#organization\"},\"image\":{\"@id\":\"https:\\\/\\\/permakultur-landwirtschaft.org\\\/agroforst-verbindet-wald-und-offenland-beitrag-vom-16-dezember-2025\\\/#primaryimage\"},\"thumbnailUrl\":\"https:\\\/\\\/permakultur-landwirtschaft.org\\\/wp-content\\\/uploads\\\/2025\\\/12\\\/FiBL_csm_RolfTreier_FiBL_SimonaMoosmann_066eddacb3.jpg\",\"keywords\":[\"Agroforst\",\"B\u00f6zberg\",\"Hochlandrinder\",\"Rolf Treier\",\"Schafe\"],\"articleSection\":[\"Film\",\"Neuigkeit\"],\"inLanguage\":\"fr-FR\"},{\"@type\":\"WebPage\",\"@id\":\"https:\\\/\\\/permakultur-landwirtschaft.org\\\/agroforst-verbindet-wald-und-offenland-beitrag-vom-16-dezember-2025\\\/\",\"url\":\"https:\\\/\\\/permakultur-landwirtschaft.org\\\/agroforst-verbindet-wald-und-offenland-beitrag-vom-16-dezember-2025\\\/\",\"name\":\"Agroforst verbindet Wald und Offenland - Beitrag vom 16. Dezember 2025 - Permakultur-Landwirtschaft\",\"isPartOf\":{\"@id\":\"https:\\\/\\\/permakultur-landwirtschaft.org\\\/#website\"},\"primaryImageOfPage\":{\"@id\":\"https:\\\/\\\/permakultur-landwirtschaft.org\\\/agroforst-verbindet-wald-und-offenland-beitrag-vom-16-dezember-2025\\\/#primaryimage\"},\"image\":{\"@id\":\"https:\\\/\\\/permakultur-landwirtschaft.org\\\/agroforst-verbindet-wald-und-offenland-beitrag-vom-16-dezember-2025\\\/#primaryimage\"},\"thumbnailUrl\":\"https:\\\/\\\/permakultur-landwirtschaft.org\\\/wp-content\\\/uploads\\\/2025\\\/12\\\/FiBL_csm_RolfTreier_FiBL_SimonaMoosmann_066eddacb3.jpg\",\"datePublished\":\"2025-12-16T15:29:30+00:00\",\"dateModified\":\"2026-04-09T13:43:58+00:00\",\"description\":\"Rolf Treier und seine Familie haben Schottische Hochlandrinder und Shropshire-Schafe mit Agroforst in Gipf-Oberfrick und auf dem B\u00f6zberg.\",\"breadcrumb\":{\"@id\":\"https:\\\/\\\/permakultur-landwirtschaft.org\\\/agroforst-verbindet-wald-und-offenland-beitrag-vom-16-dezember-2025\\\/#breadcrumb\"},\"inLanguage\":\"fr-FR\",\"potentialAction\":[{\"@type\":\"ReadAction\",\"target\":[\"https:\\\/\\\/permakultur-landwirtschaft.org\\\/agroforst-verbindet-wald-und-offenland-beitrag-vom-16-dezember-2025\\\/\"]}]},{\"@type\":\"ImageObject\",\"inLanguage\":\"fr-FR\",\"@id\":\"https:\\\/\\\/permakultur-landwirtschaft.org\\\/agroforst-verbindet-wald-und-offenland-beitrag-vom-16-dezember-2025\\\/#primaryimage\",\"url\":\"https:\\\/\\\/permakultur-landwirtschaft.org\\\/wp-content\\\/uploads\\\/2025\\\/12\\\/FiBL_csm_RolfTreier_FiBL_SimonaMoosmann_066eddacb3.jpg\",\"contentUrl\":\"https:\\\/\\\/permakultur-landwirtschaft.org\\\/wp-content\\\/uploads\\\/2025\\\/12\\\/FiBL_csm_RolfTreier_FiBL_SimonaMoosmann_066eddacb3.jpg\",\"width\":700,\"height\":466,\"caption\":\"Bild: FiBL, Simona Moosmann\"},{\"@type\":\"BreadcrumbList\",\"@id\":\"https:\\\/\\\/permakultur-landwirtschaft.org\\\/agroforst-verbindet-wald-und-offenland-beitrag-vom-16-dezember-2025\\\/#breadcrumb\",\"itemListElement\":[{\"@type\":\"ListItem\",\"position\":1,\"name\":\"Startseite\",\"item\":\"https:\\\/\\\/permakultur-landwirtschaft.org\\\/\"},{\"@type\":\"ListItem\",\"position\":2,\"name\":\"Agroforst verbindet Wald und Offenland &#8211; Beitrag vom 16. Dezember 2025\"}]},{\"@type\":\"WebSite\",\"@id\":\"https:\\\/\\\/permakultur-landwirtschaft.org\\\/#website\",\"url\":\"https:\\\/\\\/permakultur-landwirtschaft.org\\\/\",\"name\":\"Permakultur-Landwirtschaft\",\"description\":\"F\u00f6rderung der Permakultur in der Landwirtschaft\",\"publisher\":{\"@id\":\"https:\\\/\\\/permakultur-landwirtschaft.org\\\/#organization\"},\"potentialAction\":[{\"@type\":\"SearchAction\",\"target\":{\"@type\":\"EntryPoint\",\"urlTemplate\":\"https:\\\/\\\/permakultur-landwirtschaft.org\\\/?s={search_term_string}\"},\"query-input\":{\"@type\":\"PropertyValueSpecification\",\"valueRequired\":true,\"valueName\":\"search_term_string\"}}],\"inLanguage\":\"fr-FR\"},{\"@type\":\"Organization\",\"@id\":\"https:\\\/\\\/permakultur-landwirtschaft.org\\\/#organization\",\"name\":\"Permakultur-Landwirtschaft\",\"alternateName\":\"Verein Permakultur-Landwirtschaft\",\"url\":\"https:\\\/\\\/permakultur-landwirtschaft.org\\\/\",\"logo\":{\"@type\":\"ImageObject\",\"inLanguage\":\"fr-FR\",\"@id\":\"https:\\\/\\\/permakultur-landwirtschaft.org\\\/#\\\/schema\\\/logo\\\/image\\\/\",\"url\":\"https:\\\/\\\/permakultur-landwirtschaft.org\\\/wp-content\\\/uploads\\\/2021\\\/11\\\/pela_1268x1269.png\",\"contentUrl\":\"https:\\\/\\\/permakultur-landwirtschaft.org\\\/wp-content\\\/uploads\\\/2021\\\/11\\\/pela_1268x1269.png\",\"width\":1298,\"height\":1269,\"caption\":\"Permakultur-Landwirtschaft\"},\"image\":{\"@id\":\"https:\\\/\\\/permakultur-landwirtschaft.org\\\/#\\\/schema\\\/logo\\\/image\\\/\"},\"sameAs\":[\"https:\\\/\\\/www.facebook.com\\\/PermakulturLandwirtschaft\",\"https:\\\/\\\/www.instagram.com\\\/permakultur_landwirtschaft\\\/\",\"https:\\\/\\\/www.flickr.com\\\/photos\\\/permakultur-landwirtschaft\",\"https:\\\/\\\/www.youtube.com\\\/@PermakulturLandwirtschaft\"]},{\"@type\":\"Person\",\"@id\":\"https:\\\/\\\/permakultur-landwirtschaft.org\\\/#\\\/schema\\\/person\\\/6b0467872f75aed3e144093f9bf4f0b0\",\"name\":\"adrian reutimann\",\"url\":\"https:\\\/\\\/permakultur-landwirtschaft.org\\\/fr\\\/author\\\/reutiadr\\\/\"}]}<\/script>\n<!-- \/ Yoast SEO plugin. -->","yoast_head_json":{"title":"Agroforst verbindet Wald und Offenland - Beitrag vom 16. Dezember 2025 - Permakultur-Landwirtschaft","description":"Rolf Treier und seine Familie haben Schottische Hochlandrinder und Shropshire-Schafe mit Agroforst in Gipf-Oberfrick und auf dem B\u00f6zberg.","robots":{"index":"index","follow":"follow","max-snippet":"max-snippet:-1","max-image-preview":"max-image-preview:large","max-video-preview":"max-video-preview:-1"},"canonical":"https:\/\/permakultur-landwirtschaft.org\/fr\/agroforst-verbindet-wald-und-offenland-beitrag-vom-16-dezember-2025\/","og_locale":"fr_FR","og_type":"article","og_title":"Agroforst verbindet Wald und Offenland - Beitrag vom 16. Dezember 2025 - Permakultur-Landwirtschaft","og_description":"Rolf Treier und seine Familie haben Schottische Hochlandrinder und Shropshire-Schafe mit Agroforst in Gipf-Oberfrick und auf dem B\u00f6zberg.","og_url":"https:\/\/permakultur-landwirtschaft.org\/fr\/agroforst-verbindet-wald-und-offenland-beitrag-vom-16-dezember-2025\/","og_site_name":"Permakultur-Landwirtschaft","article_publisher":"https:\/\/www.facebook.com\/PermakulturLandwirtschaft","article_published_time":"2025-12-16T15:29:30+00:00","article_modified_time":"2026-04-09T13:43:58+00:00","og_image":[{"width":700,"height":466,"url":"https:\/\/permakultur-landwirtschaft.org\/wp-content\/uploads\/2025\/12\/FiBL_csm_RolfTreier_FiBL_SimonaMoosmann_066eddacb3.jpg","type":"image\/jpeg"}],"author":"adrian reutimann","twitter_card":"summary_large_image","twitter_misc":{"\u00c9crit par":"adrian reutimann","Dur\u00e9e de lecture estim\u00e9e":"3 minutes"},"schema":{"@context":"https:\/\/schema.org","@graph":[{"@type":"Article","@id":"https:\/\/permakultur-landwirtschaft.org\/agroforst-verbindet-wald-und-offenland-beitrag-vom-16-dezember-2025\/#article","isPartOf":{"@id":"https:\/\/permakultur-landwirtschaft.org\/agroforst-verbindet-wald-und-offenland-beitrag-vom-16-dezember-2025\/"},"author":{"name":"adrian reutimann","@id":"https:\/\/permakultur-landwirtschaft.org\/#\/schema\/person\/6b0467872f75aed3e144093f9bf4f0b0"},"headline":"Agroforst verbindet Wald und Offenland &#8211; Beitrag vom 16. Dezember 2025","datePublished":"2025-12-16T15:29:30+00:00","dateModified":"2026-04-09T13:43:58+00:00","mainEntityOfPage":{"@id":"https:\/\/permakultur-landwirtschaft.org\/agroforst-verbindet-wald-und-offenland-beitrag-vom-16-dezember-2025\/"},"wordCount":409,"publisher":{"@id":"https:\/\/permakultur-landwirtschaft.org\/#organization"},"image":{"@id":"https:\/\/permakultur-landwirtschaft.org\/agroforst-verbindet-wald-und-offenland-beitrag-vom-16-dezember-2025\/#primaryimage"},"thumbnailUrl":"https:\/\/permakultur-landwirtschaft.org\/wp-content\/uploads\/2025\/12\/FiBL_csm_RolfTreier_FiBL_SimonaMoosmann_066eddacb3.jpg","keywords":["Agroforst","B\u00f6zberg","Hochlandrinder","Rolf Treier","Schafe"],"articleSection":["Film","Neuigkeit"],"inLanguage":"fr-FR"},{"@type":"WebPage","@id":"https:\/\/permakultur-landwirtschaft.org\/agroforst-verbindet-wald-und-offenland-beitrag-vom-16-dezember-2025\/","url":"https:\/\/permakultur-landwirtschaft.org\/agroforst-verbindet-wald-und-offenland-beitrag-vom-16-dezember-2025\/","name":"Agroforst verbindet Wald und Offenland - Beitrag vom 16. Dezember 2025 - Permakultur-Landwirtschaft","isPartOf":{"@id":"https:\/\/permakultur-landwirtschaft.org\/#website"},"primaryImageOfPage":{"@id":"https:\/\/permakultur-landwirtschaft.org\/agroforst-verbindet-wald-und-offenland-beitrag-vom-16-dezember-2025\/#primaryimage"},"image":{"@id":"https:\/\/permakultur-landwirtschaft.org\/agroforst-verbindet-wald-und-offenland-beitrag-vom-16-dezember-2025\/#primaryimage"},"thumbnailUrl":"https:\/\/permakultur-landwirtschaft.org\/wp-content\/uploads\/2025\/12\/FiBL_csm_RolfTreier_FiBL_SimonaMoosmann_066eddacb3.jpg","datePublished":"2025-12-16T15:29:30+00:00","dateModified":"2026-04-09T13:43:58+00:00","description":"Rolf Treier und seine Familie haben Schottische Hochlandrinder und Shropshire-Schafe mit Agroforst in Gipf-Oberfrick und auf dem B\u00f6zberg.","breadcrumb":{"@id":"https:\/\/permakultur-landwirtschaft.org\/agroforst-verbindet-wald-und-offenland-beitrag-vom-16-dezember-2025\/#breadcrumb"},"inLanguage":"fr-FR","potentialAction":[{"@type":"ReadAction","target":["https:\/\/permakultur-landwirtschaft.org\/agroforst-verbindet-wald-und-offenland-beitrag-vom-16-dezember-2025\/"]}]},{"@type":"ImageObject","inLanguage":"fr-FR","@id":"https:\/\/permakultur-landwirtschaft.org\/agroforst-verbindet-wald-und-offenland-beitrag-vom-16-dezember-2025\/#primaryimage","url":"https:\/\/permakultur-landwirtschaft.org\/wp-content\/uploads\/2025\/12\/FiBL_csm_RolfTreier_FiBL_SimonaMoosmann_066eddacb3.jpg","contentUrl":"https:\/\/permakultur-landwirtschaft.org\/wp-content\/uploads\/2025\/12\/FiBL_csm_RolfTreier_FiBL_SimonaMoosmann_066eddacb3.jpg","width":700,"height":466,"caption":"Bild: FiBL, Simona Moosmann"},{"@type":"BreadcrumbList","@id":"https:\/\/permakultur-landwirtschaft.org\/agroforst-verbindet-wald-und-offenland-beitrag-vom-16-dezember-2025\/#breadcrumb","itemListElement":[{"@type":"ListItem","position":1,"name":"Startseite","item":"https:\/\/permakultur-landwirtschaft.org\/"},{"@type":"ListItem","position":2,"name":"Agroforst verbindet Wald und Offenland &#8211; Beitrag vom 16. Dezember 2025"}]},{"@type":"WebSite","@id":"https:\/\/permakultur-landwirtschaft.org\/#website","url":"https:\/\/permakultur-landwirtschaft.org\/","name":"Permakultur-Landwirtschaft","description":"F\u00f6rderung der Permakultur in der Landwirtschaft","publisher":{"@id":"https:\/\/permakultur-landwirtschaft.org\/#organization"},"potentialAction":[{"@type":"SearchAction","target":{"@type":"EntryPoint","urlTemplate":"https:\/\/permakultur-landwirtschaft.org\/?s={search_term_string}"},"query-input":{"@type":"PropertyValueSpecification","valueRequired":true,"valueName":"search_term_string"}}],"inLanguage":"fr-FR"},{"@type":"Organization","@id":"https:\/\/permakultur-landwirtschaft.org\/#organization","name":"Permakultur-Landwirtschaft","alternateName":"Verein Permakultur-Landwirtschaft","url":"https:\/\/permakultur-landwirtschaft.org\/","logo":{"@type":"ImageObject","inLanguage":"fr-FR","@id":"https:\/\/permakultur-landwirtschaft.org\/#\/schema\/logo\/image\/","url":"https:\/\/permakultur-landwirtschaft.org\/wp-content\/uploads\/2021\/11\/pela_1268x1269.png","contentUrl":"https:\/\/permakultur-landwirtschaft.org\/wp-content\/uploads\/2021\/11\/pela_1268x1269.png","width":1298,"height":1269,"caption":"Permakultur-Landwirtschaft"},"image":{"@id":"https:\/\/permakultur-landwirtschaft.org\/#\/schema\/logo\/image\/"},"sameAs":["https:\/\/www.facebook.com\/PermakulturLandwirtschaft","https:\/\/www.instagram.com\/permakultur_landwirtschaft\/","https:\/\/www.flickr.com\/photos\/permakultur-landwirtschaft","https:\/\/www.youtube.com\/@PermakulturLandwirtschaft"]},{"@type":"Person","@id":"https:\/\/permakultur-landwirtschaft.org\/#\/schema\/person\/6b0467872f75aed3e144093f9bf4f0b0","name":"adrian reutimann","url":"https:\/\/permakultur-landwirtschaft.org\/fr\/author\/reutiadr\/"}]}},"_links":{"self":[{"href":"https:\/\/permakultur-landwirtschaft.org\/fr\/wp-json\/wp\/v2\/posts\/37510","targetHints":{"allow":["GET"]}}],"collection":[{"href":"https:\/\/permakultur-landwirtschaft.org\/fr\/wp-json\/wp\/v2\/posts"}],"about":[{"href":"https:\/\/permakultur-landwirtschaft.org\/fr\/wp-json\/wp\/v2\/types\/post"}],"author":[{"embeddable":true,"href":"https:\/\/permakultur-landwirtschaft.org\/fr\/wp-json\/wp\/v2\/users\/2"}],"replies":[{"embeddable":true,"href":"https:\/\/permakultur-landwirtschaft.org\/fr\/wp-json\/wp\/v2\/comments?post=37510"}],"version-history":[{"count":2,"href":"https:\/\/permakultur-landwirtschaft.org\/fr\/wp-json\/wp\/v2\/posts\/37510\/revisions"}],"predecessor-version":[{"id":37514,"href":"https:\/\/permakultur-landwirtschaft.org\/fr\/wp-json\/wp\/v2\/posts\/37510\/revisions\/37514"}],"wp:featuredmedia":[{"embeddable":true,"href":"https:\/\/permakultur-landwirtschaft.org\/fr\/wp-json\/wp\/v2\/media\/37511"}],"wp:attachment":[{"href":"https:\/\/permakultur-landwirtschaft.org\/fr\/wp-json\/wp\/v2\/media?parent=37510"}],"wp:term":[{"taxonomy":"category","embeddable":true,"href":"https:\/\/permakultur-landwirtschaft.org\/fr\/wp-json\/wp\/v2\/categories?post=37510"},{"taxonomy":"post_tag","embeddable":true,"href":"https:\/\/permakultur-landwirtschaft.org\/fr\/wp-json\/wp\/v2\/tags?post=37510"}],"curies":[{"name":"wp","href":"https:\/\/api.w.org\/{rel}","templated":true}]}}