{"id":37507,"date":"2025-12-19T16:16:38","date_gmt":"2025-12-19T15:16:38","guid":{"rendered":"https:\/\/permakultur-landwirtschaft.org\/?p=37507"},"modified":"2025-12-20T16:26:13","modified_gmt":"2025-12-20T15:26:13","slug":"wir-kommen-nicht-umhin-mit-komplexitaet-zu-arbeiten-beitrag-vom-19-dezember-2025","status":"publish","type":"post","link":"https:\/\/permakultur-landwirtschaft.org\/fr\/wir-kommen-nicht-umhin-mit-komplexitaet-zu-arbeiten-beitrag-vom-19-dezember-2025\/","title":{"rendered":"Wir kommen nicht umhin, mit Komplexit\u00e4t zu arbeiten &#8211; Beitrag vom 19. Dezember 2025"},"content":{"rendered":"<p>Text von www.bioaktuell.ch:<\/p>\n\n\n\n<p>Dayana Andrade und Felipe Pasini sind die n\u00e4chsten \u00abStimmen zum Klima\u00bb. Die beiden haben langj\u00e4hrige Erfahrung mit syntropischer Landwirtschaft \u2013 in Praxis, Forschung und Wissensvermittlung. Auch das FiBL befasst sich mit dem Potenzial dieser Art der Landwirtschaft und arbeitet dabei unter anderem mit den beiden Expert*innen zusammen.<\/p>\n\n\n\n<p>Felipe Pasini und Dayana Andrade sind auf syntropische Landwirtschaft spezialisiert und haben dazu fast zwei Jahrzehnte Erfahrung in den Bereichen Forschung, praktische Umsetzung und Wissensvermittlung. Felipe Pasini hat einen Master in Umweltwissenschaften, Dayana Andrade hat an der Bundesuniversit\u00e4t in Rio de Janeiro in Umweltwissenschaften und Naturschutz promoviert. Gemeinsam haben sie das Buch \u00abVida em Sintropia\u00bb, auf Deutsch \u00abLeben in Syntropie\u00bb geschrieben (erh\u00e4ltlich auf Portugiesisch, Italienisch und Franz\u00f6sisch). Aktuell arbeiten sie in Portugal zum Thema syntropische Landwirtschaft.<\/p>\n\n\n\n<h2 class=\"wp-block-heading\">K\u00f6nnt ihr kurz erkl\u00e4ren, was syntropische Landwirtschaft ist? Wie l\u00e4sst sie sich mit biologischer und biodynamischer Landwirtschaft vereinbaren?<\/h2>\n\n\n\n<p>Dayana Andrade: Syntropische Landwirtschaft ist eine Form der Agroforstwirtschaft, die sich an drei Prinzipien orientiert: Stratifizierung (Anordnung von Pflanzen auf verschiedenen Ebenen), \u00f6kologische Sukzession (Anordnung von Pflanzen im zeitlichen Verlauf) und Syntropie (die Tendenz lebender Systeme, Energie und Komplexit\u00e4t anzusammeln). Auch wenn die syntropische Landwirtschaft nichts mit Anthroposophie zu tun hat, teilt sie wichtige Merkmale mit der biodynamischen Landwirtschaft: Beide betrachten den landwirtschaftlichen Betrieb als einen Organismus, dessen Gesundheit von internen Wechselwirkungen und Prozessen abh\u00e4ngt. Und beide lehnen synthetische Betriebsmittel ab, ebenso wie die organisch-biologische Landwirtschaft.<\/p>\n\n\n\n<h2 class=\"wp-block-heading\">Was hat euch dazu inspiriert, euch mit syntropischer Landwirtschaft zu besch\u00e4ftigen und wie hat sich eure Motivation im Laufe der Jahre entwickelt?<\/h2>\n\n\n\n<p>Felipe Pasini: Unser Interesse daran wurde geweckt, als wir den Betrieb von Ernst G\u00f6tsch in Brasilien besucht haben, dem Entwickler dieses Konzepts. Die dortige Umwandlung von degradiertem Weideland in produktiven Wald hat uns beeindruckt &#8211; und das innovative \u00f6kologische Denken, das hinter seinen Praktiken steckt.<\/p>\n\n\n\n<p>Dayana Andrade: \u00dcber die Jahre haben wir uns dann zwischen den Bereichen Forschung, Feldarbeit und Wissensvermittlung hin- und herbewegt. Die Ideen mit unseren eigenen H\u00e4nden auszuprobieren und dann damit an die \u00d6ffentlichkeit zu gehen, war unsere Art, kontinuierlich zu lernen.<\/p>\n\n\n\n<p>&#8230;<\/p>\n\n\n\n<p><a href=\"https:\/\/www.bioaktuell.ch\/aktuell\/meldung\/wir-kommen-nicht-umhin-mit-komplexitaet-zu-arbeiten\" target=\"_blank\" rel=\"noreferrer noopener\">Lien vers l'article complet<\/a><\/p>\n\n\n\n<p><\/p>","protected":false},"excerpt":{"rendered":"<p>Text von www.bioaktuell.ch: Dayana Andrade und Felipe Pasini sind die n\u00e4chsten \u00abStimmen zum Klima\u00bb. Die beiden haben langj\u00e4hrige Erfahrung mit syntropischer Landwirtschaft \u2013 in Praxis, Forschung und Wissensvermittlung. Auch das FiBL befasst sich mit dem Potenzial dieser Art der Landwirtschaft und arbeitet dabei unter anderem mit den beiden Expert*innen zusammen. Felipe Pasini und Dayana Andrade [&hellip;]<\/p>\n","protected":false},"author":2,"featured_media":37508,"comment_status":"closed","ping_status":"closed","sticky":false,"template":"","format":"standard","meta":{"_acf_changed":false,"site-sidebar-layout":"default","site-content-layout":"","ast-site-content-layout":"default","site-content-style":"default","site-sidebar-style":"default","ast-global-header-display":"","ast-banner-title-visibility":"","ast-main-header-display":"","ast-hfb-above-header-display":"","ast-hfb-below-header-display":"","ast-hfb-mobile-header-display":"","site-post-title":"","ast-breadcrumbs-content":"","ast-featured-img":"","footer-sml-layout":"","ast-disable-related-posts":"","theme-transparent-header-meta":"","adv-header-id-meta":"","stick-header-meta":"","header-above-stick-meta":"","header-main-stick-meta":"","header-below-stick-meta":"","astra-migrate-meta-layouts":"set","ast-page-background-enabled":"default","ast-page-background-meta":{"desktop":{"background-color":"var(--ast-global-color-4)","background-image":"","background-repeat":"repeat","background-position":"center center","background-size":"auto","background-attachment":"scroll","background-type":"","background-media":"","overlay-type":"","overlay-color":"","overlay-opacity":"","overlay-gradient":""},"tablet":{"background-color":"","background-image":"","background-repeat":"repeat","background-position":"center center","background-size":"auto","background-attachment":"scroll","background-type":"","background-media":"","overlay-type":"","overlay-color":"","overlay-opacity":"","overlay-gradient":""},"mobile":{"background-color":"","background-image":"","background-repeat":"repeat","background-position":"center center","background-size":"auto","background-attachment":"scroll","background-type":"","background-media":"","overlay-type":"","overlay-color":"","overlay-opacity":"","overlay-gradient":""}},"ast-content-background-meta":{"desktop":{"background-color":"var(--ast-global-color-5)","background-image":"","background-repeat":"repeat","background-position":"center center","background-size":"auto","background-attachment":"scroll","background-type":"","background-media":"","overlay-type":"","overlay-color":"","overlay-opacity":"","overlay-gradient":""},"tablet":{"background-color":"var(--ast-global-color-5)","background-image":"","background-repeat":"repeat","background-position":"center center","background-size":"auto","background-attachment":"scroll","background-type":"","background-media":"","overlay-type":"","overlay-color":"","overlay-opacity":"","overlay-gradient":""},"mobile":{"background-color":"var(--ast-global-color-5)","background-image":"","background-repeat":"repeat","background-position":"center center","background-size":"auto","background-attachment":"scroll","background-type":"","background-media":"","overlay-type":"","overlay-color":"","overlay-opacity":"","overlay-gradient":""}},"footnotes":""},"categories":[22],"tags":[1047,29,1046,142,1048,78],"class_list":["post-37507","post","type-post","status-publish","format-standard","has-post-thumbnail","hentry","category-neuigkeit","tag-dayana-andrade","tag-ernst-goetsch","tag-felipe-pasini","tag-fibl","tag-komplexitaet","tag-syntropische-landwirtschaft"],"acf":[],"yoast_head":"<!-- This site is optimized with the Yoast SEO plugin v27.5 - https:\/\/yoast.com\/product\/yoast-seo-wordpress\/ -->\n<title>Wir kommen nicht umhin, mit Komplexit\u00e4t zu arbeiten - Beitrag vom 19. Dezember 2025 - Permakultur-Landwirtschaft<\/title>\n<meta name=\"description\" content=\"Dayana Andrade und Felipe Pasini haben langj\u00e4hrige Erfahrung mit syntropischer Landwirtschaft \u2013 in Praxis, Forschung und Wissensvermittlung.\" \/>\n<meta name=\"robots\" content=\"index, follow, max-snippet:-1, max-image-preview:large, max-video-preview:-1\" \/>\n<link rel=\"canonical\" href=\"https:\/\/permakultur-landwirtschaft.org\/fr\/wir-kommen-nicht-umhin-mit-komplexitaet-zu-arbeiten-beitrag-vom-19-dezember-2025\/\" \/>\n<meta property=\"og:locale\" content=\"fr_FR\" \/>\n<meta property=\"og:type\" content=\"article\" \/>\n<meta property=\"og:title\" content=\"Wir kommen nicht umhin, mit Komplexit\u00e4t zu arbeiten - Beitrag vom 19. Dezember 2025 - Permakultur-Landwirtschaft\" \/>\n<meta property=\"og:description\" content=\"Dayana Andrade und Felipe Pasini haben langj\u00e4hrige Erfahrung mit syntropischer Landwirtschaft \u2013 in Praxis, Forschung und Wissensvermittlung.\" \/>\n<meta property=\"og:url\" content=\"https:\/\/permakultur-landwirtschaft.org\/fr\/wir-kommen-nicht-umhin-mit-komplexitaet-zu-arbeiten-beitrag-vom-19-dezember-2025\/\" \/>\n<meta property=\"og:site_name\" content=\"Permakultur-Landwirtschaft\" \/>\n<meta property=\"article:publisher\" content=\"https:\/\/www.facebook.com\/PermakulturLandwirtschaft\" \/>\n<meta property=\"article:published_time\" content=\"2025-12-19T15:16:38+00:00\" \/>\n<meta property=\"article:modified_time\" content=\"2025-12-20T15:26:13+00:00\" \/>\n<meta property=\"og:image\" content=\"https:\/\/permakultur-landwirtschaft.org\/wp-content\/uploads\/2025\/12\/FiBl-csm_dayana-felipe-1200_185ef1baf8.jpg\" \/>\n\t<meta property=\"og:image:width\" content=\"800\" \/>\n\t<meta property=\"og:image:height\" content=\"533\" \/>\n\t<meta property=\"og:image:type\" content=\"image\/jpeg\" \/>\n<meta name=\"author\" content=\"adrian reutimann\" \/>\n<meta name=\"twitter:card\" content=\"summary_large_image\" \/>\n<meta name=\"twitter:label1\" content=\"\u00c9crit par\" \/>\n\t<meta name=\"twitter:data1\" content=\"adrian reutimann\" \/>\n\t<meta name=\"twitter:label2\" content=\"Dur\u00e9e de lecture estim\u00e9e\" \/>\n\t<meta name=\"twitter:data2\" content=\"3 minutes\" \/>\n<script type=\"application\/ld+json\" class=\"yoast-schema-graph\">{\"@context\":\"https:\\\/\\\/schema.org\",\"@graph\":[{\"@type\":\"Article\",\"@id\":\"https:\\\/\\\/permakultur-landwirtschaft.org\\\/wir-kommen-nicht-umhin-mit-komplexitaet-zu-arbeiten-beitrag-vom-19-dezember-2025\\\/#article\",\"isPartOf\":{\"@id\":\"https:\\\/\\\/permakultur-landwirtschaft.org\\\/wir-kommen-nicht-umhin-mit-komplexitaet-zu-arbeiten-beitrag-vom-19-dezember-2025\\\/\"},\"author\":{\"name\":\"adrian reutimann\",\"@id\":\"https:\\\/\\\/permakultur-landwirtschaft.org\\\/#\\\/schema\\\/person\\\/6b0467872f75aed3e144093f9bf4f0b0\"},\"headline\":\"Wir kommen nicht umhin, mit Komplexit\u00e4t zu arbeiten &#8211; Beitrag vom 19. Dezember 2025\",\"datePublished\":\"2025-12-19T15:16:38+00:00\",\"dateModified\":\"2025-12-20T15:26:13+00:00\",\"mainEntityOfPage\":{\"@id\":\"https:\\\/\\\/permakultur-landwirtschaft.org\\\/wir-kommen-nicht-umhin-mit-komplexitaet-zu-arbeiten-beitrag-vom-19-dezember-2025\\\/\"},\"wordCount\":369,\"publisher\":{\"@id\":\"https:\\\/\\\/permakultur-landwirtschaft.org\\\/#organization\"},\"image\":{\"@id\":\"https:\\\/\\\/permakultur-landwirtschaft.org\\\/wir-kommen-nicht-umhin-mit-komplexitaet-zu-arbeiten-beitrag-vom-19-dezember-2025\\\/#primaryimage\"},\"thumbnailUrl\":\"https:\\\/\\\/permakultur-landwirtschaft.org\\\/wp-content\\\/uploads\\\/2025\\\/12\\\/FiBl-csm_dayana-felipe-1200_185ef1baf8.jpg\",\"keywords\":[\"Dayana Andrade\",\"ernst g\u00f6tsch\",\"Felipe Pasini\",\"FiBL\",\"Komplexit\u00e4t\",\"Syntropische Landwirtschaft\"],\"articleSection\":[\"Neuigkeit\"],\"inLanguage\":\"fr-FR\"},{\"@type\":\"WebPage\",\"@id\":\"https:\\\/\\\/permakultur-landwirtschaft.org\\\/wir-kommen-nicht-umhin-mit-komplexitaet-zu-arbeiten-beitrag-vom-19-dezember-2025\\\/\",\"url\":\"https:\\\/\\\/permakultur-landwirtschaft.org\\\/wir-kommen-nicht-umhin-mit-komplexitaet-zu-arbeiten-beitrag-vom-19-dezember-2025\\\/\",\"name\":\"Wir kommen nicht umhin, mit Komplexit\u00e4t zu arbeiten - Beitrag vom 19. Dezember 2025 - Permakultur-Landwirtschaft\",\"isPartOf\":{\"@id\":\"https:\\\/\\\/permakultur-landwirtschaft.org\\\/#website\"},\"primaryImageOfPage\":{\"@id\":\"https:\\\/\\\/permakultur-landwirtschaft.org\\\/wir-kommen-nicht-umhin-mit-komplexitaet-zu-arbeiten-beitrag-vom-19-dezember-2025\\\/#primaryimage\"},\"image\":{\"@id\":\"https:\\\/\\\/permakultur-landwirtschaft.org\\\/wir-kommen-nicht-umhin-mit-komplexitaet-zu-arbeiten-beitrag-vom-19-dezember-2025\\\/#primaryimage\"},\"thumbnailUrl\":\"https:\\\/\\\/permakultur-landwirtschaft.org\\\/wp-content\\\/uploads\\\/2025\\\/12\\\/FiBl-csm_dayana-felipe-1200_185ef1baf8.jpg\",\"datePublished\":\"2025-12-19T15:16:38+00:00\",\"dateModified\":\"2025-12-20T15:26:13+00:00\",\"description\":\"Dayana Andrade und Felipe Pasini haben langj\u00e4hrige Erfahrung mit syntropischer Landwirtschaft \u2013 in Praxis, Forschung und Wissensvermittlung.\",\"breadcrumb\":{\"@id\":\"https:\\\/\\\/permakultur-landwirtschaft.org\\\/wir-kommen-nicht-umhin-mit-komplexitaet-zu-arbeiten-beitrag-vom-19-dezember-2025\\\/#breadcrumb\"},\"inLanguage\":\"fr-FR\",\"potentialAction\":[{\"@type\":\"ReadAction\",\"target\":[\"https:\\\/\\\/permakultur-landwirtschaft.org\\\/wir-kommen-nicht-umhin-mit-komplexitaet-zu-arbeiten-beitrag-vom-19-dezember-2025\\\/\"]}]},{\"@type\":\"ImageObject\",\"inLanguage\":\"fr-FR\",\"@id\":\"https:\\\/\\\/permakultur-landwirtschaft.org\\\/wir-kommen-nicht-umhin-mit-komplexitaet-zu-arbeiten-beitrag-vom-19-dezember-2025\\\/#primaryimage\",\"url\":\"https:\\\/\\\/permakultur-landwirtschaft.org\\\/wp-content\\\/uploads\\\/2025\\\/12\\\/FiBl-csm_dayana-felipe-1200_185ef1baf8.jpg\",\"contentUrl\":\"https:\\\/\\\/permakultur-landwirtschaft.org\\\/wp-content\\\/uploads\\\/2025\\\/12\\\/FiBl-csm_dayana-felipe-1200_185ef1baf8.jpg\",\"width\":800,\"height\":533,\"caption\":\"Foto: Dayana Andrade\"},{\"@type\":\"BreadcrumbList\",\"@id\":\"https:\\\/\\\/permakultur-landwirtschaft.org\\\/wir-kommen-nicht-umhin-mit-komplexitaet-zu-arbeiten-beitrag-vom-19-dezember-2025\\\/#breadcrumb\",\"itemListElement\":[{\"@type\":\"ListItem\",\"position\":1,\"name\":\"Startseite\",\"item\":\"https:\\\/\\\/permakultur-landwirtschaft.org\\\/\"},{\"@type\":\"ListItem\",\"position\":2,\"name\":\"Wir kommen nicht umhin, mit Komplexit\u00e4t zu arbeiten &#8211; Beitrag vom 19. Dezember 2025\"}]},{\"@type\":\"WebSite\",\"@id\":\"https:\\\/\\\/permakultur-landwirtschaft.org\\\/#website\",\"url\":\"https:\\\/\\\/permakultur-landwirtschaft.org\\\/\",\"name\":\"Permakultur-Landwirtschaft\",\"description\":\"F\u00f6rderung der Permakultur in der Landwirtschaft\",\"publisher\":{\"@id\":\"https:\\\/\\\/permakultur-landwirtschaft.org\\\/#organization\"},\"potentialAction\":[{\"@type\":\"SearchAction\",\"target\":{\"@type\":\"EntryPoint\",\"urlTemplate\":\"https:\\\/\\\/permakultur-landwirtschaft.org\\\/?s={search_term_string}\"},\"query-input\":{\"@type\":\"PropertyValueSpecification\",\"valueRequired\":true,\"valueName\":\"search_term_string\"}}],\"inLanguage\":\"fr-FR\"},{\"@type\":\"Organization\",\"@id\":\"https:\\\/\\\/permakultur-landwirtschaft.org\\\/#organization\",\"name\":\"Permakultur-Landwirtschaft\",\"alternateName\":\"Verein Permakultur-Landwirtschaft\",\"url\":\"https:\\\/\\\/permakultur-landwirtschaft.org\\\/\",\"logo\":{\"@type\":\"ImageObject\",\"inLanguage\":\"fr-FR\",\"@id\":\"https:\\\/\\\/permakultur-landwirtschaft.org\\\/#\\\/schema\\\/logo\\\/image\\\/\",\"url\":\"https:\\\/\\\/permakultur-landwirtschaft.org\\\/wp-content\\\/uploads\\\/2021\\\/11\\\/pela_1268x1269.png\",\"contentUrl\":\"https:\\\/\\\/permakultur-landwirtschaft.org\\\/wp-content\\\/uploads\\\/2021\\\/11\\\/pela_1268x1269.png\",\"width\":1298,\"height\":1269,\"caption\":\"Permakultur-Landwirtschaft\"},\"image\":{\"@id\":\"https:\\\/\\\/permakultur-landwirtschaft.org\\\/#\\\/schema\\\/logo\\\/image\\\/\"},\"sameAs\":[\"https:\\\/\\\/www.facebook.com\\\/PermakulturLandwirtschaft\",\"https:\\\/\\\/www.instagram.com\\\/permakultur_landwirtschaft\\\/\",\"https:\\\/\\\/www.flickr.com\\\/photos\\\/permakultur-landwirtschaft\",\"https:\\\/\\\/www.youtube.com\\\/@PermakulturLandwirtschaft\"]},{\"@type\":\"Person\",\"@id\":\"https:\\\/\\\/permakultur-landwirtschaft.org\\\/#\\\/schema\\\/person\\\/6b0467872f75aed3e144093f9bf4f0b0\",\"name\":\"adrian reutimann\",\"url\":\"https:\\\/\\\/permakultur-landwirtschaft.org\\\/fr\\\/author\\\/reutiadr\\\/\"}]}<\/script>\n<!-- \/ Yoast SEO plugin. -->","yoast_head_json":{"title":"Wir kommen nicht umhin, mit Komplexit\u00e4t zu arbeiten - Beitrag vom 19. Dezember 2025 - Permakultur-Landwirtschaft","description":"Dayana Andrade und Felipe Pasini haben langj\u00e4hrige Erfahrung mit syntropischer Landwirtschaft \u2013 in Praxis, Forschung und Wissensvermittlung.","robots":{"index":"index","follow":"follow","max-snippet":"max-snippet:-1","max-image-preview":"max-image-preview:large","max-video-preview":"max-video-preview:-1"},"canonical":"https:\/\/permakultur-landwirtschaft.org\/fr\/wir-kommen-nicht-umhin-mit-komplexitaet-zu-arbeiten-beitrag-vom-19-dezember-2025\/","og_locale":"fr_FR","og_type":"article","og_title":"Wir kommen nicht umhin, mit Komplexit\u00e4t zu arbeiten - Beitrag vom 19. Dezember 2025 - Permakultur-Landwirtschaft","og_description":"Dayana Andrade und Felipe Pasini haben langj\u00e4hrige Erfahrung mit syntropischer Landwirtschaft \u2013 in Praxis, Forschung und Wissensvermittlung.","og_url":"https:\/\/permakultur-landwirtschaft.org\/fr\/wir-kommen-nicht-umhin-mit-komplexitaet-zu-arbeiten-beitrag-vom-19-dezember-2025\/","og_site_name":"Permakultur-Landwirtschaft","article_publisher":"https:\/\/www.facebook.com\/PermakulturLandwirtschaft","article_published_time":"2025-12-19T15:16:38+00:00","article_modified_time":"2025-12-20T15:26:13+00:00","og_image":[{"width":800,"height":533,"url":"https:\/\/permakultur-landwirtschaft.org\/wp-content\/uploads\/2025\/12\/FiBl-csm_dayana-felipe-1200_185ef1baf8.jpg","type":"image\/jpeg"}],"author":"adrian reutimann","twitter_card":"summary_large_image","twitter_misc":{"\u00c9crit par":"adrian reutimann","Dur\u00e9e de lecture estim\u00e9e":"3 minutes"},"schema":{"@context":"https:\/\/schema.org","@graph":[{"@type":"Article","@id":"https:\/\/permakultur-landwirtschaft.org\/wir-kommen-nicht-umhin-mit-komplexitaet-zu-arbeiten-beitrag-vom-19-dezember-2025\/#article","isPartOf":{"@id":"https:\/\/permakultur-landwirtschaft.org\/wir-kommen-nicht-umhin-mit-komplexitaet-zu-arbeiten-beitrag-vom-19-dezember-2025\/"},"author":{"name":"adrian reutimann","@id":"https:\/\/permakultur-landwirtschaft.org\/#\/schema\/person\/6b0467872f75aed3e144093f9bf4f0b0"},"headline":"Wir kommen nicht umhin, mit Komplexit\u00e4t zu arbeiten &#8211; Beitrag vom 19. Dezember 2025","datePublished":"2025-12-19T15:16:38+00:00","dateModified":"2025-12-20T15:26:13+00:00","mainEntityOfPage":{"@id":"https:\/\/permakultur-landwirtschaft.org\/wir-kommen-nicht-umhin-mit-komplexitaet-zu-arbeiten-beitrag-vom-19-dezember-2025\/"},"wordCount":369,"publisher":{"@id":"https:\/\/permakultur-landwirtschaft.org\/#organization"},"image":{"@id":"https:\/\/permakultur-landwirtschaft.org\/wir-kommen-nicht-umhin-mit-komplexitaet-zu-arbeiten-beitrag-vom-19-dezember-2025\/#primaryimage"},"thumbnailUrl":"https:\/\/permakultur-landwirtschaft.org\/wp-content\/uploads\/2025\/12\/FiBl-csm_dayana-felipe-1200_185ef1baf8.jpg","keywords":["Dayana Andrade","ernst g\u00f6tsch","Felipe Pasini","FiBL","Komplexit\u00e4t","Syntropische Landwirtschaft"],"articleSection":["Neuigkeit"],"inLanguage":"fr-FR"},{"@type":"WebPage","@id":"https:\/\/permakultur-landwirtschaft.org\/wir-kommen-nicht-umhin-mit-komplexitaet-zu-arbeiten-beitrag-vom-19-dezember-2025\/","url":"https:\/\/permakultur-landwirtschaft.org\/wir-kommen-nicht-umhin-mit-komplexitaet-zu-arbeiten-beitrag-vom-19-dezember-2025\/","name":"Wir kommen nicht umhin, mit Komplexit\u00e4t zu arbeiten - Beitrag vom 19. Dezember 2025 - Permakultur-Landwirtschaft","isPartOf":{"@id":"https:\/\/permakultur-landwirtschaft.org\/#website"},"primaryImageOfPage":{"@id":"https:\/\/permakultur-landwirtschaft.org\/wir-kommen-nicht-umhin-mit-komplexitaet-zu-arbeiten-beitrag-vom-19-dezember-2025\/#primaryimage"},"image":{"@id":"https:\/\/permakultur-landwirtschaft.org\/wir-kommen-nicht-umhin-mit-komplexitaet-zu-arbeiten-beitrag-vom-19-dezember-2025\/#primaryimage"},"thumbnailUrl":"https:\/\/permakultur-landwirtschaft.org\/wp-content\/uploads\/2025\/12\/FiBl-csm_dayana-felipe-1200_185ef1baf8.jpg","datePublished":"2025-12-19T15:16:38+00:00","dateModified":"2025-12-20T15:26:13+00:00","description":"Dayana Andrade und Felipe Pasini haben langj\u00e4hrige Erfahrung mit syntropischer Landwirtschaft \u2013 in Praxis, Forschung und Wissensvermittlung.","breadcrumb":{"@id":"https:\/\/permakultur-landwirtschaft.org\/wir-kommen-nicht-umhin-mit-komplexitaet-zu-arbeiten-beitrag-vom-19-dezember-2025\/#breadcrumb"},"inLanguage":"fr-FR","potentialAction":[{"@type":"ReadAction","target":["https:\/\/permakultur-landwirtschaft.org\/wir-kommen-nicht-umhin-mit-komplexitaet-zu-arbeiten-beitrag-vom-19-dezember-2025\/"]}]},{"@type":"ImageObject","inLanguage":"fr-FR","@id":"https:\/\/permakultur-landwirtschaft.org\/wir-kommen-nicht-umhin-mit-komplexitaet-zu-arbeiten-beitrag-vom-19-dezember-2025\/#primaryimage","url":"https:\/\/permakultur-landwirtschaft.org\/wp-content\/uploads\/2025\/12\/FiBl-csm_dayana-felipe-1200_185ef1baf8.jpg","contentUrl":"https:\/\/permakultur-landwirtschaft.org\/wp-content\/uploads\/2025\/12\/FiBl-csm_dayana-felipe-1200_185ef1baf8.jpg","width":800,"height":533,"caption":"Foto: Dayana Andrade"},{"@type":"BreadcrumbList","@id":"https:\/\/permakultur-landwirtschaft.org\/wir-kommen-nicht-umhin-mit-komplexitaet-zu-arbeiten-beitrag-vom-19-dezember-2025\/#breadcrumb","itemListElement":[{"@type":"ListItem","position":1,"name":"Startseite","item":"https:\/\/permakultur-landwirtschaft.org\/"},{"@type":"ListItem","position":2,"name":"Wir kommen nicht umhin, mit Komplexit\u00e4t zu arbeiten &#8211; Beitrag vom 19. Dezember 2025"}]},{"@type":"WebSite","@id":"https:\/\/permakultur-landwirtschaft.org\/#website","url":"https:\/\/permakultur-landwirtschaft.org\/","name":"Permakultur-Landwirtschaft","description":"F\u00f6rderung der Permakultur in der Landwirtschaft","publisher":{"@id":"https:\/\/permakultur-landwirtschaft.org\/#organization"},"potentialAction":[{"@type":"SearchAction","target":{"@type":"EntryPoint","urlTemplate":"https:\/\/permakultur-landwirtschaft.org\/?s={search_term_string}"},"query-input":{"@type":"PropertyValueSpecification","valueRequired":true,"valueName":"search_term_string"}}],"inLanguage":"fr-FR"},{"@type":"Organization","@id":"https:\/\/permakultur-landwirtschaft.org\/#organization","name":"Permakultur-Landwirtschaft","alternateName":"Verein Permakultur-Landwirtschaft","url":"https:\/\/permakultur-landwirtschaft.org\/","logo":{"@type":"ImageObject","inLanguage":"fr-FR","@id":"https:\/\/permakultur-landwirtschaft.org\/#\/schema\/logo\/image\/","url":"https:\/\/permakultur-landwirtschaft.org\/wp-content\/uploads\/2021\/11\/pela_1268x1269.png","contentUrl":"https:\/\/permakultur-landwirtschaft.org\/wp-content\/uploads\/2021\/11\/pela_1268x1269.png","width":1298,"height":1269,"caption":"Permakultur-Landwirtschaft"},"image":{"@id":"https:\/\/permakultur-landwirtschaft.org\/#\/schema\/logo\/image\/"},"sameAs":["https:\/\/www.facebook.com\/PermakulturLandwirtschaft","https:\/\/www.instagram.com\/permakultur_landwirtschaft\/","https:\/\/www.flickr.com\/photos\/permakultur-landwirtschaft","https:\/\/www.youtube.com\/@PermakulturLandwirtschaft"]},{"@type":"Person","@id":"https:\/\/permakultur-landwirtschaft.org\/#\/schema\/person\/6b0467872f75aed3e144093f9bf4f0b0","name":"adrian reutimann","url":"https:\/\/permakultur-landwirtschaft.org\/fr\/author\/reutiadr\/"}]}},"_links":{"self":[{"href":"https:\/\/permakultur-landwirtschaft.org\/fr\/wp-json\/wp\/v2\/posts\/37507","targetHints":{"allow":["GET"]}}],"collection":[{"href":"https:\/\/permakultur-landwirtschaft.org\/fr\/wp-json\/wp\/v2\/posts"}],"about":[{"href":"https:\/\/permakultur-landwirtschaft.org\/fr\/wp-json\/wp\/v2\/types\/post"}],"author":[{"embeddable":true,"href":"https:\/\/permakultur-landwirtschaft.org\/fr\/wp-json\/wp\/v2\/users\/2"}],"replies":[{"embeddable":true,"href":"https:\/\/permakultur-landwirtschaft.org\/fr\/wp-json\/wp\/v2\/comments?post=37507"}],"version-history":[{"count":1,"href":"https:\/\/permakultur-landwirtschaft.org\/fr\/wp-json\/wp\/v2\/posts\/37507\/revisions"}],"predecessor-version":[{"id":37509,"href":"https:\/\/permakultur-landwirtschaft.org\/fr\/wp-json\/wp\/v2\/posts\/37507\/revisions\/37509"}],"wp:featuredmedia":[{"embeddable":true,"href":"https:\/\/permakultur-landwirtschaft.org\/fr\/wp-json\/wp\/v2\/media\/37508"}],"wp:attachment":[{"href":"https:\/\/permakultur-landwirtschaft.org\/fr\/wp-json\/wp\/v2\/media?parent=37507"}],"wp:term":[{"taxonomy":"category","embeddable":true,"href":"https:\/\/permakultur-landwirtschaft.org\/fr\/wp-json\/wp\/v2\/categories?post=37507"},{"taxonomy":"post_tag","embeddable":true,"href":"https:\/\/permakultur-landwirtschaft.org\/fr\/wp-json\/wp\/v2\/tags?post=37507"}],"curies":[{"name":"wp","href":"https:\/\/api.w.org\/{rel}","templated":true}]}}