{"id":37421,"date":"2025-12-04T14:48:59","date_gmt":"2025-12-04T13:48:59","guid":{"rendered":"https:\/\/permakultur-landwirtschaft.org\/?p=37421"},"modified":"2025-12-09T14:54:21","modified_gmt":"2025-12-09T13:54:21","slug":"mit-pardessym-setzt-die-obstbauwirtschaft-auf-agroforstwirtschaft-beitrag-vom-04-dezember-2025","status":"publish","type":"post","link":"https:\/\/permakultur-landwirtschaft.org\/fr\/mit-pardessym-setzt-die-obstbauwirtschaft-auf-agroforstwirtschaft-beitrag-vom-04-dezember-2025\/","title":{"rendered":"Mit Pardessym setzt die Obstbauwirtschaft auf Agroforstwirtschaft &#8211; Beitrag vom 04. Dezember 2025"},"content":{"rendered":"<p>Text von www.bioaktuell.ch:<\/p>\n\n\n\n<p>Das Projekt Pardessym des FiBL in Frankreich verfolgt wassersparenden Obstanbau in Agroforstsystemen. Projektleiter Martin Trouillard spricht im Interview \u00fcber den r\u00e4umlich diversifizierten Obstanbau auf verschiedenen Ebenen innerhalb einer Anlage und \u00fcber Ideen der syntropischen Landwirtschaft im mediterranen Kontext. Der franz\u00f6sische Forscher schl\u00e4gt vor, den Obstanbau breiter aufzustellen.<\/p>\n\n\n\n<h2 class=\"wp-block-heading\">Was war der Ausl\u00f6ser f\u00fcr das Projekt Pardessym?<\/h2>\n\n\n\n<p>Obstanlagen sind aufgrund ihrer extremen Spezialisierung \u2013 auch im biologischen Landbau \u2013 fragile Agrar\u00f6kosysteme, die extrem abh\u00e4ngig von Betriebsmitteln und Wasser sind. In S\u00fcdfrankreich sehen wir steigende Risiken durch Krankheiten und Klimaschwankungen. Das Projekt Pardessym will den Weg der Agroforstwirtschaft erkunden, um Obstanlagen zu \u00abdiversifizieren\u00bb und sie widerstandsf\u00e4higer und robuster zu machen.<\/p>\n\n\n\n<h2 class=\"wp-block-heading\">Was bedeutet das konkret?<\/h2>\n\n\n\n<p>Das Projekt orientiert sich am Konzept der syntropischen Landwirtschaft, die von Ernst G\u00f6tsch in Brasilien ins Leben gerufen wurde und darauf abzielt, die Funktionsweise von W\u00e4ldern nachzuahmen, um produktive und autonome Agrar\u00f6kosysteme zu schaffen. Konkret stufen wir im Projekt verschiedene Ebenen in einer Obstanlage ab und integrieren Pflanzenschichten zwischen Obstb\u00e4umen \u2013 etwa hochst\u00e4mmige B\u00e4ume, Str\u00e4ucher, B\u00fcsche oder krautige Pflanzen, welche die Biodiversit\u00e4t, die Bodenfruchtbarkeit, die Pflanzengesundheit und die Widerstandsf\u00e4higkeit des Systems gegen\u00fcber klimatischen Extremen verbessern k\u00f6nnen. Die von Evelyne Leterme im Conservatoire V\u00e9g\u00e9tal d&#8217;Aquitaine entworfenen Obstbaumhecken, die aus einer Sammlung traditioneller Anbaumethoden hervorgegangen sind, sind eine weitere echte Inspirationsquelle. Das Projekt Biodiverger der Domaine Marcelin im Waadtland, der kreisf\u00f6rmige Obstgarten von Gotheron in der Dr\u00f4me oder die Apfelb\u00e4ume in der mediterranen Agroforstwirtschaft von Restincli\u00e8res in der N\u00e4he von Montpellier (F) sind weitere \u00abKollegenprojekte\u00bb, welche unser Projekt inspiriert haben.<\/p>\n\n\n\n<h2 class=\"wp-block-heading\">Bedeutet die Komplexit\u00e4t des Systems nicht zwangsl\u00e4ufig einen h\u00f6heren Arbeitsaufwand und h\u00f6here Produktionskosten?<\/h2>\n\n\n\n<p>Eines der Ziele des Projekts ist es, zus\u00e4tzliche Arbeitsspitzen zu vermeiden. Der Arbeitsaufwand muss \u00fcberschaubar bleiben. Die ideale Obstanlage muss auch ein angenehmes, anregendes Arbeitsumfeld sein, das den Menschen, die dort t\u00e4glich arbeiten, eine bessere Lebensqualit\u00e4t bietet. Im Rahmen des Pardessym-Projekts dokumentieren wir daher die Arbeitszeit in all diesen Anlagen, um die technisch-wirtschaftlichen Leistungen zu bewerten. Dazu erfassen wir auch die Aspekte, die mit dem Wachstum und der Gesundheit der Pflanzen zusammenh\u00e4ngen.<\/p>\n\n\n\n<h2 class=\"wp-block-heading\">Wie viele Landwirte sind konkret an dem Projekt beteiligt?<\/h2>\n\n\n\n<p>Wir haben 12 Landwirte und 17 Experten f\u00fcr drei Hauptprojekte im Dr\u00f4me-Tal mobilisiert, um Obstanlagen mit verschiedenen agroforstwirtschaftlichen Gradienten anzulegen: Str\u00e4ucher in Reihen, Hecken in \u00abPatches\u00bb verteilt \u00fcber die Parzelle und so weiter. &nbsp;Durch die Kombination von Experimenten in Pilotobstg\u00e4rten und speziellen Forschungsvorrichtungen versucht das Projekt Pardessym, nachhaltige, wassersparende und reproduzierbare Modelle zu entwickeln und gleichzeitig den Wissensaustausch zwischen der Landwirtschaft, der Technik sowie der Wissenschaft zu f\u00f6rdern.<\/p>\n\n\n\n<h2 class=\"wp-block-heading\">Die Untersuchung des Bodens nimmt im Projekt einen zentralen Platz ein. Weshalb?<\/h2>\n\n\n\n<p>Die Wechselwirkungen zwischen Wurzeln und Bodenfunktionen sowie die Auswirkungen der Beschattung auf die Photosynthese oder auch die Wirtschaftlichkeit solcher Systeme sind tats\u00e4chlich Teil des Forschungsprogramms. Aus unserer Sicht ist der Boden nicht nur ein lebloses Substrat. Er erbringt unz\u00e4hlige Leistungen, darunter die Bereitstellung von N\u00e4hrstoffen, die Regulierung des Wasserkreislaufs und die Versorgung mit Biomasse und Mineralstoffen. Daher ist es interessant, seine physikalischen, chemischen und biologischen Eigenschaften zu untersuchen, um die Relevanz eines vielf\u00e4ltigen und geschichteten Obstgartens zu bewerten.<\/p>\n\n\n\n<p><a href=\"https:\/\/www.bioaktuell.ch\/aktuell\/meldung\/pardessym-setzt-beim-obstanbau-auf-agroforstwirtschaft\" target=\"_blank\" rel=\"noreferrer noopener\">Lien vers l'article complet<\/a><\/p>\n\n\n\n<p><a href=\"https:\/\/www.fibl.org\/de\/themen\/projektdatenbank\/projektitem\/project\/2644\" target=\"_blank\" rel=\"noreferrer noopener\">Link zum Pardessym Projekt<\/a><\/p>","protected":false},"excerpt":{"rendered":"<p>Text von www.bioaktuell.ch: Das Projekt Pardessym des FiBL in Frankreich verfolgt wassersparenden Obstanbau in Agroforstsystemen. Projektleiter Martin Trouillard spricht im Interview \u00fcber den r\u00e4umlich diversifizierten Obstanbau auf verschiedenen Ebenen innerhalb einer Anlage und \u00fcber Ideen der syntropischen Landwirtschaft im mediterranen Kontext. Der franz\u00f6sische Forscher schl\u00e4gt vor, den Obstanbau breiter aufzustellen. Was war der Ausl\u00f6ser f\u00fcr [&hellip;]<\/p>\n","protected":false},"author":2,"featured_media":37422,"comment_status":"closed","ping_status":"closed","sticky":false,"template":"","format":"standard","meta":{"_acf_changed":false,"site-sidebar-layout":"default","site-content-layout":"","ast-site-content-layout":"default","site-content-style":"default","site-sidebar-style":"default","ast-global-header-display":"","ast-banner-title-visibility":"","ast-main-header-display":"","ast-hfb-above-header-display":"","ast-hfb-below-header-display":"","ast-hfb-mobile-header-display":"","site-post-title":"","ast-breadcrumbs-content":"","ast-featured-img":"","footer-sml-layout":"","ast-disable-related-posts":"","theme-transparent-header-meta":"","adv-header-id-meta":"","stick-header-meta":"","header-above-stick-meta":"","header-main-stick-meta":"","header-below-stick-meta":"","astra-migrate-meta-layouts":"set","ast-page-background-enabled":"default","ast-page-background-meta":{"desktop":{"background-color":"var(--ast-global-color-4)","background-image":"","background-repeat":"repeat","background-position":"center center","background-size":"auto","background-attachment":"scroll","background-type":"","background-media":"","overlay-type":"","overlay-color":"","overlay-opacity":"","overlay-gradient":""},"tablet":{"background-color":"","background-image":"","background-repeat":"repeat","background-position":"center center","background-size":"auto","background-attachment":"scroll","background-type":"","background-media":"","overlay-type":"","overlay-color":"","overlay-opacity":"","overlay-gradient":""},"mobile":{"background-color":"","background-image":"","background-repeat":"repeat","background-position":"center center","background-size":"auto","background-attachment":"scroll","background-type":"","background-media":"","overlay-type":"","overlay-color":"","overlay-opacity":"","overlay-gradient":""}},"ast-content-background-meta":{"desktop":{"background-color":"var(--ast-global-color-5)","background-image":"","background-repeat":"repeat","background-position":"center center","background-size":"auto","background-attachment":"scroll","background-type":"","background-media":"","overlay-type":"","overlay-color":"","overlay-opacity":"","overlay-gradient":""},"tablet":{"background-color":"var(--ast-global-color-5)","background-image":"","background-repeat":"repeat","background-position":"center center","background-size":"auto","background-attachment":"scroll","background-type":"","background-media":"","overlay-type":"","overlay-color":"","overlay-opacity":"","overlay-gradient":""},"mobile":{"background-color":"var(--ast-global-color-5)","background-image":"","background-repeat":"repeat","background-position":"center center","background-size":"auto","background-attachment":"scroll","background-type":"","background-media":"","overlay-type":"","overlay-color":"","overlay-opacity":"","overlay-gradient":""}},"footnotes":""},"categories":[22],"tags":[31,142,457,1023,1022,1021,78],"class_list":["post-37421","post","type-post","status-publish","format-standard","has-post-thumbnail","hentry","category-neuigkeit","tag-agroforst","tag-fibl","tag-frankreich","tag-martin-trouillard","tag-obstbauwirtschaft","tag-pardessym","tag-syntropische-landwirtschaft"],"acf":[],"yoast_head":"<!-- This site is optimized with the Yoast SEO plugin v27.5 - https:\/\/yoast.com\/product\/yoast-seo-wordpress\/ -->\n<title>Mit Pardessym setzt die Obstbauwirtschaft auf Agroforstwirtschaft - Beitrag vom 04. Dezember 2025 - Permakultur-Landwirtschaft<\/title>\n<meta name=\"description\" content=\"Das Projekt Pardessym des FiBL in Frankreich verfolgt wassersparenden Obstanbau in Agroforstsystemen und syntropischen Landwirtschaft\" \/>\n<meta name=\"robots\" content=\"index, follow, max-snippet:-1, max-image-preview:large, max-video-preview:-1\" \/>\n<link rel=\"canonical\" href=\"https:\/\/permakultur-landwirtschaft.org\/fr\/mit-pardessym-setzt-die-obstbauwirtschaft-auf-agroforstwirtschaft-beitrag-vom-04-dezember-2025\/\" \/>\n<meta property=\"og:locale\" content=\"fr_FR\" \/>\n<meta property=\"og:type\" content=\"article\" \/>\n<meta property=\"og:title\" content=\"Mit Pardessym setzt die Obstbauwirtschaft auf Agroforstwirtschaft - Beitrag vom 04. Dezember 2025 - Permakultur-Landwirtschaft\" \/>\n<meta property=\"og:description\" content=\"Das Projekt Pardessym des FiBL in Frankreich verfolgt wassersparenden Obstanbau in Agroforstsystemen und syntropischen Landwirtschaft\" \/>\n<meta property=\"og:url\" content=\"https:\/\/permakultur-landwirtschaft.org\/fr\/mit-pardessym-setzt-die-obstbauwirtschaft-auf-agroforstwirtschaft-beitrag-vom-04-dezember-2025\/\" \/>\n<meta property=\"og:site_name\" content=\"Permakultur-Landwirtschaft\" \/>\n<meta property=\"article:publisher\" content=\"https:\/\/www.facebook.com\/PermakulturLandwirtschaft\" \/>\n<meta property=\"article:published_time\" content=\"2025-12-04T13:48:59+00:00\" \/>\n<meta property=\"article:modified_time\" content=\"2025-12-09T13:54:21+00:00\" \/>\n<meta property=\"og:image\" content=\"https:\/\/permakultur-landwirtschaft.org\/wp-content\/uploads\/2025\/12\/20251209_fibl_csm_martin-trouillard-pardessym_4de01d3535.jpg\" \/>\n\t<meta property=\"og:image:width\" content=\"700\" \/>\n\t<meta property=\"og:image:height\" content=\"466\" \/>\n\t<meta property=\"og:image:type\" content=\"image\/jpeg\" \/>\n<meta name=\"author\" content=\"adrian reutimann\" \/>\n<meta name=\"twitter:card\" content=\"summary_large_image\" \/>\n<meta name=\"twitter:label1\" content=\"\u00c9crit par\" \/>\n\t<meta name=\"twitter:data1\" content=\"adrian reutimann\" \/>\n\t<meta name=\"twitter:label2\" content=\"Dur\u00e9e de lecture estim\u00e9e\" \/>\n\t<meta name=\"twitter:data2\" content=\"4 minutes\" \/>\n<script type=\"application\/ld+json\" class=\"yoast-schema-graph\">{\"@context\":\"https:\\\/\\\/schema.org\",\"@graph\":[{\"@type\":\"Article\",\"@id\":\"https:\\\/\\\/permakultur-landwirtschaft.org\\\/mit-pardessym-setzt-die-obstbauwirtschaft-auf-agroforstwirtschaft-beitrag-vom-04-dezember-2025\\\/#article\",\"isPartOf\":{\"@id\":\"https:\\\/\\\/permakultur-landwirtschaft.org\\\/mit-pardessym-setzt-die-obstbauwirtschaft-auf-agroforstwirtschaft-beitrag-vom-04-dezember-2025\\\/\"},\"author\":{\"name\":\"adrian reutimann\",\"@id\":\"https:\\\/\\\/permakultur-landwirtschaft.org\\\/#\\\/schema\\\/person\\\/6b0467872f75aed3e144093f9bf4f0b0\"},\"headline\":\"Mit Pardessym setzt die Obstbauwirtschaft auf Agroforstwirtschaft &#8211; Beitrag vom 04. Dezember 2025\",\"datePublished\":\"2025-12-04T13:48:59+00:00\",\"dateModified\":\"2025-12-09T13:54:21+00:00\",\"mainEntityOfPage\":{\"@id\":\"https:\\\/\\\/permakultur-landwirtschaft.org\\\/mit-pardessym-setzt-die-obstbauwirtschaft-auf-agroforstwirtschaft-beitrag-vom-04-dezember-2025\\\/\"},\"wordCount\":567,\"publisher\":{\"@id\":\"https:\\\/\\\/permakultur-landwirtschaft.org\\\/#organization\"},\"image\":{\"@id\":\"https:\\\/\\\/permakultur-landwirtschaft.org\\\/mit-pardessym-setzt-die-obstbauwirtschaft-auf-agroforstwirtschaft-beitrag-vom-04-dezember-2025\\\/#primaryimage\"},\"thumbnailUrl\":\"https:\\\/\\\/permakultur-landwirtschaft.org\\\/wp-content\\\/uploads\\\/2025\\\/12\\\/20251209_fibl_csm_martin-trouillard-pardessym_4de01d3535.jpg\",\"keywords\":[\"Agroforst\",\"FiBL\",\"Frankreich\",\"Martin Trouillard\",\"Obstbauwirtschaft\",\"Pardessym\",\"Syntropische Landwirtschaft\"],\"articleSection\":[\"Neuigkeit\"],\"inLanguage\":\"fr-FR\"},{\"@type\":\"WebPage\",\"@id\":\"https:\\\/\\\/permakultur-landwirtschaft.org\\\/mit-pardessym-setzt-die-obstbauwirtschaft-auf-agroforstwirtschaft-beitrag-vom-04-dezember-2025\\\/\",\"url\":\"https:\\\/\\\/permakultur-landwirtschaft.org\\\/mit-pardessym-setzt-die-obstbauwirtschaft-auf-agroforstwirtschaft-beitrag-vom-04-dezember-2025\\\/\",\"name\":\"Mit Pardessym setzt die Obstbauwirtschaft auf Agroforstwirtschaft - Beitrag vom 04. Dezember 2025 - Permakultur-Landwirtschaft\",\"isPartOf\":{\"@id\":\"https:\\\/\\\/permakultur-landwirtschaft.org\\\/#website\"},\"primaryImageOfPage\":{\"@id\":\"https:\\\/\\\/permakultur-landwirtschaft.org\\\/mit-pardessym-setzt-die-obstbauwirtschaft-auf-agroforstwirtschaft-beitrag-vom-04-dezember-2025\\\/#primaryimage\"},\"image\":{\"@id\":\"https:\\\/\\\/permakultur-landwirtschaft.org\\\/mit-pardessym-setzt-die-obstbauwirtschaft-auf-agroforstwirtschaft-beitrag-vom-04-dezember-2025\\\/#primaryimage\"},\"thumbnailUrl\":\"https:\\\/\\\/permakultur-landwirtschaft.org\\\/wp-content\\\/uploads\\\/2025\\\/12\\\/20251209_fibl_csm_martin-trouillard-pardessym_4de01d3535.jpg\",\"datePublished\":\"2025-12-04T13:48:59+00:00\",\"dateModified\":\"2025-12-09T13:54:21+00:00\",\"description\":\"Das Projekt Pardessym des FiBL in Frankreich verfolgt wassersparenden Obstanbau in Agroforstsystemen und syntropischen Landwirtschaft\",\"breadcrumb\":{\"@id\":\"https:\\\/\\\/permakultur-landwirtschaft.org\\\/mit-pardessym-setzt-die-obstbauwirtschaft-auf-agroforstwirtschaft-beitrag-vom-04-dezember-2025\\\/#breadcrumb\"},\"inLanguage\":\"fr-FR\",\"potentialAction\":[{\"@type\":\"ReadAction\",\"target\":[\"https:\\\/\\\/permakultur-landwirtschaft.org\\\/mit-pardessym-setzt-die-obstbauwirtschaft-auf-agroforstwirtschaft-beitrag-vom-04-dezember-2025\\\/\"]}]},{\"@type\":\"ImageObject\",\"inLanguage\":\"fr-FR\",\"@id\":\"https:\\\/\\\/permakultur-landwirtschaft.org\\\/mit-pardessym-setzt-die-obstbauwirtschaft-auf-agroforstwirtschaft-beitrag-vom-04-dezember-2025\\\/#primaryimage\",\"url\":\"https:\\\/\\\/permakultur-landwirtschaft.org\\\/wp-content\\\/uploads\\\/2025\\\/12\\\/20251209_fibl_csm_martin-trouillard-pardessym_4de01d3535.jpg\",\"contentUrl\":\"https:\\\/\\\/permakultur-landwirtschaft.org\\\/wp-content\\\/uploads\\\/2025\\\/12\\\/20251209_fibl_csm_martin-trouillard-pardessym_4de01d3535.jpg\",\"width\":700,\"height\":466,\"caption\":\"Bild: FiBL, Claire Berbain\"},{\"@type\":\"BreadcrumbList\",\"@id\":\"https:\\\/\\\/permakultur-landwirtschaft.org\\\/mit-pardessym-setzt-die-obstbauwirtschaft-auf-agroforstwirtschaft-beitrag-vom-04-dezember-2025\\\/#breadcrumb\",\"itemListElement\":[{\"@type\":\"ListItem\",\"position\":1,\"name\":\"Startseite\",\"item\":\"https:\\\/\\\/permakultur-landwirtschaft.org\\\/\"},{\"@type\":\"ListItem\",\"position\":2,\"name\":\"Mit Pardessym setzt die Obstbauwirtschaft auf Agroforstwirtschaft &#8211; Beitrag vom 04. Dezember 2025\"}]},{\"@type\":\"WebSite\",\"@id\":\"https:\\\/\\\/permakultur-landwirtschaft.org\\\/#website\",\"url\":\"https:\\\/\\\/permakultur-landwirtschaft.org\\\/\",\"name\":\"Permakultur-Landwirtschaft\",\"description\":\"F\u00f6rderung der Permakultur in der Landwirtschaft\",\"publisher\":{\"@id\":\"https:\\\/\\\/permakultur-landwirtschaft.org\\\/#organization\"},\"potentialAction\":[{\"@type\":\"SearchAction\",\"target\":{\"@type\":\"EntryPoint\",\"urlTemplate\":\"https:\\\/\\\/permakultur-landwirtschaft.org\\\/?s={search_term_string}\"},\"query-input\":{\"@type\":\"PropertyValueSpecification\",\"valueRequired\":true,\"valueName\":\"search_term_string\"}}],\"inLanguage\":\"fr-FR\"},{\"@type\":\"Organization\",\"@id\":\"https:\\\/\\\/permakultur-landwirtschaft.org\\\/#organization\",\"name\":\"Permakultur-Landwirtschaft\",\"alternateName\":\"Verein Permakultur-Landwirtschaft\",\"url\":\"https:\\\/\\\/permakultur-landwirtschaft.org\\\/\",\"logo\":{\"@type\":\"ImageObject\",\"inLanguage\":\"fr-FR\",\"@id\":\"https:\\\/\\\/permakultur-landwirtschaft.org\\\/#\\\/schema\\\/logo\\\/image\\\/\",\"url\":\"https:\\\/\\\/permakultur-landwirtschaft.org\\\/wp-content\\\/uploads\\\/2021\\\/11\\\/pela_1268x1269.png\",\"contentUrl\":\"https:\\\/\\\/permakultur-landwirtschaft.org\\\/wp-content\\\/uploads\\\/2021\\\/11\\\/pela_1268x1269.png\",\"width\":1298,\"height\":1269,\"caption\":\"Permakultur-Landwirtschaft\"},\"image\":{\"@id\":\"https:\\\/\\\/permakultur-landwirtschaft.org\\\/#\\\/schema\\\/logo\\\/image\\\/\"},\"sameAs\":[\"https:\\\/\\\/www.facebook.com\\\/PermakulturLandwirtschaft\",\"https:\\\/\\\/www.instagram.com\\\/permakultur_landwirtschaft\\\/\",\"https:\\\/\\\/www.flickr.com\\\/photos\\\/permakultur-landwirtschaft\",\"https:\\\/\\\/www.youtube.com\\\/@PermakulturLandwirtschaft\"]},{\"@type\":\"Person\",\"@id\":\"https:\\\/\\\/permakultur-landwirtschaft.org\\\/#\\\/schema\\\/person\\\/6b0467872f75aed3e144093f9bf4f0b0\",\"name\":\"adrian reutimann\",\"url\":\"https:\\\/\\\/permakultur-landwirtschaft.org\\\/fr\\\/author\\\/reutiadr\\\/\"}]}<\/script>\n<!-- \/ Yoast SEO plugin. -->","yoast_head_json":{"title":"Mit Pardessym setzt die Obstbauwirtschaft auf Agroforstwirtschaft - Beitrag vom 04. Dezember 2025 - Permakultur-Landwirtschaft","description":"Das Projekt Pardessym des FiBL in Frankreich verfolgt wassersparenden Obstanbau in Agroforstsystemen und syntropischen Landwirtschaft","robots":{"index":"index","follow":"follow","max-snippet":"max-snippet:-1","max-image-preview":"max-image-preview:large","max-video-preview":"max-video-preview:-1"},"canonical":"https:\/\/permakultur-landwirtschaft.org\/fr\/mit-pardessym-setzt-die-obstbauwirtschaft-auf-agroforstwirtschaft-beitrag-vom-04-dezember-2025\/","og_locale":"fr_FR","og_type":"article","og_title":"Mit Pardessym setzt die Obstbauwirtschaft auf Agroforstwirtschaft - Beitrag vom 04. Dezember 2025 - Permakultur-Landwirtschaft","og_description":"Das Projekt Pardessym des FiBL in Frankreich verfolgt wassersparenden Obstanbau in Agroforstsystemen und syntropischen Landwirtschaft","og_url":"https:\/\/permakultur-landwirtschaft.org\/fr\/mit-pardessym-setzt-die-obstbauwirtschaft-auf-agroforstwirtschaft-beitrag-vom-04-dezember-2025\/","og_site_name":"Permakultur-Landwirtschaft","article_publisher":"https:\/\/www.facebook.com\/PermakulturLandwirtschaft","article_published_time":"2025-12-04T13:48:59+00:00","article_modified_time":"2025-12-09T13:54:21+00:00","og_image":[{"width":700,"height":466,"url":"https:\/\/permakultur-landwirtschaft.org\/wp-content\/uploads\/2025\/12\/20251209_fibl_csm_martin-trouillard-pardessym_4de01d3535.jpg","type":"image\/jpeg"}],"author":"adrian reutimann","twitter_card":"summary_large_image","twitter_misc":{"\u00c9crit par":"adrian reutimann","Dur\u00e9e de lecture estim\u00e9e":"4 minutes"},"schema":{"@context":"https:\/\/schema.org","@graph":[{"@type":"Article","@id":"https:\/\/permakultur-landwirtschaft.org\/mit-pardessym-setzt-die-obstbauwirtschaft-auf-agroforstwirtschaft-beitrag-vom-04-dezember-2025\/#article","isPartOf":{"@id":"https:\/\/permakultur-landwirtschaft.org\/mit-pardessym-setzt-die-obstbauwirtschaft-auf-agroforstwirtschaft-beitrag-vom-04-dezember-2025\/"},"author":{"name":"adrian reutimann","@id":"https:\/\/permakultur-landwirtschaft.org\/#\/schema\/person\/6b0467872f75aed3e144093f9bf4f0b0"},"headline":"Mit Pardessym setzt die Obstbauwirtschaft auf Agroforstwirtschaft &#8211; Beitrag vom 04. Dezember 2025","datePublished":"2025-12-04T13:48:59+00:00","dateModified":"2025-12-09T13:54:21+00:00","mainEntityOfPage":{"@id":"https:\/\/permakultur-landwirtschaft.org\/mit-pardessym-setzt-die-obstbauwirtschaft-auf-agroforstwirtschaft-beitrag-vom-04-dezember-2025\/"},"wordCount":567,"publisher":{"@id":"https:\/\/permakultur-landwirtschaft.org\/#organization"},"image":{"@id":"https:\/\/permakultur-landwirtschaft.org\/mit-pardessym-setzt-die-obstbauwirtschaft-auf-agroforstwirtschaft-beitrag-vom-04-dezember-2025\/#primaryimage"},"thumbnailUrl":"https:\/\/permakultur-landwirtschaft.org\/wp-content\/uploads\/2025\/12\/20251209_fibl_csm_martin-trouillard-pardessym_4de01d3535.jpg","keywords":["Agroforst","FiBL","Frankreich","Martin Trouillard","Obstbauwirtschaft","Pardessym","Syntropische Landwirtschaft"],"articleSection":["Neuigkeit"],"inLanguage":"fr-FR"},{"@type":"WebPage","@id":"https:\/\/permakultur-landwirtschaft.org\/mit-pardessym-setzt-die-obstbauwirtschaft-auf-agroforstwirtschaft-beitrag-vom-04-dezember-2025\/","url":"https:\/\/permakultur-landwirtschaft.org\/mit-pardessym-setzt-die-obstbauwirtschaft-auf-agroforstwirtschaft-beitrag-vom-04-dezember-2025\/","name":"Mit Pardessym setzt die Obstbauwirtschaft auf Agroforstwirtschaft - Beitrag vom 04. Dezember 2025 - Permakultur-Landwirtschaft","isPartOf":{"@id":"https:\/\/permakultur-landwirtschaft.org\/#website"},"primaryImageOfPage":{"@id":"https:\/\/permakultur-landwirtschaft.org\/mit-pardessym-setzt-die-obstbauwirtschaft-auf-agroforstwirtschaft-beitrag-vom-04-dezember-2025\/#primaryimage"},"image":{"@id":"https:\/\/permakultur-landwirtschaft.org\/mit-pardessym-setzt-die-obstbauwirtschaft-auf-agroforstwirtschaft-beitrag-vom-04-dezember-2025\/#primaryimage"},"thumbnailUrl":"https:\/\/permakultur-landwirtschaft.org\/wp-content\/uploads\/2025\/12\/20251209_fibl_csm_martin-trouillard-pardessym_4de01d3535.jpg","datePublished":"2025-12-04T13:48:59+00:00","dateModified":"2025-12-09T13:54:21+00:00","description":"Das Projekt Pardessym des FiBL in Frankreich verfolgt wassersparenden Obstanbau in Agroforstsystemen und syntropischen Landwirtschaft","breadcrumb":{"@id":"https:\/\/permakultur-landwirtschaft.org\/mit-pardessym-setzt-die-obstbauwirtschaft-auf-agroforstwirtschaft-beitrag-vom-04-dezember-2025\/#breadcrumb"},"inLanguage":"fr-FR","potentialAction":[{"@type":"ReadAction","target":["https:\/\/permakultur-landwirtschaft.org\/mit-pardessym-setzt-die-obstbauwirtschaft-auf-agroforstwirtschaft-beitrag-vom-04-dezember-2025\/"]}]},{"@type":"ImageObject","inLanguage":"fr-FR","@id":"https:\/\/permakultur-landwirtschaft.org\/mit-pardessym-setzt-die-obstbauwirtschaft-auf-agroforstwirtschaft-beitrag-vom-04-dezember-2025\/#primaryimage","url":"https:\/\/permakultur-landwirtschaft.org\/wp-content\/uploads\/2025\/12\/20251209_fibl_csm_martin-trouillard-pardessym_4de01d3535.jpg","contentUrl":"https:\/\/permakultur-landwirtschaft.org\/wp-content\/uploads\/2025\/12\/20251209_fibl_csm_martin-trouillard-pardessym_4de01d3535.jpg","width":700,"height":466,"caption":"Bild: FiBL, Claire Berbain"},{"@type":"BreadcrumbList","@id":"https:\/\/permakultur-landwirtschaft.org\/mit-pardessym-setzt-die-obstbauwirtschaft-auf-agroforstwirtschaft-beitrag-vom-04-dezember-2025\/#breadcrumb","itemListElement":[{"@type":"ListItem","position":1,"name":"Startseite","item":"https:\/\/permakultur-landwirtschaft.org\/"},{"@type":"ListItem","position":2,"name":"Mit Pardessym setzt die Obstbauwirtschaft auf Agroforstwirtschaft &#8211; Beitrag vom 04. Dezember 2025"}]},{"@type":"WebSite","@id":"https:\/\/permakultur-landwirtschaft.org\/#website","url":"https:\/\/permakultur-landwirtschaft.org\/","name":"Permakultur-Landwirtschaft","description":"F\u00f6rderung der Permakultur in der Landwirtschaft","publisher":{"@id":"https:\/\/permakultur-landwirtschaft.org\/#organization"},"potentialAction":[{"@type":"SearchAction","target":{"@type":"EntryPoint","urlTemplate":"https:\/\/permakultur-landwirtschaft.org\/?s={search_term_string}"},"query-input":{"@type":"PropertyValueSpecification","valueRequired":true,"valueName":"search_term_string"}}],"inLanguage":"fr-FR"},{"@type":"Organization","@id":"https:\/\/permakultur-landwirtschaft.org\/#organization","name":"Permakultur-Landwirtschaft","alternateName":"Verein Permakultur-Landwirtschaft","url":"https:\/\/permakultur-landwirtschaft.org\/","logo":{"@type":"ImageObject","inLanguage":"fr-FR","@id":"https:\/\/permakultur-landwirtschaft.org\/#\/schema\/logo\/image\/","url":"https:\/\/permakultur-landwirtschaft.org\/wp-content\/uploads\/2021\/11\/pela_1268x1269.png","contentUrl":"https:\/\/permakultur-landwirtschaft.org\/wp-content\/uploads\/2021\/11\/pela_1268x1269.png","width":1298,"height":1269,"caption":"Permakultur-Landwirtschaft"},"image":{"@id":"https:\/\/permakultur-landwirtschaft.org\/#\/schema\/logo\/image\/"},"sameAs":["https:\/\/www.facebook.com\/PermakulturLandwirtschaft","https:\/\/www.instagram.com\/permakultur_landwirtschaft\/","https:\/\/www.flickr.com\/photos\/permakultur-landwirtschaft","https:\/\/www.youtube.com\/@PermakulturLandwirtschaft"]},{"@type":"Person","@id":"https:\/\/permakultur-landwirtschaft.org\/#\/schema\/person\/6b0467872f75aed3e144093f9bf4f0b0","name":"adrian reutimann","url":"https:\/\/permakultur-landwirtschaft.org\/fr\/author\/reutiadr\/"}]}},"_links":{"self":[{"href":"https:\/\/permakultur-landwirtschaft.org\/fr\/wp-json\/wp\/v2\/posts\/37421","targetHints":{"allow":["GET"]}}],"collection":[{"href":"https:\/\/permakultur-landwirtschaft.org\/fr\/wp-json\/wp\/v2\/posts"}],"about":[{"href":"https:\/\/permakultur-landwirtschaft.org\/fr\/wp-json\/wp\/v2\/types\/post"}],"author":[{"embeddable":true,"href":"https:\/\/permakultur-landwirtschaft.org\/fr\/wp-json\/wp\/v2\/users\/2"}],"replies":[{"embeddable":true,"href":"https:\/\/permakultur-landwirtschaft.org\/fr\/wp-json\/wp\/v2\/comments?post=37421"}],"version-history":[{"count":1,"href":"https:\/\/permakultur-landwirtschaft.org\/fr\/wp-json\/wp\/v2\/posts\/37421\/revisions"}],"predecessor-version":[{"id":37423,"href":"https:\/\/permakultur-landwirtschaft.org\/fr\/wp-json\/wp\/v2\/posts\/37421\/revisions\/37423"}],"wp:featuredmedia":[{"embeddable":true,"href":"https:\/\/permakultur-landwirtschaft.org\/fr\/wp-json\/wp\/v2\/media\/37422"}],"wp:attachment":[{"href":"https:\/\/permakultur-landwirtschaft.org\/fr\/wp-json\/wp\/v2\/media?parent=37421"}],"wp:term":[{"taxonomy":"category","embeddable":true,"href":"https:\/\/permakultur-landwirtschaft.org\/fr\/wp-json\/wp\/v2\/categories?post=37421"},{"taxonomy":"post_tag","embeddable":true,"href":"https:\/\/permakultur-landwirtschaft.org\/fr\/wp-json\/wp\/v2\/tags?post=37421"}],"curies":[{"name":"wp","href":"https:\/\/api.w.org\/{rel}","templated":true}]}}