{"id":37378,"date":"2025-06-27T09:23:55","date_gmt":"2025-06-27T07:23:55","guid":{"rendered":"https:\/\/permakultur-landwirtschaft.org\/?p=37378"},"modified":"2025-11-17T09:43:06","modified_gmt":"2025-11-17T08:43:06","slug":"keylines-und-agroforst-gegen-wasserknappheit-das-grosse-wasser-interview-artikel-vom-27-juni-2025","status":"publish","type":"post","link":"https:\/\/permakultur-landwirtschaft.org\/fr\/keylines-und-agroforst-gegen-wasserknappheit-das-grosse-wasser-interview-artikel-vom-27-juni-2025\/","title":{"rendered":"Keylines und Agroforst gegen Wasserknappheit &#8211; Das grosse Wasser-Interview &#8211; Artikel vom 27. Juni 2025"},"content":{"rendered":"<p>Text von www.derbund.ch:<\/p>\n\n\n\n<p>Das grosse Wasser-Interview<\/p>\n\n\n\n<h2 class=\"wp-block-heading\">\u00abIn der Schweiz tun wir immer noch so, als h\u00e4tten wir Wasser im \u00dcberfluss\u00bb<\/h2>\n\n\n\n<p>Klimawandel, Agrarindustrie, verunreinigtes Grund\u00adwasser: Unser Land steuert auf eine grundlegende Wasser\u00adknappheit zu. Der Experte Klaus Lanz erkl\u00e4rt, was zu tun w\u00e4re.<\/p>\n\n\n\n<p>&#8230;In welche Richtung m\u00fcsste es denn Ihrer Meinung nach gehen?<\/p>\n\n\n\n<h3 class=\"wp-block-heading\">In welche Richtung m\u00fcsste es denn Ihrer Meinung nach gehen?<\/h3>\n\n\n\n<p>Die derzeitige Entwicklung hin zu wasserintensiven Obst- und Gem\u00fcsekulturen ist keine gute. Wir sollten im Gegenteil auf resiliente Kulturen setzen, die wenig oder keine Bew\u00e4sserung ben\u00f6tigen. Gleichzeitig braucht es Methoden, um die B\u00f6den feuchter zu halten, eben etwa durch Keylines, aber auch durch Humusaufbau oder durch Agroforst, also durch das Pflanzen von Baumreihen auf \u00c4ckern.<\/p>\n\n\n\n<h3 class=\"wp-block-heading\">B\u00e4ume machen einen Unterschied?<\/h3>\n\n\n\n<p>Ja, einen wesentlichen. B\u00e4ume binden mehr Wasser im Boden und bremsen mit ihrer Beschattung die Verdunstung. Schattenwurf und Bodenbedeckung haben \u00fcberhaupt einen grossen Einfluss auf den Wasserhaushalt. So ist die Bodentemperatur einer ungem\u00e4hten Wiese um mehrere Grad tiefer als die einer frisch gem\u00e4hten Wiese. An sehr heissen Tagen k\u00f6nnen solche Unterschiede entscheidend sein. Bei \u00fcber vierzig Grad an der Oberfl\u00e4che kocht die oberste Bodenschicht aus, das Bodenleben kommt zum Erliegen. \u00dcbrigens: Alles, was gegen Trockenheit resilient macht, hilft auch gegen Starkniederschlag.<\/p>\n\n\n\n<p>Wie das?<\/p>\n\n\n\n<p>Ein guter, humusreicher Boden kann viel gr\u00f6ssere Schwankungen im Feuchtigkeitsgehalt aushalten. Ein verdichteter, humusarmer Boden verliert bei Trockenheit schnell seine Ertragskraft. Und wenn es regnet, wird er weggeschwemmt, weil das Wasser nicht in den Boden eindringen kann.<\/p>\n\n\n\n<h3 class=\"wp-block-heading\">Angenommen, Sie w\u00e4ren ein Bauer mit humusarmem Boden. Was w\u00fcrden Sie tun?<\/h3>\n\n\n\n<p>Humus l\u00e4sst sich aufbauen. Indem man weniger pfl\u00fcgt, beispielsweise. Oder \u00fcber die Fruchtfolge, etwa mit H\u00fclsenfr\u00fcchten. Aber das sind grunds\u00e4tzliche \u00c4nderungen, die \u00fcber mehrere Jahre geschehen m\u00fcssen. Hier ist die landwirtschaftliche Ausbildung gefragt, das st\u00e4rker ins Bewusstsein zu bringen.<\/p>\n\n\n\n<p>Die Landschaft in der Schweiz war ja einst viel feuchter. Dann hat man die Fl\u00fcsse begradigt, Auen zerst\u00f6rt und die B\u00f6den trockengelegt.<\/p>\n\n\n\n<p>Ja, unsere B\u00f6den sind voller Drainager\u00f6hren \u2013 fast \u00fcberall hat man so die Landschaft entw\u00e4ssert. Das hatte auch seinen Sinn, weil manche Standorte im damaligen Klima zu feucht waren f\u00fcr Ackerbau. Aber heute sind die R\u00f6hren immer noch da und entziehen den B\u00f6den Wasser, das eigentlich dringend n\u00f6tig w\u00e4re f\u00fcr den Anbau.<\/p>\n\n\n\n<p>Was kann man dagegen tun?<\/p>\n\n\n\n<p>Man muss die R\u00f6hren nicht ausgraben: Es reicht, ihren Ausfluss zu verschliessen, dann ist die Wirkung aufgehoben. Das wird auch zunehmend gemacht. Der Aargau hat ein Programm gestartet, um tausend Hektar trockengelegte Fl\u00e4che wieder in einen nat\u00fcrlicheren, feuchteren Zustand zu versetzen. Das ist immerhin fast ein Prozent der Kantonsfl\u00e4che. Allerdings gehen gegen solche Projekte immer gleich die Bauernverb\u00e4nde auf die Barrikaden.<\/p>\n\n\n\n<p>Weil sie f\u00fcrchten, fruchtbares Ackerland zu verlieren.<\/p>\n\n\n\n<p>Ja. Aber nur, weil sie noch nicht erkannt haben, dass eine feuchtere Landschaft grunds\u00e4tzlich auch der Landwirtschaft hilft. Wir stossen hier immer wieder auf das gleiche Problem: Ob es um die Wiederbefeuchtung von Mooren geht, um den Schutz von Grundwasserzonen oder um die Revitalisierung von Fl\u00fcssen, immer ger\u00e4t man mit der Landwirtschaft in Clinch. Die Schweiz ist das Land der Fl\u00e4chennutzungskonflikte. Und die Agrarlobby hat einen starken Trumpf in der Hand: Die Gr\u00f6sse der Fruchtfolgefl\u00e4chen darf in der Schweiz insgesamt nicht kleiner werden.<\/p>\n\n\n\n<p>Warum diese Regel?<\/p>\n\n\n\n<p>Die geht letztlich auf den Zweiten Weltkrieg zur\u00fcck, auf das Bestreben, m\u00f6glichst viel zu produzieren. Das hatte mal seine Berechtigung. Aber heute f\u00fchrt der Zwang zur Erhaltung der Fruchtfolgefl\u00e4chen dazu, dass es etwa mit der Revitalisierung der Fl\u00fcsse kaum vorw\u00e4rtsgeht. Da wird um jeden Quadratmeter geklagt. Ich finde, es braucht eine Neuabw\u00e4gung. Ein Kompromiss k\u00f6nnte lauten: Wenn es aus Klima- oder anderen existenziellen Vorsorgegr\u00fcnden unvermeidlich ist, d\u00fcrfen Fruchtfolgefl\u00e4chen auch mal verloren gehen.<\/p>\n\n\n\n<p>&#8230;<\/p>\n\n\n\n<p>Was l\u00e4uft schief?<\/p>\n\n\n\n<p>Wir haben bereits einen bedeutenden <a href=\"https:\/\/www.derbund.ch\/grundwasser-in-der-schweiz-ist-durch-metaboliten-stark-verunreinigt-385267599316\">Teil unseres Grundwassers durch Verschmutzung verloren.<\/a> Es sind schlicht zu viele Chemikalien drin. Hier im Seeland ist der gr\u00f6sste Teil des Grundwassers nicht mehr nutzbar \u2013 allein in den letzten Jahren wurden f\u00fcnf Trinkwasserfassungen stillgelegt.<\/p>\n\n\n\n<p>Woher stammt die Verschmutzung?<\/p>\n\n\n\n<p>Haupts\u00e4chlich aus der Landwirtschaft. Man findet vor allem Nitrat aus der G\u00fclle sowie Pestizide und deren Abbauprodukte. Am verbreitetsten ist Trifluoracetat, kurz TFA \u2013 das ist eine dieser Ewigkeitschemikalien, die uns noch jahrzehntelang besch\u00e4ftigen werden, weil sie sich nicht zersetzen.<\/p>\n\n\n\n<p>&#8230;<\/p>\n\n\n\n<p>Trotzdem brauchen wir eine starke Landwirtschaft. Mir ist schleierhaft, wie es m\u00f6glich sein soll, bald zehn Milliarden Menschen zu ern\u00e4hren, ohne dass die nat\u00fcrlichen Kreisl\u00e4ufe Schaden nehmen.\u2002<\/p>\n\n\n\n<p>Ich glaube, das w\u00e4re problemlos m\u00f6glich. Unsere Wirtschaftsweise ist unfassbar ineffizient und zerst\u00f6rerisch. Global wird achtzig Prozent der landwirtschaftlichen Fl\u00e4che f\u00fcr die tierische Produktion eingesetzt, obwohl diese nicht mal f\u00fcnfzehn Prozent des Energiewerts der menschlichen Ern\u00e4hrung liefert. Der Spielraum ist riesig! Es gibt genug Platz f\u00fcr eine nachhaltigere, naturn\u00e4here Landwirtschaft.<\/p>\n\n\n\n<p>Auch in der Schweiz verbrauchen wir sechzig Prozent des Ackerlands f\u00fcr Tierfutter. W\u00fcrde man stattdessen vermehrt Getreide oder H\u00fclsenfr\u00fcchte f\u00fcr Menschen anbauen, k\u00f6nnte man die Ern\u00e4hrungssicherheit massiv verbessern \u2013 und gleichzeitig die Belastung von Natur und Wasser senken. Man denke auch an die G\u00fclle, die durch die \u00fcberdimensionierte Viehwirtschaft erzeugt wird. Schon heute m\u00fcssen deswegen in der Schweiz vier Seen k\u00fcnstlich bel\u00fcftet werden. Das nimmt die \u00d6ffentlichkeit einfach hin.<\/p>\n\n\n\n<p>&#8230;<\/p>\n\n\n\n<p><a href=\"https:\/\/www.derbund.ch\/trockene-schweiz-das-grosse-interview-zum-wasserhaushalt-643460859407\" target=\"_blank\" rel=\"noreferrer noopener\">Link zum gesamten Artikel<\/a><\/p>","protected":false},"excerpt":{"rendered":"<p>Text von www.derbund.ch: Das grosse Wasser-Interview \u00abIn der Schweiz tun wir immer noch so, als h\u00e4tten wir Wasser im \u00dcberfluss\u00bb Klimawandel, Agrarindustrie, verunreinigtes Grund\u00adwasser: Unser Land steuert auf eine grundlegende Wasser\u00adknappheit zu. Der Experte Klaus Lanz erkl\u00e4rt, was zu tun w\u00e4re. &#8230;In welche Richtung m\u00fcsste es denn Ihrer Meinung nach gehen? In welche Richtung m\u00fcsste [&hellip;]<\/p>\n","protected":false},"author":2,"featured_media":37379,"comment_status":"closed","ping_status":"closed","sticky":false,"template":"","format":"standard","meta":{"_acf_changed":false,"site-sidebar-layout":"default","site-content-layout":"","ast-site-content-layout":"default","site-content-style":"default","site-sidebar-style":"default","ast-global-header-display":"","ast-banner-title-visibility":"","ast-main-header-display":"","ast-hfb-above-header-display":"","ast-hfb-below-header-display":"","ast-hfb-mobile-header-display":"","site-post-title":"","ast-breadcrumbs-content":"","ast-featured-img":"","footer-sml-layout":"","ast-disable-related-posts":"","theme-transparent-header-meta":"","adv-header-id-meta":"","stick-header-meta":"","header-above-stick-meta":"","header-main-stick-meta":"","header-below-stick-meta":"","astra-migrate-meta-layouts":"set","ast-page-background-enabled":"default","ast-page-background-meta":{"desktop":{"background-color":"var(--ast-global-color-4)","background-image":"","background-repeat":"repeat","background-position":"center center","background-size":"auto","background-attachment":"scroll","background-type":"","background-media":"","overlay-type":"","overlay-color":"","overlay-opacity":"","overlay-gradient":""},"tablet":{"background-color":"","background-image":"","background-repeat":"repeat","background-position":"center center","background-size":"auto","background-attachment":"scroll","background-type":"","background-media":"","overlay-type":"","overlay-color":"","overlay-opacity":"","overlay-gradient":""},"mobile":{"background-color":"","background-image":"","background-repeat":"repeat","background-position":"center center","background-size":"auto","background-attachment":"scroll","background-type":"","background-media":"","overlay-type":"","overlay-color":"","overlay-opacity":"","overlay-gradient":""}},"ast-content-background-meta":{"desktop":{"background-color":"var(--ast-global-color-5)","background-image":"","background-repeat":"repeat","background-position":"center center","background-size":"auto","background-attachment":"scroll","background-type":"","background-media":"","overlay-type":"","overlay-color":"","overlay-opacity":"","overlay-gradient":""},"tablet":{"background-color":"var(--ast-global-color-5)","background-image":"","background-repeat":"repeat","background-position":"center center","background-size":"auto","background-attachment":"scroll","background-type":"","background-media":"","overlay-type":"","overlay-color":"","overlay-opacity":"","overlay-gradient":""},"mobile":{"background-color":"var(--ast-global-color-5)","background-image":"","background-repeat":"repeat","background-position":"center center","background-size":"auto","background-attachment":"scroll","background-type":"","background-media":"","overlay-type":"","overlay-color":"","overlay-opacity":"","overlay-gradient":""}},"footnotes":""},"categories":[22],"tags":[1014,1015],"class_list":["post-37378","post","type-post","status-publish","format-standard","has-post-thumbnail","hentry","category-neuigkeit","tag-klaus-lanz","tag-wasserknappheit"],"acf":[],"yoast_head":"<!-- This site is optimized with the Yoast SEO plugin v27.5 - https:\/\/yoast.com\/product\/yoast-seo-wordpress\/ -->\n<title>Keylines und Agroforst gegen Wasserknappheit - Das grosse Wasser-Interview - Artikel vom 27. Juni 2025 - Permakultur-Landwirtschaft<\/title>\n<meta name=\"description\" content=\"Klimawandel, Agrarindustrie, verunreinigtes Grund\u00adwasser: Unser Land steuert auf eine grundlegende Wasser\u00adknappheit zu. Was ist zu tun?\" \/>\n<meta name=\"robots\" content=\"index, follow, max-snippet:-1, max-image-preview:large, max-video-preview:-1\" \/>\n<link rel=\"canonical\" href=\"https:\/\/permakultur-landwirtschaft.org\/fr\/keylines-und-agroforst-gegen-wasserknappheit-das-grosse-wasser-interview-artikel-vom-27-juni-2025\/\" \/>\n<meta property=\"og:locale\" content=\"fr_FR\" \/>\n<meta property=\"og:type\" content=\"article\" \/>\n<meta property=\"og:title\" content=\"Keylines und Agroforst gegen Wasserknappheit - Das grosse Wasser-Interview - Artikel vom 27. Juni 2025 - Permakultur-Landwirtschaft\" \/>\n<meta property=\"og:description\" content=\"Klimawandel, Agrarindustrie, verunreinigtes Grund\u00adwasser: Unser Land steuert auf eine grundlegende Wasser\u00adknappheit zu. Was ist zu tun?\" \/>\n<meta property=\"og:url\" content=\"https:\/\/permakultur-landwirtschaft.org\/fr\/keylines-und-agroforst-gegen-wasserknappheit-das-grosse-wasser-interview-artikel-vom-27-juni-2025\/\" \/>\n<meta property=\"og:site_name\" content=\"Permakultur-Landwirtschaft\" \/>\n<meta property=\"article:publisher\" content=\"https:\/\/www.facebook.com\/PermakulturLandwirtschaft\" \/>\n<meta property=\"article:published_time\" content=\"2025-06-27T07:23:55+00:00\" \/>\n<meta property=\"article:modified_time\" content=\"2025-11-17T08:43:06+00:00\" \/>\n<meta property=\"og:image\" content=\"https:\/\/permakultur-landwirtschaft.org\/wp-content\/uploads\/2025\/11\/20251116_bund_bodensee_trocken_1ZLGBhVHKYeAhX1U5wnwIK.jpg\" \/>\n\t<meta property=\"og:image:width\" content=\"700\" \/>\n\t<meta property=\"og:image:height\" content=\"466\" \/>\n\t<meta property=\"og:image:type\" content=\"image\/jpeg\" \/>\n<meta name=\"author\" content=\"adrian reutimann\" \/>\n<meta name=\"twitter:card\" content=\"summary_large_image\" \/>\n<meta name=\"twitter:label1\" content=\"\u00c9crit par\" \/>\n\t<meta name=\"twitter:data1\" content=\"adrian reutimann\" \/>\n\t<meta name=\"twitter:label2\" content=\"Dur\u00e9e de lecture estim\u00e9e\" \/>\n\t<meta name=\"twitter:data2\" content=\"5 minutes\" \/>\n<script type=\"application\/ld+json\" class=\"yoast-schema-graph\">{\"@context\":\"https:\\\/\\\/schema.org\",\"@graph\":[{\"@type\":\"Article\",\"@id\":\"https:\\\/\\\/permakultur-landwirtschaft.org\\\/keylines-und-agroforst-gegen-wasserknappheit-das-grosse-wasser-interview-artikel-vom-27-juni-2025\\\/#article\",\"isPartOf\":{\"@id\":\"https:\\\/\\\/permakultur-landwirtschaft.org\\\/keylines-und-agroforst-gegen-wasserknappheit-das-grosse-wasser-interview-artikel-vom-27-juni-2025\\\/\"},\"author\":{\"name\":\"adrian reutimann\",\"@id\":\"https:\\\/\\\/permakultur-landwirtschaft.org\\\/#\\\/schema\\\/person\\\/6b0467872f75aed3e144093f9bf4f0b0\"},\"headline\":\"Keylines und Agroforst gegen Wasserknappheit &#8211; Das grosse Wasser-Interview &#8211; Artikel vom 27. Juni 2025\",\"datePublished\":\"2025-06-27T07:23:55+00:00\",\"dateModified\":\"2025-11-17T08:43:06+00:00\",\"mainEntityOfPage\":{\"@id\":\"https:\\\/\\\/permakultur-landwirtschaft.org\\\/keylines-und-agroforst-gegen-wasserknappheit-das-grosse-wasser-interview-artikel-vom-27-juni-2025\\\/\"},\"wordCount\":936,\"publisher\":{\"@id\":\"https:\\\/\\\/permakultur-landwirtschaft.org\\\/#organization\"},\"image\":{\"@id\":\"https:\\\/\\\/permakultur-landwirtschaft.org\\\/keylines-und-agroforst-gegen-wasserknappheit-das-grosse-wasser-interview-artikel-vom-27-juni-2025\\\/#primaryimage\"},\"thumbnailUrl\":\"https:\\\/\\\/permakultur-landwirtschaft.org\\\/wp-content\\\/uploads\\\/2025\\\/11\\\/20251116_bund_bodensee_trocken_1ZLGBhVHKYeAhX1U5wnwIK.jpg\",\"keywords\":[\"Klaus Lanz\",\"Wasserknappheit\"],\"articleSection\":[\"Neuigkeit\"],\"inLanguage\":\"fr-FR\"},{\"@type\":\"WebPage\",\"@id\":\"https:\\\/\\\/permakultur-landwirtschaft.org\\\/keylines-und-agroforst-gegen-wasserknappheit-das-grosse-wasser-interview-artikel-vom-27-juni-2025\\\/\",\"url\":\"https:\\\/\\\/permakultur-landwirtschaft.org\\\/keylines-und-agroforst-gegen-wasserknappheit-das-grosse-wasser-interview-artikel-vom-27-juni-2025\\\/\",\"name\":\"Keylines und Agroforst gegen Wasserknappheit - Das grosse Wasser-Interview - Artikel vom 27. Juni 2025 - Permakultur-Landwirtschaft\",\"isPartOf\":{\"@id\":\"https:\\\/\\\/permakultur-landwirtschaft.org\\\/#website\"},\"primaryImageOfPage\":{\"@id\":\"https:\\\/\\\/permakultur-landwirtschaft.org\\\/keylines-und-agroforst-gegen-wasserknappheit-das-grosse-wasser-interview-artikel-vom-27-juni-2025\\\/#primaryimage\"},\"image\":{\"@id\":\"https:\\\/\\\/permakultur-landwirtschaft.org\\\/keylines-und-agroforst-gegen-wasserknappheit-das-grosse-wasser-interview-artikel-vom-27-juni-2025\\\/#primaryimage\"},\"thumbnailUrl\":\"https:\\\/\\\/permakultur-landwirtschaft.org\\\/wp-content\\\/uploads\\\/2025\\\/11\\\/20251116_bund_bodensee_trocken_1ZLGBhVHKYeAhX1U5wnwIK.jpg\",\"datePublished\":\"2025-06-27T07:23:55+00:00\",\"dateModified\":\"2025-11-17T08:43:06+00:00\",\"description\":\"Klimawandel, Agrarindustrie, verunreinigtes Grund\u00adwasser: Unser Land steuert auf eine grundlegende Wasser\u00adknappheit zu. Was ist zu tun?\",\"breadcrumb\":{\"@id\":\"https:\\\/\\\/permakultur-landwirtschaft.org\\\/keylines-und-agroforst-gegen-wasserknappheit-das-grosse-wasser-interview-artikel-vom-27-juni-2025\\\/#breadcrumb\"},\"inLanguage\":\"fr-FR\",\"potentialAction\":[{\"@type\":\"ReadAction\",\"target\":[\"https:\\\/\\\/permakultur-landwirtschaft.org\\\/keylines-und-agroforst-gegen-wasserknappheit-das-grosse-wasser-interview-artikel-vom-27-juni-2025\\\/\"]}]},{\"@type\":\"ImageObject\",\"inLanguage\":\"fr-FR\",\"@id\":\"https:\\\/\\\/permakultur-landwirtschaft.org\\\/keylines-und-agroforst-gegen-wasserknappheit-das-grosse-wasser-interview-artikel-vom-27-juni-2025\\\/#primaryimage\",\"url\":\"https:\\\/\\\/permakultur-landwirtschaft.org\\\/wp-content\\\/uploads\\\/2025\\\/11\\\/20251116_bund_bodensee_trocken_1ZLGBhVHKYeAhX1U5wnwIK.jpg\",\"contentUrl\":\"https:\\\/\\\/permakultur-landwirtschaft.org\\\/wp-content\\\/uploads\\\/2025\\\/11\\\/20251116_bund_bodensee_trocken_1ZLGBhVHKYeAhX1U5wnwIK.jpg\",\"width\":700,\"height\":466,\"caption\":\"Bild: Ennio Leanza (Keystone)\"},{\"@type\":\"BreadcrumbList\",\"@id\":\"https:\\\/\\\/permakultur-landwirtschaft.org\\\/keylines-und-agroforst-gegen-wasserknappheit-das-grosse-wasser-interview-artikel-vom-27-juni-2025\\\/#breadcrumb\",\"itemListElement\":[{\"@type\":\"ListItem\",\"position\":1,\"name\":\"Startseite\",\"item\":\"https:\\\/\\\/permakultur-landwirtschaft.org\\\/\"},{\"@type\":\"ListItem\",\"position\":2,\"name\":\"Keylines und Agroforst gegen Wasserknappheit &#8211; Das grosse Wasser-Interview &#8211; Artikel vom 27. Juni 2025\"}]},{\"@type\":\"WebSite\",\"@id\":\"https:\\\/\\\/permakultur-landwirtschaft.org\\\/#website\",\"url\":\"https:\\\/\\\/permakultur-landwirtschaft.org\\\/\",\"name\":\"Permakultur-Landwirtschaft\",\"description\":\"F\u00f6rderung der Permakultur in der Landwirtschaft\",\"publisher\":{\"@id\":\"https:\\\/\\\/permakultur-landwirtschaft.org\\\/#organization\"},\"potentialAction\":[{\"@type\":\"SearchAction\",\"target\":{\"@type\":\"EntryPoint\",\"urlTemplate\":\"https:\\\/\\\/permakultur-landwirtschaft.org\\\/?s={search_term_string}\"},\"query-input\":{\"@type\":\"PropertyValueSpecification\",\"valueRequired\":true,\"valueName\":\"search_term_string\"}}],\"inLanguage\":\"fr-FR\"},{\"@type\":\"Organization\",\"@id\":\"https:\\\/\\\/permakultur-landwirtschaft.org\\\/#organization\",\"name\":\"Permakultur-Landwirtschaft\",\"alternateName\":\"Verein Permakultur-Landwirtschaft\",\"url\":\"https:\\\/\\\/permakultur-landwirtschaft.org\\\/\",\"logo\":{\"@type\":\"ImageObject\",\"inLanguage\":\"fr-FR\",\"@id\":\"https:\\\/\\\/permakultur-landwirtschaft.org\\\/#\\\/schema\\\/logo\\\/image\\\/\",\"url\":\"https:\\\/\\\/permakultur-landwirtschaft.org\\\/wp-content\\\/uploads\\\/2021\\\/11\\\/pela_1268x1269.png\",\"contentUrl\":\"https:\\\/\\\/permakultur-landwirtschaft.org\\\/wp-content\\\/uploads\\\/2021\\\/11\\\/pela_1268x1269.png\",\"width\":1298,\"height\":1269,\"caption\":\"Permakultur-Landwirtschaft\"},\"image\":{\"@id\":\"https:\\\/\\\/permakultur-landwirtschaft.org\\\/#\\\/schema\\\/logo\\\/image\\\/\"},\"sameAs\":[\"https:\\\/\\\/www.facebook.com\\\/PermakulturLandwirtschaft\",\"https:\\\/\\\/www.instagram.com\\\/permakultur_landwirtschaft\\\/\",\"https:\\\/\\\/www.flickr.com\\\/photos\\\/permakultur-landwirtschaft\",\"https:\\\/\\\/www.youtube.com\\\/@PermakulturLandwirtschaft\"]},{\"@type\":\"Person\",\"@id\":\"https:\\\/\\\/permakultur-landwirtschaft.org\\\/#\\\/schema\\\/person\\\/6b0467872f75aed3e144093f9bf4f0b0\",\"name\":\"adrian reutimann\",\"url\":\"https:\\\/\\\/permakultur-landwirtschaft.org\\\/fr\\\/author\\\/reutiadr\\\/\"}]}<\/script>\n<!-- \/ Yoast SEO plugin. -->","yoast_head_json":{"title":"Keylines und Agroforst gegen Wasserknappheit - Das grosse Wasser-Interview - Artikel vom 27. Juni 2025 - Permakultur-Landwirtschaft","description":"Klimawandel, Agrarindustrie, verunreinigtes Grund\u00adwasser: Unser Land steuert auf eine grundlegende Wasser\u00adknappheit zu. Was ist zu tun?","robots":{"index":"index","follow":"follow","max-snippet":"max-snippet:-1","max-image-preview":"max-image-preview:large","max-video-preview":"max-video-preview:-1"},"canonical":"https:\/\/permakultur-landwirtschaft.org\/fr\/keylines-und-agroforst-gegen-wasserknappheit-das-grosse-wasser-interview-artikel-vom-27-juni-2025\/","og_locale":"fr_FR","og_type":"article","og_title":"Keylines und Agroforst gegen Wasserknappheit - Das grosse Wasser-Interview - Artikel vom 27. Juni 2025 - Permakultur-Landwirtschaft","og_description":"Klimawandel, Agrarindustrie, verunreinigtes Grund\u00adwasser: Unser Land steuert auf eine grundlegende Wasser\u00adknappheit zu. Was ist zu tun?","og_url":"https:\/\/permakultur-landwirtschaft.org\/fr\/keylines-und-agroforst-gegen-wasserknappheit-das-grosse-wasser-interview-artikel-vom-27-juni-2025\/","og_site_name":"Permakultur-Landwirtschaft","article_publisher":"https:\/\/www.facebook.com\/PermakulturLandwirtschaft","article_published_time":"2025-06-27T07:23:55+00:00","article_modified_time":"2025-11-17T08:43:06+00:00","og_image":[{"width":700,"height":466,"url":"https:\/\/permakultur-landwirtschaft.org\/wp-content\/uploads\/2025\/11\/20251116_bund_bodensee_trocken_1ZLGBhVHKYeAhX1U5wnwIK.jpg","type":"image\/jpeg"}],"author":"adrian reutimann","twitter_card":"summary_large_image","twitter_misc":{"\u00c9crit par":"adrian reutimann","Dur\u00e9e de lecture estim\u00e9e":"5 minutes"},"schema":{"@context":"https:\/\/schema.org","@graph":[{"@type":"Article","@id":"https:\/\/permakultur-landwirtschaft.org\/keylines-und-agroforst-gegen-wasserknappheit-das-grosse-wasser-interview-artikel-vom-27-juni-2025\/#article","isPartOf":{"@id":"https:\/\/permakultur-landwirtschaft.org\/keylines-und-agroforst-gegen-wasserknappheit-das-grosse-wasser-interview-artikel-vom-27-juni-2025\/"},"author":{"name":"adrian reutimann","@id":"https:\/\/permakultur-landwirtschaft.org\/#\/schema\/person\/6b0467872f75aed3e144093f9bf4f0b0"},"headline":"Keylines und Agroforst gegen Wasserknappheit &#8211; Das grosse Wasser-Interview &#8211; Artikel vom 27. Juni 2025","datePublished":"2025-06-27T07:23:55+00:00","dateModified":"2025-11-17T08:43:06+00:00","mainEntityOfPage":{"@id":"https:\/\/permakultur-landwirtschaft.org\/keylines-und-agroforst-gegen-wasserknappheit-das-grosse-wasser-interview-artikel-vom-27-juni-2025\/"},"wordCount":936,"publisher":{"@id":"https:\/\/permakultur-landwirtschaft.org\/#organization"},"image":{"@id":"https:\/\/permakultur-landwirtschaft.org\/keylines-und-agroforst-gegen-wasserknappheit-das-grosse-wasser-interview-artikel-vom-27-juni-2025\/#primaryimage"},"thumbnailUrl":"https:\/\/permakultur-landwirtschaft.org\/wp-content\/uploads\/2025\/11\/20251116_bund_bodensee_trocken_1ZLGBhVHKYeAhX1U5wnwIK.jpg","keywords":["Klaus Lanz","Wasserknappheit"],"articleSection":["Neuigkeit"],"inLanguage":"fr-FR"},{"@type":"WebPage","@id":"https:\/\/permakultur-landwirtschaft.org\/keylines-und-agroforst-gegen-wasserknappheit-das-grosse-wasser-interview-artikel-vom-27-juni-2025\/","url":"https:\/\/permakultur-landwirtschaft.org\/keylines-und-agroforst-gegen-wasserknappheit-das-grosse-wasser-interview-artikel-vom-27-juni-2025\/","name":"Keylines und Agroforst gegen Wasserknappheit - Das grosse Wasser-Interview - Artikel vom 27. Juni 2025 - Permakultur-Landwirtschaft","isPartOf":{"@id":"https:\/\/permakultur-landwirtschaft.org\/#website"},"primaryImageOfPage":{"@id":"https:\/\/permakultur-landwirtschaft.org\/keylines-und-agroforst-gegen-wasserknappheit-das-grosse-wasser-interview-artikel-vom-27-juni-2025\/#primaryimage"},"image":{"@id":"https:\/\/permakultur-landwirtschaft.org\/keylines-und-agroforst-gegen-wasserknappheit-das-grosse-wasser-interview-artikel-vom-27-juni-2025\/#primaryimage"},"thumbnailUrl":"https:\/\/permakultur-landwirtschaft.org\/wp-content\/uploads\/2025\/11\/20251116_bund_bodensee_trocken_1ZLGBhVHKYeAhX1U5wnwIK.jpg","datePublished":"2025-06-27T07:23:55+00:00","dateModified":"2025-11-17T08:43:06+00:00","description":"Klimawandel, Agrarindustrie, verunreinigtes Grund\u00adwasser: Unser Land steuert auf eine grundlegende Wasser\u00adknappheit zu. Was ist zu tun?","breadcrumb":{"@id":"https:\/\/permakultur-landwirtschaft.org\/keylines-und-agroforst-gegen-wasserknappheit-das-grosse-wasser-interview-artikel-vom-27-juni-2025\/#breadcrumb"},"inLanguage":"fr-FR","potentialAction":[{"@type":"ReadAction","target":["https:\/\/permakultur-landwirtschaft.org\/keylines-und-agroforst-gegen-wasserknappheit-das-grosse-wasser-interview-artikel-vom-27-juni-2025\/"]}]},{"@type":"ImageObject","inLanguage":"fr-FR","@id":"https:\/\/permakultur-landwirtschaft.org\/keylines-und-agroforst-gegen-wasserknappheit-das-grosse-wasser-interview-artikel-vom-27-juni-2025\/#primaryimage","url":"https:\/\/permakultur-landwirtschaft.org\/wp-content\/uploads\/2025\/11\/20251116_bund_bodensee_trocken_1ZLGBhVHKYeAhX1U5wnwIK.jpg","contentUrl":"https:\/\/permakultur-landwirtschaft.org\/wp-content\/uploads\/2025\/11\/20251116_bund_bodensee_trocken_1ZLGBhVHKYeAhX1U5wnwIK.jpg","width":700,"height":466,"caption":"Bild: Ennio Leanza (Keystone)"},{"@type":"BreadcrumbList","@id":"https:\/\/permakultur-landwirtschaft.org\/keylines-und-agroforst-gegen-wasserknappheit-das-grosse-wasser-interview-artikel-vom-27-juni-2025\/#breadcrumb","itemListElement":[{"@type":"ListItem","position":1,"name":"Startseite","item":"https:\/\/permakultur-landwirtschaft.org\/"},{"@type":"ListItem","position":2,"name":"Keylines und Agroforst gegen Wasserknappheit &#8211; Das grosse Wasser-Interview &#8211; Artikel vom 27. Juni 2025"}]},{"@type":"WebSite","@id":"https:\/\/permakultur-landwirtschaft.org\/#website","url":"https:\/\/permakultur-landwirtschaft.org\/","name":"Permakultur-Landwirtschaft","description":"F\u00f6rderung der Permakultur in der Landwirtschaft","publisher":{"@id":"https:\/\/permakultur-landwirtschaft.org\/#organization"},"potentialAction":[{"@type":"SearchAction","target":{"@type":"EntryPoint","urlTemplate":"https:\/\/permakultur-landwirtschaft.org\/?s={search_term_string}"},"query-input":{"@type":"PropertyValueSpecification","valueRequired":true,"valueName":"search_term_string"}}],"inLanguage":"fr-FR"},{"@type":"Organization","@id":"https:\/\/permakultur-landwirtschaft.org\/#organization","name":"Permakultur-Landwirtschaft","alternateName":"Verein Permakultur-Landwirtschaft","url":"https:\/\/permakultur-landwirtschaft.org\/","logo":{"@type":"ImageObject","inLanguage":"fr-FR","@id":"https:\/\/permakultur-landwirtschaft.org\/#\/schema\/logo\/image\/","url":"https:\/\/permakultur-landwirtschaft.org\/wp-content\/uploads\/2021\/11\/pela_1268x1269.png","contentUrl":"https:\/\/permakultur-landwirtschaft.org\/wp-content\/uploads\/2021\/11\/pela_1268x1269.png","width":1298,"height":1269,"caption":"Permakultur-Landwirtschaft"},"image":{"@id":"https:\/\/permakultur-landwirtschaft.org\/#\/schema\/logo\/image\/"},"sameAs":["https:\/\/www.facebook.com\/PermakulturLandwirtschaft","https:\/\/www.instagram.com\/permakultur_landwirtschaft\/","https:\/\/www.flickr.com\/photos\/permakultur-landwirtschaft","https:\/\/www.youtube.com\/@PermakulturLandwirtschaft"]},{"@type":"Person","@id":"https:\/\/permakultur-landwirtschaft.org\/#\/schema\/person\/6b0467872f75aed3e144093f9bf4f0b0","name":"adrian reutimann","url":"https:\/\/permakultur-landwirtschaft.org\/fr\/author\/reutiadr\/"}]}},"_links":{"self":[{"href":"https:\/\/permakultur-landwirtschaft.org\/fr\/wp-json\/wp\/v2\/posts\/37378","targetHints":{"allow":["GET"]}}],"collection":[{"href":"https:\/\/permakultur-landwirtschaft.org\/fr\/wp-json\/wp\/v2\/posts"}],"about":[{"href":"https:\/\/permakultur-landwirtschaft.org\/fr\/wp-json\/wp\/v2\/types\/post"}],"author":[{"embeddable":true,"href":"https:\/\/permakultur-landwirtschaft.org\/fr\/wp-json\/wp\/v2\/users\/2"}],"replies":[{"embeddable":true,"href":"https:\/\/permakultur-landwirtschaft.org\/fr\/wp-json\/wp\/v2\/comments?post=37378"}],"version-history":[{"count":1,"href":"https:\/\/permakultur-landwirtschaft.org\/fr\/wp-json\/wp\/v2\/posts\/37378\/revisions"}],"predecessor-version":[{"id":37380,"href":"https:\/\/permakultur-landwirtschaft.org\/fr\/wp-json\/wp\/v2\/posts\/37378\/revisions\/37380"}],"wp:featuredmedia":[{"embeddable":true,"href":"https:\/\/permakultur-landwirtschaft.org\/fr\/wp-json\/wp\/v2\/media\/37379"}],"wp:attachment":[{"href":"https:\/\/permakultur-landwirtschaft.org\/fr\/wp-json\/wp\/v2\/media?parent=37378"}],"wp:term":[{"taxonomy":"category","embeddable":true,"href":"https:\/\/permakultur-landwirtschaft.org\/fr\/wp-json\/wp\/v2\/categories?post=37378"},{"taxonomy":"post_tag","embeddable":true,"href":"https:\/\/permakultur-landwirtschaft.org\/fr\/wp-json\/wp\/v2\/tags?post=37378"}],"curies":[{"name":"wp","href":"https:\/\/api.w.org\/{rel}","templated":true}]}}