{"id":37370,"date":"2024-05-02T14:48:00","date_gmt":"2024-05-02T12:48:00","guid":{"rendered":"https:\/\/permakultur-landwirtschaft.org\/?p=37370"},"modified":"2025-11-13T15:01:41","modified_gmt":"2025-11-13T14:01:41","slug":"permakultur-gaertnern-mit-der-natur-beitrag-vom-02-mai-2024","status":"publish","type":"post","link":"https:\/\/permakultur-landwirtschaft.org\/fr\/permakultur-gaertnern-mit-der-natur-beitrag-vom-02-mai-2024\/","title":{"rendered":"Permakultur: G\u00e4rtnern mit der Natur &#8211; Beitrag vom 02. Mai 2024"},"content":{"rendered":"<p>Text von www.tierwelt.ch:<\/p>\n\n\n\n<p>Naturnahe G\u00e4rten sind nachhaltig und im Trend. Ein Prinzip, um dies zu erreichen, ist das Konzept der Permakultur. Hier werden nicht nur die Kreisl\u00e4ufe der Natur ber\u00fccksichtigt, sondern auch die Bed\u00fcrfnisse von Menschen und Tieren.<\/p>\n\n\n\n<p>Mit der Natur anstatt gegen sie zu arbeiten, das ist das Konzept der Permakultur. Statt umweltbelastende und energieintensive Technologien einzusetzen, exotische Pflanzen anzubauen und unerw\u00fcnschte Organismen aggressiv in die Schranken zu weisen, setzt das Konzept darauf, mit der Landwirtschaft oder dem eigenen Garten das nat\u00fcrliche \u00d6kosystem nachzuahmen.<\/p>\n\n\n\n<p>Lucas Meyer ist im Vorstand des Vereins Permakultur Schweiz und sieht Permakultur als Lebensstil. Mit seiner Firma Perma Terra hilft er anderen Menschen, einen entsprechenden Garten zu starten. \u00abF\u00fcr das Prinzip Permakultur braucht man aber nicht unbedingt viel Platz. Schon wer Regenwasser sammelt und zum Giessen der Balkonpflanzen benutzt, bewegt sich ein St\u00fcck in die Richtung des Konzepts\u00bb, so Meyer. Im Garten gilt: Vielfalt statt Monokultur. Das macht Pflanzen robuster und weniger anf\u00e4llig f\u00fcr Sch\u00e4dlinge, da die nat\u00fcrliche Artenvielfalt gef\u00f6rdert wird. <\/p>\n\n\n\n<p>&#8230;<\/p>\n\n\n\n<p><a href=\"https:\/\/www.tierwelt.ch\/artikel\/print-artikel-teaser\/gaertnern-mit-der-natur-519047\" target=\"_blank\" rel=\"noreferrer noopener\">Lien vers l'article complet<\/a><\/p>","protected":false},"excerpt":{"rendered":"<p>Text von www.tierwelt.ch: Naturnahe G\u00e4rten sind nachhaltig und im Trend. Ein Prinzip, um dies zu erreichen, ist das Konzept der Permakultur. Hier werden nicht nur die Kreisl\u00e4ufe der Natur ber\u00fccksichtigt, sondern auch die Bed\u00fcrfnisse von Menschen und Tieren. Mit der Natur anstatt gegen sie zu arbeiten, das ist das Konzept der Permakultur. Statt umweltbelastende und [&hellip;]<\/p>\n","protected":false},"author":2,"featured_media":37373,"comment_status":"closed","ping_status":"closed","sticky":false,"template":"","format":"standard","meta":{"_acf_changed":false,"site-sidebar-layout":"default","site-content-layout":"","ast-site-content-layout":"default","site-content-style":"default","site-sidebar-style":"default","ast-global-header-display":"","ast-banner-title-visibility":"","ast-main-header-display":"","ast-hfb-above-header-display":"","ast-hfb-below-header-display":"","ast-hfb-mobile-header-display":"","site-post-title":"","ast-breadcrumbs-content":"","ast-featured-img":"","footer-sml-layout":"","ast-disable-related-posts":"","theme-transparent-header-meta":"","adv-header-id-meta":"","stick-header-meta":"","header-above-stick-meta":"","header-main-stick-meta":"","header-below-stick-meta":"","astra-migrate-meta-layouts":"set","ast-page-background-enabled":"default","ast-page-background-meta":{"desktop":{"background-color":"var(--ast-global-color-4)","background-image":"","background-repeat":"repeat","background-position":"center center","background-size":"auto","background-attachment":"scroll","background-type":"","background-media":"","overlay-type":"","overlay-color":"","overlay-opacity":"","overlay-gradient":""},"tablet":{"background-color":"","background-image":"","background-repeat":"repeat","background-position":"center center","background-size":"auto","background-attachment":"scroll","background-type":"","background-media":"","overlay-type":"","overlay-color":"","overlay-opacity":"","overlay-gradient":""},"mobile":{"background-color":"","background-image":"","background-repeat":"repeat","background-position":"center center","background-size":"auto","background-attachment":"scroll","background-type":"","background-media":"","overlay-type":"","overlay-color":"","overlay-opacity":"","overlay-gradient":""}},"ast-content-background-meta":{"desktop":{"background-color":"var(--ast-global-color-5)","background-image":"","background-repeat":"repeat","background-position":"center center","background-size":"auto","background-attachment":"scroll","background-type":"","background-media":"","overlay-type":"","overlay-color":"","overlay-opacity":"","overlay-gradient":""},"tablet":{"background-color":"var(--ast-global-color-5)","background-image":"","background-repeat":"repeat","background-position":"center center","background-size":"auto","background-attachment":"scroll","background-type":"","background-media":"","overlay-type":"","overlay-color":"","overlay-opacity":"","overlay-gradient":""},"mobile":{"background-color":"var(--ast-global-color-5)","background-image":"","background-repeat":"repeat","background-position":"center center","background-size":"auto","background-attachment":"scroll","background-type":"","background-media":"","overlay-type":"","overlay-color":"","overlay-opacity":"","overlay-gradient":""}},"footnotes":""},"categories":[22],"tags":[1007,1009,1008,17,503],"class_list":["post-37370","post","type-post","status-publish","format-standard","has-post-thumbnail","hentry","category-neuigkeit","tag-gaertnern-mit-der-natur","tag-kreislaeufe","tag-naturnah","tag-permakultur","tag-tierwelt"],"acf":[],"yoast_head":"<!-- This site is optimized with the Yoast SEO plugin v27.5 - https:\/\/yoast.com\/product\/yoast-seo-wordpress\/ -->\n<title>Permakultur: G\u00e4rtnern mit der Natur - Beitrag vom 02. Mai 2024 - Permakultur-Landwirtschaft<\/title>\n<meta name=\"description\" content=\"Naturnahe G\u00e4rten sind nachhaltig und im Trend. Ein Prinzip, um dies zu erreichen, ist das Konzept der Permakultur.\" \/>\n<meta name=\"robots\" content=\"index, follow, max-snippet:-1, max-image-preview:large, max-video-preview:-1\" \/>\n<link rel=\"canonical\" href=\"https:\/\/permakultur-landwirtschaft.org\/fr\/permakultur-gaertnern-mit-der-natur-beitrag-vom-02-mai-2024\/\" \/>\n<meta property=\"og:locale\" content=\"fr_FR\" \/>\n<meta property=\"og:type\" content=\"article\" \/>\n<meta property=\"og:title\" content=\"Permakultur: G\u00e4rtnern mit der Natur - Beitrag vom 02. Mai 2024 - Permakultur-Landwirtschaft\" \/>\n<meta property=\"og:description\" content=\"Naturnahe G\u00e4rten sind nachhaltig und im Trend. Ein Prinzip, um dies zu erreichen, ist das Konzept der Permakultur.\" \/>\n<meta property=\"og:url\" content=\"https:\/\/permakultur-landwirtschaft.org\/fr\/permakultur-gaertnern-mit-der-natur-beitrag-vom-02-mai-2024\/\" \/>\n<meta property=\"og:site_name\" content=\"Permakultur-Landwirtschaft\" \/>\n<meta property=\"article:publisher\" content=\"https:\/\/www.facebook.com\/PermakulturLandwirtschaft\" \/>\n<meta property=\"article:published_time\" content=\"2024-05-02T12:48:00+00:00\" \/>\n<meta property=\"article:modified_time\" content=\"2025-11-13T14:01:41+00:00\" \/>\n<meta property=\"og:image\" content=\"https:\/\/permakultur-landwirtschaft.org\/wp-content\/uploads\/2025\/11\/gemuese_csm_shutterstock_309707792_9c59d47f7b.jpg\" \/>\n\t<meta property=\"og:image:width\" content=\"700\" \/>\n\t<meta property=\"og:image:height\" content=\"437\" \/>\n\t<meta property=\"og:image:type\" content=\"image\/jpeg\" \/>\n<meta name=\"author\" content=\"adrian reutimann\" \/>\n<meta name=\"twitter:card\" content=\"summary_large_image\" \/>\n<meta name=\"twitter:label1\" content=\"\u00c9crit par\" \/>\n\t<meta name=\"twitter:data1\" content=\"adrian reutimann\" \/>\n\t<meta name=\"twitter:label2\" content=\"Dur\u00e9e de lecture estim\u00e9e\" \/>\n\t<meta name=\"twitter:data2\" content=\"2 minutes\" \/>\n<script type=\"application\/ld+json\" class=\"yoast-schema-graph\">{\"@context\":\"https:\\\/\\\/schema.org\",\"@graph\":[{\"@type\":\"Article\",\"@id\":\"https:\\\/\\\/permakultur-landwirtschaft.org\\\/permakultur-gaertnern-mit-der-natur-beitrag-vom-02-mai-2024\\\/#article\",\"isPartOf\":{\"@id\":\"https:\\\/\\\/permakultur-landwirtschaft.org\\\/permakultur-gaertnern-mit-der-natur-beitrag-vom-02-mai-2024\\\/\"},\"author\":{\"name\":\"adrian reutimann\",\"@id\":\"https:\\\/\\\/permakultur-landwirtschaft.org\\\/#\\\/schema\\\/person\\\/6b0467872f75aed3e144093f9bf4f0b0\"},\"headline\":\"Permakultur: G\u00e4rtnern mit der Natur &#8211; Beitrag vom 02. Mai 2024\",\"datePublished\":\"2024-05-02T12:48:00+00:00\",\"dateModified\":\"2025-11-13T14:01:41+00:00\",\"mainEntityOfPage\":{\"@id\":\"https:\\\/\\\/permakultur-landwirtschaft.org\\\/permakultur-gaertnern-mit-der-natur-beitrag-vom-02-mai-2024\\\/\"},\"wordCount\":195,\"publisher\":{\"@id\":\"https:\\\/\\\/permakultur-landwirtschaft.org\\\/#organization\"},\"image\":{\"@id\":\"https:\\\/\\\/permakultur-landwirtschaft.org\\\/permakultur-gaertnern-mit-der-natur-beitrag-vom-02-mai-2024\\\/#primaryimage\"},\"thumbnailUrl\":\"https:\\\/\\\/permakultur-landwirtschaft.org\\\/wp-content\\\/uploads\\\/2025\\\/11\\\/gemuese_csm_shutterstock_309707792_9c59d47f7b.jpg\",\"keywords\":[\"G\u00e4rtnern mit der Natur\",\"Kreisl\u00e4ufe\",\"Naturnah\",\"Permakultur\",\"TierWelt\"],\"articleSection\":[\"Neuigkeit\"],\"inLanguage\":\"fr-FR\"},{\"@type\":\"WebPage\",\"@id\":\"https:\\\/\\\/permakultur-landwirtschaft.org\\\/permakultur-gaertnern-mit-der-natur-beitrag-vom-02-mai-2024\\\/\",\"url\":\"https:\\\/\\\/permakultur-landwirtschaft.org\\\/permakultur-gaertnern-mit-der-natur-beitrag-vom-02-mai-2024\\\/\",\"name\":\"Permakultur: G\u00e4rtnern mit der Natur - Beitrag vom 02. Mai 2024 - Permakultur-Landwirtschaft\",\"isPartOf\":{\"@id\":\"https:\\\/\\\/permakultur-landwirtschaft.org\\\/#website\"},\"primaryImageOfPage\":{\"@id\":\"https:\\\/\\\/permakultur-landwirtschaft.org\\\/permakultur-gaertnern-mit-der-natur-beitrag-vom-02-mai-2024\\\/#primaryimage\"},\"image\":{\"@id\":\"https:\\\/\\\/permakultur-landwirtschaft.org\\\/permakultur-gaertnern-mit-der-natur-beitrag-vom-02-mai-2024\\\/#primaryimage\"},\"thumbnailUrl\":\"https:\\\/\\\/permakultur-landwirtschaft.org\\\/wp-content\\\/uploads\\\/2025\\\/11\\\/gemuese_csm_shutterstock_309707792_9c59d47f7b.jpg\",\"datePublished\":\"2024-05-02T12:48:00+00:00\",\"dateModified\":\"2025-11-13T14:01:41+00:00\",\"description\":\"Naturnahe G\u00e4rten sind nachhaltig und im Trend. Ein Prinzip, um dies zu erreichen, ist das Konzept der Permakultur.\",\"breadcrumb\":{\"@id\":\"https:\\\/\\\/permakultur-landwirtschaft.org\\\/permakultur-gaertnern-mit-der-natur-beitrag-vom-02-mai-2024\\\/#breadcrumb\"},\"inLanguage\":\"fr-FR\",\"potentialAction\":[{\"@type\":\"ReadAction\",\"target\":[\"https:\\\/\\\/permakultur-landwirtschaft.org\\\/permakultur-gaertnern-mit-der-natur-beitrag-vom-02-mai-2024\\\/\"]}]},{\"@type\":\"ImageObject\",\"inLanguage\":\"fr-FR\",\"@id\":\"https:\\\/\\\/permakultur-landwirtschaft.org\\\/permakultur-gaertnern-mit-der-natur-beitrag-vom-02-mai-2024\\\/#primaryimage\",\"url\":\"https:\\\/\\\/permakultur-landwirtschaft.org\\\/wp-content\\\/uploads\\\/2025\\\/11\\\/gemuese_csm_shutterstock_309707792_9c59d47f7b.jpg\",\"contentUrl\":\"https:\\\/\\\/permakultur-landwirtschaft.org\\\/wp-content\\\/uploads\\\/2025\\\/11\\\/gemuese_csm_shutterstock_309707792_9c59d47f7b.jpg\",\"width\":700,\"height\":437,\"caption\":\"Bild: Shutterstock\"},{\"@type\":\"BreadcrumbList\",\"@id\":\"https:\\\/\\\/permakultur-landwirtschaft.org\\\/permakultur-gaertnern-mit-der-natur-beitrag-vom-02-mai-2024\\\/#breadcrumb\",\"itemListElement\":[{\"@type\":\"ListItem\",\"position\":1,\"name\":\"Startseite\",\"item\":\"https:\\\/\\\/permakultur-landwirtschaft.org\\\/\"},{\"@type\":\"ListItem\",\"position\":2,\"name\":\"Permakultur: G\u00e4rtnern mit der Natur &#8211; Beitrag vom 02. Mai 2024\"}]},{\"@type\":\"WebSite\",\"@id\":\"https:\\\/\\\/permakultur-landwirtschaft.org\\\/#website\",\"url\":\"https:\\\/\\\/permakultur-landwirtschaft.org\\\/\",\"name\":\"Permakultur-Landwirtschaft\",\"description\":\"F\u00f6rderung der Permakultur in der Landwirtschaft\",\"publisher\":{\"@id\":\"https:\\\/\\\/permakultur-landwirtschaft.org\\\/#organization\"},\"potentialAction\":[{\"@type\":\"SearchAction\",\"target\":{\"@type\":\"EntryPoint\",\"urlTemplate\":\"https:\\\/\\\/permakultur-landwirtschaft.org\\\/?s={search_term_string}\"},\"query-input\":{\"@type\":\"PropertyValueSpecification\",\"valueRequired\":true,\"valueName\":\"search_term_string\"}}],\"inLanguage\":\"fr-FR\"},{\"@type\":\"Organization\",\"@id\":\"https:\\\/\\\/permakultur-landwirtschaft.org\\\/#organization\",\"name\":\"Permakultur-Landwirtschaft\",\"alternateName\":\"Verein Permakultur-Landwirtschaft\",\"url\":\"https:\\\/\\\/permakultur-landwirtschaft.org\\\/\",\"logo\":{\"@type\":\"ImageObject\",\"inLanguage\":\"fr-FR\",\"@id\":\"https:\\\/\\\/permakultur-landwirtschaft.org\\\/#\\\/schema\\\/logo\\\/image\\\/\",\"url\":\"https:\\\/\\\/permakultur-landwirtschaft.org\\\/wp-content\\\/uploads\\\/2021\\\/11\\\/pela_1268x1269.png\",\"contentUrl\":\"https:\\\/\\\/permakultur-landwirtschaft.org\\\/wp-content\\\/uploads\\\/2021\\\/11\\\/pela_1268x1269.png\",\"width\":1298,\"height\":1269,\"caption\":\"Permakultur-Landwirtschaft\"},\"image\":{\"@id\":\"https:\\\/\\\/permakultur-landwirtschaft.org\\\/#\\\/schema\\\/logo\\\/image\\\/\"},\"sameAs\":[\"https:\\\/\\\/www.facebook.com\\\/PermakulturLandwirtschaft\",\"https:\\\/\\\/www.instagram.com\\\/permakultur_landwirtschaft\\\/\",\"https:\\\/\\\/www.flickr.com\\\/photos\\\/permakultur-landwirtschaft\",\"https:\\\/\\\/www.youtube.com\\\/@PermakulturLandwirtschaft\"]},{\"@type\":\"Person\",\"@id\":\"https:\\\/\\\/permakultur-landwirtschaft.org\\\/#\\\/schema\\\/person\\\/6b0467872f75aed3e144093f9bf4f0b0\",\"name\":\"adrian reutimann\",\"url\":\"https:\\\/\\\/permakultur-landwirtschaft.org\\\/fr\\\/author\\\/reutiadr\\\/\"}]}<\/script>\n<!-- \/ Yoast SEO plugin. -->","yoast_head_json":{"title":"Permakultur: G\u00e4rtnern mit der Natur - Beitrag vom 02. Mai 2024 - Permakultur-Landwirtschaft","description":"Naturnahe G\u00e4rten sind nachhaltig und im Trend. Ein Prinzip, um dies zu erreichen, ist das Konzept der Permakultur.","robots":{"index":"index","follow":"follow","max-snippet":"max-snippet:-1","max-image-preview":"max-image-preview:large","max-video-preview":"max-video-preview:-1"},"canonical":"https:\/\/permakultur-landwirtschaft.org\/fr\/permakultur-gaertnern-mit-der-natur-beitrag-vom-02-mai-2024\/","og_locale":"fr_FR","og_type":"article","og_title":"Permakultur: G\u00e4rtnern mit der Natur - Beitrag vom 02. Mai 2024 - Permakultur-Landwirtschaft","og_description":"Naturnahe G\u00e4rten sind nachhaltig und im Trend. Ein Prinzip, um dies zu erreichen, ist das Konzept der Permakultur.","og_url":"https:\/\/permakultur-landwirtschaft.org\/fr\/permakultur-gaertnern-mit-der-natur-beitrag-vom-02-mai-2024\/","og_site_name":"Permakultur-Landwirtschaft","article_publisher":"https:\/\/www.facebook.com\/PermakulturLandwirtschaft","article_published_time":"2024-05-02T12:48:00+00:00","article_modified_time":"2025-11-13T14:01:41+00:00","og_image":[{"width":700,"height":437,"url":"https:\/\/permakultur-landwirtschaft.org\/wp-content\/uploads\/2025\/11\/gemuese_csm_shutterstock_309707792_9c59d47f7b.jpg","type":"image\/jpeg"}],"author":"adrian reutimann","twitter_card":"summary_large_image","twitter_misc":{"\u00c9crit par":"adrian reutimann","Dur\u00e9e de lecture estim\u00e9e":"2 minutes"},"schema":{"@context":"https:\/\/schema.org","@graph":[{"@type":"Article","@id":"https:\/\/permakultur-landwirtschaft.org\/permakultur-gaertnern-mit-der-natur-beitrag-vom-02-mai-2024\/#article","isPartOf":{"@id":"https:\/\/permakultur-landwirtschaft.org\/permakultur-gaertnern-mit-der-natur-beitrag-vom-02-mai-2024\/"},"author":{"name":"adrian reutimann","@id":"https:\/\/permakultur-landwirtschaft.org\/#\/schema\/person\/6b0467872f75aed3e144093f9bf4f0b0"},"headline":"Permakultur: G\u00e4rtnern mit der Natur &#8211; Beitrag vom 02. Mai 2024","datePublished":"2024-05-02T12:48:00+00:00","dateModified":"2025-11-13T14:01:41+00:00","mainEntityOfPage":{"@id":"https:\/\/permakultur-landwirtschaft.org\/permakultur-gaertnern-mit-der-natur-beitrag-vom-02-mai-2024\/"},"wordCount":195,"publisher":{"@id":"https:\/\/permakultur-landwirtschaft.org\/#organization"},"image":{"@id":"https:\/\/permakultur-landwirtschaft.org\/permakultur-gaertnern-mit-der-natur-beitrag-vom-02-mai-2024\/#primaryimage"},"thumbnailUrl":"https:\/\/permakultur-landwirtschaft.org\/wp-content\/uploads\/2025\/11\/gemuese_csm_shutterstock_309707792_9c59d47f7b.jpg","keywords":["G\u00e4rtnern mit der Natur","Kreisl\u00e4ufe","Naturnah","Permakultur","TierWelt"],"articleSection":["Neuigkeit"],"inLanguage":"fr-FR"},{"@type":"WebPage","@id":"https:\/\/permakultur-landwirtschaft.org\/permakultur-gaertnern-mit-der-natur-beitrag-vom-02-mai-2024\/","url":"https:\/\/permakultur-landwirtschaft.org\/permakultur-gaertnern-mit-der-natur-beitrag-vom-02-mai-2024\/","name":"Permakultur: G\u00e4rtnern mit der Natur - Beitrag vom 02. Mai 2024 - Permakultur-Landwirtschaft","isPartOf":{"@id":"https:\/\/permakultur-landwirtschaft.org\/#website"},"primaryImageOfPage":{"@id":"https:\/\/permakultur-landwirtschaft.org\/permakultur-gaertnern-mit-der-natur-beitrag-vom-02-mai-2024\/#primaryimage"},"image":{"@id":"https:\/\/permakultur-landwirtschaft.org\/permakultur-gaertnern-mit-der-natur-beitrag-vom-02-mai-2024\/#primaryimage"},"thumbnailUrl":"https:\/\/permakultur-landwirtschaft.org\/wp-content\/uploads\/2025\/11\/gemuese_csm_shutterstock_309707792_9c59d47f7b.jpg","datePublished":"2024-05-02T12:48:00+00:00","dateModified":"2025-11-13T14:01:41+00:00","description":"Naturnahe G\u00e4rten sind nachhaltig und im Trend. Ein Prinzip, um dies zu erreichen, ist das Konzept der Permakultur.","breadcrumb":{"@id":"https:\/\/permakultur-landwirtschaft.org\/permakultur-gaertnern-mit-der-natur-beitrag-vom-02-mai-2024\/#breadcrumb"},"inLanguage":"fr-FR","potentialAction":[{"@type":"ReadAction","target":["https:\/\/permakultur-landwirtschaft.org\/permakultur-gaertnern-mit-der-natur-beitrag-vom-02-mai-2024\/"]}]},{"@type":"ImageObject","inLanguage":"fr-FR","@id":"https:\/\/permakultur-landwirtschaft.org\/permakultur-gaertnern-mit-der-natur-beitrag-vom-02-mai-2024\/#primaryimage","url":"https:\/\/permakultur-landwirtschaft.org\/wp-content\/uploads\/2025\/11\/gemuese_csm_shutterstock_309707792_9c59d47f7b.jpg","contentUrl":"https:\/\/permakultur-landwirtschaft.org\/wp-content\/uploads\/2025\/11\/gemuese_csm_shutterstock_309707792_9c59d47f7b.jpg","width":700,"height":437,"caption":"Bild: Shutterstock"},{"@type":"BreadcrumbList","@id":"https:\/\/permakultur-landwirtschaft.org\/permakultur-gaertnern-mit-der-natur-beitrag-vom-02-mai-2024\/#breadcrumb","itemListElement":[{"@type":"ListItem","position":1,"name":"Startseite","item":"https:\/\/permakultur-landwirtschaft.org\/"},{"@type":"ListItem","position":2,"name":"Permakultur: G\u00e4rtnern mit der Natur &#8211; Beitrag vom 02. Mai 2024"}]},{"@type":"WebSite","@id":"https:\/\/permakultur-landwirtschaft.org\/#website","url":"https:\/\/permakultur-landwirtschaft.org\/","name":"Permakultur-Landwirtschaft","description":"F\u00f6rderung der Permakultur in der Landwirtschaft","publisher":{"@id":"https:\/\/permakultur-landwirtschaft.org\/#organization"},"potentialAction":[{"@type":"SearchAction","target":{"@type":"EntryPoint","urlTemplate":"https:\/\/permakultur-landwirtschaft.org\/?s={search_term_string}"},"query-input":{"@type":"PropertyValueSpecification","valueRequired":true,"valueName":"search_term_string"}}],"inLanguage":"fr-FR"},{"@type":"Organization","@id":"https:\/\/permakultur-landwirtschaft.org\/#organization","name":"Permakultur-Landwirtschaft","alternateName":"Verein Permakultur-Landwirtschaft","url":"https:\/\/permakultur-landwirtschaft.org\/","logo":{"@type":"ImageObject","inLanguage":"fr-FR","@id":"https:\/\/permakultur-landwirtschaft.org\/#\/schema\/logo\/image\/","url":"https:\/\/permakultur-landwirtschaft.org\/wp-content\/uploads\/2021\/11\/pela_1268x1269.png","contentUrl":"https:\/\/permakultur-landwirtschaft.org\/wp-content\/uploads\/2021\/11\/pela_1268x1269.png","width":1298,"height":1269,"caption":"Permakultur-Landwirtschaft"},"image":{"@id":"https:\/\/permakultur-landwirtschaft.org\/#\/schema\/logo\/image\/"},"sameAs":["https:\/\/www.facebook.com\/PermakulturLandwirtschaft","https:\/\/www.instagram.com\/permakultur_landwirtschaft\/","https:\/\/www.flickr.com\/photos\/permakultur-landwirtschaft","https:\/\/www.youtube.com\/@PermakulturLandwirtschaft"]},{"@type":"Person","@id":"https:\/\/permakultur-landwirtschaft.org\/#\/schema\/person\/6b0467872f75aed3e144093f9bf4f0b0","name":"adrian reutimann","url":"https:\/\/permakultur-landwirtschaft.org\/fr\/author\/reutiadr\/"}]}},"_links":{"self":[{"href":"https:\/\/permakultur-landwirtschaft.org\/fr\/wp-json\/wp\/v2\/posts\/37370","targetHints":{"allow":["GET"]}}],"collection":[{"href":"https:\/\/permakultur-landwirtschaft.org\/fr\/wp-json\/wp\/v2\/posts"}],"about":[{"href":"https:\/\/permakultur-landwirtschaft.org\/fr\/wp-json\/wp\/v2\/types\/post"}],"author":[{"embeddable":true,"href":"https:\/\/permakultur-landwirtschaft.org\/fr\/wp-json\/wp\/v2\/users\/2"}],"replies":[{"embeddable":true,"href":"https:\/\/permakultur-landwirtschaft.org\/fr\/wp-json\/wp\/v2\/comments?post=37370"}],"version-history":[{"count":1,"href":"https:\/\/permakultur-landwirtschaft.org\/fr\/wp-json\/wp\/v2\/posts\/37370\/revisions"}],"predecessor-version":[{"id":37374,"href":"https:\/\/permakultur-landwirtschaft.org\/fr\/wp-json\/wp\/v2\/posts\/37370\/revisions\/37374"}],"wp:featuredmedia":[{"embeddable":true,"href":"https:\/\/permakultur-landwirtschaft.org\/fr\/wp-json\/wp\/v2\/media\/37373"}],"wp:attachment":[{"href":"https:\/\/permakultur-landwirtschaft.org\/fr\/wp-json\/wp\/v2\/media?parent=37370"}],"wp:term":[{"taxonomy":"category","embeddable":true,"href":"https:\/\/permakultur-landwirtschaft.org\/fr\/wp-json\/wp\/v2\/categories?post=37370"},{"taxonomy":"post_tag","embeddable":true,"href":"https:\/\/permakultur-landwirtschaft.org\/fr\/wp-json\/wp\/v2\/tags?post=37370"}],"curies":[{"name":"wp","href":"https:\/\/api.w.org\/{rel}","templated":true}]}}