{"id":37326,"date":"2025-10-30T13:36:16","date_gmt":"2025-10-30T12:36:16","guid":{"rendered":"https:\/\/permakultur-landwirtschaft.org\/?p=37326"},"modified":"2025-11-02T13:42:49","modified_gmt":"2025-11-02T12:42:49","slug":"regenerative-landwirtschaft-da-passiert-ploetzlich-etwas-beitrag-vom-30-oktober-2025","status":"publish","type":"post","link":"https:\/\/permakultur-landwirtschaft.org\/fr\/regenerative-landwirtschaft-da-passiert-ploetzlich-etwas-beitrag-vom-30-oktober-2025\/","title":{"rendered":"Regenerative Landwirtschaft: \u00abDa passiert pl\u00f6tzlich etwas\u00bb &#8211; Beitrag vom 30. Oktober 2025"},"content":{"rendered":"<p>Text von www.bioaktuell.ch:<\/p>\n\n\n\n<p>Was bringt Landwirtinnen dazu, regenerativ zu wirtschaften, was motiviert sie und welche Methoden wenden sie an? Diese und andere Fragen haben die damaligen Mitarbeiterinnen des FiBL Sophie van Geijtenbeek und Juliana J\u00e4ggle im Herbst 2022 13 Vollerwerbs\u00adlandwirtinnen aus der deutschsprachigen Schweiz gestellt. Herausgekommen ist ein Bericht, der zeigt, was sich die Landwirt*innen von einer regenerativen Bewirtschaftung erhoffen. Und es wird deutlich, dass regenerative Landwirtschaft ein Prozess ist, ein st\u00e4ndiges Ausprobieren, was betriebsspezifisch und mit den gegebenen Standorteigenschaften funktioniert und was nicht.<\/p>\n\n\n\n<h2 class=\"wp-block-heading\">Die Motivation<\/h2>\n\n\n\n<p>Von den 13 befragten Betrieben wirtschaften drei konventionell, sieben biologisch und drei biologisch-dynamisch. Alle Betriebe hatten mehrere Betriebszweige. Einige befassen sich seit dem ersten Bodenkurs durch N\u00e4ser und Wenz in der Schweiz im Jahr 2014 intensiv mit regenerativer Landwirtschaft. Eine weitere Gruppe wurde ab dem Jahr 2018\/19 darauf aufmerksam. Die dritte Gruppe von Betrieben wendet einzelne Elemente, wie die reduzierte Bodenbearbeitung, schon seit vielen Jahren an. Sie bekamen durch die regenerative Bewegung neue Impulse f\u00fcr ihren Betrieb.<\/p>\n\n\n\n<p>Durch die verbesserte Wasserspeicherung und die erh\u00f6hte Bodenfruchtbarkeit erwarten die Betriebe eine h\u00f6here Anbausicherheit, um die sich stark ver\u00e4ndernden klimatischen Bedingungen abfedern zu k\u00f6nnen. Den Humusgehalt nicht nur zu halten, sondern zu steigern, ist f\u00fcr die regenerativen Betriebe ein weiterer starker Antrieb. Was in vielen Antworten durchklingt, ist die Hoffnung, dass sich mit einer Umstellung auf Regenerativ bestehende Probleme wie stagnierende Ertr\u00e4ge oder Bodenerosion beim Pfl\u00fcgen l\u00f6sen lassen. Konventionelle Betriebe nannten auch einen gef\u00fchlten Druck von au\u00dfen, neue Wege zu gehen.<\/p>\n\n\n\n<p>Als gr\u00f6\u00dfte H\u00fcrden bei der Umstellung auf Regenerativ nannten die Landwirt*innen Zeit und Finanzierung. Erforderlich waren gro\u00dfe Investitionen in Maschinen und Material f\u00fcr die Herstellung und Lagerung der Fermente und des Komposttees. Auch fielen erh\u00f6hte Saatgutkosten f\u00fcr Gr\u00fcnd\u00fcngungen und Untersaaten an. Viel Zeit kostete die hofeigene Produktion der ansonsten teuren Fermente und die zus\u00e4tzlichen Fahrten, etwa um Komposttee auszubringen. Auch die Zeit, die es dauert, bis sich Ver\u00e4nderungen im Boden und den Kulturen zeigen, wurde als H\u00fcrde genannt.<\/p>\n\n\n\n<p>Die meisten Landwirt*innen haben den Bodenkurs von Wenz und N\u00e4ser besucht und bezogen sich auf die dort vermittelten Ma\u00dfnahmen. Die Untergrundlockerung und die Fl\u00e4chenrotte wenden alle Betriebe an. Dabei betonten mehrere Landwirt*innen, dass sie weiter gelegentlich pfl\u00fcgen, wenn sie es f\u00fcr notwendig erachten.<\/p>\n\n\n\n<p>Fermente als Rottelenker setzen nicht alle Landwirt*innen ein. Andere berichten von positiven Erfahrungen mit Effektiven Mikroorganismen bei F\u00e4ulnis des Rottematerials. Zwischenfr\u00fcchte und Gr\u00fcnd\u00fcngen sind \u00fcblich, wenn auch nicht immer in der empfohlenen Vielfalt. Viehhaltende Betriebe schr\u00e4nkten ein, dass sie gelegentlich mit dem Aufwuchs das Vieh f\u00fcttern und nicht den Boden. Bei der Anwendung von vitalisierenden Spritzungen mit Komposttee gingen die Meinungen stark auseinander, und der Wunsch nach wissenschaftlichen Erkenntnissen dazu war gro\u00df.<\/p>\n\n\n\n<p>Nicht alle Ma\u00dfnahmen wurden unhinterfragt \u00fcbernommen. Der Dieselverbrauch beim Fr\u00e4sen und das Entstehen von Schmierschichten bei der Rotte wurden als kritische Aspekte ebenso genannt wie m\u00f6gliche Lachgasemissionen bei der Fl\u00e4chenrotte oder eine beobachtete Zunahme von Disteln.<\/p>\n\n\n\n<h2 class=\"wp-block-heading\">Die Ergebnisse<\/h2>\n\n\n\n<p>In den Interviews berichteten mehrere Landwirt*innen, dass die Anwendung von Gr\u00fcnd\u00fcngungen und die weniger intensive Bodenbearbeitung zu einem tragf\u00e4higeren, besser strukturierten Boden mit Kr\u00fcmelstruktur gef\u00fchrt h\u00e4tten. Auch gab es mehrere Berichte, dass sich der Wasserhaushalt verbessert habe und sich das in dem trockenen Sommer 2022 positiv ausgewirkt habe.<\/p>\n\n\n\n<p>Zwei Betriebe hatten mittels Bodenproben eine effektive Humusmehrung innerhalb von zwei Jahren gemessen. Beim einen waren es 1,0 Prozent mehr, beim anderen zwischen 0,3 Prozent und 1,1 Prozent mehr. Bei den anderen Betrieben standen Messungen noch aus oder es gab keine Nullmessung.<\/p>\n\n\n\n<p>&#8230;<\/p>\n\n\n\n<p><a href=\"https:\/\/www.bioaktuell.ch\/aktuell\/meldung\/da-passiert-ploetzlich-etwas\" target=\"_blank\" rel=\"noreferrer noopener\">Lien vers l'article complet<\/a><\/p>\n\n\n\n<p><a href=\"https:\/\/www.bioaktuell.ch\/fileadmin\/documents\/ba\/Aktuell\/2025\/OEL_2024_02.pdf\" target=\"_blank\" rel=\"noreferrer noopener\">Link zum Originalartikel aus \u00d6kologie &amp; Landbau<\/a><\/p>","protected":false},"excerpt":{"rendered":"<p>Text von www.bioaktuell.ch: Was bringt Landwirtinnen dazu, regenerativ zu wirtschaften, was motiviert sie und welche Methoden wenden sie an? Diese und andere Fragen haben die damaligen Mitarbeiterinnen des FiBL Sophie van Geijtenbeek und Juliana J\u00e4ggle im Herbst 2022 13 Vollerwerbs\u00adlandwirtinnen aus der deutschsprachigen Schweiz gestellt. Herausgekommen ist ein Bericht, der zeigt, was sich die Landwirt*innen [&hellip;]<\/p>\n","protected":false},"author":2,"featured_media":37327,"comment_status":"closed","ping_status":"closed","sticky":false,"template":"","format":"standard","meta":{"_acf_changed":false,"site-sidebar-layout":"default","site-content-layout":"","ast-site-content-layout":"default","site-content-style":"default","site-sidebar-style":"default","ast-global-header-display":"","ast-banner-title-visibility":"","ast-main-header-display":"","ast-hfb-above-header-display":"","ast-hfb-below-header-display":"","ast-hfb-mobile-header-display":"","site-post-title":"","ast-breadcrumbs-content":"","ast-featured-img":"","footer-sml-layout":"","ast-disable-related-posts":"","theme-transparent-header-meta":"","adv-header-id-meta":"","stick-header-meta":"","header-above-stick-meta":"","header-main-stick-meta":"","header-below-stick-meta":"","astra-migrate-meta-layouts":"set","ast-page-background-enabled":"default","ast-page-background-meta":{"desktop":{"background-color":"var(--ast-global-color-4)","background-image":"","background-repeat":"repeat","background-position":"center center","background-size":"auto","background-attachment":"scroll","background-type":"","background-media":"","overlay-type":"","overlay-color":"","overlay-opacity":"","overlay-gradient":""},"tablet":{"background-color":"","background-image":"","background-repeat":"repeat","background-position":"center center","background-size":"auto","background-attachment":"scroll","background-type":"","background-media":"","overlay-type":"","overlay-color":"","overlay-opacity":"","overlay-gradient":""},"mobile":{"background-color":"","background-image":"","background-repeat":"repeat","background-position":"center center","background-size":"auto","background-attachment":"scroll","background-type":"","background-media":"","overlay-type":"","overlay-color":"","overlay-opacity":"","overlay-gradient":""}},"ast-content-background-meta":{"desktop":{"background-color":"var(--ast-global-color-5)","background-image":"","background-repeat":"repeat","background-position":"center center","background-size":"auto","background-attachment":"scroll","background-type":"","background-media":"","overlay-type":"","overlay-color":"","overlay-opacity":"","overlay-gradient":""},"tablet":{"background-color":"var(--ast-global-color-5)","background-image":"","background-repeat":"repeat","background-position":"center center","background-size":"auto","background-attachment":"scroll","background-type":"","background-media":"","overlay-type":"","overlay-color":"","overlay-opacity":"","overlay-gradient":""},"mobile":{"background-color":"var(--ast-global-color-5)","background-image":"","background-repeat":"repeat","background-position":"center center","background-size":"auto","background-attachment":"scroll","background-type":"","background-media":"","overlay-type":"","overlay-color":"","overlay-opacity":"","overlay-gradient":""}},"footnotes":""},"categories":[22],"tags":[987,168,142,545],"class_list":["post-37326","post","type-post","status-publish","format-standard","has-post-thumbnail","hentry","category-neuigkeit","tag-befragung","tag-bioaktuell","tag-fibl","tag-regenerative-landwirtschaft"],"acf":[],"yoast_head":"<!-- This site is optimized with the Yoast SEO plugin v27.5 - https:\/\/yoast.com\/product\/yoast-seo-wordpress\/ -->\n<title>Regenerative Landwirtschaft: \u00abDa passiert pl\u00f6tzlich etwas\u00bb - Beitrag vom 30. Oktober 2025 - Permakultur-Landwirtschaft<\/title>\n<meta name=\"robots\" content=\"index, follow, max-snippet:-1, max-image-preview:large, max-video-preview:-1\" \/>\n<link rel=\"canonical\" href=\"https:\/\/permakultur-landwirtschaft.org\/fr\/regenerative-landwirtschaft-da-passiert-ploetzlich-etwas-beitrag-vom-30-oktober-2025\/\" \/>\n<meta property=\"og:locale\" content=\"fr_FR\" \/>\n<meta property=\"og:type\" content=\"article\" \/>\n<meta property=\"og:title\" content=\"Regenerative Landwirtschaft: \u00abDa passiert pl\u00f6tzlich etwas\u00bb - Beitrag vom 30. Oktober 2025 - Permakultur-Landwirtschaft\" \/>\n<meta property=\"og:description\" content=\"Text von www.bioaktuell.ch: Was bringt Landwirtinnen dazu, regenerativ zu wirtschaften, was motiviert sie und welche Methoden wenden sie an? Diese und andere Fragen haben die damaligen Mitarbeiterinnen des FiBL Sophie van Geijtenbeek und Juliana J\u00e4ggle im Herbst 2022 13 Vollerwerbs\u00adlandwirtinnen aus der deutschsprachigen Schweiz gestellt. Herausgekommen ist ein Bericht, der zeigt, was sich die Landwirt*innen [&hellip;]\" \/>\n<meta property=\"og:url\" content=\"https:\/\/permakultur-landwirtschaft.org\/fr\/regenerative-landwirtschaft-da-passiert-ploetzlich-etwas-beitrag-vom-30-oktober-2025\/\" \/>\n<meta property=\"og:site_name\" content=\"Permakultur-Landwirtschaft\" \/>\n<meta property=\"article:publisher\" content=\"https:\/\/www.facebook.com\/PermakulturLandwirtschaft\" \/>\n<meta property=\"article:published_time\" content=\"2025-10-30T12:36:16+00:00\" \/>\n<meta property=\"article:modified_time\" content=\"2025-11-02T12:42:49+00:00\" \/>\n<meta property=\"og:image\" content=\"https:\/\/permakultur-landwirtschaft.org\/wp-content\/uploads\/2025\/11\/csm_Bodenprobe_Regenwurm_Thomas_Alfoeldi_FiBL_1200_b66631d4be.jpg\" \/>\n\t<meta property=\"og:image:width\" content=\"700\" \/>\n\t<meta property=\"og:image:height\" content=\"464\" \/>\n\t<meta property=\"og:image:type\" content=\"image\/jpeg\" \/>\n<meta name=\"author\" content=\"adrian reutimann\" \/>\n<meta name=\"twitter:card\" content=\"summary_large_image\" \/>\n<meta name=\"twitter:label1\" content=\"\u00c9crit par\" \/>\n\t<meta name=\"twitter:data1\" content=\"adrian reutimann\" \/>\n\t<meta name=\"twitter:label2\" content=\"Dur\u00e9e de lecture estim\u00e9e\" \/>\n\t<meta name=\"twitter:data2\" content=\"4 minutes\" \/>\n<script type=\"application\/ld+json\" class=\"yoast-schema-graph\">{\"@context\":\"https:\\\/\\\/schema.org\",\"@graph\":[{\"@type\":\"Article\",\"@id\":\"https:\\\/\\\/permakultur-landwirtschaft.org\\\/regenerative-landwirtschaft-da-passiert-ploetzlich-etwas-beitrag-vom-30-oktober-2025\\\/#article\",\"isPartOf\":{\"@id\":\"https:\\\/\\\/permakultur-landwirtschaft.org\\\/regenerative-landwirtschaft-da-passiert-ploetzlich-etwas-beitrag-vom-30-oktober-2025\\\/\"},\"author\":{\"name\":\"adrian reutimann\",\"@id\":\"https:\\\/\\\/permakultur-landwirtschaft.org\\\/#\\\/schema\\\/person\\\/6b0467872f75aed3e144093f9bf4f0b0\"},\"headline\":\"Regenerative Landwirtschaft: \u00abDa passiert pl\u00f6tzlich etwas\u00bb &#8211; Beitrag vom 30. Oktober 2025\",\"datePublished\":\"2025-10-30T12:36:16+00:00\",\"dateModified\":\"2025-11-02T12:42:49+00:00\",\"mainEntityOfPage\":{\"@id\":\"https:\\\/\\\/permakultur-landwirtschaft.org\\\/regenerative-landwirtschaft-da-passiert-ploetzlich-etwas-beitrag-vom-30-oktober-2025\\\/\"},\"wordCount\":633,\"publisher\":{\"@id\":\"https:\\\/\\\/permakultur-landwirtschaft.org\\\/#organization\"},\"image\":{\"@id\":\"https:\\\/\\\/permakultur-landwirtschaft.org\\\/regenerative-landwirtschaft-da-passiert-ploetzlich-etwas-beitrag-vom-30-oktober-2025\\\/#primaryimage\"},\"thumbnailUrl\":\"https:\\\/\\\/permakultur-landwirtschaft.org\\\/wp-content\\\/uploads\\\/2025\\\/11\\\/csm_Bodenprobe_Regenwurm_Thomas_Alfoeldi_FiBL_1200_b66631d4be.jpg\",\"keywords\":[\"Befragung\",\"BioAktuell\",\"FiBL\",\"Regenerative Landwirtschaft\"],\"articleSection\":[\"Neuigkeit\"],\"inLanguage\":\"fr-FR\"},{\"@type\":\"WebPage\",\"@id\":\"https:\\\/\\\/permakultur-landwirtschaft.org\\\/regenerative-landwirtschaft-da-passiert-ploetzlich-etwas-beitrag-vom-30-oktober-2025\\\/\",\"url\":\"https:\\\/\\\/permakultur-landwirtschaft.org\\\/regenerative-landwirtschaft-da-passiert-ploetzlich-etwas-beitrag-vom-30-oktober-2025\\\/\",\"name\":\"Regenerative Landwirtschaft: \u00abDa passiert pl\u00f6tzlich etwas\u00bb - Beitrag vom 30. Oktober 2025 - Permakultur-Landwirtschaft\",\"isPartOf\":{\"@id\":\"https:\\\/\\\/permakultur-landwirtschaft.org\\\/#website\"},\"primaryImageOfPage\":{\"@id\":\"https:\\\/\\\/permakultur-landwirtschaft.org\\\/regenerative-landwirtschaft-da-passiert-ploetzlich-etwas-beitrag-vom-30-oktober-2025\\\/#primaryimage\"},\"image\":{\"@id\":\"https:\\\/\\\/permakultur-landwirtschaft.org\\\/regenerative-landwirtschaft-da-passiert-ploetzlich-etwas-beitrag-vom-30-oktober-2025\\\/#primaryimage\"},\"thumbnailUrl\":\"https:\\\/\\\/permakultur-landwirtschaft.org\\\/wp-content\\\/uploads\\\/2025\\\/11\\\/csm_Bodenprobe_Regenwurm_Thomas_Alfoeldi_FiBL_1200_b66631d4be.jpg\",\"datePublished\":\"2025-10-30T12:36:16+00:00\",\"dateModified\":\"2025-11-02T12:42:49+00:00\",\"breadcrumb\":{\"@id\":\"https:\\\/\\\/permakultur-landwirtschaft.org\\\/regenerative-landwirtschaft-da-passiert-ploetzlich-etwas-beitrag-vom-30-oktober-2025\\\/#breadcrumb\"},\"inLanguage\":\"fr-FR\",\"potentialAction\":[{\"@type\":\"ReadAction\",\"target\":[\"https:\\\/\\\/permakultur-landwirtschaft.org\\\/regenerative-landwirtschaft-da-passiert-ploetzlich-etwas-beitrag-vom-30-oktober-2025\\\/\"]}]},{\"@type\":\"ImageObject\",\"inLanguage\":\"fr-FR\",\"@id\":\"https:\\\/\\\/permakultur-landwirtschaft.org\\\/regenerative-landwirtschaft-da-passiert-ploetzlich-etwas-beitrag-vom-30-oktober-2025\\\/#primaryimage\",\"url\":\"https:\\\/\\\/permakultur-landwirtschaft.org\\\/wp-content\\\/uploads\\\/2025\\\/11\\\/csm_Bodenprobe_Regenwurm_Thomas_Alfoeldi_FiBL_1200_b66631d4be.jpg\",\"contentUrl\":\"https:\\\/\\\/permakultur-landwirtschaft.org\\\/wp-content\\\/uploads\\\/2025\\\/11\\\/csm_Bodenprobe_Regenwurm_Thomas_Alfoeldi_FiBL_1200_b66631d4be.jpg\",\"width\":700,\"height\":464,\"caption\":\"Bild: FiBL, Thomas Alf\u00f6ldi\"},{\"@type\":\"BreadcrumbList\",\"@id\":\"https:\\\/\\\/permakultur-landwirtschaft.org\\\/regenerative-landwirtschaft-da-passiert-ploetzlich-etwas-beitrag-vom-30-oktober-2025\\\/#breadcrumb\",\"itemListElement\":[{\"@type\":\"ListItem\",\"position\":1,\"name\":\"Startseite\",\"item\":\"https:\\\/\\\/permakultur-landwirtschaft.org\\\/\"},{\"@type\":\"ListItem\",\"position\":2,\"name\":\"Regenerative Landwirtschaft: \u00abDa passiert pl\u00f6tzlich etwas\u00bb &#8211; Beitrag vom 30. Oktober 2025\"}]},{\"@type\":\"WebSite\",\"@id\":\"https:\\\/\\\/permakultur-landwirtschaft.org\\\/#website\",\"url\":\"https:\\\/\\\/permakultur-landwirtschaft.org\\\/\",\"name\":\"Permakultur-Landwirtschaft\",\"description\":\"F\u00f6rderung der Permakultur in der Landwirtschaft\",\"publisher\":{\"@id\":\"https:\\\/\\\/permakultur-landwirtschaft.org\\\/#organization\"},\"potentialAction\":[{\"@type\":\"SearchAction\",\"target\":{\"@type\":\"EntryPoint\",\"urlTemplate\":\"https:\\\/\\\/permakultur-landwirtschaft.org\\\/?s={search_term_string}\"},\"query-input\":{\"@type\":\"PropertyValueSpecification\",\"valueRequired\":true,\"valueName\":\"search_term_string\"}}],\"inLanguage\":\"fr-FR\"},{\"@type\":\"Organization\",\"@id\":\"https:\\\/\\\/permakultur-landwirtschaft.org\\\/#organization\",\"name\":\"Permakultur-Landwirtschaft\",\"alternateName\":\"Verein Permakultur-Landwirtschaft\",\"url\":\"https:\\\/\\\/permakultur-landwirtschaft.org\\\/\",\"logo\":{\"@type\":\"ImageObject\",\"inLanguage\":\"fr-FR\",\"@id\":\"https:\\\/\\\/permakultur-landwirtschaft.org\\\/#\\\/schema\\\/logo\\\/image\\\/\",\"url\":\"https:\\\/\\\/permakultur-landwirtschaft.org\\\/wp-content\\\/uploads\\\/2021\\\/11\\\/pela_1268x1269.png\",\"contentUrl\":\"https:\\\/\\\/permakultur-landwirtschaft.org\\\/wp-content\\\/uploads\\\/2021\\\/11\\\/pela_1268x1269.png\",\"width\":1298,\"height\":1269,\"caption\":\"Permakultur-Landwirtschaft\"},\"image\":{\"@id\":\"https:\\\/\\\/permakultur-landwirtschaft.org\\\/#\\\/schema\\\/logo\\\/image\\\/\"},\"sameAs\":[\"https:\\\/\\\/www.facebook.com\\\/PermakulturLandwirtschaft\",\"https:\\\/\\\/www.instagram.com\\\/permakultur_landwirtschaft\\\/\",\"https:\\\/\\\/www.flickr.com\\\/photos\\\/permakultur-landwirtschaft\",\"https:\\\/\\\/www.youtube.com\\\/@PermakulturLandwirtschaft\"]},{\"@type\":\"Person\",\"@id\":\"https:\\\/\\\/permakultur-landwirtschaft.org\\\/#\\\/schema\\\/person\\\/6b0467872f75aed3e144093f9bf4f0b0\",\"name\":\"adrian reutimann\",\"url\":\"https:\\\/\\\/permakultur-landwirtschaft.org\\\/fr\\\/author\\\/reutiadr\\\/\"}]}<\/script>\n<!-- \/ Yoast SEO plugin. -->","yoast_head_json":{"title":"Regenerative Landwirtschaft: \u00abDa passiert pl\u00f6tzlich etwas\u00bb - Beitrag vom 30. Oktober 2025 - Permakultur-Landwirtschaft","robots":{"index":"index","follow":"follow","max-snippet":"max-snippet:-1","max-image-preview":"max-image-preview:large","max-video-preview":"max-video-preview:-1"},"canonical":"https:\/\/permakultur-landwirtschaft.org\/fr\/regenerative-landwirtschaft-da-passiert-ploetzlich-etwas-beitrag-vom-30-oktober-2025\/","og_locale":"fr_FR","og_type":"article","og_title":"Regenerative Landwirtschaft: \u00abDa passiert pl\u00f6tzlich etwas\u00bb - Beitrag vom 30. Oktober 2025 - Permakultur-Landwirtschaft","og_description":"Text von www.bioaktuell.ch: Was bringt Landwirtinnen dazu, regenerativ zu wirtschaften, was motiviert sie und welche Methoden wenden sie an? Diese und andere Fragen haben die damaligen Mitarbeiterinnen des FiBL Sophie van Geijtenbeek und Juliana J\u00e4ggle im Herbst 2022 13 Vollerwerbs\u00adlandwirtinnen aus der deutschsprachigen Schweiz gestellt. Herausgekommen ist ein Bericht, der zeigt, was sich die Landwirt*innen [&hellip;]","og_url":"https:\/\/permakultur-landwirtschaft.org\/fr\/regenerative-landwirtschaft-da-passiert-ploetzlich-etwas-beitrag-vom-30-oktober-2025\/","og_site_name":"Permakultur-Landwirtschaft","article_publisher":"https:\/\/www.facebook.com\/PermakulturLandwirtschaft","article_published_time":"2025-10-30T12:36:16+00:00","article_modified_time":"2025-11-02T12:42:49+00:00","og_image":[{"width":700,"height":464,"url":"https:\/\/permakultur-landwirtschaft.org\/wp-content\/uploads\/2025\/11\/csm_Bodenprobe_Regenwurm_Thomas_Alfoeldi_FiBL_1200_b66631d4be.jpg","type":"image\/jpeg"}],"author":"adrian reutimann","twitter_card":"summary_large_image","twitter_misc":{"\u00c9crit par":"adrian reutimann","Dur\u00e9e de lecture estim\u00e9e":"4 minutes"},"schema":{"@context":"https:\/\/schema.org","@graph":[{"@type":"Article","@id":"https:\/\/permakultur-landwirtschaft.org\/regenerative-landwirtschaft-da-passiert-ploetzlich-etwas-beitrag-vom-30-oktober-2025\/#article","isPartOf":{"@id":"https:\/\/permakultur-landwirtschaft.org\/regenerative-landwirtschaft-da-passiert-ploetzlich-etwas-beitrag-vom-30-oktober-2025\/"},"author":{"name":"adrian reutimann","@id":"https:\/\/permakultur-landwirtschaft.org\/#\/schema\/person\/6b0467872f75aed3e144093f9bf4f0b0"},"headline":"Regenerative Landwirtschaft: \u00abDa passiert pl\u00f6tzlich etwas\u00bb &#8211; Beitrag vom 30. Oktober 2025","datePublished":"2025-10-30T12:36:16+00:00","dateModified":"2025-11-02T12:42:49+00:00","mainEntityOfPage":{"@id":"https:\/\/permakultur-landwirtschaft.org\/regenerative-landwirtschaft-da-passiert-ploetzlich-etwas-beitrag-vom-30-oktober-2025\/"},"wordCount":633,"publisher":{"@id":"https:\/\/permakultur-landwirtschaft.org\/#organization"},"image":{"@id":"https:\/\/permakultur-landwirtschaft.org\/regenerative-landwirtschaft-da-passiert-ploetzlich-etwas-beitrag-vom-30-oktober-2025\/#primaryimage"},"thumbnailUrl":"https:\/\/permakultur-landwirtschaft.org\/wp-content\/uploads\/2025\/11\/csm_Bodenprobe_Regenwurm_Thomas_Alfoeldi_FiBL_1200_b66631d4be.jpg","keywords":["Befragung","BioAktuell","FiBL","Regenerative Landwirtschaft"],"articleSection":["Neuigkeit"],"inLanguage":"fr-FR"},{"@type":"WebPage","@id":"https:\/\/permakultur-landwirtschaft.org\/regenerative-landwirtschaft-da-passiert-ploetzlich-etwas-beitrag-vom-30-oktober-2025\/","url":"https:\/\/permakultur-landwirtschaft.org\/regenerative-landwirtschaft-da-passiert-ploetzlich-etwas-beitrag-vom-30-oktober-2025\/","name":"Regenerative Landwirtschaft: \u00abDa passiert pl\u00f6tzlich etwas\u00bb - Beitrag vom 30. Oktober 2025 - Permakultur-Landwirtschaft","isPartOf":{"@id":"https:\/\/permakultur-landwirtschaft.org\/#website"},"primaryImageOfPage":{"@id":"https:\/\/permakultur-landwirtschaft.org\/regenerative-landwirtschaft-da-passiert-ploetzlich-etwas-beitrag-vom-30-oktober-2025\/#primaryimage"},"image":{"@id":"https:\/\/permakultur-landwirtschaft.org\/regenerative-landwirtschaft-da-passiert-ploetzlich-etwas-beitrag-vom-30-oktober-2025\/#primaryimage"},"thumbnailUrl":"https:\/\/permakultur-landwirtschaft.org\/wp-content\/uploads\/2025\/11\/csm_Bodenprobe_Regenwurm_Thomas_Alfoeldi_FiBL_1200_b66631d4be.jpg","datePublished":"2025-10-30T12:36:16+00:00","dateModified":"2025-11-02T12:42:49+00:00","breadcrumb":{"@id":"https:\/\/permakultur-landwirtschaft.org\/regenerative-landwirtschaft-da-passiert-ploetzlich-etwas-beitrag-vom-30-oktober-2025\/#breadcrumb"},"inLanguage":"fr-FR","potentialAction":[{"@type":"ReadAction","target":["https:\/\/permakultur-landwirtschaft.org\/regenerative-landwirtschaft-da-passiert-ploetzlich-etwas-beitrag-vom-30-oktober-2025\/"]}]},{"@type":"ImageObject","inLanguage":"fr-FR","@id":"https:\/\/permakultur-landwirtschaft.org\/regenerative-landwirtschaft-da-passiert-ploetzlich-etwas-beitrag-vom-30-oktober-2025\/#primaryimage","url":"https:\/\/permakultur-landwirtschaft.org\/wp-content\/uploads\/2025\/11\/csm_Bodenprobe_Regenwurm_Thomas_Alfoeldi_FiBL_1200_b66631d4be.jpg","contentUrl":"https:\/\/permakultur-landwirtschaft.org\/wp-content\/uploads\/2025\/11\/csm_Bodenprobe_Regenwurm_Thomas_Alfoeldi_FiBL_1200_b66631d4be.jpg","width":700,"height":464,"caption":"Bild: FiBL, Thomas Alf\u00f6ldi"},{"@type":"BreadcrumbList","@id":"https:\/\/permakultur-landwirtschaft.org\/regenerative-landwirtschaft-da-passiert-ploetzlich-etwas-beitrag-vom-30-oktober-2025\/#breadcrumb","itemListElement":[{"@type":"ListItem","position":1,"name":"Startseite","item":"https:\/\/permakultur-landwirtschaft.org\/"},{"@type":"ListItem","position":2,"name":"Regenerative Landwirtschaft: \u00abDa passiert pl\u00f6tzlich etwas\u00bb &#8211; Beitrag vom 30. Oktober 2025"}]},{"@type":"WebSite","@id":"https:\/\/permakultur-landwirtschaft.org\/#website","url":"https:\/\/permakultur-landwirtschaft.org\/","name":"Permakultur-Landwirtschaft","description":"F\u00f6rderung der Permakultur in der Landwirtschaft","publisher":{"@id":"https:\/\/permakultur-landwirtschaft.org\/#organization"},"potentialAction":[{"@type":"SearchAction","target":{"@type":"EntryPoint","urlTemplate":"https:\/\/permakultur-landwirtschaft.org\/?s={search_term_string}"},"query-input":{"@type":"PropertyValueSpecification","valueRequired":true,"valueName":"search_term_string"}}],"inLanguage":"fr-FR"},{"@type":"Organization","@id":"https:\/\/permakultur-landwirtschaft.org\/#organization","name":"Permakultur-Landwirtschaft","alternateName":"Verein Permakultur-Landwirtschaft","url":"https:\/\/permakultur-landwirtschaft.org\/","logo":{"@type":"ImageObject","inLanguage":"fr-FR","@id":"https:\/\/permakultur-landwirtschaft.org\/#\/schema\/logo\/image\/","url":"https:\/\/permakultur-landwirtschaft.org\/wp-content\/uploads\/2021\/11\/pela_1268x1269.png","contentUrl":"https:\/\/permakultur-landwirtschaft.org\/wp-content\/uploads\/2021\/11\/pela_1268x1269.png","width":1298,"height":1269,"caption":"Permakultur-Landwirtschaft"},"image":{"@id":"https:\/\/permakultur-landwirtschaft.org\/#\/schema\/logo\/image\/"},"sameAs":["https:\/\/www.facebook.com\/PermakulturLandwirtschaft","https:\/\/www.instagram.com\/permakultur_landwirtschaft\/","https:\/\/www.flickr.com\/photos\/permakultur-landwirtschaft","https:\/\/www.youtube.com\/@PermakulturLandwirtschaft"]},{"@type":"Person","@id":"https:\/\/permakultur-landwirtschaft.org\/#\/schema\/person\/6b0467872f75aed3e144093f9bf4f0b0","name":"adrian reutimann","url":"https:\/\/permakultur-landwirtschaft.org\/fr\/author\/reutiadr\/"}]}},"_links":{"self":[{"href":"https:\/\/permakultur-landwirtschaft.org\/fr\/wp-json\/wp\/v2\/posts\/37326","targetHints":{"allow":["GET"]}}],"collection":[{"href":"https:\/\/permakultur-landwirtschaft.org\/fr\/wp-json\/wp\/v2\/posts"}],"about":[{"href":"https:\/\/permakultur-landwirtschaft.org\/fr\/wp-json\/wp\/v2\/types\/post"}],"author":[{"embeddable":true,"href":"https:\/\/permakultur-landwirtschaft.org\/fr\/wp-json\/wp\/v2\/users\/2"}],"replies":[{"embeddable":true,"href":"https:\/\/permakultur-landwirtschaft.org\/fr\/wp-json\/wp\/v2\/comments?post=37326"}],"version-history":[{"count":1,"href":"https:\/\/permakultur-landwirtschaft.org\/fr\/wp-json\/wp\/v2\/posts\/37326\/revisions"}],"predecessor-version":[{"id":37328,"href":"https:\/\/permakultur-landwirtschaft.org\/fr\/wp-json\/wp\/v2\/posts\/37326\/revisions\/37328"}],"wp:featuredmedia":[{"embeddable":true,"href":"https:\/\/permakultur-landwirtschaft.org\/fr\/wp-json\/wp\/v2\/media\/37327"}],"wp:attachment":[{"href":"https:\/\/permakultur-landwirtschaft.org\/fr\/wp-json\/wp\/v2\/media?parent=37326"}],"wp:term":[{"taxonomy":"category","embeddable":true,"href":"https:\/\/permakultur-landwirtschaft.org\/fr\/wp-json\/wp\/v2\/categories?post=37326"},{"taxonomy":"post_tag","embeddable":true,"href":"https:\/\/permakultur-landwirtschaft.org\/fr\/wp-json\/wp\/v2\/tags?post=37326"}],"curies":[{"name":"wp","href":"https:\/\/api.w.org\/{rel}","templated":true}]}}