{"id":37305,"date":"2025-10-30T15:28:39","date_gmt":"2025-10-30T14:28:39","guid":{"rendered":"https:\/\/permakultur-landwirtschaft.org\/?p=37305"},"modified":"2025-10-30T15:30:26","modified_gmt":"2025-10-30T14:30:26","slug":"moderne-agroforstsysteme-in-der-schweiz-anlass-am-25-november-2025","status":"publish","type":"post","link":"https:\/\/permakultur-landwirtschaft.org\/fr\/moderne-agroforstsysteme-in-der-schweiz-anlass-am-25-november-2025\/","title":{"rendered":"Moderne Agroforstsysteme in der Schweiz &#8211; Anlass am 25. November 2025"},"content":{"rendered":"<p>Text von www.inforama.ch:<\/p>\n\n\n\n<p>An diesem Online Anlass wird uns Johanna Schoop erkl\u00e4ren, wie moderne Agroforstsysteme in der Schweiz aussehen k\u00f6nnen und welche Chancen und Herausforderungen mit deren Umsetzung verbunden sind. Sie ist verantwortlich f\u00fcr das Ressourcenprojekt Agro4esterie und hat deshalb in den letzten Jahren die Agroforst Entwicklung in der Schweiz nah miterlebt. <\/p>\n\n\n\n<p>Im Rahmen dieses Projekts wurden vorwiegend in der Westschweiz auf \u00fcber 100 Betrieben Agroforstsysteme angelegt (inkl. Futterhecken und B\u00e4ume als Strukturen in Schweine- und Gefl\u00fcgelausl\u00e4ufen). Anschliessend an den Fachinput werden Fragen der Teilnehmenden beantwortet.<\/p>\n\n\n\n<p>Kurskosten<br>Fr. 40.00<\/p>\n\n\n\n<h2 class=\"wp-block-heading\">Date<\/h2>\n\n\n\n<p>25. November 2025, 10:00 &#8211; 11:45<\/p>\n\n\n\n<p><a href=\"https:\/\/www.inforama.ch\/kurse#\/weiterbildung\/biolandbau_und_nachhaltige_produktionssysteme\/38072\" target=\"_blank\" rel=\"noreferrer noopener\">Link zu mehr Infos und Anmeldung<\/a><\/p>\n\n\n\n<p><a href=\"https:\/\/www.blw.admin.ch\/de\/ressourcenprojekt-agro4esterie#Projektdokumentation\" target=\"_blank\" rel=\"noreferrer noopener\">Link zum Ressourcenprojekt Agro4esterie<\/a><\/p>","protected":false},"excerpt":{"rendered":"<p>Text von www.inforama.ch: An diesem Online Anlass wird uns Johanna Schoop erkl\u00e4ren, wie moderne Agroforstsysteme in der Schweiz aussehen k\u00f6nnen und welche Chancen und Herausforderungen mit deren Umsetzung verbunden sind. Sie ist verantwortlich f\u00fcr das Ressourcenprojekt Agro4esterie und hat deshalb in den letzten Jahren die Agroforst Entwicklung in der Schweiz nah miterlebt. Im Rahmen dieses [&hellip;]<\/p>\n","protected":false},"author":2,"featured_media":34695,"comment_status":"closed","ping_status":"closed","sticky":false,"template":"","format":"standard","meta":{"_acf_changed":false,"site-sidebar-layout":"default","site-content-layout":"","ast-site-content-layout":"default","site-content-style":"default","site-sidebar-style":"default","ast-global-header-display":"","ast-banner-title-visibility":"","ast-main-header-display":"","ast-hfb-above-header-display":"","ast-hfb-below-header-display":"","ast-hfb-mobile-header-display":"","site-post-title":"","ast-breadcrumbs-content":"","ast-featured-img":"","footer-sml-layout":"","ast-disable-related-posts":"","theme-transparent-header-meta":"","adv-header-id-meta":"","stick-header-meta":"","header-above-stick-meta":"","header-main-stick-meta":"","header-below-stick-meta":"","astra-migrate-meta-layouts":"set","ast-page-background-enabled":"default","ast-page-background-meta":{"desktop":{"background-color":"var(--ast-global-color-4)","background-image":"","background-repeat":"repeat","background-position":"center center","background-size":"auto","background-attachment":"scroll","background-type":"","background-media":"","overlay-type":"","overlay-color":"","overlay-opacity":"","overlay-gradient":""},"tablet":{"background-color":"","background-image":"","background-repeat":"repeat","background-position":"center center","background-size":"auto","background-attachment":"scroll","background-type":"","background-media":"","overlay-type":"","overlay-color":"","overlay-opacity":"","overlay-gradient":""},"mobile":{"background-color":"","background-image":"","background-repeat":"repeat","background-position":"center center","background-size":"auto","background-attachment":"scroll","background-type":"","background-media":"","overlay-type":"","overlay-color":"","overlay-opacity":"","overlay-gradient":""}},"ast-content-background-meta":{"desktop":{"background-color":"var(--ast-global-color-5)","background-image":"","background-repeat":"repeat","background-position":"center center","background-size":"auto","background-attachment":"scroll","background-type":"","background-media":"","overlay-type":"","overlay-color":"","overlay-opacity":"","overlay-gradient":""},"tablet":{"background-color":"var(--ast-global-color-5)","background-image":"","background-repeat":"repeat","background-position":"center center","background-size":"auto","background-attachment":"scroll","background-type":"","background-media":"","overlay-type":"","overlay-color":"","overlay-opacity":"","overlay-gradient":""},"mobile":{"background-color":"var(--ast-global-color-5)","background-image":"","background-repeat":"repeat","background-position":"center center","background-size":"auto","background-attachment":"scroll","background-type":"","background-media":"","overlay-type":"","overlay-color":"","overlay-opacity":"","overlay-gradient":""}},"footnotes":""},"categories":[14],"tags":[31,35,974,83],"class_list":["post-37305","post","type-post","status-publish","format-standard","has-post-thumbnail","hentry","category-veranstaltung","tag-agroforst","tag-inforama","tag-johanna-schoop","tag-online"],"acf":[],"yoast_head":"<!-- This site is optimized with the Yoast SEO plugin v27.4 - https:\/\/yoast.com\/product\/yoast-seo-wordpress\/ -->\n<title>Moderne Agroforstsysteme in der Schweiz - Anlass am 25. November 2025 - Permakultur-Landwirtschaft<\/title>\n<meta name=\"description\" content=\"Wie k\u00f6nnen moderne Agroforstsysteme in der Schweiz aussehen und welche Chancen und Herausforderungen sind mit deren Umsetzung verbunden.\" \/>\n<meta name=\"robots\" content=\"index, follow, max-snippet:-1, max-image-preview:large, max-video-preview:-1\" \/>\n<link rel=\"canonical\" href=\"https:\/\/permakultur-landwirtschaft.org\/fr\/moderne-agroforstsysteme-in-der-schweiz-anlass-am-25-november-2025\/\" \/>\n<meta property=\"og:locale\" content=\"fr_FR\" \/>\n<meta property=\"og:type\" content=\"article\" \/>\n<meta property=\"og:title\" content=\"Moderne Agroforstsysteme in der Schweiz - Anlass am 25. November 2025 - Permakultur-Landwirtschaft\" \/>\n<meta property=\"og:description\" content=\"Wie k\u00f6nnen moderne Agroforstsysteme in der Schweiz aussehen und welche Chancen und Herausforderungen sind mit deren Umsetzung verbunden.\" \/>\n<meta property=\"og:url\" content=\"https:\/\/permakultur-landwirtschaft.org\/fr\/moderne-agroforstsysteme-in-der-schweiz-anlass-am-25-november-2025\/\" \/>\n<meta property=\"og:site_name\" content=\"Permakultur-Landwirtschaft\" \/>\n<meta property=\"article:publisher\" content=\"https:\/\/www.facebook.com\/PermakulturLandwirtschaft\" \/>\n<meta property=\"article:published_time\" content=\"2025-10-30T14:28:39+00:00\" \/>\n<meta property=\"article:modified_time\" content=\"2025-10-30T14:30:26+00:00\" \/>\n<meta property=\"og:image\" content=\"https:\/\/permakultur-landwirtschaft.org\/wp-content\/uploads\/2023\/04\/Agroforst-auf-dem-Eulenhof-3_small.jpg\" \/>\n\t<meta property=\"og:image:width\" content=\"700\" \/>\n\t<meta property=\"og:image:height\" content=\"462\" \/>\n\t<meta property=\"og:image:type\" content=\"image\/jpeg\" \/>\n<meta name=\"author\" content=\"adrian reutimann\" \/>\n<meta name=\"twitter:card\" content=\"summary_large_image\" \/>\n<meta name=\"twitter:label1\" content=\"\u00c9crit par\" \/>\n\t<meta name=\"twitter:data1\" content=\"adrian reutimann\" \/>\n\t<meta name=\"twitter:label2\" content=\"Dur\u00e9e de lecture estim\u00e9e\" \/>\n\t<meta name=\"twitter:data2\" content=\"1 minute\" \/>\n<script type=\"application\/ld+json\" class=\"yoast-schema-graph\">{\"@context\":\"https:\\\/\\\/schema.org\",\"@graph\":[{\"@type\":\"Article\",\"@id\":\"https:\\\/\\\/permakultur-landwirtschaft.org\\\/moderne-agroforstsysteme-in-der-schweiz-anlass-am-25-november-2025\\\/#article\",\"isPartOf\":{\"@id\":\"https:\\\/\\\/permakultur-landwirtschaft.org\\\/moderne-agroforstsysteme-in-der-schweiz-anlass-am-25-november-2025\\\/\"},\"author\":{\"name\":\"adrian reutimann\",\"@id\":\"https:\\\/\\\/permakultur-landwirtschaft.org\\\/#\\\/schema\\\/person\\\/6b0467872f75aed3e144093f9bf4f0b0\"},\"headline\":\"Moderne Agroforstsysteme in der Schweiz &#8211; Anlass am 25. November 2025\",\"datePublished\":\"2025-10-30T14:28:39+00:00\",\"dateModified\":\"2025-10-30T14:30:26+00:00\",\"mainEntityOfPage\":{\"@id\":\"https:\\\/\\\/permakultur-landwirtschaft.org\\\/moderne-agroforstsysteme-in-der-schweiz-anlass-am-25-november-2025\\\/\"},\"wordCount\":118,\"publisher\":{\"@id\":\"https:\\\/\\\/permakultur-landwirtschaft.org\\\/#organization\"},\"image\":{\"@id\":\"https:\\\/\\\/permakultur-landwirtschaft.org\\\/moderne-agroforstsysteme-in-der-schweiz-anlass-am-25-november-2025\\\/#primaryimage\"},\"thumbnailUrl\":\"https:\\\/\\\/permakultur-landwirtschaft.org\\\/wp-content\\\/uploads\\\/2023\\\/04\\\/Agroforst-auf-dem-Eulenhof-3_small.jpg\",\"keywords\":[\"Agroforst\",\"Inforama\",\"Johanna Schoop\",\"online\"],\"articleSection\":[\"Veranstaltung\"],\"inLanguage\":\"fr-FR\"},{\"@type\":\"WebPage\",\"@id\":\"https:\\\/\\\/permakultur-landwirtschaft.org\\\/moderne-agroforstsysteme-in-der-schweiz-anlass-am-25-november-2025\\\/\",\"url\":\"https:\\\/\\\/permakultur-landwirtschaft.org\\\/moderne-agroforstsysteme-in-der-schweiz-anlass-am-25-november-2025\\\/\",\"name\":\"Moderne Agroforstsysteme in der Schweiz - Anlass am 25. November 2025 - Permakultur-Landwirtschaft\",\"isPartOf\":{\"@id\":\"https:\\\/\\\/permakultur-landwirtschaft.org\\\/#website\"},\"primaryImageOfPage\":{\"@id\":\"https:\\\/\\\/permakultur-landwirtschaft.org\\\/moderne-agroforstsysteme-in-der-schweiz-anlass-am-25-november-2025\\\/#primaryimage\"},\"image\":{\"@id\":\"https:\\\/\\\/permakultur-landwirtschaft.org\\\/moderne-agroforstsysteme-in-der-schweiz-anlass-am-25-november-2025\\\/#primaryimage\"},\"thumbnailUrl\":\"https:\\\/\\\/permakultur-landwirtschaft.org\\\/wp-content\\\/uploads\\\/2023\\\/04\\\/Agroforst-auf-dem-Eulenhof-3_small.jpg\",\"datePublished\":\"2025-10-30T14:28:39+00:00\",\"dateModified\":\"2025-10-30T14:30:26+00:00\",\"description\":\"Wie k\u00f6nnen moderne Agroforstsysteme in der Schweiz aussehen und welche Chancen und Herausforderungen sind mit deren Umsetzung verbunden.\",\"breadcrumb\":{\"@id\":\"https:\\\/\\\/permakultur-landwirtschaft.org\\\/moderne-agroforstsysteme-in-der-schweiz-anlass-am-25-november-2025\\\/#breadcrumb\"},\"inLanguage\":\"fr-FR\",\"potentialAction\":[{\"@type\":\"ReadAction\",\"target\":[\"https:\\\/\\\/permakultur-landwirtschaft.org\\\/moderne-agroforstsysteme-in-der-schweiz-anlass-am-25-november-2025\\\/\"]}]},{\"@type\":\"ImageObject\",\"inLanguage\":\"fr-FR\",\"@id\":\"https:\\\/\\\/permakultur-landwirtschaft.org\\\/moderne-agroforstsysteme-in-der-schweiz-anlass-am-25-november-2025\\\/#primaryimage\",\"url\":\"https:\\\/\\\/permakultur-landwirtschaft.org\\\/wp-content\\\/uploads\\\/2023\\\/04\\\/Agroforst-auf-dem-Eulenhof-3_small.jpg\",\"contentUrl\":\"https:\\\/\\\/permakultur-landwirtschaft.org\\\/wp-content\\\/uploads\\\/2023\\\/04\\\/Agroforst-auf-dem-Eulenhof-3_small.jpg\",\"width\":700,\"height\":462},{\"@type\":\"BreadcrumbList\",\"@id\":\"https:\\\/\\\/permakultur-landwirtschaft.org\\\/moderne-agroforstsysteme-in-der-schweiz-anlass-am-25-november-2025\\\/#breadcrumb\",\"itemListElement\":[{\"@type\":\"ListItem\",\"position\":1,\"name\":\"Startseite\",\"item\":\"https:\\\/\\\/permakultur-landwirtschaft.org\\\/\"},{\"@type\":\"ListItem\",\"position\":2,\"name\":\"Moderne Agroforstsysteme in der Schweiz &#8211; Anlass am 25. November 2025\"}]},{\"@type\":\"WebSite\",\"@id\":\"https:\\\/\\\/permakultur-landwirtschaft.org\\\/#website\",\"url\":\"https:\\\/\\\/permakultur-landwirtschaft.org\\\/\",\"name\":\"Permakultur-Landwirtschaft\",\"description\":\"F\u00f6rderung der Permakultur in der Landwirtschaft\",\"publisher\":{\"@id\":\"https:\\\/\\\/permakultur-landwirtschaft.org\\\/#organization\"},\"potentialAction\":[{\"@type\":\"SearchAction\",\"target\":{\"@type\":\"EntryPoint\",\"urlTemplate\":\"https:\\\/\\\/permakultur-landwirtschaft.org\\\/?s={search_term_string}\"},\"query-input\":{\"@type\":\"PropertyValueSpecification\",\"valueRequired\":true,\"valueName\":\"search_term_string\"}}],\"inLanguage\":\"fr-FR\"},{\"@type\":\"Organization\",\"@id\":\"https:\\\/\\\/permakultur-landwirtschaft.org\\\/#organization\",\"name\":\"Permakultur-Landwirtschaft\",\"alternateName\":\"Verein Permakultur-Landwirtschaft\",\"url\":\"https:\\\/\\\/permakultur-landwirtschaft.org\\\/\",\"logo\":{\"@type\":\"ImageObject\",\"inLanguage\":\"fr-FR\",\"@id\":\"https:\\\/\\\/permakultur-landwirtschaft.org\\\/#\\\/schema\\\/logo\\\/image\\\/\",\"url\":\"https:\\\/\\\/permakultur-landwirtschaft.org\\\/wp-content\\\/uploads\\\/2021\\\/11\\\/pela_1268x1269.png\",\"contentUrl\":\"https:\\\/\\\/permakultur-landwirtschaft.org\\\/wp-content\\\/uploads\\\/2021\\\/11\\\/pela_1268x1269.png\",\"width\":1298,\"height\":1269,\"caption\":\"Permakultur-Landwirtschaft\"},\"image\":{\"@id\":\"https:\\\/\\\/permakultur-landwirtschaft.org\\\/#\\\/schema\\\/logo\\\/image\\\/\"},\"sameAs\":[\"https:\\\/\\\/www.facebook.com\\\/PermakulturLandwirtschaft\",\"https:\\\/\\\/www.instagram.com\\\/permakultur_landwirtschaft\\\/\",\"https:\\\/\\\/www.flickr.com\\\/photos\\\/permakultur-landwirtschaft\",\"https:\\\/\\\/www.youtube.com\\\/@PermakulturLandwirtschaft\"]},{\"@type\":\"Person\",\"@id\":\"https:\\\/\\\/permakultur-landwirtschaft.org\\\/#\\\/schema\\\/person\\\/6b0467872f75aed3e144093f9bf4f0b0\",\"name\":\"adrian reutimann\",\"url\":\"https:\\\/\\\/permakultur-landwirtschaft.org\\\/fr\\\/author\\\/reutiadr\\\/\"}]}<\/script>\n<!-- \/ Yoast SEO plugin. -->","yoast_head_json":{"title":"Moderne Agroforstsysteme in der Schweiz - Anlass am 25. November 2025 - Permakultur-Landwirtschaft","description":"Wie k\u00f6nnen moderne Agroforstsysteme in der Schweiz aussehen und welche Chancen und Herausforderungen sind mit deren Umsetzung verbunden.","robots":{"index":"index","follow":"follow","max-snippet":"max-snippet:-1","max-image-preview":"max-image-preview:large","max-video-preview":"max-video-preview:-1"},"canonical":"https:\/\/permakultur-landwirtschaft.org\/fr\/moderne-agroforstsysteme-in-der-schweiz-anlass-am-25-november-2025\/","og_locale":"fr_FR","og_type":"article","og_title":"Moderne Agroforstsysteme in der Schweiz - Anlass am 25. November 2025 - Permakultur-Landwirtschaft","og_description":"Wie k\u00f6nnen moderne Agroforstsysteme in der Schweiz aussehen und welche Chancen und Herausforderungen sind mit deren Umsetzung verbunden.","og_url":"https:\/\/permakultur-landwirtschaft.org\/fr\/moderne-agroforstsysteme-in-der-schweiz-anlass-am-25-november-2025\/","og_site_name":"Permakultur-Landwirtschaft","article_publisher":"https:\/\/www.facebook.com\/PermakulturLandwirtschaft","article_published_time":"2025-10-30T14:28:39+00:00","article_modified_time":"2025-10-30T14:30:26+00:00","og_image":[{"width":700,"height":462,"url":"https:\/\/permakultur-landwirtschaft.org\/wp-content\/uploads\/2023\/04\/Agroforst-auf-dem-Eulenhof-3_small.jpg","type":"image\/jpeg"}],"author":"adrian reutimann","twitter_card":"summary_large_image","twitter_misc":{"\u00c9crit par":"adrian reutimann","Dur\u00e9e de lecture estim\u00e9e":"1 minute"},"schema":{"@context":"https:\/\/schema.org","@graph":[{"@type":"Article","@id":"https:\/\/permakultur-landwirtschaft.org\/moderne-agroforstsysteme-in-der-schweiz-anlass-am-25-november-2025\/#article","isPartOf":{"@id":"https:\/\/permakultur-landwirtschaft.org\/moderne-agroforstsysteme-in-der-schweiz-anlass-am-25-november-2025\/"},"author":{"name":"adrian reutimann","@id":"https:\/\/permakultur-landwirtschaft.org\/#\/schema\/person\/6b0467872f75aed3e144093f9bf4f0b0"},"headline":"Moderne Agroforstsysteme in der Schweiz &#8211; Anlass am 25. November 2025","datePublished":"2025-10-30T14:28:39+00:00","dateModified":"2025-10-30T14:30:26+00:00","mainEntityOfPage":{"@id":"https:\/\/permakultur-landwirtschaft.org\/moderne-agroforstsysteme-in-der-schweiz-anlass-am-25-november-2025\/"},"wordCount":118,"publisher":{"@id":"https:\/\/permakultur-landwirtschaft.org\/#organization"},"image":{"@id":"https:\/\/permakultur-landwirtschaft.org\/moderne-agroforstsysteme-in-der-schweiz-anlass-am-25-november-2025\/#primaryimage"},"thumbnailUrl":"https:\/\/permakultur-landwirtschaft.org\/wp-content\/uploads\/2023\/04\/Agroforst-auf-dem-Eulenhof-3_small.jpg","keywords":["Agroforst","Inforama","Johanna Schoop","online"],"articleSection":["Veranstaltung"],"inLanguage":"fr-FR"},{"@type":"WebPage","@id":"https:\/\/permakultur-landwirtschaft.org\/moderne-agroforstsysteme-in-der-schweiz-anlass-am-25-november-2025\/","url":"https:\/\/permakultur-landwirtschaft.org\/moderne-agroforstsysteme-in-der-schweiz-anlass-am-25-november-2025\/","name":"Moderne Agroforstsysteme in der Schweiz - Anlass am 25. November 2025 - Permakultur-Landwirtschaft","isPartOf":{"@id":"https:\/\/permakultur-landwirtschaft.org\/#website"},"primaryImageOfPage":{"@id":"https:\/\/permakultur-landwirtschaft.org\/moderne-agroforstsysteme-in-der-schweiz-anlass-am-25-november-2025\/#primaryimage"},"image":{"@id":"https:\/\/permakultur-landwirtschaft.org\/moderne-agroforstsysteme-in-der-schweiz-anlass-am-25-november-2025\/#primaryimage"},"thumbnailUrl":"https:\/\/permakultur-landwirtschaft.org\/wp-content\/uploads\/2023\/04\/Agroforst-auf-dem-Eulenhof-3_small.jpg","datePublished":"2025-10-30T14:28:39+00:00","dateModified":"2025-10-30T14:30:26+00:00","description":"Wie k\u00f6nnen moderne Agroforstsysteme in der Schweiz aussehen und welche Chancen und Herausforderungen sind mit deren Umsetzung verbunden.","breadcrumb":{"@id":"https:\/\/permakultur-landwirtschaft.org\/moderne-agroforstsysteme-in-der-schweiz-anlass-am-25-november-2025\/#breadcrumb"},"inLanguage":"fr-FR","potentialAction":[{"@type":"ReadAction","target":["https:\/\/permakultur-landwirtschaft.org\/moderne-agroforstsysteme-in-der-schweiz-anlass-am-25-november-2025\/"]}]},{"@type":"ImageObject","inLanguage":"fr-FR","@id":"https:\/\/permakultur-landwirtschaft.org\/moderne-agroforstsysteme-in-der-schweiz-anlass-am-25-november-2025\/#primaryimage","url":"https:\/\/permakultur-landwirtschaft.org\/wp-content\/uploads\/2023\/04\/Agroforst-auf-dem-Eulenhof-3_small.jpg","contentUrl":"https:\/\/permakultur-landwirtschaft.org\/wp-content\/uploads\/2023\/04\/Agroforst-auf-dem-Eulenhof-3_small.jpg","width":700,"height":462},{"@type":"BreadcrumbList","@id":"https:\/\/permakultur-landwirtschaft.org\/moderne-agroforstsysteme-in-der-schweiz-anlass-am-25-november-2025\/#breadcrumb","itemListElement":[{"@type":"ListItem","position":1,"name":"Startseite","item":"https:\/\/permakultur-landwirtschaft.org\/"},{"@type":"ListItem","position":2,"name":"Moderne Agroforstsysteme in der Schweiz &#8211; Anlass am 25. November 2025"}]},{"@type":"WebSite","@id":"https:\/\/permakultur-landwirtschaft.org\/#website","url":"https:\/\/permakultur-landwirtschaft.org\/","name":"Permakultur-Landwirtschaft","description":"F\u00f6rderung der Permakultur in der Landwirtschaft","publisher":{"@id":"https:\/\/permakultur-landwirtschaft.org\/#organization"},"potentialAction":[{"@type":"SearchAction","target":{"@type":"EntryPoint","urlTemplate":"https:\/\/permakultur-landwirtschaft.org\/?s={search_term_string}"},"query-input":{"@type":"PropertyValueSpecification","valueRequired":true,"valueName":"search_term_string"}}],"inLanguage":"fr-FR"},{"@type":"Organization","@id":"https:\/\/permakultur-landwirtschaft.org\/#organization","name":"Permakultur-Landwirtschaft","alternateName":"Verein Permakultur-Landwirtschaft","url":"https:\/\/permakultur-landwirtschaft.org\/","logo":{"@type":"ImageObject","inLanguage":"fr-FR","@id":"https:\/\/permakultur-landwirtschaft.org\/#\/schema\/logo\/image\/","url":"https:\/\/permakultur-landwirtschaft.org\/wp-content\/uploads\/2021\/11\/pela_1268x1269.png","contentUrl":"https:\/\/permakultur-landwirtschaft.org\/wp-content\/uploads\/2021\/11\/pela_1268x1269.png","width":1298,"height":1269,"caption":"Permakultur-Landwirtschaft"},"image":{"@id":"https:\/\/permakultur-landwirtschaft.org\/#\/schema\/logo\/image\/"},"sameAs":["https:\/\/www.facebook.com\/PermakulturLandwirtschaft","https:\/\/www.instagram.com\/permakultur_landwirtschaft\/","https:\/\/www.flickr.com\/photos\/permakultur-landwirtschaft","https:\/\/www.youtube.com\/@PermakulturLandwirtschaft"]},{"@type":"Person","@id":"https:\/\/permakultur-landwirtschaft.org\/#\/schema\/person\/6b0467872f75aed3e144093f9bf4f0b0","name":"adrian reutimann","url":"https:\/\/permakultur-landwirtschaft.org\/fr\/author\/reutiadr\/"}]}},"_links":{"self":[{"href":"https:\/\/permakultur-landwirtschaft.org\/fr\/wp-json\/wp\/v2\/posts\/37305","targetHints":{"allow":["GET"]}}],"collection":[{"href":"https:\/\/permakultur-landwirtschaft.org\/fr\/wp-json\/wp\/v2\/posts"}],"about":[{"href":"https:\/\/permakultur-landwirtschaft.org\/fr\/wp-json\/wp\/v2\/types\/post"}],"author":[{"embeddable":true,"href":"https:\/\/permakultur-landwirtschaft.org\/fr\/wp-json\/wp\/v2\/users\/2"}],"replies":[{"embeddable":true,"href":"https:\/\/permakultur-landwirtschaft.org\/fr\/wp-json\/wp\/v2\/comments?post=37305"}],"version-history":[{"count":2,"href":"https:\/\/permakultur-landwirtschaft.org\/fr\/wp-json\/wp\/v2\/posts\/37305\/revisions"}],"predecessor-version":[{"id":37308,"href":"https:\/\/permakultur-landwirtschaft.org\/fr\/wp-json\/wp\/v2\/posts\/37305\/revisions\/37308"}],"wp:featuredmedia":[{"embeddable":true,"href":"https:\/\/permakultur-landwirtschaft.org\/fr\/wp-json\/wp\/v2\/media\/34695"}],"wp:attachment":[{"href":"https:\/\/permakultur-landwirtschaft.org\/fr\/wp-json\/wp\/v2\/media?parent=37305"}],"wp:term":[{"taxonomy":"category","embeddable":true,"href":"https:\/\/permakultur-landwirtschaft.org\/fr\/wp-json\/wp\/v2\/categories?post=37305"},{"taxonomy":"post_tag","embeddable":true,"href":"https:\/\/permakultur-landwirtschaft.org\/fr\/wp-json\/wp\/v2\/tags?post=37305"}],"curies":[{"name":"wp","href":"https:\/\/api.w.org\/{rel}","templated":true}]}}