{"id":37301,"date":"2025-10-27T11:21:16","date_gmt":"2025-10-27T10:21:16","guid":{"rendered":"https:\/\/permakultur-landwirtschaft.org\/?p=37301"},"modified":"2025-10-27T11:21:17","modified_gmt":"2025-10-27T10:21:17","slug":"regenerative-landwirtschaft-von-praktiken-versprechen-und-realitaeten-webinar-am-05-november-2025","status":"publish","type":"post","link":"https:\/\/permakultur-landwirtschaft.org\/fr\/regenerative-landwirtschaft-von-praktiken-versprechen-und-realitaeten-webinar-am-05-november-2025\/","title":{"rendered":"Regenerative Landwirtschaft: von Praktiken, Versprechen und Realit\u00e4ten &#8211; Webinar am 05. November 2025"},"content":{"rendered":"<p>Text von www.swissaid.ch:<\/p>\n\n\n\n<p>In einer neuen Publikation, begleitet von einem Webinar am 5. November 2025, befasst sich SWISSAID mit einem Thema, das in Nachhaltigkeitsdebatten zunehmend an Bedeutung gewinnt: der regenerativen Landwirtschaft. Doch was verbirgt sich hinter diesem Konzept? Wie kann es zum Kampf gegen den Klimawandel beitragen? Und wie k\u00f6nnen wir wahre nachhaltige Praktiken von blossem Marketing unterscheiden?<\/p>\n\n\n\n<p>Die regenerative Landwirtschaft ist kein neuer Ansatz. Wie es ihr Name schon sagt, soll die Methode dabei helfen, B\u00f6den zu regenerieren und die Biodiversit\u00e4t wiederherzustellen. Ihre Grundprinzipien \u00e4hneln denen der Agrar\u00f6kologie sehr: Fruchtfolge und Anbauvielfalt, die Verbesserung der Bodengesundheit sowie der Verzicht auf chemische Hilfsstoffe.<\/p>\n\n\n\n<p>Seit einigen Jahren gewinnt der Begriff an Popularit\u00e4t. Seien es Unternehmen, NGOs oder Regierungen: Sie beziehen sich in ihren Strategien f\u00fcr eine nachhaltige Entwicklung oft auf die regenerative Landwirtschaft. Das Problem: Es gibt keine einheitliche Definition ihrer Praktiken, sodass jeder und jede sie sehr unterschiedlich interpretieren kann.<\/p>\n\n\n\n<h2 class=\"wp-block-heading\">Unter die Lupe genommen<\/h2>\n\n\n\n<p>Unsere neue Publikation \u00abVon Worten zu Taten? Wie regenerative Landwirtschaft zu klimaresistenten Ern\u00e4hrungssystemen beitr\u00e4gt\u00bb wirft einen Blick auf die Vorteile der Methode. Sie beleuchtet ausserdem, wie unterschiedliche Akteure das Konzept definieren. Welche Praktiken und Indikatoren verwenden sie? Wie lassen sich die umgesetzten Massnahmen zuverl\u00e4ssig \u00fcberpr\u00fcfen? Inwiefern unterscheidet sich die regenerative Landwirtschaft von der Agrar\u00f6kologie?<\/p>\n\n\n\n<p>Zusammen mit Partnern aus der Wissenschaft hat SWISSAID insbesondere die Kakao- und Kaffeeproduktion in der Elfenbeink\u00fcste, in Kenia und in Uganda unter die Lupe genommen. Das hat zwei Gr\u00fcnde: Einerseits nehmen diese Produktionen einen zentralen Platz in den Handelsbeziehungen zwischen dem Globalen Norden und dem Globalen S\u00fcden sowie in den Wertsch\u00f6pfungsketten mehrerer Schweizer Unternehmen ein. Andererseits steht sowohl die Kakao- als auch die Kaffeebranche im Mittelpunkt vieler Projekte zur regenerativen Landwirtschaft.<\/p>\n\n\n\n<p>Unsere Publikation ist bald online verf\u00fcgbar.<\/p>\n\n\n\n<p>Wir werden die obige Fragen jedoch auch in einem Webinar er\u00f6rtern mit folgenden G\u00e4sten:<\/p>\n\n\n\n<ul class=\"wp-block-list\">\n<li>Prof. Heitor Mancini Teixeira, Departement f\u00fcr Bodenkunde, Universidade Federal de Vi\u00e7osa<\/li>\n\n\n\n<li>Sonja Tschirren, Themenverantwortliche Klimawandel, SWISSAID<\/li>\n\n\n\n<li>Eve Fraser, Analystin f\u00fcr Umweltpolitik, NewClimate Institute<\/li>\n<\/ul>\n\n\n\n<p>Nehmen Sie am Mittwoch, 5. November 2025, um 12:15 Uhr (Schweizer Zeit) teil und diskutieren Sie mit uns mit.<\/p>\n\n\n\n<h2 class=\"wp-block-heading\">Date<\/h2>\n\n\n\n<p>Mittwoch, 05. November 2025, 12:15<\/p>\n\n\n\n<p><a href=\"https:\/\/www.swissaid.ch\/de\/beitraege\/regenerative-landwirtschaft\/\" target=\"_blank\" rel=\"noreferrer noopener\">Link zu mehr Infos und Anmeldung<\/a><\/p>","protected":false},"excerpt":{"rendered":"<p>Text von www.swissaid.ch: In einer neuen Publikation, begleitet von einem Webinar am 5. November 2025, befasst sich SWISSAID mit einem Thema, das in Nachhaltigkeitsdebatten zunehmend an Bedeutung gewinnt: der regenerativen Landwirtschaft. Doch was verbirgt sich hinter diesem Konzept? Wie kann es zum Kampf gegen den Klimawandel beitragen? Und wie k\u00f6nnen wir wahre nachhaltige Praktiken von [&hellip;]<\/p>\n","protected":false},"author":2,"featured_media":37302,"comment_status":"closed","ping_status":"closed","sticky":false,"template":"","format":"standard","meta":{"_acf_changed":false,"site-sidebar-layout":"default","site-content-layout":"","ast-site-content-layout":"default","site-content-style":"default","site-sidebar-style":"default","ast-global-header-display":"","ast-banner-title-visibility":"","ast-main-header-display":"","ast-hfb-above-header-display":"","ast-hfb-below-header-display":"","ast-hfb-mobile-header-display":"","site-post-title":"","ast-breadcrumbs-content":"","ast-featured-img":"","footer-sml-layout":"","ast-disable-related-posts":"","theme-transparent-header-meta":"","adv-header-id-meta":"","stick-header-meta":"","header-above-stick-meta":"","header-main-stick-meta":"","header-below-stick-meta":"","astra-migrate-meta-layouts":"set","ast-page-background-enabled":"default","ast-page-background-meta":{"desktop":{"background-color":"var(--ast-global-color-4)","background-image":"","background-repeat":"repeat","background-position":"center center","background-size":"auto","background-attachment":"scroll","background-type":"","background-media":"","overlay-type":"","overlay-color":"","overlay-opacity":"","overlay-gradient":""},"tablet":{"background-color":"","background-image":"","background-repeat":"repeat","background-position":"center center","background-size":"auto","background-attachment":"scroll","background-type":"","background-media":"","overlay-type":"","overlay-color":"","overlay-opacity":"","overlay-gradient":""},"mobile":{"background-color":"","background-image":"","background-repeat":"repeat","background-position":"center center","background-size":"auto","background-attachment":"scroll","background-type":"","background-media":"","overlay-type":"","overlay-color":"","overlay-opacity":"","overlay-gradient":""}},"ast-content-background-meta":{"desktop":{"background-color":"var(--ast-global-color-5)","background-image":"","background-repeat":"repeat","background-position":"center center","background-size":"auto","background-attachment":"scroll","background-type":"","background-media":"","overlay-type":"","overlay-color":"","overlay-opacity":"","overlay-gradient":""},"tablet":{"background-color":"var(--ast-global-color-5)","background-image":"","background-repeat":"repeat","background-position":"center center","background-size":"auto","background-attachment":"scroll","background-type":"","background-media":"","overlay-type":"","overlay-color":"","overlay-opacity":"","overlay-gradient":""},"mobile":{"background-color":"var(--ast-global-color-5)","background-image":"","background-repeat":"repeat","background-position":"center center","background-size":"auto","background-attachment":"scroll","background-type":"","background-media":"","overlay-type":"","overlay-color":"","overlay-opacity":"","overlay-gradient":""}},"footnotes":""},"categories":[14],"tags":[973,972,545,971,82],"class_list":["post-37301","post","type-post","status-publish","format-standard","has-post-thumbnail","hentry","category-veranstaltung","tag-publikation","tag-realitaeten","tag-regenerative-landwirtschaft","tag-swissaid","tag-webinar"],"acf":[],"yoast_head":"<!-- This site is optimized with the Yoast SEO plugin v27.4 - https:\/\/yoast.com\/product\/yoast-seo-wordpress\/ -->\n<title>Regenerative Landwirtschaft: von Praktiken, Versprechen und Realit\u00e4ten - Webinar am 05. November 2025 - Permakultur-Landwirtschaft<\/title>\n<meta name=\"description\" content=\"Zusammen mit Partnern aus der Wissenschaft hat SWISSAID insbesondere die Kakao- und Kaffeeproduktion unter die Lupe genommen.\" \/>\n<meta name=\"robots\" content=\"index, follow, max-snippet:-1, max-image-preview:large, max-video-preview:-1\" \/>\n<link rel=\"canonical\" href=\"https:\/\/permakultur-landwirtschaft.org\/fr\/regenerative-landwirtschaft-von-praktiken-versprechen-und-realitaeten-webinar-am-05-november-2025\/\" \/>\n<meta property=\"og:locale\" content=\"fr_FR\" \/>\n<meta property=\"og:type\" content=\"article\" \/>\n<meta property=\"og:title\" content=\"Regenerative Landwirtschaft: von Praktiken, Versprechen und Realit\u00e4ten - Webinar am 05. November 2025 - Permakultur-Landwirtschaft\" \/>\n<meta property=\"og:description\" content=\"Zusammen mit Partnern aus der Wissenschaft hat SWISSAID insbesondere die Kakao- und Kaffeeproduktion unter die Lupe genommen.\" \/>\n<meta property=\"og:url\" content=\"https:\/\/permakultur-landwirtschaft.org\/fr\/regenerative-landwirtschaft-von-praktiken-versprechen-und-realitaeten-webinar-am-05-november-2025\/\" \/>\n<meta property=\"og:site_name\" content=\"Permakultur-Landwirtschaft\" \/>\n<meta property=\"article:publisher\" content=\"https:\/\/www.facebook.com\/PermakulturLandwirtschaft\" \/>\n<meta property=\"article:published_time\" content=\"2025-10-27T10:21:16+00:00\" \/>\n<meta property=\"article:modified_time\" content=\"2025-10-27T10:21:17+00:00\" \/>\n<meta property=\"og:image\" content=\"https:\/\/permakultur-landwirtschaft.org\/wp-content\/uploads\/2025\/10\/20251105_webinar_regenerativ_swissaid_2025-10-27_11-15-38.jpg\" \/>\n\t<meta property=\"og:image:width\" content=\"699\" \/>\n\t<meta property=\"og:image:height\" content=\"266\" \/>\n\t<meta property=\"og:image:type\" content=\"image\/jpeg\" \/>\n<meta name=\"author\" content=\"adrian reutimann\" \/>\n<meta name=\"twitter:card\" content=\"summary_large_image\" \/>\n<meta name=\"twitter:label1\" content=\"\u00c9crit par\" \/>\n\t<meta name=\"twitter:data1\" content=\"adrian reutimann\" \/>\n\t<meta name=\"twitter:label2\" content=\"Dur\u00e9e de lecture estim\u00e9e\" \/>\n\t<meta name=\"twitter:data2\" content=\"3 minutes\" \/>\n<script type=\"application\/ld+json\" class=\"yoast-schema-graph\">{\"@context\":\"https:\\\/\\\/schema.org\",\"@graph\":[{\"@type\":\"Article\",\"@id\":\"https:\\\/\\\/permakultur-landwirtschaft.org\\\/regenerative-landwirtschaft-von-praktiken-versprechen-und-realitaeten-webinar-am-05-november-2025\\\/#article\",\"isPartOf\":{\"@id\":\"https:\\\/\\\/permakultur-landwirtschaft.org\\\/regenerative-landwirtschaft-von-praktiken-versprechen-und-realitaeten-webinar-am-05-november-2025\\\/\"},\"author\":{\"name\":\"adrian reutimann\",\"@id\":\"https:\\\/\\\/permakultur-landwirtschaft.org\\\/#\\\/schema\\\/person\\\/6b0467872f75aed3e144093f9bf4f0b0\"},\"headline\":\"Regenerative Landwirtschaft: von Praktiken, Versprechen und Realit\u00e4ten &#8211; Webinar am 05. November 2025\",\"datePublished\":\"2025-10-27T10:21:16+00:00\",\"dateModified\":\"2025-10-27T10:21:17+00:00\",\"mainEntityOfPage\":{\"@id\":\"https:\\\/\\\/permakultur-landwirtschaft.org\\\/regenerative-landwirtschaft-von-praktiken-versprechen-und-realitaeten-webinar-am-05-november-2025\\\/\"},\"wordCount\":380,\"publisher\":{\"@id\":\"https:\\\/\\\/permakultur-landwirtschaft.org\\\/#organization\"},\"image\":{\"@id\":\"https:\\\/\\\/permakultur-landwirtschaft.org\\\/regenerative-landwirtschaft-von-praktiken-versprechen-und-realitaeten-webinar-am-05-november-2025\\\/#primaryimage\"},\"thumbnailUrl\":\"https:\\\/\\\/permakultur-landwirtschaft.org\\\/wp-content\\\/uploads\\\/2025\\\/10\\\/20251105_webinar_regenerativ_swissaid_2025-10-27_11-15-38.jpg\",\"keywords\":[\"Publikation\",\"Realit\u00e4ten\",\"Regenerative Landwirtschaft\",\"Swissaid\",\"Webinar\"],\"articleSection\":[\"Veranstaltung\"],\"inLanguage\":\"fr-FR\"},{\"@type\":\"WebPage\",\"@id\":\"https:\\\/\\\/permakultur-landwirtschaft.org\\\/regenerative-landwirtschaft-von-praktiken-versprechen-und-realitaeten-webinar-am-05-november-2025\\\/\",\"url\":\"https:\\\/\\\/permakultur-landwirtschaft.org\\\/regenerative-landwirtschaft-von-praktiken-versprechen-und-realitaeten-webinar-am-05-november-2025\\\/\",\"name\":\"Regenerative Landwirtschaft: von Praktiken, Versprechen und Realit\u00e4ten - Webinar am 05. November 2025 - Permakultur-Landwirtschaft\",\"isPartOf\":{\"@id\":\"https:\\\/\\\/permakultur-landwirtschaft.org\\\/#website\"},\"primaryImageOfPage\":{\"@id\":\"https:\\\/\\\/permakultur-landwirtschaft.org\\\/regenerative-landwirtschaft-von-praktiken-versprechen-und-realitaeten-webinar-am-05-november-2025\\\/#primaryimage\"},\"image\":{\"@id\":\"https:\\\/\\\/permakultur-landwirtschaft.org\\\/regenerative-landwirtschaft-von-praktiken-versprechen-und-realitaeten-webinar-am-05-november-2025\\\/#primaryimage\"},\"thumbnailUrl\":\"https:\\\/\\\/permakultur-landwirtschaft.org\\\/wp-content\\\/uploads\\\/2025\\\/10\\\/20251105_webinar_regenerativ_swissaid_2025-10-27_11-15-38.jpg\",\"datePublished\":\"2025-10-27T10:21:16+00:00\",\"dateModified\":\"2025-10-27T10:21:17+00:00\",\"description\":\"Zusammen mit Partnern aus der Wissenschaft hat SWISSAID insbesondere die Kakao- und Kaffeeproduktion unter die Lupe genommen.\",\"breadcrumb\":{\"@id\":\"https:\\\/\\\/permakultur-landwirtschaft.org\\\/regenerative-landwirtschaft-von-praktiken-versprechen-und-realitaeten-webinar-am-05-november-2025\\\/#breadcrumb\"},\"inLanguage\":\"fr-FR\",\"potentialAction\":[{\"@type\":\"ReadAction\",\"target\":[\"https:\\\/\\\/permakultur-landwirtschaft.org\\\/regenerative-landwirtschaft-von-praktiken-versprechen-und-realitaeten-webinar-am-05-november-2025\\\/\"]}]},{\"@type\":\"ImageObject\",\"inLanguage\":\"fr-FR\",\"@id\":\"https:\\\/\\\/permakultur-landwirtschaft.org\\\/regenerative-landwirtschaft-von-praktiken-versprechen-und-realitaeten-webinar-am-05-november-2025\\\/#primaryimage\",\"url\":\"https:\\\/\\\/permakultur-landwirtschaft.org\\\/wp-content\\\/uploads\\\/2025\\\/10\\\/20251105_webinar_regenerativ_swissaid_2025-10-27_11-15-38.jpg\",\"contentUrl\":\"https:\\\/\\\/permakultur-landwirtschaft.org\\\/wp-content\\\/uploads\\\/2025\\\/10\\\/20251105_webinar_regenerativ_swissaid_2025-10-27_11-15-38.jpg\",\"width\":699,\"height\":266,\"caption\":\"Bild: www.swissaid.ch\"},{\"@type\":\"BreadcrumbList\",\"@id\":\"https:\\\/\\\/permakultur-landwirtschaft.org\\\/regenerative-landwirtschaft-von-praktiken-versprechen-und-realitaeten-webinar-am-05-november-2025\\\/#breadcrumb\",\"itemListElement\":[{\"@type\":\"ListItem\",\"position\":1,\"name\":\"Startseite\",\"item\":\"https:\\\/\\\/permakultur-landwirtschaft.org\\\/\"},{\"@type\":\"ListItem\",\"position\":2,\"name\":\"Regenerative Landwirtschaft: von Praktiken, Versprechen und Realit\u00e4ten &#8211; Webinar am 05. November 2025\"}]},{\"@type\":\"WebSite\",\"@id\":\"https:\\\/\\\/permakultur-landwirtschaft.org\\\/#website\",\"url\":\"https:\\\/\\\/permakultur-landwirtschaft.org\\\/\",\"name\":\"Permakultur-Landwirtschaft\",\"description\":\"F\u00f6rderung der Permakultur in der Landwirtschaft\",\"publisher\":{\"@id\":\"https:\\\/\\\/permakultur-landwirtschaft.org\\\/#organization\"},\"potentialAction\":[{\"@type\":\"SearchAction\",\"target\":{\"@type\":\"EntryPoint\",\"urlTemplate\":\"https:\\\/\\\/permakultur-landwirtschaft.org\\\/?s={search_term_string}\"},\"query-input\":{\"@type\":\"PropertyValueSpecification\",\"valueRequired\":true,\"valueName\":\"search_term_string\"}}],\"inLanguage\":\"fr-FR\"},{\"@type\":\"Organization\",\"@id\":\"https:\\\/\\\/permakultur-landwirtschaft.org\\\/#organization\",\"name\":\"Permakultur-Landwirtschaft\",\"alternateName\":\"Verein Permakultur-Landwirtschaft\",\"url\":\"https:\\\/\\\/permakultur-landwirtschaft.org\\\/\",\"logo\":{\"@type\":\"ImageObject\",\"inLanguage\":\"fr-FR\",\"@id\":\"https:\\\/\\\/permakultur-landwirtschaft.org\\\/#\\\/schema\\\/logo\\\/image\\\/\",\"url\":\"https:\\\/\\\/permakultur-landwirtschaft.org\\\/wp-content\\\/uploads\\\/2021\\\/11\\\/pela_1268x1269.png\",\"contentUrl\":\"https:\\\/\\\/permakultur-landwirtschaft.org\\\/wp-content\\\/uploads\\\/2021\\\/11\\\/pela_1268x1269.png\",\"width\":1298,\"height\":1269,\"caption\":\"Permakultur-Landwirtschaft\"},\"image\":{\"@id\":\"https:\\\/\\\/permakultur-landwirtschaft.org\\\/#\\\/schema\\\/logo\\\/image\\\/\"},\"sameAs\":[\"https:\\\/\\\/www.facebook.com\\\/PermakulturLandwirtschaft\",\"https:\\\/\\\/www.instagram.com\\\/permakultur_landwirtschaft\\\/\",\"https:\\\/\\\/www.flickr.com\\\/photos\\\/permakultur-landwirtschaft\",\"https:\\\/\\\/www.youtube.com\\\/@PermakulturLandwirtschaft\"]},{\"@type\":\"Person\",\"@id\":\"https:\\\/\\\/permakultur-landwirtschaft.org\\\/#\\\/schema\\\/person\\\/6b0467872f75aed3e144093f9bf4f0b0\",\"name\":\"adrian reutimann\",\"url\":\"https:\\\/\\\/permakultur-landwirtschaft.org\\\/fr\\\/author\\\/reutiadr\\\/\"}]}<\/script>\n<!-- \/ Yoast SEO plugin. -->","yoast_head_json":{"title":"Regenerative Landwirtschaft: von Praktiken, Versprechen und Realit\u00e4ten - Webinar am 05. November 2025 - Permakultur-Landwirtschaft","description":"Zusammen mit Partnern aus der Wissenschaft hat SWISSAID insbesondere die Kakao- und Kaffeeproduktion unter die Lupe genommen.","robots":{"index":"index","follow":"follow","max-snippet":"max-snippet:-1","max-image-preview":"max-image-preview:large","max-video-preview":"max-video-preview:-1"},"canonical":"https:\/\/permakultur-landwirtschaft.org\/fr\/regenerative-landwirtschaft-von-praktiken-versprechen-und-realitaeten-webinar-am-05-november-2025\/","og_locale":"fr_FR","og_type":"article","og_title":"Regenerative Landwirtschaft: von Praktiken, Versprechen und Realit\u00e4ten - Webinar am 05. November 2025 - Permakultur-Landwirtschaft","og_description":"Zusammen mit Partnern aus der Wissenschaft hat SWISSAID insbesondere die Kakao- und Kaffeeproduktion unter die Lupe genommen.","og_url":"https:\/\/permakultur-landwirtschaft.org\/fr\/regenerative-landwirtschaft-von-praktiken-versprechen-und-realitaeten-webinar-am-05-november-2025\/","og_site_name":"Permakultur-Landwirtschaft","article_publisher":"https:\/\/www.facebook.com\/PermakulturLandwirtschaft","article_published_time":"2025-10-27T10:21:16+00:00","article_modified_time":"2025-10-27T10:21:17+00:00","og_image":[{"width":699,"height":266,"url":"https:\/\/permakultur-landwirtschaft.org\/wp-content\/uploads\/2025\/10\/20251105_webinar_regenerativ_swissaid_2025-10-27_11-15-38.jpg","type":"image\/jpeg"}],"author":"adrian reutimann","twitter_card":"summary_large_image","twitter_misc":{"\u00c9crit par":"adrian reutimann","Dur\u00e9e de lecture estim\u00e9e":"3 minutes"},"schema":{"@context":"https:\/\/schema.org","@graph":[{"@type":"Article","@id":"https:\/\/permakultur-landwirtschaft.org\/regenerative-landwirtschaft-von-praktiken-versprechen-und-realitaeten-webinar-am-05-november-2025\/#article","isPartOf":{"@id":"https:\/\/permakultur-landwirtschaft.org\/regenerative-landwirtschaft-von-praktiken-versprechen-und-realitaeten-webinar-am-05-november-2025\/"},"author":{"name":"adrian reutimann","@id":"https:\/\/permakultur-landwirtschaft.org\/#\/schema\/person\/6b0467872f75aed3e144093f9bf4f0b0"},"headline":"Regenerative Landwirtschaft: von Praktiken, Versprechen und Realit\u00e4ten &#8211; Webinar am 05. November 2025","datePublished":"2025-10-27T10:21:16+00:00","dateModified":"2025-10-27T10:21:17+00:00","mainEntityOfPage":{"@id":"https:\/\/permakultur-landwirtschaft.org\/regenerative-landwirtschaft-von-praktiken-versprechen-und-realitaeten-webinar-am-05-november-2025\/"},"wordCount":380,"publisher":{"@id":"https:\/\/permakultur-landwirtschaft.org\/#organization"},"image":{"@id":"https:\/\/permakultur-landwirtschaft.org\/regenerative-landwirtschaft-von-praktiken-versprechen-und-realitaeten-webinar-am-05-november-2025\/#primaryimage"},"thumbnailUrl":"https:\/\/permakultur-landwirtschaft.org\/wp-content\/uploads\/2025\/10\/20251105_webinar_regenerativ_swissaid_2025-10-27_11-15-38.jpg","keywords":["Publikation","Realit\u00e4ten","Regenerative Landwirtschaft","Swissaid","Webinar"],"articleSection":["Veranstaltung"],"inLanguage":"fr-FR"},{"@type":"WebPage","@id":"https:\/\/permakultur-landwirtschaft.org\/regenerative-landwirtschaft-von-praktiken-versprechen-und-realitaeten-webinar-am-05-november-2025\/","url":"https:\/\/permakultur-landwirtschaft.org\/regenerative-landwirtschaft-von-praktiken-versprechen-und-realitaeten-webinar-am-05-november-2025\/","name":"Regenerative Landwirtschaft: von Praktiken, Versprechen und Realit\u00e4ten - Webinar am 05. November 2025 - Permakultur-Landwirtschaft","isPartOf":{"@id":"https:\/\/permakultur-landwirtschaft.org\/#website"},"primaryImageOfPage":{"@id":"https:\/\/permakultur-landwirtschaft.org\/regenerative-landwirtschaft-von-praktiken-versprechen-und-realitaeten-webinar-am-05-november-2025\/#primaryimage"},"image":{"@id":"https:\/\/permakultur-landwirtschaft.org\/regenerative-landwirtschaft-von-praktiken-versprechen-und-realitaeten-webinar-am-05-november-2025\/#primaryimage"},"thumbnailUrl":"https:\/\/permakultur-landwirtschaft.org\/wp-content\/uploads\/2025\/10\/20251105_webinar_regenerativ_swissaid_2025-10-27_11-15-38.jpg","datePublished":"2025-10-27T10:21:16+00:00","dateModified":"2025-10-27T10:21:17+00:00","description":"Zusammen mit Partnern aus der Wissenschaft hat SWISSAID insbesondere die Kakao- und Kaffeeproduktion unter die Lupe genommen.","breadcrumb":{"@id":"https:\/\/permakultur-landwirtschaft.org\/regenerative-landwirtschaft-von-praktiken-versprechen-und-realitaeten-webinar-am-05-november-2025\/#breadcrumb"},"inLanguage":"fr-FR","potentialAction":[{"@type":"ReadAction","target":["https:\/\/permakultur-landwirtschaft.org\/regenerative-landwirtschaft-von-praktiken-versprechen-und-realitaeten-webinar-am-05-november-2025\/"]}]},{"@type":"ImageObject","inLanguage":"fr-FR","@id":"https:\/\/permakultur-landwirtschaft.org\/regenerative-landwirtschaft-von-praktiken-versprechen-und-realitaeten-webinar-am-05-november-2025\/#primaryimage","url":"https:\/\/permakultur-landwirtschaft.org\/wp-content\/uploads\/2025\/10\/20251105_webinar_regenerativ_swissaid_2025-10-27_11-15-38.jpg","contentUrl":"https:\/\/permakultur-landwirtschaft.org\/wp-content\/uploads\/2025\/10\/20251105_webinar_regenerativ_swissaid_2025-10-27_11-15-38.jpg","width":699,"height":266,"caption":"Bild: www.swissaid.ch"},{"@type":"BreadcrumbList","@id":"https:\/\/permakultur-landwirtschaft.org\/regenerative-landwirtschaft-von-praktiken-versprechen-und-realitaeten-webinar-am-05-november-2025\/#breadcrumb","itemListElement":[{"@type":"ListItem","position":1,"name":"Startseite","item":"https:\/\/permakultur-landwirtschaft.org\/"},{"@type":"ListItem","position":2,"name":"Regenerative Landwirtschaft: von Praktiken, Versprechen und Realit\u00e4ten &#8211; Webinar am 05. November 2025"}]},{"@type":"WebSite","@id":"https:\/\/permakultur-landwirtschaft.org\/#website","url":"https:\/\/permakultur-landwirtschaft.org\/","name":"Permakultur-Landwirtschaft","description":"F\u00f6rderung der Permakultur in der Landwirtschaft","publisher":{"@id":"https:\/\/permakultur-landwirtschaft.org\/#organization"},"potentialAction":[{"@type":"SearchAction","target":{"@type":"EntryPoint","urlTemplate":"https:\/\/permakultur-landwirtschaft.org\/?s={search_term_string}"},"query-input":{"@type":"PropertyValueSpecification","valueRequired":true,"valueName":"search_term_string"}}],"inLanguage":"fr-FR"},{"@type":"Organization","@id":"https:\/\/permakultur-landwirtschaft.org\/#organization","name":"Permakultur-Landwirtschaft","alternateName":"Verein Permakultur-Landwirtschaft","url":"https:\/\/permakultur-landwirtschaft.org\/","logo":{"@type":"ImageObject","inLanguage":"fr-FR","@id":"https:\/\/permakultur-landwirtschaft.org\/#\/schema\/logo\/image\/","url":"https:\/\/permakultur-landwirtschaft.org\/wp-content\/uploads\/2021\/11\/pela_1268x1269.png","contentUrl":"https:\/\/permakultur-landwirtschaft.org\/wp-content\/uploads\/2021\/11\/pela_1268x1269.png","width":1298,"height":1269,"caption":"Permakultur-Landwirtschaft"},"image":{"@id":"https:\/\/permakultur-landwirtschaft.org\/#\/schema\/logo\/image\/"},"sameAs":["https:\/\/www.facebook.com\/PermakulturLandwirtschaft","https:\/\/www.instagram.com\/permakultur_landwirtschaft\/","https:\/\/www.flickr.com\/photos\/permakultur-landwirtschaft","https:\/\/www.youtube.com\/@PermakulturLandwirtschaft"]},{"@type":"Person","@id":"https:\/\/permakultur-landwirtschaft.org\/#\/schema\/person\/6b0467872f75aed3e144093f9bf4f0b0","name":"adrian reutimann","url":"https:\/\/permakultur-landwirtschaft.org\/fr\/author\/reutiadr\/"}]}},"_links":{"self":[{"href":"https:\/\/permakultur-landwirtschaft.org\/fr\/wp-json\/wp\/v2\/posts\/37301","targetHints":{"allow":["GET"]}}],"collection":[{"href":"https:\/\/permakultur-landwirtschaft.org\/fr\/wp-json\/wp\/v2\/posts"}],"about":[{"href":"https:\/\/permakultur-landwirtschaft.org\/fr\/wp-json\/wp\/v2\/types\/post"}],"author":[{"embeddable":true,"href":"https:\/\/permakultur-landwirtschaft.org\/fr\/wp-json\/wp\/v2\/users\/2"}],"replies":[{"embeddable":true,"href":"https:\/\/permakultur-landwirtschaft.org\/fr\/wp-json\/wp\/v2\/comments?post=37301"}],"version-history":[{"count":1,"href":"https:\/\/permakultur-landwirtschaft.org\/fr\/wp-json\/wp\/v2\/posts\/37301\/revisions"}],"predecessor-version":[{"id":37303,"href":"https:\/\/permakultur-landwirtschaft.org\/fr\/wp-json\/wp\/v2\/posts\/37301\/revisions\/37303"}],"wp:featuredmedia":[{"embeddable":true,"href":"https:\/\/permakultur-landwirtschaft.org\/fr\/wp-json\/wp\/v2\/media\/37302"}],"wp:attachment":[{"href":"https:\/\/permakultur-landwirtschaft.org\/fr\/wp-json\/wp\/v2\/media?parent=37301"}],"wp:term":[{"taxonomy":"category","embeddable":true,"href":"https:\/\/permakultur-landwirtschaft.org\/fr\/wp-json\/wp\/v2\/categories?post=37301"},{"taxonomy":"post_tag","embeddable":true,"href":"https:\/\/permakultur-landwirtschaft.org\/fr\/wp-json\/wp\/v2\/tags?post=37301"}],"curies":[{"name":"wp","href":"https:\/\/api.w.org\/{rel}","templated":true}]}}