{"id":37277,"date":"2025-10-18T15:24:14","date_gmt":"2025-10-18T13:24:14","guid":{"rendered":"https:\/\/permakultur-landwirtschaft.org\/?p=37277"},"modified":"2025-10-18T15:24:14","modified_gmt":"2025-10-18T13:24:14","slug":"agroforst-in-frankreich-online-veranstaltung-am-06-november-2025","status":"publish","type":"post","link":"https:\/\/permakultur-landwirtschaft.org\/fr\/agroforst-in-frankreich-online-veranstaltung-am-06-november-2025\/","title":{"rendered":"Agroforst in Frankreich &#8211; Online Veranstaltung am 06. November 2025"},"content":{"rendered":"<p>Text von www.bioaktuell.ch:<\/p>\n\n\n\n<p>In einer f\u00fcr alle Interessierten offenen Webinarreihe vom FiBL in Kooperation mit der IG Agroforst teilen erfahrene Agroforst-Expert*innen aus der Schweiz und Europa ihr Wissen.<br>Es geht es um verschiedene Themen rund um die ganze Vielfalt der Agroforstsysteme. Alle Termine werden rechtzeitig in der Agenda von Bioaktuell.ch angek\u00fcndigt.<\/p>\n\n\n\n<p>Anlass f\u00fcr diese Webinarreihe ist die Agroforstparzelle am FiBL in Frick. Die Agroforstparzelle soll ein Ort zum Lernen, Austauschen und Forschen sein. Das Projekt richtet sich vor allem an interessierte Fachleute und Praktiker*innen. Insbesondere der Wissens- und Erfahrungsaustausch wird von der Leopold Bachmann Stiftung finanziell unterst\u00fctzt.&nbsp;<\/p>\n\n\n\n<p>Dieser Termin besch\u00e4ftigt sich schwerpunktm\u00e4ssig mit den Erfahrungen aus Frankreich \u2013 wo viele Agroforstanlagen bereits fest etabliert sind. Nach den zwei Vortr\u00e4gen bleibt noch Zeit f\u00fcr Fragen aus dem Kreis der Teilnehmenden und eine kurze Diskussion.&nbsp;<\/p>\n\n\n\n<p>Referierende<\/p>\n\n\n\n<ul class=\"wp-block-list\">\n<li>Fabien Liagre (AGROOF)<\/li>\n\n\n\n<li>Sterenn le Guernic (FiBL France)<\/li>\n<\/ul>\n\n\n\n<h2 class=\"wp-block-heading\">Date<\/h2>\n\n\n\n<p>06. November 2025, &nbsp;18.00 bis 19.30&nbsp;<\/p>\n\n\n\n<h2 class=\"wp-block-heading\">Lieu<\/h2>\n\n\n\n<p>Online Veranstaltung des FiBL und der IG Agroforst<\/p>\n\n\n\n<p><a href=\"https:\/\/www.bioaktuell.ch\/aktuell\/agenda\/termin\/agroforst-in-frankreich-1\" target=\"_blank\" rel=\"noreferrer noopener\">Link zu mehr Infos und Anmeldung<\/a><\/p>","protected":false},"excerpt":{"rendered":"<p>Text von www.bioaktuell.ch: In einer f\u00fcr alle Interessierten offenen Webinarreihe vom FiBL in Kooperation mit der IG Agroforst teilen erfahrene Agroforst-Expert*innen aus der Schweiz und Europa ihr Wissen.Es geht es um verschiedene Themen rund um die ganze Vielfalt der Agroforstsysteme. Alle Termine werden rechtzeitig in der Agenda von Bioaktuell.ch angek\u00fcndigt. Anlass f\u00fcr diese Webinarreihe ist [&hellip;]<\/p>\n","protected":false},"author":2,"featured_media":28023,"comment_status":"closed","ping_status":"closed","sticky":false,"template":"","format":"standard","meta":{"_acf_changed":false,"site-sidebar-layout":"default","site-content-layout":"","ast-site-content-layout":"default","site-content-style":"default","site-sidebar-style":"default","ast-global-header-display":"","ast-banner-title-visibility":"","ast-main-header-display":"","ast-hfb-above-header-display":"","ast-hfb-below-header-display":"","ast-hfb-mobile-header-display":"","site-post-title":"","ast-breadcrumbs-content":"","ast-featured-img":"","footer-sml-layout":"","ast-disable-related-posts":"","theme-transparent-header-meta":"","adv-header-id-meta":"","stick-header-meta":"","header-above-stick-meta":"","header-main-stick-meta":"","header-below-stick-meta":"","astra-migrate-meta-layouts":"set","ast-page-background-enabled":"default","ast-page-background-meta":{"desktop":{"background-color":"var(--ast-global-color-4)","background-image":"","background-repeat":"repeat","background-position":"center center","background-size":"auto","background-attachment":"scroll","background-type":"","background-media":"","overlay-type":"","overlay-color":"","overlay-opacity":"","overlay-gradient":""},"tablet":{"background-color":"","background-image":"","background-repeat":"repeat","background-position":"center center","background-size":"auto","background-attachment":"scroll","background-type":"","background-media":"","overlay-type":"","overlay-color":"","overlay-opacity":"","overlay-gradient":""},"mobile":{"background-color":"","background-image":"","background-repeat":"repeat","background-position":"center center","background-size":"auto","background-attachment":"scroll","background-type":"","background-media":"","overlay-type":"","overlay-color":"","overlay-opacity":"","overlay-gradient":""}},"ast-content-background-meta":{"desktop":{"background-color":"var(--ast-global-color-5)","background-image":"","background-repeat":"repeat","background-position":"center center","background-size":"auto","background-attachment":"scroll","background-type":"","background-media":"","overlay-type":"","overlay-color":"","overlay-opacity":"","overlay-gradient":""},"tablet":{"background-color":"var(--ast-global-color-5)","background-image":"","background-repeat":"repeat","background-position":"center center","background-size":"auto","background-attachment":"scroll","background-type":"","background-media":"","overlay-type":"","overlay-color":"","overlay-opacity":"","overlay-gradient":""},"mobile":{"background-color":"var(--ast-global-color-5)","background-image":"","background-repeat":"repeat","background-position":"center center","background-size":"auto","background-attachment":"scroll","background-type":"","background-media":"","overlay-type":"","overlay-color":"","overlay-opacity":"","overlay-gradient":""}},"footnotes":""},"categories":[14],"tags":[31,142,457,82],"class_list":["post-37277","post","type-post","status-publish","format-standard","has-post-thumbnail","hentry","category-veranstaltung","tag-agroforst","tag-fibl","tag-frankreich","tag-webinar"],"acf":[],"yoast_head":"<!-- This site is optimized with the Yoast SEO plugin v27.4 - https:\/\/yoast.com\/product\/yoast-seo-wordpress\/ -->\n<title>Agroforst in Frankreich - Online Veranstaltung am 06. November 2025 - Permakultur-Landwirtschaft<\/title>\n<meta name=\"description\" content=\"In einer f\u00fcr alle Interessierten offenen Webinarreihe teilen erfahrene Agroforst-Expert*innen aus der Schweiz und Europa ihr Wissen.\" \/>\n<meta name=\"robots\" content=\"index, follow, max-snippet:-1, max-image-preview:large, max-video-preview:-1\" \/>\n<link rel=\"canonical\" href=\"https:\/\/permakultur-landwirtschaft.org\/fr\/agroforst-in-frankreich-online-veranstaltung-am-06-november-2025\/\" \/>\n<meta property=\"og:locale\" content=\"fr_FR\" \/>\n<meta property=\"og:type\" content=\"article\" \/>\n<meta property=\"og:title\" content=\"Agroforst in Frankreich - Online Veranstaltung am 06. November 2025 - Permakultur-Landwirtschaft\" \/>\n<meta property=\"og:description\" content=\"In einer f\u00fcr alle Interessierten offenen Webinarreihe teilen erfahrene Agroforst-Expert*innen aus der Schweiz und Europa ihr Wissen.\" \/>\n<meta property=\"og:url\" content=\"https:\/\/permakultur-landwirtschaft.org\/fr\/agroforst-in-frankreich-online-veranstaltung-am-06-november-2025\/\" \/>\n<meta property=\"og:site_name\" content=\"Permakultur-Landwirtschaft\" \/>\n<meta property=\"article:publisher\" content=\"https:\/\/www.facebook.com\/PermakulturLandwirtschaft\" \/>\n<meta property=\"article:published_time\" content=\"2025-10-18T13:24:14+00:00\" \/>\n<meta property=\"og:image\" content=\"https:\/\/permakultur-landwirtschaft.org\/wp-content\/uploads\/2023\/01\/fibl_agroforst_2023-01-24_14-59-13.jpg\" \/>\n\t<meta property=\"og:image:width\" content=\"700\" \/>\n\t<meta property=\"og:image:height\" content=\"393\" \/>\n\t<meta property=\"og:image:type\" content=\"image\/jpeg\" \/>\n<meta name=\"author\" content=\"adrian reutimann\" \/>\n<meta name=\"twitter:card\" content=\"summary_large_image\" \/>\n<meta name=\"twitter:label1\" content=\"\u00c9crit par\" \/>\n\t<meta name=\"twitter:data1\" content=\"adrian reutimann\" \/>\n\t<meta name=\"twitter:label2\" content=\"Dur\u00e9e de lecture estim\u00e9e\" \/>\n\t<meta name=\"twitter:data2\" content=\"2 minutes\" \/>\n<script type=\"application\/ld+json\" class=\"yoast-schema-graph\">{\"@context\":\"https:\\\/\\\/schema.org\",\"@graph\":[{\"@type\":\"Article\",\"@id\":\"https:\\\/\\\/permakultur-landwirtschaft.org\\\/agroforst-in-frankreich-online-veranstaltung-am-06-november-2025\\\/#article\",\"isPartOf\":{\"@id\":\"https:\\\/\\\/permakultur-landwirtschaft.org\\\/agroforst-in-frankreich-online-veranstaltung-am-06-november-2025\\\/\"},\"author\":{\"name\":\"adrian reutimann\",\"@id\":\"https:\\\/\\\/permakultur-landwirtschaft.org\\\/#\\\/schema\\\/person\\\/6b0467872f75aed3e144093f9bf4f0b0\"},\"headline\":\"Agroforst in Frankreich &#8211; Online Veranstaltung am 06. November 2025\",\"datePublished\":\"2025-10-18T13:24:14+00:00\",\"mainEntityOfPage\":{\"@id\":\"https:\\\/\\\/permakultur-landwirtschaft.org\\\/agroforst-in-frankreich-online-veranstaltung-am-06-november-2025\\\/\"},\"wordCount\":184,\"publisher\":{\"@id\":\"https:\\\/\\\/permakultur-landwirtschaft.org\\\/#organization\"},\"image\":{\"@id\":\"https:\\\/\\\/permakultur-landwirtschaft.org\\\/agroforst-in-frankreich-online-veranstaltung-am-06-november-2025\\\/#primaryimage\"},\"thumbnailUrl\":\"https:\\\/\\\/permakultur-landwirtschaft.org\\\/wp-content\\\/uploads\\\/2023\\\/01\\\/fibl_agroforst_2023-01-24_14-59-13.jpg\",\"keywords\":[\"Agroforst\",\"FiBL\",\"Frankreich\",\"Webinar\"],\"articleSection\":[\"Veranstaltung\"],\"inLanguage\":\"fr-FR\"},{\"@type\":\"WebPage\",\"@id\":\"https:\\\/\\\/permakultur-landwirtschaft.org\\\/agroforst-in-frankreich-online-veranstaltung-am-06-november-2025\\\/\",\"url\":\"https:\\\/\\\/permakultur-landwirtschaft.org\\\/agroforst-in-frankreich-online-veranstaltung-am-06-november-2025\\\/\",\"name\":\"Agroforst in Frankreich - Online Veranstaltung am 06. November 2025 - Permakultur-Landwirtschaft\",\"isPartOf\":{\"@id\":\"https:\\\/\\\/permakultur-landwirtschaft.org\\\/#website\"},\"primaryImageOfPage\":{\"@id\":\"https:\\\/\\\/permakultur-landwirtschaft.org\\\/agroforst-in-frankreich-online-veranstaltung-am-06-november-2025\\\/#primaryimage\"},\"image\":{\"@id\":\"https:\\\/\\\/permakultur-landwirtschaft.org\\\/agroforst-in-frankreich-online-veranstaltung-am-06-november-2025\\\/#primaryimage\"},\"thumbnailUrl\":\"https:\\\/\\\/permakultur-landwirtschaft.org\\\/wp-content\\\/uploads\\\/2023\\\/01\\\/fibl_agroforst_2023-01-24_14-59-13.jpg\",\"datePublished\":\"2025-10-18T13:24:14+00:00\",\"description\":\"In einer f\u00fcr alle Interessierten offenen Webinarreihe teilen erfahrene Agroforst-Expert*innen aus der Schweiz und Europa ihr Wissen.\",\"breadcrumb\":{\"@id\":\"https:\\\/\\\/permakultur-landwirtschaft.org\\\/agroforst-in-frankreich-online-veranstaltung-am-06-november-2025\\\/#breadcrumb\"},\"inLanguage\":\"fr-FR\",\"potentialAction\":[{\"@type\":\"ReadAction\",\"target\":[\"https:\\\/\\\/permakultur-landwirtschaft.org\\\/agroforst-in-frankreich-online-veranstaltung-am-06-november-2025\\\/\"]}]},{\"@type\":\"ImageObject\",\"inLanguage\":\"fr-FR\",\"@id\":\"https:\\\/\\\/permakultur-landwirtschaft.org\\\/agroforst-in-frankreich-online-veranstaltung-am-06-november-2025\\\/#primaryimage\",\"url\":\"https:\\\/\\\/permakultur-landwirtschaft.org\\\/wp-content\\\/uploads\\\/2023\\\/01\\\/fibl_agroforst_2023-01-24_14-59-13.jpg\",\"contentUrl\":\"https:\\\/\\\/permakultur-landwirtschaft.org\\\/wp-content\\\/uploads\\\/2023\\\/01\\\/fibl_agroforst_2023-01-24_14-59-13.jpg\",\"width\":700,\"height\":393,\"caption\":\"Bild: FiBL\"},{\"@type\":\"BreadcrumbList\",\"@id\":\"https:\\\/\\\/permakultur-landwirtschaft.org\\\/agroforst-in-frankreich-online-veranstaltung-am-06-november-2025\\\/#breadcrumb\",\"itemListElement\":[{\"@type\":\"ListItem\",\"position\":1,\"name\":\"Startseite\",\"item\":\"https:\\\/\\\/permakultur-landwirtschaft.org\\\/\"},{\"@type\":\"ListItem\",\"position\":2,\"name\":\"Agroforst in Frankreich &#8211; Online Veranstaltung am 06. November 2025\"}]},{\"@type\":\"WebSite\",\"@id\":\"https:\\\/\\\/permakultur-landwirtschaft.org\\\/#website\",\"url\":\"https:\\\/\\\/permakultur-landwirtschaft.org\\\/\",\"name\":\"Permakultur-Landwirtschaft\",\"description\":\"F\u00f6rderung der Permakultur in der Landwirtschaft\",\"publisher\":{\"@id\":\"https:\\\/\\\/permakultur-landwirtschaft.org\\\/#organization\"},\"potentialAction\":[{\"@type\":\"SearchAction\",\"target\":{\"@type\":\"EntryPoint\",\"urlTemplate\":\"https:\\\/\\\/permakultur-landwirtschaft.org\\\/?s={search_term_string}\"},\"query-input\":{\"@type\":\"PropertyValueSpecification\",\"valueRequired\":true,\"valueName\":\"search_term_string\"}}],\"inLanguage\":\"fr-FR\"},{\"@type\":\"Organization\",\"@id\":\"https:\\\/\\\/permakultur-landwirtschaft.org\\\/#organization\",\"name\":\"Permakultur-Landwirtschaft\",\"alternateName\":\"Verein Permakultur-Landwirtschaft\",\"url\":\"https:\\\/\\\/permakultur-landwirtschaft.org\\\/\",\"logo\":{\"@type\":\"ImageObject\",\"inLanguage\":\"fr-FR\",\"@id\":\"https:\\\/\\\/permakultur-landwirtschaft.org\\\/#\\\/schema\\\/logo\\\/image\\\/\",\"url\":\"https:\\\/\\\/permakultur-landwirtschaft.org\\\/wp-content\\\/uploads\\\/2021\\\/11\\\/pela_1268x1269.png\",\"contentUrl\":\"https:\\\/\\\/permakultur-landwirtschaft.org\\\/wp-content\\\/uploads\\\/2021\\\/11\\\/pela_1268x1269.png\",\"width\":1298,\"height\":1269,\"caption\":\"Permakultur-Landwirtschaft\"},\"image\":{\"@id\":\"https:\\\/\\\/permakultur-landwirtschaft.org\\\/#\\\/schema\\\/logo\\\/image\\\/\"},\"sameAs\":[\"https:\\\/\\\/www.facebook.com\\\/PermakulturLandwirtschaft\",\"https:\\\/\\\/www.instagram.com\\\/permakultur_landwirtschaft\\\/\",\"https:\\\/\\\/www.flickr.com\\\/photos\\\/permakultur-landwirtschaft\",\"https:\\\/\\\/www.youtube.com\\\/@PermakulturLandwirtschaft\"]},{\"@type\":\"Person\",\"@id\":\"https:\\\/\\\/permakultur-landwirtschaft.org\\\/#\\\/schema\\\/person\\\/6b0467872f75aed3e144093f9bf4f0b0\",\"name\":\"adrian reutimann\",\"url\":\"https:\\\/\\\/permakultur-landwirtschaft.org\\\/fr\\\/author\\\/reutiadr\\\/\"}]}<\/script>\n<!-- \/ Yoast SEO plugin. -->","yoast_head_json":{"title":"Agroforst in Frankreich - Online Veranstaltung am 06. November 2025 - Permakultur-Landwirtschaft","description":"In einer f\u00fcr alle Interessierten offenen Webinarreihe teilen erfahrene Agroforst-Expert*innen aus der Schweiz und Europa ihr Wissen.","robots":{"index":"index","follow":"follow","max-snippet":"max-snippet:-1","max-image-preview":"max-image-preview:large","max-video-preview":"max-video-preview:-1"},"canonical":"https:\/\/permakultur-landwirtschaft.org\/fr\/agroforst-in-frankreich-online-veranstaltung-am-06-november-2025\/","og_locale":"fr_FR","og_type":"article","og_title":"Agroforst in Frankreich - Online Veranstaltung am 06. November 2025 - Permakultur-Landwirtschaft","og_description":"In einer f\u00fcr alle Interessierten offenen Webinarreihe teilen erfahrene Agroforst-Expert*innen aus der Schweiz und Europa ihr Wissen.","og_url":"https:\/\/permakultur-landwirtschaft.org\/fr\/agroforst-in-frankreich-online-veranstaltung-am-06-november-2025\/","og_site_name":"Permakultur-Landwirtschaft","article_publisher":"https:\/\/www.facebook.com\/PermakulturLandwirtschaft","article_published_time":"2025-10-18T13:24:14+00:00","og_image":[{"width":700,"height":393,"url":"https:\/\/permakultur-landwirtschaft.org\/wp-content\/uploads\/2023\/01\/fibl_agroforst_2023-01-24_14-59-13.jpg","type":"image\/jpeg"}],"author":"adrian reutimann","twitter_card":"summary_large_image","twitter_misc":{"\u00c9crit par":"adrian reutimann","Dur\u00e9e de lecture estim\u00e9e":"2 minutes"},"schema":{"@context":"https:\/\/schema.org","@graph":[{"@type":"Article","@id":"https:\/\/permakultur-landwirtschaft.org\/agroforst-in-frankreich-online-veranstaltung-am-06-november-2025\/#article","isPartOf":{"@id":"https:\/\/permakultur-landwirtschaft.org\/agroforst-in-frankreich-online-veranstaltung-am-06-november-2025\/"},"author":{"name":"adrian reutimann","@id":"https:\/\/permakultur-landwirtschaft.org\/#\/schema\/person\/6b0467872f75aed3e144093f9bf4f0b0"},"headline":"Agroforst in Frankreich &#8211; Online Veranstaltung am 06. November 2025","datePublished":"2025-10-18T13:24:14+00:00","mainEntityOfPage":{"@id":"https:\/\/permakultur-landwirtschaft.org\/agroforst-in-frankreich-online-veranstaltung-am-06-november-2025\/"},"wordCount":184,"publisher":{"@id":"https:\/\/permakultur-landwirtschaft.org\/#organization"},"image":{"@id":"https:\/\/permakultur-landwirtschaft.org\/agroforst-in-frankreich-online-veranstaltung-am-06-november-2025\/#primaryimage"},"thumbnailUrl":"https:\/\/permakultur-landwirtschaft.org\/wp-content\/uploads\/2023\/01\/fibl_agroforst_2023-01-24_14-59-13.jpg","keywords":["Agroforst","FiBL","Frankreich","Webinar"],"articleSection":["Veranstaltung"],"inLanguage":"fr-FR"},{"@type":"WebPage","@id":"https:\/\/permakultur-landwirtschaft.org\/agroforst-in-frankreich-online-veranstaltung-am-06-november-2025\/","url":"https:\/\/permakultur-landwirtschaft.org\/agroforst-in-frankreich-online-veranstaltung-am-06-november-2025\/","name":"Agroforst in Frankreich - Online Veranstaltung am 06. November 2025 - Permakultur-Landwirtschaft","isPartOf":{"@id":"https:\/\/permakultur-landwirtschaft.org\/#website"},"primaryImageOfPage":{"@id":"https:\/\/permakultur-landwirtschaft.org\/agroforst-in-frankreich-online-veranstaltung-am-06-november-2025\/#primaryimage"},"image":{"@id":"https:\/\/permakultur-landwirtschaft.org\/agroforst-in-frankreich-online-veranstaltung-am-06-november-2025\/#primaryimage"},"thumbnailUrl":"https:\/\/permakultur-landwirtschaft.org\/wp-content\/uploads\/2023\/01\/fibl_agroforst_2023-01-24_14-59-13.jpg","datePublished":"2025-10-18T13:24:14+00:00","description":"In einer f\u00fcr alle Interessierten offenen Webinarreihe teilen erfahrene Agroforst-Expert*innen aus der Schweiz und Europa ihr Wissen.","breadcrumb":{"@id":"https:\/\/permakultur-landwirtschaft.org\/agroforst-in-frankreich-online-veranstaltung-am-06-november-2025\/#breadcrumb"},"inLanguage":"fr-FR","potentialAction":[{"@type":"ReadAction","target":["https:\/\/permakultur-landwirtschaft.org\/agroforst-in-frankreich-online-veranstaltung-am-06-november-2025\/"]}]},{"@type":"ImageObject","inLanguage":"fr-FR","@id":"https:\/\/permakultur-landwirtschaft.org\/agroforst-in-frankreich-online-veranstaltung-am-06-november-2025\/#primaryimage","url":"https:\/\/permakultur-landwirtschaft.org\/wp-content\/uploads\/2023\/01\/fibl_agroforst_2023-01-24_14-59-13.jpg","contentUrl":"https:\/\/permakultur-landwirtschaft.org\/wp-content\/uploads\/2023\/01\/fibl_agroforst_2023-01-24_14-59-13.jpg","width":700,"height":393,"caption":"Bild: FiBL"},{"@type":"BreadcrumbList","@id":"https:\/\/permakultur-landwirtschaft.org\/agroforst-in-frankreich-online-veranstaltung-am-06-november-2025\/#breadcrumb","itemListElement":[{"@type":"ListItem","position":1,"name":"Startseite","item":"https:\/\/permakultur-landwirtschaft.org\/"},{"@type":"ListItem","position":2,"name":"Agroforst in Frankreich &#8211; Online Veranstaltung am 06. November 2025"}]},{"@type":"WebSite","@id":"https:\/\/permakultur-landwirtschaft.org\/#website","url":"https:\/\/permakultur-landwirtschaft.org\/","name":"Permakultur-Landwirtschaft","description":"F\u00f6rderung der Permakultur in der Landwirtschaft","publisher":{"@id":"https:\/\/permakultur-landwirtschaft.org\/#organization"},"potentialAction":[{"@type":"SearchAction","target":{"@type":"EntryPoint","urlTemplate":"https:\/\/permakultur-landwirtschaft.org\/?s={search_term_string}"},"query-input":{"@type":"PropertyValueSpecification","valueRequired":true,"valueName":"search_term_string"}}],"inLanguage":"fr-FR"},{"@type":"Organization","@id":"https:\/\/permakultur-landwirtschaft.org\/#organization","name":"Permakultur-Landwirtschaft","alternateName":"Verein Permakultur-Landwirtschaft","url":"https:\/\/permakultur-landwirtschaft.org\/","logo":{"@type":"ImageObject","inLanguage":"fr-FR","@id":"https:\/\/permakultur-landwirtschaft.org\/#\/schema\/logo\/image\/","url":"https:\/\/permakultur-landwirtschaft.org\/wp-content\/uploads\/2021\/11\/pela_1268x1269.png","contentUrl":"https:\/\/permakultur-landwirtschaft.org\/wp-content\/uploads\/2021\/11\/pela_1268x1269.png","width":1298,"height":1269,"caption":"Permakultur-Landwirtschaft"},"image":{"@id":"https:\/\/permakultur-landwirtschaft.org\/#\/schema\/logo\/image\/"},"sameAs":["https:\/\/www.facebook.com\/PermakulturLandwirtschaft","https:\/\/www.instagram.com\/permakultur_landwirtschaft\/","https:\/\/www.flickr.com\/photos\/permakultur-landwirtschaft","https:\/\/www.youtube.com\/@PermakulturLandwirtschaft"]},{"@type":"Person","@id":"https:\/\/permakultur-landwirtschaft.org\/#\/schema\/person\/6b0467872f75aed3e144093f9bf4f0b0","name":"adrian reutimann","url":"https:\/\/permakultur-landwirtschaft.org\/fr\/author\/reutiadr\/"}]}},"_links":{"self":[{"href":"https:\/\/permakultur-landwirtschaft.org\/fr\/wp-json\/wp\/v2\/posts\/37277","targetHints":{"allow":["GET"]}}],"collection":[{"href":"https:\/\/permakultur-landwirtschaft.org\/fr\/wp-json\/wp\/v2\/posts"}],"about":[{"href":"https:\/\/permakultur-landwirtschaft.org\/fr\/wp-json\/wp\/v2\/types\/post"}],"author":[{"embeddable":true,"href":"https:\/\/permakultur-landwirtschaft.org\/fr\/wp-json\/wp\/v2\/users\/2"}],"replies":[{"embeddable":true,"href":"https:\/\/permakultur-landwirtschaft.org\/fr\/wp-json\/wp\/v2\/comments?post=37277"}],"version-history":[{"count":1,"href":"https:\/\/permakultur-landwirtschaft.org\/fr\/wp-json\/wp\/v2\/posts\/37277\/revisions"}],"predecessor-version":[{"id":37278,"href":"https:\/\/permakultur-landwirtschaft.org\/fr\/wp-json\/wp\/v2\/posts\/37277\/revisions\/37278"}],"wp:featuredmedia":[{"embeddable":true,"href":"https:\/\/permakultur-landwirtschaft.org\/fr\/wp-json\/wp\/v2\/media\/28023"}],"wp:attachment":[{"href":"https:\/\/permakultur-landwirtschaft.org\/fr\/wp-json\/wp\/v2\/media?parent=37277"}],"wp:term":[{"taxonomy":"category","embeddable":true,"href":"https:\/\/permakultur-landwirtschaft.org\/fr\/wp-json\/wp\/v2\/categories?post=37277"},{"taxonomy":"post_tag","embeddable":true,"href":"https:\/\/permakultur-landwirtschaft.org\/fr\/wp-json\/wp\/v2\/tags?post=37277"}],"curies":[{"name":"wp","href":"https:\/\/api.w.org\/{rel}","templated":true}]}}