{"id":37248,"date":"2022-10-18T10:16:00","date_gmt":"2022-10-18T08:16:00","guid":{"rendered":"https:\/\/permakultur-landwirtschaft.org\/?p=37248"},"modified":"2025-10-16T10:22:15","modified_gmt":"2025-10-16T08:22:15","slug":"andrew-millison-visits-ben-falk-at-his-permaculture-farm-in-vermont-usa-beitrag-vom-18-oktober-2022","status":"publish","type":"post","link":"https:\/\/permakultur-landwirtschaft.org\/fr\/andrew-millison-visits-ben-falk-at-his-permaculture-farm-in-vermont-usa-beitrag-vom-18-oktober-2022\/","title":{"rendered":"Andrew Millison visits Ben Falk at his permaculture farm in Vermont USA &#8211; Beitrag vom 18. Oktober 2022"},"content":{"rendered":"<p>Text von youtube.com:<\/p>\n\n\n\n<p>This farm is ready for things to get weird<\/p>\n\n\n\n<p>Andrew Millison visits Ben Falk at his thriving Permaculture farm in Vermont, USA. Ben goes deep into his philosophy, practices, and reveals what really motivates his work. Ben is a well known permaculture teacher, designer and author. His wrote &#171;The Resilient Homestead&#187;, has a design business called Whole Systems Design, and is an all around renaissance man when it comes to ecological land based living. He&#8217;s definitely ready for things to get weird!<\/p>\n\n\n\n<figure class=\"wp-block-embed is-type-video is-provider-youtube wp-block-embed-youtube wp-embed-aspect-16-9 wp-has-aspect-ratio\"><div class=\"wp-block-embed__wrapper\">\n<iframe title=\"This Farm is Ready for Things to Get WEIRD\" width=\"500\" height=\"281\" src=\"https:\/\/www.youtube.com\/embed\/2pcRdXRJ9hE?feature=oembed\" frameborder=\"0\" allow=\"accelerometer; autoplay; clipboard-write; encrypted-media; gyroscope; picture-in-picture; web-share\" referrerpolicy=\"strict-origin-when-cross-origin\" allowfullscreen><\/iframe>\n<\/div><\/figure>\n\n\n\n<p><a href=\"https:\/\/youtu.be\/2pcRdXRJ9hE\" target=\"_blank\" rel=\"noreferrer noopener\">Link zum Video<\/a><\/p>\n\n\n\n<p><a href=\"https:\/\/www.wholesystemsdesign.com\" target=\"_blank\" rel=\"noreferrer noopener\">Link zu Ben Falk<\/a><\/p>\n\n\n\n<p><a href=\"https:\/\/www.andrewmillison.com\/\" target=\"_blank\" rel=\"noreferrer noopener\">Link zu Andrew Millison<\/a><\/p>","protected":false},"excerpt":{"rendered":"<p>Text von youtube.com: This farm is ready for things to get weird Andrew Millison visits Ben Falk at his thriving Permaculture farm in Vermont, USA. Ben goes deep into his philosophy, practices, and reveals what really motivates his work. Ben is a well known permaculture teacher, designer and author. His wrote &#171;The Resilient Homestead&#187;, has [&hellip;]<\/p>\n","protected":false},"author":2,"featured_media":37249,"comment_status":"closed","ping_status":"closed","sticky":false,"template":"","format":"standard","meta":{"_acf_changed":false,"site-sidebar-layout":"default","site-content-layout":"","ast-site-content-layout":"default","site-content-style":"default","site-sidebar-style":"default","ast-global-header-display":"","ast-banner-title-visibility":"","ast-main-header-display":"","ast-hfb-above-header-display":"","ast-hfb-below-header-display":"","ast-hfb-mobile-header-display":"","site-post-title":"","ast-breadcrumbs-content":"","ast-featured-img":"","footer-sml-layout":"","ast-disable-related-posts":"","theme-transparent-header-meta":"","adv-header-id-meta":"","stick-header-meta":"","header-above-stick-meta":"","header-main-stick-meta":"","header-below-stick-meta":"","astra-migrate-meta-layouts":"set","ast-page-background-enabled":"default","ast-page-background-meta":{"desktop":{"background-color":"var(--ast-global-color-4)","background-image":"","background-repeat":"repeat","background-position":"center center","background-size":"auto","background-attachment":"scroll","background-type":"","background-media":"","overlay-type":"","overlay-color":"","overlay-opacity":"","overlay-gradient":""},"tablet":{"background-color":"","background-image":"","background-repeat":"repeat","background-position":"center center","background-size":"auto","background-attachment":"scroll","background-type":"","background-media":"","overlay-type":"","overlay-color":"","overlay-opacity":"","overlay-gradient":""},"mobile":{"background-color":"","background-image":"","background-repeat":"repeat","background-position":"center center","background-size":"auto","background-attachment":"scroll","background-type":"","background-media":"","overlay-type":"","overlay-color":"","overlay-opacity":"","overlay-gradient":""}},"ast-content-background-meta":{"desktop":{"background-color":"var(--ast-global-color-5)","background-image":"","background-repeat":"repeat","background-position":"center center","background-size":"auto","background-attachment":"scroll","background-type":"","background-media":"","overlay-type":"","overlay-color":"","overlay-opacity":"","overlay-gradient":""},"tablet":{"background-color":"var(--ast-global-color-5)","background-image":"","background-repeat":"repeat","background-position":"center center","background-size":"auto","background-attachment":"scroll","background-type":"","background-media":"","overlay-type":"","overlay-color":"","overlay-opacity":"","overlay-gradient":""},"mobile":{"background-color":"var(--ast-global-color-5)","background-image":"","background-repeat":"repeat","background-position":"center center","background-size":"auto","background-attachment":"scroll","background-type":"","background-media":"","overlay-type":"","overlay-color":"","overlay-opacity":"","overlay-gradient":""}},"footnotes":""},"categories":[45,22],"tags":[826,944,945,17,946,119],"class_list":["post-37248","post","type-post","status-publish","format-standard","has-post-thumbnail","hentry","category-filme","category-neuigkeit","tag-andrew-millison","tag-ben-falk","tag-english","tag-permakultur","tag-vermont-usa","tag-video"],"acf":[],"yoast_head":"<!-- This site is optimized with the Yoast SEO plugin v27.5 - https:\/\/yoast.com\/product\/yoast-seo-wordpress\/ -->\n<title>Andrew Millison visits Ben Falk at his permaculture farm in Vermont USA - Beitrag vom 18. Oktober 2022 - Permakultur-Landwirtschaft<\/title>\n<meta name=\"description\" content=\"Ben Falk at his thriving Permaculture farm in Vermont, USA goes deep into his philosophy, practices, and reveals what motivates his work.\" \/>\n<meta name=\"robots\" content=\"index, follow, max-snippet:-1, max-image-preview:large, max-video-preview:-1\" \/>\n<link rel=\"canonical\" href=\"https:\/\/permakultur-landwirtschaft.org\/fr\/andrew-millison-visits-ben-falk-at-his-permaculture-farm-in-vermont-usa-beitrag-vom-18-oktober-2022\/\" \/>\n<meta property=\"og:locale\" content=\"fr_FR\" \/>\n<meta property=\"og:type\" content=\"article\" \/>\n<meta property=\"og:title\" content=\"Andrew Millison visits Ben Falk at his permaculture farm in Vermont USA - Beitrag vom 18. Oktober 2022 - Permakultur-Landwirtschaft\" \/>\n<meta property=\"og:description\" content=\"Ben Falk at his thriving Permaculture farm in Vermont, USA goes deep into his philosophy, practices, and reveals what motivates his work.\" \/>\n<meta property=\"og:url\" content=\"https:\/\/permakultur-landwirtschaft.org\/fr\/andrew-millison-visits-ben-falk-at-his-permaculture-farm-in-vermont-usa-beitrag-vom-18-oktober-2022\/\" \/>\n<meta property=\"og:site_name\" content=\"Permakultur-Landwirtschaft\" \/>\n<meta property=\"article:publisher\" content=\"https:\/\/www.facebook.com\/PermakulturLandwirtschaft\" \/>\n<meta property=\"article:published_time\" content=\"2022-10-18T08:16:00+00:00\" \/>\n<meta property=\"article:modified_time\" content=\"2025-10-16T08:22:15+00:00\" \/>\n<meta property=\"og:image\" content=\"https:\/\/permakultur-landwirtschaft.org\/wp-content\/uploads\/2025\/10\/20251000_ben_falk_2025-10-16_10-12-21.jpg\" \/>\n\t<meta property=\"og:image:width\" content=\"700\" \/>\n\t<meta property=\"og:image:height\" content=\"360\" \/>\n\t<meta property=\"og:image:type\" content=\"image\/jpeg\" \/>\n<meta name=\"author\" content=\"adrian reutimann\" \/>\n<meta name=\"twitter:card\" content=\"summary_large_image\" \/>\n<meta name=\"twitter:label1\" content=\"\u00c9crit par\" \/>\n\t<meta name=\"twitter:data1\" content=\"adrian reutimann\" \/>\n\t<meta name=\"twitter:label2\" content=\"Dur\u00e9e de lecture estim\u00e9e\" \/>\n\t<meta name=\"twitter:data2\" content=\"1 minute\" \/>\n<script type=\"application\/ld+json\" class=\"yoast-schema-graph\">{\"@context\":\"https:\\\/\\\/schema.org\",\"@graph\":[{\"@type\":\"Article\",\"@id\":\"https:\\\/\\\/permakultur-landwirtschaft.org\\\/andrew-millison-visits-ben-falk-at-his-permaculture-farm-in-vermont-usa-beitrag-vom-18-oktober-2022\\\/#article\",\"isPartOf\":{\"@id\":\"https:\\\/\\\/permakultur-landwirtschaft.org\\\/andrew-millison-visits-ben-falk-at-his-permaculture-farm-in-vermont-usa-beitrag-vom-18-oktober-2022\\\/\"},\"author\":{\"name\":\"adrian reutimann\",\"@id\":\"https:\\\/\\\/permakultur-landwirtschaft.org\\\/#\\\/schema\\\/person\\\/6b0467872f75aed3e144093f9bf4f0b0\"},\"headline\":\"Andrew Millison visits Ben Falk at his permaculture farm in Vermont USA &#8211; Beitrag vom 18. Oktober 2022\",\"datePublished\":\"2022-10-18T08:16:00+00:00\",\"dateModified\":\"2025-10-16T08:22:15+00:00\",\"mainEntityOfPage\":{\"@id\":\"https:\\\/\\\/permakultur-landwirtschaft.org\\\/andrew-millison-visits-ben-falk-at-his-permaculture-farm-in-vermont-usa-beitrag-vom-18-oktober-2022\\\/\"},\"wordCount\":119,\"publisher\":{\"@id\":\"https:\\\/\\\/permakultur-landwirtschaft.org\\\/#organization\"},\"image\":{\"@id\":\"https:\\\/\\\/permakultur-landwirtschaft.org\\\/andrew-millison-visits-ben-falk-at-his-permaculture-farm-in-vermont-usa-beitrag-vom-18-oktober-2022\\\/#primaryimage\"},\"thumbnailUrl\":\"https:\\\/\\\/permakultur-landwirtschaft.org\\\/wp-content\\\/uploads\\\/2025\\\/10\\\/20251000_ben_falk_2025-10-16_10-12-21.jpg\",\"keywords\":[\"Andrew Millison\",\"Ben Falk\",\"english\",\"Permakultur\",\"Vermont USA\",\"Video\"],\"articleSection\":[\"Film\",\"Neuigkeit\"],\"inLanguage\":\"fr-FR\"},{\"@type\":\"WebPage\",\"@id\":\"https:\\\/\\\/permakultur-landwirtschaft.org\\\/andrew-millison-visits-ben-falk-at-his-permaculture-farm-in-vermont-usa-beitrag-vom-18-oktober-2022\\\/\",\"url\":\"https:\\\/\\\/permakultur-landwirtschaft.org\\\/andrew-millison-visits-ben-falk-at-his-permaculture-farm-in-vermont-usa-beitrag-vom-18-oktober-2022\\\/\",\"name\":\"Andrew Millison visits Ben Falk at his permaculture farm in Vermont USA - Beitrag vom 18. Oktober 2022 - Permakultur-Landwirtschaft\",\"isPartOf\":{\"@id\":\"https:\\\/\\\/permakultur-landwirtschaft.org\\\/#website\"},\"primaryImageOfPage\":{\"@id\":\"https:\\\/\\\/permakultur-landwirtschaft.org\\\/andrew-millison-visits-ben-falk-at-his-permaculture-farm-in-vermont-usa-beitrag-vom-18-oktober-2022\\\/#primaryimage\"},\"image\":{\"@id\":\"https:\\\/\\\/permakultur-landwirtschaft.org\\\/andrew-millison-visits-ben-falk-at-his-permaculture-farm-in-vermont-usa-beitrag-vom-18-oktober-2022\\\/#primaryimage\"},\"thumbnailUrl\":\"https:\\\/\\\/permakultur-landwirtschaft.org\\\/wp-content\\\/uploads\\\/2025\\\/10\\\/20251000_ben_falk_2025-10-16_10-12-21.jpg\",\"datePublished\":\"2022-10-18T08:16:00+00:00\",\"dateModified\":\"2025-10-16T08:22:15+00:00\",\"description\":\"Ben Falk at his thriving Permaculture farm in Vermont, USA goes deep into his philosophy, practices, and reveals what motivates his work.\",\"breadcrumb\":{\"@id\":\"https:\\\/\\\/permakultur-landwirtschaft.org\\\/andrew-millison-visits-ben-falk-at-his-permaculture-farm-in-vermont-usa-beitrag-vom-18-oktober-2022\\\/#breadcrumb\"},\"inLanguage\":\"fr-FR\",\"potentialAction\":[{\"@type\":\"ReadAction\",\"target\":[\"https:\\\/\\\/permakultur-landwirtschaft.org\\\/andrew-millison-visits-ben-falk-at-his-permaculture-farm-in-vermont-usa-beitrag-vom-18-oktober-2022\\\/\"]}]},{\"@type\":\"ImageObject\",\"inLanguage\":\"fr-FR\",\"@id\":\"https:\\\/\\\/permakultur-landwirtschaft.org\\\/andrew-millison-visits-ben-falk-at-his-permaculture-farm-in-vermont-usa-beitrag-vom-18-oktober-2022\\\/#primaryimage\",\"url\":\"https:\\\/\\\/permakultur-landwirtschaft.org\\\/wp-content\\\/uploads\\\/2025\\\/10\\\/20251000_ben_falk_2025-10-16_10-12-21.jpg\",\"contentUrl\":\"https:\\\/\\\/permakultur-landwirtschaft.org\\\/wp-content\\\/uploads\\\/2025\\\/10\\\/20251000_ben_falk_2025-10-16_10-12-21.jpg\",\"width\":700,\"height\":360,\"caption\":\"Bild: youtube.com\"},{\"@type\":\"BreadcrumbList\",\"@id\":\"https:\\\/\\\/permakultur-landwirtschaft.org\\\/andrew-millison-visits-ben-falk-at-his-permaculture-farm-in-vermont-usa-beitrag-vom-18-oktober-2022\\\/#breadcrumb\",\"itemListElement\":[{\"@type\":\"ListItem\",\"position\":1,\"name\":\"Startseite\",\"item\":\"https:\\\/\\\/permakultur-landwirtschaft.org\\\/\"},{\"@type\":\"ListItem\",\"position\":2,\"name\":\"Andrew Millison visits Ben Falk at his permaculture farm in Vermont USA &#8211; Beitrag vom 18. Oktober 2022\"}]},{\"@type\":\"WebSite\",\"@id\":\"https:\\\/\\\/permakultur-landwirtschaft.org\\\/#website\",\"url\":\"https:\\\/\\\/permakultur-landwirtschaft.org\\\/\",\"name\":\"Permakultur-Landwirtschaft\",\"description\":\"F\u00f6rderung der Permakultur in der Landwirtschaft\",\"publisher\":{\"@id\":\"https:\\\/\\\/permakultur-landwirtschaft.org\\\/#organization\"},\"potentialAction\":[{\"@type\":\"SearchAction\",\"target\":{\"@type\":\"EntryPoint\",\"urlTemplate\":\"https:\\\/\\\/permakultur-landwirtschaft.org\\\/?s={search_term_string}\"},\"query-input\":{\"@type\":\"PropertyValueSpecification\",\"valueRequired\":true,\"valueName\":\"search_term_string\"}}],\"inLanguage\":\"fr-FR\"},{\"@type\":\"Organization\",\"@id\":\"https:\\\/\\\/permakultur-landwirtschaft.org\\\/#organization\",\"name\":\"Permakultur-Landwirtschaft\",\"alternateName\":\"Verein Permakultur-Landwirtschaft\",\"url\":\"https:\\\/\\\/permakultur-landwirtschaft.org\\\/\",\"logo\":{\"@type\":\"ImageObject\",\"inLanguage\":\"fr-FR\",\"@id\":\"https:\\\/\\\/permakultur-landwirtschaft.org\\\/#\\\/schema\\\/logo\\\/image\\\/\",\"url\":\"https:\\\/\\\/permakultur-landwirtschaft.org\\\/wp-content\\\/uploads\\\/2021\\\/11\\\/pela_1268x1269.png\",\"contentUrl\":\"https:\\\/\\\/permakultur-landwirtschaft.org\\\/wp-content\\\/uploads\\\/2021\\\/11\\\/pela_1268x1269.png\",\"width\":1298,\"height\":1269,\"caption\":\"Permakultur-Landwirtschaft\"},\"image\":{\"@id\":\"https:\\\/\\\/permakultur-landwirtschaft.org\\\/#\\\/schema\\\/logo\\\/image\\\/\"},\"sameAs\":[\"https:\\\/\\\/www.facebook.com\\\/PermakulturLandwirtschaft\",\"https:\\\/\\\/www.instagram.com\\\/permakultur_landwirtschaft\\\/\",\"https:\\\/\\\/www.flickr.com\\\/photos\\\/permakultur-landwirtschaft\",\"https:\\\/\\\/www.youtube.com\\\/@PermakulturLandwirtschaft\"]},{\"@type\":\"Person\",\"@id\":\"https:\\\/\\\/permakultur-landwirtschaft.org\\\/#\\\/schema\\\/person\\\/6b0467872f75aed3e144093f9bf4f0b0\",\"name\":\"adrian reutimann\",\"url\":\"https:\\\/\\\/permakultur-landwirtschaft.org\\\/fr\\\/author\\\/reutiadr\\\/\"}]}<\/script>\n<!-- \/ Yoast SEO plugin. -->","yoast_head_json":{"title":"Andrew Millison visits Ben Falk at his permaculture farm in Vermont USA - Beitrag vom 18. Oktober 2022 - Permakultur-Landwirtschaft","description":"Ben Falk at his thriving Permaculture farm in Vermont, USA goes deep into his philosophy, practices, and reveals what motivates his work.","robots":{"index":"index","follow":"follow","max-snippet":"max-snippet:-1","max-image-preview":"max-image-preview:large","max-video-preview":"max-video-preview:-1"},"canonical":"https:\/\/permakultur-landwirtschaft.org\/fr\/andrew-millison-visits-ben-falk-at-his-permaculture-farm-in-vermont-usa-beitrag-vom-18-oktober-2022\/","og_locale":"fr_FR","og_type":"article","og_title":"Andrew Millison visits Ben Falk at his permaculture farm in Vermont USA - Beitrag vom 18. Oktober 2022 - Permakultur-Landwirtschaft","og_description":"Ben Falk at his thriving Permaculture farm in Vermont, USA goes deep into his philosophy, practices, and reveals what motivates his work.","og_url":"https:\/\/permakultur-landwirtschaft.org\/fr\/andrew-millison-visits-ben-falk-at-his-permaculture-farm-in-vermont-usa-beitrag-vom-18-oktober-2022\/","og_site_name":"Permakultur-Landwirtschaft","article_publisher":"https:\/\/www.facebook.com\/PermakulturLandwirtschaft","article_published_time":"2022-10-18T08:16:00+00:00","article_modified_time":"2025-10-16T08:22:15+00:00","og_image":[{"width":700,"height":360,"url":"https:\/\/permakultur-landwirtschaft.org\/wp-content\/uploads\/2025\/10\/20251000_ben_falk_2025-10-16_10-12-21.jpg","type":"image\/jpeg"}],"author":"adrian reutimann","twitter_card":"summary_large_image","twitter_misc":{"\u00c9crit par":"adrian reutimann","Dur\u00e9e de lecture estim\u00e9e":"1 minute"},"schema":{"@context":"https:\/\/schema.org","@graph":[{"@type":"Article","@id":"https:\/\/permakultur-landwirtschaft.org\/andrew-millison-visits-ben-falk-at-his-permaculture-farm-in-vermont-usa-beitrag-vom-18-oktober-2022\/#article","isPartOf":{"@id":"https:\/\/permakultur-landwirtschaft.org\/andrew-millison-visits-ben-falk-at-his-permaculture-farm-in-vermont-usa-beitrag-vom-18-oktober-2022\/"},"author":{"name":"adrian reutimann","@id":"https:\/\/permakultur-landwirtschaft.org\/#\/schema\/person\/6b0467872f75aed3e144093f9bf4f0b0"},"headline":"Andrew Millison visits Ben Falk at his permaculture farm in Vermont USA &#8211; Beitrag vom 18. Oktober 2022","datePublished":"2022-10-18T08:16:00+00:00","dateModified":"2025-10-16T08:22:15+00:00","mainEntityOfPage":{"@id":"https:\/\/permakultur-landwirtschaft.org\/andrew-millison-visits-ben-falk-at-his-permaculture-farm-in-vermont-usa-beitrag-vom-18-oktober-2022\/"},"wordCount":119,"publisher":{"@id":"https:\/\/permakultur-landwirtschaft.org\/#organization"},"image":{"@id":"https:\/\/permakultur-landwirtschaft.org\/andrew-millison-visits-ben-falk-at-his-permaculture-farm-in-vermont-usa-beitrag-vom-18-oktober-2022\/#primaryimage"},"thumbnailUrl":"https:\/\/permakultur-landwirtschaft.org\/wp-content\/uploads\/2025\/10\/20251000_ben_falk_2025-10-16_10-12-21.jpg","keywords":["Andrew Millison","Ben Falk","english","Permakultur","Vermont USA","Video"],"articleSection":["Film","Neuigkeit"],"inLanguage":"fr-FR"},{"@type":"WebPage","@id":"https:\/\/permakultur-landwirtschaft.org\/andrew-millison-visits-ben-falk-at-his-permaculture-farm-in-vermont-usa-beitrag-vom-18-oktober-2022\/","url":"https:\/\/permakultur-landwirtschaft.org\/andrew-millison-visits-ben-falk-at-his-permaculture-farm-in-vermont-usa-beitrag-vom-18-oktober-2022\/","name":"Andrew Millison visits Ben Falk at his permaculture farm in Vermont USA - Beitrag vom 18. Oktober 2022 - Permakultur-Landwirtschaft","isPartOf":{"@id":"https:\/\/permakultur-landwirtschaft.org\/#website"},"primaryImageOfPage":{"@id":"https:\/\/permakultur-landwirtschaft.org\/andrew-millison-visits-ben-falk-at-his-permaculture-farm-in-vermont-usa-beitrag-vom-18-oktober-2022\/#primaryimage"},"image":{"@id":"https:\/\/permakultur-landwirtschaft.org\/andrew-millison-visits-ben-falk-at-his-permaculture-farm-in-vermont-usa-beitrag-vom-18-oktober-2022\/#primaryimage"},"thumbnailUrl":"https:\/\/permakultur-landwirtschaft.org\/wp-content\/uploads\/2025\/10\/20251000_ben_falk_2025-10-16_10-12-21.jpg","datePublished":"2022-10-18T08:16:00+00:00","dateModified":"2025-10-16T08:22:15+00:00","description":"Ben Falk at his thriving Permaculture farm in Vermont, USA goes deep into his philosophy, practices, and reveals what motivates his work.","breadcrumb":{"@id":"https:\/\/permakultur-landwirtschaft.org\/andrew-millison-visits-ben-falk-at-his-permaculture-farm-in-vermont-usa-beitrag-vom-18-oktober-2022\/#breadcrumb"},"inLanguage":"fr-FR","potentialAction":[{"@type":"ReadAction","target":["https:\/\/permakultur-landwirtschaft.org\/andrew-millison-visits-ben-falk-at-his-permaculture-farm-in-vermont-usa-beitrag-vom-18-oktober-2022\/"]}]},{"@type":"ImageObject","inLanguage":"fr-FR","@id":"https:\/\/permakultur-landwirtschaft.org\/andrew-millison-visits-ben-falk-at-his-permaculture-farm-in-vermont-usa-beitrag-vom-18-oktober-2022\/#primaryimage","url":"https:\/\/permakultur-landwirtschaft.org\/wp-content\/uploads\/2025\/10\/20251000_ben_falk_2025-10-16_10-12-21.jpg","contentUrl":"https:\/\/permakultur-landwirtschaft.org\/wp-content\/uploads\/2025\/10\/20251000_ben_falk_2025-10-16_10-12-21.jpg","width":700,"height":360,"caption":"Bild: youtube.com"},{"@type":"BreadcrumbList","@id":"https:\/\/permakultur-landwirtschaft.org\/andrew-millison-visits-ben-falk-at-his-permaculture-farm-in-vermont-usa-beitrag-vom-18-oktober-2022\/#breadcrumb","itemListElement":[{"@type":"ListItem","position":1,"name":"Startseite","item":"https:\/\/permakultur-landwirtschaft.org\/"},{"@type":"ListItem","position":2,"name":"Andrew Millison visits Ben Falk at his permaculture farm in Vermont USA &#8211; Beitrag vom 18. Oktober 2022"}]},{"@type":"WebSite","@id":"https:\/\/permakultur-landwirtschaft.org\/#website","url":"https:\/\/permakultur-landwirtschaft.org\/","name":"Permakultur-Landwirtschaft","description":"F\u00f6rderung der Permakultur in der Landwirtschaft","publisher":{"@id":"https:\/\/permakultur-landwirtschaft.org\/#organization"},"potentialAction":[{"@type":"SearchAction","target":{"@type":"EntryPoint","urlTemplate":"https:\/\/permakultur-landwirtschaft.org\/?s={search_term_string}"},"query-input":{"@type":"PropertyValueSpecification","valueRequired":true,"valueName":"search_term_string"}}],"inLanguage":"fr-FR"},{"@type":"Organization","@id":"https:\/\/permakultur-landwirtschaft.org\/#organization","name":"Permakultur-Landwirtschaft","alternateName":"Verein Permakultur-Landwirtschaft","url":"https:\/\/permakultur-landwirtschaft.org\/","logo":{"@type":"ImageObject","inLanguage":"fr-FR","@id":"https:\/\/permakultur-landwirtschaft.org\/#\/schema\/logo\/image\/","url":"https:\/\/permakultur-landwirtschaft.org\/wp-content\/uploads\/2021\/11\/pela_1268x1269.png","contentUrl":"https:\/\/permakultur-landwirtschaft.org\/wp-content\/uploads\/2021\/11\/pela_1268x1269.png","width":1298,"height":1269,"caption":"Permakultur-Landwirtschaft"},"image":{"@id":"https:\/\/permakultur-landwirtschaft.org\/#\/schema\/logo\/image\/"},"sameAs":["https:\/\/www.facebook.com\/PermakulturLandwirtschaft","https:\/\/www.instagram.com\/permakultur_landwirtschaft\/","https:\/\/www.flickr.com\/photos\/permakultur-landwirtschaft","https:\/\/www.youtube.com\/@PermakulturLandwirtschaft"]},{"@type":"Person","@id":"https:\/\/permakultur-landwirtschaft.org\/#\/schema\/person\/6b0467872f75aed3e144093f9bf4f0b0","name":"adrian reutimann","url":"https:\/\/permakultur-landwirtschaft.org\/fr\/author\/reutiadr\/"}]}},"_links":{"self":[{"href":"https:\/\/permakultur-landwirtschaft.org\/fr\/wp-json\/wp\/v2\/posts\/37248","targetHints":{"allow":["GET"]}}],"collection":[{"href":"https:\/\/permakultur-landwirtschaft.org\/fr\/wp-json\/wp\/v2\/posts"}],"about":[{"href":"https:\/\/permakultur-landwirtschaft.org\/fr\/wp-json\/wp\/v2\/types\/post"}],"author":[{"embeddable":true,"href":"https:\/\/permakultur-landwirtschaft.org\/fr\/wp-json\/wp\/v2\/users\/2"}],"replies":[{"embeddable":true,"href":"https:\/\/permakultur-landwirtschaft.org\/fr\/wp-json\/wp\/v2\/comments?post=37248"}],"version-history":[{"count":1,"href":"https:\/\/permakultur-landwirtschaft.org\/fr\/wp-json\/wp\/v2\/posts\/37248\/revisions"}],"predecessor-version":[{"id":37250,"href":"https:\/\/permakultur-landwirtschaft.org\/fr\/wp-json\/wp\/v2\/posts\/37248\/revisions\/37250"}],"wp:featuredmedia":[{"embeddable":true,"href":"https:\/\/permakultur-landwirtschaft.org\/fr\/wp-json\/wp\/v2\/media\/37249"}],"wp:attachment":[{"href":"https:\/\/permakultur-landwirtschaft.org\/fr\/wp-json\/wp\/v2\/media?parent=37248"}],"wp:term":[{"taxonomy":"category","embeddable":true,"href":"https:\/\/permakultur-landwirtschaft.org\/fr\/wp-json\/wp\/v2\/categories?post=37248"},{"taxonomy":"post_tag","embeddable":true,"href":"https:\/\/permakultur-landwirtschaft.org\/fr\/wp-json\/wp\/v2\/tags?post=37248"}],"curies":[{"name":"wp","href":"https:\/\/api.w.org\/{rel}","templated":true}]}}