{"id":37159,"date":"2025-10-06T13:33:39","date_gmt":"2025-10-06T11:33:39","guid":{"rendered":"https:\/\/permakultur-landwirtschaft.org\/?p=37159"},"modified":"2025-10-06T13:33:40","modified_gmt":"2025-10-06T11:33:40","slug":"exkursion-integration-von-gehoelzen-in-rinderhaltung-und-agroforst-auf-dem-acker-exkursion-am-14-oktober-2025","status":"publish","type":"post","link":"https:\/\/permakultur-landwirtschaft.org\/fr\/exkursion-integration-von-gehoelzen-in-rinderhaltung-und-agroforst-auf-dem-acker-exkursion-am-14-oktober-2025\/","title":{"rendered":"Exkursion Integration von Geh\u00f6lzen in Rinderhaltung und Agroforst auf dem Acker &#8211; Exkursion am 14. Oktober 2025"},"content":{"rendered":"<p>Text von www.bioaktuell.ch:<\/p>\n\n\n\n<p>Besuch eines Mutterkuh\/Ackerbaubetriebes und eines Milchviehbetriebes im Kanton Neuchatel<\/p>\n\n\n\n<p>Im Rahmen eines von der Leopold Bachmann Stiftung finanzierten Agroforstwirtschaftsprojekts laden wir Sie ein, im Kanton Neuenburg zwei Biobauernh\u00f6fe mit Rinderzucht zu besuchen, von denen einer Milchvieh h\u00e4lt und der andere Mutterk\u00fche. Ein Betrieb hat ein altes System der Waldweide wieder in Betrieb genommen und kann so das Potenzial der Blattbiomasse aus den B\u00e4umen und Str\u00e4uchern auf den 20 Hektar Dauergr\u00fcnland besser nutzen. Weiterhin wurden auf dem Betrieb auf einem Acker ein Agroforst System angelegt. Anschlie\u00dfend besuchen wir einen Milchviehbetrieb, der vor drei Jahren eine junge Futterhecke gepflanzt hat, um sie im Sommer als Futter f\u00fcr das Vieh zu nutzen und sein F\u00fctterungssystem auf Vollweidehaltung umzustellen.<\/p>\n\n\n\n<p><strong>Wann<\/strong><\/p>\n\n\n\n<p>14. Oktober 2025, 7.45 bis ca. 16.00<\/p>\n\n\n\n<p><strong>Wo<\/strong><\/p>\n\n\n\n<p>Neuch\u00e2tel NE<\/p>\n\n\n\n<p><a href=\"https:\/\/www.bioaktuell.ch\/aktuell\/agenda\/termin\/exkursion-integration-von-gehoelzen-in-rinderhaltung-und-agroforst-auf-dem-acker\" target=\"_blank\" rel=\"noreferrer noopener\">Link zu mehr Infos und Anmeldung<\/a><\/p>","protected":false},"excerpt":{"rendered":"<p>Text von www.bioaktuell.ch: Besuch eines Mutterkuh\/Ackerbaubetriebes und eines Milchviehbetriebes im Kanton Neuchatel Im Rahmen eines von der Leopold Bachmann Stiftung finanzierten Agroforstwirtschaftsprojekts laden wir Sie ein, im Kanton Neuenburg zwei Biobauernh\u00f6fe mit Rinderzucht zu besuchen, von denen einer Milchvieh h\u00e4lt und der andere Mutterk\u00fche. Ein Betrieb hat ein altes System der Waldweide wieder in Betrieb [&hellip;]<\/p>\n","protected":false},"author":2,"featured_media":37160,"comment_status":"closed","ping_status":"closed","sticky":false,"template":"","format":"standard","meta":{"_acf_changed":false,"site-sidebar-layout":"default","site-content-layout":"","ast-site-content-layout":"default","site-content-style":"default","site-sidebar-style":"default","ast-global-header-display":"","ast-banner-title-visibility":"","ast-main-header-display":"","ast-hfb-above-header-display":"","ast-hfb-below-header-display":"","ast-hfb-mobile-header-display":"","site-post-title":"","ast-breadcrumbs-content":"","ast-featured-img":"","footer-sml-layout":"","ast-disable-related-posts":"","theme-transparent-header-meta":"","adv-header-id-meta":"","stick-header-meta":"","header-above-stick-meta":"","header-main-stick-meta":"","header-below-stick-meta":"","astra-migrate-meta-layouts":"set","ast-page-background-enabled":"default","ast-page-background-meta":{"desktop":{"background-color":"var(--ast-global-color-4)","background-image":"","background-repeat":"repeat","background-position":"center center","background-size":"auto","background-attachment":"scroll","background-type":"","background-media":"","overlay-type":"","overlay-color":"","overlay-opacity":"","overlay-gradient":""},"tablet":{"background-color":"","background-image":"","background-repeat":"repeat","background-position":"center center","background-size":"auto","background-attachment":"scroll","background-type":"","background-media":"","overlay-type":"","overlay-color":"","overlay-opacity":"","overlay-gradient":""},"mobile":{"background-color":"","background-image":"","background-repeat":"repeat","background-position":"center center","background-size":"auto","background-attachment":"scroll","background-type":"","background-media":"","overlay-type":"","overlay-color":"","overlay-opacity":"","overlay-gradient":""}},"ast-content-background-meta":{"desktop":{"background-color":"var(--ast-global-color-5)","background-image":"","background-repeat":"repeat","background-position":"center center","background-size":"auto","background-attachment":"scroll","background-type":"","background-media":"","overlay-type":"","overlay-color":"","overlay-opacity":"","overlay-gradient":""},"tablet":{"background-color":"var(--ast-global-color-5)","background-image":"","background-repeat":"repeat","background-position":"center center","background-size":"auto","background-attachment":"scroll","background-type":"","background-media":"","overlay-type":"","overlay-color":"","overlay-opacity":"","overlay-gradient":""},"mobile":{"background-color":"var(--ast-global-color-5)","background-image":"","background-repeat":"repeat","background-position":"center center","background-size":"auto","background-attachment":"scroll","background-type":"","background-media":"","overlay-type":"","overlay-color":"","overlay-opacity":"","overlay-gradient":""}},"footnotes":""},"categories":[14],"tags":[31,913,613,912,914],"class_list":["post-37159","post","type-post","status-publish","format-standard","has-post-thumbnail","hentry","category-veranstaltung","tag-agroforst","tag-agrosilvopasteral","tag-kuehe","tag-neuenburg","tag-rinder"],"acf":[],"yoast_head":"<!-- This site is optimized with the Yoast SEO plugin v27.4 - https:\/\/yoast.com\/product\/yoast-seo-wordpress\/ -->\n<title>Exkursion Integration von Geh\u00f6lzen in Rinderhaltung und Agroforst auf dem Acker - Exkursion am 14. Oktober 2025 - Permakultur-Landwirtschaft<\/title>\n<meta name=\"description\" content=\"Im Rahmen eines Agroforstwirtschaftsprojekts laden wir Sie ein, im Kanton Neuenburg zwei Biobauernh\u00f6fe mit Rinderzucht zu besuchen\" \/>\n<meta name=\"robots\" content=\"index, follow, max-snippet:-1, max-image-preview:large, max-video-preview:-1\" \/>\n<link rel=\"canonical\" href=\"https:\/\/permakultur-landwirtschaft.org\/fr\/exkursion-integration-von-gehoelzen-in-rinderhaltung-und-agroforst-auf-dem-acker-exkursion-am-14-oktober-2025\/\" \/>\n<meta property=\"og:locale\" content=\"fr_FR\" \/>\n<meta property=\"og:type\" content=\"article\" \/>\n<meta property=\"og:title\" content=\"Exkursion Integration von Geh\u00f6lzen in Rinderhaltung und Agroforst auf dem Acker - Exkursion am 14. Oktober 2025 - Permakultur-Landwirtschaft\" \/>\n<meta property=\"og:description\" content=\"Im Rahmen eines Agroforstwirtschaftsprojekts laden wir Sie ein, im Kanton Neuenburg zwei Biobauernh\u00f6fe mit Rinderzucht zu besuchen\" \/>\n<meta property=\"og:url\" content=\"https:\/\/permakultur-landwirtschaft.org\/fr\/exkursion-integration-von-gehoelzen-in-rinderhaltung-und-agroforst-auf-dem-acker-exkursion-am-14-oktober-2025\/\" \/>\n<meta property=\"og:site_name\" content=\"Permakultur-Landwirtschaft\" \/>\n<meta property=\"article:publisher\" content=\"https:\/\/www.facebook.com\/PermakulturLandwirtschaft\" \/>\n<meta property=\"article:published_time\" content=\"2025-10-06T11:33:39+00:00\" \/>\n<meta property=\"article:modified_time\" content=\"2025-10-06T11:33:40+00:00\" \/>\n<meta property=\"og:image\" content=\"https:\/\/permakultur-landwirtschaft.org\/wp-content\/uploads\/2025\/10\/20251014_Programm_ExkursionAgroSilvoPastoral_DE_final.jpeg\" \/>\n\t<meta property=\"og:image:width\" content=\"688\" \/>\n\t<meta property=\"og:image:height\" content=\"503\" \/>\n\t<meta property=\"og:image:type\" content=\"image\/jpeg\" \/>\n<meta name=\"author\" content=\"adrian reutimann\" \/>\n<meta name=\"twitter:card\" content=\"summary_large_image\" \/>\n<meta name=\"twitter:label1\" content=\"\u00c9crit par\" \/>\n\t<meta name=\"twitter:data1\" content=\"adrian reutimann\" \/>\n\t<meta name=\"twitter:label2\" content=\"Dur\u00e9e de lecture estim\u00e9e\" \/>\n\t<meta name=\"twitter:data2\" content=\"1 minute\" \/>\n<script type=\"application\/ld+json\" class=\"yoast-schema-graph\">{\"@context\":\"https:\\\/\\\/schema.org\",\"@graph\":[{\"@type\":\"Article\",\"@id\":\"https:\\\/\\\/permakultur-landwirtschaft.org\\\/exkursion-integration-von-gehoelzen-in-rinderhaltung-und-agroforst-auf-dem-acker-exkursion-am-14-oktober-2025\\\/#article\",\"isPartOf\":{\"@id\":\"https:\\\/\\\/permakultur-landwirtschaft.org\\\/exkursion-integration-von-gehoelzen-in-rinderhaltung-und-agroforst-auf-dem-acker-exkursion-am-14-oktober-2025\\\/\"},\"author\":{\"name\":\"adrian reutimann\",\"@id\":\"https:\\\/\\\/permakultur-landwirtschaft.org\\\/#\\\/schema\\\/person\\\/6b0467872f75aed3e144093f9bf4f0b0\"},\"headline\":\"Exkursion Integration von Geh\u00f6lzen in Rinderhaltung und Agroforst auf dem Acker &#8211; Exkursion am 14. Oktober 2025\",\"datePublished\":\"2025-10-06T11:33:39+00:00\",\"dateModified\":\"2025-10-06T11:33:40+00:00\",\"mainEntityOfPage\":{\"@id\":\"https:\\\/\\\/permakultur-landwirtschaft.org\\\/exkursion-integration-von-gehoelzen-in-rinderhaltung-und-agroforst-auf-dem-acker-exkursion-am-14-oktober-2025\\\/\"},\"wordCount\":159,\"publisher\":{\"@id\":\"https:\\\/\\\/permakultur-landwirtschaft.org\\\/#organization\"},\"image\":{\"@id\":\"https:\\\/\\\/permakultur-landwirtschaft.org\\\/exkursion-integration-von-gehoelzen-in-rinderhaltung-und-agroforst-auf-dem-acker-exkursion-am-14-oktober-2025\\\/#primaryimage\"},\"thumbnailUrl\":\"https:\\\/\\\/permakultur-landwirtschaft.org\\\/wp-content\\\/uploads\\\/2025\\\/10\\\/20251014_Programm_ExkursionAgroSilvoPastoral_DE_final.jpeg\",\"keywords\":[\"Agroforst\",\"Agrosilvopasteral\",\"K\u00fche\",\"Neuenburg\",\"Rinder\"],\"articleSection\":[\"Veranstaltung\"],\"inLanguage\":\"fr-FR\"},{\"@type\":\"WebPage\",\"@id\":\"https:\\\/\\\/permakultur-landwirtschaft.org\\\/exkursion-integration-von-gehoelzen-in-rinderhaltung-und-agroforst-auf-dem-acker-exkursion-am-14-oktober-2025\\\/\",\"url\":\"https:\\\/\\\/permakultur-landwirtschaft.org\\\/exkursion-integration-von-gehoelzen-in-rinderhaltung-und-agroforst-auf-dem-acker-exkursion-am-14-oktober-2025\\\/\",\"name\":\"Exkursion Integration von Geh\u00f6lzen in Rinderhaltung und Agroforst auf dem Acker - Exkursion am 14. Oktober 2025 - Permakultur-Landwirtschaft\",\"isPartOf\":{\"@id\":\"https:\\\/\\\/permakultur-landwirtschaft.org\\\/#website\"},\"primaryImageOfPage\":{\"@id\":\"https:\\\/\\\/permakultur-landwirtschaft.org\\\/exkursion-integration-von-gehoelzen-in-rinderhaltung-und-agroforst-auf-dem-acker-exkursion-am-14-oktober-2025\\\/#primaryimage\"},\"image\":{\"@id\":\"https:\\\/\\\/permakultur-landwirtschaft.org\\\/exkursion-integration-von-gehoelzen-in-rinderhaltung-und-agroforst-auf-dem-acker-exkursion-am-14-oktober-2025\\\/#primaryimage\"},\"thumbnailUrl\":\"https:\\\/\\\/permakultur-landwirtschaft.org\\\/wp-content\\\/uploads\\\/2025\\\/10\\\/20251014_Programm_ExkursionAgroSilvoPastoral_DE_final.jpeg\",\"datePublished\":\"2025-10-06T11:33:39+00:00\",\"dateModified\":\"2025-10-06T11:33:40+00:00\",\"description\":\"Im Rahmen eines Agroforstwirtschaftsprojekts laden wir Sie ein, im Kanton Neuenburg zwei Biobauernh\u00f6fe mit Rinderzucht zu besuchen\",\"breadcrumb\":{\"@id\":\"https:\\\/\\\/permakultur-landwirtschaft.org\\\/exkursion-integration-von-gehoelzen-in-rinderhaltung-und-agroforst-auf-dem-acker-exkursion-am-14-oktober-2025\\\/#breadcrumb\"},\"inLanguage\":\"fr-FR\",\"potentialAction\":[{\"@type\":\"ReadAction\",\"target\":[\"https:\\\/\\\/permakultur-landwirtschaft.org\\\/exkursion-integration-von-gehoelzen-in-rinderhaltung-und-agroforst-auf-dem-acker-exkursion-am-14-oktober-2025\\\/\"]}]},{\"@type\":\"ImageObject\",\"inLanguage\":\"fr-FR\",\"@id\":\"https:\\\/\\\/permakultur-landwirtschaft.org\\\/exkursion-integration-von-gehoelzen-in-rinderhaltung-und-agroforst-auf-dem-acker-exkursion-am-14-oktober-2025\\\/#primaryimage\",\"url\":\"https:\\\/\\\/permakultur-landwirtschaft.org\\\/wp-content\\\/uploads\\\/2025\\\/10\\\/20251014_Programm_ExkursionAgroSilvoPastoral_DE_final.jpeg\",\"contentUrl\":\"https:\\\/\\\/permakultur-landwirtschaft.org\\\/wp-content\\\/uploads\\\/2025\\\/10\\\/20251014_Programm_ExkursionAgroSilvoPastoral_DE_final.jpeg\",\"width\":688,\"height\":503,\"caption\":\"Bild: www.bioaktuell.ch\"},{\"@type\":\"BreadcrumbList\",\"@id\":\"https:\\\/\\\/permakultur-landwirtschaft.org\\\/exkursion-integration-von-gehoelzen-in-rinderhaltung-und-agroforst-auf-dem-acker-exkursion-am-14-oktober-2025\\\/#breadcrumb\",\"itemListElement\":[{\"@type\":\"ListItem\",\"position\":1,\"name\":\"Startseite\",\"item\":\"https:\\\/\\\/permakultur-landwirtschaft.org\\\/\"},{\"@type\":\"ListItem\",\"position\":2,\"name\":\"Exkursion Integration von Geh\u00f6lzen in Rinderhaltung und Agroforst auf dem Acker &#8211; Exkursion am 14. Oktober 2025\"}]},{\"@type\":\"WebSite\",\"@id\":\"https:\\\/\\\/permakultur-landwirtschaft.org\\\/#website\",\"url\":\"https:\\\/\\\/permakultur-landwirtschaft.org\\\/\",\"name\":\"Permakultur-Landwirtschaft\",\"description\":\"F\u00f6rderung der Permakultur in der Landwirtschaft\",\"publisher\":{\"@id\":\"https:\\\/\\\/permakultur-landwirtschaft.org\\\/#organization\"},\"potentialAction\":[{\"@type\":\"SearchAction\",\"target\":{\"@type\":\"EntryPoint\",\"urlTemplate\":\"https:\\\/\\\/permakultur-landwirtschaft.org\\\/?s={search_term_string}\"},\"query-input\":{\"@type\":\"PropertyValueSpecification\",\"valueRequired\":true,\"valueName\":\"search_term_string\"}}],\"inLanguage\":\"fr-FR\"},{\"@type\":\"Organization\",\"@id\":\"https:\\\/\\\/permakultur-landwirtschaft.org\\\/#organization\",\"name\":\"Permakultur-Landwirtschaft\",\"alternateName\":\"Verein Permakultur-Landwirtschaft\",\"url\":\"https:\\\/\\\/permakultur-landwirtschaft.org\\\/\",\"logo\":{\"@type\":\"ImageObject\",\"inLanguage\":\"fr-FR\",\"@id\":\"https:\\\/\\\/permakultur-landwirtschaft.org\\\/#\\\/schema\\\/logo\\\/image\\\/\",\"url\":\"https:\\\/\\\/permakultur-landwirtschaft.org\\\/wp-content\\\/uploads\\\/2021\\\/11\\\/pela_1268x1269.png\",\"contentUrl\":\"https:\\\/\\\/permakultur-landwirtschaft.org\\\/wp-content\\\/uploads\\\/2021\\\/11\\\/pela_1268x1269.png\",\"width\":1298,\"height\":1269,\"caption\":\"Permakultur-Landwirtschaft\"},\"image\":{\"@id\":\"https:\\\/\\\/permakultur-landwirtschaft.org\\\/#\\\/schema\\\/logo\\\/image\\\/\"},\"sameAs\":[\"https:\\\/\\\/www.facebook.com\\\/PermakulturLandwirtschaft\",\"https:\\\/\\\/www.instagram.com\\\/permakultur_landwirtschaft\\\/\",\"https:\\\/\\\/www.flickr.com\\\/photos\\\/permakultur-landwirtschaft\",\"https:\\\/\\\/www.youtube.com\\\/@PermakulturLandwirtschaft\"]},{\"@type\":\"Person\",\"@id\":\"https:\\\/\\\/permakultur-landwirtschaft.org\\\/#\\\/schema\\\/person\\\/6b0467872f75aed3e144093f9bf4f0b0\",\"name\":\"adrian reutimann\",\"url\":\"https:\\\/\\\/permakultur-landwirtschaft.org\\\/fr\\\/author\\\/reutiadr\\\/\"}]}<\/script>\n<!-- \/ Yoast SEO plugin. -->","yoast_head_json":{"title":"Exkursion Integration von Geh\u00f6lzen in Rinderhaltung und Agroforst auf dem Acker - Exkursion am 14. Oktober 2025 - Permakultur-Landwirtschaft","description":"Im Rahmen eines Agroforstwirtschaftsprojekts laden wir Sie ein, im Kanton Neuenburg zwei Biobauernh\u00f6fe mit Rinderzucht zu besuchen","robots":{"index":"index","follow":"follow","max-snippet":"max-snippet:-1","max-image-preview":"max-image-preview:large","max-video-preview":"max-video-preview:-1"},"canonical":"https:\/\/permakultur-landwirtschaft.org\/fr\/exkursion-integration-von-gehoelzen-in-rinderhaltung-und-agroforst-auf-dem-acker-exkursion-am-14-oktober-2025\/","og_locale":"fr_FR","og_type":"article","og_title":"Exkursion Integration von Geh\u00f6lzen in Rinderhaltung und Agroforst auf dem Acker - Exkursion am 14. Oktober 2025 - Permakultur-Landwirtschaft","og_description":"Im Rahmen eines Agroforstwirtschaftsprojekts laden wir Sie ein, im Kanton Neuenburg zwei Biobauernh\u00f6fe mit Rinderzucht zu besuchen","og_url":"https:\/\/permakultur-landwirtschaft.org\/fr\/exkursion-integration-von-gehoelzen-in-rinderhaltung-und-agroforst-auf-dem-acker-exkursion-am-14-oktober-2025\/","og_site_name":"Permakultur-Landwirtschaft","article_publisher":"https:\/\/www.facebook.com\/PermakulturLandwirtschaft","article_published_time":"2025-10-06T11:33:39+00:00","article_modified_time":"2025-10-06T11:33:40+00:00","og_image":[{"width":688,"height":503,"url":"https:\/\/permakultur-landwirtschaft.org\/wp-content\/uploads\/2025\/10\/20251014_Programm_ExkursionAgroSilvoPastoral_DE_final.jpeg","type":"image\/jpeg"}],"author":"adrian reutimann","twitter_card":"summary_large_image","twitter_misc":{"\u00c9crit par":"adrian reutimann","Dur\u00e9e de lecture estim\u00e9e":"1 minute"},"schema":{"@context":"https:\/\/schema.org","@graph":[{"@type":"Article","@id":"https:\/\/permakultur-landwirtschaft.org\/exkursion-integration-von-gehoelzen-in-rinderhaltung-und-agroforst-auf-dem-acker-exkursion-am-14-oktober-2025\/#article","isPartOf":{"@id":"https:\/\/permakultur-landwirtschaft.org\/exkursion-integration-von-gehoelzen-in-rinderhaltung-und-agroforst-auf-dem-acker-exkursion-am-14-oktober-2025\/"},"author":{"name":"adrian reutimann","@id":"https:\/\/permakultur-landwirtschaft.org\/#\/schema\/person\/6b0467872f75aed3e144093f9bf4f0b0"},"headline":"Exkursion Integration von Geh\u00f6lzen in Rinderhaltung und Agroforst auf dem Acker &#8211; Exkursion am 14. Oktober 2025","datePublished":"2025-10-06T11:33:39+00:00","dateModified":"2025-10-06T11:33:40+00:00","mainEntityOfPage":{"@id":"https:\/\/permakultur-landwirtschaft.org\/exkursion-integration-von-gehoelzen-in-rinderhaltung-und-agroforst-auf-dem-acker-exkursion-am-14-oktober-2025\/"},"wordCount":159,"publisher":{"@id":"https:\/\/permakultur-landwirtschaft.org\/#organization"},"image":{"@id":"https:\/\/permakultur-landwirtschaft.org\/exkursion-integration-von-gehoelzen-in-rinderhaltung-und-agroforst-auf-dem-acker-exkursion-am-14-oktober-2025\/#primaryimage"},"thumbnailUrl":"https:\/\/permakultur-landwirtschaft.org\/wp-content\/uploads\/2025\/10\/20251014_Programm_ExkursionAgroSilvoPastoral_DE_final.jpeg","keywords":["Agroforst","Agrosilvopasteral","K\u00fche","Neuenburg","Rinder"],"articleSection":["Veranstaltung"],"inLanguage":"fr-FR"},{"@type":"WebPage","@id":"https:\/\/permakultur-landwirtschaft.org\/exkursion-integration-von-gehoelzen-in-rinderhaltung-und-agroforst-auf-dem-acker-exkursion-am-14-oktober-2025\/","url":"https:\/\/permakultur-landwirtschaft.org\/exkursion-integration-von-gehoelzen-in-rinderhaltung-und-agroforst-auf-dem-acker-exkursion-am-14-oktober-2025\/","name":"Exkursion Integration von Geh\u00f6lzen in Rinderhaltung und Agroforst auf dem Acker - Exkursion am 14. Oktober 2025 - Permakultur-Landwirtschaft","isPartOf":{"@id":"https:\/\/permakultur-landwirtschaft.org\/#website"},"primaryImageOfPage":{"@id":"https:\/\/permakultur-landwirtschaft.org\/exkursion-integration-von-gehoelzen-in-rinderhaltung-und-agroforst-auf-dem-acker-exkursion-am-14-oktober-2025\/#primaryimage"},"image":{"@id":"https:\/\/permakultur-landwirtschaft.org\/exkursion-integration-von-gehoelzen-in-rinderhaltung-und-agroforst-auf-dem-acker-exkursion-am-14-oktober-2025\/#primaryimage"},"thumbnailUrl":"https:\/\/permakultur-landwirtschaft.org\/wp-content\/uploads\/2025\/10\/20251014_Programm_ExkursionAgroSilvoPastoral_DE_final.jpeg","datePublished":"2025-10-06T11:33:39+00:00","dateModified":"2025-10-06T11:33:40+00:00","description":"Im Rahmen eines Agroforstwirtschaftsprojekts laden wir Sie ein, im Kanton Neuenburg zwei Biobauernh\u00f6fe mit Rinderzucht zu besuchen","breadcrumb":{"@id":"https:\/\/permakultur-landwirtschaft.org\/exkursion-integration-von-gehoelzen-in-rinderhaltung-und-agroforst-auf-dem-acker-exkursion-am-14-oktober-2025\/#breadcrumb"},"inLanguage":"fr-FR","potentialAction":[{"@type":"ReadAction","target":["https:\/\/permakultur-landwirtschaft.org\/exkursion-integration-von-gehoelzen-in-rinderhaltung-und-agroforst-auf-dem-acker-exkursion-am-14-oktober-2025\/"]}]},{"@type":"ImageObject","inLanguage":"fr-FR","@id":"https:\/\/permakultur-landwirtschaft.org\/exkursion-integration-von-gehoelzen-in-rinderhaltung-und-agroforst-auf-dem-acker-exkursion-am-14-oktober-2025\/#primaryimage","url":"https:\/\/permakultur-landwirtschaft.org\/wp-content\/uploads\/2025\/10\/20251014_Programm_ExkursionAgroSilvoPastoral_DE_final.jpeg","contentUrl":"https:\/\/permakultur-landwirtschaft.org\/wp-content\/uploads\/2025\/10\/20251014_Programm_ExkursionAgroSilvoPastoral_DE_final.jpeg","width":688,"height":503,"caption":"Bild: www.bioaktuell.ch"},{"@type":"BreadcrumbList","@id":"https:\/\/permakultur-landwirtschaft.org\/exkursion-integration-von-gehoelzen-in-rinderhaltung-und-agroforst-auf-dem-acker-exkursion-am-14-oktober-2025\/#breadcrumb","itemListElement":[{"@type":"ListItem","position":1,"name":"Startseite","item":"https:\/\/permakultur-landwirtschaft.org\/"},{"@type":"ListItem","position":2,"name":"Exkursion Integration von Geh\u00f6lzen in Rinderhaltung und Agroforst auf dem Acker &#8211; Exkursion am 14. Oktober 2025"}]},{"@type":"WebSite","@id":"https:\/\/permakultur-landwirtschaft.org\/#website","url":"https:\/\/permakultur-landwirtschaft.org\/","name":"Permakultur-Landwirtschaft","description":"F\u00f6rderung der Permakultur in der Landwirtschaft","publisher":{"@id":"https:\/\/permakultur-landwirtschaft.org\/#organization"},"potentialAction":[{"@type":"SearchAction","target":{"@type":"EntryPoint","urlTemplate":"https:\/\/permakultur-landwirtschaft.org\/?s={search_term_string}"},"query-input":{"@type":"PropertyValueSpecification","valueRequired":true,"valueName":"search_term_string"}}],"inLanguage":"fr-FR"},{"@type":"Organization","@id":"https:\/\/permakultur-landwirtschaft.org\/#organization","name":"Permakultur-Landwirtschaft","alternateName":"Verein Permakultur-Landwirtschaft","url":"https:\/\/permakultur-landwirtschaft.org\/","logo":{"@type":"ImageObject","inLanguage":"fr-FR","@id":"https:\/\/permakultur-landwirtschaft.org\/#\/schema\/logo\/image\/","url":"https:\/\/permakultur-landwirtschaft.org\/wp-content\/uploads\/2021\/11\/pela_1268x1269.png","contentUrl":"https:\/\/permakultur-landwirtschaft.org\/wp-content\/uploads\/2021\/11\/pela_1268x1269.png","width":1298,"height":1269,"caption":"Permakultur-Landwirtschaft"},"image":{"@id":"https:\/\/permakultur-landwirtschaft.org\/#\/schema\/logo\/image\/"},"sameAs":["https:\/\/www.facebook.com\/PermakulturLandwirtschaft","https:\/\/www.instagram.com\/permakultur_landwirtschaft\/","https:\/\/www.flickr.com\/photos\/permakultur-landwirtschaft","https:\/\/www.youtube.com\/@PermakulturLandwirtschaft"]},{"@type":"Person","@id":"https:\/\/permakultur-landwirtschaft.org\/#\/schema\/person\/6b0467872f75aed3e144093f9bf4f0b0","name":"adrian reutimann","url":"https:\/\/permakultur-landwirtschaft.org\/fr\/author\/reutiadr\/"}]}},"_links":{"self":[{"href":"https:\/\/permakultur-landwirtschaft.org\/fr\/wp-json\/wp\/v2\/posts\/37159","targetHints":{"allow":["GET"]}}],"collection":[{"href":"https:\/\/permakultur-landwirtschaft.org\/fr\/wp-json\/wp\/v2\/posts"}],"about":[{"href":"https:\/\/permakultur-landwirtschaft.org\/fr\/wp-json\/wp\/v2\/types\/post"}],"author":[{"embeddable":true,"href":"https:\/\/permakultur-landwirtschaft.org\/fr\/wp-json\/wp\/v2\/users\/2"}],"replies":[{"embeddable":true,"href":"https:\/\/permakultur-landwirtschaft.org\/fr\/wp-json\/wp\/v2\/comments?post=37159"}],"version-history":[{"count":1,"href":"https:\/\/permakultur-landwirtschaft.org\/fr\/wp-json\/wp\/v2\/posts\/37159\/revisions"}],"predecessor-version":[{"id":37161,"href":"https:\/\/permakultur-landwirtschaft.org\/fr\/wp-json\/wp\/v2\/posts\/37159\/revisions\/37161"}],"wp:featuredmedia":[{"embeddable":true,"href":"https:\/\/permakultur-landwirtschaft.org\/fr\/wp-json\/wp\/v2\/media\/37160"}],"wp:attachment":[{"href":"https:\/\/permakultur-landwirtschaft.org\/fr\/wp-json\/wp\/v2\/media?parent=37159"}],"wp:term":[{"taxonomy":"category","embeddable":true,"href":"https:\/\/permakultur-landwirtschaft.org\/fr\/wp-json\/wp\/v2\/categories?post=37159"},{"taxonomy":"post_tag","embeddable":true,"href":"https:\/\/permakultur-landwirtschaft.org\/fr\/wp-json\/wp\/v2\/tags?post=37159"}],"curies":[{"name":"wp","href":"https:\/\/api.w.org\/{rel}","templated":true}]}}