{"id":37132,"date":"2025-09-19T09:47:50","date_gmt":"2025-09-19T07:47:50","guid":{"rendered":"https:\/\/permakultur-landwirtschaft.org\/?p=37132"},"modified":"2025-09-19T09:47:50","modified_gmt":"2025-09-19T07:47:50","slug":"wasserrueckhalt-und-duerrepraevention-nach-dem-keyline-ansatz-webinar-am-25-september-2025","status":"publish","type":"post","link":"https:\/\/permakultur-landwirtschaft.org\/fr\/wasserrueckhalt-und-duerrepraevention-nach-dem-keyline-ansatz-webinar-am-25-september-2025\/","title":{"rendered":"Wasserr\u00fcckhalt und D\u00fcrrepr\u00e4vention nach dem Keyline-Ansatz &#8211; Webinar am 25. September 2025"},"content":{"rendered":"<p>Text von www.bioaktuell.ch:<\/p>\n\n\n\n<p>In einer f\u00fcr alle Interessierten offenen Webinarreihe vom FiBL in Kooperation mit der IG Agroforst teilen erfahrene Agroforst-Expert*innen aus der Schweiz und Europa ihr Wissen.&nbsp;<br>Es geht es um verschiedene Themen rund um die ganze Vielfalt der Agroforstsysteme. Alle Termine werden rechtzeitig in der Agenda von Bioaktuell.ch angek\u00fcndigt.<\/p>\n\n\n\n<p>Anlass f\u00fcr diese Webinarreihe ist die Agroforstparzelle am FiBL in Frick.&nbsp;Die Agroforstparzelle soll ein Ort zum Lernen, Austauschen und Forschen sein. Das Projekt richtet sich vor allem an interessierte Fachleute und Praktiker*innen. Insbesondere der Wissens- und Erfahrungsaustausch wird von der Leopold Bachmann Stiftung finanziell unterst\u00fctzt.&nbsp;<\/p>\n\n\n\n<p>Dieser Termin besch\u00e4ftigt sich schwerpunktm\u00e4ssig mit dem Thema Wasserr\u00fcckhalt. Nach den zwei Vortr\u00e4gen bleibt noch Zeit f\u00fcr Fragen aus dem Kreis der Teilnehmenden und eine kurze Diskussion.&nbsp;<\/p>\n\n\n\n<p>Referierende:&nbsp;<br>Philipp Gerhardt (baumfeldwirtschaft.de)&nbsp;<br>Sereina Grieder (Projekt Slow Water)<\/p>\n\n\n\n<h2 class=\"wp-block-heading\">Date<\/h2>\n\n\n\n<p>25. September 2025, 18.00<\/p>\n\n\n\n<h2 class=\"wp-block-heading\">Lieu<\/h2>\n\n\n\n<p>Online Veranstaltung des FiBL und der IG Agroforst<\/p>\n\n\n\n<p><a href=\"https:\/\/www.bioaktuell.ch\/aktuell\/agenda\/termin\/agroforst\" target=\"_blank\" rel=\"noreferrer noopener\">Link zu mehr Infos und Anmeldung<\/a><\/p>","protected":false},"excerpt":{"rendered":"<p>Text von www.bioaktuell.ch: In einer f\u00fcr alle Interessierten offenen Webinarreihe vom FiBL in Kooperation mit der IG Agroforst teilen erfahrene Agroforst-Expert*innen aus der Schweiz und Europa ihr Wissen.&nbsp;Es geht es um verschiedene Themen rund um die ganze Vielfalt der Agroforstsysteme. Alle Termine werden rechtzeitig in der Agenda von Bioaktuell.ch angek\u00fcndigt. Anlass f\u00fcr diese Webinarreihe ist [&hellip;]<\/p>\n","protected":false},"author":2,"featured_media":35161,"comment_status":"closed","ping_status":"closed","sticky":false,"template":"","format":"standard","meta":{"_acf_changed":false,"site-sidebar-layout":"default","site-content-layout":"","ast-site-content-layout":"default","site-content-style":"default","site-sidebar-style":"default","ast-global-header-display":"","ast-banner-title-visibility":"","ast-main-header-display":"","ast-hfb-above-header-display":"","ast-hfb-below-header-display":"","ast-hfb-mobile-header-display":"","site-post-title":"","ast-breadcrumbs-content":"","ast-featured-img":"","footer-sml-layout":"","ast-disable-related-posts":"","theme-transparent-header-meta":"","adv-header-id-meta":"","stick-header-meta":"","header-above-stick-meta":"","header-main-stick-meta":"","header-below-stick-meta":"","astra-migrate-meta-layouts":"set","ast-page-background-enabled":"default","ast-page-background-meta":{"desktop":{"background-color":"var(--ast-global-color-4)","background-image":"","background-repeat":"repeat","background-position":"center center","background-size":"auto","background-attachment":"scroll","background-type":"","background-media":"","overlay-type":"","overlay-color":"","overlay-opacity":"","overlay-gradient":""},"tablet":{"background-color":"","background-image":"","background-repeat":"repeat","background-position":"center center","background-size":"auto","background-attachment":"scroll","background-type":"","background-media":"","overlay-type":"","overlay-color":"","overlay-opacity":"","overlay-gradient":""},"mobile":{"background-color":"","background-image":"","background-repeat":"repeat","background-position":"center center","background-size":"auto","background-attachment":"scroll","background-type":"","background-media":"","overlay-type":"","overlay-color":"","overlay-opacity":"","overlay-gradient":""}},"ast-content-background-meta":{"desktop":{"background-color":"var(--ast-global-color-5)","background-image":"","background-repeat":"repeat","background-position":"center center","background-size":"auto","background-attachment":"scroll","background-type":"","background-media":"","overlay-type":"","overlay-color":"","overlay-opacity":"","overlay-gradient":""},"tablet":{"background-color":"var(--ast-global-color-5)","background-image":"","background-repeat":"repeat","background-position":"center center","background-size":"auto","background-attachment":"scroll","background-type":"","background-media":"","overlay-type":"","overlay-color":"","overlay-opacity":"","overlay-gradient":""},"mobile":{"background-color":"var(--ast-global-color-5)","background-image":"","background-repeat":"repeat","background-position":"center center","background-size":"auto","background-attachment":"scroll","background-type":"","background-media":"","overlay-type":"","overlay-color":"","overlay-opacity":"","overlay-gradient":""}},"footnotes":""},"categories":[14],"tags":[31,899,142,398,90,105,251,82],"class_list":["post-37132","post","type-post","status-publish","format-standard","has-post-thumbnail","hentry","category-veranstaltung","tag-agroforst","tag-duerrepraevention","tag-fibl","tag-ig-agroforst","tag-keyline","tag-philipp-gerhardt","tag-wasserrueckhalt","tag-webinar"],"acf":[],"yoast_head":"<!-- This site is optimized with the Yoast SEO plugin v27.4 - https:\/\/yoast.com\/product\/yoast-seo-wordpress\/ -->\n<title>Wasserr\u00fcckhalt und D\u00fcrrepr\u00e4vention nach dem Keyline-Ansatz - Webinar am 25. September 2025 - Permakultur-Landwirtschaft<\/title>\n<meta name=\"description\" content=\"Das Webinar besch\u00e4ftigt sich schwerpunktm\u00e4ssig mit dem Thema Wasserr\u00fcckhalt. Nach den zwei Vortr\u00e4gen bleibt noch Zeit f\u00fcr Fragen.\" \/>\n<meta name=\"robots\" content=\"index, follow, max-snippet:-1, max-image-preview:large, max-video-preview:-1\" \/>\n<link rel=\"canonical\" href=\"https:\/\/permakultur-landwirtschaft.org\/fr\/wasserrueckhalt-und-duerrepraevention-nach-dem-keyline-ansatz-webinar-am-25-september-2025\/\" \/>\n<meta property=\"og:locale\" content=\"fr_FR\" \/>\n<meta property=\"og:type\" content=\"article\" \/>\n<meta property=\"og:title\" content=\"Wasserr\u00fcckhalt und D\u00fcrrepr\u00e4vention nach dem Keyline-Ansatz - Webinar am 25. September 2025 - Permakultur-Landwirtschaft\" \/>\n<meta property=\"og:description\" content=\"Das Webinar besch\u00e4ftigt sich schwerpunktm\u00e4ssig mit dem Thema Wasserr\u00fcckhalt. Nach den zwei Vortr\u00e4gen bleibt noch Zeit f\u00fcr Fragen.\" \/>\n<meta property=\"og:url\" content=\"https:\/\/permakultur-landwirtschaft.org\/fr\/wasserrueckhalt-und-duerrepraevention-nach-dem-keyline-ansatz-webinar-am-25-september-2025\/\" \/>\n<meta property=\"og:site_name\" content=\"Permakultur-Landwirtschaft\" \/>\n<meta property=\"article:publisher\" content=\"https:\/\/www.facebook.com\/PermakulturLandwirtschaft\" \/>\n<meta property=\"article:published_time\" content=\"2025-09-19T07:47:50+00:00\" \/>\n<meta property=\"og:image\" content=\"https:\/\/permakultur-landwirtschaft.org\/wp-content\/uploads\/2024\/08\/gerbehof_keyline_August-24.jpg\" \/>\n\t<meta property=\"og:image:width\" content=\"700\" \/>\n\t<meta property=\"og:image:height\" content=\"525\" \/>\n\t<meta property=\"og:image:type\" content=\"image\/jpeg\" \/>\n<meta name=\"author\" content=\"adrian reutimann\" \/>\n<meta name=\"twitter:card\" content=\"summary_large_image\" \/>\n<meta name=\"twitter:label1\" content=\"\u00c9crit par\" \/>\n\t<meta name=\"twitter:data1\" content=\"adrian reutimann\" \/>\n\t<meta name=\"twitter:label2\" content=\"Dur\u00e9e de lecture estim\u00e9e\" \/>\n\t<meta name=\"twitter:data2\" content=\"2 minutes\" \/>\n<script type=\"application\/ld+json\" class=\"yoast-schema-graph\">{\"@context\":\"https:\\\/\\\/schema.org\",\"@graph\":[{\"@type\":\"Article\",\"@id\":\"https:\\\/\\\/permakultur-landwirtschaft.org\\\/wasserrueckhalt-und-duerrepraevention-nach-dem-keyline-ansatz-webinar-am-25-september-2025\\\/#article\",\"isPartOf\":{\"@id\":\"https:\\\/\\\/permakultur-landwirtschaft.org\\\/wasserrueckhalt-und-duerrepraevention-nach-dem-keyline-ansatz-webinar-am-25-september-2025\\\/\"},\"author\":{\"name\":\"adrian reutimann\",\"@id\":\"https:\\\/\\\/permakultur-landwirtschaft.org\\\/#\\\/schema\\\/person\\\/6b0467872f75aed3e144093f9bf4f0b0\"},\"headline\":\"Wasserr\u00fcckhalt und D\u00fcrrepr\u00e4vention nach dem Keyline-Ansatz &#8211; Webinar am 25. September 2025\",\"datePublished\":\"2025-09-19T07:47:50+00:00\",\"mainEntityOfPage\":{\"@id\":\"https:\\\/\\\/permakultur-landwirtschaft.org\\\/wasserrueckhalt-und-duerrepraevention-nach-dem-keyline-ansatz-webinar-am-25-september-2025\\\/\"},\"wordCount\":184,\"publisher\":{\"@id\":\"https:\\\/\\\/permakultur-landwirtschaft.org\\\/#organization\"},\"image\":{\"@id\":\"https:\\\/\\\/permakultur-landwirtschaft.org\\\/wasserrueckhalt-und-duerrepraevention-nach-dem-keyline-ansatz-webinar-am-25-september-2025\\\/#primaryimage\"},\"thumbnailUrl\":\"https:\\\/\\\/permakultur-landwirtschaft.org\\\/wp-content\\\/uploads\\\/2024\\\/08\\\/gerbehof_keyline_August-24.jpg\",\"keywords\":[\"Agroforst\",\"D\u00fcrrepr\u00e4vention\",\"FiBL\",\"IG Agroforst\",\"Keyline\",\"Philipp Gerhardt\",\"Wasserr\u00fcckhalt\",\"Webinar\"],\"articleSection\":[\"Veranstaltung\"],\"inLanguage\":\"fr-FR\"},{\"@type\":\"WebPage\",\"@id\":\"https:\\\/\\\/permakultur-landwirtschaft.org\\\/wasserrueckhalt-und-duerrepraevention-nach-dem-keyline-ansatz-webinar-am-25-september-2025\\\/\",\"url\":\"https:\\\/\\\/permakultur-landwirtschaft.org\\\/wasserrueckhalt-und-duerrepraevention-nach-dem-keyline-ansatz-webinar-am-25-september-2025\\\/\",\"name\":\"Wasserr\u00fcckhalt und D\u00fcrrepr\u00e4vention nach dem Keyline-Ansatz - Webinar am 25. September 2025 - Permakultur-Landwirtschaft\",\"isPartOf\":{\"@id\":\"https:\\\/\\\/permakultur-landwirtschaft.org\\\/#website\"},\"primaryImageOfPage\":{\"@id\":\"https:\\\/\\\/permakultur-landwirtschaft.org\\\/wasserrueckhalt-und-duerrepraevention-nach-dem-keyline-ansatz-webinar-am-25-september-2025\\\/#primaryimage\"},\"image\":{\"@id\":\"https:\\\/\\\/permakultur-landwirtschaft.org\\\/wasserrueckhalt-und-duerrepraevention-nach-dem-keyline-ansatz-webinar-am-25-september-2025\\\/#primaryimage\"},\"thumbnailUrl\":\"https:\\\/\\\/permakultur-landwirtschaft.org\\\/wp-content\\\/uploads\\\/2024\\\/08\\\/gerbehof_keyline_August-24.jpg\",\"datePublished\":\"2025-09-19T07:47:50+00:00\",\"description\":\"Das Webinar besch\u00e4ftigt sich schwerpunktm\u00e4ssig mit dem Thema Wasserr\u00fcckhalt. Nach den zwei Vortr\u00e4gen bleibt noch Zeit f\u00fcr Fragen.\",\"breadcrumb\":{\"@id\":\"https:\\\/\\\/permakultur-landwirtschaft.org\\\/wasserrueckhalt-und-duerrepraevention-nach-dem-keyline-ansatz-webinar-am-25-september-2025\\\/#breadcrumb\"},\"inLanguage\":\"fr-FR\",\"potentialAction\":[{\"@type\":\"ReadAction\",\"target\":[\"https:\\\/\\\/permakultur-landwirtschaft.org\\\/wasserrueckhalt-und-duerrepraevention-nach-dem-keyline-ansatz-webinar-am-25-september-2025\\\/\"]}]},{\"@type\":\"ImageObject\",\"inLanguage\":\"fr-FR\",\"@id\":\"https:\\\/\\\/permakultur-landwirtschaft.org\\\/wasserrueckhalt-und-duerrepraevention-nach-dem-keyline-ansatz-webinar-am-25-september-2025\\\/#primaryimage\",\"url\":\"https:\\\/\\\/permakultur-landwirtschaft.org\\\/wp-content\\\/uploads\\\/2024\\\/08\\\/gerbehof_keyline_August-24.jpg\",\"contentUrl\":\"https:\\\/\\\/permakultur-landwirtschaft.org\\\/wp-content\\\/uploads\\\/2024\\\/08\\\/gerbehof_keyline_August-24.jpg\",\"width\":700,\"height\":525,\"caption\":\"Bild: Gerbehof\"},{\"@type\":\"BreadcrumbList\",\"@id\":\"https:\\\/\\\/permakultur-landwirtschaft.org\\\/wasserrueckhalt-und-duerrepraevention-nach-dem-keyline-ansatz-webinar-am-25-september-2025\\\/#breadcrumb\",\"itemListElement\":[{\"@type\":\"ListItem\",\"position\":1,\"name\":\"Startseite\",\"item\":\"https:\\\/\\\/permakultur-landwirtschaft.org\\\/\"},{\"@type\":\"ListItem\",\"position\":2,\"name\":\"Wasserr\u00fcckhalt und D\u00fcrrepr\u00e4vention nach dem Keyline-Ansatz &#8211; Webinar am 25. September 2025\"}]},{\"@type\":\"WebSite\",\"@id\":\"https:\\\/\\\/permakultur-landwirtschaft.org\\\/#website\",\"url\":\"https:\\\/\\\/permakultur-landwirtschaft.org\\\/\",\"name\":\"Permakultur-Landwirtschaft\",\"description\":\"F\u00f6rderung der Permakultur in der Landwirtschaft\",\"publisher\":{\"@id\":\"https:\\\/\\\/permakultur-landwirtschaft.org\\\/#organization\"},\"potentialAction\":[{\"@type\":\"SearchAction\",\"target\":{\"@type\":\"EntryPoint\",\"urlTemplate\":\"https:\\\/\\\/permakultur-landwirtschaft.org\\\/?s={search_term_string}\"},\"query-input\":{\"@type\":\"PropertyValueSpecification\",\"valueRequired\":true,\"valueName\":\"search_term_string\"}}],\"inLanguage\":\"fr-FR\"},{\"@type\":\"Organization\",\"@id\":\"https:\\\/\\\/permakultur-landwirtschaft.org\\\/#organization\",\"name\":\"Permakultur-Landwirtschaft\",\"alternateName\":\"Verein Permakultur-Landwirtschaft\",\"url\":\"https:\\\/\\\/permakultur-landwirtschaft.org\\\/\",\"logo\":{\"@type\":\"ImageObject\",\"inLanguage\":\"fr-FR\",\"@id\":\"https:\\\/\\\/permakultur-landwirtschaft.org\\\/#\\\/schema\\\/logo\\\/image\\\/\",\"url\":\"https:\\\/\\\/permakultur-landwirtschaft.org\\\/wp-content\\\/uploads\\\/2021\\\/11\\\/pela_1268x1269.png\",\"contentUrl\":\"https:\\\/\\\/permakultur-landwirtschaft.org\\\/wp-content\\\/uploads\\\/2021\\\/11\\\/pela_1268x1269.png\",\"width\":1298,\"height\":1269,\"caption\":\"Permakultur-Landwirtschaft\"},\"image\":{\"@id\":\"https:\\\/\\\/permakultur-landwirtschaft.org\\\/#\\\/schema\\\/logo\\\/image\\\/\"},\"sameAs\":[\"https:\\\/\\\/www.facebook.com\\\/PermakulturLandwirtschaft\",\"https:\\\/\\\/www.instagram.com\\\/permakultur_landwirtschaft\\\/\",\"https:\\\/\\\/www.flickr.com\\\/photos\\\/permakultur-landwirtschaft\",\"https:\\\/\\\/www.youtube.com\\\/@PermakulturLandwirtschaft\"]},{\"@type\":\"Person\",\"@id\":\"https:\\\/\\\/permakultur-landwirtschaft.org\\\/#\\\/schema\\\/person\\\/6b0467872f75aed3e144093f9bf4f0b0\",\"name\":\"adrian reutimann\",\"url\":\"https:\\\/\\\/permakultur-landwirtschaft.org\\\/fr\\\/author\\\/reutiadr\\\/\"}]}<\/script>\n<!-- \/ Yoast SEO plugin. -->","yoast_head_json":{"title":"Wasserr\u00fcckhalt und D\u00fcrrepr\u00e4vention nach dem Keyline-Ansatz - Webinar am 25. September 2025 - Permakultur-Landwirtschaft","description":"Das Webinar besch\u00e4ftigt sich schwerpunktm\u00e4ssig mit dem Thema Wasserr\u00fcckhalt. Nach den zwei Vortr\u00e4gen bleibt noch Zeit f\u00fcr Fragen.","robots":{"index":"index","follow":"follow","max-snippet":"max-snippet:-1","max-image-preview":"max-image-preview:large","max-video-preview":"max-video-preview:-1"},"canonical":"https:\/\/permakultur-landwirtschaft.org\/fr\/wasserrueckhalt-und-duerrepraevention-nach-dem-keyline-ansatz-webinar-am-25-september-2025\/","og_locale":"fr_FR","og_type":"article","og_title":"Wasserr\u00fcckhalt und D\u00fcrrepr\u00e4vention nach dem Keyline-Ansatz - Webinar am 25. September 2025 - Permakultur-Landwirtschaft","og_description":"Das Webinar besch\u00e4ftigt sich schwerpunktm\u00e4ssig mit dem Thema Wasserr\u00fcckhalt. Nach den zwei Vortr\u00e4gen bleibt noch Zeit f\u00fcr Fragen.","og_url":"https:\/\/permakultur-landwirtschaft.org\/fr\/wasserrueckhalt-und-duerrepraevention-nach-dem-keyline-ansatz-webinar-am-25-september-2025\/","og_site_name":"Permakultur-Landwirtschaft","article_publisher":"https:\/\/www.facebook.com\/PermakulturLandwirtschaft","article_published_time":"2025-09-19T07:47:50+00:00","og_image":[{"width":700,"height":525,"url":"https:\/\/permakultur-landwirtschaft.org\/wp-content\/uploads\/2024\/08\/gerbehof_keyline_August-24.jpg","type":"image\/jpeg"}],"author":"adrian reutimann","twitter_card":"summary_large_image","twitter_misc":{"\u00c9crit par":"adrian reutimann","Dur\u00e9e de lecture estim\u00e9e":"2 minutes"},"schema":{"@context":"https:\/\/schema.org","@graph":[{"@type":"Article","@id":"https:\/\/permakultur-landwirtschaft.org\/wasserrueckhalt-und-duerrepraevention-nach-dem-keyline-ansatz-webinar-am-25-september-2025\/#article","isPartOf":{"@id":"https:\/\/permakultur-landwirtschaft.org\/wasserrueckhalt-und-duerrepraevention-nach-dem-keyline-ansatz-webinar-am-25-september-2025\/"},"author":{"name":"adrian reutimann","@id":"https:\/\/permakultur-landwirtschaft.org\/#\/schema\/person\/6b0467872f75aed3e144093f9bf4f0b0"},"headline":"Wasserr\u00fcckhalt und D\u00fcrrepr\u00e4vention nach dem Keyline-Ansatz &#8211; Webinar am 25. September 2025","datePublished":"2025-09-19T07:47:50+00:00","mainEntityOfPage":{"@id":"https:\/\/permakultur-landwirtschaft.org\/wasserrueckhalt-und-duerrepraevention-nach-dem-keyline-ansatz-webinar-am-25-september-2025\/"},"wordCount":184,"publisher":{"@id":"https:\/\/permakultur-landwirtschaft.org\/#organization"},"image":{"@id":"https:\/\/permakultur-landwirtschaft.org\/wasserrueckhalt-und-duerrepraevention-nach-dem-keyline-ansatz-webinar-am-25-september-2025\/#primaryimage"},"thumbnailUrl":"https:\/\/permakultur-landwirtschaft.org\/wp-content\/uploads\/2024\/08\/gerbehof_keyline_August-24.jpg","keywords":["Agroforst","D\u00fcrrepr\u00e4vention","FiBL","IG Agroforst","Keyline","Philipp Gerhardt","Wasserr\u00fcckhalt","Webinar"],"articleSection":["Veranstaltung"],"inLanguage":"fr-FR"},{"@type":"WebPage","@id":"https:\/\/permakultur-landwirtschaft.org\/wasserrueckhalt-und-duerrepraevention-nach-dem-keyline-ansatz-webinar-am-25-september-2025\/","url":"https:\/\/permakultur-landwirtschaft.org\/wasserrueckhalt-und-duerrepraevention-nach-dem-keyline-ansatz-webinar-am-25-september-2025\/","name":"Wasserr\u00fcckhalt und D\u00fcrrepr\u00e4vention nach dem Keyline-Ansatz - Webinar am 25. September 2025 - Permakultur-Landwirtschaft","isPartOf":{"@id":"https:\/\/permakultur-landwirtschaft.org\/#website"},"primaryImageOfPage":{"@id":"https:\/\/permakultur-landwirtschaft.org\/wasserrueckhalt-und-duerrepraevention-nach-dem-keyline-ansatz-webinar-am-25-september-2025\/#primaryimage"},"image":{"@id":"https:\/\/permakultur-landwirtschaft.org\/wasserrueckhalt-und-duerrepraevention-nach-dem-keyline-ansatz-webinar-am-25-september-2025\/#primaryimage"},"thumbnailUrl":"https:\/\/permakultur-landwirtschaft.org\/wp-content\/uploads\/2024\/08\/gerbehof_keyline_August-24.jpg","datePublished":"2025-09-19T07:47:50+00:00","description":"Das Webinar besch\u00e4ftigt sich schwerpunktm\u00e4ssig mit dem Thema Wasserr\u00fcckhalt. Nach den zwei Vortr\u00e4gen bleibt noch Zeit f\u00fcr Fragen.","breadcrumb":{"@id":"https:\/\/permakultur-landwirtschaft.org\/wasserrueckhalt-und-duerrepraevention-nach-dem-keyline-ansatz-webinar-am-25-september-2025\/#breadcrumb"},"inLanguage":"fr-FR","potentialAction":[{"@type":"ReadAction","target":["https:\/\/permakultur-landwirtschaft.org\/wasserrueckhalt-und-duerrepraevention-nach-dem-keyline-ansatz-webinar-am-25-september-2025\/"]}]},{"@type":"ImageObject","inLanguage":"fr-FR","@id":"https:\/\/permakultur-landwirtschaft.org\/wasserrueckhalt-und-duerrepraevention-nach-dem-keyline-ansatz-webinar-am-25-september-2025\/#primaryimage","url":"https:\/\/permakultur-landwirtschaft.org\/wp-content\/uploads\/2024\/08\/gerbehof_keyline_August-24.jpg","contentUrl":"https:\/\/permakultur-landwirtschaft.org\/wp-content\/uploads\/2024\/08\/gerbehof_keyline_August-24.jpg","width":700,"height":525,"caption":"Bild: Gerbehof"},{"@type":"BreadcrumbList","@id":"https:\/\/permakultur-landwirtschaft.org\/wasserrueckhalt-und-duerrepraevention-nach-dem-keyline-ansatz-webinar-am-25-september-2025\/#breadcrumb","itemListElement":[{"@type":"ListItem","position":1,"name":"Startseite","item":"https:\/\/permakultur-landwirtschaft.org\/"},{"@type":"ListItem","position":2,"name":"Wasserr\u00fcckhalt und D\u00fcrrepr\u00e4vention nach dem Keyline-Ansatz &#8211; Webinar am 25. September 2025"}]},{"@type":"WebSite","@id":"https:\/\/permakultur-landwirtschaft.org\/#website","url":"https:\/\/permakultur-landwirtschaft.org\/","name":"Permakultur-Landwirtschaft","description":"F\u00f6rderung der Permakultur in der Landwirtschaft","publisher":{"@id":"https:\/\/permakultur-landwirtschaft.org\/#organization"},"potentialAction":[{"@type":"SearchAction","target":{"@type":"EntryPoint","urlTemplate":"https:\/\/permakultur-landwirtschaft.org\/?s={search_term_string}"},"query-input":{"@type":"PropertyValueSpecification","valueRequired":true,"valueName":"search_term_string"}}],"inLanguage":"fr-FR"},{"@type":"Organization","@id":"https:\/\/permakultur-landwirtschaft.org\/#organization","name":"Permakultur-Landwirtschaft","alternateName":"Verein Permakultur-Landwirtschaft","url":"https:\/\/permakultur-landwirtschaft.org\/","logo":{"@type":"ImageObject","inLanguage":"fr-FR","@id":"https:\/\/permakultur-landwirtschaft.org\/#\/schema\/logo\/image\/","url":"https:\/\/permakultur-landwirtschaft.org\/wp-content\/uploads\/2021\/11\/pela_1268x1269.png","contentUrl":"https:\/\/permakultur-landwirtschaft.org\/wp-content\/uploads\/2021\/11\/pela_1268x1269.png","width":1298,"height":1269,"caption":"Permakultur-Landwirtschaft"},"image":{"@id":"https:\/\/permakultur-landwirtschaft.org\/#\/schema\/logo\/image\/"},"sameAs":["https:\/\/www.facebook.com\/PermakulturLandwirtschaft","https:\/\/www.instagram.com\/permakultur_landwirtschaft\/","https:\/\/www.flickr.com\/photos\/permakultur-landwirtschaft","https:\/\/www.youtube.com\/@PermakulturLandwirtschaft"]},{"@type":"Person","@id":"https:\/\/permakultur-landwirtschaft.org\/#\/schema\/person\/6b0467872f75aed3e144093f9bf4f0b0","name":"adrian reutimann","url":"https:\/\/permakultur-landwirtschaft.org\/fr\/author\/reutiadr\/"}]}},"_links":{"self":[{"href":"https:\/\/permakultur-landwirtschaft.org\/fr\/wp-json\/wp\/v2\/posts\/37132","targetHints":{"allow":["GET"]}}],"collection":[{"href":"https:\/\/permakultur-landwirtschaft.org\/fr\/wp-json\/wp\/v2\/posts"}],"about":[{"href":"https:\/\/permakultur-landwirtschaft.org\/fr\/wp-json\/wp\/v2\/types\/post"}],"author":[{"embeddable":true,"href":"https:\/\/permakultur-landwirtschaft.org\/fr\/wp-json\/wp\/v2\/users\/2"}],"replies":[{"embeddable":true,"href":"https:\/\/permakultur-landwirtschaft.org\/fr\/wp-json\/wp\/v2\/comments?post=37132"}],"version-history":[{"count":1,"href":"https:\/\/permakultur-landwirtschaft.org\/fr\/wp-json\/wp\/v2\/posts\/37132\/revisions"}],"predecessor-version":[{"id":37134,"href":"https:\/\/permakultur-landwirtschaft.org\/fr\/wp-json\/wp\/v2\/posts\/37132\/revisions\/37134"}],"wp:featuredmedia":[{"embeddable":true,"href":"https:\/\/permakultur-landwirtschaft.org\/fr\/wp-json\/wp\/v2\/media\/35161"}],"wp:attachment":[{"href":"https:\/\/permakultur-landwirtschaft.org\/fr\/wp-json\/wp\/v2\/media?parent=37132"}],"wp:term":[{"taxonomy":"category","embeddable":true,"href":"https:\/\/permakultur-landwirtschaft.org\/fr\/wp-json\/wp\/v2\/categories?post=37132"},{"taxonomy":"post_tag","embeddable":true,"href":"https:\/\/permakultur-landwirtschaft.org\/fr\/wp-json\/wp\/v2\/tags?post=37132"}],"curies":[{"name":"wp","href":"https:\/\/api.w.org\/{rel}","templated":true}]}}