{"id":37129,"date":"2024-01-10T09:24:00","date_gmt":"2024-01-10T08:24:00","guid":{"rendered":"https:\/\/permakultur-landwirtschaft.org\/?p=37129"},"modified":"2025-09-19T09:30:59","modified_gmt":"2025-09-19T07:30:59","slug":"wo-der-mut-zur-veraenderung-gelebt-wird-beitrag-vom-10-januar-2024","status":"publish","type":"post","link":"https:\/\/permakultur-landwirtschaft.org\/fr\/wo-der-mut-zur-veraenderung-gelebt-wird-beitrag-vom-10-januar-2024\/","title":{"rendered":"Wo der Mut zur Ver\u00e4nderung gelebt wird &#8211; Beitrag vom 10. Januar 2024"},"content":{"rendered":"<p>Text von www.biovision.ch:<\/p>\n\n\n\n<p>Rund 11 Hektaren umfasst der Demeter-Hof Faver in Wallenbuch. In Zusammenarbeit mit dem Verein f\u00fcr solidarischen Landwirtschaft TaPatate! hat sich der Betrieb in den letzten Jahren in vielerlei Hinsichten ver\u00e4ndert.<\/p>\n\n\n\n<h2 class=\"wp-block-heading\">Der Verein TaPatate! und der Hof Faver im Kurzportr\u00e4t<\/h2>\n\n\n\n<p>Im malerischen Wallenbuch, der Freiburger Exklave im Seebezirk, liegt der Hof Faver. Durch die N\u00e4he zu den St\u00e4dten Bern und Fribourg liegt der Betrieb geradezu ideal f\u00fcr eine solidarische Landwirtschaft (SoLaWi). Bei diesem Konzept helfen die Mitglieder der SoLaWi auf dem Betrieb mit und teilen die Produktionskosten. Im Gegenzug erhalten sie w\u00f6chentlich Gem\u00fcse oder Obst (siehe auch den Leuchtturm Seminterra). Der Verein TaPatate! (auf Mundart \u201cDiH\u00e4rd\u00f6pfu!\u201d) wurde 2017 gegr\u00fcndet, um eine solche SoLaWi in der Region Bern aufzubauen. Seit TaPatate! auf der Suche nach Anbaufl\u00e4chen auf die Familie Birbaum stiess, befindet sich der Betrieb in einem stetigen Wandel.<\/p>\n\n\n\n<p>F\u00fcr diesen Wandel arbeitet Valentin Birbaum, der 26-j\u00e4hrige Junglandwirt und Betriebsleiter, eng mit den Mitgliedern von TaPatate! zusammen. Das neue Agroforstsystem, das B\u00e4ume mit Feldkulturen kombiniert, ist ein Produkt dieser Symbiose. Im Jahr 2022 wurde es auf drei Hektaren ehemaligem Weideland angelegt: 50 Helfer:innen pflanzten hunderte Hochstamm- und Spindelb\u00e4ume sowie Beerenstr\u00e4ucher in Reihen. Dieses System erh\u00f6ht nicht nur die Biodiversit\u00e4t, sondern tr\u00e4gt auch dazu bei, den Hof an die zunehmende Trockenheit anzupassen.<\/p>\n\n\n\n<p>In Zukunft plant das junge Team, den gesamten Betrieb auf Agroforst umzustellen. Auf der Agenda stehen auch eine Erweiterung des Produktangebots und ein Keyline Wassermanagement Projekt. Vereinfacht gesagt wird dabei das Gel\u00e4nde so ver\u00e4ndert, dass Niederschlagswasser m\u00f6glichst langsam abfliesst. Und zwischen den Baumreihen wird in Zukunft Getreide wachsen, um selber Brot anbieten zu k\u00f6nnen. Kurzum: Der Hof Faver bleibt in Bewegung.<\/p>\n\n\n\n<h2 class=\"wp-block-heading\">Eine beeindruckende Diversit\u00e4t<\/h2>\n\n\n\n<p>Der Demeter-Hof punktet in Sache Umweltschutz (Prinzip 1-6 in der Grafik). Auf dem Betrieb findet sich neben dem Agroforstsystem, welches Lebensraum f\u00fcr Insekten und V\u00f6gel bietet, verschiedene Hecken, Bl\u00fchstreifen, Asthaufen und Teiche. Der Hof betreibt Acker-, Gem\u00fcse- sowie Obstbau und nutzt die Weidefl\u00e4chen f\u00fcr Rinder. Besonders beeindruckend ist die Vielfalt auf den Gem\u00fcse- und Obstfeldern, auf denen das Team bis zu hundert verschiedenen Sorten kultiviert \u2013 eine Auswahl, wie sie in \u00fcblichen Superm\u00e4rkten nicht zu finden ist. Ein Drittel davon sind ProSpecieRara Sorten und somit Rarit\u00e4ten, die sich durch ihre besondere Anpassung an den Standort auszeichnen. Dank der F\u00f6rderung der Biodiversit\u00e4t und dem Einsatz von N\u00fctzlingen kommt der Hof nahezu ohne den Einsatz von Pflanzenschutzmitteln aus.<\/p>\n\n\n\n<p>Statt sich mit wenigen Monokulturen im anhaltenden Preiskampf zu behaupten, setzt der Betrieb auf unterschiedliche Absatzkan\u00e4le mit fairen Preisen (Prinzip 7 \u201eWirtschaftliche Diversifizierung\u201c). Das frische Gem\u00fcse und Obst liefert TaPatate! aktuell \u00fcber 100 Haushalte, haupts\u00e4chlich in der Stadt Bern. Die weiteren Nahrungsmittel gehen an Gesch\u00e4fte, Nahrungsmittelkooperativen, Unverpacktl\u00e4den und Restaurants, oder werden im eigenen Hofladen verkauft. Lediglich beim Fleisch und Getreide findet noch ein Grossteil \u2013 wenn auch abnehmend \u2013 den Weg in den allgemeinen Handel. F\u00fcr diese Diversit\u00e4t an Absatzkan\u00e4len arbeitet der Hof mit lokalen Partner:innen und benachbarten Betrieben zusammen (Prinzip 11 \u201eAnschlussf\u00e4higkeit\u201c).<\/p>\n\n\n\n<p>Der Hof Faver verf\u00fcgt \u00fcber weitere Betriebszweige: Einerseits die Pflege und Bewirtschaftung von rund 16 Hektaren Wald. Eine weitere Einnahmequelle sind gelegentliche Bauarbeiten und Verarbeitung von Holz, die der gelernte Zimmermann Valentin Birbaum ausf\u00fchrt. Zudem stehen auf dem Hof Faver 13 Wohnungen, die teilweise von Mitgliedern der SoLaWi bewohnt werden. Und die eigene Energieproduktion mittels Holzschnitzelheizung und Solarpanels l\u00e4sst davon tr\u00e4umen, Wallenbuch mit eigener erneuerbarer Energie zu versorgen.<\/p>\n\n\n\n<p>&#8230;<\/p>\n\n\n\n<p><a href=\"https:\/\/www.biovision.ch\/story\/leuchtturm-tapatate-hof-faver\" target=\"_blank\" rel=\"noreferrer noopener\">Lien vers l'article complet<\/a><\/p>\n\n\n\n<p><a href=\"https:\/\/hof-faver.ch\/\" target=\"_blank\" rel=\"noreferrer noopener\">Link zum Hof Faver<\/a><\/p>\n\n\n\n<p><a href=\"https:\/\/www.tapatate.ch\/\" target=\"_blank\" rel=\"noreferrer noopener\">Link zu TaPatate<\/a><\/p>","protected":false},"excerpt":{"rendered":"<p>Text von www.biovision.ch: Rund 11 Hektaren umfasst der Demeter-Hof Faver in Wallenbuch. In Zusammenarbeit mit dem Verein f\u00fcr solidarischen Landwirtschaft TaPatate! hat sich der Betrieb in den letzten Jahren in vielerlei Hinsichten ver\u00e4ndert. Der Verein TaPatate! und der Hof Faver im Kurzportr\u00e4t Im malerischen Wallenbuch, der Freiburger Exklave im Seebezirk, liegt der Hof Faver. Durch [&hellip;]<\/p>\n","protected":false},"author":2,"featured_media":37130,"comment_status":"closed","ping_status":"closed","sticky":false,"template":"","format":"standard","meta":{"_acf_changed":false,"site-sidebar-layout":"default","site-content-layout":"","ast-site-content-layout":"default","site-content-style":"default","site-sidebar-style":"default","ast-global-header-display":"","ast-banner-title-visibility":"","ast-main-header-display":"","ast-hfb-above-header-display":"","ast-hfb-below-header-display":"","ast-hfb-mobile-header-display":"","site-post-title":"","ast-breadcrumbs-content":"","ast-featured-img":"","footer-sml-layout":"","ast-disable-related-posts":"","theme-transparent-header-meta":"","adv-header-id-meta":"","stick-header-meta":"","header-above-stick-meta":"","header-main-stick-meta":"","header-below-stick-meta":"","astra-migrate-meta-layouts":"set","ast-page-background-enabled":"default","ast-page-background-meta":{"desktop":{"background-color":"var(--ast-global-color-4)","background-image":"","background-repeat":"repeat","background-position":"center center","background-size":"auto","background-attachment":"scroll","background-type":"","background-media":"","overlay-type":"","overlay-color":"","overlay-opacity":"","overlay-gradient":""},"tablet":{"background-color":"","background-image":"","background-repeat":"repeat","background-position":"center center","background-size":"auto","background-attachment":"scroll","background-type":"","background-media":"","overlay-type":"","overlay-color":"","overlay-opacity":"","overlay-gradient":""},"mobile":{"background-color":"","background-image":"","background-repeat":"repeat","background-position":"center center","background-size":"auto","background-attachment":"scroll","background-type":"","background-media":"","overlay-type":"","overlay-color":"","overlay-opacity":"","overlay-gradient":""}},"ast-content-background-meta":{"desktop":{"background-color":"var(--ast-global-color-5)","background-image":"","background-repeat":"repeat","background-position":"center center","background-size":"auto","background-attachment":"scroll","background-type":"","background-media":"","overlay-type":"","overlay-color":"","overlay-opacity":"","overlay-gradient":""},"tablet":{"background-color":"var(--ast-global-color-5)","background-image":"","background-repeat":"repeat","background-position":"center center","background-size":"auto","background-attachment":"scroll","background-type":"","background-media":"","overlay-type":"","overlay-color":"","overlay-opacity":"","overlay-gradient":""},"mobile":{"background-color":"var(--ast-global-color-5)","background-image":"","background-repeat":"repeat","background-position":"center center","background-size":"auto","background-attachment":"scroll","background-type":"","background-media":"","overlay-type":"","overlay-color":"","overlay-opacity":"","overlay-gradient":""}},"footnotes":""},"categories":[22],"tags":[31,345,891,232,893,894,128],"class_list":["post-37129","post","type-post","status-publish","format-standard","has-post-thumbnail","hentry","category-neuigkeit","tag-agroforst","tag-biovision","tag-hof-faver","tag-solidarische-landwirtschaft","tag-tapatate","tag-valentin-birbaum","tag-wallenbuch"],"acf":[],"yoast_head":"<!-- This site is optimized with the Yoast SEO plugin v27.5 - https:\/\/yoast.com\/product\/yoast-seo-wordpress\/ -->\n<title>Wo der Mut zur Ver\u00e4nderung gelebt wird - Beitrag vom 10. Januar 2024 - Permakultur-Landwirtschaft<\/title>\n<meta name=\"description\" content=\"Zusammen mit dem Verein TaPatate! hat sich der Hof Faver in den letzten Jahren in vielerlei Hinsichten ver\u00e4ndert.\" \/>\n<meta name=\"robots\" content=\"index, follow, max-snippet:-1, max-image-preview:large, max-video-preview:-1\" \/>\n<link rel=\"canonical\" href=\"https:\/\/permakultur-landwirtschaft.org\/fr\/wo-der-mut-zur-veraenderung-gelebt-wird-beitrag-vom-10-januar-2024\/\" \/>\n<meta property=\"og:locale\" content=\"fr_FR\" \/>\n<meta property=\"og:type\" content=\"article\" \/>\n<meta property=\"og:title\" content=\"Wo der Mut zur Ver\u00e4nderung gelebt wird - Beitrag vom 10. Januar 2024 - Permakultur-Landwirtschaft\" \/>\n<meta property=\"og:description\" content=\"Zusammen mit dem Verein TaPatate! hat sich der Hof Faver in den letzten Jahren in vielerlei Hinsichten ver\u00e4ndert.\" \/>\n<meta property=\"og:url\" content=\"https:\/\/permakultur-landwirtschaft.org\/fr\/wo-der-mut-zur-veraenderung-gelebt-wird-beitrag-vom-10-januar-2024\/\" \/>\n<meta property=\"og:site_name\" content=\"Permakultur-Landwirtschaft\" \/>\n<meta property=\"article:publisher\" content=\"https:\/\/www.facebook.com\/PermakulturLandwirtschaft\" \/>\n<meta property=\"article:published_time\" content=\"2024-01-10T08:24:00+00:00\" \/>\n<meta property=\"article:modified_time\" content=\"2025-09-19T07:30:59+00:00\" \/>\n<meta property=\"og:image\" content=\"https:\/\/permakultur-landwirtschaft.org\/wp-content\/uploads\/2025\/09\/Biovision_Schweiz_TaPatate_Faver_header_new.jpg\" \/>\n\t<meta property=\"og:image:width\" content=\"700\" \/>\n\t<meta property=\"og:image:height\" content=\"466\" \/>\n\t<meta property=\"og:image:type\" content=\"image\/jpeg\" \/>\n<meta name=\"author\" content=\"adrian reutimann\" \/>\n<meta name=\"twitter:card\" content=\"summary_large_image\" \/>\n<meta name=\"twitter:label1\" content=\"\u00c9crit par\" \/>\n\t<meta name=\"twitter:data1\" content=\"adrian reutimann\" \/>\n\t<meta name=\"twitter:label2\" content=\"Dur\u00e9e de lecture estim\u00e9e\" \/>\n\t<meta name=\"twitter:data2\" content=\"4 minutes\" \/>\n<script type=\"application\/ld+json\" class=\"yoast-schema-graph\">{\"@context\":\"https:\\\/\\\/schema.org\",\"@graph\":[{\"@type\":\"Article\",\"@id\":\"https:\\\/\\\/permakultur-landwirtschaft.org\\\/wo-der-mut-zur-veraenderung-gelebt-wird-beitrag-vom-10-januar-2024\\\/#article\",\"isPartOf\":{\"@id\":\"https:\\\/\\\/permakultur-landwirtschaft.org\\\/wo-der-mut-zur-veraenderung-gelebt-wird-beitrag-vom-10-januar-2024\\\/\"},\"author\":{\"name\":\"adrian reutimann\",\"@id\":\"https:\\\/\\\/permakultur-landwirtschaft.org\\\/#\\\/schema\\\/person\\\/6b0467872f75aed3e144093f9bf4f0b0\"},\"headline\":\"Wo der Mut zur Ver\u00e4nderung gelebt wird &#8211; Beitrag vom 10. Januar 2024\",\"datePublished\":\"2024-01-10T08:24:00+00:00\",\"dateModified\":\"2025-09-19T07:30:59+00:00\",\"mainEntityOfPage\":{\"@id\":\"https:\\\/\\\/permakultur-landwirtschaft.org\\\/wo-der-mut-zur-veraenderung-gelebt-wird-beitrag-vom-10-januar-2024\\\/\"},\"wordCount\":618,\"publisher\":{\"@id\":\"https:\\\/\\\/permakultur-landwirtschaft.org\\\/#organization\"},\"image\":{\"@id\":\"https:\\\/\\\/permakultur-landwirtschaft.org\\\/wo-der-mut-zur-veraenderung-gelebt-wird-beitrag-vom-10-januar-2024\\\/#primaryimage\"},\"thumbnailUrl\":\"https:\\\/\\\/permakultur-landwirtschaft.org\\\/wp-content\\\/uploads\\\/2025\\\/09\\\/Biovision_Schweiz_TaPatate_Faver_header_new.jpg\",\"keywords\":[\"Agroforst\",\"Biovision\",\"Hof Faver\",\"solidarische Landwirtschaft\",\"TaPatate\",\"Valentin Birbaum\",\"Wallenbuch\"],\"articleSection\":[\"Neuigkeit\"],\"inLanguage\":\"fr-FR\"},{\"@type\":\"WebPage\",\"@id\":\"https:\\\/\\\/permakultur-landwirtschaft.org\\\/wo-der-mut-zur-veraenderung-gelebt-wird-beitrag-vom-10-januar-2024\\\/\",\"url\":\"https:\\\/\\\/permakultur-landwirtschaft.org\\\/wo-der-mut-zur-veraenderung-gelebt-wird-beitrag-vom-10-januar-2024\\\/\",\"name\":\"Wo der Mut zur Ver\u00e4nderung gelebt wird - Beitrag vom 10. Januar 2024 - Permakultur-Landwirtschaft\",\"isPartOf\":{\"@id\":\"https:\\\/\\\/permakultur-landwirtschaft.org\\\/#website\"},\"primaryImageOfPage\":{\"@id\":\"https:\\\/\\\/permakultur-landwirtschaft.org\\\/wo-der-mut-zur-veraenderung-gelebt-wird-beitrag-vom-10-januar-2024\\\/#primaryimage\"},\"image\":{\"@id\":\"https:\\\/\\\/permakultur-landwirtschaft.org\\\/wo-der-mut-zur-veraenderung-gelebt-wird-beitrag-vom-10-januar-2024\\\/#primaryimage\"},\"thumbnailUrl\":\"https:\\\/\\\/permakultur-landwirtschaft.org\\\/wp-content\\\/uploads\\\/2025\\\/09\\\/Biovision_Schweiz_TaPatate_Faver_header_new.jpg\",\"datePublished\":\"2024-01-10T08:24:00+00:00\",\"dateModified\":\"2025-09-19T07:30:59+00:00\",\"description\":\"Zusammen mit dem Verein TaPatate! hat sich der Hof Faver in den letzten Jahren in vielerlei Hinsichten ver\u00e4ndert.\",\"breadcrumb\":{\"@id\":\"https:\\\/\\\/permakultur-landwirtschaft.org\\\/wo-der-mut-zur-veraenderung-gelebt-wird-beitrag-vom-10-januar-2024\\\/#breadcrumb\"},\"inLanguage\":\"fr-FR\",\"potentialAction\":[{\"@type\":\"ReadAction\",\"target\":[\"https:\\\/\\\/permakultur-landwirtschaft.org\\\/wo-der-mut-zur-veraenderung-gelebt-wird-beitrag-vom-10-januar-2024\\\/\"]}]},{\"@type\":\"ImageObject\",\"inLanguage\":\"fr-FR\",\"@id\":\"https:\\\/\\\/permakultur-landwirtschaft.org\\\/wo-der-mut-zur-veraenderung-gelebt-wird-beitrag-vom-10-januar-2024\\\/#primaryimage\",\"url\":\"https:\\\/\\\/permakultur-landwirtschaft.org\\\/wp-content\\\/uploads\\\/2025\\\/09\\\/Biovision_Schweiz_TaPatate_Faver_header_new.jpg\",\"contentUrl\":\"https:\\\/\\\/permakultur-landwirtschaft.org\\\/wp-content\\\/uploads\\\/2025\\\/09\\\/Biovision_Schweiz_TaPatate_Faver_header_new.jpg\",\"width\":700,\"height\":466,\"caption\":\"Bild: Caroline Krajcir\"},{\"@type\":\"BreadcrumbList\",\"@id\":\"https:\\\/\\\/permakultur-landwirtschaft.org\\\/wo-der-mut-zur-veraenderung-gelebt-wird-beitrag-vom-10-januar-2024\\\/#breadcrumb\",\"itemListElement\":[{\"@type\":\"ListItem\",\"position\":1,\"name\":\"Startseite\",\"item\":\"https:\\\/\\\/permakultur-landwirtschaft.org\\\/\"},{\"@type\":\"ListItem\",\"position\":2,\"name\":\"Wo der Mut zur Ver\u00e4nderung gelebt wird &#8211; Beitrag vom 10. Januar 2024\"}]},{\"@type\":\"WebSite\",\"@id\":\"https:\\\/\\\/permakultur-landwirtschaft.org\\\/#website\",\"url\":\"https:\\\/\\\/permakultur-landwirtschaft.org\\\/\",\"name\":\"Permakultur-Landwirtschaft\",\"description\":\"F\u00f6rderung der Permakultur in der Landwirtschaft\",\"publisher\":{\"@id\":\"https:\\\/\\\/permakultur-landwirtschaft.org\\\/#organization\"},\"potentialAction\":[{\"@type\":\"SearchAction\",\"target\":{\"@type\":\"EntryPoint\",\"urlTemplate\":\"https:\\\/\\\/permakultur-landwirtschaft.org\\\/?s={search_term_string}\"},\"query-input\":{\"@type\":\"PropertyValueSpecification\",\"valueRequired\":true,\"valueName\":\"search_term_string\"}}],\"inLanguage\":\"fr-FR\"},{\"@type\":\"Organization\",\"@id\":\"https:\\\/\\\/permakultur-landwirtschaft.org\\\/#organization\",\"name\":\"Permakultur-Landwirtschaft\",\"alternateName\":\"Verein Permakultur-Landwirtschaft\",\"url\":\"https:\\\/\\\/permakultur-landwirtschaft.org\\\/\",\"logo\":{\"@type\":\"ImageObject\",\"inLanguage\":\"fr-FR\",\"@id\":\"https:\\\/\\\/permakultur-landwirtschaft.org\\\/#\\\/schema\\\/logo\\\/image\\\/\",\"url\":\"https:\\\/\\\/permakultur-landwirtschaft.org\\\/wp-content\\\/uploads\\\/2021\\\/11\\\/pela_1268x1269.png\",\"contentUrl\":\"https:\\\/\\\/permakultur-landwirtschaft.org\\\/wp-content\\\/uploads\\\/2021\\\/11\\\/pela_1268x1269.png\",\"width\":1298,\"height\":1269,\"caption\":\"Permakultur-Landwirtschaft\"},\"image\":{\"@id\":\"https:\\\/\\\/permakultur-landwirtschaft.org\\\/#\\\/schema\\\/logo\\\/image\\\/\"},\"sameAs\":[\"https:\\\/\\\/www.facebook.com\\\/PermakulturLandwirtschaft\",\"https:\\\/\\\/www.instagram.com\\\/permakultur_landwirtschaft\\\/\",\"https:\\\/\\\/www.flickr.com\\\/photos\\\/permakultur-landwirtschaft\",\"https:\\\/\\\/www.youtube.com\\\/@PermakulturLandwirtschaft\"]},{\"@type\":\"Person\",\"@id\":\"https:\\\/\\\/permakultur-landwirtschaft.org\\\/#\\\/schema\\\/person\\\/6b0467872f75aed3e144093f9bf4f0b0\",\"name\":\"adrian reutimann\",\"url\":\"https:\\\/\\\/permakultur-landwirtschaft.org\\\/fr\\\/author\\\/reutiadr\\\/\"}]}<\/script>\n<!-- \/ Yoast SEO plugin. -->","yoast_head_json":{"title":"Wo der Mut zur Ver\u00e4nderung gelebt wird - Beitrag vom 10. Januar 2024 - Permakultur-Landwirtschaft","description":"Zusammen mit dem Verein TaPatate! hat sich der Hof Faver in den letzten Jahren in vielerlei Hinsichten ver\u00e4ndert.","robots":{"index":"index","follow":"follow","max-snippet":"max-snippet:-1","max-image-preview":"max-image-preview:large","max-video-preview":"max-video-preview:-1"},"canonical":"https:\/\/permakultur-landwirtschaft.org\/fr\/wo-der-mut-zur-veraenderung-gelebt-wird-beitrag-vom-10-januar-2024\/","og_locale":"fr_FR","og_type":"article","og_title":"Wo der Mut zur Ver\u00e4nderung gelebt wird - Beitrag vom 10. Januar 2024 - Permakultur-Landwirtschaft","og_description":"Zusammen mit dem Verein TaPatate! hat sich der Hof Faver in den letzten Jahren in vielerlei Hinsichten ver\u00e4ndert.","og_url":"https:\/\/permakultur-landwirtschaft.org\/fr\/wo-der-mut-zur-veraenderung-gelebt-wird-beitrag-vom-10-januar-2024\/","og_site_name":"Permakultur-Landwirtschaft","article_publisher":"https:\/\/www.facebook.com\/PermakulturLandwirtschaft","article_published_time":"2024-01-10T08:24:00+00:00","article_modified_time":"2025-09-19T07:30:59+00:00","og_image":[{"width":700,"height":466,"url":"https:\/\/permakultur-landwirtschaft.org\/wp-content\/uploads\/2025\/09\/Biovision_Schweiz_TaPatate_Faver_header_new.jpg","type":"image\/jpeg"}],"author":"adrian reutimann","twitter_card":"summary_large_image","twitter_misc":{"\u00c9crit par":"adrian reutimann","Dur\u00e9e de lecture estim\u00e9e":"4 minutes"},"schema":{"@context":"https:\/\/schema.org","@graph":[{"@type":"Article","@id":"https:\/\/permakultur-landwirtschaft.org\/wo-der-mut-zur-veraenderung-gelebt-wird-beitrag-vom-10-januar-2024\/#article","isPartOf":{"@id":"https:\/\/permakultur-landwirtschaft.org\/wo-der-mut-zur-veraenderung-gelebt-wird-beitrag-vom-10-januar-2024\/"},"author":{"name":"adrian reutimann","@id":"https:\/\/permakultur-landwirtschaft.org\/#\/schema\/person\/6b0467872f75aed3e144093f9bf4f0b0"},"headline":"Wo der Mut zur Ver\u00e4nderung gelebt wird &#8211; Beitrag vom 10. Januar 2024","datePublished":"2024-01-10T08:24:00+00:00","dateModified":"2025-09-19T07:30:59+00:00","mainEntityOfPage":{"@id":"https:\/\/permakultur-landwirtschaft.org\/wo-der-mut-zur-veraenderung-gelebt-wird-beitrag-vom-10-januar-2024\/"},"wordCount":618,"publisher":{"@id":"https:\/\/permakultur-landwirtschaft.org\/#organization"},"image":{"@id":"https:\/\/permakultur-landwirtschaft.org\/wo-der-mut-zur-veraenderung-gelebt-wird-beitrag-vom-10-januar-2024\/#primaryimage"},"thumbnailUrl":"https:\/\/permakultur-landwirtschaft.org\/wp-content\/uploads\/2025\/09\/Biovision_Schweiz_TaPatate_Faver_header_new.jpg","keywords":["Agroforst","Biovision","Hof Faver","solidarische Landwirtschaft","TaPatate","Valentin Birbaum","Wallenbuch"],"articleSection":["Neuigkeit"],"inLanguage":"fr-FR"},{"@type":"WebPage","@id":"https:\/\/permakultur-landwirtschaft.org\/wo-der-mut-zur-veraenderung-gelebt-wird-beitrag-vom-10-januar-2024\/","url":"https:\/\/permakultur-landwirtschaft.org\/wo-der-mut-zur-veraenderung-gelebt-wird-beitrag-vom-10-januar-2024\/","name":"Wo der Mut zur Ver\u00e4nderung gelebt wird - Beitrag vom 10. Januar 2024 - Permakultur-Landwirtschaft","isPartOf":{"@id":"https:\/\/permakultur-landwirtschaft.org\/#website"},"primaryImageOfPage":{"@id":"https:\/\/permakultur-landwirtschaft.org\/wo-der-mut-zur-veraenderung-gelebt-wird-beitrag-vom-10-januar-2024\/#primaryimage"},"image":{"@id":"https:\/\/permakultur-landwirtschaft.org\/wo-der-mut-zur-veraenderung-gelebt-wird-beitrag-vom-10-januar-2024\/#primaryimage"},"thumbnailUrl":"https:\/\/permakultur-landwirtschaft.org\/wp-content\/uploads\/2025\/09\/Biovision_Schweiz_TaPatate_Faver_header_new.jpg","datePublished":"2024-01-10T08:24:00+00:00","dateModified":"2025-09-19T07:30:59+00:00","description":"Zusammen mit dem Verein TaPatate! hat sich der Hof Faver in den letzten Jahren in vielerlei Hinsichten ver\u00e4ndert.","breadcrumb":{"@id":"https:\/\/permakultur-landwirtschaft.org\/wo-der-mut-zur-veraenderung-gelebt-wird-beitrag-vom-10-januar-2024\/#breadcrumb"},"inLanguage":"fr-FR","potentialAction":[{"@type":"ReadAction","target":["https:\/\/permakultur-landwirtschaft.org\/wo-der-mut-zur-veraenderung-gelebt-wird-beitrag-vom-10-januar-2024\/"]}]},{"@type":"ImageObject","inLanguage":"fr-FR","@id":"https:\/\/permakultur-landwirtschaft.org\/wo-der-mut-zur-veraenderung-gelebt-wird-beitrag-vom-10-januar-2024\/#primaryimage","url":"https:\/\/permakultur-landwirtschaft.org\/wp-content\/uploads\/2025\/09\/Biovision_Schweiz_TaPatate_Faver_header_new.jpg","contentUrl":"https:\/\/permakultur-landwirtschaft.org\/wp-content\/uploads\/2025\/09\/Biovision_Schweiz_TaPatate_Faver_header_new.jpg","width":700,"height":466,"caption":"Bild: Caroline Krajcir"},{"@type":"BreadcrumbList","@id":"https:\/\/permakultur-landwirtschaft.org\/wo-der-mut-zur-veraenderung-gelebt-wird-beitrag-vom-10-januar-2024\/#breadcrumb","itemListElement":[{"@type":"ListItem","position":1,"name":"Startseite","item":"https:\/\/permakultur-landwirtschaft.org\/"},{"@type":"ListItem","position":2,"name":"Wo der Mut zur Ver\u00e4nderung gelebt wird &#8211; Beitrag vom 10. Januar 2024"}]},{"@type":"WebSite","@id":"https:\/\/permakultur-landwirtschaft.org\/#website","url":"https:\/\/permakultur-landwirtschaft.org\/","name":"Permakultur-Landwirtschaft","description":"F\u00f6rderung der Permakultur in der Landwirtschaft","publisher":{"@id":"https:\/\/permakultur-landwirtschaft.org\/#organization"},"potentialAction":[{"@type":"SearchAction","target":{"@type":"EntryPoint","urlTemplate":"https:\/\/permakultur-landwirtschaft.org\/?s={search_term_string}"},"query-input":{"@type":"PropertyValueSpecification","valueRequired":true,"valueName":"search_term_string"}}],"inLanguage":"fr-FR"},{"@type":"Organization","@id":"https:\/\/permakultur-landwirtschaft.org\/#organization","name":"Permakultur-Landwirtschaft","alternateName":"Verein Permakultur-Landwirtschaft","url":"https:\/\/permakultur-landwirtschaft.org\/","logo":{"@type":"ImageObject","inLanguage":"fr-FR","@id":"https:\/\/permakultur-landwirtschaft.org\/#\/schema\/logo\/image\/","url":"https:\/\/permakultur-landwirtschaft.org\/wp-content\/uploads\/2021\/11\/pela_1268x1269.png","contentUrl":"https:\/\/permakultur-landwirtschaft.org\/wp-content\/uploads\/2021\/11\/pela_1268x1269.png","width":1298,"height":1269,"caption":"Permakultur-Landwirtschaft"},"image":{"@id":"https:\/\/permakultur-landwirtschaft.org\/#\/schema\/logo\/image\/"},"sameAs":["https:\/\/www.facebook.com\/PermakulturLandwirtschaft","https:\/\/www.instagram.com\/permakultur_landwirtschaft\/","https:\/\/www.flickr.com\/photos\/permakultur-landwirtschaft","https:\/\/www.youtube.com\/@PermakulturLandwirtschaft"]},{"@type":"Person","@id":"https:\/\/permakultur-landwirtschaft.org\/#\/schema\/person\/6b0467872f75aed3e144093f9bf4f0b0","name":"adrian reutimann","url":"https:\/\/permakultur-landwirtschaft.org\/fr\/author\/reutiadr\/"}]}},"_links":{"self":[{"href":"https:\/\/permakultur-landwirtschaft.org\/fr\/wp-json\/wp\/v2\/posts\/37129","targetHints":{"allow":["GET"]}}],"collection":[{"href":"https:\/\/permakultur-landwirtschaft.org\/fr\/wp-json\/wp\/v2\/posts"}],"about":[{"href":"https:\/\/permakultur-landwirtschaft.org\/fr\/wp-json\/wp\/v2\/types\/post"}],"author":[{"embeddable":true,"href":"https:\/\/permakultur-landwirtschaft.org\/fr\/wp-json\/wp\/v2\/users\/2"}],"replies":[{"embeddable":true,"href":"https:\/\/permakultur-landwirtschaft.org\/fr\/wp-json\/wp\/v2\/comments?post=37129"}],"version-history":[{"count":1,"href":"https:\/\/permakultur-landwirtschaft.org\/fr\/wp-json\/wp\/v2\/posts\/37129\/revisions"}],"predecessor-version":[{"id":37131,"href":"https:\/\/permakultur-landwirtschaft.org\/fr\/wp-json\/wp\/v2\/posts\/37129\/revisions\/37131"}],"wp:featuredmedia":[{"embeddable":true,"href":"https:\/\/permakultur-landwirtschaft.org\/fr\/wp-json\/wp\/v2\/media\/37130"}],"wp:attachment":[{"href":"https:\/\/permakultur-landwirtschaft.org\/fr\/wp-json\/wp\/v2\/media?parent=37129"}],"wp:term":[{"taxonomy":"category","embeddable":true,"href":"https:\/\/permakultur-landwirtschaft.org\/fr\/wp-json\/wp\/v2\/categories?post=37129"},{"taxonomy":"post_tag","embeddable":true,"href":"https:\/\/permakultur-landwirtschaft.org\/fr\/wp-json\/wp\/v2\/tags?post=37129"}],"curies":[{"name":"wp","href":"https:\/\/api.w.org\/{rel}","templated":true}]}}