{"id":37127,"date":"2025-07-22T09:15:00","date_gmt":"2025-07-22T07:15:00","guid":{"rendered":"https:\/\/permakultur-landwirtschaft.org\/?p=37127"},"modified":"2025-09-19T09:19:13","modified_gmt":"2025-09-19T07:19:13","slug":"bauern-kaempfen-um-ihr-einkommen-umweltschuetzerinnen-fuer-eine-nachhaltige-landwirtschaft-beitrag-vom-22-juli-2025","status":"publish","type":"post","link":"https:\/\/permakultur-landwirtschaft.org\/fr\/bauern-kaempfen-um-ihr-einkommen-umweltschuetzerinnen-fuer-eine-nachhaltige-landwirtschaft-beitrag-vom-22-juli-2025\/","title":{"rendered":"Bauern k\u00e4mpfen um ihr Einkommen \u2013 Umweltsch\u00fctzerinnen f\u00fcr eine nachhaltige Landwirtschaft &#8211; Beitrag vom 22. Juli 2025"},"content":{"rendered":"<p>Text von www.tagesanzeiger.ch:<\/p>\n\n\n\n<h2 class=\"wp-block-heading\">Streit um die Zukunft der Agrarpolitik<\/h2>\n\n\n\n<p>Wie k\u00f6nnen Schweizer Bauernh\u00f6fe produktiv, \u00f6kologisch und tiergerecht sein? Diese Frage soll der Bund beantworten. Doch nun wird eine wichtige Studie erst nach dem Entscheid ver\u00f6ffentlicht.<\/p>\n\n\n\n<p>&#8230;<\/p>\n\n\n\n<p><a href=\"https:\/\/www.tagesanzeiger.ch\/bauern-und-umweltverbaende-streiten-um-die-neue-agrarpolitik-355218633994\" target=\"_blank\" rel=\"noreferrer noopener\">Lien vers l'article complet<\/a><\/p>\n\n\n\n<p><a href=\"https:\/\/permakultur-landwirtschaft.org\/fr\/hof\/adlerzart\/\" target=\"_blank\" rel=\"noreferrer noopener\">Link zu Adlerzart im H\u00f6fe-Netz<\/a><\/p>","protected":false},"excerpt":{"rendered":"<p>Text von www.tagesanzeiger.ch: Streit um die Zukunft der Agrarpolitik Wie k\u00f6nnen Schweizer Bauernh\u00f6fe produktiv, \u00f6kologisch und tiergerecht sein? Diese Frage soll der Bund beantworten. Doch nun wird eine wichtige Studie erst nach dem Entscheid ver\u00f6ffentlicht. &#8230; Link zum gesamten Beitrag Link zu Adlerzart im H\u00f6fe-Netz<\/p>","protected":false},"author":2,"featured_media":35921,"comment_status":"closed","ping_status":"closed","sticky":false,"template":"","format":"standard","meta":{"_acf_changed":false,"site-sidebar-layout":"default","site-content-layout":"","ast-site-content-layout":"default","site-content-style":"default","site-sidebar-style":"default","ast-global-header-display":"","ast-banner-title-visibility":"","ast-main-header-display":"","ast-hfb-above-header-display":"","ast-hfb-below-header-display":"","ast-hfb-mobile-header-display":"","site-post-title":"","ast-breadcrumbs-content":"","ast-featured-img":"","footer-sml-layout":"","ast-disable-related-posts":"","theme-transparent-header-meta":"","adv-header-id-meta":"","stick-header-meta":"","header-above-stick-meta":"","header-main-stick-meta":"","header-below-stick-meta":"","astra-migrate-meta-layouts":"set","ast-page-background-enabled":"default","ast-page-background-meta":{"desktop":{"background-color":"var(--ast-global-color-4)","background-image":"","background-repeat":"repeat","background-position":"center center","background-size":"auto","background-attachment":"scroll","background-type":"","background-media":"","overlay-type":"","overlay-color":"","overlay-opacity":"","overlay-gradient":""},"tablet":{"background-color":"","background-image":"","background-repeat":"repeat","background-position":"center center","background-size":"auto","background-attachment":"scroll","background-type":"","background-media":"","overlay-type":"","overlay-color":"","overlay-opacity":"","overlay-gradient":""},"mobile":{"background-color":"","background-image":"","background-repeat":"repeat","background-position":"center center","background-size":"auto","background-attachment":"scroll","background-type":"","background-media":"","overlay-type":"","overlay-color":"","overlay-opacity":"","overlay-gradient":""}},"ast-content-background-meta":{"desktop":{"background-color":"var(--ast-global-color-5)","background-image":"","background-repeat":"repeat","background-position":"center center","background-size":"auto","background-attachment":"scroll","background-type":"","background-media":"","overlay-type":"","overlay-color":"","overlay-opacity":"","overlay-gradient":""},"tablet":{"background-color":"var(--ast-global-color-5)","background-image":"","background-repeat":"repeat","background-position":"center center","background-size":"auto","background-attachment":"scroll","background-type":"","background-media":"","overlay-type":"","overlay-color":"","overlay-opacity":"","overlay-gradient":""},"mobile":{"background-color":"var(--ast-global-color-5)","background-image":"","background-repeat":"repeat","background-position":"center center","background-size":"auto","background-attachment":"scroll","background-type":"","background-media":"","overlay-type":"","overlay-color":"","overlay-opacity":"","overlay-gradient":""}},"footnotes":""},"categories":[22],"tags":[898,896,897,400,201,566,820],"class_list":["post-37127","post","type-post","status-publish","format-standard","has-post-thumbnail","hentry","category-neuigkeit","tag-bund","tag-einkommen","tag-futterhecken","tag-hof-adlerzart","tag-nachhaltige-landwirtschaft","tag-pirmin-adler","tag-tagesanzeiger"],"acf":[],"yoast_head":"<!-- This site is optimized with the Yoast SEO plugin v27.5 - https:\/\/yoast.com\/product\/yoast-seo-wordpress\/ -->\n<title>Bauern k\u00e4mpfen um ihr Einkommen \u2013 Umweltsch\u00fctzerinnen f\u00fcr eine nachhaltige Landwirtschaft - Beitrag vom 22. Juli 2025 - Permakultur-Landwirtschaft<\/title>\n<meta name=\"description\" content=\"Wie k\u00f6nnen Schweizer Bauernh\u00f6fe produktiv, \u00f6kologisch und tiergerecht sein? Diese Frage soll der Bund beantworten.\" \/>\n<meta name=\"robots\" content=\"index, follow, max-snippet:-1, max-image-preview:large, max-video-preview:-1\" \/>\n<link rel=\"canonical\" href=\"https:\/\/permakultur-landwirtschaft.org\/fr\/bauern-kaempfen-um-ihr-einkommen-umweltschuetzerinnen-fuer-eine-nachhaltige-landwirtschaft-beitrag-vom-22-juli-2025\/\" \/>\n<meta property=\"og:locale\" content=\"fr_FR\" \/>\n<meta property=\"og:type\" content=\"article\" \/>\n<meta property=\"og:title\" content=\"Bauern k\u00e4mpfen um ihr Einkommen \u2013 Umweltsch\u00fctzerinnen f\u00fcr eine nachhaltige Landwirtschaft - Beitrag vom 22. Juli 2025 - Permakultur-Landwirtschaft\" \/>\n<meta property=\"og:description\" content=\"Wie k\u00f6nnen Schweizer Bauernh\u00f6fe produktiv, \u00f6kologisch und tiergerecht sein? Diese Frage soll der Bund beantworten.\" \/>\n<meta property=\"og:url\" content=\"https:\/\/permakultur-landwirtschaft.org\/fr\/bauern-kaempfen-um-ihr-einkommen-umweltschuetzerinnen-fuer-eine-nachhaltige-landwirtschaft-beitrag-vom-22-juli-2025\/\" \/>\n<meta property=\"og:site_name\" content=\"Permakultur-Landwirtschaft\" \/>\n<meta property=\"article:publisher\" content=\"https:\/\/www.facebook.com\/PermakulturLandwirtschaft\" \/>\n<meta property=\"article:published_time\" content=\"2025-07-22T07:15:00+00:00\" \/>\n<meta property=\"article:modified_time\" content=\"2025-09-19T07:19:13+00:00\" \/>\n<meta property=\"og:image\" content=\"https:\/\/permakultur-landwirtschaft.org\/wp-content\/uploads\/2025\/03\/biovision_adlerzart_2025-03-10_09-01-14.jpg\" \/>\n\t<meta property=\"og:image:width\" content=\"700\" \/>\n\t<meta property=\"og:image:height\" content=\"423\" \/>\n\t<meta property=\"og:image:type\" content=\"image\/jpeg\" \/>\n<meta name=\"author\" content=\"adrian reutimann\" \/>\n<meta name=\"twitter:card\" content=\"summary_large_image\" \/>\n<meta name=\"twitter:label1\" content=\"\u00c9crit par\" \/>\n\t<meta name=\"twitter:data1\" content=\"adrian reutimann\" \/>\n\t<meta name=\"twitter:label2\" content=\"Dur\u00e9e de lecture estim\u00e9e\" \/>\n\t<meta name=\"twitter:data2\" content=\"1 minute\" \/>\n<script type=\"application\/ld+json\" class=\"yoast-schema-graph\">{\"@context\":\"https:\\\/\\\/schema.org\",\"@graph\":[{\"@type\":\"Article\",\"@id\":\"https:\\\/\\\/permakultur-landwirtschaft.org\\\/bauern-kaempfen-um-ihr-einkommen-umweltschuetzerinnen-fuer-eine-nachhaltige-landwirtschaft-beitrag-vom-22-juli-2025\\\/#article\",\"isPartOf\":{\"@id\":\"https:\\\/\\\/permakultur-landwirtschaft.org\\\/bauern-kaempfen-um-ihr-einkommen-umweltschuetzerinnen-fuer-eine-nachhaltige-landwirtschaft-beitrag-vom-22-juli-2025\\\/\"},\"author\":{\"name\":\"adrian reutimann\",\"@id\":\"https:\\\/\\\/permakultur-landwirtschaft.org\\\/#\\\/schema\\\/person\\\/6b0467872f75aed3e144093f9bf4f0b0\"},\"headline\":\"Bauern k\u00e4mpfen um ihr Einkommen \u2013 Umweltsch\u00fctzerinnen f\u00fcr eine nachhaltige Landwirtschaft &#8211; Beitrag vom 22. Juli 2025\",\"datePublished\":\"2025-07-22T07:15:00+00:00\",\"dateModified\":\"2025-09-19T07:19:13+00:00\",\"mainEntityOfPage\":{\"@id\":\"https:\\\/\\\/permakultur-landwirtschaft.org\\\/bauern-kaempfen-um-ihr-einkommen-umweltschuetzerinnen-fuer-eine-nachhaltige-landwirtschaft-beitrag-vom-22-juli-2025\\\/\"},\"wordCount\":67,\"publisher\":{\"@id\":\"https:\\\/\\\/permakultur-landwirtschaft.org\\\/#organization\"},\"image\":{\"@id\":\"https:\\\/\\\/permakultur-landwirtschaft.org\\\/bauern-kaempfen-um-ihr-einkommen-umweltschuetzerinnen-fuer-eine-nachhaltige-landwirtschaft-beitrag-vom-22-juli-2025\\\/#primaryimage\"},\"thumbnailUrl\":\"https:\\\/\\\/permakultur-landwirtschaft.org\\\/wp-content\\\/uploads\\\/2025\\\/03\\\/biovision_adlerzart_2025-03-10_09-01-14.jpg\",\"keywords\":[\"Bund\",\"Einkommen\",\"Futterhecken\",\"Hof Adlerzart\",\"nachhaltige Landwirtschaft\",\"Pirmin Adler\",\"Tagesanzeiger\"],\"articleSection\":[\"Neuigkeit\"],\"inLanguage\":\"fr-FR\"},{\"@type\":\"WebPage\",\"@id\":\"https:\\\/\\\/permakultur-landwirtschaft.org\\\/bauern-kaempfen-um-ihr-einkommen-umweltschuetzerinnen-fuer-eine-nachhaltige-landwirtschaft-beitrag-vom-22-juli-2025\\\/\",\"url\":\"https:\\\/\\\/permakultur-landwirtschaft.org\\\/bauern-kaempfen-um-ihr-einkommen-umweltschuetzerinnen-fuer-eine-nachhaltige-landwirtschaft-beitrag-vom-22-juli-2025\\\/\",\"name\":\"Bauern k\u00e4mpfen um ihr Einkommen \u2013 Umweltsch\u00fctzerinnen f\u00fcr eine nachhaltige Landwirtschaft - Beitrag vom 22. Juli 2025 - Permakultur-Landwirtschaft\",\"isPartOf\":{\"@id\":\"https:\\\/\\\/permakultur-landwirtschaft.org\\\/#website\"},\"primaryImageOfPage\":{\"@id\":\"https:\\\/\\\/permakultur-landwirtschaft.org\\\/bauern-kaempfen-um-ihr-einkommen-umweltschuetzerinnen-fuer-eine-nachhaltige-landwirtschaft-beitrag-vom-22-juli-2025\\\/#primaryimage\"},\"image\":{\"@id\":\"https:\\\/\\\/permakultur-landwirtschaft.org\\\/bauern-kaempfen-um-ihr-einkommen-umweltschuetzerinnen-fuer-eine-nachhaltige-landwirtschaft-beitrag-vom-22-juli-2025\\\/#primaryimage\"},\"thumbnailUrl\":\"https:\\\/\\\/permakultur-landwirtschaft.org\\\/wp-content\\\/uploads\\\/2025\\\/03\\\/biovision_adlerzart_2025-03-10_09-01-14.jpg\",\"datePublished\":\"2025-07-22T07:15:00+00:00\",\"dateModified\":\"2025-09-19T07:19:13+00:00\",\"description\":\"Wie k\u00f6nnen Schweizer Bauernh\u00f6fe produktiv, \u00f6kologisch und tiergerecht sein? Diese Frage soll der Bund beantworten.\",\"breadcrumb\":{\"@id\":\"https:\\\/\\\/permakultur-landwirtschaft.org\\\/bauern-kaempfen-um-ihr-einkommen-umweltschuetzerinnen-fuer-eine-nachhaltige-landwirtschaft-beitrag-vom-22-juli-2025\\\/#breadcrumb\"},\"inLanguage\":\"fr-FR\",\"potentialAction\":[{\"@type\":\"ReadAction\",\"target\":[\"https:\\\/\\\/permakultur-landwirtschaft.org\\\/bauern-kaempfen-um-ihr-einkommen-umweltschuetzerinnen-fuer-eine-nachhaltige-landwirtschaft-beitrag-vom-22-juli-2025\\\/\"]}]},{\"@type\":\"ImageObject\",\"inLanguage\":\"fr-FR\",\"@id\":\"https:\\\/\\\/permakultur-landwirtschaft.org\\\/bauern-kaempfen-um-ihr-einkommen-umweltschuetzerinnen-fuer-eine-nachhaltige-landwirtschaft-beitrag-vom-22-juli-2025\\\/#primaryimage\",\"url\":\"https:\\\/\\\/permakultur-landwirtschaft.org\\\/wp-content\\\/uploads\\\/2025\\\/03\\\/biovision_adlerzart_2025-03-10_09-01-14.jpg\",\"contentUrl\":\"https:\\\/\\\/permakultur-landwirtschaft.org\\\/wp-content\\\/uploads\\\/2025\\\/03\\\/biovision_adlerzart_2025-03-10_09-01-14.jpg\",\"width\":700,\"height\":423,\"caption\":\"Bild: Adlerzart\"},{\"@type\":\"BreadcrumbList\",\"@id\":\"https:\\\/\\\/permakultur-landwirtschaft.org\\\/bauern-kaempfen-um-ihr-einkommen-umweltschuetzerinnen-fuer-eine-nachhaltige-landwirtschaft-beitrag-vom-22-juli-2025\\\/#breadcrumb\",\"itemListElement\":[{\"@type\":\"ListItem\",\"position\":1,\"name\":\"Startseite\",\"item\":\"https:\\\/\\\/permakultur-landwirtschaft.org\\\/\"},{\"@type\":\"ListItem\",\"position\":2,\"name\":\"Bauern k\u00e4mpfen um ihr Einkommen \u2013 Umweltsch\u00fctzerinnen f\u00fcr eine nachhaltige Landwirtschaft &#8211; Beitrag vom 22. Juli 2025\"}]},{\"@type\":\"WebSite\",\"@id\":\"https:\\\/\\\/permakultur-landwirtschaft.org\\\/#website\",\"url\":\"https:\\\/\\\/permakultur-landwirtschaft.org\\\/\",\"name\":\"Permakultur-Landwirtschaft\",\"description\":\"F\u00f6rderung der Permakultur in der Landwirtschaft\",\"publisher\":{\"@id\":\"https:\\\/\\\/permakultur-landwirtschaft.org\\\/#organization\"},\"potentialAction\":[{\"@type\":\"SearchAction\",\"target\":{\"@type\":\"EntryPoint\",\"urlTemplate\":\"https:\\\/\\\/permakultur-landwirtschaft.org\\\/?s={search_term_string}\"},\"query-input\":{\"@type\":\"PropertyValueSpecification\",\"valueRequired\":true,\"valueName\":\"search_term_string\"}}],\"inLanguage\":\"fr-FR\"},{\"@type\":\"Organization\",\"@id\":\"https:\\\/\\\/permakultur-landwirtschaft.org\\\/#organization\",\"name\":\"Permakultur-Landwirtschaft\",\"alternateName\":\"Verein Permakultur-Landwirtschaft\",\"url\":\"https:\\\/\\\/permakultur-landwirtschaft.org\\\/\",\"logo\":{\"@type\":\"ImageObject\",\"inLanguage\":\"fr-FR\",\"@id\":\"https:\\\/\\\/permakultur-landwirtschaft.org\\\/#\\\/schema\\\/logo\\\/image\\\/\",\"url\":\"https:\\\/\\\/permakultur-landwirtschaft.org\\\/wp-content\\\/uploads\\\/2021\\\/11\\\/pela_1268x1269.png\",\"contentUrl\":\"https:\\\/\\\/permakultur-landwirtschaft.org\\\/wp-content\\\/uploads\\\/2021\\\/11\\\/pela_1268x1269.png\",\"width\":1298,\"height\":1269,\"caption\":\"Permakultur-Landwirtschaft\"},\"image\":{\"@id\":\"https:\\\/\\\/permakultur-landwirtschaft.org\\\/#\\\/schema\\\/logo\\\/image\\\/\"},\"sameAs\":[\"https:\\\/\\\/www.facebook.com\\\/PermakulturLandwirtschaft\",\"https:\\\/\\\/www.instagram.com\\\/permakultur_landwirtschaft\\\/\",\"https:\\\/\\\/www.flickr.com\\\/photos\\\/permakultur-landwirtschaft\",\"https:\\\/\\\/www.youtube.com\\\/@PermakulturLandwirtschaft\"]},{\"@type\":\"Person\",\"@id\":\"https:\\\/\\\/permakultur-landwirtschaft.org\\\/#\\\/schema\\\/person\\\/6b0467872f75aed3e144093f9bf4f0b0\",\"name\":\"adrian reutimann\",\"url\":\"https:\\\/\\\/permakultur-landwirtschaft.org\\\/fr\\\/author\\\/reutiadr\\\/\"}]}<\/script>\n<!-- \/ Yoast SEO plugin. -->","yoast_head_json":{"title":"Bauern k\u00e4mpfen um ihr Einkommen \u2013 Umweltsch\u00fctzerinnen f\u00fcr eine nachhaltige Landwirtschaft - Beitrag vom 22. Juli 2025 - Permakultur-Landwirtschaft","description":"Wie k\u00f6nnen Schweizer Bauernh\u00f6fe produktiv, \u00f6kologisch und tiergerecht sein? Diese Frage soll der Bund beantworten.","robots":{"index":"index","follow":"follow","max-snippet":"max-snippet:-1","max-image-preview":"max-image-preview:large","max-video-preview":"max-video-preview:-1"},"canonical":"https:\/\/permakultur-landwirtschaft.org\/fr\/bauern-kaempfen-um-ihr-einkommen-umweltschuetzerinnen-fuer-eine-nachhaltige-landwirtschaft-beitrag-vom-22-juli-2025\/","og_locale":"fr_FR","og_type":"article","og_title":"Bauern k\u00e4mpfen um ihr Einkommen \u2013 Umweltsch\u00fctzerinnen f\u00fcr eine nachhaltige Landwirtschaft - Beitrag vom 22. Juli 2025 - Permakultur-Landwirtschaft","og_description":"Wie k\u00f6nnen Schweizer Bauernh\u00f6fe produktiv, \u00f6kologisch und tiergerecht sein? Diese Frage soll der Bund beantworten.","og_url":"https:\/\/permakultur-landwirtschaft.org\/fr\/bauern-kaempfen-um-ihr-einkommen-umweltschuetzerinnen-fuer-eine-nachhaltige-landwirtschaft-beitrag-vom-22-juli-2025\/","og_site_name":"Permakultur-Landwirtschaft","article_publisher":"https:\/\/www.facebook.com\/PermakulturLandwirtschaft","article_published_time":"2025-07-22T07:15:00+00:00","article_modified_time":"2025-09-19T07:19:13+00:00","og_image":[{"width":700,"height":423,"url":"https:\/\/permakultur-landwirtschaft.org\/wp-content\/uploads\/2025\/03\/biovision_adlerzart_2025-03-10_09-01-14.jpg","type":"image\/jpeg"}],"author":"adrian reutimann","twitter_card":"summary_large_image","twitter_misc":{"\u00c9crit par":"adrian reutimann","Dur\u00e9e de lecture estim\u00e9e":"1 minute"},"schema":{"@context":"https:\/\/schema.org","@graph":[{"@type":"Article","@id":"https:\/\/permakultur-landwirtschaft.org\/bauern-kaempfen-um-ihr-einkommen-umweltschuetzerinnen-fuer-eine-nachhaltige-landwirtschaft-beitrag-vom-22-juli-2025\/#article","isPartOf":{"@id":"https:\/\/permakultur-landwirtschaft.org\/bauern-kaempfen-um-ihr-einkommen-umweltschuetzerinnen-fuer-eine-nachhaltige-landwirtschaft-beitrag-vom-22-juli-2025\/"},"author":{"name":"adrian reutimann","@id":"https:\/\/permakultur-landwirtschaft.org\/#\/schema\/person\/6b0467872f75aed3e144093f9bf4f0b0"},"headline":"Bauern k\u00e4mpfen um ihr Einkommen \u2013 Umweltsch\u00fctzerinnen f\u00fcr eine nachhaltige Landwirtschaft &#8211; Beitrag vom 22. Juli 2025","datePublished":"2025-07-22T07:15:00+00:00","dateModified":"2025-09-19T07:19:13+00:00","mainEntityOfPage":{"@id":"https:\/\/permakultur-landwirtschaft.org\/bauern-kaempfen-um-ihr-einkommen-umweltschuetzerinnen-fuer-eine-nachhaltige-landwirtschaft-beitrag-vom-22-juli-2025\/"},"wordCount":67,"publisher":{"@id":"https:\/\/permakultur-landwirtschaft.org\/#organization"},"image":{"@id":"https:\/\/permakultur-landwirtschaft.org\/bauern-kaempfen-um-ihr-einkommen-umweltschuetzerinnen-fuer-eine-nachhaltige-landwirtschaft-beitrag-vom-22-juli-2025\/#primaryimage"},"thumbnailUrl":"https:\/\/permakultur-landwirtschaft.org\/wp-content\/uploads\/2025\/03\/biovision_adlerzart_2025-03-10_09-01-14.jpg","keywords":["Bund","Einkommen","Futterhecken","Hof Adlerzart","nachhaltige Landwirtschaft","Pirmin Adler","Tagesanzeiger"],"articleSection":["Neuigkeit"],"inLanguage":"fr-FR"},{"@type":"WebPage","@id":"https:\/\/permakultur-landwirtschaft.org\/bauern-kaempfen-um-ihr-einkommen-umweltschuetzerinnen-fuer-eine-nachhaltige-landwirtschaft-beitrag-vom-22-juli-2025\/","url":"https:\/\/permakultur-landwirtschaft.org\/bauern-kaempfen-um-ihr-einkommen-umweltschuetzerinnen-fuer-eine-nachhaltige-landwirtschaft-beitrag-vom-22-juli-2025\/","name":"Bauern k\u00e4mpfen um ihr Einkommen \u2013 Umweltsch\u00fctzerinnen f\u00fcr eine nachhaltige Landwirtschaft - Beitrag vom 22. Juli 2025 - Permakultur-Landwirtschaft","isPartOf":{"@id":"https:\/\/permakultur-landwirtschaft.org\/#website"},"primaryImageOfPage":{"@id":"https:\/\/permakultur-landwirtschaft.org\/bauern-kaempfen-um-ihr-einkommen-umweltschuetzerinnen-fuer-eine-nachhaltige-landwirtschaft-beitrag-vom-22-juli-2025\/#primaryimage"},"image":{"@id":"https:\/\/permakultur-landwirtschaft.org\/bauern-kaempfen-um-ihr-einkommen-umweltschuetzerinnen-fuer-eine-nachhaltige-landwirtschaft-beitrag-vom-22-juli-2025\/#primaryimage"},"thumbnailUrl":"https:\/\/permakultur-landwirtschaft.org\/wp-content\/uploads\/2025\/03\/biovision_adlerzart_2025-03-10_09-01-14.jpg","datePublished":"2025-07-22T07:15:00+00:00","dateModified":"2025-09-19T07:19:13+00:00","description":"Wie k\u00f6nnen Schweizer Bauernh\u00f6fe produktiv, \u00f6kologisch und tiergerecht sein? Diese Frage soll der Bund beantworten.","breadcrumb":{"@id":"https:\/\/permakultur-landwirtschaft.org\/bauern-kaempfen-um-ihr-einkommen-umweltschuetzerinnen-fuer-eine-nachhaltige-landwirtschaft-beitrag-vom-22-juli-2025\/#breadcrumb"},"inLanguage":"fr-FR","potentialAction":[{"@type":"ReadAction","target":["https:\/\/permakultur-landwirtschaft.org\/bauern-kaempfen-um-ihr-einkommen-umweltschuetzerinnen-fuer-eine-nachhaltige-landwirtschaft-beitrag-vom-22-juli-2025\/"]}]},{"@type":"ImageObject","inLanguage":"fr-FR","@id":"https:\/\/permakultur-landwirtschaft.org\/bauern-kaempfen-um-ihr-einkommen-umweltschuetzerinnen-fuer-eine-nachhaltige-landwirtschaft-beitrag-vom-22-juli-2025\/#primaryimage","url":"https:\/\/permakultur-landwirtschaft.org\/wp-content\/uploads\/2025\/03\/biovision_adlerzart_2025-03-10_09-01-14.jpg","contentUrl":"https:\/\/permakultur-landwirtschaft.org\/wp-content\/uploads\/2025\/03\/biovision_adlerzart_2025-03-10_09-01-14.jpg","width":700,"height":423,"caption":"Bild: Adlerzart"},{"@type":"BreadcrumbList","@id":"https:\/\/permakultur-landwirtschaft.org\/bauern-kaempfen-um-ihr-einkommen-umweltschuetzerinnen-fuer-eine-nachhaltige-landwirtschaft-beitrag-vom-22-juli-2025\/#breadcrumb","itemListElement":[{"@type":"ListItem","position":1,"name":"Startseite","item":"https:\/\/permakultur-landwirtschaft.org\/"},{"@type":"ListItem","position":2,"name":"Bauern k\u00e4mpfen um ihr Einkommen \u2013 Umweltsch\u00fctzerinnen f\u00fcr eine nachhaltige Landwirtschaft &#8211; Beitrag vom 22. Juli 2025"}]},{"@type":"WebSite","@id":"https:\/\/permakultur-landwirtschaft.org\/#website","url":"https:\/\/permakultur-landwirtschaft.org\/","name":"Permakultur-Landwirtschaft","description":"F\u00f6rderung der Permakultur in der Landwirtschaft","publisher":{"@id":"https:\/\/permakultur-landwirtschaft.org\/#organization"},"potentialAction":[{"@type":"SearchAction","target":{"@type":"EntryPoint","urlTemplate":"https:\/\/permakultur-landwirtschaft.org\/?s={search_term_string}"},"query-input":{"@type":"PropertyValueSpecification","valueRequired":true,"valueName":"search_term_string"}}],"inLanguage":"fr-FR"},{"@type":"Organization","@id":"https:\/\/permakultur-landwirtschaft.org\/#organization","name":"Permakultur-Landwirtschaft","alternateName":"Verein Permakultur-Landwirtschaft","url":"https:\/\/permakultur-landwirtschaft.org\/","logo":{"@type":"ImageObject","inLanguage":"fr-FR","@id":"https:\/\/permakultur-landwirtschaft.org\/#\/schema\/logo\/image\/","url":"https:\/\/permakultur-landwirtschaft.org\/wp-content\/uploads\/2021\/11\/pela_1268x1269.png","contentUrl":"https:\/\/permakultur-landwirtschaft.org\/wp-content\/uploads\/2021\/11\/pela_1268x1269.png","width":1298,"height":1269,"caption":"Permakultur-Landwirtschaft"},"image":{"@id":"https:\/\/permakultur-landwirtschaft.org\/#\/schema\/logo\/image\/"},"sameAs":["https:\/\/www.facebook.com\/PermakulturLandwirtschaft","https:\/\/www.instagram.com\/permakultur_landwirtschaft\/","https:\/\/www.flickr.com\/photos\/permakultur-landwirtschaft","https:\/\/www.youtube.com\/@PermakulturLandwirtschaft"]},{"@type":"Person","@id":"https:\/\/permakultur-landwirtschaft.org\/#\/schema\/person\/6b0467872f75aed3e144093f9bf4f0b0","name":"adrian reutimann","url":"https:\/\/permakultur-landwirtschaft.org\/fr\/author\/reutiadr\/"}]}},"_links":{"self":[{"href":"https:\/\/permakultur-landwirtschaft.org\/fr\/wp-json\/wp\/v2\/posts\/37127","targetHints":{"allow":["GET"]}}],"collection":[{"href":"https:\/\/permakultur-landwirtschaft.org\/fr\/wp-json\/wp\/v2\/posts"}],"about":[{"href":"https:\/\/permakultur-landwirtschaft.org\/fr\/wp-json\/wp\/v2\/types\/post"}],"author":[{"embeddable":true,"href":"https:\/\/permakultur-landwirtschaft.org\/fr\/wp-json\/wp\/v2\/users\/2"}],"replies":[{"embeddable":true,"href":"https:\/\/permakultur-landwirtschaft.org\/fr\/wp-json\/wp\/v2\/comments?post=37127"}],"version-history":[{"count":1,"href":"https:\/\/permakultur-landwirtschaft.org\/fr\/wp-json\/wp\/v2\/posts\/37127\/revisions"}],"predecessor-version":[{"id":37128,"href":"https:\/\/permakultur-landwirtschaft.org\/fr\/wp-json\/wp\/v2\/posts\/37127\/revisions\/37128"}],"wp:featuredmedia":[{"embeddable":true,"href":"https:\/\/permakultur-landwirtschaft.org\/fr\/wp-json\/wp\/v2\/media\/35921"}],"wp:attachment":[{"href":"https:\/\/permakultur-landwirtschaft.org\/fr\/wp-json\/wp\/v2\/media?parent=37127"}],"wp:term":[{"taxonomy":"category","embeddable":true,"href":"https:\/\/permakultur-landwirtschaft.org\/fr\/wp-json\/wp\/v2\/categories?post=37127"},{"taxonomy":"post_tag","embeddable":true,"href":"https:\/\/permakultur-landwirtschaft.org\/fr\/wp-json\/wp\/v2\/tags?post=37127"}],"curies":[{"name":"wp","href":"https:\/\/api.w.org\/{rel}","templated":true}]}}