{"id":37124,"date":"2025-09-01T09:05:00","date_gmt":"2025-09-01T07:05:00","guid":{"rendered":"https:\/\/permakultur-landwirtschaft.org\/?p=37124"},"modified":"2025-09-19T09:14:18","modified_gmt":"2025-09-19T07:14:18","slug":"unsere-bauern-sollen-oekologischer-werden-doch-wer-zahlt-das-beitrag-vom-01-september-2025","status":"publish","type":"post","link":"https:\/\/permakultur-landwirtschaft.org\/fr\/unsere-bauern-sollen-oekologischer-werden-doch-wer-zahlt-das-beitrag-vom-01-september-2025\/","title":{"rendered":"Unsere Bauern sollen \u00f6kologischer werden \u2013 doch wer zahlt das? &#8211; Beitrag vom 01. September 2025"},"content":{"rendered":"<p>Text von www.blick.ch:<\/p>\n\n\n\n<p>Die Landwirtschaft am Scheideweg: In Bern wird die grosse Agrarreform diskutiert, w\u00e4hrend die Bauern unter Druck stehen. F\u00fcr Biobauer Valentin Birbaum liegt die L\u00f6sung in nachhaltigen Methoden und Direktvermarktung \u2013 sofern der Bund sie st\u00fctzt. Zu Besuch im Seeland.<\/p>\n\n\n\n<p><strong>Biohof Faver in Wallenbuch FR:\u00abAndere Betriebe k\u00f6nnen von uns lernen, wenn sie m\u00f6chten\u00bb<\/strong><\/p>\n\n\n\n<p>Im Seeland wachsen auch Wassermelonen. Bei Biolandwirt Valentin Birbaum (28) tun sie das sogar auf freiem Feld. \u00abIch wollte es einfach mal versuchen\u00bb, sagt er. Geklappt hat es wunderbar. Rund zwei Tonnen der s\u00fcssen Fr\u00fcchte gedeihen j\u00e4hrlich auf dem Hofacker. Kilopreis: 4.50 Franken. \u00abEs lohnt sich\u00bb, sagt Birbaum.<\/p>\n\n\n\n<p>Es ist nicht die einzige Kuriosit\u00e4t. Auf einem der Felder des Hofs Faver in Wallenbuch FR ernten Mitglieder des Vereins \u00abTaPatate!\u00bb Bohnen. Das geh\u00f6re dazu, wenn man ein Gem\u00fcseabo abschliesst, erz\u00e4hlt Birbaum. Solidarisch, \u00f6kologisch, innovativ: So sehe die Rettung f\u00fcr die gebeutelten Landwirtinnen und Landwirte aus, finden Umwelt- und Agrarorganisationen. Doch reicht das, um zu \u00fcberleben?<\/p>\n\n\n\n<h2 class=\"wp-block-heading\">H\u00f6rt der Bund auf die Bauern?<\/h2>\n\n\n\n<p>Die Schweizer Landwirtschaft ist am Scheideweg. Die grosse Frage: Wohin soll sie nach 2030? In Bern wird die grosse Agrarreform diskutiert. Doch das Bundesamt f\u00fcr Landwirtschaft (BLW) steht von allen Seiten unter Druck. Entladen hat sich das bereits mehrfach \u2013 zumindest bei den konventionellen Landwirtinnen und Landwirten.<\/p>\n\n\n\n<p>Die Kritik: Der Bund l\u00e4sst die Bauern im Stich. Schlechte Arbeitsbedingungen, wenig Nachwuchs und zu wenig Grenzschutz. Dar\u00fcber hinaus w\u00fcrde Bern mehr Pflanzenschutzmittel verbieten als zugelassen werden. Das ist laut den Protestlern das exakte Gegenteil von dem, was der Bund eigentlich wolle \u2013 n\u00e4mlich die pflanzliche Ern\u00e4hrung f\u00f6rdern.<\/p>\n\n\n\n<p>Mit den meisten Punkten sind auch Biobauern wie Birbaum einverstanden. Die Pestizide brauche es aber nicht. \u00abWir erhalten mit unseren Methoden langsam, aber sicher denselben Ertrag wie beim konventionellen Anbau\u00bb, so Birbaum. Statt die Gem\u00fcse\u00e4cker stark zu bearbeiten, setzt das Hofteam etwa auf das Mulchen: Die Pflanzen werden auf B\u00f6den aufgezogen, die mit einer dicken Schicht organischem Material bedeckt sind. Diese h\u00e4lt die Erde feucht, fruchtbar \u2013 und frei von Unkraut.<\/p>\n\n\n\n<h2 class=\"wp-block-heading\">Neue Methoden gegen den Klimawandel<\/h2>\n\n\n\n<p>Daf\u00fcr hat der Biolandwirt extra eine Maschine aus Deutschland importiert. Trotzdem: Auf dem Hof werde noch vieles von Hand gemacht. \u00abWenn wir aber konsequent weiter in zukunftsf\u00e4hige Anbaumethoden investieren, k\u00f6nnen wir die Ertragseinbusse minimieren, die der Klimawandel mit sich bringen wird\u00bb, sagt Birbaum.<\/p>\n\n\n\n<p>Der Hof Faver hat bereits mehr als drei Jahrzehnte \u00fcberstanden. Der Biobetrieb hat sich ganz der regenerativen Landwirtschaft verschrieben. Die B\u00f6den sollen geschont, die Kulturen m\u00f6glichst vielf\u00e4ltig und naturnah angebaut werden.<\/p>\n\n\n\n<p>Aufgebaut hat ihn Valentin Birbaums Vater Ren\u00e9 \u2013 im Oktober soll der Hof endlich vollst\u00e4ndig dem Sohn geh\u00f6ren. \u00abWir werden jedes Jahr etwas gr\u00f6sser\u00bb, sagt der Landwirt. Die Geb\u00e4ude breiten sich auf dem Weiler aus wie Wurzeln: Lagerr\u00e4ume, Fahrzeugschuppen und ein Hofladen. Das Hofeinkommen wird auch durch drei Mietwohnungen aufgebessert. Bald soll auf dem Areal zudem eine R\u00fcststation entstehen. Ein Glasgeb\u00e4ude, wie Birbaum sagt. \u00abSo k\u00f6nnen wir alles hier bei uns aufbereiten und direkt an die Abnehmerinnen und Abnehmer liefern.\u00bb<\/p>\n\n\n\n<p>&#8230;<\/p>\n\n\n\n<p><a href=\"https:\/\/www.blick.ch\/politik\/biolandwirt-valentin-birbaum-zeigt-wie-es-geht-unsere-bauern-sollen-oekologischer-werden-doch-wer-zahlt-das-id21186742.html\" target=\"_blank\" rel=\"noreferrer noopener\">Lien vers l'article complet<\/a><\/p>\n\n\n\n<p><a href=\"https:\/\/hof-faver.ch\/\" target=\"_blank\" rel=\"noreferrer noopener\">Link zum Hof Faver<\/a><\/p>\n\n\n\n<p><a href=\"https:\/\/www.tapatate.ch\" target=\"_blank\" rel=\"noreferrer noopener\">Link zu TaPatate<\/a><\/p>","protected":false},"excerpt":{"rendered":"<p>Text von www.blick.ch: Die Landwirtschaft am Scheideweg: In Bern wird die grosse Agrarreform diskutiert, w\u00e4hrend die Bauern unter Druck stehen. F\u00fcr Biobauer Valentin Birbaum liegt die L\u00f6sung in nachhaltigen Methoden und Direktvermarktung \u2013 sofern der Bund sie st\u00fctzt. Zu Besuch im Seeland. Biohof Faver in Wallenbuch FR:\u00abAndere Betriebe k\u00f6nnen von uns lernen, wenn sie m\u00f6chten\u00bb [&hellip;]<\/p>\n","protected":false},"author":2,"featured_media":37125,"comment_status":"closed","ping_status":"closed","sticky":false,"template":"","format":"standard","meta":{"_acf_changed":false,"site-sidebar-layout":"default","site-content-layout":"","ast-site-content-layout":"default","site-content-style":"default","site-sidebar-style":"default","ast-global-header-display":"","ast-banner-title-visibility":"","ast-main-header-display":"","ast-hfb-above-header-display":"","ast-hfb-below-header-display":"","ast-hfb-mobile-header-display":"","site-post-title":"","ast-breadcrumbs-content":"","ast-featured-img":"","footer-sml-layout":"","ast-disable-related-posts":"","theme-transparent-header-meta":"","adv-header-id-meta":"","stick-header-meta":"","header-above-stick-meta":"","header-main-stick-meta":"","header-below-stick-meta":"","astra-migrate-meta-layouts":"set","ast-page-background-enabled":"default","ast-page-background-meta":{"desktop":{"background-color":"var(--ast-global-color-4)","background-image":"","background-repeat":"repeat","background-position":"center center","background-size":"auto","background-attachment":"scroll","background-type":"","background-media":"","overlay-type":"","overlay-color":"","overlay-opacity":"","overlay-gradient":""},"tablet":{"background-color":"","background-image":"","background-repeat":"repeat","background-position":"center center","background-size":"auto","background-attachment":"scroll","background-type":"","background-media":"","overlay-type":"","overlay-color":"","overlay-opacity":"","overlay-gradient":""},"mobile":{"background-color":"","background-image":"","background-repeat":"repeat","background-position":"center center","background-size":"auto","background-attachment":"scroll","background-type":"","background-media":"","overlay-type":"","overlay-color":"","overlay-opacity":"","overlay-gradient":""}},"ast-content-background-meta":{"desktop":{"background-color":"var(--ast-global-color-5)","background-image":"","background-repeat":"repeat","background-position":"center center","background-size":"auto","background-attachment":"scroll","background-type":"","background-media":"","overlay-type":"","overlay-color":"","overlay-opacity":"","overlay-gradient":""},"tablet":{"background-color":"var(--ast-global-color-5)","background-image":"","background-repeat":"repeat","background-position":"center center","background-size":"auto","background-attachment":"scroll","background-type":"","background-media":"","overlay-type":"","overlay-color":"","overlay-opacity":"","overlay-gradient":""},"mobile":{"background-color":"var(--ast-global-color-5)","background-image":"","background-repeat":"repeat","background-position":"center center","background-size":"auto","background-attachment":"scroll","background-type":"","background-media":"","overlay-type":"","overlay-color":"","overlay-opacity":"","overlay-gradient":""}},"footnotes":""},"categories":[22],"tags":[892,144,891,203,895,893,894],"class_list":["post-37124","post","type-post","status-publish","format-standard","has-post-thumbnail","hentry","category-neuigkeit","tag-blick","tag-direktvermarktung","tag-hof-faver","tag-klimawandel","tag-melonen","tag-tapatate","tag-valentin-birbaum"],"acf":[],"yoast_head":"<!-- This site is optimized with the Yoast SEO plugin v27.5 - https:\/\/yoast.com\/product\/yoast-seo-wordpress\/ -->\n<title>Unsere Bauern sollen \u00f6kologischer werden \u2013 doch wer zahlt das? - Beitrag vom 01. September 2025 - Permakultur-Landwirtschaft<\/title>\n<meta name=\"description\" content=\"F\u00fcr Biobauer Valentin Birbaum liegt die L\u00f6sung in nachhaltigen Methoden und Direktvermarktung \u2013 sofern der Bund sie st\u00fctzt.\" \/>\n<meta name=\"robots\" content=\"index, follow, max-snippet:-1, max-image-preview:large, max-video-preview:-1\" \/>\n<link rel=\"canonical\" href=\"https:\/\/permakultur-landwirtschaft.org\/fr\/unsere-bauern-sollen-oekologischer-werden-doch-wer-zahlt-das-beitrag-vom-01-september-2025\/\" \/>\n<meta property=\"og:locale\" content=\"fr_FR\" \/>\n<meta property=\"og:type\" content=\"article\" \/>\n<meta property=\"og:title\" content=\"Unsere Bauern sollen \u00f6kologischer werden \u2013 doch wer zahlt das? - Beitrag vom 01. September 2025 - Permakultur-Landwirtschaft\" \/>\n<meta property=\"og:description\" content=\"F\u00fcr Biobauer Valentin Birbaum liegt die L\u00f6sung in nachhaltigen Methoden und Direktvermarktung \u2013 sofern der Bund sie st\u00fctzt.\" \/>\n<meta property=\"og:url\" content=\"https:\/\/permakultur-landwirtschaft.org\/fr\/unsere-bauern-sollen-oekologischer-werden-doch-wer-zahlt-das-beitrag-vom-01-september-2025\/\" \/>\n<meta property=\"og:site_name\" content=\"Permakultur-Landwirtschaft\" \/>\n<meta property=\"article:publisher\" content=\"https:\/\/www.facebook.com\/PermakulturLandwirtschaft\" \/>\n<meta property=\"article:published_time\" content=\"2025-09-01T07:05:00+00:00\" \/>\n<meta property=\"article:modified_time\" content=\"2025-09-19T07:14:18+00:00\" \/>\n<meta property=\"og:image\" content=\"https:\/\/permakultur-landwirtschaft.org\/wp-content\/uploads\/2025\/09\/20250919_Valentin_Birbaum_faver_blick_21180658-v1-hoffaver23.jpg\" \/>\n\t<meta property=\"og:image:width\" content=\"640\" \/>\n\t<meta property=\"og:image:height\" content=\"427\" \/>\n\t<meta property=\"og:image:type\" content=\"image\/jpeg\" \/>\n<meta name=\"author\" content=\"adrian reutimann\" \/>\n<meta name=\"twitter:card\" content=\"summary_large_image\" \/>\n<meta name=\"twitter:label1\" content=\"\u00c9crit par\" \/>\n\t<meta name=\"twitter:data1\" content=\"adrian reutimann\" \/>\n\t<meta name=\"twitter:label2\" content=\"Dur\u00e9e de lecture estim\u00e9e\" \/>\n\t<meta name=\"twitter:data2\" content=\"3 minutes\" \/>\n<script type=\"application\/ld+json\" class=\"yoast-schema-graph\">{\"@context\":\"https:\\\/\\\/schema.org\",\"@graph\":[{\"@type\":\"Article\",\"@id\":\"https:\\\/\\\/permakultur-landwirtschaft.org\\\/unsere-bauern-sollen-oekologischer-werden-doch-wer-zahlt-das-beitrag-vom-01-september-2025\\\/#article\",\"isPartOf\":{\"@id\":\"https:\\\/\\\/permakultur-landwirtschaft.org\\\/unsere-bauern-sollen-oekologischer-werden-doch-wer-zahlt-das-beitrag-vom-01-september-2025\\\/\"},\"author\":{\"name\":\"adrian reutimann\",\"@id\":\"https:\\\/\\\/permakultur-landwirtschaft.org\\\/#\\\/schema\\\/person\\\/6b0467872f75aed3e144093f9bf4f0b0\"},\"headline\":\"Unsere Bauern sollen \u00f6kologischer werden \u2013 doch wer zahlt das? &#8211; Beitrag vom 01. September 2025\",\"datePublished\":\"2025-09-01T07:05:00+00:00\",\"dateModified\":\"2025-09-19T07:14:18+00:00\",\"mainEntityOfPage\":{\"@id\":\"https:\\\/\\\/permakultur-landwirtschaft.org\\\/unsere-bauern-sollen-oekologischer-werden-doch-wer-zahlt-das-beitrag-vom-01-september-2025\\\/\"},\"wordCount\":549,\"publisher\":{\"@id\":\"https:\\\/\\\/permakultur-landwirtschaft.org\\\/#organization\"},\"image\":{\"@id\":\"https:\\\/\\\/permakultur-landwirtschaft.org\\\/unsere-bauern-sollen-oekologischer-werden-doch-wer-zahlt-das-beitrag-vom-01-september-2025\\\/#primaryimage\"},\"thumbnailUrl\":\"https:\\\/\\\/permakultur-landwirtschaft.org\\\/wp-content\\\/uploads\\\/2025\\\/09\\\/20250919_Valentin_Birbaum_faver_blick_21180658-v1-hoffaver23.jpg\",\"keywords\":[\"Blick\",\"Direktvermarktung\",\"Hof Faver\",\"Klimawandel\",\"Melonen\",\"TaPatate\",\"Valentin Birbaum\"],\"articleSection\":[\"Neuigkeit\"],\"inLanguage\":\"fr-FR\"},{\"@type\":\"WebPage\",\"@id\":\"https:\\\/\\\/permakultur-landwirtschaft.org\\\/unsere-bauern-sollen-oekologischer-werden-doch-wer-zahlt-das-beitrag-vom-01-september-2025\\\/\",\"url\":\"https:\\\/\\\/permakultur-landwirtschaft.org\\\/unsere-bauern-sollen-oekologischer-werden-doch-wer-zahlt-das-beitrag-vom-01-september-2025\\\/\",\"name\":\"Unsere Bauern sollen \u00f6kologischer werden \u2013 doch wer zahlt das? - Beitrag vom 01. September 2025 - Permakultur-Landwirtschaft\",\"isPartOf\":{\"@id\":\"https:\\\/\\\/permakultur-landwirtschaft.org\\\/#website\"},\"primaryImageOfPage\":{\"@id\":\"https:\\\/\\\/permakultur-landwirtschaft.org\\\/unsere-bauern-sollen-oekologischer-werden-doch-wer-zahlt-das-beitrag-vom-01-september-2025\\\/#primaryimage\"},\"image\":{\"@id\":\"https:\\\/\\\/permakultur-landwirtschaft.org\\\/unsere-bauern-sollen-oekologischer-werden-doch-wer-zahlt-das-beitrag-vom-01-september-2025\\\/#primaryimage\"},\"thumbnailUrl\":\"https:\\\/\\\/permakultur-landwirtschaft.org\\\/wp-content\\\/uploads\\\/2025\\\/09\\\/20250919_Valentin_Birbaum_faver_blick_21180658-v1-hoffaver23.jpg\",\"datePublished\":\"2025-09-01T07:05:00+00:00\",\"dateModified\":\"2025-09-19T07:14:18+00:00\",\"description\":\"F\u00fcr Biobauer Valentin Birbaum liegt die L\u00f6sung in nachhaltigen Methoden und Direktvermarktung \u2013 sofern der Bund sie st\u00fctzt.\",\"breadcrumb\":{\"@id\":\"https:\\\/\\\/permakultur-landwirtschaft.org\\\/unsere-bauern-sollen-oekologischer-werden-doch-wer-zahlt-das-beitrag-vom-01-september-2025\\\/#breadcrumb\"},\"inLanguage\":\"fr-FR\",\"potentialAction\":[{\"@type\":\"ReadAction\",\"target\":[\"https:\\\/\\\/permakultur-landwirtschaft.org\\\/unsere-bauern-sollen-oekologischer-werden-doch-wer-zahlt-das-beitrag-vom-01-september-2025\\\/\"]}]},{\"@type\":\"ImageObject\",\"inLanguage\":\"fr-FR\",\"@id\":\"https:\\\/\\\/permakultur-landwirtschaft.org\\\/unsere-bauern-sollen-oekologischer-werden-doch-wer-zahlt-das-beitrag-vom-01-september-2025\\\/#primaryimage\",\"url\":\"https:\\\/\\\/permakultur-landwirtschaft.org\\\/wp-content\\\/uploads\\\/2025\\\/09\\\/20250919_Valentin_Birbaum_faver_blick_21180658-v1-hoffaver23.jpg\",\"contentUrl\":\"https:\\\/\\\/permakultur-landwirtschaft.org\\\/wp-content\\\/uploads\\\/2025\\\/09\\\/20250919_Valentin_Birbaum_faver_blick_21180658-v1-hoffaver23.jpg\",\"width\":640,\"height\":427,\"caption\":\"Bild: Philippe Rossier\"},{\"@type\":\"BreadcrumbList\",\"@id\":\"https:\\\/\\\/permakultur-landwirtschaft.org\\\/unsere-bauern-sollen-oekologischer-werden-doch-wer-zahlt-das-beitrag-vom-01-september-2025\\\/#breadcrumb\",\"itemListElement\":[{\"@type\":\"ListItem\",\"position\":1,\"name\":\"Startseite\",\"item\":\"https:\\\/\\\/permakultur-landwirtschaft.org\\\/\"},{\"@type\":\"ListItem\",\"position\":2,\"name\":\"Unsere Bauern sollen \u00f6kologischer werden \u2013 doch wer zahlt das? &#8211; Beitrag vom 01. September 2025\"}]},{\"@type\":\"WebSite\",\"@id\":\"https:\\\/\\\/permakultur-landwirtschaft.org\\\/#website\",\"url\":\"https:\\\/\\\/permakultur-landwirtschaft.org\\\/\",\"name\":\"Permakultur-Landwirtschaft\",\"description\":\"F\u00f6rderung der Permakultur in der Landwirtschaft\",\"publisher\":{\"@id\":\"https:\\\/\\\/permakultur-landwirtschaft.org\\\/#organization\"},\"potentialAction\":[{\"@type\":\"SearchAction\",\"target\":{\"@type\":\"EntryPoint\",\"urlTemplate\":\"https:\\\/\\\/permakultur-landwirtschaft.org\\\/?s={search_term_string}\"},\"query-input\":{\"@type\":\"PropertyValueSpecification\",\"valueRequired\":true,\"valueName\":\"search_term_string\"}}],\"inLanguage\":\"fr-FR\"},{\"@type\":\"Organization\",\"@id\":\"https:\\\/\\\/permakultur-landwirtschaft.org\\\/#organization\",\"name\":\"Permakultur-Landwirtschaft\",\"alternateName\":\"Verein Permakultur-Landwirtschaft\",\"url\":\"https:\\\/\\\/permakultur-landwirtschaft.org\\\/\",\"logo\":{\"@type\":\"ImageObject\",\"inLanguage\":\"fr-FR\",\"@id\":\"https:\\\/\\\/permakultur-landwirtschaft.org\\\/#\\\/schema\\\/logo\\\/image\\\/\",\"url\":\"https:\\\/\\\/permakultur-landwirtschaft.org\\\/wp-content\\\/uploads\\\/2021\\\/11\\\/pela_1268x1269.png\",\"contentUrl\":\"https:\\\/\\\/permakultur-landwirtschaft.org\\\/wp-content\\\/uploads\\\/2021\\\/11\\\/pela_1268x1269.png\",\"width\":1298,\"height\":1269,\"caption\":\"Permakultur-Landwirtschaft\"},\"image\":{\"@id\":\"https:\\\/\\\/permakultur-landwirtschaft.org\\\/#\\\/schema\\\/logo\\\/image\\\/\"},\"sameAs\":[\"https:\\\/\\\/www.facebook.com\\\/PermakulturLandwirtschaft\",\"https:\\\/\\\/www.instagram.com\\\/permakultur_landwirtschaft\\\/\",\"https:\\\/\\\/www.flickr.com\\\/photos\\\/permakultur-landwirtschaft\",\"https:\\\/\\\/www.youtube.com\\\/@PermakulturLandwirtschaft\"]},{\"@type\":\"Person\",\"@id\":\"https:\\\/\\\/permakultur-landwirtschaft.org\\\/#\\\/schema\\\/person\\\/6b0467872f75aed3e144093f9bf4f0b0\",\"name\":\"adrian reutimann\",\"url\":\"https:\\\/\\\/permakultur-landwirtschaft.org\\\/fr\\\/author\\\/reutiadr\\\/\"}]}<\/script>\n<!-- \/ Yoast SEO plugin. -->","yoast_head_json":{"title":"Unsere Bauern sollen \u00f6kologischer werden \u2013 doch wer zahlt das? - Beitrag vom 01. September 2025 - Permakultur-Landwirtschaft","description":"F\u00fcr Biobauer Valentin Birbaum liegt die L\u00f6sung in nachhaltigen Methoden und Direktvermarktung \u2013 sofern der Bund sie st\u00fctzt.","robots":{"index":"index","follow":"follow","max-snippet":"max-snippet:-1","max-image-preview":"max-image-preview:large","max-video-preview":"max-video-preview:-1"},"canonical":"https:\/\/permakultur-landwirtschaft.org\/fr\/unsere-bauern-sollen-oekologischer-werden-doch-wer-zahlt-das-beitrag-vom-01-september-2025\/","og_locale":"fr_FR","og_type":"article","og_title":"Unsere Bauern sollen \u00f6kologischer werden \u2013 doch wer zahlt das? - Beitrag vom 01. September 2025 - Permakultur-Landwirtschaft","og_description":"F\u00fcr Biobauer Valentin Birbaum liegt die L\u00f6sung in nachhaltigen Methoden und Direktvermarktung \u2013 sofern der Bund sie st\u00fctzt.","og_url":"https:\/\/permakultur-landwirtschaft.org\/fr\/unsere-bauern-sollen-oekologischer-werden-doch-wer-zahlt-das-beitrag-vom-01-september-2025\/","og_site_name":"Permakultur-Landwirtschaft","article_publisher":"https:\/\/www.facebook.com\/PermakulturLandwirtschaft","article_published_time":"2025-09-01T07:05:00+00:00","article_modified_time":"2025-09-19T07:14:18+00:00","og_image":[{"width":640,"height":427,"url":"https:\/\/permakultur-landwirtschaft.org\/wp-content\/uploads\/2025\/09\/20250919_Valentin_Birbaum_faver_blick_21180658-v1-hoffaver23.jpg","type":"image\/jpeg"}],"author":"adrian reutimann","twitter_card":"summary_large_image","twitter_misc":{"\u00c9crit par":"adrian reutimann","Dur\u00e9e de lecture estim\u00e9e":"3 minutes"},"schema":{"@context":"https:\/\/schema.org","@graph":[{"@type":"Article","@id":"https:\/\/permakultur-landwirtschaft.org\/unsere-bauern-sollen-oekologischer-werden-doch-wer-zahlt-das-beitrag-vom-01-september-2025\/#article","isPartOf":{"@id":"https:\/\/permakultur-landwirtschaft.org\/unsere-bauern-sollen-oekologischer-werden-doch-wer-zahlt-das-beitrag-vom-01-september-2025\/"},"author":{"name":"adrian reutimann","@id":"https:\/\/permakultur-landwirtschaft.org\/#\/schema\/person\/6b0467872f75aed3e144093f9bf4f0b0"},"headline":"Unsere Bauern sollen \u00f6kologischer werden \u2013 doch wer zahlt das? &#8211; Beitrag vom 01. September 2025","datePublished":"2025-09-01T07:05:00+00:00","dateModified":"2025-09-19T07:14:18+00:00","mainEntityOfPage":{"@id":"https:\/\/permakultur-landwirtschaft.org\/unsere-bauern-sollen-oekologischer-werden-doch-wer-zahlt-das-beitrag-vom-01-september-2025\/"},"wordCount":549,"publisher":{"@id":"https:\/\/permakultur-landwirtschaft.org\/#organization"},"image":{"@id":"https:\/\/permakultur-landwirtschaft.org\/unsere-bauern-sollen-oekologischer-werden-doch-wer-zahlt-das-beitrag-vom-01-september-2025\/#primaryimage"},"thumbnailUrl":"https:\/\/permakultur-landwirtschaft.org\/wp-content\/uploads\/2025\/09\/20250919_Valentin_Birbaum_faver_blick_21180658-v1-hoffaver23.jpg","keywords":["Blick","Direktvermarktung","Hof Faver","Klimawandel","Melonen","TaPatate","Valentin Birbaum"],"articleSection":["Neuigkeit"],"inLanguage":"fr-FR"},{"@type":"WebPage","@id":"https:\/\/permakultur-landwirtschaft.org\/unsere-bauern-sollen-oekologischer-werden-doch-wer-zahlt-das-beitrag-vom-01-september-2025\/","url":"https:\/\/permakultur-landwirtschaft.org\/unsere-bauern-sollen-oekologischer-werden-doch-wer-zahlt-das-beitrag-vom-01-september-2025\/","name":"Unsere Bauern sollen \u00f6kologischer werden \u2013 doch wer zahlt das? - Beitrag vom 01. September 2025 - Permakultur-Landwirtschaft","isPartOf":{"@id":"https:\/\/permakultur-landwirtschaft.org\/#website"},"primaryImageOfPage":{"@id":"https:\/\/permakultur-landwirtschaft.org\/unsere-bauern-sollen-oekologischer-werden-doch-wer-zahlt-das-beitrag-vom-01-september-2025\/#primaryimage"},"image":{"@id":"https:\/\/permakultur-landwirtschaft.org\/unsere-bauern-sollen-oekologischer-werden-doch-wer-zahlt-das-beitrag-vom-01-september-2025\/#primaryimage"},"thumbnailUrl":"https:\/\/permakultur-landwirtschaft.org\/wp-content\/uploads\/2025\/09\/20250919_Valentin_Birbaum_faver_blick_21180658-v1-hoffaver23.jpg","datePublished":"2025-09-01T07:05:00+00:00","dateModified":"2025-09-19T07:14:18+00:00","description":"F\u00fcr Biobauer Valentin Birbaum liegt die L\u00f6sung in nachhaltigen Methoden und Direktvermarktung \u2013 sofern der Bund sie st\u00fctzt.","breadcrumb":{"@id":"https:\/\/permakultur-landwirtschaft.org\/unsere-bauern-sollen-oekologischer-werden-doch-wer-zahlt-das-beitrag-vom-01-september-2025\/#breadcrumb"},"inLanguage":"fr-FR","potentialAction":[{"@type":"ReadAction","target":["https:\/\/permakultur-landwirtschaft.org\/unsere-bauern-sollen-oekologischer-werden-doch-wer-zahlt-das-beitrag-vom-01-september-2025\/"]}]},{"@type":"ImageObject","inLanguage":"fr-FR","@id":"https:\/\/permakultur-landwirtschaft.org\/unsere-bauern-sollen-oekologischer-werden-doch-wer-zahlt-das-beitrag-vom-01-september-2025\/#primaryimage","url":"https:\/\/permakultur-landwirtschaft.org\/wp-content\/uploads\/2025\/09\/20250919_Valentin_Birbaum_faver_blick_21180658-v1-hoffaver23.jpg","contentUrl":"https:\/\/permakultur-landwirtschaft.org\/wp-content\/uploads\/2025\/09\/20250919_Valentin_Birbaum_faver_blick_21180658-v1-hoffaver23.jpg","width":640,"height":427,"caption":"Bild: Philippe Rossier"},{"@type":"BreadcrumbList","@id":"https:\/\/permakultur-landwirtschaft.org\/unsere-bauern-sollen-oekologischer-werden-doch-wer-zahlt-das-beitrag-vom-01-september-2025\/#breadcrumb","itemListElement":[{"@type":"ListItem","position":1,"name":"Startseite","item":"https:\/\/permakultur-landwirtschaft.org\/"},{"@type":"ListItem","position":2,"name":"Unsere Bauern sollen \u00f6kologischer werden \u2013 doch wer zahlt das? &#8211; Beitrag vom 01. September 2025"}]},{"@type":"WebSite","@id":"https:\/\/permakultur-landwirtschaft.org\/#website","url":"https:\/\/permakultur-landwirtschaft.org\/","name":"Permakultur-Landwirtschaft","description":"F\u00f6rderung der Permakultur in der Landwirtschaft","publisher":{"@id":"https:\/\/permakultur-landwirtschaft.org\/#organization"},"potentialAction":[{"@type":"SearchAction","target":{"@type":"EntryPoint","urlTemplate":"https:\/\/permakultur-landwirtschaft.org\/?s={search_term_string}"},"query-input":{"@type":"PropertyValueSpecification","valueRequired":true,"valueName":"search_term_string"}}],"inLanguage":"fr-FR"},{"@type":"Organization","@id":"https:\/\/permakultur-landwirtschaft.org\/#organization","name":"Permakultur-Landwirtschaft","alternateName":"Verein Permakultur-Landwirtschaft","url":"https:\/\/permakultur-landwirtschaft.org\/","logo":{"@type":"ImageObject","inLanguage":"fr-FR","@id":"https:\/\/permakultur-landwirtschaft.org\/#\/schema\/logo\/image\/","url":"https:\/\/permakultur-landwirtschaft.org\/wp-content\/uploads\/2021\/11\/pela_1268x1269.png","contentUrl":"https:\/\/permakultur-landwirtschaft.org\/wp-content\/uploads\/2021\/11\/pela_1268x1269.png","width":1298,"height":1269,"caption":"Permakultur-Landwirtschaft"},"image":{"@id":"https:\/\/permakultur-landwirtschaft.org\/#\/schema\/logo\/image\/"},"sameAs":["https:\/\/www.facebook.com\/PermakulturLandwirtschaft","https:\/\/www.instagram.com\/permakultur_landwirtschaft\/","https:\/\/www.flickr.com\/photos\/permakultur-landwirtschaft","https:\/\/www.youtube.com\/@PermakulturLandwirtschaft"]},{"@type":"Person","@id":"https:\/\/permakultur-landwirtschaft.org\/#\/schema\/person\/6b0467872f75aed3e144093f9bf4f0b0","name":"adrian reutimann","url":"https:\/\/permakultur-landwirtschaft.org\/fr\/author\/reutiadr\/"}]}},"_links":{"self":[{"href":"https:\/\/permakultur-landwirtschaft.org\/fr\/wp-json\/wp\/v2\/posts\/37124","targetHints":{"allow":["GET"]}}],"collection":[{"href":"https:\/\/permakultur-landwirtschaft.org\/fr\/wp-json\/wp\/v2\/posts"}],"about":[{"href":"https:\/\/permakultur-landwirtschaft.org\/fr\/wp-json\/wp\/v2\/types\/post"}],"author":[{"embeddable":true,"href":"https:\/\/permakultur-landwirtschaft.org\/fr\/wp-json\/wp\/v2\/users\/2"}],"replies":[{"embeddable":true,"href":"https:\/\/permakultur-landwirtschaft.org\/fr\/wp-json\/wp\/v2\/comments?post=37124"}],"version-history":[{"count":1,"href":"https:\/\/permakultur-landwirtschaft.org\/fr\/wp-json\/wp\/v2\/posts\/37124\/revisions"}],"predecessor-version":[{"id":37126,"href":"https:\/\/permakultur-landwirtschaft.org\/fr\/wp-json\/wp\/v2\/posts\/37124\/revisions\/37126"}],"wp:featuredmedia":[{"embeddable":true,"href":"https:\/\/permakultur-landwirtschaft.org\/fr\/wp-json\/wp\/v2\/media\/37125"}],"wp:attachment":[{"href":"https:\/\/permakultur-landwirtschaft.org\/fr\/wp-json\/wp\/v2\/media?parent=37124"}],"wp:term":[{"taxonomy":"category","embeddable":true,"href":"https:\/\/permakultur-landwirtschaft.org\/fr\/wp-json\/wp\/v2\/categories?post=37124"},{"taxonomy":"post_tag","embeddable":true,"href":"https:\/\/permakultur-landwirtschaft.org\/fr\/wp-json\/wp\/v2\/tags?post=37124"}],"curies":[{"name":"wp","href":"https:\/\/api.w.org\/{rel}","templated":true}]}}