{"id":37114,"date":"2025-09-15T10:13:01","date_gmt":"2025-09-15T08:13:01","guid":{"rendered":"https:\/\/permakultur-landwirtschaft.org\/?p=37114"},"modified":"2025-09-15T10:13:02","modified_gmt":"2025-09-15T08:13:02","slug":"research-for-agroecology-focus-living-and-working-in-agroecological-systems-online-anlass-am-24-oktober-2025","status":"publish","type":"post","link":"https:\/\/permakultur-landwirtschaft.org\/fr\/research-for-agroecology-focus-living-and-working-in-agroecological-systems-online-anlass-am-24-oktober-2025\/","title":{"rendered":"Research for agroecology &#8211; focus &#171;living and working in agroecological systems&#187; &#8211; online Anlass am 24. Oktober 2025"},"content":{"rendered":"<p>Text von www.agroecologyworks.ch:<\/p>\n\n\n\n<p>In this online event we will present scientific agroecology projects (focus \u201cliving and working in agroecological systems\u201d) to show what is being researched, show social aspects of agroecology and give interested students and researchers information to get involved in agroecological research.<\/p>\n\n\n\n<p>The online event:<\/p>\n\n\n\n<ul class=\"wp-block-list\">\n<li>Welcome &amp; short introduction \u2013 Lena Marti, HAFL<\/li>\n\n\n\n<li>Part 1: 15\u2019 Frenzi Ritter ZHAW: project \u00abErn\u00e4hrungsstrategien f\u00fcr alle\u00bb<br><a href=\"https:\/\/www.zhaw.ch\/de\/lsfm\/institute-zentren\/iunr\/nachhaltigkeits-transformation-und-ernaehrungssysteme\/geography-of-food\/ernaehrungsstrategien-fuer-alle\" target=\"_blank\" rel=\"noreferrer noopener\">https:\/\/www.zhaw.ch\/de\/lsfm\/institute-zentren\/iunr\/nachhaltigkeits-transformation-und-ernaehrungssysteme\/geography-of-food\/ernaehrungsstrategien-fuer-alle<\/a><\/li>\n\n\n\n<li>Part 2: 15\u2019 Gurbir Bhullar HAFL Institut Hugo P. Cecchini: project \u201cGoing Bananas\u201d<br><a href=\"https:\/\/www.bfh.ch\/en\/news\/news\/2025\/sustainable-bananas-transform-farming\/\" target=\"_blank\" rel=\"noreferrer noopener\">https:\/\/www.bfh.ch\/en\/news\/news\/2025\/sustainable-bananas-transform-farming\/<\/a><\/li>\n\n\n\n<li>Part 3: 15\u2019 Emile Spahr Agroecology institute: \u201cRessourcenprojekt Agrar\u00f6kologie\u201d<br><a href=\"https:\/\/www.agroecology.science\/projekte\/rp-agraroekologie-schweiz.html\" target=\"_blank\" rel=\"noreferrer noopener\">https:\/\/www.agroecology.science\/projekte\/rp-agraroekologie-schweiz.html<\/a><\/li>\n\n\n\n<li>Part 4: 20\u2019 Veronica Zbinden, Franziska Kuratli BFH-HAFL project \u00abLiving Lab Permaculture\u201d<br><a href=\"https:\/\/www.bfh.ch\/de\/forschung\/forschungsprojekte\/2023-011-759-846\/\" target=\"_blank\" rel=\"noreferrer noopener\">https:\/\/www.bfh.ch\/de\/forschung\/forschungsprojekte\/2023-011-759-846\/<\/a><\/li>\n\n\n\n<li>Part 5 20\u2019 Questions and Inputs from Audience<\/li>\n<\/ul>\n\n\n\n<p>no registration is required<br>Questions: Lena Marti<br>Tel: +41 31 848 69 86 Mail: lena.marti@bfh.ch<\/p>\n\n\n\n<p><a href=\"https:\/\/www.agroecologyworks.ch\/de\/tage-der-agraroekologie\/2025\/events\/research-for-agroecology-focus-living-and-working-in-agroecological-systems\" target=\"_blank\" rel=\"noreferrer noopener\">Link zu mehr Infos<\/a><\/p>","protected":false},"excerpt":{"rendered":"<p>Text von www.agroecologyworks.ch: In this online event we will present scientific agroecology projects (focus \u201cliving and working in agroecological systems\u201d) to show what is being researched, show social aspects of agroecology and give interested students and researchers information to get involved in agroecological research. The online event: no registration is requiredQuestions: Lena MartiTel: +41 31 [&hellip;]<\/p>\n","protected":false},"author":2,"featured_media":37115,"comment_status":"closed","ping_status":"closed","sticky":false,"template":"","format":"standard","meta":{"_acf_changed":false,"site-sidebar-layout":"default","site-content-layout":"","ast-site-content-layout":"default","site-content-style":"default","site-sidebar-style":"default","ast-global-header-display":"","ast-banner-title-visibility":"","ast-main-header-display":"","ast-hfb-above-header-display":"","ast-hfb-below-header-display":"","ast-hfb-mobile-header-display":"","site-post-title":"","ast-breadcrumbs-content":"","ast-featured-img":"","footer-sml-layout":"","ast-disable-related-posts":"","theme-transparent-header-meta":"","adv-header-id-meta":"","stick-header-meta":"","header-above-stick-meta":"","header-main-stick-meta":"","header-below-stick-meta":"","astra-migrate-meta-layouts":"set","ast-page-background-enabled":"default","ast-page-background-meta":{"desktop":{"background-color":"var(--ast-global-color-4)","background-image":"","background-repeat":"repeat","background-position":"center center","background-size":"auto","background-attachment":"scroll","background-type":"","background-media":"","overlay-type":"","overlay-color":"","overlay-opacity":"","overlay-gradient":""},"tablet":{"background-color":"","background-image":"","background-repeat":"repeat","background-position":"center center","background-size":"auto","background-attachment":"scroll","background-type":"","background-media":"","overlay-type":"","overlay-color":"","overlay-opacity":"","overlay-gradient":""},"mobile":{"background-color":"","background-image":"","background-repeat":"repeat","background-position":"center center","background-size":"auto","background-attachment":"scroll","background-type":"","background-media":"","overlay-type":"","overlay-color":"","overlay-opacity":"","overlay-gradient":""}},"ast-content-background-meta":{"desktop":{"background-color":"var(--ast-global-color-5)","background-image":"","background-repeat":"repeat","background-position":"center center","background-size":"auto","background-attachment":"scroll","background-type":"","background-media":"","overlay-type":"","overlay-color":"","overlay-opacity":"","overlay-gradient":""},"tablet":{"background-color":"var(--ast-global-color-5)","background-image":"","background-repeat":"repeat","background-position":"center center","background-size":"auto","background-attachment":"scroll","background-type":"","background-media":"","overlay-type":"","overlay-color":"","overlay-opacity":"","overlay-gradient":""},"mobile":{"background-color":"var(--ast-global-color-5)","background-image":"","background-repeat":"repeat","background-position":"center center","background-size":"auto","background-attachment":"scroll","background-type":"","background-media":"","overlay-type":"","overlay-color":"","overlay-opacity":"","overlay-gradient":""}},"footnotes":""},"categories":[14],"tags":[247,69,883,404,17,882,436,884],"class_list":["post-37114","post","type-post","status-publish","format-standard","has-post-thumbnail","hentry","category-veranstaltung","tag-agroecology","tag-hafl","tag-living-and-working","tag-living-lab-permaculture","tag-permakultur","tag-research-for-agroecology","tag-tage-der-agraroekologie","tag-zhaw"],"acf":[],"yoast_head":"<!-- This site is optimized with the Yoast SEO plugin v27.4 - https:\/\/yoast.com\/product\/yoast-seo-wordpress\/ -->\n<title>Research for agroecology - focus &quot;living and working in agroecological systems&quot; - online Anlass am 24. Oktober 2025 - Permakultur-Landwirtschaft<\/title>\n<meta name=\"description\" content=\"In this online event we will present scientific agroecology projects (focus \u201cliving and working in agroecological systems\u201d)\" \/>\n<meta name=\"robots\" content=\"index, follow, max-snippet:-1, max-image-preview:large, max-video-preview:-1\" \/>\n<link rel=\"canonical\" href=\"https:\/\/permakultur-landwirtschaft.org\/fr\/research-for-agroecology-focus-living-and-working-in-agroecological-systems-online-anlass-am-24-oktober-2025\/\" \/>\n<meta property=\"og:locale\" content=\"fr_FR\" \/>\n<meta property=\"og:type\" content=\"article\" \/>\n<meta property=\"og:title\" content=\"Research for agroecology - focus &quot;living and working in agroecological systems&quot; - online Anlass am 24. Oktober 2025 - Permakultur-Landwirtschaft\" \/>\n<meta property=\"og:description\" content=\"In this online event we will present scientific agroecology projects (focus \u201cliving and working in agroecological systems\u201d)\" \/>\n<meta property=\"og:url\" content=\"https:\/\/permakultur-landwirtschaft.org\/fr\/research-for-agroecology-focus-living-and-working-in-agroecological-systems-online-anlass-am-24-oktober-2025\/\" \/>\n<meta property=\"og:site_name\" content=\"Permakultur-Landwirtschaft\" \/>\n<meta property=\"article:publisher\" content=\"https:\/\/www.facebook.com\/PermakulturLandwirtschaft\" \/>\n<meta property=\"article:published_time\" content=\"2025-09-15T08:13:01+00:00\" \/>\n<meta property=\"article:modified_time\" content=\"2025-09-15T08:13:02+00:00\" \/>\n<meta property=\"og:image\" content=\"https:\/\/permakultur-landwirtschaft.org\/wp-content\/uploads\/2025\/09\/20251024_agroecology_research-1300x.jpg\" \/>\n\t<meta property=\"og:image:width\" content=\"700\" \/>\n\t<meta property=\"og:image:height\" content=\"393\" \/>\n\t<meta property=\"og:image:type\" content=\"image\/jpeg\" \/>\n<meta name=\"author\" content=\"adrian reutimann\" \/>\n<meta name=\"twitter:card\" content=\"summary_large_image\" \/>\n<meta name=\"twitter:label1\" content=\"\u00c9crit par\" \/>\n\t<meta name=\"twitter:data1\" content=\"adrian reutimann\" \/>\n\t<meta name=\"twitter:label2\" content=\"Dur\u00e9e de lecture estim\u00e9e\" \/>\n\t<meta name=\"twitter:data2\" content=\"1 minute\" \/>\n<script type=\"application\/ld+json\" class=\"yoast-schema-graph\">{\"@context\":\"https:\\\/\\\/schema.org\",\"@graph\":[{\"@type\":\"Article\",\"@id\":\"https:\\\/\\\/permakultur-landwirtschaft.org\\\/research-for-agroecology-focus-living-and-working-in-agroecological-systems-online-anlass-am-24-oktober-2025\\\/#article\",\"isPartOf\":{\"@id\":\"https:\\\/\\\/permakultur-landwirtschaft.org\\\/research-for-agroecology-focus-living-and-working-in-agroecological-systems-online-anlass-am-24-oktober-2025\\\/\"},\"author\":{\"name\":\"adrian reutimann\",\"@id\":\"https:\\\/\\\/permakultur-landwirtschaft.org\\\/#\\\/schema\\\/person\\\/6b0467872f75aed3e144093f9bf4f0b0\"},\"headline\":\"Research for agroecology &#8211; focus &#171;living and working in agroecological systems&#187; &#8211; online Anlass am 24. Oktober 2025\",\"datePublished\":\"2025-09-15T08:13:01+00:00\",\"dateModified\":\"2025-09-15T08:13:02+00:00\",\"mainEntityOfPage\":{\"@id\":\"https:\\\/\\\/permakultur-landwirtschaft.org\\\/research-for-agroecology-focus-living-and-working-in-agroecological-systems-online-anlass-am-24-oktober-2025\\\/\"},\"wordCount\":168,\"publisher\":{\"@id\":\"https:\\\/\\\/permakultur-landwirtschaft.org\\\/#organization\"},\"image\":{\"@id\":\"https:\\\/\\\/permakultur-landwirtschaft.org\\\/research-for-agroecology-focus-living-and-working-in-agroecological-systems-online-anlass-am-24-oktober-2025\\\/#primaryimage\"},\"thumbnailUrl\":\"https:\\\/\\\/permakultur-landwirtschaft.org\\\/wp-content\\\/uploads\\\/2025\\\/09\\\/20251024_agroecology_research-1300x.jpg\",\"keywords\":[\"Agroecology\",\"HAFL\",\"living and working\",\"Living Lab Permaculture\",\"Permakultur\",\"Research for agroecology\",\"Tage der Agrar\u00f6kologie\",\"ZHAW\"],\"articleSection\":[\"Veranstaltung\"],\"inLanguage\":\"fr-FR\"},{\"@type\":\"WebPage\",\"@id\":\"https:\\\/\\\/permakultur-landwirtschaft.org\\\/research-for-agroecology-focus-living-and-working-in-agroecological-systems-online-anlass-am-24-oktober-2025\\\/\",\"url\":\"https:\\\/\\\/permakultur-landwirtschaft.org\\\/research-for-agroecology-focus-living-and-working-in-agroecological-systems-online-anlass-am-24-oktober-2025\\\/\",\"name\":\"Research for agroecology - focus \\\"living and working in agroecological systems\\\" - online Anlass am 24. Oktober 2025 - Permakultur-Landwirtschaft\",\"isPartOf\":{\"@id\":\"https:\\\/\\\/permakultur-landwirtschaft.org\\\/#website\"},\"primaryImageOfPage\":{\"@id\":\"https:\\\/\\\/permakultur-landwirtschaft.org\\\/research-for-agroecology-focus-living-and-working-in-agroecological-systems-online-anlass-am-24-oktober-2025\\\/#primaryimage\"},\"image\":{\"@id\":\"https:\\\/\\\/permakultur-landwirtschaft.org\\\/research-for-agroecology-focus-living-and-working-in-agroecological-systems-online-anlass-am-24-oktober-2025\\\/#primaryimage\"},\"thumbnailUrl\":\"https:\\\/\\\/permakultur-landwirtschaft.org\\\/wp-content\\\/uploads\\\/2025\\\/09\\\/20251024_agroecology_research-1300x.jpg\",\"datePublished\":\"2025-09-15T08:13:01+00:00\",\"dateModified\":\"2025-09-15T08:13:02+00:00\",\"description\":\"In this online event we will present scientific agroecology projects (focus \u201cliving and working in agroecological systems\u201d)\",\"breadcrumb\":{\"@id\":\"https:\\\/\\\/permakultur-landwirtschaft.org\\\/research-for-agroecology-focus-living-and-working-in-agroecological-systems-online-anlass-am-24-oktober-2025\\\/#breadcrumb\"},\"inLanguage\":\"fr-FR\",\"potentialAction\":[{\"@type\":\"ReadAction\",\"target\":[\"https:\\\/\\\/permakultur-landwirtschaft.org\\\/research-for-agroecology-focus-living-and-working-in-agroecological-systems-online-anlass-am-24-oktober-2025\\\/\"]}]},{\"@type\":\"ImageObject\",\"inLanguage\":\"fr-FR\",\"@id\":\"https:\\\/\\\/permakultur-landwirtschaft.org\\\/research-for-agroecology-focus-living-and-working-in-agroecological-systems-online-anlass-am-24-oktober-2025\\\/#primaryimage\",\"url\":\"https:\\\/\\\/permakultur-landwirtschaft.org\\\/wp-content\\\/uploads\\\/2025\\\/09\\\/20251024_agroecology_research-1300x.jpg\",\"contentUrl\":\"https:\\\/\\\/permakultur-landwirtschaft.org\\\/wp-content\\\/uploads\\\/2025\\\/09\\\/20251024_agroecology_research-1300x.jpg\",\"width\":700,\"height\":393,\"caption\":\"Bild: www.agroecologyworks.ch\"},{\"@type\":\"BreadcrumbList\",\"@id\":\"https:\\\/\\\/permakultur-landwirtschaft.org\\\/research-for-agroecology-focus-living-and-working-in-agroecological-systems-online-anlass-am-24-oktober-2025\\\/#breadcrumb\",\"itemListElement\":[{\"@type\":\"ListItem\",\"position\":1,\"name\":\"Startseite\",\"item\":\"https:\\\/\\\/permakultur-landwirtschaft.org\\\/\"},{\"@type\":\"ListItem\",\"position\":2,\"name\":\"Research for agroecology &#8211; focus &#171;living and working in agroecological systems&#187; &#8211; online Anlass am 24. Oktober 2025\"}]},{\"@type\":\"WebSite\",\"@id\":\"https:\\\/\\\/permakultur-landwirtschaft.org\\\/#website\",\"url\":\"https:\\\/\\\/permakultur-landwirtschaft.org\\\/\",\"name\":\"Permakultur-Landwirtschaft\",\"description\":\"F\u00f6rderung der Permakultur in der Landwirtschaft\",\"publisher\":{\"@id\":\"https:\\\/\\\/permakultur-landwirtschaft.org\\\/#organization\"},\"potentialAction\":[{\"@type\":\"SearchAction\",\"target\":{\"@type\":\"EntryPoint\",\"urlTemplate\":\"https:\\\/\\\/permakultur-landwirtschaft.org\\\/?s={search_term_string}\"},\"query-input\":{\"@type\":\"PropertyValueSpecification\",\"valueRequired\":true,\"valueName\":\"search_term_string\"}}],\"inLanguage\":\"fr-FR\"},{\"@type\":\"Organization\",\"@id\":\"https:\\\/\\\/permakultur-landwirtschaft.org\\\/#organization\",\"name\":\"Permakultur-Landwirtschaft\",\"alternateName\":\"Verein Permakultur-Landwirtschaft\",\"url\":\"https:\\\/\\\/permakultur-landwirtschaft.org\\\/\",\"logo\":{\"@type\":\"ImageObject\",\"inLanguage\":\"fr-FR\",\"@id\":\"https:\\\/\\\/permakultur-landwirtschaft.org\\\/#\\\/schema\\\/logo\\\/image\\\/\",\"url\":\"https:\\\/\\\/permakultur-landwirtschaft.org\\\/wp-content\\\/uploads\\\/2021\\\/11\\\/pela_1268x1269.png\",\"contentUrl\":\"https:\\\/\\\/permakultur-landwirtschaft.org\\\/wp-content\\\/uploads\\\/2021\\\/11\\\/pela_1268x1269.png\",\"width\":1298,\"height\":1269,\"caption\":\"Permakultur-Landwirtschaft\"},\"image\":{\"@id\":\"https:\\\/\\\/permakultur-landwirtschaft.org\\\/#\\\/schema\\\/logo\\\/image\\\/\"},\"sameAs\":[\"https:\\\/\\\/www.facebook.com\\\/PermakulturLandwirtschaft\",\"https:\\\/\\\/www.instagram.com\\\/permakultur_landwirtschaft\\\/\",\"https:\\\/\\\/www.flickr.com\\\/photos\\\/permakultur-landwirtschaft\",\"https:\\\/\\\/www.youtube.com\\\/@PermakulturLandwirtschaft\"]},{\"@type\":\"Person\",\"@id\":\"https:\\\/\\\/permakultur-landwirtschaft.org\\\/#\\\/schema\\\/person\\\/6b0467872f75aed3e144093f9bf4f0b0\",\"name\":\"adrian reutimann\",\"url\":\"https:\\\/\\\/permakultur-landwirtschaft.org\\\/fr\\\/author\\\/reutiadr\\\/\"}]}<\/script>\n<!-- \/ Yoast SEO plugin. -->","yoast_head_json":{"title":"Research for agroecology - focus \"living and working in agroecological systems\" - online Anlass am 24. Oktober 2025 - Permakultur-Landwirtschaft","description":"In this online event we will present scientific agroecology projects (focus \u201cliving and working in agroecological systems\u201d)","robots":{"index":"index","follow":"follow","max-snippet":"max-snippet:-1","max-image-preview":"max-image-preview:large","max-video-preview":"max-video-preview:-1"},"canonical":"https:\/\/permakultur-landwirtschaft.org\/fr\/research-for-agroecology-focus-living-and-working-in-agroecological-systems-online-anlass-am-24-oktober-2025\/","og_locale":"fr_FR","og_type":"article","og_title":"Research for agroecology - focus \"living and working in agroecological systems\" - online Anlass am 24. Oktober 2025 - Permakultur-Landwirtschaft","og_description":"In this online event we will present scientific agroecology projects (focus \u201cliving and working in agroecological systems\u201d)","og_url":"https:\/\/permakultur-landwirtschaft.org\/fr\/research-for-agroecology-focus-living-and-working-in-agroecological-systems-online-anlass-am-24-oktober-2025\/","og_site_name":"Permakultur-Landwirtschaft","article_publisher":"https:\/\/www.facebook.com\/PermakulturLandwirtschaft","article_published_time":"2025-09-15T08:13:01+00:00","article_modified_time":"2025-09-15T08:13:02+00:00","og_image":[{"width":700,"height":393,"url":"https:\/\/permakultur-landwirtschaft.org\/wp-content\/uploads\/2025\/09\/20251024_agroecology_research-1300x.jpg","type":"image\/jpeg"}],"author":"adrian reutimann","twitter_card":"summary_large_image","twitter_misc":{"\u00c9crit par":"adrian reutimann","Dur\u00e9e de lecture estim\u00e9e":"1 minute"},"schema":{"@context":"https:\/\/schema.org","@graph":[{"@type":"Article","@id":"https:\/\/permakultur-landwirtschaft.org\/research-for-agroecology-focus-living-and-working-in-agroecological-systems-online-anlass-am-24-oktober-2025\/#article","isPartOf":{"@id":"https:\/\/permakultur-landwirtschaft.org\/research-for-agroecology-focus-living-and-working-in-agroecological-systems-online-anlass-am-24-oktober-2025\/"},"author":{"name":"adrian reutimann","@id":"https:\/\/permakultur-landwirtschaft.org\/#\/schema\/person\/6b0467872f75aed3e144093f9bf4f0b0"},"headline":"Research for agroecology &#8211; focus &#171;living and working in agroecological systems&#187; &#8211; online Anlass am 24. Oktober 2025","datePublished":"2025-09-15T08:13:01+00:00","dateModified":"2025-09-15T08:13:02+00:00","mainEntityOfPage":{"@id":"https:\/\/permakultur-landwirtschaft.org\/research-for-agroecology-focus-living-and-working-in-agroecological-systems-online-anlass-am-24-oktober-2025\/"},"wordCount":168,"publisher":{"@id":"https:\/\/permakultur-landwirtschaft.org\/#organization"},"image":{"@id":"https:\/\/permakultur-landwirtschaft.org\/research-for-agroecology-focus-living-and-working-in-agroecological-systems-online-anlass-am-24-oktober-2025\/#primaryimage"},"thumbnailUrl":"https:\/\/permakultur-landwirtschaft.org\/wp-content\/uploads\/2025\/09\/20251024_agroecology_research-1300x.jpg","keywords":["Agroecology","HAFL","living and working","Living Lab Permaculture","Permakultur","Research for agroecology","Tage der Agrar\u00f6kologie","ZHAW"],"articleSection":["Veranstaltung"],"inLanguage":"fr-FR"},{"@type":"WebPage","@id":"https:\/\/permakultur-landwirtschaft.org\/research-for-agroecology-focus-living-and-working-in-agroecological-systems-online-anlass-am-24-oktober-2025\/","url":"https:\/\/permakultur-landwirtschaft.org\/research-for-agroecology-focus-living-and-working-in-agroecological-systems-online-anlass-am-24-oktober-2025\/","name":"Research for agroecology - focus \"living and working in agroecological systems\" - online Anlass am 24. Oktober 2025 - Permakultur-Landwirtschaft","isPartOf":{"@id":"https:\/\/permakultur-landwirtschaft.org\/#website"},"primaryImageOfPage":{"@id":"https:\/\/permakultur-landwirtschaft.org\/research-for-agroecology-focus-living-and-working-in-agroecological-systems-online-anlass-am-24-oktober-2025\/#primaryimage"},"image":{"@id":"https:\/\/permakultur-landwirtschaft.org\/research-for-agroecology-focus-living-and-working-in-agroecological-systems-online-anlass-am-24-oktober-2025\/#primaryimage"},"thumbnailUrl":"https:\/\/permakultur-landwirtschaft.org\/wp-content\/uploads\/2025\/09\/20251024_agroecology_research-1300x.jpg","datePublished":"2025-09-15T08:13:01+00:00","dateModified":"2025-09-15T08:13:02+00:00","description":"In this online event we will present scientific agroecology projects (focus \u201cliving and working in agroecological systems\u201d)","breadcrumb":{"@id":"https:\/\/permakultur-landwirtschaft.org\/research-for-agroecology-focus-living-and-working-in-agroecological-systems-online-anlass-am-24-oktober-2025\/#breadcrumb"},"inLanguage":"fr-FR","potentialAction":[{"@type":"ReadAction","target":["https:\/\/permakultur-landwirtschaft.org\/research-for-agroecology-focus-living-and-working-in-agroecological-systems-online-anlass-am-24-oktober-2025\/"]}]},{"@type":"ImageObject","inLanguage":"fr-FR","@id":"https:\/\/permakultur-landwirtschaft.org\/research-for-agroecology-focus-living-and-working-in-agroecological-systems-online-anlass-am-24-oktober-2025\/#primaryimage","url":"https:\/\/permakultur-landwirtschaft.org\/wp-content\/uploads\/2025\/09\/20251024_agroecology_research-1300x.jpg","contentUrl":"https:\/\/permakultur-landwirtschaft.org\/wp-content\/uploads\/2025\/09\/20251024_agroecology_research-1300x.jpg","width":700,"height":393,"caption":"Bild: www.agroecologyworks.ch"},{"@type":"BreadcrumbList","@id":"https:\/\/permakultur-landwirtschaft.org\/research-for-agroecology-focus-living-and-working-in-agroecological-systems-online-anlass-am-24-oktober-2025\/#breadcrumb","itemListElement":[{"@type":"ListItem","position":1,"name":"Startseite","item":"https:\/\/permakultur-landwirtschaft.org\/"},{"@type":"ListItem","position":2,"name":"Research for agroecology &#8211; focus &#171;living and working in agroecological systems&#187; &#8211; online Anlass am 24. Oktober 2025"}]},{"@type":"WebSite","@id":"https:\/\/permakultur-landwirtschaft.org\/#website","url":"https:\/\/permakultur-landwirtschaft.org\/","name":"Permakultur-Landwirtschaft","description":"F\u00f6rderung der Permakultur in der Landwirtschaft","publisher":{"@id":"https:\/\/permakultur-landwirtschaft.org\/#organization"},"potentialAction":[{"@type":"SearchAction","target":{"@type":"EntryPoint","urlTemplate":"https:\/\/permakultur-landwirtschaft.org\/?s={search_term_string}"},"query-input":{"@type":"PropertyValueSpecification","valueRequired":true,"valueName":"search_term_string"}}],"inLanguage":"fr-FR"},{"@type":"Organization","@id":"https:\/\/permakultur-landwirtschaft.org\/#organization","name":"Permakultur-Landwirtschaft","alternateName":"Verein Permakultur-Landwirtschaft","url":"https:\/\/permakultur-landwirtschaft.org\/","logo":{"@type":"ImageObject","inLanguage":"fr-FR","@id":"https:\/\/permakultur-landwirtschaft.org\/#\/schema\/logo\/image\/","url":"https:\/\/permakultur-landwirtschaft.org\/wp-content\/uploads\/2021\/11\/pela_1268x1269.png","contentUrl":"https:\/\/permakultur-landwirtschaft.org\/wp-content\/uploads\/2021\/11\/pela_1268x1269.png","width":1298,"height":1269,"caption":"Permakultur-Landwirtschaft"},"image":{"@id":"https:\/\/permakultur-landwirtschaft.org\/#\/schema\/logo\/image\/"},"sameAs":["https:\/\/www.facebook.com\/PermakulturLandwirtschaft","https:\/\/www.instagram.com\/permakultur_landwirtschaft\/","https:\/\/www.flickr.com\/photos\/permakultur-landwirtschaft","https:\/\/www.youtube.com\/@PermakulturLandwirtschaft"]},{"@type":"Person","@id":"https:\/\/permakultur-landwirtschaft.org\/#\/schema\/person\/6b0467872f75aed3e144093f9bf4f0b0","name":"adrian reutimann","url":"https:\/\/permakultur-landwirtschaft.org\/fr\/author\/reutiadr\/"}]}},"_links":{"self":[{"href":"https:\/\/permakultur-landwirtschaft.org\/fr\/wp-json\/wp\/v2\/posts\/37114","targetHints":{"allow":["GET"]}}],"collection":[{"href":"https:\/\/permakultur-landwirtschaft.org\/fr\/wp-json\/wp\/v2\/posts"}],"about":[{"href":"https:\/\/permakultur-landwirtschaft.org\/fr\/wp-json\/wp\/v2\/types\/post"}],"author":[{"embeddable":true,"href":"https:\/\/permakultur-landwirtschaft.org\/fr\/wp-json\/wp\/v2\/users\/2"}],"replies":[{"embeddable":true,"href":"https:\/\/permakultur-landwirtschaft.org\/fr\/wp-json\/wp\/v2\/comments?post=37114"}],"version-history":[{"count":1,"href":"https:\/\/permakultur-landwirtschaft.org\/fr\/wp-json\/wp\/v2\/posts\/37114\/revisions"}],"predecessor-version":[{"id":37116,"href":"https:\/\/permakultur-landwirtschaft.org\/fr\/wp-json\/wp\/v2\/posts\/37114\/revisions\/37116"}],"wp:featuredmedia":[{"embeddable":true,"href":"https:\/\/permakultur-landwirtschaft.org\/fr\/wp-json\/wp\/v2\/media\/37115"}],"wp:attachment":[{"href":"https:\/\/permakultur-landwirtschaft.org\/fr\/wp-json\/wp\/v2\/media?parent=37114"}],"wp:term":[{"taxonomy":"category","embeddable":true,"href":"https:\/\/permakultur-landwirtschaft.org\/fr\/wp-json\/wp\/v2\/categories?post=37114"},{"taxonomy":"post_tag","embeddable":true,"href":"https:\/\/permakultur-landwirtschaft.org\/fr\/wp-json\/wp\/v2\/tags?post=37114"}],"curies":[{"name":"wp","href":"https:\/\/api.w.org\/{rel}","templated":true}]}}