{"id":37035,"date":"2025-09-11T10:04:06","date_gmt":"2025-09-11T08:04:06","guid":{"rendered":"https:\/\/permakultur-landwirtschaft.org\/?p=37035"},"modified":"2025-09-11T10:04:07","modified_gmt":"2025-09-11T08:04:07","slug":"symposium-aufbauende-landwirtschaft-vom-23-bis-25-januar-2026","status":"publish","type":"post","link":"https:\/\/permakultur-landwirtschaft.org\/fr\/symposium-aufbauende-landwirtschaft-vom-23-bis-25-januar-2026\/","title":{"rendered":"Symposium \u00bbAufbauende Landwirtschaft\u00ab vom 23. bis 25. Januar 2026"},"content":{"rendered":"<p>Text von aufbauende-landwirtschaft.de:<\/p>\n\n\n\n<p>Wie sagte ein Teilnehmender zum letzten Symposium: &#171;Nicht nachzulesen und nicht durch ein Webinar zu ersetzen, muss man erleben.&#187;<br><br>Genau so ist es! Unser Ziel ist es, Menschen und Themen zusammen zu bringen, um gemeinsam aus verschiedenen Perspektiven auf L\u00f6sungen und\u00a0Methoden einer aufbauenden, regenerativen Landwirtschaft zu blicken \u2013 und dabei sowohl gro\u00dfe als auch kleine und neue Entwicklungen zu erkunden. Und wir sind der Meinung: Das machen wir auf ganz besondere Art und Weise &#8211; eben einzigartig!\u00a0<br>\u00a0<\/p>\n\n\n\n<h3 class=\"wp-block-heading\">Themen &amp; Referent:innen<\/h3>\n\n\n\n<p>Vom Boden und vom Leben: Wir beleuchten Methoden der regenerativen Landwirtschaft, schauen in Ans\u00e4tze der konventionellen und biologischen Direktsaat, zur minimalen Bodenbearbeitung, nat\u00fcrlich zu Zwischenfr\u00fcchten und Untersaaten,&nbsp;Boden-Analyse, \u00f6kosystemarer Betrachtung der Landwirtschaft, Low Stress Stockmanship, Boden-Pflanze-Tier-Mensch-Mikrobiome, innovativen (Gew\u00e4chshaus)Gem\u00fcseanbau, pers\u00f6nlicher und betrieblicher (Weiter)Entwicklung&nbsp;\u00fcber die Zeit und vieles mehr.<br><br>Freue Dich auf spannende Beitr\u00e4ge von:<\/p>\n\n\n\n<ul class=\"wp-block-list\">\n<li>Michael Reber,\u00a0Von pfluglos \u00fcber regenerativ zu Bio<\/li>\n\n\n\n<li>Hermann Hoyer,\u00a0Der Weg zur Bio-Direktsaat (und zur\u00fcck)<\/li>\n\n\n\n<li>Josch Zauner,\u00a0Konservierende Landwirtschaft mit viel Mut<\/li>\n\n\n\n<li>Maria Finckh,\u00a0Landwirtschaft \u00f6kosystemar denken<\/li>\n\n\n\n<li>Lukas Kohl,\u00a0Bodenanalyse nach Haney<\/li>\n\n\n\n<li>Armin Meitzler,\u00a0In Kooperationen denken<\/li>\n\n\n\n<li>Rita Oldenbourg,\u00a0Low Stress Stockmanship<\/li>\n\n\n\n<li>Oliver Leipacher,\u00a0Regenerativer Gem\u00fcseanbau im Gew\u00e4chshaus<\/li>\n\n\n\n<li>Marcus Maeder,\u00a0Das Leben im Boden h\u00f6rbar machen<\/li>\n\n\n\n<li>Stefan Schwarzer,\u00a0Gesundheit beginnt im Boden<\/li>\n<\/ul>\n\n\n\n<h3 class=\"wp-block-heading\">Vortr\u00e4ge, Austausch, Beratung<\/h3>\n\n\n\n<p>Neben den Keynotes erwarten Dich kurze Impulsvortr\u00e4ge und \u2013 super angekommen beim letzten Symposium \u2013 zwei gemeinsame Beratungssessions. Es wird immer wieder Zeit f\u00fcr moderierte Austauschrunden mit Kollegen und Fachberatern\u00a0geben. Zudem bieten wir einen\u00a0OpenSpace-Abend, bei dem jeder seine Themen vorstellen und sich dar\u00fcber austauschen kann.<br><br>Wir beginnen am Freitag Nachmittag mit einer F\u00fchrung \u00fcber unseren eigenen Betrieb, mit Themen wie Marktgarten, Mulch-Gem\u00fcseanbau, Agroforstwirtschaft und Keyline-Design.<\/p>\n\n\n\n<h2 class=\"wp-block-heading\">Date<\/h2>\n\n\n\n<p>23. bis 25. Januar 2026<\/p>\n\n\n\n<h2 class=\"wp-block-heading\">Lieu<\/h2>\n\n\n\n<p>Schloss Tempelhof<br>Tempelhof 3<br>74594 Kre\u00dfberg (Baden-W\u00fcrttemberg)<br>Deutschland<\/p>\n\n\n\n<p><a href=\"https:\/\/symposium.aufbauende-landwirtschaft.de\/\" target=\"_blank\" rel=\"noreferrer noopener\">Link zu mehr Infos<\/a><\/p>\n\n\n\n<p><\/p>","protected":false},"excerpt":{"rendered":"<p>Text von aufbauende-landwirtschaft.de: Wie sagte ein Teilnehmender zum letzten Symposium: &#171;Nicht nachzulesen und nicht durch ein Webinar zu ersetzen, muss man erleben.&#187; Genau so ist es! Unser Ziel ist es, Menschen und Themen zusammen zu bringen, um gemeinsam aus verschiedenen Perspektiven auf L\u00f6sungen und\u00a0Methoden einer aufbauenden, regenerativen Landwirtschaft zu blicken \u2013 und dabei sowohl gro\u00dfe [&hellip;]<\/p>\n","protected":false},"author":2,"featured_media":37036,"comment_status":"closed","ping_status":"closed","sticky":false,"template":"","format":"standard","meta":{"_acf_changed":false,"site-sidebar-layout":"default","site-content-layout":"","ast-site-content-layout":"default","site-content-style":"default","site-sidebar-style":"default","ast-global-header-display":"","ast-banner-title-visibility":"","ast-main-header-display":"","ast-hfb-above-header-display":"","ast-hfb-below-header-display":"","ast-hfb-mobile-header-display":"","site-post-title":"","ast-breadcrumbs-content":"","ast-featured-img":"","footer-sml-layout":"","ast-disable-related-posts":"","theme-transparent-header-meta":"","adv-header-id-meta":"","stick-header-meta":"","header-above-stick-meta":"","header-main-stick-meta":"","header-below-stick-meta":"","astra-migrate-meta-layouts":"set","ast-page-background-enabled":"default","ast-page-background-meta":{"desktop":{"background-color":"var(--ast-global-color-4)","background-image":"","background-repeat":"repeat","background-position":"center center","background-size":"auto","background-attachment":"scroll","background-type":"","background-media":"","overlay-type":"","overlay-color":"","overlay-opacity":"","overlay-gradient":""},"tablet":{"background-color":"","background-image":"","background-repeat":"repeat","background-position":"center center","background-size":"auto","background-attachment":"scroll","background-type":"","background-media":"","overlay-type":"","overlay-color":"","overlay-opacity":"","overlay-gradient":""},"mobile":{"background-color":"","background-image":"","background-repeat":"repeat","background-position":"center center","background-size":"auto","background-attachment":"scroll","background-type":"","background-media":"","overlay-type":"","overlay-color":"","overlay-opacity":"","overlay-gradient":""}},"ast-content-background-meta":{"desktop":{"background-color":"var(--ast-global-color-5)","background-image":"","background-repeat":"repeat","background-position":"center center","background-size":"auto","background-attachment":"scroll","background-type":"","background-media":"","overlay-type":"","overlay-color":"","overlay-opacity":"","overlay-gradient":""},"tablet":{"background-color":"var(--ast-global-color-5)","background-image":"","background-repeat":"repeat","background-position":"center center","background-size":"auto","background-attachment":"scroll","background-type":"","background-media":"","overlay-type":"","overlay-color":"","overlay-opacity":"","overlay-gradient":""},"mobile":{"background-color":"var(--ast-global-color-5)","background-image":"","background-repeat":"repeat","background-position":"center center","background-size":"auto","background-attachment":"scroll","background-type":"","background-media":"","overlay-type":"","overlay-color":"","overlay-opacity":"","overlay-gradient":""}},"footnotes":""},"categories":[14],"tags":[90,867,485,866,92,865],"class_list":["post-37035","post","type-post","status-publish","format-standard","has-post-thumbnail","hentry","category-veranstaltung","tag-keyline","tag-openspace","tag-praktikerinnen","tag-schloss-tempelhof","tag-symposium","tag-symposium-aufbauende-landwirtschaft"],"acf":[],"yoast_head":"<!-- This site is optimized with the Yoast SEO plugin v27.4 - https:\/\/yoast.com\/product\/yoast-seo-wordpress\/ -->\n<title>Symposium \u00bbAufbauende Landwirtschaft\u00ab vom 23. bis 25. Januar 2026 - Permakultur-Landwirtschaft<\/title>\n<meta name=\"description\" content=\"Neben den Keynotes erwarten Dich kurze Impulsvortr\u00e4ge und \u2013 super angekommen beim letzten Symposium \u2013 zwei gemeinsame Beratungssessions.\" \/>\n<meta name=\"robots\" content=\"index, follow, max-snippet:-1, max-image-preview:large, max-video-preview:-1\" \/>\n<link rel=\"canonical\" href=\"https:\/\/permakultur-landwirtschaft.org\/fr\/symposium-aufbauende-landwirtschaft-vom-23-bis-25-januar-2026\/\" \/>\n<meta property=\"og:locale\" content=\"fr_FR\" \/>\n<meta property=\"og:type\" content=\"article\" \/>\n<meta property=\"og:title\" content=\"Symposium \u00bbAufbauende Landwirtschaft\u00ab vom 23. bis 25. Januar 2026 - Permakultur-Landwirtschaft\" \/>\n<meta property=\"og:description\" content=\"Neben den Keynotes erwarten Dich kurze Impulsvortr\u00e4ge und \u2013 super angekommen beim letzten Symposium \u2013 zwei gemeinsame Beratungssessions.\" \/>\n<meta property=\"og:url\" content=\"https:\/\/permakultur-landwirtschaft.org\/fr\/symposium-aufbauende-landwirtschaft-vom-23-bis-25-januar-2026\/\" \/>\n<meta property=\"og:site_name\" content=\"Permakultur-Landwirtschaft\" \/>\n<meta property=\"article:publisher\" content=\"https:\/\/www.facebook.com\/PermakulturLandwirtschaft\" \/>\n<meta property=\"article:published_time\" content=\"2025-09-11T08:04:06+00:00\" \/>\n<meta property=\"article:modified_time\" content=\"2025-09-11T08:04:07+00:00\" \/>\n<meta property=\"og:image\" content=\"https:\/\/permakultur-landwirtschaft.org\/wp-content\/uploads\/2025\/09\/symposium_aufbauendeLW_2025-09-11_09-55-31.jpg\" \/>\n\t<meta property=\"og:image:width\" content=\"700\" \/>\n\t<meta property=\"og:image:height\" content=\"237\" \/>\n\t<meta property=\"og:image:type\" content=\"image\/jpeg\" \/>\n<meta name=\"author\" content=\"adrian reutimann\" \/>\n<meta name=\"twitter:card\" content=\"summary_large_image\" \/>\n<meta name=\"twitter:label1\" content=\"\u00c9crit par\" \/>\n\t<meta name=\"twitter:data1\" content=\"adrian reutimann\" \/>\n\t<meta name=\"twitter:label2\" content=\"Dur\u00e9e de lecture estim\u00e9e\" \/>\n\t<meta name=\"twitter:data2\" content=\"2 minutes\" \/>\n<script type=\"application\/ld+json\" class=\"yoast-schema-graph\">{\"@context\":\"https:\\\/\\\/schema.org\",\"@graph\":[{\"@type\":\"Article\",\"@id\":\"https:\\\/\\\/permakultur-landwirtschaft.org\\\/symposium-aufbauende-landwirtschaft-vom-23-bis-25-januar-2026\\\/#article\",\"isPartOf\":{\"@id\":\"https:\\\/\\\/permakultur-landwirtschaft.org\\\/symposium-aufbauende-landwirtschaft-vom-23-bis-25-januar-2026\\\/\"},\"author\":{\"name\":\"adrian reutimann\",\"@id\":\"https:\\\/\\\/permakultur-landwirtschaft.org\\\/#\\\/schema\\\/person\\\/6b0467872f75aed3e144093f9bf4f0b0\"},\"headline\":\"Symposium \u00bbAufbauende Landwirtschaft\u00ab vom 23. bis 25. Januar 2026\",\"datePublished\":\"2025-09-11T08:04:06+00:00\",\"dateModified\":\"2025-09-11T08:04:07+00:00\",\"mainEntityOfPage\":{\"@id\":\"https:\\\/\\\/permakultur-landwirtschaft.org\\\/symposium-aufbauende-landwirtschaft-vom-23-bis-25-januar-2026\\\/\"},\"wordCount\":314,\"publisher\":{\"@id\":\"https:\\\/\\\/permakultur-landwirtschaft.org\\\/#organization\"},\"image\":{\"@id\":\"https:\\\/\\\/permakultur-landwirtschaft.org\\\/symposium-aufbauende-landwirtschaft-vom-23-bis-25-januar-2026\\\/#primaryimage\"},\"thumbnailUrl\":\"https:\\\/\\\/permakultur-landwirtschaft.org\\\/wp-content\\\/uploads\\\/2025\\\/09\\\/symposium_aufbauendeLW_2025-09-11_09-55-31.jpg\",\"keywords\":[\"Keyline\",\"OpenSpace\",\"Praktiker*innen\",\"Schloss Tempelhof\",\"Symposium\",\"Symposium Aufbauende-Landwirtschaft\"],\"articleSection\":[\"Veranstaltung\"],\"inLanguage\":\"fr-FR\"},{\"@type\":\"WebPage\",\"@id\":\"https:\\\/\\\/permakultur-landwirtschaft.org\\\/symposium-aufbauende-landwirtschaft-vom-23-bis-25-januar-2026\\\/\",\"url\":\"https:\\\/\\\/permakultur-landwirtschaft.org\\\/symposium-aufbauende-landwirtschaft-vom-23-bis-25-januar-2026\\\/\",\"name\":\"Symposium \u00bbAufbauende Landwirtschaft\u00ab vom 23. bis 25. Januar 2026 - Permakultur-Landwirtschaft\",\"isPartOf\":{\"@id\":\"https:\\\/\\\/permakultur-landwirtschaft.org\\\/#website\"},\"primaryImageOfPage\":{\"@id\":\"https:\\\/\\\/permakultur-landwirtschaft.org\\\/symposium-aufbauende-landwirtschaft-vom-23-bis-25-januar-2026\\\/#primaryimage\"},\"image\":{\"@id\":\"https:\\\/\\\/permakultur-landwirtschaft.org\\\/symposium-aufbauende-landwirtschaft-vom-23-bis-25-januar-2026\\\/#primaryimage\"},\"thumbnailUrl\":\"https:\\\/\\\/permakultur-landwirtschaft.org\\\/wp-content\\\/uploads\\\/2025\\\/09\\\/symposium_aufbauendeLW_2025-09-11_09-55-31.jpg\",\"datePublished\":\"2025-09-11T08:04:06+00:00\",\"dateModified\":\"2025-09-11T08:04:07+00:00\",\"description\":\"Neben den Keynotes erwarten Dich kurze Impulsvortr\u00e4ge und \u2013 super angekommen beim letzten Symposium \u2013 zwei gemeinsame Beratungssessions.\",\"breadcrumb\":{\"@id\":\"https:\\\/\\\/permakultur-landwirtschaft.org\\\/symposium-aufbauende-landwirtschaft-vom-23-bis-25-januar-2026\\\/#breadcrumb\"},\"inLanguage\":\"fr-FR\",\"potentialAction\":[{\"@type\":\"ReadAction\",\"target\":[\"https:\\\/\\\/permakultur-landwirtschaft.org\\\/symposium-aufbauende-landwirtschaft-vom-23-bis-25-januar-2026\\\/\"]}]},{\"@type\":\"ImageObject\",\"inLanguage\":\"fr-FR\",\"@id\":\"https:\\\/\\\/permakultur-landwirtschaft.org\\\/symposium-aufbauende-landwirtschaft-vom-23-bis-25-januar-2026\\\/#primaryimage\",\"url\":\"https:\\\/\\\/permakultur-landwirtschaft.org\\\/wp-content\\\/uploads\\\/2025\\\/09\\\/symposium_aufbauendeLW_2025-09-11_09-55-31.jpg\",\"contentUrl\":\"https:\\\/\\\/permakultur-landwirtschaft.org\\\/wp-content\\\/uploads\\\/2025\\\/09\\\/symposium_aufbauendeLW_2025-09-11_09-55-31.jpg\",\"width\":700,\"height\":237,\"caption\":\"Bild: symposium.aufbauende-landwirtschaft.de\"},{\"@type\":\"BreadcrumbList\",\"@id\":\"https:\\\/\\\/permakultur-landwirtschaft.org\\\/symposium-aufbauende-landwirtschaft-vom-23-bis-25-januar-2026\\\/#breadcrumb\",\"itemListElement\":[{\"@type\":\"ListItem\",\"position\":1,\"name\":\"Startseite\",\"item\":\"https:\\\/\\\/permakultur-landwirtschaft.org\\\/\"},{\"@type\":\"ListItem\",\"position\":2,\"name\":\"Symposium \u00bbAufbauende Landwirtschaft\u00ab vom 23. bis 25. Januar 2026\"}]},{\"@type\":\"WebSite\",\"@id\":\"https:\\\/\\\/permakultur-landwirtschaft.org\\\/#website\",\"url\":\"https:\\\/\\\/permakultur-landwirtschaft.org\\\/\",\"name\":\"Permakultur-Landwirtschaft\",\"description\":\"F\u00f6rderung der Permakultur in der Landwirtschaft\",\"publisher\":{\"@id\":\"https:\\\/\\\/permakultur-landwirtschaft.org\\\/#organization\"},\"potentialAction\":[{\"@type\":\"SearchAction\",\"target\":{\"@type\":\"EntryPoint\",\"urlTemplate\":\"https:\\\/\\\/permakultur-landwirtschaft.org\\\/?s={search_term_string}\"},\"query-input\":{\"@type\":\"PropertyValueSpecification\",\"valueRequired\":true,\"valueName\":\"search_term_string\"}}],\"inLanguage\":\"fr-FR\"},{\"@type\":\"Organization\",\"@id\":\"https:\\\/\\\/permakultur-landwirtschaft.org\\\/#organization\",\"name\":\"Permakultur-Landwirtschaft\",\"alternateName\":\"Verein Permakultur-Landwirtschaft\",\"url\":\"https:\\\/\\\/permakultur-landwirtschaft.org\\\/\",\"logo\":{\"@type\":\"ImageObject\",\"inLanguage\":\"fr-FR\",\"@id\":\"https:\\\/\\\/permakultur-landwirtschaft.org\\\/#\\\/schema\\\/logo\\\/image\\\/\",\"url\":\"https:\\\/\\\/permakultur-landwirtschaft.org\\\/wp-content\\\/uploads\\\/2021\\\/11\\\/pela_1268x1269.png\",\"contentUrl\":\"https:\\\/\\\/permakultur-landwirtschaft.org\\\/wp-content\\\/uploads\\\/2021\\\/11\\\/pela_1268x1269.png\",\"width\":1298,\"height\":1269,\"caption\":\"Permakultur-Landwirtschaft\"},\"image\":{\"@id\":\"https:\\\/\\\/permakultur-landwirtschaft.org\\\/#\\\/schema\\\/logo\\\/image\\\/\"},\"sameAs\":[\"https:\\\/\\\/www.facebook.com\\\/PermakulturLandwirtschaft\",\"https:\\\/\\\/www.instagram.com\\\/permakultur_landwirtschaft\\\/\",\"https:\\\/\\\/www.flickr.com\\\/photos\\\/permakultur-landwirtschaft\",\"https:\\\/\\\/www.youtube.com\\\/@PermakulturLandwirtschaft\"]},{\"@type\":\"Person\",\"@id\":\"https:\\\/\\\/permakultur-landwirtschaft.org\\\/#\\\/schema\\\/person\\\/6b0467872f75aed3e144093f9bf4f0b0\",\"name\":\"adrian reutimann\",\"url\":\"https:\\\/\\\/permakultur-landwirtschaft.org\\\/fr\\\/author\\\/reutiadr\\\/\"}]}<\/script>\n<!-- \/ Yoast SEO plugin. -->","yoast_head_json":{"title":"Symposium \u00bbAufbauende Landwirtschaft\u00ab vom 23. bis 25. Januar 2026 - Permakultur-Landwirtschaft","description":"Neben den Keynotes erwarten Dich kurze Impulsvortr\u00e4ge und \u2013 super angekommen beim letzten Symposium \u2013 zwei gemeinsame Beratungssessions.","robots":{"index":"index","follow":"follow","max-snippet":"max-snippet:-1","max-image-preview":"max-image-preview:large","max-video-preview":"max-video-preview:-1"},"canonical":"https:\/\/permakultur-landwirtschaft.org\/fr\/symposium-aufbauende-landwirtschaft-vom-23-bis-25-januar-2026\/","og_locale":"fr_FR","og_type":"article","og_title":"Symposium \u00bbAufbauende Landwirtschaft\u00ab vom 23. bis 25. Januar 2026 - Permakultur-Landwirtschaft","og_description":"Neben den Keynotes erwarten Dich kurze Impulsvortr\u00e4ge und \u2013 super angekommen beim letzten Symposium \u2013 zwei gemeinsame Beratungssessions.","og_url":"https:\/\/permakultur-landwirtschaft.org\/fr\/symposium-aufbauende-landwirtschaft-vom-23-bis-25-januar-2026\/","og_site_name":"Permakultur-Landwirtschaft","article_publisher":"https:\/\/www.facebook.com\/PermakulturLandwirtschaft","article_published_time":"2025-09-11T08:04:06+00:00","article_modified_time":"2025-09-11T08:04:07+00:00","og_image":[{"width":700,"height":237,"url":"https:\/\/permakultur-landwirtschaft.org\/wp-content\/uploads\/2025\/09\/symposium_aufbauendeLW_2025-09-11_09-55-31.jpg","type":"image\/jpeg"}],"author":"adrian reutimann","twitter_card":"summary_large_image","twitter_misc":{"\u00c9crit par":"adrian reutimann","Dur\u00e9e de lecture estim\u00e9e":"2 minutes"},"schema":{"@context":"https:\/\/schema.org","@graph":[{"@type":"Article","@id":"https:\/\/permakultur-landwirtschaft.org\/symposium-aufbauende-landwirtschaft-vom-23-bis-25-januar-2026\/#article","isPartOf":{"@id":"https:\/\/permakultur-landwirtschaft.org\/symposium-aufbauende-landwirtschaft-vom-23-bis-25-januar-2026\/"},"author":{"name":"adrian reutimann","@id":"https:\/\/permakultur-landwirtschaft.org\/#\/schema\/person\/6b0467872f75aed3e144093f9bf4f0b0"},"headline":"Symposium \u00bbAufbauende Landwirtschaft\u00ab vom 23. bis 25. Januar 2026","datePublished":"2025-09-11T08:04:06+00:00","dateModified":"2025-09-11T08:04:07+00:00","mainEntityOfPage":{"@id":"https:\/\/permakultur-landwirtschaft.org\/symposium-aufbauende-landwirtschaft-vom-23-bis-25-januar-2026\/"},"wordCount":314,"publisher":{"@id":"https:\/\/permakultur-landwirtschaft.org\/#organization"},"image":{"@id":"https:\/\/permakultur-landwirtschaft.org\/symposium-aufbauende-landwirtschaft-vom-23-bis-25-januar-2026\/#primaryimage"},"thumbnailUrl":"https:\/\/permakultur-landwirtschaft.org\/wp-content\/uploads\/2025\/09\/symposium_aufbauendeLW_2025-09-11_09-55-31.jpg","keywords":["Keyline","OpenSpace","Praktiker*innen","Schloss Tempelhof","Symposium","Symposium Aufbauende-Landwirtschaft"],"articleSection":["Veranstaltung"],"inLanguage":"fr-FR"},{"@type":"WebPage","@id":"https:\/\/permakultur-landwirtschaft.org\/symposium-aufbauende-landwirtschaft-vom-23-bis-25-januar-2026\/","url":"https:\/\/permakultur-landwirtschaft.org\/symposium-aufbauende-landwirtschaft-vom-23-bis-25-januar-2026\/","name":"Symposium \u00bbAufbauende Landwirtschaft\u00ab vom 23. bis 25. Januar 2026 - Permakultur-Landwirtschaft","isPartOf":{"@id":"https:\/\/permakultur-landwirtschaft.org\/#website"},"primaryImageOfPage":{"@id":"https:\/\/permakultur-landwirtschaft.org\/symposium-aufbauende-landwirtschaft-vom-23-bis-25-januar-2026\/#primaryimage"},"image":{"@id":"https:\/\/permakultur-landwirtschaft.org\/symposium-aufbauende-landwirtschaft-vom-23-bis-25-januar-2026\/#primaryimage"},"thumbnailUrl":"https:\/\/permakultur-landwirtschaft.org\/wp-content\/uploads\/2025\/09\/symposium_aufbauendeLW_2025-09-11_09-55-31.jpg","datePublished":"2025-09-11T08:04:06+00:00","dateModified":"2025-09-11T08:04:07+00:00","description":"Neben den Keynotes erwarten Dich kurze Impulsvortr\u00e4ge und \u2013 super angekommen beim letzten Symposium \u2013 zwei gemeinsame Beratungssessions.","breadcrumb":{"@id":"https:\/\/permakultur-landwirtschaft.org\/symposium-aufbauende-landwirtschaft-vom-23-bis-25-januar-2026\/#breadcrumb"},"inLanguage":"fr-FR","potentialAction":[{"@type":"ReadAction","target":["https:\/\/permakultur-landwirtschaft.org\/symposium-aufbauende-landwirtschaft-vom-23-bis-25-januar-2026\/"]}]},{"@type":"ImageObject","inLanguage":"fr-FR","@id":"https:\/\/permakultur-landwirtschaft.org\/symposium-aufbauende-landwirtschaft-vom-23-bis-25-januar-2026\/#primaryimage","url":"https:\/\/permakultur-landwirtschaft.org\/wp-content\/uploads\/2025\/09\/symposium_aufbauendeLW_2025-09-11_09-55-31.jpg","contentUrl":"https:\/\/permakultur-landwirtschaft.org\/wp-content\/uploads\/2025\/09\/symposium_aufbauendeLW_2025-09-11_09-55-31.jpg","width":700,"height":237,"caption":"Bild: symposium.aufbauende-landwirtschaft.de"},{"@type":"BreadcrumbList","@id":"https:\/\/permakultur-landwirtschaft.org\/symposium-aufbauende-landwirtschaft-vom-23-bis-25-januar-2026\/#breadcrumb","itemListElement":[{"@type":"ListItem","position":1,"name":"Startseite","item":"https:\/\/permakultur-landwirtschaft.org\/"},{"@type":"ListItem","position":2,"name":"Symposium \u00bbAufbauende Landwirtschaft\u00ab vom 23. bis 25. Januar 2026"}]},{"@type":"WebSite","@id":"https:\/\/permakultur-landwirtschaft.org\/#website","url":"https:\/\/permakultur-landwirtschaft.org\/","name":"Permakultur-Landwirtschaft","description":"F\u00f6rderung der Permakultur in der Landwirtschaft","publisher":{"@id":"https:\/\/permakultur-landwirtschaft.org\/#organization"},"potentialAction":[{"@type":"SearchAction","target":{"@type":"EntryPoint","urlTemplate":"https:\/\/permakultur-landwirtschaft.org\/?s={search_term_string}"},"query-input":{"@type":"PropertyValueSpecification","valueRequired":true,"valueName":"search_term_string"}}],"inLanguage":"fr-FR"},{"@type":"Organization","@id":"https:\/\/permakultur-landwirtschaft.org\/#organization","name":"Permakultur-Landwirtschaft","alternateName":"Verein Permakultur-Landwirtschaft","url":"https:\/\/permakultur-landwirtschaft.org\/","logo":{"@type":"ImageObject","inLanguage":"fr-FR","@id":"https:\/\/permakultur-landwirtschaft.org\/#\/schema\/logo\/image\/","url":"https:\/\/permakultur-landwirtschaft.org\/wp-content\/uploads\/2021\/11\/pela_1268x1269.png","contentUrl":"https:\/\/permakultur-landwirtschaft.org\/wp-content\/uploads\/2021\/11\/pela_1268x1269.png","width":1298,"height":1269,"caption":"Permakultur-Landwirtschaft"},"image":{"@id":"https:\/\/permakultur-landwirtschaft.org\/#\/schema\/logo\/image\/"},"sameAs":["https:\/\/www.facebook.com\/PermakulturLandwirtschaft","https:\/\/www.instagram.com\/permakultur_landwirtschaft\/","https:\/\/www.flickr.com\/photos\/permakultur-landwirtschaft","https:\/\/www.youtube.com\/@PermakulturLandwirtschaft"]},{"@type":"Person","@id":"https:\/\/permakultur-landwirtschaft.org\/#\/schema\/person\/6b0467872f75aed3e144093f9bf4f0b0","name":"adrian reutimann","url":"https:\/\/permakultur-landwirtschaft.org\/fr\/author\/reutiadr\/"}]}},"_links":{"self":[{"href":"https:\/\/permakultur-landwirtschaft.org\/fr\/wp-json\/wp\/v2\/posts\/37035","targetHints":{"allow":["GET"]}}],"collection":[{"href":"https:\/\/permakultur-landwirtschaft.org\/fr\/wp-json\/wp\/v2\/posts"}],"about":[{"href":"https:\/\/permakultur-landwirtschaft.org\/fr\/wp-json\/wp\/v2\/types\/post"}],"author":[{"embeddable":true,"href":"https:\/\/permakultur-landwirtschaft.org\/fr\/wp-json\/wp\/v2\/users\/2"}],"replies":[{"embeddable":true,"href":"https:\/\/permakultur-landwirtschaft.org\/fr\/wp-json\/wp\/v2\/comments?post=37035"}],"version-history":[{"count":1,"href":"https:\/\/permakultur-landwirtschaft.org\/fr\/wp-json\/wp\/v2\/posts\/37035\/revisions"}],"predecessor-version":[{"id":37037,"href":"https:\/\/permakultur-landwirtschaft.org\/fr\/wp-json\/wp\/v2\/posts\/37035\/revisions\/37037"}],"wp:featuredmedia":[{"embeddable":true,"href":"https:\/\/permakultur-landwirtschaft.org\/fr\/wp-json\/wp\/v2\/media\/37036"}],"wp:attachment":[{"href":"https:\/\/permakultur-landwirtschaft.org\/fr\/wp-json\/wp\/v2\/media?parent=37035"}],"wp:term":[{"taxonomy":"category","embeddable":true,"href":"https:\/\/permakultur-landwirtschaft.org\/fr\/wp-json\/wp\/v2\/categories?post=37035"},{"taxonomy":"post_tag","embeddable":true,"href":"https:\/\/permakultur-landwirtschaft.org\/fr\/wp-json\/wp\/v2\/tags?post=37035"}],"curies":[{"name":"wp","href":"https:\/\/api.w.org\/{rel}","templated":true}]}}