{"id":36975,"date":"2025-08-28T14:21:04","date_gmt":"2025-08-28T12:21:04","guid":{"rendered":"https:\/\/permakultur-landwirtschaft.org\/?p=36975"},"modified":"2025-08-28T14:21:05","modified_gmt":"2025-08-28T12:21:05","slug":"8th-european-agroforestry-conference-euraf-in-neuchatel-switzerland-am-22-bis-26-juni-2026","status":"publish","type":"post","link":"https:\/\/permakultur-landwirtschaft.org\/fr\/8th-european-agroforestry-conference-euraf-in-neuchatel-switzerland-am-22-bis-26-juni-2026\/","title":{"rendered":"8e conf\u00e9rence europ\u00e9enne d\u2019agroforesterie\n(EURAF) \u00e0 Neuch\u00e2tel, en Suisse, du 22 au 26 juin 2026"},"content":{"rendered":"<p>Text von euraf2026.ch:<\/p>\n\n\n\n<p>Traditional agroforestry still is an important element of current farming systems in Switzerland and in all European countries.<\/p>\n\n\n\n<p>Modern agroforestry maintains productive agricultural systems under climate change, sequesters carbon, protects soils and maintains biodiversity.<\/p>\n\n\n\n<p>The <a href=\"https:\/\/euraf.net\" target=\"_blank\" rel=\"noreferrer noopener\">EURAF<\/a> Congresses: Every other year, 400+ scientists, policy makers and farmers discuss the latest advancements on agroforestry. The goals of the Congress are to:<\/p>\n\n\n\n<ul class=\"wp-block-list\">\n<li>Connect scientists, farmers and policy makers<\/li>\n\n\n\n<li>Advance the know-how on agroforestry by learning across borders<\/li>\n\n\n\n<li>Facilitate the planting of trees on farmland by translating scientific to practical know-how<\/li>\n<\/ul>\n\n\n\n<p>The 2026 Congress will be organized at the University of Neuch\u00e2tel, which offers all facilities needed for an international event. The venue will also facilitate the informal exchange among participants, which is a key element to the success of such a conference.<\/p>\n\n\n\n<p><strong>Focus<\/strong><\/p>\n\n\n\n<p>In addition to the broad spectrum on agroforestry research and implementation, we want to particularly focus on:<\/p>\n\n\n\n<ul class=\"wp-block-list\">\n<li>Agroforestry for food security in a changing world<br>(Keywords: Productivity , climate adaptation, crop protection, food systems, global change)<\/li>\n\n\n\n<li>Farmer friendly agroforestry<br>(Keywords: Extension, subsidies &amp; policy, certification, technology, digitalization, quality of life, land ownership, intergenerational equity)<\/li>\n\n\n\n<li>Reconciling agriculture and nature<br>(Keywords: Biodiversity, climate mitigation, soil, water, landscape, ecosystem services)<\/li>\n\n\n\n<li>Agroforestry systems design<br>(Keywords: Lowland agroforestry, mountain agroforestry, agroforestry and viticulture, fodder hedges, business models)<\/li>\n<\/ul>\n\n\n\n<p><strong>Conference activities<\/strong><\/p>\n\n\n\n<ul class=\"wp-block-list\">\n<li>Keynotes (from researchers and farmers)<\/li>\n\n\n\n<li>Scientific sessions<\/li>\n\n\n\n<li>Workshops and round table discussions<\/li>\n\n\n\n<li>Excursions<\/li>\n<\/ul>\n\n\n\n<p>There will also be ample time for informal exchange during multiple social events: an icebreaker event on the first Conference day, coffee breaks, poster sessions, the Conference dinner, a swim in the lake after an exhausting Conference day, or simply around a nice meal in one of the restaurants of the lovely <a href=\"https:\/\/www.neuchatelville.ch\/\" target=\"_blank\" rel=\"noreferrer noopener\">Ville de Neuch\u00e2tel<\/a>.<\/p>\n\n\n\n<p><a href=\"https:\/\/euraf2026.ch\" target=\"_blank\" rel=\"noreferrer noopener\">Link zu mehr Infos<\/a><\/p>\n\n\n\n<p><a href=\"https:\/\/euraf.net\/\" target=\"_blank\" rel=\"noreferrer noopener\">Link zur EURAF<\/a><\/p>","protected":false},"excerpt":{"rendered":"<p>Text von euraf2026.ch: Traditional agroforestry still is an important element of current farming systems in Switzerland and in all European countries. Modern agroforestry maintains productive agricultural systems under climate change, sequesters carbon, protects soils and maintains biodiversity. The EURAF Congresses: Every other year, 400+ scientists, policy makers and farmers discuss the latest advancements on agroforestry. [&hellip;]<\/p>\n","protected":false},"author":2,"featured_media":36976,"comment_status":"closed","ping_status":"closed","sticky":false,"template":"","format":"standard","meta":{"_acf_changed":false,"site-sidebar-layout":"default","site-content-layout":"","ast-site-content-layout":"default","site-content-style":"default","site-sidebar-style":"default","ast-global-header-display":"","ast-banner-title-visibility":"","ast-main-header-display":"","ast-hfb-above-header-display":"","ast-hfb-below-header-display":"","ast-hfb-mobile-header-display":"","site-post-title":"","ast-breadcrumbs-content":"","ast-featured-img":"","footer-sml-layout":"","ast-disable-related-posts":"","theme-transparent-header-meta":"","adv-header-id-meta":"","stick-header-meta":"","header-above-stick-meta":"","header-main-stick-meta":"","header-below-stick-meta":"","astra-migrate-meta-layouts":"set","ast-page-background-enabled":"default","ast-page-background-meta":{"desktop":{"background-color":"var(--ast-global-color-4)","background-image":"","background-repeat":"repeat","background-position":"center center","background-size":"auto","background-attachment":"scroll","background-type":"","background-media":"","overlay-type":"","overlay-color":"","overlay-opacity":"","overlay-gradient":""},"tablet":{"background-color":"","background-image":"","background-repeat":"repeat","background-position":"center center","background-size":"auto","background-attachment":"scroll","background-type":"","background-media":"","overlay-type":"","overlay-color":"","overlay-opacity":"","overlay-gradient":""},"mobile":{"background-color":"","background-image":"","background-repeat":"repeat","background-position":"center center","background-size":"auto","background-attachment":"scroll","background-type":"","background-media":"","overlay-type":"","overlay-color":"","overlay-opacity":"","overlay-gradient":""}},"ast-content-background-meta":{"desktop":{"background-color":"var(--ast-global-color-5)","background-image":"","background-repeat":"repeat","background-position":"center center","background-size":"auto","background-attachment":"scroll","background-type":"","background-media":"","overlay-type":"","overlay-color":"","overlay-opacity":"","overlay-gradient":""},"tablet":{"background-color":"var(--ast-global-color-5)","background-image":"","background-repeat":"repeat","background-position":"center center","background-size":"auto","background-attachment":"scroll","background-type":"","background-media":"","overlay-type":"","overlay-color":"","overlay-opacity":"","overlay-gradient":""},"mobile":{"background-color":"var(--ast-global-color-5)","background-image":"","background-repeat":"repeat","background-position":"center center","background-size":"auto","background-attachment":"scroll","background-type":"","background-media":"","overlay-type":"","overlay-color":"","overlay-opacity":"","overlay-gradient":""}},"footnotes":""},"categories":[14],"tags":[855,31,858,860],"class_list":["post-36975","post","type-post","status-publish","format-standard","has-post-thumbnail","hentry","category-veranstaltung","tag-855","tag-agroforst","tag-european-agroforestry-conference","tag-european-agroforestry-federation"],"acf":[],"yoast_head":"<!-- This site is optimized with the Yoast SEO plugin v27.5 - https:\/\/yoast.com\/product\/yoast-seo-wordpress\/ -->\n<title>8th European Agroforestry Conference EURAF in Neuch\u00e2tel, Switzerland am 22. bis 26. Juni 2026 - Permakultur-Landwirtschaft<\/title>\n<meta name=\"description\" content=\"Agroforestry maintains productive agricultural systems under climate change, sequesters carbon, protects soils and maintains biodiversity.\" \/>\n<meta name=\"robots\" content=\"index, follow, max-snippet:-1, max-image-preview:large, max-video-preview:-1\" \/>\n<link rel=\"canonical\" href=\"https:\/\/permakultur-landwirtschaft.org\/fr\/8th-european-agroforestry-conference-euraf-in-neuchatel-switzerland-am-22-bis-26-juni-2026\/\" \/>\n<meta property=\"og:locale\" content=\"fr_FR\" \/>\n<meta property=\"og:type\" content=\"article\" \/>\n<meta property=\"og:title\" content=\"8th European Agroforestry Conference EURAF in Neuch\u00e2tel, Switzerland am 22. bis 26. Juni 2026 - Permakultur-Landwirtschaft\" \/>\n<meta property=\"og:description\" content=\"Agroforestry maintains productive agricultural systems under climate change, sequesters carbon, protects soils and maintains biodiversity.\" \/>\n<meta property=\"og:url\" content=\"https:\/\/permakultur-landwirtschaft.org\/fr\/8th-european-agroforestry-conference-euraf-in-neuchatel-switzerland-am-22-bis-26-juni-2026\/\" \/>\n<meta property=\"og:site_name\" content=\"Permakultur-Landwirtschaft\" \/>\n<meta property=\"article:publisher\" content=\"https:\/\/www.facebook.com\/PermakulturLandwirtschaft\" \/>\n<meta property=\"article:published_time\" content=\"2025-08-28T12:21:04+00:00\" \/>\n<meta property=\"article:modified_time\" content=\"2025-08-28T12:21:05+00:00\" \/>\n<meta property=\"og:image\" content=\"https:\/\/permakultur-landwirtschaft.org\/wp-content\/uploads\/2025\/08\/euraf2026_2025-08-28_13-56-22.jpg\" \/>\n\t<meta property=\"og:image:width\" content=\"700\" \/>\n\t<meta property=\"og:image:height\" content=\"260\" \/>\n\t<meta property=\"og:image:type\" content=\"image\/jpeg\" \/>\n<meta name=\"author\" content=\"adrian reutimann\" \/>\n<meta name=\"twitter:card\" content=\"summary_large_image\" \/>\n<meta name=\"twitter:label1\" content=\"\u00c9crit par\" \/>\n\t<meta name=\"twitter:data1\" content=\"adrian reutimann\" \/>\n\t<meta name=\"twitter:label2\" content=\"Dur\u00e9e de lecture estim\u00e9e\" \/>\n\t<meta name=\"twitter:data2\" content=\"2 minutes\" \/>\n<script type=\"application\/ld+json\" class=\"yoast-schema-graph\">{\"@context\":\"https:\\\/\\\/schema.org\",\"@graph\":[{\"@type\":\"Article\",\"@id\":\"https:\\\/\\\/permakultur-landwirtschaft.org\\\/8th-european-agroforestry-conference-euraf-in-neuchatel-switzerland-am-22-bis-26-juni-2026\\\/#article\",\"isPartOf\":{\"@id\":\"https:\\\/\\\/permakultur-landwirtschaft.org\\\/8th-european-agroforestry-conference-euraf-in-neuchatel-switzerland-am-22-bis-26-juni-2026\\\/\"},\"author\":{\"name\":\"adrian reutimann\",\"@id\":\"https:\\\/\\\/permakultur-landwirtschaft.org\\\/#\\\/schema\\\/person\\\/6b0467872f75aed3e144093f9bf4f0b0\"},\"headline\":\"8th European Agroforestry Conference EURAF in Neuch\u00e2tel, Switzerland am 22. bis 26. Juni 2026\",\"datePublished\":\"2025-08-28T12:21:04+00:00\",\"dateModified\":\"2025-08-28T12:21:05+00:00\",\"mainEntityOfPage\":{\"@id\":\"https:\\\/\\\/permakultur-landwirtschaft.org\\\/8th-european-agroforestry-conference-euraf-in-neuchatel-switzerland-am-22-bis-26-juni-2026\\\/\"},\"wordCount\":304,\"publisher\":{\"@id\":\"https:\\\/\\\/permakultur-landwirtschaft.org\\\/#organization\"},\"image\":{\"@id\":\"https:\\\/\\\/permakultur-landwirtschaft.org\\\/8th-european-agroforestry-conference-euraf-in-neuchatel-switzerland-am-22-bis-26-juni-2026\\\/#primaryimage\"},\"thumbnailUrl\":\"https:\\\/\\\/permakultur-landwirtschaft.org\\\/wp-content\\\/uploads\\\/2025\\\/08\\\/euraf2026_2025-08-28_13-56-22.jpg\",\"keywords\":[\"2026\",\"Agroforst\",\"European Agroforestry Conference\",\"European Agroforestry Federation\"],\"articleSection\":[\"Veranstaltung\"],\"inLanguage\":\"fr-FR\"},{\"@type\":\"WebPage\",\"@id\":\"https:\\\/\\\/permakultur-landwirtschaft.org\\\/8th-european-agroforestry-conference-euraf-in-neuchatel-switzerland-am-22-bis-26-juni-2026\\\/\",\"url\":\"https:\\\/\\\/permakultur-landwirtschaft.org\\\/8th-european-agroforestry-conference-euraf-in-neuchatel-switzerland-am-22-bis-26-juni-2026\\\/\",\"name\":\"8th European Agroforestry Conference EURAF in Neuch\u00e2tel, Switzerland am 22. bis 26. Juni 2026 - Permakultur-Landwirtschaft\",\"isPartOf\":{\"@id\":\"https:\\\/\\\/permakultur-landwirtschaft.org\\\/#website\"},\"primaryImageOfPage\":{\"@id\":\"https:\\\/\\\/permakultur-landwirtschaft.org\\\/8th-european-agroforestry-conference-euraf-in-neuchatel-switzerland-am-22-bis-26-juni-2026\\\/#primaryimage\"},\"image\":{\"@id\":\"https:\\\/\\\/permakultur-landwirtschaft.org\\\/8th-european-agroforestry-conference-euraf-in-neuchatel-switzerland-am-22-bis-26-juni-2026\\\/#primaryimage\"},\"thumbnailUrl\":\"https:\\\/\\\/permakultur-landwirtschaft.org\\\/wp-content\\\/uploads\\\/2025\\\/08\\\/euraf2026_2025-08-28_13-56-22.jpg\",\"datePublished\":\"2025-08-28T12:21:04+00:00\",\"dateModified\":\"2025-08-28T12:21:05+00:00\",\"description\":\"Agroforestry maintains productive agricultural systems under climate change, sequesters carbon, protects soils and maintains biodiversity.\",\"breadcrumb\":{\"@id\":\"https:\\\/\\\/permakultur-landwirtschaft.org\\\/8th-european-agroforestry-conference-euraf-in-neuchatel-switzerland-am-22-bis-26-juni-2026\\\/#breadcrumb\"},\"inLanguage\":\"fr-FR\",\"potentialAction\":[{\"@type\":\"ReadAction\",\"target\":[\"https:\\\/\\\/permakultur-landwirtschaft.org\\\/8th-european-agroforestry-conference-euraf-in-neuchatel-switzerland-am-22-bis-26-juni-2026\\\/\"]}]},{\"@type\":\"ImageObject\",\"inLanguage\":\"fr-FR\",\"@id\":\"https:\\\/\\\/permakultur-landwirtschaft.org\\\/8th-european-agroforestry-conference-euraf-in-neuchatel-switzerland-am-22-bis-26-juni-2026\\\/#primaryimage\",\"url\":\"https:\\\/\\\/permakultur-landwirtschaft.org\\\/wp-content\\\/uploads\\\/2025\\\/08\\\/euraf2026_2025-08-28_13-56-22.jpg\",\"contentUrl\":\"https:\\\/\\\/permakultur-landwirtschaft.org\\\/wp-content\\\/uploads\\\/2025\\\/08\\\/euraf2026_2025-08-28_13-56-22.jpg\",\"width\":700,\"height\":260,\"caption\":\"Bild: euraf2026.ch\"},{\"@type\":\"BreadcrumbList\",\"@id\":\"https:\\\/\\\/permakultur-landwirtschaft.org\\\/8th-european-agroforestry-conference-euraf-in-neuchatel-switzerland-am-22-bis-26-juni-2026\\\/#breadcrumb\",\"itemListElement\":[{\"@type\":\"ListItem\",\"position\":1,\"name\":\"Startseite\",\"item\":\"https:\\\/\\\/permakultur-landwirtschaft.org\\\/\"},{\"@type\":\"ListItem\",\"position\":2,\"name\":\"8th European Agroforestry Conference EURAF in Neuch\u00e2tel, Switzerland am 22. bis 26. Juni 2026\"}]},{\"@type\":\"WebSite\",\"@id\":\"https:\\\/\\\/permakultur-landwirtschaft.org\\\/#website\",\"url\":\"https:\\\/\\\/permakultur-landwirtschaft.org\\\/\",\"name\":\"Permakultur-Landwirtschaft\",\"description\":\"F\u00f6rderung der Permakultur in der Landwirtschaft\",\"publisher\":{\"@id\":\"https:\\\/\\\/permakultur-landwirtschaft.org\\\/#organization\"},\"potentialAction\":[{\"@type\":\"SearchAction\",\"target\":{\"@type\":\"EntryPoint\",\"urlTemplate\":\"https:\\\/\\\/permakultur-landwirtschaft.org\\\/?s={search_term_string}\"},\"query-input\":{\"@type\":\"PropertyValueSpecification\",\"valueRequired\":true,\"valueName\":\"search_term_string\"}}],\"inLanguage\":\"fr-FR\"},{\"@type\":\"Organization\",\"@id\":\"https:\\\/\\\/permakultur-landwirtschaft.org\\\/#organization\",\"name\":\"Permakultur-Landwirtschaft\",\"alternateName\":\"Verein Permakultur-Landwirtschaft\",\"url\":\"https:\\\/\\\/permakultur-landwirtschaft.org\\\/\",\"logo\":{\"@type\":\"ImageObject\",\"inLanguage\":\"fr-FR\",\"@id\":\"https:\\\/\\\/permakultur-landwirtschaft.org\\\/#\\\/schema\\\/logo\\\/image\\\/\",\"url\":\"https:\\\/\\\/permakultur-landwirtschaft.org\\\/wp-content\\\/uploads\\\/2021\\\/11\\\/pela_1268x1269.png\",\"contentUrl\":\"https:\\\/\\\/permakultur-landwirtschaft.org\\\/wp-content\\\/uploads\\\/2021\\\/11\\\/pela_1268x1269.png\",\"width\":1298,\"height\":1269,\"caption\":\"Permakultur-Landwirtschaft\"},\"image\":{\"@id\":\"https:\\\/\\\/permakultur-landwirtschaft.org\\\/#\\\/schema\\\/logo\\\/image\\\/\"},\"sameAs\":[\"https:\\\/\\\/www.facebook.com\\\/PermakulturLandwirtschaft\",\"https:\\\/\\\/www.instagram.com\\\/permakultur_landwirtschaft\\\/\",\"https:\\\/\\\/www.flickr.com\\\/photos\\\/permakultur-landwirtschaft\",\"https:\\\/\\\/www.youtube.com\\\/@PermakulturLandwirtschaft\"]},{\"@type\":\"Person\",\"@id\":\"https:\\\/\\\/permakultur-landwirtschaft.org\\\/#\\\/schema\\\/person\\\/6b0467872f75aed3e144093f9bf4f0b0\",\"name\":\"adrian reutimann\",\"url\":\"https:\\\/\\\/permakultur-landwirtschaft.org\\\/fr\\\/author\\\/reutiadr\\\/\"}]}<\/script>\n<!-- \/ Yoast SEO plugin. -->","yoast_head_json":{"title":"8th European Agroforestry Conference EURAF in Neuch\u00e2tel, Switzerland am 22. bis 26. Juni 2026 - Permakultur-Landwirtschaft","description":"Agroforestry maintains productive agricultural systems under climate change, sequesters carbon, protects soils and maintains biodiversity.","robots":{"index":"index","follow":"follow","max-snippet":"max-snippet:-1","max-image-preview":"max-image-preview:large","max-video-preview":"max-video-preview:-1"},"canonical":"https:\/\/permakultur-landwirtschaft.org\/fr\/8th-european-agroforestry-conference-euraf-in-neuchatel-switzerland-am-22-bis-26-juni-2026\/","og_locale":"fr_FR","og_type":"article","og_title":"8th European Agroforestry Conference EURAF in Neuch\u00e2tel, Switzerland am 22. bis 26. Juni 2026 - Permakultur-Landwirtschaft","og_description":"Agroforestry maintains productive agricultural systems under climate change, sequesters carbon, protects soils and maintains biodiversity.","og_url":"https:\/\/permakultur-landwirtschaft.org\/fr\/8th-european-agroforestry-conference-euraf-in-neuchatel-switzerland-am-22-bis-26-juni-2026\/","og_site_name":"Permakultur-Landwirtschaft","article_publisher":"https:\/\/www.facebook.com\/PermakulturLandwirtschaft","article_published_time":"2025-08-28T12:21:04+00:00","article_modified_time":"2025-08-28T12:21:05+00:00","og_image":[{"width":700,"height":260,"url":"https:\/\/permakultur-landwirtschaft.org\/wp-content\/uploads\/2025\/08\/euraf2026_2025-08-28_13-56-22.jpg","type":"image\/jpeg"}],"author":"adrian reutimann","twitter_card":"summary_large_image","twitter_misc":{"\u00c9crit par":"adrian reutimann","Dur\u00e9e de lecture estim\u00e9e":"2 minutes"},"schema":{"@context":"https:\/\/schema.org","@graph":[{"@type":"Article","@id":"https:\/\/permakultur-landwirtschaft.org\/8th-european-agroforestry-conference-euraf-in-neuchatel-switzerland-am-22-bis-26-juni-2026\/#article","isPartOf":{"@id":"https:\/\/permakultur-landwirtschaft.org\/8th-european-agroforestry-conference-euraf-in-neuchatel-switzerland-am-22-bis-26-juni-2026\/"},"author":{"name":"adrian reutimann","@id":"https:\/\/permakultur-landwirtschaft.org\/#\/schema\/person\/6b0467872f75aed3e144093f9bf4f0b0"},"headline":"8th European Agroforestry Conference EURAF in Neuch\u00e2tel, Switzerland am 22. bis 26. Juni 2026","datePublished":"2025-08-28T12:21:04+00:00","dateModified":"2025-08-28T12:21:05+00:00","mainEntityOfPage":{"@id":"https:\/\/permakultur-landwirtschaft.org\/8th-european-agroforestry-conference-euraf-in-neuchatel-switzerland-am-22-bis-26-juni-2026\/"},"wordCount":304,"publisher":{"@id":"https:\/\/permakultur-landwirtschaft.org\/#organization"},"image":{"@id":"https:\/\/permakultur-landwirtschaft.org\/8th-european-agroforestry-conference-euraf-in-neuchatel-switzerland-am-22-bis-26-juni-2026\/#primaryimage"},"thumbnailUrl":"https:\/\/permakultur-landwirtschaft.org\/wp-content\/uploads\/2025\/08\/euraf2026_2025-08-28_13-56-22.jpg","keywords":["2026","Agroforst","European Agroforestry Conference","European Agroforestry Federation"],"articleSection":["Veranstaltung"],"inLanguage":"fr-FR"},{"@type":"WebPage","@id":"https:\/\/permakultur-landwirtschaft.org\/8th-european-agroforestry-conference-euraf-in-neuchatel-switzerland-am-22-bis-26-juni-2026\/","url":"https:\/\/permakultur-landwirtschaft.org\/8th-european-agroforestry-conference-euraf-in-neuchatel-switzerland-am-22-bis-26-juni-2026\/","name":"8th European Agroforestry Conference EURAF in Neuch\u00e2tel, Switzerland am 22. bis 26. Juni 2026 - Permakultur-Landwirtschaft","isPartOf":{"@id":"https:\/\/permakultur-landwirtschaft.org\/#website"},"primaryImageOfPage":{"@id":"https:\/\/permakultur-landwirtschaft.org\/8th-european-agroforestry-conference-euraf-in-neuchatel-switzerland-am-22-bis-26-juni-2026\/#primaryimage"},"image":{"@id":"https:\/\/permakultur-landwirtschaft.org\/8th-european-agroforestry-conference-euraf-in-neuchatel-switzerland-am-22-bis-26-juni-2026\/#primaryimage"},"thumbnailUrl":"https:\/\/permakultur-landwirtschaft.org\/wp-content\/uploads\/2025\/08\/euraf2026_2025-08-28_13-56-22.jpg","datePublished":"2025-08-28T12:21:04+00:00","dateModified":"2025-08-28T12:21:05+00:00","description":"Agroforestry maintains productive agricultural systems under climate change, sequesters carbon, protects soils and maintains biodiversity.","breadcrumb":{"@id":"https:\/\/permakultur-landwirtschaft.org\/8th-european-agroforestry-conference-euraf-in-neuchatel-switzerland-am-22-bis-26-juni-2026\/#breadcrumb"},"inLanguage":"fr-FR","potentialAction":[{"@type":"ReadAction","target":["https:\/\/permakultur-landwirtschaft.org\/8th-european-agroforestry-conference-euraf-in-neuchatel-switzerland-am-22-bis-26-juni-2026\/"]}]},{"@type":"ImageObject","inLanguage":"fr-FR","@id":"https:\/\/permakultur-landwirtschaft.org\/8th-european-agroforestry-conference-euraf-in-neuchatel-switzerland-am-22-bis-26-juni-2026\/#primaryimage","url":"https:\/\/permakultur-landwirtschaft.org\/wp-content\/uploads\/2025\/08\/euraf2026_2025-08-28_13-56-22.jpg","contentUrl":"https:\/\/permakultur-landwirtschaft.org\/wp-content\/uploads\/2025\/08\/euraf2026_2025-08-28_13-56-22.jpg","width":700,"height":260,"caption":"Bild: euraf2026.ch"},{"@type":"BreadcrumbList","@id":"https:\/\/permakultur-landwirtschaft.org\/8th-european-agroforestry-conference-euraf-in-neuchatel-switzerland-am-22-bis-26-juni-2026\/#breadcrumb","itemListElement":[{"@type":"ListItem","position":1,"name":"Startseite","item":"https:\/\/permakultur-landwirtschaft.org\/"},{"@type":"ListItem","position":2,"name":"8th European Agroforestry Conference EURAF in Neuch\u00e2tel, Switzerland am 22. bis 26. Juni 2026"}]},{"@type":"WebSite","@id":"https:\/\/permakultur-landwirtschaft.org\/#website","url":"https:\/\/permakultur-landwirtschaft.org\/","name":"Permakultur-Landwirtschaft","description":"F\u00f6rderung der Permakultur in der Landwirtschaft","publisher":{"@id":"https:\/\/permakultur-landwirtschaft.org\/#organization"},"potentialAction":[{"@type":"SearchAction","target":{"@type":"EntryPoint","urlTemplate":"https:\/\/permakultur-landwirtschaft.org\/?s={search_term_string}"},"query-input":{"@type":"PropertyValueSpecification","valueRequired":true,"valueName":"search_term_string"}}],"inLanguage":"fr-FR"},{"@type":"Organization","@id":"https:\/\/permakultur-landwirtschaft.org\/#organization","name":"Permakultur-Landwirtschaft","alternateName":"Verein Permakultur-Landwirtschaft","url":"https:\/\/permakultur-landwirtschaft.org\/","logo":{"@type":"ImageObject","inLanguage":"fr-FR","@id":"https:\/\/permakultur-landwirtschaft.org\/#\/schema\/logo\/image\/","url":"https:\/\/permakultur-landwirtschaft.org\/wp-content\/uploads\/2021\/11\/pela_1268x1269.png","contentUrl":"https:\/\/permakultur-landwirtschaft.org\/wp-content\/uploads\/2021\/11\/pela_1268x1269.png","width":1298,"height":1269,"caption":"Permakultur-Landwirtschaft"},"image":{"@id":"https:\/\/permakultur-landwirtschaft.org\/#\/schema\/logo\/image\/"},"sameAs":["https:\/\/www.facebook.com\/PermakulturLandwirtschaft","https:\/\/www.instagram.com\/permakultur_landwirtschaft\/","https:\/\/www.flickr.com\/photos\/permakultur-landwirtschaft","https:\/\/www.youtube.com\/@PermakulturLandwirtschaft"]},{"@type":"Person","@id":"https:\/\/permakultur-landwirtschaft.org\/#\/schema\/person\/6b0467872f75aed3e144093f9bf4f0b0","name":"adrian reutimann","url":"https:\/\/permakultur-landwirtschaft.org\/fr\/author\/reutiadr\/"}]}},"_links":{"self":[{"href":"https:\/\/permakultur-landwirtschaft.org\/fr\/wp-json\/wp\/v2\/posts\/36975","targetHints":{"allow":["GET"]}}],"collection":[{"href":"https:\/\/permakultur-landwirtschaft.org\/fr\/wp-json\/wp\/v2\/posts"}],"about":[{"href":"https:\/\/permakultur-landwirtschaft.org\/fr\/wp-json\/wp\/v2\/types\/post"}],"author":[{"embeddable":true,"href":"https:\/\/permakultur-landwirtschaft.org\/fr\/wp-json\/wp\/v2\/users\/2"}],"replies":[{"embeddable":true,"href":"https:\/\/permakultur-landwirtschaft.org\/fr\/wp-json\/wp\/v2\/comments?post=36975"}],"version-history":[{"count":1,"href":"https:\/\/permakultur-landwirtschaft.org\/fr\/wp-json\/wp\/v2\/posts\/36975\/revisions"}],"predecessor-version":[{"id":36977,"href":"https:\/\/permakultur-landwirtschaft.org\/fr\/wp-json\/wp\/v2\/posts\/36975\/revisions\/36977"}],"wp:featuredmedia":[{"embeddable":true,"href":"https:\/\/permakultur-landwirtschaft.org\/fr\/wp-json\/wp\/v2\/media\/36976"}],"wp:attachment":[{"href":"https:\/\/permakultur-landwirtschaft.org\/fr\/wp-json\/wp\/v2\/media?parent=36975"}],"wp:term":[{"taxonomy":"category","embeddable":true,"href":"https:\/\/permakultur-landwirtschaft.org\/fr\/wp-json\/wp\/v2\/categories?post=36975"},{"taxonomy":"post_tag","embeddable":true,"href":"https:\/\/permakultur-landwirtschaft.org\/fr\/wp-json\/wp\/v2\/tags?post=36975"}],"curies":[{"name":"wp","href":"https:\/\/api.w.org\/{rel}","templated":true}]}}