{"id":36941,"date":"2025-08-25T12:46:54","date_gmt":"2025-08-25T10:46:54","guid":{"rendered":"https:\/\/permakultur-landwirtschaft.org\/?p=36941"},"modified":"2026-02-17T15:21:35","modified_gmt":"2026-02-17T14:21:35","slug":"regenerativer-gemuesebau-2026-intensiv-seminar-vom-13-januar-bis-10-juli-2026","status":"publish","type":"post","link":"https:\/\/permakultur-landwirtschaft.org\/fr\/regenerativer-gemuesebau-2026-intensiv-seminar-vom-13-januar-bis-10-juli-2026\/","title":{"rendered":"Regenerativer Gem\u00fcsebau 2026 &#8211; Intensiv-Seminar vom 13. Januar bis 10. Juli 2026"},"content":{"rendered":"<p>Text von regenerativergemuesebau.ch:<\/p>\n\n\n\n<p>Intensiv-Seminar Regenerativer Gem\u00fcsebau 2026<\/p>\n\n\n\n<p>Hast du mit Ertragsschwankungen, Krankheitsdruck oder Bodenverdichtung zu k\u00e4mpfen? In meinem 10-t\u00e4gigen Intensiv-Seminar lernst du effektive L\u00f6sungen f\u00fcr die Herausforderungen im Gem\u00fcsebau kennen. Entdecke, wie du Ertr\u00e4ge stabilisieren, die Pflanzengesundheit f\u00f6rdern und die Bodenqualit\u00e4t verbessern kannst. Mach deinen Betrieb zukunftsf\u00e4hig!<\/p>\n\n\n\n<p>Das Intensivseminar richtet sich an Praktiker:innen und Betriebsleitende aller Betriebsgr\u00f6ssen, die regenerative Anbaumethoden erlernen oder ihren Betrieb schrittweise umstellen m\u00f6chten. Auch Berater:innen, die einen Einstieg in den regenerativen Gem\u00fcsebau suchen, sind herzlich willkommen.<br>Beratung direkt aus der Praxis!<\/p>\n\n\n\n<p>10 Tage Live-Unterricht:<\/p>\n\n\n\n<ul class=\"wp-block-list\">\n<li>Block 1: Dienstag 13. Januar bis Freitag 16. Januar 2026<\/li>\n\n\n\n<li>Block 2: Dienstag 17. Februar bis Freitag 20. Februar 2026<\/li>\n\n\n\n<li>Praxistag 1: Freitag 12. Juni 2026<\/li>\n\n\n\n<li>Praxistag 2: Freitag 10. Juli 2026<\/li>\n<\/ul>\n\n\n\n<ol start=\"13\" class=\"wp-block-list\">\n<li><\/li>\n<\/ol>\n\n\n\n<p><a href=\"https:\/\/regenerativergemuesebau.ch\/meine-kurse\/\" target=\"_blank\" rel=\"noreferrer noopener\">Link zu mehr Infos und Anmeldung<\/a><\/p>\n\n\n\n<p><a href=\"https:\/\/permakultur-landwirtschaft.org\/documents\/events\/20260113_regenerativer_gemuesebau_Flyer_Online_2026_klein.pdf\">Link zum Flyer des Seminars<\/a><\/p>","protected":false},"excerpt":{"rendered":"<p>Text von regenerativergemuesebau.ch: Intensiv-Seminar Regenerativer Gem\u00fcsebau 2026 Hast du mit Ertragsschwankungen, Krankheitsdruck oder Bodenverdichtung zu k\u00e4mpfen? In meinem 10-t\u00e4gigen Intensiv-Seminar lernst du effektive L\u00f6sungen f\u00fcr die Herausforderungen im Gem\u00fcsebau kennen. Entdecke, wie du Ertr\u00e4ge stabilisieren, die Pflanzengesundheit f\u00f6rdern und die Bodenqualit\u00e4t verbessern kannst. Mach deinen Betrieb zukunftsf\u00e4hig! Das Intensivseminar richtet sich an Praktiker:innen und Betriebsleitende [&hellip;]<\/p>\n","protected":false},"author":2,"featured_media":36942,"comment_status":"closed","ping_status":"closed","sticky":false,"template":"","format":"standard","meta":{"_acf_changed":false,"site-sidebar-layout":"default","site-content-layout":"","ast-site-content-layout":"default","site-content-style":"default","site-sidebar-style":"default","ast-global-header-display":"","ast-banner-title-visibility":"","ast-main-header-display":"","ast-hfb-above-header-display":"","ast-hfb-below-header-display":"","ast-hfb-mobile-header-display":"","site-post-title":"","ast-breadcrumbs-content":"","ast-featured-img":"","footer-sml-layout":"","ast-disable-related-posts":"","theme-transparent-header-meta":"","adv-header-id-meta":"","stick-header-meta":"","header-above-stick-meta":"","header-main-stick-meta":"","header-below-stick-meta":"","astra-migrate-meta-layouts":"set","ast-page-background-enabled":"default","ast-page-background-meta":{"desktop":{"background-color":"var(--ast-global-color-4)","background-image":"","background-repeat":"repeat","background-position":"center center","background-size":"auto","background-attachment":"scroll","background-type":"","background-media":"","overlay-type":"","overlay-color":"","overlay-opacity":"","overlay-gradient":""},"tablet":{"background-color":"","background-image":"","background-repeat":"repeat","background-position":"center center","background-size":"auto","background-attachment":"scroll","background-type":"","background-media":"","overlay-type":"","overlay-color":"","overlay-opacity":"","overlay-gradient":""},"mobile":{"background-color":"","background-image":"","background-repeat":"repeat","background-position":"center center","background-size":"auto","background-attachment":"scroll","background-type":"","background-media":"","overlay-type":"","overlay-color":"","overlay-opacity":"","overlay-gradient":""}},"ast-content-background-meta":{"desktop":{"background-color":"var(--ast-global-color-5)","background-image":"","background-repeat":"repeat","background-position":"center center","background-size":"auto","background-attachment":"scroll","background-type":"","background-media":"","overlay-type":"","overlay-color":"","overlay-opacity":"","overlay-gradient":""},"tablet":{"background-color":"var(--ast-global-color-5)","background-image":"","background-repeat":"repeat","background-position":"center center","background-size":"auto","background-attachment":"scroll","background-type":"","background-media":"","overlay-type":"","overlay-color":"","overlay-opacity":"","overlay-gradient":""},"mobile":{"background-color":"var(--ast-global-color-5)","background-image":"","background-repeat":"repeat","background-position":"center center","background-size":"auto","background-attachment":"scroll","background-type":"","background-media":"","overlay-type":"","overlay-color":"","overlay-opacity":"","overlay-gradient":""}},"footnotes":""},"categories":[14],"tags":[855,857,856,434,724],"class_list":["post-36941","post","type-post","status-publish","format-standard","has-post-thumbnail","hentry","category-veranstaltung","tag-855","tag-bodenaufbauend","tag-dani-knobel","tag-regenerativer-gemuesebau","tag-seminar"],"acf":[],"yoast_head":"<!-- This site is optimized with the Yoast SEO plugin v27.4 - https:\/\/yoast.com\/product\/yoast-seo-wordpress\/ -->\n<title>Regenerativer Gem\u00fcsebau 2026 - Intensiv-Seminar vom 13. Januar bis 10. Juli 2026 - Permakultur-Landwirtschaft<\/title>\n<meta name=\"description\" content=\"In meinem 10-t\u00e4gigen Intensiv-Seminar lernst du effektive L\u00f6sungen f\u00fcr die Herausforderungen im Gem\u00fcsebau kennen.\" \/>\n<meta name=\"robots\" content=\"index, follow, max-snippet:-1, max-image-preview:large, max-video-preview:-1\" \/>\n<link rel=\"canonical\" href=\"https:\/\/permakultur-landwirtschaft.org\/fr\/regenerativer-gemuesebau-2026-intensiv-seminar-vom-13-januar-bis-10-juli-2026\/\" \/>\n<meta property=\"og:locale\" content=\"fr_FR\" \/>\n<meta property=\"og:type\" content=\"article\" \/>\n<meta property=\"og:title\" content=\"Regenerativer Gem\u00fcsebau 2026 - Intensiv-Seminar vom 13. Januar bis 10. Juli 2026 - Permakultur-Landwirtschaft\" \/>\n<meta property=\"og:description\" content=\"In meinem 10-t\u00e4gigen Intensiv-Seminar lernst du effektive L\u00f6sungen f\u00fcr die Herausforderungen im Gem\u00fcsebau kennen.\" \/>\n<meta property=\"og:url\" content=\"https:\/\/permakultur-landwirtschaft.org\/fr\/regenerativer-gemuesebau-2026-intensiv-seminar-vom-13-januar-bis-10-juli-2026\/\" \/>\n<meta property=\"og:site_name\" content=\"Permakultur-Landwirtschaft\" \/>\n<meta property=\"article:publisher\" content=\"https:\/\/www.facebook.com\/PermakulturLandwirtschaft\" \/>\n<meta property=\"article:published_time\" content=\"2025-08-25T10:46:54+00:00\" \/>\n<meta property=\"article:modified_time\" content=\"2026-02-17T14:21:35+00:00\" \/>\n<meta property=\"og:image\" content=\"https:\/\/permakultur-landwirtschaft.org\/wp-content\/uploads\/2025\/08\/20260113_regenerativer_gemuesebau_Intensiv_Seminar_26_1.jpg\" \/>\n\t<meta property=\"og:image:width\" content=\"700\" \/>\n\t<meta property=\"og:image:height\" content=\"700\" \/>\n\t<meta property=\"og:image:type\" content=\"image\/jpeg\" \/>\n<meta name=\"author\" content=\"adrian reutimann\" \/>\n<meta name=\"twitter:card\" content=\"summary_large_image\" \/>\n<meta name=\"twitter:label1\" content=\"\u00c9crit par\" \/>\n\t<meta name=\"twitter:data1\" content=\"adrian reutimann\" \/>\n\t<meta name=\"twitter:label2\" content=\"Dur\u00e9e de lecture estim\u00e9e\" \/>\n\t<meta name=\"twitter:data2\" content=\"1 minute\" \/>\n<script type=\"application\/ld+json\" class=\"yoast-schema-graph\">{\"@context\":\"https:\\\/\\\/schema.org\",\"@graph\":[{\"@type\":\"Article\",\"@id\":\"https:\\\/\\\/permakultur-landwirtschaft.org\\\/regenerativer-gemuesebau-2026-intensiv-seminar-vom-13-januar-bis-10-juli-2026\\\/#article\",\"isPartOf\":{\"@id\":\"https:\\\/\\\/permakultur-landwirtschaft.org\\\/regenerativer-gemuesebau-2026-intensiv-seminar-vom-13-januar-bis-10-juli-2026\\\/\"},\"author\":{\"name\":\"adrian reutimann\",\"@id\":\"https:\\\/\\\/permakultur-landwirtschaft.org\\\/#\\\/schema\\\/person\\\/6b0467872f75aed3e144093f9bf4f0b0\"},\"headline\":\"Regenerativer Gem\u00fcsebau 2026 &#8211; Intensiv-Seminar vom 13. Januar bis 10. Juli 2026\",\"datePublished\":\"2025-08-25T10:46:54+00:00\",\"dateModified\":\"2026-02-17T14:21:35+00:00\",\"mainEntityOfPage\":{\"@id\":\"https:\\\/\\\/permakultur-landwirtschaft.org\\\/regenerativer-gemuesebau-2026-intensiv-seminar-vom-13-januar-bis-10-juli-2026\\\/\"},\"wordCount\":140,\"publisher\":{\"@id\":\"https:\\\/\\\/permakultur-landwirtschaft.org\\\/#organization\"},\"image\":{\"@id\":\"https:\\\/\\\/permakultur-landwirtschaft.org\\\/regenerativer-gemuesebau-2026-intensiv-seminar-vom-13-januar-bis-10-juli-2026\\\/#primaryimage\"},\"thumbnailUrl\":\"https:\\\/\\\/permakultur-landwirtschaft.org\\\/wp-content\\\/uploads\\\/2025\\\/08\\\/20260113_regenerativer_gemuesebau_Intensiv_Seminar_26_1.jpg\",\"keywords\":[\"2026\",\"bodenaufbauend\",\"Dani Knobel\",\"Regenerativer Gem\u00fcsebau\",\"Seminar\"],\"articleSection\":[\"Veranstaltung\"],\"inLanguage\":\"fr-FR\"},{\"@type\":\"WebPage\",\"@id\":\"https:\\\/\\\/permakultur-landwirtschaft.org\\\/regenerativer-gemuesebau-2026-intensiv-seminar-vom-13-januar-bis-10-juli-2026\\\/\",\"url\":\"https:\\\/\\\/permakultur-landwirtschaft.org\\\/regenerativer-gemuesebau-2026-intensiv-seminar-vom-13-januar-bis-10-juli-2026\\\/\",\"name\":\"Regenerativer Gem\u00fcsebau 2026 - Intensiv-Seminar vom 13. Januar bis 10. Juli 2026 - Permakultur-Landwirtschaft\",\"isPartOf\":{\"@id\":\"https:\\\/\\\/permakultur-landwirtschaft.org\\\/#website\"},\"primaryImageOfPage\":{\"@id\":\"https:\\\/\\\/permakultur-landwirtschaft.org\\\/regenerativer-gemuesebau-2026-intensiv-seminar-vom-13-januar-bis-10-juli-2026\\\/#primaryimage\"},\"image\":{\"@id\":\"https:\\\/\\\/permakultur-landwirtschaft.org\\\/regenerativer-gemuesebau-2026-intensiv-seminar-vom-13-januar-bis-10-juli-2026\\\/#primaryimage\"},\"thumbnailUrl\":\"https:\\\/\\\/permakultur-landwirtschaft.org\\\/wp-content\\\/uploads\\\/2025\\\/08\\\/20260113_regenerativer_gemuesebau_Intensiv_Seminar_26_1.jpg\",\"datePublished\":\"2025-08-25T10:46:54+00:00\",\"dateModified\":\"2026-02-17T14:21:35+00:00\",\"description\":\"In meinem 10-t\u00e4gigen Intensiv-Seminar lernst du effektive L\u00f6sungen f\u00fcr die Herausforderungen im Gem\u00fcsebau kennen.\",\"breadcrumb\":{\"@id\":\"https:\\\/\\\/permakultur-landwirtschaft.org\\\/regenerativer-gemuesebau-2026-intensiv-seminar-vom-13-januar-bis-10-juli-2026\\\/#breadcrumb\"},\"inLanguage\":\"fr-FR\",\"potentialAction\":[{\"@type\":\"ReadAction\",\"target\":[\"https:\\\/\\\/permakultur-landwirtschaft.org\\\/regenerativer-gemuesebau-2026-intensiv-seminar-vom-13-januar-bis-10-juli-2026\\\/\"]}]},{\"@type\":\"ImageObject\",\"inLanguage\":\"fr-FR\",\"@id\":\"https:\\\/\\\/permakultur-landwirtschaft.org\\\/regenerativer-gemuesebau-2026-intensiv-seminar-vom-13-januar-bis-10-juli-2026\\\/#primaryimage\",\"url\":\"https:\\\/\\\/permakultur-landwirtschaft.org\\\/wp-content\\\/uploads\\\/2025\\\/08\\\/20260113_regenerativer_gemuesebau_Intensiv_Seminar_26_1.jpg\",\"contentUrl\":\"https:\\\/\\\/permakultur-landwirtschaft.org\\\/wp-content\\\/uploads\\\/2025\\\/08\\\/20260113_regenerativer_gemuesebau_Intensiv_Seminar_26_1.jpg\",\"width\":700,\"height\":700,\"caption\":\"Bild: regenerativergemuesebau.ch\"},{\"@type\":\"BreadcrumbList\",\"@id\":\"https:\\\/\\\/permakultur-landwirtschaft.org\\\/regenerativer-gemuesebau-2026-intensiv-seminar-vom-13-januar-bis-10-juli-2026\\\/#breadcrumb\",\"itemListElement\":[{\"@type\":\"ListItem\",\"position\":1,\"name\":\"Startseite\",\"item\":\"https:\\\/\\\/permakultur-landwirtschaft.org\\\/\"},{\"@type\":\"ListItem\",\"position\":2,\"name\":\"Regenerativer Gem\u00fcsebau 2026 &#8211; Intensiv-Seminar vom 13. Januar bis 10. Juli 2026\"}]},{\"@type\":\"WebSite\",\"@id\":\"https:\\\/\\\/permakultur-landwirtschaft.org\\\/#website\",\"url\":\"https:\\\/\\\/permakultur-landwirtschaft.org\\\/\",\"name\":\"Permakultur-Landwirtschaft\",\"description\":\"F\u00f6rderung der Permakultur in der Landwirtschaft\",\"publisher\":{\"@id\":\"https:\\\/\\\/permakultur-landwirtschaft.org\\\/#organization\"},\"potentialAction\":[{\"@type\":\"SearchAction\",\"target\":{\"@type\":\"EntryPoint\",\"urlTemplate\":\"https:\\\/\\\/permakultur-landwirtschaft.org\\\/?s={search_term_string}\"},\"query-input\":{\"@type\":\"PropertyValueSpecification\",\"valueRequired\":true,\"valueName\":\"search_term_string\"}}],\"inLanguage\":\"fr-FR\"},{\"@type\":\"Organization\",\"@id\":\"https:\\\/\\\/permakultur-landwirtschaft.org\\\/#organization\",\"name\":\"Permakultur-Landwirtschaft\",\"alternateName\":\"Verein Permakultur-Landwirtschaft\",\"url\":\"https:\\\/\\\/permakultur-landwirtschaft.org\\\/\",\"logo\":{\"@type\":\"ImageObject\",\"inLanguage\":\"fr-FR\",\"@id\":\"https:\\\/\\\/permakultur-landwirtschaft.org\\\/#\\\/schema\\\/logo\\\/image\\\/\",\"url\":\"https:\\\/\\\/permakultur-landwirtschaft.org\\\/wp-content\\\/uploads\\\/2021\\\/11\\\/pela_1268x1269.png\",\"contentUrl\":\"https:\\\/\\\/permakultur-landwirtschaft.org\\\/wp-content\\\/uploads\\\/2021\\\/11\\\/pela_1268x1269.png\",\"width\":1298,\"height\":1269,\"caption\":\"Permakultur-Landwirtschaft\"},\"image\":{\"@id\":\"https:\\\/\\\/permakultur-landwirtschaft.org\\\/#\\\/schema\\\/logo\\\/image\\\/\"},\"sameAs\":[\"https:\\\/\\\/www.facebook.com\\\/PermakulturLandwirtschaft\",\"https:\\\/\\\/www.instagram.com\\\/permakultur_landwirtschaft\\\/\",\"https:\\\/\\\/www.flickr.com\\\/photos\\\/permakultur-landwirtschaft\",\"https:\\\/\\\/www.youtube.com\\\/@PermakulturLandwirtschaft\"]},{\"@type\":\"Person\",\"@id\":\"https:\\\/\\\/permakultur-landwirtschaft.org\\\/#\\\/schema\\\/person\\\/6b0467872f75aed3e144093f9bf4f0b0\",\"name\":\"adrian reutimann\",\"url\":\"https:\\\/\\\/permakultur-landwirtschaft.org\\\/fr\\\/author\\\/reutiadr\\\/\"}]}<\/script>\n<!-- \/ Yoast SEO plugin. -->","yoast_head_json":{"title":"Regenerativer Gem\u00fcsebau 2026 - Intensiv-Seminar vom 13. Januar bis 10. Juli 2026 - Permakultur-Landwirtschaft","description":"In meinem 10-t\u00e4gigen Intensiv-Seminar lernst du effektive L\u00f6sungen f\u00fcr die Herausforderungen im Gem\u00fcsebau kennen.","robots":{"index":"index","follow":"follow","max-snippet":"max-snippet:-1","max-image-preview":"max-image-preview:large","max-video-preview":"max-video-preview:-1"},"canonical":"https:\/\/permakultur-landwirtschaft.org\/fr\/regenerativer-gemuesebau-2026-intensiv-seminar-vom-13-januar-bis-10-juli-2026\/","og_locale":"fr_FR","og_type":"article","og_title":"Regenerativer Gem\u00fcsebau 2026 - Intensiv-Seminar vom 13. Januar bis 10. Juli 2026 - Permakultur-Landwirtschaft","og_description":"In meinem 10-t\u00e4gigen Intensiv-Seminar lernst du effektive L\u00f6sungen f\u00fcr die Herausforderungen im Gem\u00fcsebau kennen.","og_url":"https:\/\/permakultur-landwirtschaft.org\/fr\/regenerativer-gemuesebau-2026-intensiv-seminar-vom-13-januar-bis-10-juli-2026\/","og_site_name":"Permakultur-Landwirtschaft","article_publisher":"https:\/\/www.facebook.com\/PermakulturLandwirtschaft","article_published_time":"2025-08-25T10:46:54+00:00","article_modified_time":"2026-02-17T14:21:35+00:00","og_image":[{"width":700,"height":700,"url":"https:\/\/permakultur-landwirtschaft.org\/wp-content\/uploads\/2025\/08\/20260113_regenerativer_gemuesebau_Intensiv_Seminar_26_1.jpg","type":"image\/jpeg"}],"author":"adrian reutimann","twitter_card":"summary_large_image","twitter_misc":{"\u00c9crit par":"adrian reutimann","Dur\u00e9e de lecture estim\u00e9e":"1 minute"},"schema":{"@context":"https:\/\/schema.org","@graph":[{"@type":"Article","@id":"https:\/\/permakultur-landwirtschaft.org\/regenerativer-gemuesebau-2026-intensiv-seminar-vom-13-januar-bis-10-juli-2026\/#article","isPartOf":{"@id":"https:\/\/permakultur-landwirtschaft.org\/regenerativer-gemuesebau-2026-intensiv-seminar-vom-13-januar-bis-10-juli-2026\/"},"author":{"name":"adrian reutimann","@id":"https:\/\/permakultur-landwirtschaft.org\/#\/schema\/person\/6b0467872f75aed3e144093f9bf4f0b0"},"headline":"Regenerativer Gem\u00fcsebau 2026 &#8211; Intensiv-Seminar vom 13. Januar bis 10. Juli 2026","datePublished":"2025-08-25T10:46:54+00:00","dateModified":"2026-02-17T14:21:35+00:00","mainEntityOfPage":{"@id":"https:\/\/permakultur-landwirtschaft.org\/regenerativer-gemuesebau-2026-intensiv-seminar-vom-13-januar-bis-10-juli-2026\/"},"wordCount":140,"publisher":{"@id":"https:\/\/permakultur-landwirtschaft.org\/#organization"},"image":{"@id":"https:\/\/permakultur-landwirtschaft.org\/regenerativer-gemuesebau-2026-intensiv-seminar-vom-13-januar-bis-10-juli-2026\/#primaryimage"},"thumbnailUrl":"https:\/\/permakultur-landwirtschaft.org\/wp-content\/uploads\/2025\/08\/20260113_regenerativer_gemuesebau_Intensiv_Seminar_26_1.jpg","keywords":["2026","bodenaufbauend","Dani Knobel","Regenerativer Gem\u00fcsebau","Seminar"],"articleSection":["Veranstaltung"],"inLanguage":"fr-FR"},{"@type":"WebPage","@id":"https:\/\/permakultur-landwirtschaft.org\/regenerativer-gemuesebau-2026-intensiv-seminar-vom-13-januar-bis-10-juli-2026\/","url":"https:\/\/permakultur-landwirtschaft.org\/regenerativer-gemuesebau-2026-intensiv-seminar-vom-13-januar-bis-10-juli-2026\/","name":"Regenerativer Gem\u00fcsebau 2026 - Intensiv-Seminar vom 13. Januar bis 10. Juli 2026 - Permakultur-Landwirtschaft","isPartOf":{"@id":"https:\/\/permakultur-landwirtschaft.org\/#website"},"primaryImageOfPage":{"@id":"https:\/\/permakultur-landwirtschaft.org\/regenerativer-gemuesebau-2026-intensiv-seminar-vom-13-januar-bis-10-juli-2026\/#primaryimage"},"image":{"@id":"https:\/\/permakultur-landwirtschaft.org\/regenerativer-gemuesebau-2026-intensiv-seminar-vom-13-januar-bis-10-juli-2026\/#primaryimage"},"thumbnailUrl":"https:\/\/permakultur-landwirtschaft.org\/wp-content\/uploads\/2025\/08\/20260113_regenerativer_gemuesebau_Intensiv_Seminar_26_1.jpg","datePublished":"2025-08-25T10:46:54+00:00","dateModified":"2026-02-17T14:21:35+00:00","description":"In meinem 10-t\u00e4gigen Intensiv-Seminar lernst du effektive L\u00f6sungen f\u00fcr die Herausforderungen im Gem\u00fcsebau kennen.","breadcrumb":{"@id":"https:\/\/permakultur-landwirtschaft.org\/regenerativer-gemuesebau-2026-intensiv-seminar-vom-13-januar-bis-10-juli-2026\/#breadcrumb"},"inLanguage":"fr-FR","potentialAction":[{"@type":"ReadAction","target":["https:\/\/permakultur-landwirtschaft.org\/regenerativer-gemuesebau-2026-intensiv-seminar-vom-13-januar-bis-10-juli-2026\/"]}]},{"@type":"ImageObject","inLanguage":"fr-FR","@id":"https:\/\/permakultur-landwirtschaft.org\/regenerativer-gemuesebau-2026-intensiv-seminar-vom-13-januar-bis-10-juli-2026\/#primaryimage","url":"https:\/\/permakultur-landwirtschaft.org\/wp-content\/uploads\/2025\/08\/20260113_regenerativer_gemuesebau_Intensiv_Seminar_26_1.jpg","contentUrl":"https:\/\/permakultur-landwirtschaft.org\/wp-content\/uploads\/2025\/08\/20260113_regenerativer_gemuesebau_Intensiv_Seminar_26_1.jpg","width":700,"height":700,"caption":"Bild: regenerativergemuesebau.ch"},{"@type":"BreadcrumbList","@id":"https:\/\/permakultur-landwirtschaft.org\/regenerativer-gemuesebau-2026-intensiv-seminar-vom-13-januar-bis-10-juli-2026\/#breadcrumb","itemListElement":[{"@type":"ListItem","position":1,"name":"Startseite","item":"https:\/\/permakultur-landwirtschaft.org\/"},{"@type":"ListItem","position":2,"name":"Regenerativer Gem\u00fcsebau 2026 &#8211; Intensiv-Seminar vom 13. Januar bis 10. Juli 2026"}]},{"@type":"WebSite","@id":"https:\/\/permakultur-landwirtschaft.org\/#website","url":"https:\/\/permakultur-landwirtschaft.org\/","name":"Permakultur-Landwirtschaft","description":"F\u00f6rderung der Permakultur in der Landwirtschaft","publisher":{"@id":"https:\/\/permakultur-landwirtschaft.org\/#organization"},"potentialAction":[{"@type":"SearchAction","target":{"@type":"EntryPoint","urlTemplate":"https:\/\/permakultur-landwirtschaft.org\/?s={search_term_string}"},"query-input":{"@type":"PropertyValueSpecification","valueRequired":true,"valueName":"search_term_string"}}],"inLanguage":"fr-FR"},{"@type":"Organization","@id":"https:\/\/permakultur-landwirtschaft.org\/#organization","name":"Permakultur-Landwirtschaft","alternateName":"Verein Permakultur-Landwirtschaft","url":"https:\/\/permakultur-landwirtschaft.org\/","logo":{"@type":"ImageObject","inLanguage":"fr-FR","@id":"https:\/\/permakultur-landwirtschaft.org\/#\/schema\/logo\/image\/","url":"https:\/\/permakultur-landwirtschaft.org\/wp-content\/uploads\/2021\/11\/pela_1268x1269.png","contentUrl":"https:\/\/permakultur-landwirtschaft.org\/wp-content\/uploads\/2021\/11\/pela_1268x1269.png","width":1298,"height":1269,"caption":"Permakultur-Landwirtschaft"},"image":{"@id":"https:\/\/permakultur-landwirtschaft.org\/#\/schema\/logo\/image\/"},"sameAs":["https:\/\/www.facebook.com\/PermakulturLandwirtschaft","https:\/\/www.instagram.com\/permakultur_landwirtschaft\/","https:\/\/www.flickr.com\/photos\/permakultur-landwirtschaft","https:\/\/www.youtube.com\/@PermakulturLandwirtschaft"]},{"@type":"Person","@id":"https:\/\/permakultur-landwirtschaft.org\/#\/schema\/person\/6b0467872f75aed3e144093f9bf4f0b0","name":"adrian reutimann","url":"https:\/\/permakultur-landwirtschaft.org\/fr\/author\/reutiadr\/"}]}},"_links":{"self":[{"href":"https:\/\/permakultur-landwirtschaft.org\/fr\/wp-json\/wp\/v2\/posts\/36941","targetHints":{"allow":["GET"]}}],"collection":[{"href":"https:\/\/permakultur-landwirtschaft.org\/fr\/wp-json\/wp\/v2\/posts"}],"about":[{"href":"https:\/\/permakultur-landwirtschaft.org\/fr\/wp-json\/wp\/v2\/types\/post"}],"author":[{"embeddable":true,"href":"https:\/\/permakultur-landwirtschaft.org\/fr\/wp-json\/wp\/v2\/users\/2"}],"replies":[{"embeddable":true,"href":"https:\/\/permakultur-landwirtschaft.org\/fr\/wp-json\/wp\/v2\/comments?post=36941"}],"version-history":[{"count":3,"href":"https:\/\/permakultur-landwirtschaft.org\/fr\/wp-json\/wp\/v2\/posts\/36941\/revisions"}],"predecessor-version":[{"id":37893,"href":"https:\/\/permakultur-landwirtschaft.org\/fr\/wp-json\/wp\/v2\/posts\/36941\/revisions\/37893"}],"wp:featuredmedia":[{"embeddable":true,"href":"https:\/\/permakultur-landwirtschaft.org\/fr\/wp-json\/wp\/v2\/media\/36942"}],"wp:attachment":[{"href":"https:\/\/permakultur-landwirtschaft.org\/fr\/wp-json\/wp\/v2\/media?parent=36941"}],"wp:term":[{"taxonomy":"category","embeddable":true,"href":"https:\/\/permakultur-landwirtschaft.org\/fr\/wp-json\/wp\/v2\/categories?post=36941"},{"taxonomy":"post_tag","embeddable":true,"href":"https:\/\/permakultur-landwirtschaft.org\/fr\/wp-json\/wp\/v2\/tags?post=36941"}],"curies":[{"name":"wp","href":"https:\/\/api.w.org\/{rel}","templated":true}]}}