{"id":36922,"date":"2025-08-21T10:27:53","date_gmt":"2025-08-21T08:27:53","guid":{"rendered":"https:\/\/permakultur-landwirtschaft.org\/?p=36922"},"modified":"2025-08-21T10:27:54","modified_gmt":"2025-08-21T08:27:54","slug":"mithelfen-auf-dem-permakulturhof-in-der-hofwoche-vom-22-bis-26-september-2025","status":"publish","type":"post","link":"https:\/\/permakultur-landwirtschaft.org\/fr\/mithelfen-auf-dem-permakulturhof-in-der-hofwoche-vom-22-bis-26-september-2025\/","title":{"rendered":"Mithelfen auf dem Permakulturhof in der Hofwoche vom 22. bis 26. September 2025"},"content":{"rendered":"<p>Text von stadt.sg.ch:<\/p>\n\n\n\n<p>Interesse an Permakultur?<\/p>\n\n\n\n<p>\u00abDort, wo der Boden locker und luftig ist, die Karotte knorrig sein darf und die Birne nicht gl\u00e4nzen muss. Wo Wurm, Maus und Schwein in alle Richtungen w\u00fchlen und d\u2019Goofe Teil der Natur sind.\u00bb<\/p>\n\n\n\n<p>Dort helfen die Teilnehmenden Familie Knechtle auf ihren Permakulturhof, sei es bei Erntearbeiten, Kr\u00e4uterpflege oder Arbeiten um die Saison langsam zu beenden. Es gibt zwei Standorte an denen gearbeitet wird, der Hof der Familie Knechtle und der in Weissbad gelegene Kr\u00e4utergarten.<\/p>\n\n\n\n<p>Je nach Einteilung und Witterung haben die Teilnehmenden die Chance an beiden Orten zu arbeiten. Nebst den Arbeiten erfahren sie allerlei Spannendes \u00fcber Permakultur und erhalten Einblick in einen landwirtschaftlichen Permakulturbetrieb.<\/p>\n\n\n\n<p>Man kann sich auch f\u00fcr einzelne Tag anmelden.<\/p>\n\n\n\n<p><strong>Adresse<\/strong><br>Leugangenstrasse 6<br>9057 Weissbad AI<\/p>\n\n\n\n<p><a href=\"https:\/\/m.stadt.sg.ch\/index.php?apid=34459470\" target=\"_blank\" rel=\"noreferrer noopener\">Link zu mehr Infos und Anmeldung<\/a><\/p>\n\n\n\n<p><a href=\"https:\/\/knechtle-permakultur.ch\/\" target=\"_blank\" rel=\"noreferrer noopener\">Link zu Knechtle Permakultur<\/a><\/p>","protected":false},"excerpt":{"rendered":"<p>Text von stadt.sg.ch: Interesse an Permakultur? \u00abDort, wo der Boden locker und luftig ist, die Karotte knorrig sein darf und die Birne nicht gl\u00e4nzen muss. Wo Wurm, Maus und Schwein in alle Richtungen w\u00fchlen und d\u2019Goofe Teil der Natur sind.\u00bb Dort helfen die Teilnehmenden Familie Knechtle auf ihren Permakulturhof, sei es bei Erntearbeiten, Kr\u00e4uterpflege oder [&hellip;]<\/p>\n","protected":false},"author":2,"featured_media":36923,"comment_status":"closed","ping_status":"closed","sticky":false,"template":"","format":"standard","meta":{"_acf_changed":false,"site-sidebar-layout":"default","site-content-layout":"","ast-site-content-layout":"default","site-content-style":"default","site-sidebar-style":"default","ast-global-header-display":"","ast-banner-title-visibility":"","ast-main-header-display":"","ast-hfb-above-header-display":"","ast-hfb-below-header-display":"","ast-hfb-mobile-header-display":"","site-post-title":"","ast-breadcrumbs-content":"","ast-featured-img":"","footer-sml-layout":"","ast-disable-related-posts":"","theme-transparent-header-meta":"","adv-header-id-meta":"","stick-header-meta":"","header-above-stick-meta":"","header-main-stick-meta":"","header-below-stick-meta":"","astra-migrate-meta-layouts":"set","ast-page-background-enabled":"default","ast-page-background-meta":{"desktop":{"background-color":"var(--ast-global-color-4)","background-image":"","background-repeat":"repeat","background-position":"center center","background-size":"auto","background-attachment":"scroll","background-type":"","background-media":"","overlay-type":"","overlay-color":"","overlay-opacity":"","overlay-gradient":""},"tablet":{"background-color":"","background-image":"","background-repeat":"repeat","background-position":"center center","background-size":"auto","background-attachment":"scroll","background-type":"","background-media":"","overlay-type":"","overlay-color":"","overlay-opacity":"","overlay-gradient":""},"mobile":{"background-color":"","background-image":"","background-repeat":"repeat","background-position":"center center","background-size":"auto","background-attachment":"scroll","background-type":"","background-media":"","overlay-type":"","overlay-color":"","overlay-opacity":"","overlay-gradient":""}},"ast-content-background-meta":{"desktop":{"background-color":"var(--ast-global-color-5)","background-image":"","background-repeat":"repeat","background-position":"center center","background-size":"auto","background-attachment":"scroll","background-type":"","background-media":"","overlay-type":"","overlay-color":"","overlay-opacity":"","overlay-gradient":""},"tablet":{"background-color":"var(--ast-global-color-5)","background-image":"","background-repeat":"repeat","background-position":"center center","background-size":"auto","background-attachment":"scroll","background-type":"","background-media":"","overlay-type":"","overlay-color":"","overlay-opacity":"","overlay-gradient":""},"mobile":{"background-color":"var(--ast-global-color-5)","background-image":"","background-repeat":"repeat","background-position":"center center","background-size":"auto","background-attachment":"scroll","background-type":"","background-media":"","overlay-type":"","overlay-color":"","overlay-opacity":"","overlay-gradient":""}},"footnotes":""},"categories":[14],"tags":[850,376,851,17,852],"class_list":["post-36922","post","type-post","status-publish","format-standard","has-post-thumbnail","hentry","category-veranstaltung","tag-hofwoche","tag-knechtle-permakultur","tag-mithelfen","tag-permakultur","tag-weissbad"],"acf":[],"yoast_head":"<!-- This site is optimized with the Yoast SEO plugin v27.5 - https:\/\/yoast.com\/product\/yoast-seo-wordpress\/ -->\n<title>Mithelfen auf dem Permakulturhof in der Hofwoche vom 22. bis 26. September 2025 - Permakultur-Landwirtschaft<\/title>\n<meta name=\"description\" content=\"Die Teilnehmenden helfen auf dem Permakulturhof, sei es bei Erntearbeiten, Kr\u00e4uterpflege oder Arbeiten um die Saison langsam zu beenden.\" \/>\n<meta name=\"robots\" content=\"index, follow, max-snippet:-1, max-image-preview:large, max-video-preview:-1\" \/>\n<link rel=\"canonical\" href=\"https:\/\/permakultur-landwirtschaft.org\/fr\/mithelfen-auf-dem-permakulturhof-in-der-hofwoche-vom-22-bis-26-september-2025\/\" \/>\n<meta property=\"og:locale\" content=\"fr_FR\" \/>\n<meta property=\"og:type\" content=\"article\" \/>\n<meta property=\"og:title\" content=\"Mithelfen auf dem Permakulturhof in der Hofwoche vom 22. bis 26. September 2025 - Permakultur-Landwirtschaft\" \/>\n<meta property=\"og:description\" content=\"Die Teilnehmenden helfen auf dem Permakulturhof, sei es bei Erntearbeiten, Kr\u00e4uterpflege oder Arbeiten um die Saison langsam zu beenden.\" \/>\n<meta property=\"og:url\" content=\"https:\/\/permakultur-landwirtschaft.org\/fr\/mithelfen-auf-dem-permakulturhof-in-der-hofwoche-vom-22-bis-26-september-2025\/\" \/>\n<meta property=\"og:site_name\" content=\"Permakultur-Landwirtschaft\" \/>\n<meta property=\"article:publisher\" content=\"https:\/\/www.facebook.com\/PermakulturLandwirtschaft\" \/>\n<meta property=\"article:published_time\" content=\"2025-08-21T08:27:53+00:00\" \/>\n<meta property=\"article:modified_time\" content=\"2025-08-21T08:27:54+00:00\" \/>\n<meta property=\"og:image\" content=\"https:\/\/permakultur-landwirtschaft.org\/wp-content\/uploads\/2025\/08\/20250821_knechtle_hofwoche_724277506.jpg\" \/>\n\t<meta property=\"og:image:width\" content=\"700\" \/>\n\t<meta property=\"og:image:height\" content=\"393\" \/>\n\t<meta property=\"og:image:type\" content=\"image\/jpeg\" \/>\n<meta name=\"author\" content=\"adrian reutimann\" \/>\n<meta name=\"twitter:card\" content=\"summary_large_image\" \/>\n<meta name=\"twitter:label1\" content=\"\u00c9crit par\" \/>\n\t<meta name=\"twitter:data1\" content=\"adrian reutimann\" \/>\n\t<meta name=\"twitter:label2\" content=\"Dur\u00e9e de lecture estim\u00e9e\" \/>\n\t<meta name=\"twitter:data2\" content=\"1 minute\" \/>\n<script type=\"application\/ld+json\" class=\"yoast-schema-graph\">{\"@context\":\"https:\\\/\\\/schema.org\",\"@graph\":[{\"@type\":\"Article\",\"@id\":\"https:\\\/\\\/permakultur-landwirtschaft.org\\\/mithelfen-auf-dem-permakulturhof-in-der-hofwoche-vom-22-bis-26-september-2025\\\/#article\",\"isPartOf\":{\"@id\":\"https:\\\/\\\/permakultur-landwirtschaft.org\\\/mithelfen-auf-dem-permakulturhof-in-der-hofwoche-vom-22-bis-26-september-2025\\\/\"},\"author\":{\"name\":\"adrian reutimann\",\"@id\":\"https:\\\/\\\/permakultur-landwirtschaft.org\\\/#\\\/schema\\\/person\\\/6b0467872f75aed3e144093f9bf4f0b0\"},\"headline\":\"Mithelfen auf dem Permakulturhof in der Hofwoche vom 22. bis 26. September 2025\",\"datePublished\":\"2025-08-21T08:27:53+00:00\",\"dateModified\":\"2025-08-21T08:27:54+00:00\",\"mainEntityOfPage\":{\"@id\":\"https:\\\/\\\/permakultur-landwirtschaft.org\\\/mithelfen-auf-dem-permakulturhof-in-der-hofwoche-vom-22-bis-26-september-2025\\\/\"},\"wordCount\":152,\"publisher\":{\"@id\":\"https:\\\/\\\/permakultur-landwirtschaft.org\\\/#organization\"},\"image\":{\"@id\":\"https:\\\/\\\/permakultur-landwirtschaft.org\\\/mithelfen-auf-dem-permakulturhof-in-der-hofwoche-vom-22-bis-26-september-2025\\\/#primaryimage\"},\"thumbnailUrl\":\"https:\\\/\\\/permakultur-landwirtschaft.org\\\/wp-content\\\/uploads\\\/2025\\\/08\\\/20250821_knechtle_hofwoche_724277506.jpg\",\"keywords\":[\"Hofwoche\",\"Knechtle Permakultur\",\"Mithelfen\",\"Permakultur\",\"Weissbad\"],\"articleSection\":[\"Veranstaltung\"],\"inLanguage\":\"fr-FR\"},{\"@type\":\"WebPage\",\"@id\":\"https:\\\/\\\/permakultur-landwirtschaft.org\\\/mithelfen-auf-dem-permakulturhof-in-der-hofwoche-vom-22-bis-26-september-2025\\\/\",\"url\":\"https:\\\/\\\/permakultur-landwirtschaft.org\\\/mithelfen-auf-dem-permakulturhof-in-der-hofwoche-vom-22-bis-26-september-2025\\\/\",\"name\":\"Mithelfen auf dem Permakulturhof in der Hofwoche vom 22. bis 26. September 2025 - Permakultur-Landwirtschaft\",\"isPartOf\":{\"@id\":\"https:\\\/\\\/permakultur-landwirtschaft.org\\\/#website\"},\"primaryImageOfPage\":{\"@id\":\"https:\\\/\\\/permakultur-landwirtschaft.org\\\/mithelfen-auf-dem-permakulturhof-in-der-hofwoche-vom-22-bis-26-september-2025\\\/#primaryimage\"},\"image\":{\"@id\":\"https:\\\/\\\/permakultur-landwirtschaft.org\\\/mithelfen-auf-dem-permakulturhof-in-der-hofwoche-vom-22-bis-26-september-2025\\\/#primaryimage\"},\"thumbnailUrl\":\"https:\\\/\\\/permakultur-landwirtschaft.org\\\/wp-content\\\/uploads\\\/2025\\\/08\\\/20250821_knechtle_hofwoche_724277506.jpg\",\"datePublished\":\"2025-08-21T08:27:53+00:00\",\"dateModified\":\"2025-08-21T08:27:54+00:00\",\"description\":\"Die Teilnehmenden helfen auf dem Permakulturhof, sei es bei Erntearbeiten, Kr\u00e4uterpflege oder Arbeiten um die Saison langsam zu beenden.\",\"breadcrumb\":{\"@id\":\"https:\\\/\\\/permakultur-landwirtschaft.org\\\/mithelfen-auf-dem-permakulturhof-in-der-hofwoche-vom-22-bis-26-september-2025\\\/#breadcrumb\"},\"inLanguage\":\"fr-FR\",\"potentialAction\":[{\"@type\":\"ReadAction\",\"target\":[\"https:\\\/\\\/permakultur-landwirtschaft.org\\\/mithelfen-auf-dem-permakulturhof-in-der-hofwoche-vom-22-bis-26-september-2025\\\/\"]}]},{\"@type\":\"ImageObject\",\"inLanguage\":\"fr-FR\",\"@id\":\"https:\\\/\\\/permakultur-landwirtschaft.org\\\/mithelfen-auf-dem-permakulturhof-in-der-hofwoche-vom-22-bis-26-september-2025\\\/#primaryimage\",\"url\":\"https:\\\/\\\/permakultur-landwirtschaft.org\\\/wp-content\\\/uploads\\\/2025\\\/08\\\/20250821_knechtle_hofwoche_724277506.jpg\",\"contentUrl\":\"https:\\\/\\\/permakultur-landwirtschaft.org\\\/wp-content\\\/uploads\\\/2025\\\/08\\\/20250821_knechtle_hofwoche_724277506.jpg\",\"width\":700,\"height\":393,\"caption\":\"Bild: stadt.sg.ch\"},{\"@type\":\"BreadcrumbList\",\"@id\":\"https:\\\/\\\/permakultur-landwirtschaft.org\\\/mithelfen-auf-dem-permakulturhof-in-der-hofwoche-vom-22-bis-26-september-2025\\\/#breadcrumb\",\"itemListElement\":[{\"@type\":\"ListItem\",\"position\":1,\"name\":\"Startseite\",\"item\":\"https:\\\/\\\/permakultur-landwirtschaft.org\\\/\"},{\"@type\":\"ListItem\",\"position\":2,\"name\":\"Mithelfen auf dem Permakulturhof in der Hofwoche vom 22. bis 26. September 2025\"}]},{\"@type\":\"WebSite\",\"@id\":\"https:\\\/\\\/permakultur-landwirtschaft.org\\\/#website\",\"url\":\"https:\\\/\\\/permakultur-landwirtschaft.org\\\/\",\"name\":\"Permakultur-Landwirtschaft\",\"description\":\"F\u00f6rderung der Permakultur in der Landwirtschaft\",\"publisher\":{\"@id\":\"https:\\\/\\\/permakultur-landwirtschaft.org\\\/#organization\"},\"potentialAction\":[{\"@type\":\"SearchAction\",\"target\":{\"@type\":\"EntryPoint\",\"urlTemplate\":\"https:\\\/\\\/permakultur-landwirtschaft.org\\\/?s={search_term_string}\"},\"query-input\":{\"@type\":\"PropertyValueSpecification\",\"valueRequired\":true,\"valueName\":\"search_term_string\"}}],\"inLanguage\":\"fr-FR\"},{\"@type\":\"Organization\",\"@id\":\"https:\\\/\\\/permakultur-landwirtschaft.org\\\/#organization\",\"name\":\"Permakultur-Landwirtschaft\",\"alternateName\":\"Verein Permakultur-Landwirtschaft\",\"url\":\"https:\\\/\\\/permakultur-landwirtschaft.org\\\/\",\"logo\":{\"@type\":\"ImageObject\",\"inLanguage\":\"fr-FR\",\"@id\":\"https:\\\/\\\/permakultur-landwirtschaft.org\\\/#\\\/schema\\\/logo\\\/image\\\/\",\"url\":\"https:\\\/\\\/permakultur-landwirtschaft.org\\\/wp-content\\\/uploads\\\/2021\\\/11\\\/pela_1268x1269.png\",\"contentUrl\":\"https:\\\/\\\/permakultur-landwirtschaft.org\\\/wp-content\\\/uploads\\\/2021\\\/11\\\/pela_1268x1269.png\",\"width\":1298,\"height\":1269,\"caption\":\"Permakultur-Landwirtschaft\"},\"image\":{\"@id\":\"https:\\\/\\\/permakultur-landwirtschaft.org\\\/#\\\/schema\\\/logo\\\/image\\\/\"},\"sameAs\":[\"https:\\\/\\\/www.facebook.com\\\/PermakulturLandwirtschaft\",\"https:\\\/\\\/www.instagram.com\\\/permakultur_landwirtschaft\\\/\",\"https:\\\/\\\/www.flickr.com\\\/photos\\\/permakultur-landwirtschaft\",\"https:\\\/\\\/www.youtube.com\\\/@PermakulturLandwirtschaft\"]},{\"@type\":\"Person\",\"@id\":\"https:\\\/\\\/permakultur-landwirtschaft.org\\\/#\\\/schema\\\/person\\\/6b0467872f75aed3e144093f9bf4f0b0\",\"name\":\"adrian reutimann\",\"url\":\"https:\\\/\\\/permakultur-landwirtschaft.org\\\/fr\\\/author\\\/reutiadr\\\/\"}]}<\/script>\n<!-- \/ Yoast SEO plugin. -->","yoast_head_json":{"title":"Mithelfen auf dem Permakulturhof in der Hofwoche vom 22. bis 26. September 2025 - Permakultur-Landwirtschaft","description":"Die Teilnehmenden helfen auf dem Permakulturhof, sei es bei Erntearbeiten, Kr\u00e4uterpflege oder Arbeiten um die Saison langsam zu beenden.","robots":{"index":"index","follow":"follow","max-snippet":"max-snippet:-1","max-image-preview":"max-image-preview:large","max-video-preview":"max-video-preview:-1"},"canonical":"https:\/\/permakultur-landwirtschaft.org\/fr\/mithelfen-auf-dem-permakulturhof-in-der-hofwoche-vom-22-bis-26-september-2025\/","og_locale":"fr_FR","og_type":"article","og_title":"Mithelfen auf dem Permakulturhof in der Hofwoche vom 22. bis 26. September 2025 - Permakultur-Landwirtschaft","og_description":"Die Teilnehmenden helfen auf dem Permakulturhof, sei es bei Erntearbeiten, Kr\u00e4uterpflege oder Arbeiten um die Saison langsam zu beenden.","og_url":"https:\/\/permakultur-landwirtschaft.org\/fr\/mithelfen-auf-dem-permakulturhof-in-der-hofwoche-vom-22-bis-26-september-2025\/","og_site_name":"Permakultur-Landwirtschaft","article_publisher":"https:\/\/www.facebook.com\/PermakulturLandwirtschaft","article_published_time":"2025-08-21T08:27:53+00:00","article_modified_time":"2025-08-21T08:27:54+00:00","og_image":[{"width":700,"height":393,"url":"https:\/\/permakultur-landwirtschaft.org\/wp-content\/uploads\/2025\/08\/20250821_knechtle_hofwoche_724277506.jpg","type":"image\/jpeg"}],"author":"adrian reutimann","twitter_card":"summary_large_image","twitter_misc":{"\u00c9crit par":"adrian reutimann","Dur\u00e9e de lecture estim\u00e9e":"1 minute"},"schema":{"@context":"https:\/\/schema.org","@graph":[{"@type":"Article","@id":"https:\/\/permakultur-landwirtschaft.org\/mithelfen-auf-dem-permakulturhof-in-der-hofwoche-vom-22-bis-26-september-2025\/#article","isPartOf":{"@id":"https:\/\/permakultur-landwirtschaft.org\/mithelfen-auf-dem-permakulturhof-in-der-hofwoche-vom-22-bis-26-september-2025\/"},"author":{"name":"adrian reutimann","@id":"https:\/\/permakultur-landwirtschaft.org\/#\/schema\/person\/6b0467872f75aed3e144093f9bf4f0b0"},"headline":"Mithelfen auf dem Permakulturhof in der Hofwoche vom 22. bis 26. September 2025","datePublished":"2025-08-21T08:27:53+00:00","dateModified":"2025-08-21T08:27:54+00:00","mainEntityOfPage":{"@id":"https:\/\/permakultur-landwirtschaft.org\/mithelfen-auf-dem-permakulturhof-in-der-hofwoche-vom-22-bis-26-september-2025\/"},"wordCount":152,"publisher":{"@id":"https:\/\/permakultur-landwirtschaft.org\/#organization"},"image":{"@id":"https:\/\/permakultur-landwirtschaft.org\/mithelfen-auf-dem-permakulturhof-in-der-hofwoche-vom-22-bis-26-september-2025\/#primaryimage"},"thumbnailUrl":"https:\/\/permakultur-landwirtschaft.org\/wp-content\/uploads\/2025\/08\/20250821_knechtle_hofwoche_724277506.jpg","keywords":["Hofwoche","Knechtle Permakultur","Mithelfen","Permakultur","Weissbad"],"articleSection":["Veranstaltung"],"inLanguage":"fr-FR"},{"@type":"WebPage","@id":"https:\/\/permakultur-landwirtschaft.org\/mithelfen-auf-dem-permakulturhof-in-der-hofwoche-vom-22-bis-26-september-2025\/","url":"https:\/\/permakultur-landwirtschaft.org\/mithelfen-auf-dem-permakulturhof-in-der-hofwoche-vom-22-bis-26-september-2025\/","name":"Mithelfen auf dem Permakulturhof in der Hofwoche vom 22. bis 26. September 2025 - Permakultur-Landwirtschaft","isPartOf":{"@id":"https:\/\/permakultur-landwirtschaft.org\/#website"},"primaryImageOfPage":{"@id":"https:\/\/permakultur-landwirtschaft.org\/mithelfen-auf-dem-permakulturhof-in-der-hofwoche-vom-22-bis-26-september-2025\/#primaryimage"},"image":{"@id":"https:\/\/permakultur-landwirtschaft.org\/mithelfen-auf-dem-permakulturhof-in-der-hofwoche-vom-22-bis-26-september-2025\/#primaryimage"},"thumbnailUrl":"https:\/\/permakultur-landwirtschaft.org\/wp-content\/uploads\/2025\/08\/20250821_knechtle_hofwoche_724277506.jpg","datePublished":"2025-08-21T08:27:53+00:00","dateModified":"2025-08-21T08:27:54+00:00","description":"Die Teilnehmenden helfen auf dem Permakulturhof, sei es bei Erntearbeiten, Kr\u00e4uterpflege oder Arbeiten um die Saison langsam zu beenden.","breadcrumb":{"@id":"https:\/\/permakultur-landwirtschaft.org\/mithelfen-auf-dem-permakulturhof-in-der-hofwoche-vom-22-bis-26-september-2025\/#breadcrumb"},"inLanguage":"fr-FR","potentialAction":[{"@type":"ReadAction","target":["https:\/\/permakultur-landwirtschaft.org\/mithelfen-auf-dem-permakulturhof-in-der-hofwoche-vom-22-bis-26-september-2025\/"]}]},{"@type":"ImageObject","inLanguage":"fr-FR","@id":"https:\/\/permakultur-landwirtschaft.org\/mithelfen-auf-dem-permakulturhof-in-der-hofwoche-vom-22-bis-26-september-2025\/#primaryimage","url":"https:\/\/permakultur-landwirtschaft.org\/wp-content\/uploads\/2025\/08\/20250821_knechtle_hofwoche_724277506.jpg","contentUrl":"https:\/\/permakultur-landwirtschaft.org\/wp-content\/uploads\/2025\/08\/20250821_knechtle_hofwoche_724277506.jpg","width":700,"height":393,"caption":"Bild: stadt.sg.ch"},{"@type":"BreadcrumbList","@id":"https:\/\/permakultur-landwirtschaft.org\/mithelfen-auf-dem-permakulturhof-in-der-hofwoche-vom-22-bis-26-september-2025\/#breadcrumb","itemListElement":[{"@type":"ListItem","position":1,"name":"Startseite","item":"https:\/\/permakultur-landwirtschaft.org\/"},{"@type":"ListItem","position":2,"name":"Mithelfen auf dem Permakulturhof in der Hofwoche vom 22. bis 26. September 2025"}]},{"@type":"WebSite","@id":"https:\/\/permakultur-landwirtschaft.org\/#website","url":"https:\/\/permakultur-landwirtschaft.org\/","name":"Permakultur-Landwirtschaft","description":"F\u00f6rderung der Permakultur in der Landwirtschaft","publisher":{"@id":"https:\/\/permakultur-landwirtschaft.org\/#organization"},"potentialAction":[{"@type":"SearchAction","target":{"@type":"EntryPoint","urlTemplate":"https:\/\/permakultur-landwirtschaft.org\/?s={search_term_string}"},"query-input":{"@type":"PropertyValueSpecification","valueRequired":true,"valueName":"search_term_string"}}],"inLanguage":"fr-FR"},{"@type":"Organization","@id":"https:\/\/permakultur-landwirtschaft.org\/#organization","name":"Permakultur-Landwirtschaft","alternateName":"Verein Permakultur-Landwirtschaft","url":"https:\/\/permakultur-landwirtschaft.org\/","logo":{"@type":"ImageObject","inLanguage":"fr-FR","@id":"https:\/\/permakultur-landwirtschaft.org\/#\/schema\/logo\/image\/","url":"https:\/\/permakultur-landwirtschaft.org\/wp-content\/uploads\/2021\/11\/pela_1268x1269.png","contentUrl":"https:\/\/permakultur-landwirtschaft.org\/wp-content\/uploads\/2021\/11\/pela_1268x1269.png","width":1298,"height":1269,"caption":"Permakultur-Landwirtschaft"},"image":{"@id":"https:\/\/permakultur-landwirtschaft.org\/#\/schema\/logo\/image\/"},"sameAs":["https:\/\/www.facebook.com\/PermakulturLandwirtschaft","https:\/\/www.instagram.com\/permakultur_landwirtschaft\/","https:\/\/www.flickr.com\/photos\/permakultur-landwirtschaft","https:\/\/www.youtube.com\/@PermakulturLandwirtschaft"]},{"@type":"Person","@id":"https:\/\/permakultur-landwirtschaft.org\/#\/schema\/person\/6b0467872f75aed3e144093f9bf4f0b0","name":"adrian reutimann","url":"https:\/\/permakultur-landwirtschaft.org\/fr\/author\/reutiadr\/"}]}},"_links":{"self":[{"href":"https:\/\/permakultur-landwirtschaft.org\/fr\/wp-json\/wp\/v2\/posts\/36922","targetHints":{"allow":["GET"]}}],"collection":[{"href":"https:\/\/permakultur-landwirtschaft.org\/fr\/wp-json\/wp\/v2\/posts"}],"about":[{"href":"https:\/\/permakultur-landwirtschaft.org\/fr\/wp-json\/wp\/v2\/types\/post"}],"author":[{"embeddable":true,"href":"https:\/\/permakultur-landwirtschaft.org\/fr\/wp-json\/wp\/v2\/users\/2"}],"replies":[{"embeddable":true,"href":"https:\/\/permakultur-landwirtschaft.org\/fr\/wp-json\/wp\/v2\/comments?post=36922"}],"version-history":[{"count":1,"href":"https:\/\/permakultur-landwirtschaft.org\/fr\/wp-json\/wp\/v2\/posts\/36922\/revisions"}],"predecessor-version":[{"id":36924,"href":"https:\/\/permakultur-landwirtschaft.org\/fr\/wp-json\/wp\/v2\/posts\/36922\/revisions\/36924"}],"wp:featuredmedia":[{"embeddable":true,"href":"https:\/\/permakultur-landwirtschaft.org\/fr\/wp-json\/wp\/v2\/media\/36923"}],"wp:attachment":[{"href":"https:\/\/permakultur-landwirtschaft.org\/fr\/wp-json\/wp\/v2\/media?parent=36922"}],"wp:term":[{"taxonomy":"category","embeddable":true,"href":"https:\/\/permakultur-landwirtschaft.org\/fr\/wp-json\/wp\/v2\/categories?post=36922"},{"taxonomy":"post_tag","embeddable":true,"href":"https:\/\/permakultur-landwirtschaft.org\/fr\/wp-json\/wp\/v2\/tags?post=36922"}],"curies":[{"name":"wp","href":"https:\/\/api.w.org\/{rel}","templated":true}]}}