{"id":36909,"date":"2025-07-31T11:06:45","date_gmt":"2025-07-31T09:06:45","guid":{"rendered":"https:\/\/permakultur-landwirtschaft.org\/?p=36909"},"modified":"2025-08-18T11:15:50","modified_gmt":"2025-08-18T09:15:50","slug":"aufbau-der-kompetenzplattform-permakultur-landwirtschaft-projektbericht-vom-31-juli-2025","status":"publish","type":"post","link":"https:\/\/permakultur-landwirtschaft.org\/fr\/aufbau-der-kompetenzplattform-permakultur-landwirtschaft-projektbericht-vom-31-juli-2025\/","title":{"rendered":"Aufbau der Kompetenzplattform Permakultur-Landwirtschaft &#8211; Projektbericht vom 31. Juli 2025"},"content":{"rendered":"<p>Steigende Bev\u00f6lkerungszahlen, Preisdruck, Humusverlust, Umweltbelastung, hoher Energieaufwand und diverse weitere Probleme setzen auch die Schweizer Landwirtschaft immer mehr unter Druck. Die Permakultur (Permanente Agrikultur) bietet m\u00f6gliche Ans\u00e4tze f\u00fcr eine Entwicklung hin zu einer sozial, \u00f6kologisch und \u00f6konomisch besonders nachhaltigen Form der Produktion landwirtschaftlicher Erzeugnisse. Die Nachfrage von Landwirtinnen nach Informationen und Beratung zu Permakultur \u00fcberstieg das beschr\u00e4nkt verf\u00fcgbare Angebot. <\/p>\n\n\n\n<p>Der Verein Permakultur-Landwirtschaft und die Hochschule f\u00fcr Agrar-, Forst- und Lebensmittelwissenschaften HAFL haben diese L\u00fccke mit dem vorliegenden Projekt geschlossen. Durch eine zentrale Anlaufstelle k\u00f6nnen Fragen zu Permakultur in der Landwirtschaft beantwortet werden. Ein H\u00f6fe-Netz von Pionierbetrieben wurde aufgebaut. Fachlicher Austausch wird mittels Arbeitskreisen und Exkursionen gef\u00f6rdert. Neuste Forschungserkenntnisse werden bekannt gemacht und gesammelte Erkenntnisse werden in geeigneter Form z. B. von Merkbl\u00e4ttern ver\u00f6ffentlicht. Aus- und Weiterbildung im Bereich Permakultur erg\u00e4nzen das Angebot. <\/p>\n\n\n\n<p>Zusammen mit den Projektpartnern AGRIDEA, INFORAMA und dem Forschungsinstitut f\u00fcr Biologische Landwirtschaft FiBL werden Landwirtinnen motiviert Schritt f\u00fcr Schritt in die Permakultur einzusteigen und das System erfolgreich auf ihrem Betrieb weiterzuentwickeln. Dadurch kann ein wesentlicher Beitrag zu einer produktiven, aber gleichzeitig Ressourcen schonenden Landwirtschaft geleistet werden.<\/p>\n\n\n\n<p>Zahlreiche Anfragen, Webseitenbesuche und Newsletter Abonnierende zeigen, dass dieses Angebot gesch\u00e4tzt und gut genutzt wird. Auch die Anzahl der landwirtschaftlichen Betriebe im Permakultur H\u00f6fe-Netz w\u00e4chst stetig. Die Kompetenzplattform wird daher von den Projekttr\u00e4gern nach der finanzierten Aufbauphase weitergef\u00fchrt. Die Plattform soll in den n\u00e4chsten drei Jahren weiter ausgebaut werden. Daf\u00fcr werden l\u00e4ngerfristige Partnerschaften und zus\u00e4tzliche Finanzierungen gesucht.<\/p>\n\n\n\n<p><a href=\"https:\/\/permakultur-landwirtschaft.org\/documents\/reports\/Schlussbericht_Aufbau_Kompetenzplattform_Permakultur-Landwirtschaft_20250731.pdf\" target=\"_blank\" rel=\"noreferrer noopener\">Link zum Projektbericht<\/a><\/p>","protected":false},"excerpt":{"rendered":"<p>Steigende Bev\u00f6lkerungszahlen, Preisdruck, Humusverlust, Umweltbelastung, hoher Energieaufwand und diverse weitere Probleme setzen auch die Schweizer Landwirtschaft immer mehr unter Druck. Die Permakultur (Permanente Agrikultur) bietet m\u00f6gliche Ans\u00e4tze f\u00fcr eine Entwicklung hin zu einer sozial, \u00f6kologisch und \u00f6konomisch besonders nachhaltigen Form der Produktion landwirtschaftlicher Erzeugnisse. Die Nachfrage von Landwirtinnen nach Informationen und Beratung zu Permakultur \u00fcberstieg [&hellip;]<\/p>\n","protected":false},"author":2,"featured_media":36910,"comment_status":"closed","ping_status":"closed","sticky":false,"template":"","format":"standard","meta":{"_acf_changed":false,"site-sidebar-layout":"default","site-content-layout":"","ast-site-content-layout":"default","site-content-style":"default","site-sidebar-style":"default","ast-global-header-display":"","ast-banner-title-visibility":"","ast-main-header-display":"","ast-hfb-above-header-display":"","ast-hfb-below-header-display":"","ast-hfb-mobile-header-display":"","site-post-title":"","ast-breadcrumbs-content":"","ast-featured-img":"","footer-sml-layout":"","ast-disable-related-posts":"","theme-transparent-header-meta":"","adv-header-id-meta":"","stick-header-meta":"","header-above-stick-meta":"","header-main-stick-meta":"","header-below-stick-meta":"","astra-migrate-meta-layouts":"set","ast-page-background-enabled":"default","ast-page-background-meta":{"desktop":{"background-color":"var(--ast-global-color-4)","background-image":"","background-repeat":"repeat","background-position":"center center","background-size":"auto","background-attachment":"scroll","background-type":"","background-media":"","overlay-type":"","overlay-color":"","overlay-opacity":"","overlay-gradient":""},"tablet":{"background-color":"","background-image":"","background-repeat":"repeat","background-position":"center center","background-size":"auto","background-attachment":"scroll","background-type":"","background-media":"","overlay-type":"","overlay-color":"","overlay-opacity":"","overlay-gradient":""},"mobile":{"background-color":"","background-image":"","background-repeat":"repeat","background-position":"center center","background-size":"auto","background-attachment":"scroll","background-type":"","background-media":"","overlay-type":"","overlay-color":"","overlay-opacity":"","overlay-gradient":""}},"ast-content-background-meta":{"desktop":{"background-color":"var(--ast-global-color-5)","background-image":"","background-repeat":"repeat","background-position":"center center","background-size":"auto","background-attachment":"scroll","background-type":"","background-media":"","overlay-type":"","overlay-color":"","overlay-opacity":"","overlay-gradient":""},"tablet":{"background-color":"var(--ast-global-color-5)","background-image":"","background-repeat":"repeat","background-position":"center center","background-size":"auto","background-attachment":"scroll","background-type":"","background-media":"","overlay-type":"","overlay-color":"","overlay-opacity":"","overlay-gradient":""},"mobile":{"background-color":"var(--ast-global-color-5)","background-image":"","background-repeat":"repeat","background-position":"center center","background-size":"auto","background-attachment":"scroll","background-type":"","background-media":"","overlay-type":"","overlay-color":"","overlay-opacity":"","overlay-gradient":""}},"footnotes":""},"categories":[22],"tags":[843,844,842,841],"class_list":["post-36909","post","type-post","status-publish","format-standard","has-post-thumbnail","hentry","category-neuigkeit","tag-aufbauprojekt","tag-kompetenzplattform-permakultur-landwirtschaft","tag-projektbericht","tag-schlussbericht"],"acf":[],"yoast_head":"<!-- This site is optimized with the Yoast SEO plugin v27.5 - https:\/\/yoast.com\/product\/yoast-seo-wordpress\/ -->\n<title>Aufbau der Kompetenzplattform Permakultur-Landwirtschaft - Projektbericht vom 31. Juli 2025 - Permakultur-Landwirtschaft<\/title>\n<meta name=\"description\" content=\"Mit der Kompetenzplattform als eine zentrale Anlaufstelle k\u00f6nnen Fragen zu Permakultur in der Landwirtschaft beantwortet werden.\" \/>\n<meta name=\"robots\" content=\"index, follow, max-snippet:-1, max-image-preview:large, max-video-preview:-1\" \/>\n<link rel=\"canonical\" href=\"https:\/\/permakultur-landwirtschaft.org\/fr\/aufbau-der-kompetenzplattform-permakultur-landwirtschaft-projektbericht-vom-31-juli-2025\/\" \/>\n<meta property=\"og:locale\" content=\"fr_FR\" \/>\n<meta property=\"og:type\" content=\"article\" \/>\n<meta property=\"og:title\" content=\"Aufbau der Kompetenzplattform Permakultur-Landwirtschaft - Projektbericht vom 31. Juli 2025 - Permakultur-Landwirtschaft\" \/>\n<meta property=\"og:description\" content=\"Mit der Kompetenzplattform als eine zentrale Anlaufstelle k\u00f6nnen Fragen zu Permakultur in der Landwirtschaft beantwortet werden.\" \/>\n<meta property=\"og:url\" content=\"https:\/\/permakultur-landwirtschaft.org\/fr\/aufbau-der-kompetenzplattform-permakultur-landwirtschaft-projektbericht-vom-31-juli-2025\/\" \/>\n<meta property=\"og:site_name\" content=\"Permakultur-Landwirtschaft\" \/>\n<meta property=\"article:publisher\" content=\"https:\/\/www.facebook.com\/PermakulturLandwirtschaft\" \/>\n<meta property=\"article:published_time\" content=\"2025-07-31T09:06:45+00:00\" \/>\n<meta property=\"article:modified_time\" content=\"2025-08-18T09:15:50+00:00\" \/>\n<meta property=\"og:image\" content=\"https:\/\/permakultur-landwirtschaft.org\/wp-content\/uploads\/2025\/08\/schlussbericht_markus_bucher_2025-08-18_11-06-07.jpg\" \/>\n\t<meta property=\"og:image:width\" content=\"698\" \/>\n\t<meta property=\"og:image:height\" content=\"422\" \/>\n\t<meta property=\"og:image:type\" content=\"image\/jpeg\" \/>\n<meta name=\"author\" content=\"adrian reutimann\" \/>\n<meta name=\"twitter:card\" content=\"summary_large_image\" \/>\n<meta name=\"twitter:label1\" content=\"\u00c9crit par\" \/>\n\t<meta name=\"twitter:data1\" content=\"adrian reutimann\" \/>\n\t<meta name=\"twitter:label2\" content=\"Dur\u00e9e de lecture estim\u00e9e\" \/>\n\t<meta name=\"twitter:data2\" content=\"2 minutes\" \/>\n<script type=\"application\/ld+json\" class=\"yoast-schema-graph\">{\"@context\":\"https:\\\/\\\/schema.org\",\"@graph\":[{\"@type\":\"Article\",\"@id\":\"https:\\\/\\\/permakultur-landwirtschaft.org\\\/aufbau-der-kompetenzplattform-permakultur-landwirtschaft-projektbericht-vom-31-juli-2025\\\/#article\",\"isPartOf\":{\"@id\":\"https:\\\/\\\/permakultur-landwirtschaft.org\\\/aufbau-der-kompetenzplattform-permakultur-landwirtschaft-projektbericht-vom-31-juli-2025\\\/\"},\"author\":{\"name\":\"adrian reutimann\",\"@id\":\"https:\\\/\\\/permakultur-landwirtschaft.org\\\/#\\\/schema\\\/person\\\/6b0467872f75aed3e144093f9bf4f0b0\"},\"headline\":\"Aufbau der Kompetenzplattform Permakultur-Landwirtschaft &#8211; Projektbericht vom 31. Juli 2025\",\"datePublished\":\"2025-07-31T09:06:45+00:00\",\"dateModified\":\"2025-08-18T09:15:50+00:00\",\"mainEntityOfPage\":{\"@id\":\"https:\\\/\\\/permakultur-landwirtschaft.org\\\/aufbau-der-kompetenzplattform-permakultur-landwirtschaft-projektbericht-vom-31-juli-2025\\\/\"},\"wordCount\":271,\"publisher\":{\"@id\":\"https:\\\/\\\/permakultur-landwirtschaft.org\\\/#organization\"},\"image\":{\"@id\":\"https:\\\/\\\/permakultur-landwirtschaft.org\\\/aufbau-der-kompetenzplattform-permakultur-landwirtschaft-projektbericht-vom-31-juli-2025\\\/#primaryimage\"},\"thumbnailUrl\":\"https:\\\/\\\/permakultur-landwirtschaft.org\\\/wp-content\\\/uploads\\\/2025\\\/08\\\/schlussbericht_markus_bucher_2025-08-18_11-06-07.jpg\",\"keywords\":[\"Aufbauprojekt\",\"Kompetenzplattform Permakultur-Landwirtschaft\",\"Projektbericht\",\"Schlussbericht\"],\"articleSection\":[\"Neuigkeit\"],\"inLanguage\":\"fr-FR\"},{\"@type\":\"WebPage\",\"@id\":\"https:\\\/\\\/permakultur-landwirtschaft.org\\\/aufbau-der-kompetenzplattform-permakultur-landwirtschaft-projektbericht-vom-31-juli-2025\\\/\",\"url\":\"https:\\\/\\\/permakultur-landwirtschaft.org\\\/aufbau-der-kompetenzplattform-permakultur-landwirtschaft-projektbericht-vom-31-juli-2025\\\/\",\"name\":\"Aufbau der Kompetenzplattform Permakultur-Landwirtschaft - Projektbericht vom 31. Juli 2025 - Permakultur-Landwirtschaft\",\"isPartOf\":{\"@id\":\"https:\\\/\\\/permakultur-landwirtschaft.org\\\/#website\"},\"primaryImageOfPage\":{\"@id\":\"https:\\\/\\\/permakultur-landwirtschaft.org\\\/aufbau-der-kompetenzplattform-permakultur-landwirtschaft-projektbericht-vom-31-juli-2025\\\/#primaryimage\"},\"image\":{\"@id\":\"https:\\\/\\\/permakultur-landwirtschaft.org\\\/aufbau-der-kompetenzplattform-permakultur-landwirtschaft-projektbericht-vom-31-juli-2025\\\/#primaryimage\"},\"thumbnailUrl\":\"https:\\\/\\\/permakultur-landwirtschaft.org\\\/wp-content\\\/uploads\\\/2025\\\/08\\\/schlussbericht_markus_bucher_2025-08-18_11-06-07.jpg\",\"datePublished\":\"2025-07-31T09:06:45+00:00\",\"dateModified\":\"2025-08-18T09:15:50+00:00\",\"description\":\"Mit der Kompetenzplattform als eine zentrale Anlaufstelle k\u00f6nnen Fragen zu Permakultur in der Landwirtschaft beantwortet werden.\",\"breadcrumb\":{\"@id\":\"https:\\\/\\\/permakultur-landwirtschaft.org\\\/aufbau-der-kompetenzplattform-permakultur-landwirtschaft-projektbericht-vom-31-juli-2025\\\/#breadcrumb\"},\"inLanguage\":\"fr-FR\",\"potentialAction\":[{\"@type\":\"ReadAction\",\"target\":[\"https:\\\/\\\/permakultur-landwirtschaft.org\\\/aufbau-der-kompetenzplattform-permakultur-landwirtschaft-projektbericht-vom-31-juli-2025\\\/\"]}]},{\"@type\":\"ImageObject\",\"inLanguage\":\"fr-FR\",\"@id\":\"https:\\\/\\\/permakultur-landwirtschaft.org\\\/aufbau-der-kompetenzplattform-permakultur-landwirtschaft-projektbericht-vom-31-juli-2025\\\/#primaryimage\",\"url\":\"https:\\\/\\\/permakultur-landwirtschaft.org\\\/wp-content\\\/uploads\\\/2025\\\/08\\\/schlussbericht_markus_bucher_2025-08-18_11-06-07.jpg\",\"contentUrl\":\"https:\\\/\\\/permakultur-landwirtschaft.org\\\/wp-content\\\/uploads\\\/2025\\\/08\\\/schlussbericht_markus_bucher_2025-08-18_11-06-07.jpg\",\"width\":698,\"height\":422,\"caption\":\"Bild: Adrian Reutimann\"},{\"@type\":\"BreadcrumbList\",\"@id\":\"https:\\\/\\\/permakultur-landwirtschaft.org\\\/aufbau-der-kompetenzplattform-permakultur-landwirtschaft-projektbericht-vom-31-juli-2025\\\/#breadcrumb\",\"itemListElement\":[{\"@type\":\"ListItem\",\"position\":1,\"name\":\"Startseite\",\"item\":\"https:\\\/\\\/permakultur-landwirtschaft.org\\\/\"},{\"@type\":\"ListItem\",\"position\":2,\"name\":\"Aufbau der Kompetenzplattform Permakultur-Landwirtschaft &#8211; Projektbericht vom 31. Juli 2025\"}]},{\"@type\":\"WebSite\",\"@id\":\"https:\\\/\\\/permakultur-landwirtschaft.org\\\/#website\",\"url\":\"https:\\\/\\\/permakultur-landwirtschaft.org\\\/\",\"name\":\"Permakultur-Landwirtschaft\",\"description\":\"F\u00f6rderung der Permakultur in der Landwirtschaft\",\"publisher\":{\"@id\":\"https:\\\/\\\/permakultur-landwirtschaft.org\\\/#organization\"},\"potentialAction\":[{\"@type\":\"SearchAction\",\"target\":{\"@type\":\"EntryPoint\",\"urlTemplate\":\"https:\\\/\\\/permakultur-landwirtschaft.org\\\/?s={search_term_string}\"},\"query-input\":{\"@type\":\"PropertyValueSpecification\",\"valueRequired\":true,\"valueName\":\"search_term_string\"}}],\"inLanguage\":\"fr-FR\"},{\"@type\":\"Organization\",\"@id\":\"https:\\\/\\\/permakultur-landwirtschaft.org\\\/#organization\",\"name\":\"Permakultur-Landwirtschaft\",\"alternateName\":\"Verein Permakultur-Landwirtschaft\",\"url\":\"https:\\\/\\\/permakultur-landwirtschaft.org\\\/\",\"logo\":{\"@type\":\"ImageObject\",\"inLanguage\":\"fr-FR\",\"@id\":\"https:\\\/\\\/permakultur-landwirtschaft.org\\\/#\\\/schema\\\/logo\\\/image\\\/\",\"url\":\"https:\\\/\\\/permakultur-landwirtschaft.org\\\/wp-content\\\/uploads\\\/2021\\\/11\\\/pela_1268x1269.png\",\"contentUrl\":\"https:\\\/\\\/permakultur-landwirtschaft.org\\\/wp-content\\\/uploads\\\/2021\\\/11\\\/pela_1268x1269.png\",\"width\":1298,\"height\":1269,\"caption\":\"Permakultur-Landwirtschaft\"},\"image\":{\"@id\":\"https:\\\/\\\/permakultur-landwirtschaft.org\\\/#\\\/schema\\\/logo\\\/image\\\/\"},\"sameAs\":[\"https:\\\/\\\/www.facebook.com\\\/PermakulturLandwirtschaft\",\"https:\\\/\\\/www.instagram.com\\\/permakultur_landwirtschaft\\\/\",\"https:\\\/\\\/www.flickr.com\\\/photos\\\/permakultur-landwirtschaft\",\"https:\\\/\\\/www.youtube.com\\\/@PermakulturLandwirtschaft\"]},{\"@type\":\"Person\",\"@id\":\"https:\\\/\\\/permakultur-landwirtschaft.org\\\/#\\\/schema\\\/person\\\/6b0467872f75aed3e144093f9bf4f0b0\",\"name\":\"adrian reutimann\",\"url\":\"https:\\\/\\\/permakultur-landwirtschaft.org\\\/fr\\\/author\\\/reutiadr\\\/\"}]}<\/script>\n<!-- \/ Yoast SEO plugin. -->","yoast_head_json":{"title":"Aufbau der Kompetenzplattform Permakultur-Landwirtschaft - Projektbericht vom 31. Juli 2025 - Permakultur-Landwirtschaft","description":"Mit der Kompetenzplattform als eine zentrale Anlaufstelle k\u00f6nnen Fragen zu Permakultur in der Landwirtschaft beantwortet werden.","robots":{"index":"index","follow":"follow","max-snippet":"max-snippet:-1","max-image-preview":"max-image-preview:large","max-video-preview":"max-video-preview:-1"},"canonical":"https:\/\/permakultur-landwirtschaft.org\/fr\/aufbau-der-kompetenzplattform-permakultur-landwirtschaft-projektbericht-vom-31-juli-2025\/","og_locale":"fr_FR","og_type":"article","og_title":"Aufbau der Kompetenzplattform Permakultur-Landwirtschaft - Projektbericht vom 31. Juli 2025 - Permakultur-Landwirtschaft","og_description":"Mit der Kompetenzplattform als eine zentrale Anlaufstelle k\u00f6nnen Fragen zu Permakultur in der Landwirtschaft beantwortet werden.","og_url":"https:\/\/permakultur-landwirtschaft.org\/fr\/aufbau-der-kompetenzplattform-permakultur-landwirtschaft-projektbericht-vom-31-juli-2025\/","og_site_name":"Permakultur-Landwirtschaft","article_publisher":"https:\/\/www.facebook.com\/PermakulturLandwirtschaft","article_published_time":"2025-07-31T09:06:45+00:00","article_modified_time":"2025-08-18T09:15:50+00:00","og_image":[{"width":698,"height":422,"url":"https:\/\/permakultur-landwirtschaft.org\/wp-content\/uploads\/2025\/08\/schlussbericht_markus_bucher_2025-08-18_11-06-07.jpg","type":"image\/jpeg"}],"author":"adrian reutimann","twitter_card":"summary_large_image","twitter_misc":{"\u00c9crit par":"adrian reutimann","Dur\u00e9e de lecture estim\u00e9e":"2 minutes"},"schema":{"@context":"https:\/\/schema.org","@graph":[{"@type":"Article","@id":"https:\/\/permakultur-landwirtschaft.org\/aufbau-der-kompetenzplattform-permakultur-landwirtschaft-projektbericht-vom-31-juli-2025\/#article","isPartOf":{"@id":"https:\/\/permakultur-landwirtschaft.org\/aufbau-der-kompetenzplattform-permakultur-landwirtschaft-projektbericht-vom-31-juli-2025\/"},"author":{"name":"adrian reutimann","@id":"https:\/\/permakultur-landwirtschaft.org\/#\/schema\/person\/6b0467872f75aed3e144093f9bf4f0b0"},"headline":"Aufbau der Kompetenzplattform Permakultur-Landwirtschaft &#8211; Projektbericht vom 31. Juli 2025","datePublished":"2025-07-31T09:06:45+00:00","dateModified":"2025-08-18T09:15:50+00:00","mainEntityOfPage":{"@id":"https:\/\/permakultur-landwirtschaft.org\/aufbau-der-kompetenzplattform-permakultur-landwirtschaft-projektbericht-vom-31-juli-2025\/"},"wordCount":271,"publisher":{"@id":"https:\/\/permakultur-landwirtschaft.org\/#organization"},"image":{"@id":"https:\/\/permakultur-landwirtschaft.org\/aufbau-der-kompetenzplattform-permakultur-landwirtschaft-projektbericht-vom-31-juli-2025\/#primaryimage"},"thumbnailUrl":"https:\/\/permakultur-landwirtschaft.org\/wp-content\/uploads\/2025\/08\/schlussbericht_markus_bucher_2025-08-18_11-06-07.jpg","keywords":["Aufbauprojekt","Kompetenzplattform Permakultur-Landwirtschaft","Projektbericht","Schlussbericht"],"articleSection":["Neuigkeit"],"inLanguage":"fr-FR"},{"@type":"WebPage","@id":"https:\/\/permakultur-landwirtschaft.org\/aufbau-der-kompetenzplattform-permakultur-landwirtschaft-projektbericht-vom-31-juli-2025\/","url":"https:\/\/permakultur-landwirtschaft.org\/aufbau-der-kompetenzplattform-permakultur-landwirtschaft-projektbericht-vom-31-juli-2025\/","name":"Aufbau der Kompetenzplattform Permakultur-Landwirtschaft - Projektbericht vom 31. Juli 2025 - Permakultur-Landwirtschaft","isPartOf":{"@id":"https:\/\/permakultur-landwirtschaft.org\/#website"},"primaryImageOfPage":{"@id":"https:\/\/permakultur-landwirtschaft.org\/aufbau-der-kompetenzplattform-permakultur-landwirtschaft-projektbericht-vom-31-juli-2025\/#primaryimage"},"image":{"@id":"https:\/\/permakultur-landwirtschaft.org\/aufbau-der-kompetenzplattform-permakultur-landwirtschaft-projektbericht-vom-31-juli-2025\/#primaryimage"},"thumbnailUrl":"https:\/\/permakultur-landwirtschaft.org\/wp-content\/uploads\/2025\/08\/schlussbericht_markus_bucher_2025-08-18_11-06-07.jpg","datePublished":"2025-07-31T09:06:45+00:00","dateModified":"2025-08-18T09:15:50+00:00","description":"Mit der Kompetenzplattform als eine zentrale Anlaufstelle k\u00f6nnen Fragen zu Permakultur in der Landwirtschaft beantwortet werden.","breadcrumb":{"@id":"https:\/\/permakultur-landwirtschaft.org\/aufbau-der-kompetenzplattform-permakultur-landwirtschaft-projektbericht-vom-31-juli-2025\/#breadcrumb"},"inLanguage":"fr-FR","potentialAction":[{"@type":"ReadAction","target":["https:\/\/permakultur-landwirtschaft.org\/aufbau-der-kompetenzplattform-permakultur-landwirtschaft-projektbericht-vom-31-juli-2025\/"]}]},{"@type":"ImageObject","inLanguage":"fr-FR","@id":"https:\/\/permakultur-landwirtschaft.org\/aufbau-der-kompetenzplattform-permakultur-landwirtschaft-projektbericht-vom-31-juli-2025\/#primaryimage","url":"https:\/\/permakultur-landwirtschaft.org\/wp-content\/uploads\/2025\/08\/schlussbericht_markus_bucher_2025-08-18_11-06-07.jpg","contentUrl":"https:\/\/permakultur-landwirtschaft.org\/wp-content\/uploads\/2025\/08\/schlussbericht_markus_bucher_2025-08-18_11-06-07.jpg","width":698,"height":422,"caption":"Bild: Adrian Reutimann"},{"@type":"BreadcrumbList","@id":"https:\/\/permakultur-landwirtschaft.org\/aufbau-der-kompetenzplattform-permakultur-landwirtschaft-projektbericht-vom-31-juli-2025\/#breadcrumb","itemListElement":[{"@type":"ListItem","position":1,"name":"Startseite","item":"https:\/\/permakultur-landwirtschaft.org\/"},{"@type":"ListItem","position":2,"name":"Aufbau der Kompetenzplattform Permakultur-Landwirtschaft &#8211; Projektbericht vom 31. Juli 2025"}]},{"@type":"WebSite","@id":"https:\/\/permakultur-landwirtschaft.org\/#website","url":"https:\/\/permakultur-landwirtschaft.org\/","name":"Permakultur-Landwirtschaft","description":"F\u00f6rderung der Permakultur in der Landwirtschaft","publisher":{"@id":"https:\/\/permakultur-landwirtschaft.org\/#organization"},"potentialAction":[{"@type":"SearchAction","target":{"@type":"EntryPoint","urlTemplate":"https:\/\/permakultur-landwirtschaft.org\/?s={search_term_string}"},"query-input":{"@type":"PropertyValueSpecification","valueRequired":true,"valueName":"search_term_string"}}],"inLanguage":"fr-FR"},{"@type":"Organization","@id":"https:\/\/permakultur-landwirtschaft.org\/#organization","name":"Permakultur-Landwirtschaft","alternateName":"Verein Permakultur-Landwirtschaft","url":"https:\/\/permakultur-landwirtschaft.org\/","logo":{"@type":"ImageObject","inLanguage":"fr-FR","@id":"https:\/\/permakultur-landwirtschaft.org\/#\/schema\/logo\/image\/","url":"https:\/\/permakultur-landwirtschaft.org\/wp-content\/uploads\/2021\/11\/pela_1268x1269.png","contentUrl":"https:\/\/permakultur-landwirtschaft.org\/wp-content\/uploads\/2021\/11\/pela_1268x1269.png","width":1298,"height":1269,"caption":"Permakultur-Landwirtschaft"},"image":{"@id":"https:\/\/permakultur-landwirtschaft.org\/#\/schema\/logo\/image\/"},"sameAs":["https:\/\/www.facebook.com\/PermakulturLandwirtschaft","https:\/\/www.instagram.com\/permakultur_landwirtschaft\/","https:\/\/www.flickr.com\/photos\/permakultur-landwirtschaft","https:\/\/www.youtube.com\/@PermakulturLandwirtschaft"]},{"@type":"Person","@id":"https:\/\/permakultur-landwirtschaft.org\/#\/schema\/person\/6b0467872f75aed3e144093f9bf4f0b0","name":"adrian reutimann","url":"https:\/\/permakultur-landwirtschaft.org\/fr\/author\/reutiadr\/"}]}},"_links":{"self":[{"href":"https:\/\/permakultur-landwirtschaft.org\/fr\/wp-json\/wp\/v2\/posts\/36909","targetHints":{"allow":["GET"]}}],"collection":[{"href":"https:\/\/permakultur-landwirtschaft.org\/fr\/wp-json\/wp\/v2\/posts"}],"about":[{"href":"https:\/\/permakultur-landwirtschaft.org\/fr\/wp-json\/wp\/v2\/types\/post"}],"author":[{"embeddable":true,"href":"https:\/\/permakultur-landwirtschaft.org\/fr\/wp-json\/wp\/v2\/users\/2"}],"replies":[{"embeddable":true,"href":"https:\/\/permakultur-landwirtschaft.org\/fr\/wp-json\/wp\/v2\/comments?post=36909"}],"version-history":[{"count":1,"href":"https:\/\/permakultur-landwirtschaft.org\/fr\/wp-json\/wp\/v2\/posts\/36909\/revisions"}],"predecessor-version":[{"id":36911,"href":"https:\/\/permakultur-landwirtschaft.org\/fr\/wp-json\/wp\/v2\/posts\/36909\/revisions\/36911"}],"wp:featuredmedia":[{"embeddable":true,"href":"https:\/\/permakultur-landwirtschaft.org\/fr\/wp-json\/wp\/v2\/media\/36910"}],"wp:attachment":[{"href":"https:\/\/permakultur-landwirtschaft.org\/fr\/wp-json\/wp\/v2\/media?parent=36909"}],"wp:term":[{"taxonomy":"category","embeddable":true,"href":"https:\/\/permakultur-landwirtschaft.org\/fr\/wp-json\/wp\/v2\/categories?post=36909"},{"taxonomy":"post_tag","embeddable":true,"href":"https:\/\/permakultur-landwirtschaft.org\/fr\/wp-json\/wp\/v2\/tags?post=36909"}],"curies":[{"name":"wp","href":"https:\/\/api.w.org\/{rel}","templated":true}]}}