{"id":36896,"date":"2025-08-14T14:59:34","date_gmt":"2025-08-14T12:59:34","guid":{"rendered":"https:\/\/permakultur-landwirtschaft.org\/?p=36896"},"modified":"2025-08-14T14:59:34","modified_gmt":"2025-08-14T12:59:34","slug":"selbsterntegaerten-und-patenschaften-in-der-praxis-anlass-am-10-september-2025","status":"publish","type":"post","link":"https:\/\/permakultur-landwirtschaft.org\/fr\/selbsterntegaerten-und-patenschaften-in-der-praxis-anlass-am-10-september-2025\/","title":{"rendered":"Selbsternteg\u00e4rten und Patenschaften in der Praxis &#8211; Anlass am 10. September 2025"},"content":{"rendered":"<p>Text von www.bioaktuell.ch:<\/p>\n\n\n\n<p>Selbsternteg\u00e4rten und landwirtschaftliche Patenschaften sind innovative Formen der Direktvermarktung, die Konsumentinnen und Konsumenten einbinden. In Deutschland und \u00d6sterreich sind die Modelle bereits vielerorts etabliert. Sie bieten alternative Finanzierungsm\u00f6glichkeiten und schaffen mehr Planungssicherheit. Wie funktionieren diese Modelle und wie lassen sie sich auf dem eigenen Betrieb umsetzen? Dazu organisiert das FiBL im September zwei kostenlose Infoveranstaltungen in der Deutschschweiz.<\/p>\n\n\n\n<p>Bei Selbsternteg\u00e4rten lassen sich zwei Varianten unterscheiden: Vorbereitete Gem\u00fcseparzellen werden w\u00e4hrend der Gartensaison an Interessierte zur Pflege und Ernte \u00fcberlassen. Alternativ \u00fcbernimmt der landwirtschaftliche Betrieb auch die Pflege \u2013 und Kundinnen und Kunden mit einem Ernte-Abonnement kommen regelm\u00e4ssig zur Ernte auf den Betrieb.<\/p>\n\n\n\n<p>Durch eine einj\u00e4hrige oder mehrj\u00e4hrige Patenschaft f\u00fcr einen Baum oder ein Tier unterst\u00fctzen Konsumentinnen und Konsumenten finanziell den Betrieb und erhalten, je nach Variante, einen Teil der Produktion, zum Beispiel Milch, Fleisch oder Obst.<\/p>\n\n\n\n<p>Von anderen Praktiker*innen lernen<\/p>\n\n\n\n<p>Wie Selbsternteg\u00e4rten und Patenschaften in der Praxis funktionieren und sich auf dem eigenen Betrieb umsetzen lassen, darum geht es bei zwei Anl\u00e4ssen auf Biobetrieben mit unterschiedlichen Selbsterntegarten-Modellen: am 5. September 2025 in Sarnen OW und am 10. September in Gr\u00fct ZH. Am Vormittag berichten Betriebsleitende sowie Landwirtinnen und Landwirte aus der Schweiz, \u00d6sterreich und Deutschland \u00fcber ihre Erfahrungen, Herausforderungen und L\u00f6sungsans\u00e4tze bei der praktischen Umsetzung der verschiedenen Modelle. Am Nachmittag stehen die Besichtigung der Gartenanlage und der pers\u00f6nliche Austausch vor Ort im Zentrum.<\/p>\n\n\n\n<p>Die Anl\u00e4sse k\u00f6nnen unabh\u00e4ngig voneinander besucht werden. Eine Anmeldung f\u00fcr die halb- oder ganzt\u00e4gige Teilnahme ist erforderlich.<\/p>\n\n\n\n<p>Die F\u00f6rderung und st\u00e4rkere Verankerung von Selbsternteg\u00e4rten und Patenschaftsmodellen in der Schweiz ist Ziel eines aktuellen Projekts des FiBL, welches in Zusammenarbeit mit Agridea und Bio Suisse durchgef\u00fchrt wird. Neben den Infoveranstaltungen werden im Projekt unter anderem auch Merkbl\u00e4tter mit zahlreichen Praxistipps erstellt.<\/p>\n\n\n\n<p><strong>Wann<\/strong><br>Mittwoch, 10. September 2025, 9:00 bis 16:30&nbsp;<\/p>\n\n\n\n<p><strong>Wo<\/strong><br>Biohof Rinderbrunnen<br>Gr\u00fctstrasse 141<br>8624 Gr\u00fct, ZH<\/p>\n\n\n\n<p><a href=\"https:\/\/www.bioaktuell.ch\/aktuell\/agenda\/termin\/selbsterntegaerten-und-patenschaften-in-der-praxis-zh\" target=\"_blank\" rel=\"noreferrer noopener\">Link zu mehr Infos und Anmeldung<\/a><\/p>","protected":false},"excerpt":{"rendered":"<p>Text von www.bioaktuell.ch: Selbsternteg\u00e4rten und landwirtschaftliche Patenschaften sind innovative Formen der Direktvermarktung, die Konsumentinnen und Konsumenten einbinden. In Deutschland und \u00d6sterreich sind die Modelle bereits vielerorts etabliert. Sie bieten alternative Finanzierungsm\u00f6glichkeiten und schaffen mehr Planungssicherheit. Wie funktionieren diese Modelle und wie lassen sie sich auf dem eigenen Betrieb umsetzen? Dazu organisiert das FiBL im September [&hellip;]<\/p>\n","protected":false},"author":2,"featured_media":36894,"comment_status":"closed","ping_status":"closed","sticky":false,"template":"","format":"standard","meta":{"_acf_changed":false,"site-sidebar-layout":"default","site-content-layout":"","ast-site-content-layout":"default","site-content-style":"default","site-sidebar-style":"default","ast-global-header-display":"","ast-banner-title-visibility":"","ast-main-header-display":"","ast-hfb-above-header-display":"","ast-hfb-below-header-display":"","ast-hfb-mobile-header-display":"","site-post-title":"","ast-breadcrumbs-content":"","ast-featured-img":"","footer-sml-layout":"","ast-disable-related-posts":"","theme-transparent-header-meta":"","adv-header-id-meta":"","stick-header-meta":"","header-above-stick-meta":"","header-main-stick-meta":"","header-below-stick-meta":"","astra-migrate-meta-layouts":"set","ast-page-background-enabled":"default","ast-page-background-meta":{"desktop":{"background-color":"var(--ast-global-color-4)","background-image":"","background-repeat":"repeat","background-position":"center center","background-size":"auto","background-attachment":"scroll","background-type":"","background-media":"","overlay-type":"","overlay-color":"","overlay-opacity":"","overlay-gradient":""},"tablet":{"background-color":"","background-image":"","background-repeat":"repeat","background-position":"center center","background-size":"auto","background-attachment":"scroll","background-type":"","background-media":"","overlay-type":"","overlay-color":"","overlay-opacity":"","overlay-gradient":""},"mobile":{"background-color":"","background-image":"","background-repeat":"repeat","background-position":"center center","background-size":"auto","background-attachment":"scroll","background-type":"","background-media":"","overlay-type":"","overlay-color":"","overlay-opacity":"","overlay-gradient":""}},"ast-content-background-meta":{"desktop":{"background-color":"var(--ast-global-color-5)","background-image":"","background-repeat":"repeat","background-position":"center center","background-size":"auto","background-attachment":"scroll","background-type":"","background-media":"","overlay-type":"","overlay-color":"","overlay-opacity":"","overlay-gradient":""},"tablet":{"background-color":"var(--ast-global-color-5)","background-image":"","background-repeat":"repeat","background-position":"center center","background-size":"auto","background-attachment":"scroll","background-type":"","background-media":"","overlay-type":"","overlay-color":"","overlay-opacity":"","overlay-gradient":""},"mobile":{"background-color":"var(--ast-global-color-5)","background-image":"","background-repeat":"repeat","background-position":"center center","background-size":"auto","background-attachment":"scroll","background-type":"","background-media":"","overlay-type":"","overlay-color":"","overlay-opacity":"","overlay-gradient":""}},"footnotes":""},"categories":[14],"tags":[144,142,840,36,838,839,837],"class_list":["post-36896","post","type-post","status-publish","format-standard","has-post-thumbnail","hentry","category-veranstaltung","tag-direktvermarktung","tag-fibl","tag-gruet","tag-kurs","tag-patenschaften","tag-sarnen","tag-selbsterntegaerten"],"acf":[],"yoast_head":"<!-- This site is optimized with the Yoast SEO plugin v27.5 - https:\/\/yoast.com\/product\/yoast-seo-wordpress\/ -->\n<title>Selbsternteg\u00e4rten und Patenschaften in der Praxis - Anlass am 10. September 2025 - Permakultur-Landwirtschaft<\/title>\n<meta name=\"description\" content=\"Selbsternteg\u00e4rten und landwirtschaftliche Patenschaften sind innovative Formen der Direktvermarktung, die Konsumierende einbinden\" \/>\n<meta name=\"robots\" content=\"index, follow, max-snippet:-1, max-image-preview:large, max-video-preview:-1\" \/>\n<link rel=\"canonical\" href=\"https:\/\/permakultur-landwirtschaft.org\/fr\/selbsterntegaerten-und-patenschaften-in-der-praxis-anlass-am-10-september-2025\/\" \/>\n<meta property=\"og:locale\" content=\"fr_FR\" \/>\n<meta property=\"og:type\" content=\"article\" \/>\n<meta property=\"og:title\" content=\"Selbsternteg\u00e4rten und Patenschaften in der Praxis - Anlass am 10. September 2025 - Permakultur-Landwirtschaft\" \/>\n<meta property=\"og:description\" content=\"Selbsternteg\u00e4rten und landwirtschaftliche Patenschaften sind innovative Formen der Direktvermarktung, die Konsumierende einbinden\" \/>\n<meta property=\"og:url\" content=\"https:\/\/permakultur-landwirtschaft.org\/fr\/selbsterntegaerten-und-patenschaften-in-der-praxis-anlass-am-10-september-2025\/\" \/>\n<meta property=\"og:site_name\" content=\"Permakultur-Landwirtschaft\" \/>\n<meta property=\"article:publisher\" content=\"https:\/\/www.facebook.com\/PermakulturLandwirtschaft\" \/>\n<meta property=\"article:published_time\" content=\"2025-08-14T12:59:34+00:00\" \/>\n<meta property=\"og:image\" content=\"https:\/\/permakultur-landwirtschaft.org\/wp-content\/uploads\/2025\/08\/selbsternten_fibl_kurs_2025-08-14_14-51-13.jpg\" \/>\n\t<meta property=\"og:image:width\" content=\"700\" \/>\n\t<meta property=\"og:image:height\" content=\"389\" \/>\n\t<meta property=\"og:image:type\" content=\"image\/jpeg\" \/>\n<meta name=\"author\" content=\"adrian reutimann\" \/>\n<meta name=\"twitter:card\" content=\"summary_large_image\" \/>\n<meta name=\"twitter:label1\" content=\"\u00c9crit par\" \/>\n\t<meta name=\"twitter:data1\" content=\"adrian reutimann\" \/>\n\t<meta name=\"twitter:label2\" content=\"Dur\u00e9e de lecture estim\u00e9e\" \/>\n\t<meta name=\"twitter:data2\" content=\"2 minutes\" \/>\n<script type=\"application\/ld+json\" class=\"yoast-schema-graph\">{\"@context\":\"https:\\\/\\\/schema.org\",\"@graph\":[{\"@type\":\"Article\",\"@id\":\"https:\\\/\\\/permakultur-landwirtschaft.org\\\/selbsterntegaerten-und-patenschaften-in-der-praxis-anlass-am-10-september-2025\\\/#article\",\"isPartOf\":{\"@id\":\"https:\\\/\\\/permakultur-landwirtschaft.org\\\/selbsterntegaerten-und-patenschaften-in-der-praxis-anlass-am-10-september-2025\\\/\"},\"author\":{\"name\":\"adrian reutimann\",\"@id\":\"https:\\\/\\\/permakultur-landwirtschaft.org\\\/#\\\/schema\\\/person\\\/6b0467872f75aed3e144093f9bf4f0b0\"},\"headline\":\"Selbsternteg\u00e4rten und Patenschaften in der Praxis &#8211; Anlass am 10. September 2025\",\"datePublished\":\"2025-08-14T12:59:34+00:00\",\"mainEntityOfPage\":{\"@id\":\"https:\\\/\\\/permakultur-landwirtschaft.org\\\/selbsterntegaerten-und-patenschaften-in-der-praxis-anlass-am-10-september-2025\\\/\"},\"wordCount\":339,\"publisher\":{\"@id\":\"https:\\\/\\\/permakultur-landwirtschaft.org\\\/#organization\"},\"image\":{\"@id\":\"https:\\\/\\\/permakultur-landwirtschaft.org\\\/selbsterntegaerten-und-patenschaften-in-der-praxis-anlass-am-10-september-2025\\\/#primaryimage\"},\"thumbnailUrl\":\"https:\\\/\\\/permakultur-landwirtschaft.org\\\/wp-content\\\/uploads\\\/2025\\\/08\\\/selbsternten_fibl_kurs_2025-08-14_14-51-13.jpg\",\"keywords\":[\"Direktvermarktung\",\"FiBL\",\"Gr\u00fct\",\"Kurs\",\"Patenschaften\",\"Sarnen\",\"Selbsternteg\u00e4rten\"],\"articleSection\":[\"Veranstaltung\"],\"inLanguage\":\"fr-FR\"},{\"@type\":\"WebPage\",\"@id\":\"https:\\\/\\\/permakultur-landwirtschaft.org\\\/selbsterntegaerten-und-patenschaften-in-der-praxis-anlass-am-10-september-2025\\\/\",\"url\":\"https:\\\/\\\/permakultur-landwirtschaft.org\\\/selbsterntegaerten-und-patenschaften-in-der-praxis-anlass-am-10-september-2025\\\/\",\"name\":\"Selbsternteg\u00e4rten und Patenschaften in der Praxis - Anlass am 10. September 2025 - Permakultur-Landwirtschaft\",\"isPartOf\":{\"@id\":\"https:\\\/\\\/permakultur-landwirtschaft.org\\\/#website\"},\"primaryImageOfPage\":{\"@id\":\"https:\\\/\\\/permakultur-landwirtschaft.org\\\/selbsterntegaerten-und-patenschaften-in-der-praxis-anlass-am-10-september-2025\\\/#primaryimage\"},\"image\":{\"@id\":\"https:\\\/\\\/permakultur-landwirtschaft.org\\\/selbsterntegaerten-und-patenschaften-in-der-praxis-anlass-am-10-september-2025\\\/#primaryimage\"},\"thumbnailUrl\":\"https:\\\/\\\/permakultur-landwirtschaft.org\\\/wp-content\\\/uploads\\\/2025\\\/08\\\/selbsternten_fibl_kurs_2025-08-14_14-51-13.jpg\",\"datePublished\":\"2025-08-14T12:59:34+00:00\",\"description\":\"Selbsternteg\u00e4rten und landwirtschaftliche Patenschaften sind innovative Formen der Direktvermarktung, die Konsumierende einbinden\",\"breadcrumb\":{\"@id\":\"https:\\\/\\\/permakultur-landwirtschaft.org\\\/selbsterntegaerten-und-patenschaften-in-der-praxis-anlass-am-10-september-2025\\\/#breadcrumb\"},\"inLanguage\":\"fr-FR\",\"potentialAction\":[{\"@type\":\"ReadAction\",\"target\":[\"https:\\\/\\\/permakultur-landwirtschaft.org\\\/selbsterntegaerten-und-patenschaften-in-der-praxis-anlass-am-10-september-2025\\\/\"]}]},{\"@type\":\"ImageObject\",\"inLanguage\":\"fr-FR\",\"@id\":\"https:\\\/\\\/permakultur-landwirtschaft.org\\\/selbsterntegaerten-und-patenschaften-in-der-praxis-anlass-am-10-september-2025\\\/#primaryimage\",\"url\":\"https:\\\/\\\/permakultur-landwirtschaft.org\\\/wp-content\\\/uploads\\\/2025\\\/08\\\/selbsternten_fibl_kurs_2025-08-14_14-51-13.jpg\",\"contentUrl\":\"https:\\\/\\\/permakultur-landwirtschaft.org\\\/wp-content\\\/uploads\\\/2025\\\/08\\\/selbsternten_fibl_kurs_2025-08-14_14-51-13.jpg\",\"width\":700,\"height\":389,\"caption\":\"Bild: www.bioaktuell.ch\"},{\"@type\":\"BreadcrumbList\",\"@id\":\"https:\\\/\\\/permakultur-landwirtschaft.org\\\/selbsterntegaerten-und-patenschaften-in-der-praxis-anlass-am-10-september-2025\\\/#breadcrumb\",\"itemListElement\":[{\"@type\":\"ListItem\",\"position\":1,\"name\":\"Startseite\",\"item\":\"https:\\\/\\\/permakultur-landwirtschaft.org\\\/\"},{\"@type\":\"ListItem\",\"position\":2,\"name\":\"Selbsternteg\u00e4rten und Patenschaften in der Praxis &#8211; Anlass am 10. September 2025\"}]},{\"@type\":\"WebSite\",\"@id\":\"https:\\\/\\\/permakultur-landwirtschaft.org\\\/#website\",\"url\":\"https:\\\/\\\/permakultur-landwirtschaft.org\\\/\",\"name\":\"Permakultur-Landwirtschaft\",\"description\":\"F\u00f6rderung der Permakultur in der Landwirtschaft\",\"publisher\":{\"@id\":\"https:\\\/\\\/permakultur-landwirtschaft.org\\\/#organization\"},\"potentialAction\":[{\"@type\":\"SearchAction\",\"target\":{\"@type\":\"EntryPoint\",\"urlTemplate\":\"https:\\\/\\\/permakultur-landwirtschaft.org\\\/?s={search_term_string}\"},\"query-input\":{\"@type\":\"PropertyValueSpecification\",\"valueRequired\":true,\"valueName\":\"search_term_string\"}}],\"inLanguage\":\"fr-FR\"},{\"@type\":\"Organization\",\"@id\":\"https:\\\/\\\/permakultur-landwirtschaft.org\\\/#organization\",\"name\":\"Permakultur-Landwirtschaft\",\"alternateName\":\"Verein Permakultur-Landwirtschaft\",\"url\":\"https:\\\/\\\/permakultur-landwirtschaft.org\\\/\",\"logo\":{\"@type\":\"ImageObject\",\"inLanguage\":\"fr-FR\",\"@id\":\"https:\\\/\\\/permakultur-landwirtschaft.org\\\/#\\\/schema\\\/logo\\\/image\\\/\",\"url\":\"https:\\\/\\\/permakultur-landwirtschaft.org\\\/wp-content\\\/uploads\\\/2021\\\/11\\\/pela_1268x1269.png\",\"contentUrl\":\"https:\\\/\\\/permakultur-landwirtschaft.org\\\/wp-content\\\/uploads\\\/2021\\\/11\\\/pela_1268x1269.png\",\"width\":1298,\"height\":1269,\"caption\":\"Permakultur-Landwirtschaft\"},\"image\":{\"@id\":\"https:\\\/\\\/permakultur-landwirtschaft.org\\\/#\\\/schema\\\/logo\\\/image\\\/\"},\"sameAs\":[\"https:\\\/\\\/www.facebook.com\\\/PermakulturLandwirtschaft\",\"https:\\\/\\\/www.instagram.com\\\/permakultur_landwirtschaft\\\/\",\"https:\\\/\\\/www.flickr.com\\\/photos\\\/permakultur-landwirtschaft\",\"https:\\\/\\\/www.youtube.com\\\/@PermakulturLandwirtschaft\"]},{\"@type\":\"Person\",\"@id\":\"https:\\\/\\\/permakultur-landwirtschaft.org\\\/#\\\/schema\\\/person\\\/6b0467872f75aed3e144093f9bf4f0b0\",\"name\":\"adrian reutimann\",\"url\":\"https:\\\/\\\/permakultur-landwirtschaft.org\\\/fr\\\/author\\\/reutiadr\\\/\"}]}<\/script>\n<!-- \/ Yoast SEO plugin. -->","yoast_head_json":{"title":"Selbsternteg\u00e4rten und Patenschaften in der Praxis - Anlass am 10. September 2025 - Permakultur-Landwirtschaft","description":"Selbsternteg\u00e4rten und landwirtschaftliche Patenschaften sind innovative Formen der Direktvermarktung, die Konsumierende einbinden","robots":{"index":"index","follow":"follow","max-snippet":"max-snippet:-1","max-image-preview":"max-image-preview:large","max-video-preview":"max-video-preview:-1"},"canonical":"https:\/\/permakultur-landwirtschaft.org\/fr\/selbsterntegaerten-und-patenschaften-in-der-praxis-anlass-am-10-september-2025\/","og_locale":"fr_FR","og_type":"article","og_title":"Selbsternteg\u00e4rten und Patenschaften in der Praxis - Anlass am 10. September 2025 - Permakultur-Landwirtschaft","og_description":"Selbsternteg\u00e4rten und landwirtschaftliche Patenschaften sind innovative Formen der Direktvermarktung, die Konsumierende einbinden","og_url":"https:\/\/permakultur-landwirtschaft.org\/fr\/selbsterntegaerten-und-patenschaften-in-der-praxis-anlass-am-10-september-2025\/","og_site_name":"Permakultur-Landwirtschaft","article_publisher":"https:\/\/www.facebook.com\/PermakulturLandwirtschaft","article_published_time":"2025-08-14T12:59:34+00:00","og_image":[{"width":700,"height":389,"url":"https:\/\/permakultur-landwirtschaft.org\/wp-content\/uploads\/2025\/08\/selbsternten_fibl_kurs_2025-08-14_14-51-13.jpg","type":"image\/jpeg"}],"author":"adrian reutimann","twitter_card":"summary_large_image","twitter_misc":{"\u00c9crit par":"adrian reutimann","Dur\u00e9e de lecture estim\u00e9e":"2 minutes"},"schema":{"@context":"https:\/\/schema.org","@graph":[{"@type":"Article","@id":"https:\/\/permakultur-landwirtschaft.org\/selbsterntegaerten-und-patenschaften-in-der-praxis-anlass-am-10-september-2025\/#article","isPartOf":{"@id":"https:\/\/permakultur-landwirtschaft.org\/selbsterntegaerten-und-patenschaften-in-der-praxis-anlass-am-10-september-2025\/"},"author":{"name":"adrian reutimann","@id":"https:\/\/permakultur-landwirtschaft.org\/#\/schema\/person\/6b0467872f75aed3e144093f9bf4f0b0"},"headline":"Selbsternteg\u00e4rten und Patenschaften in der Praxis &#8211; Anlass am 10. September 2025","datePublished":"2025-08-14T12:59:34+00:00","mainEntityOfPage":{"@id":"https:\/\/permakultur-landwirtschaft.org\/selbsterntegaerten-und-patenschaften-in-der-praxis-anlass-am-10-september-2025\/"},"wordCount":339,"publisher":{"@id":"https:\/\/permakultur-landwirtschaft.org\/#organization"},"image":{"@id":"https:\/\/permakultur-landwirtschaft.org\/selbsterntegaerten-und-patenschaften-in-der-praxis-anlass-am-10-september-2025\/#primaryimage"},"thumbnailUrl":"https:\/\/permakultur-landwirtschaft.org\/wp-content\/uploads\/2025\/08\/selbsternten_fibl_kurs_2025-08-14_14-51-13.jpg","keywords":["Direktvermarktung","FiBL","Gr\u00fct","Kurs","Patenschaften","Sarnen","Selbsternteg\u00e4rten"],"articleSection":["Veranstaltung"],"inLanguage":"fr-FR"},{"@type":"WebPage","@id":"https:\/\/permakultur-landwirtschaft.org\/selbsterntegaerten-und-patenschaften-in-der-praxis-anlass-am-10-september-2025\/","url":"https:\/\/permakultur-landwirtschaft.org\/selbsterntegaerten-und-patenschaften-in-der-praxis-anlass-am-10-september-2025\/","name":"Selbsternteg\u00e4rten und Patenschaften in der Praxis - Anlass am 10. September 2025 - Permakultur-Landwirtschaft","isPartOf":{"@id":"https:\/\/permakultur-landwirtschaft.org\/#website"},"primaryImageOfPage":{"@id":"https:\/\/permakultur-landwirtschaft.org\/selbsterntegaerten-und-patenschaften-in-der-praxis-anlass-am-10-september-2025\/#primaryimage"},"image":{"@id":"https:\/\/permakultur-landwirtschaft.org\/selbsterntegaerten-und-patenschaften-in-der-praxis-anlass-am-10-september-2025\/#primaryimage"},"thumbnailUrl":"https:\/\/permakultur-landwirtschaft.org\/wp-content\/uploads\/2025\/08\/selbsternten_fibl_kurs_2025-08-14_14-51-13.jpg","datePublished":"2025-08-14T12:59:34+00:00","description":"Selbsternteg\u00e4rten und landwirtschaftliche Patenschaften sind innovative Formen der Direktvermarktung, die Konsumierende einbinden","breadcrumb":{"@id":"https:\/\/permakultur-landwirtschaft.org\/selbsterntegaerten-und-patenschaften-in-der-praxis-anlass-am-10-september-2025\/#breadcrumb"},"inLanguage":"fr-FR","potentialAction":[{"@type":"ReadAction","target":["https:\/\/permakultur-landwirtschaft.org\/selbsterntegaerten-und-patenschaften-in-der-praxis-anlass-am-10-september-2025\/"]}]},{"@type":"ImageObject","inLanguage":"fr-FR","@id":"https:\/\/permakultur-landwirtschaft.org\/selbsterntegaerten-und-patenschaften-in-der-praxis-anlass-am-10-september-2025\/#primaryimage","url":"https:\/\/permakultur-landwirtschaft.org\/wp-content\/uploads\/2025\/08\/selbsternten_fibl_kurs_2025-08-14_14-51-13.jpg","contentUrl":"https:\/\/permakultur-landwirtschaft.org\/wp-content\/uploads\/2025\/08\/selbsternten_fibl_kurs_2025-08-14_14-51-13.jpg","width":700,"height":389,"caption":"Bild: www.bioaktuell.ch"},{"@type":"BreadcrumbList","@id":"https:\/\/permakultur-landwirtschaft.org\/selbsterntegaerten-und-patenschaften-in-der-praxis-anlass-am-10-september-2025\/#breadcrumb","itemListElement":[{"@type":"ListItem","position":1,"name":"Startseite","item":"https:\/\/permakultur-landwirtschaft.org\/"},{"@type":"ListItem","position":2,"name":"Selbsternteg\u00e4rten und Patenschaften in der Praxis &#8211; Anlass am 10. September 2025"}]},{"@type":"WebSite","@id":"https:\/\/permakultur-landwirtschaft.org\/#website","url":"https:\/\/permakultur-landwirtschaft.org\/","name":"Permakultur-Landwirtschaft","description":"F\u00f6rderung der Permakultur in der Landwirtschaft","publisher":{"@id":"https:\/\/permakultur-landwirtschaft.org\/#organization"},"potentialAction":[{"@type":"SearchAction","target":{"@type":"EntryPoint","urlTemplate":"https:\/\/permakultur-landwirtschaft.org\/?s={search_term_string}"},"query-input":{"@type":"PropertyValueSpecification","valueRequired":true,"valueName":"search_term_string"}}],"inLanguage":"fr-FR"},{"@type":"Organization","@id":"https:\/\/permakultur-landwirtschaft.org\/#organization","name":"Permakultur-Landwirtschaft","alternateName":"Verein Permakultur-Landwirtschaft","url":"https:\/\/permakultur-landwirtschaft.org\/","logo":{"@type":"ImageObject","inLanguage":"fr-FR","@id":"https:\/\/permakultur-landwirtschaft.org\/#\/schema\/logo\/image\/","url":"https:\/\/permakultur-landwirtschaft.org\/wp-content\/uploads\/2021\/11\/pela_1268x1269.png","contentUrl":"https:\/\/permakultur-landwirtschaft.org\/wp-content\/uploads\/2021\/11\/pela_1268x1269.png","width":1298,"height":1269,"caption":"Permakultur-Landwirtschaft"},"image":{"@id":"https:\/\/permakultur-landwirtschaft.org\/#\/schema\/logo\/image\/"},"sameAs":["https:\/\/www.facebook.com\/PermakulturLandwirtschaft","https:\/\/www.instagram.com\/permakultur_landwirtschaft\/","https:\/\/www.flickr.com\/photos\/permakultur-landwirtschaft","https:\/\/www.youtube.com\/@PermakulturLandwirtschaft"]},{"@type":"Person","@id":"https:\/\/permakultur-landwirtschaft.org\/#\/schema\/person\/6b0467872f75aed3e144093f9bf4f0b0","name":"adrian reutimann","url":"https:\/\/permakultur-landwirtschaft.org\/fr\/author\/reutiadr\/"}]}},"_links":{"self":[{"href":"https:\/\/permakultur-landwirtschaft.org\/fr\/wp-json\/wp\/v2\/posts\/36896","targetHints":{"allow":["GET"]}}],"collection":[{"href":"https:\/\/permakultur-landwirtschaft.org\/fr\/wp-json\/wp\/v2\/posts"}],"about":[{"href":"https:\/\/permakultur-landwirtschaft.org\/fr\/wp-json\/wp\/v2\/types\/post"}],"author":[{"embeddable":true,"href":"https:\/\/permakultur-landwirtschaft.org\/fr\/wp-json\/wp\/v2\/users\/2"}],"replies":[{"embeddable":true,"href":"https:\/\/permakultur-landwirtschaft.org\/fr\/wp-json\/wp\/v2\/comments?post=36896"}],"version-history":[{"count":1,"href":"https:\/\/permakultur-landwirtschaft.org\/fr\/wp-json\/wp\/v2\/posts\/36896\/revisions"}],"predecessor-version":[{"id":36897,"href":"https:\/\/permakultur-landwirtschaft.org\/fr\/wp-json\/wp\/v2\/posts\/36896\/revisions\/36897"}],"wp:featuredmedia":[{"embeddable":true,"href":"https:\/\/permakultur-landwirtschaft.org\/fr\/wp-json\/wp\/v2\/media\/36894"}],"wp:attachment":[{"href":"https:\/\/permakultur-landwirtschaft.org\/fr\/wp-json\/wp\/v2\/media?parent=36896"}],"wp:term":[{"taxonomy":"category","embeddable":true,"href":"https:\/\/permakultur-landwirtschaft.org\/fr\/wp-json\/wp\/v2\/categories?post=36896"},{"taxonomy":"post_tag","embeddable":true,"href":"https:\/\/permakultur-landwirtschaft.org\/fr\/wp-json\/wp\/v2\/tags?post=36896"}],"curies":[{"name":"wp","href":"https:\/\/api.w.org\/{rel}","templated":true}]}}