{"id":36754,"date":"2025-06-26T13:09:25","date_gmt":"2025-06-26T11:09:25","guid":{"rendered":"https:\/\/permakultur-landwirtschaft.org\/?p=36754"},"modified":"2025-06-26T13:09:26","modified_gmt":"2025-06-26T11:09:26","slug":"20-jahre-balmeggberg-permakultur-party-am-10-juli-2025","status":"publish","type":"post","link":"https:\/\/permakultur-landwirtschaft.org\/fr\/20-jahre-balmeggberg-permakultur-party-am-10-juli-2025\/","title":{"rendered":"20 Jahre Balmeggberg &#8211; Permakultur-Party am 10. Juli 2025"},"content":{"rendered":"<p>Text von www.planofuturo.ch:<\/p>\n\n\n\n<p>20 Jahre Permakultur auf dem Balmeggberg! Das will gefeiert und zelebriert sein. Am Donnerstag, 10. Juli 2025 steigt auf dem Berg die grosse Party. Gefeiert wird vom Mittag bis weit in die Vollmondnacht hinein. Eine wunderbare Gelegenheit, Permakultur live zu erleben und bei spannenden Gespr\u00e4chen gute Kontakte zu pflegen und neue zu kn\u00fcpfen.<\/p>\n\n\n\n<p>Die Gemeinschaft auf dem Balmeggberg w\u00fcrdigt und feiert mit dem Anlass ihren Versuch, seit 20 Jahren nach den Prinzipien der Permakultur zu leben und den Alltag zu gestalten. Am 10. Juli kann man sich davon \u00fcberzeugen, dass es nicht beim Versuch geblieben ist, sondern dass auf dem Berg Permakultur in allen Facetten gelebt und umgesetzt wird.<\/p>\n\n\n\n<p>H\u00f6hepunkt der Party ist der Auftritt der Permakultur-Musiker:innen Charly Mgee und Brenda Quinlan von den Formidable Vegetables aus Australien. Die beiden ist es eine Freude, auf ihrer Europa-Tournee das Balmeggberg-Jubil\u00e4um mit einem Gastspiel zu bereichern. Und sie werden in der Schweiz noch an einem zweiten Permakulturort auftreten: am Samstag, 26. Juli auf dem Walliser Permakultur-Berghof Paradischi Drieschta von Claudia und Colin Crawshaw.<\/p>\n\n\n\n<p>Das Fest vom Donnerstag, 10. Juli startet um 12 Uhr mit der gemeinsamen Teilete. Die Besucherinnen und Besucher sind eingeladen, etwas f\u00fcrs grosse Buffet mitzubringen. F\u00fcr den Ap\u00e9ro und das Znacht darf man sich sodann auf K\u00f6stlichkeiten aus der Balmeggberg-K\u00fcche freuen &#8211; mit feinen Zutaten aus dem grossen Permakulturgarten. Doch bevor es soweit ist, stehen am Nachmittag ab 14 Uhr eine F\u00fchrung nd Workshops zu den Themen \u00abZukunft des Balmeggberg\u00bb und \u00abArt as Permaculture Action\u00bb (in Englisch) auf dem Programm. Ab 19 Uhr gibt&#8217;s dann Musik und Tanz mit Charly und Brenda von den Formidable Vegetables. Wer nach dem grossen Fest auf dem Berg \u00fcbernachten m\u00f6chte, kann dies im eigenen Zelt. Am Morgen wartet dann ein leckeres Balmeggberg-Fr\u00fchst\u00fcck.<\/p>\n\n\n\n<p><a href=\"https:\/\/www.planofuturo.ch\/post\/20-jahre-balmeggberg-willkommen-zur-permakultur-party-am-10-juli-2025\" target=\"_blank\" rel=\"noreferrer noopener\">Link zu mehr Infos<\/a><\/p>\n\n\n\n<p><a href=\"https:\/\/www.balmeggberg.ch\/\" target=\"_blank\" rel=\"noreferrer noopener\">Link zum Balmeggberg<\/a><\/p>","protected":false},"excerpt":{"rendered":"<p>Text von www.planofuturo.ch: 20 Jahre Permakultur auf dem Balmeggberg! Das will gefeiert und zelebriert sein. Am Donnerstag, 10. Juli 2025 steigt auf dem Berg die grosse Party. Gefeiert wird vom Mittag bis weit in die Vollmondnacht hinein. Eine wunderbare Gelegenheit, Permakultur live zu erleben und bei spannenden Gespr\u00e4chen gute Kontakte zu pflegen und neue zu [&hellip;]<\/p>\n","protected":false},"author":2,"featured_media":33040,"comment_status":"closed","ping_status":"closed","sticky":false,"template":"","format":"standard","meta":{"_acf_changed":false,"site-sidebar-layout":"default","site-content-layout":"","ast-site-content-layout":"default","site-content-style":"default","site-sidebar-style":"default","ast-global-header-display":"","ast-banner-title-visibility":"","ast-main-header-display":"","ast-hfb-above-header-display":"","ast-hfb-below-header-display":"","ast-hfb-mobile-header-display":"","site-post-title":"","ast-breadcrumbs-content":"","ast-featured-img":"","footer-sml-layout":"","ast-disable-related-posts":"","theme-transparent-header-meta":"","adv-header-id-meta":"","stick-header-meta":"","header-above-stick-meta":"","header-main-stick-meta":"","header-below-stick-meta":"","astra-migrate-meta-layouts":"set","ast-page-background-enabled":"default","ast-page-background-meta":{"desktop":{"background-color":"var(--ast-global-color-4)","background-image":"","background-repeat":"repeat","background-position":"center center","background-size":"auto","background-attachment":"scroll","background-type":"","background-media":"","overlay-type":"","overlay-color":"","overlay-opacity":"","overlay-gradient":""},"tablet":{"background-color":"","background-image":"","background-repeat":"repeat","background-position":"center center","background-size":"auto","background-attachment":"scroll","background-type":"","background-media":"","overlay-type":"","overlay-color":"","overlay-opacity":"","overlay-gradient":""},"mobile":{"background-color":"","background-image":"","background-repeat":"repeat","background-position":"center center","background-size":"auto","background-attachment":"scroll","background-type":"","background-media":"","overlay-type":"","overlay-color":"","overlay-opacity":"","overlay-gradient":""}},"ast-content-background-meta":{"desktop":{"background-color":"var(--ast-global-color-5)","background-image":"","background-repeat":"repeat","background-position":"center center","background-size":"auto","background-attachment":"scroll","background-type":"","background-media":"","overlay-type":"","overlay-color":"","overlay-opacity":"","overlay-gradient":""},"tablet":{"background-color":"var(--ast-global-color-5)","background-image":"","background-repeat":"repeat","background-position":"center center","background-size":"auto","background-attachment":"scroll","background-type":"","background-media":"","overlay-type":"","overlay-color":"","overlay-opacity":"","overlay-gradient":""},"mobile":{"background-color":"var(--ast-global-color-5)","background-image":"","background-repeat":"repeat","background-position":"center center","background-size":"auto","background-attachment":"scroll","background-type":"","background-media":"","overlay-type":"","overlay-color":"","overlay-opacity":"","overlay-gradient":""}},"footnotes":""},"categories":[14],"tags":[192,639,783,17],"class_list":["post-36754","post","type-post","status-publish","format-standard","has-post-thumbnail","hentry","category-veranstaltung","tag-balmeggberg","tag-jubilaeum","tag-party","tag-permakultur"],"acf":[],"yoast_head":"<!-- This site is optimized with the Yoast SEO plugin v27.5 - https:\/\/yoast.com\/product\/yoast-seo-wordpress\/ -->\n<title>20 Jahre Balmeggberg - Permakultur-Party am 10. Juli 2025 - Permakultur-Landwirtschaft<\/title>\n<meta name=\"description\" content=\"20 Jahre Permakultur auf dem Balmeggberg! Das will gefeiert sein. Am Donnerstag, 10. Juli 2025 steigt auf dem Berg die grosse Party.\" \/>\n<meta name=\"robots\" content=\"index, follow, max-snippet:-1, max-image-preview:large, max-video-preview:-1\" \/>\n<link rel=\"canonical\" href=\"https:\/\/permakultur-landwirtschaft.org\/fr\/20-jahre-balmeggberg-permakultur-party-am-10-juli-2025\/\" \/>\n<meta property=\"og:locale\" content=\"fr_FR\" \/>\n<meta property=\"og:type\" content=\"article\" \/>\n<meta property=\"og:title\" content=\"20 Jahre Balmeggberg - Permakultur-Party am 10. Juli 2025 - Permakultur-Landwirtschaft\" \/>\n<meta property=\"og:description\" content=\"20 Jahre Permakultur auf dem Balmeggberg! Das will gefeiert sein. Am Donnerstag, 10. Juli 2025 steigt auf dem Berg die grosse Party.\" \/>\n<meta property=\"og:url\" content=\"https:\/\/permakultur-landwirtschaft.org\/fr\/20-jahre-balmeggberg-permakultur-party-am-10-juli-2025\/\" \/>\n<meta property=\"og:site_name\" content=\"Permakultur-Landwirtschaft\" \/>\n<meta property=\"article:publisher\" content=\"https:\/\/www.facebook.com\/PermakulturLandwirtschaft\" \/>\n<meta property=\"article:published_time\" content=\"2025-06-26T11:09:25+00:00\" \/>\n<meta property=\"article:modified_time\" content=\"2025-06-26T11:09:26+00:00\" \/>\n<meta property=\"og:image\" content=\"https:\/\/permakultur-landwirtschaft.org\/wp-content\/uploads\/2023\/11\/Balmeggberg_700.jpeg\" \/>\n\t<meta property=\"og:image:width\" content=\"700\" \/>\n\t<meta property=\"og:image:height\" content=\"525\" \/>\n\t<meta property=\"og:image:type\" content=\"image\/jpeg\" \/>\n<meta name=\"author\" content=\"adrian reutimann\" \/>\n<meta name=\"twitter:card\" content=\"summary_large_image\" \/>\n<meta name=\"twitter:label1\" content=\"\u00c9crit par\" \/>\n\t<meta name=\"twitter:data1\" content=\"adrian reutimann\" \/>\n\t<meta name=\"twitter:label2\" content=\"Dur\u00e9e de lecture estim\u00e9e\" \/>\n\t<meta name=\"twitter:data2\" content=\"2 minutes\" \/>\n<script type=\"application\/ld+json\" class=\"yoast-schema-graph\">{\"@context\":\"https:\\\/\\\/schema.org\",\"@graph\":[{\"@type\":\"Article\",\"@id\":\"https:\\\/\\\/permakultur-landwirtschaft.org\\\/20-jahre-balmeggberg-permakultur-party-am-10-juli-2025\\\/#article\",\"isPartOf\":{\"@id\":\"https:\\\/\\\/permakultur-landwirtschaft.org\\\/20-jahre-balmeggberg-permakultur-party-am-10-juli-2025\\\/\"},\"author\":{\"name\":\"adrian reutimann\",\"@id\":\"https:\\\/\\\/permakultur-landwirtschaft.org\\\/#\\\/schema\\\/person\\\/6b0467872f75aed3e144093f9bf4f0b0\"},\"headline\":\"20 Jahre Balmeggberg &#8211; Permakultur-Party am 10. Juli 2025\",\"datePublished\":\"2025-06-26T11:09:25+00:00\",\"dateModified\":\"2025-06-26T11:09:26+00:00\",\"mainEntityOfPage\":{\"@id\":\"https:\\\/\\\/permakultur-landwirtschaft.org\\\/20-jahre-balmeggberg-permakultur-party-am-10-juli-2025\\\/\"},\"wordCount\":313,\"publisher\":{\"@id\":\"https:\\\/\\\/permakultur-landwirtschaft.org\\\/#organization\"},\"image\":{\"@id\":\"https:\\\/\\\/permakultur-landwirtschaft.org\\\/20-jahre-balmeggberg-permakultur-party-am-10-juli-2025\\\/#primaryimage\"},\"thumbnailUrl\":\"https:\\\/\\\/permakultur-landwirtschaft.org\\\/wp-content\\\/uploads\\\/2023\\\/11\\\/Balmeggberg_700.jpeg\",\"keywords\":[\"Balmeggberg\",\"Jubil\u00e4um\",\"Party\",\"Permakultur\"],\"articleSection\":[\"Veranstaltung\"],\"inLanguage\":\"fr-FR\"},{\"@type\":\"WebPage\",\"@id\":\"https:\\\/\\\/permakultur-landwirtschaft.org\\\/20-jahre-balmeggberg-permakultur-party-am-10-juli-2025\\\/\",\"url\":\"https:\\\/\\\/permakultur-landwirtschaft.org\\\/20-jahre-balmeggberg-permakultur-party-am-10-juli-2025\\\/\",\"name\":\"20 Jahre Balmeggberg - Permakultur-Party am 10. Juli 2025 - Permakultur-Landwirtschaft\",\"isPartOf\":{\"@id\":\"https:\\\/\\\/permakultur-landwirtschaft.org\\\/#website\"},\"primaryImageOfPage\":{\"@id\":\"https:\\\/\\\/permakultur-landwirtschaft.org\\\/20-jahre-balmeggberg-permakultur-party-am-10-juli-2025\\\/#primaryimage\"},\"image\":{\"@id\":\"https:\\\/\\\/permakultur-landwirtschaft.org\\\/20-jahre-balmeggberg-permakultur-party-am-10-juli-2025\\\/#primaryimage\"},\"thumbnailUrl\":\"https:\\\/\\\/permakultur-landwirtschaft.org\\\/wp-content\\\/uploads\\\/2023\\\/11\\\/Balmeggberg_700.jpeg\",\"datePublished\":\"2025-06-26T11:09:25+00:00\",\"dateModified\":\"2025-06-26T11:09:26+00:00\",\"description\":\"20 Jahre Permakultur auf dem Balmeggberg! Das will gefeiert sein. Am Donnerstag, 10. Juli 2025 steigt auf dem Berg die grosse Party.\",\"breadcrumb\":{\"@id\":\"https:\\\/\\\/permakultur-landwirtschaft.org\\\/20-jahre-balmeggberg-permakultur-party-am-10-juli-2025\\\/#breadcrumb\"},\"inLanguage\":\"fr-FR\",\"potentialAction\":[{\"@type\":\"ReadAction\",\"target\":[\"https:\\\/\\\/permakultur-landwirtschaft.org\\\/20-jahre-balmeggberg-permakultur-party-am-10-juli-2025\\\/\"]}]},{\"@type\":\"ImageObject\",\"inLanguage\":\"fr-FR\",\"@id\":\"https:\\\/\\\/permakultur-landwirtschaft.org\\\/20-jahre-balmeggberg-permakultur-party-am-10-juli-2025\\\/#primaryimage\",\"url\":\"https:\\\/\\\/permakultur-landwirtschaft.org\\\/wp-content\\\/uploads\\\/2023\\\/11\\\/Balmeggberg_700.jpeg\",\"contentUrl\":\"https:\\\/\\\/permakultur-landwirtschaft.org\\\/wp-content\\\/uploads\\\/2023\\\/11\\\/Balmeggberg_700.jpeg\",\"width\":700,\"height\":525,\"caption\":\"Bild: balmeggberg.ch\"},{\"@type\":\"BreadcrumbList\",\"@id\":\"https:\\\/\\\/permakultur-landwirtschaft.org\\\/20-jahre-balmeggberg-permakultur-party-am-10-juli-2025\\\/#breadcrumb\",\"itemListElement\":[{\"@type\":\"ListItem\",\"position\":1,\"name\":\"Startseite\",\"item\":\"https:\\\/\\\/permakultur-landwirtschaft.org\\\/\"},{\"@type\":\"ListItem\",\"position\":2,\"name\":\"20 Jahre Balmeggberg &#8211; Permakultur-Party am 10. Juli 2025\"}]},{\"@type\":\"WebSite\",\"@id\":\"https:\\\/\\\/permakultur-landwirtschaft.org\\\/#website\",\"url\":\"https:\\\/\\\/permakultur-landwirtschaft.org\\\/\",\"name\":\"Permakultur-Landwirtschaft\",\"description\":\"F\u00f6rderung der Permakultur in der Landwirtschaft\",\"publisher\":{\"@id\":\"https:\\\/\\\/permakultur-landwirtschaft.org\\\/#organization\"},\"potentialAction\":[{\"@type\":\"SearchAction\",\"target\":{\"@type\":\"EntryPoint\",\"urlTemplate\":\"https:\\\/\\\/permakultur-landwirtschaft.org\\\/?s={search_term_string}\"},\"query-input\":{\"@type\":\"PropertyValueSpecification\",\"valueRequired\":true,\"valueName\":\"search_term_string\"}}],\"inLanguage\":\"fr-FR\"},{\"@type\":\"Organization\",\"@id\":\"https:\\\/\\\/permakultur-landwirtschaft.org\\\/#organization\",\"name\":\"Permakultur-Landwirtschaft\",\"alternateName\":\"Verein Permakultur-Landwirtschaft\",\"url\":\"https:\\\/\\\/permakultur-landwirtschaft.org\\\/\",\"logo\":{\"@type\":\"ImageObject\",\"inLanguage\":\"fr-FR\",\"@id\":\"https:\\\/\\\/permakultur-landwirtschaft.org\\\/#\\\/schema\\\/logo\\\/image\\\/\",\"url\":\"https:\\\/\\\/permakultur-landwirtschaft.org\\\/wp-content\\\/uploads\\\/2021\\\/11\\\/pela_1268x1269.png\",\"contentUrl\":\"https:\\\/\\\/permakultur-landwirtschaft.org\\\/wp-content\\\/uploads\\\/2021\\\/11\\\/pela_1268x1269.png\",\"width\":1298,\"height\":1269,\"caption\":\"Permakultur-Landwirtschaft\"},\"image\":{\"@id\":\"https:\\\/\\\/permakultur-landwirtschaft.org\\\/#\\\/schema\\\/logo\\\/image\\\/\"},\"sameAs\":[\"https:\\\/\\\/www.facebook.com\\\/PermakulturLandwirtschaft\",\"https:\\\/\\\/www.instagram.com\\\/permakultur_landwirtschaft\\\/\",\"https:\\\/\\\/www.flickr.com\\\/photos\\\/permakultur-landwirtschaft\",\"https:\\\/\\\/www.youtube.com\\\/@PermakulturLandwirtschaft\"]},{\"@type\":\"Person\",\"@id\":\"https:\\\/\\\/permakultur-landwirtschaft.org\\\/#\\\/schema\\\/person\\\/6b0467872f75aed3e144093f9bf4f0b0\",\"name\":\"adrian reutimann\",\"url\":\"https:\\\/\\\/permakultur-landwirtschaft.org\\\/fr\\\/author\\\/reutiadr\\\/\"}]}<\/script>\n<!-- \/ Yoast SEO plugin. -->","yoast_head_json":{"title":"20 Jahre Balmeggberg - Permakultur-Party am 10. Juli 2025 - Permakultur-Landwirtschaft","description":"20 Jahre Permakultur auf dem Balmeggberg! Das will gefeiert sein. Am Donnerstag, 10. Juli 2025 steigt auf dem Berg die grosse Party.","robots":{"index":"index","follow":"follow","max-snippet":"max-snippet:-1","max-image-preview":"max-image-preview:large","max-video-preview":"max-video-preview:-1"},"canonical":"https:\/\/permakultur-landwirtschaft.org\/fr\/20-jahre-balmeggberg-permakultur-party-am-10-juli-2025\/","og_locale":"fr_FR","og_type":"article","og_title":"20 Jahre Balmeggberg - Permakultur-Party am 10. Juli 2025 - Permakultur-Landwirtschaft","og_description":"20 Jahre Permakultur auf dem Balmeggberg! Das will gefeiert sein. Am Donnerstag, 10. Juli 2025 steigt auf dem Berg die grosse Party.","og_url":"https:\/\/permakultur-landwirtschaft.org\/fr\/20-jahre-balmeggberg-permakultur-party-am-10-juli-2025\/","og_site_name":"Permakultur-Landwirtschaft","article_publisher":"https:\/\/www.facebook.com\/PermakulturLandwirtschaft","article_published_time":"2025-06-26T11:09:25+00:00","article_modified_time":"2025-06-26T11:09:26+00:00","og_image":[{"width":700,"height":525,"url":"https:\/\/permakultur-landwirtschaft.org\/wp-content\/uploads\/2023\/11\/Balmeggberg_700.jpeg","type":"image\/jpeg"}],"author":"adrian reutimann","twitter_card":"summary_large_image","twitter_misc":{"\u00c9crit par":"adrian reutimann","Dur\u00e9e de lecture estim\u00e9e":"2 minutes"},"schema":{"@context":"https:\/\/schema.org","@graph":[{"@type":"Article","@id":"https:\/\/permakultur-landwirtschaft.org\/20-jahre-balmeggberg-permakultur-party-am-10-juli-2025\/#article","isPartOf":{"@id":"https:\/\/permakultur-landwirtschaft.org\/20-jahre-balmeggberg-permakultur-party-am-10-juli-2025\/"},"author":{"name":"adrian reutimann","@id":"https:\/\/permakultur-landwirtschaft.org\/#\/schema\/person\/6b0467872f75aed3e144093f9bf4f0b0"},"headline":"20 Jahre Balmeggberg &#8211; Permakultur-Party am 10. Juli 2025","datePublished":"2025-06-26T11:09:25+00:00","dateModified":"2025-06-26T11:09:26+00:00","mainEntityOfPage":{"@id":"https:\/\/permakultur-landwirtschaft.org\/20-jahre-balmeggberg-permakultur-party-am-10-juli-2025\/"},"wordCount":313,"publisher":{"@id":"https:\/\/permakultur-landwirtschaft.org\/#organization"},"image":{"@id":"https:\/\/permakultur-landwirtschaft.org\/20-jahre-balmeggberg-permakultur-party-am-10-juli-2025\/#primaryimage"},"thumbnailUrl":"https:\/\/permakultur-landwirtschaft.org\/wp-content\/uploads\/2023\/11\/Balmeggberg_700.jpeg","keywords":["Balmeggberg","Jubil\u00e4um","Party","Permakultur"],"articleSection":["Veranstaltung"],"inLanguage":"fr-FR"},{"@type":"WebPage","@id":"https:\/\/permakultur-landwirtschaft.org\/20-jahre-balmeggberg-permakultur-party-am-10-juli-2025\/","url":"https:\/\/permakultur-landwirtschaft.org\/20-jahre-balmeggberg-permakultur-party-am-10-juli-2025\/","name":"20 Jahre Balmeggberg - Permakultur-Party am 10. Juli 2025 - Permakultur-Landwirtschaft","isPartOf":{"@id":"https:\/\/permakultur-landwirtschaft.org\/#website"},"primaryImageOfPage":{"@id":"https:\/\/permakultur-landwirtschaft.org\/20-jahre-balmeggberg-permakultur-party-am-10-juli-2025\/#primaryimage"},"image":{"@id":"https:\/\/permakultur-landwirtschaft.org\/20-jahre-balmeggberg-permakultur-party-am-10-juli-2025\/#primaryimage"},"thumbnailUrl":"https:\/\/permakultur-landwirtschaft.org\/wp-content\/uploads\/2023\/11\/Balmeggberg_700.jpeg","datePublished":"2025-06-26T11:09:25+00:00","dateModified":"2025-06-26T11:09:26+00:00","description":"20 Jahre Permakultur auf dem Balmeggberg! Das will gefeiert sein. Am Donnerstag, 10. Juli 2025 steigt auf dem Berg die grosse Party.","breadcrumb":{"@id":"https:\/\/permakultur-landwirtschaft.org\/20-jahre-balmeggberg-permakultur-party-am-10-juli-2025\/#breadcrumb"},"inLanguage":"fr-FR","potentialAction":[{"@type":"ReadAction","target":["https:\/\/permakultur-landwirtschaft.org\/20-jahre-balmeggberg-permakultur-party-am-10-juli-2025\/"]}]},{"@type":"ImageObject","inLanguage":"fr-FR","@id":"https:\/\/permakultur-landwirtschaft.org\/20-jahre-balmeggberg-permakultur-party-am-10-juli-2025\/#primaryimage","url":"https:\/\/permakultur-landwirtschaft.org\/wp-content\/uploads\/2023\/11\/Balmeggberg_700.jpeg","contentUrl":"https:\/\/permakultur-landwirtschaft.org\/wp-content\/uploads\/2023\/11\/Balmeggberg_700.jpeg","width":700,"height":525,"caption":"Bild: balmeggberg.ch"},{"@type":"BreadcrumbList","@id":"https:\/\/permakultur-landwirtschaft.org\/20-jahre-balmeggberg-permakultur-party-am-10-juli-2025\/#breadcrumb","itemListElement":[{"@type":"ListItem","position":1,"name":"Startseite","item":"https:\/\/permakultur-landwirtschaft.org\/"},{"@type":"ListItem","position":2,"name":"20 Jahre Balmeggberg &#8211; Permakultur-Party am 10. Juli 2025"}]},{"@type":"WebSite","@id":"https:\/\/permakultur-landwirtschaft.org\/#website","url":"https:\/\/permakultur-landwirtschaft.org\/","name":"Permakultur-Landwirtschaft","description":"F\u00f6rderung der Permakultur in der Landwirtschaft","publisher":{"@id":"https:\/\/permakultur-landwirtschaft.org\/#organization"},"potentialAction":[{"@type":"SearchAction","target":{"@type":"EntryPoint","urlTemplate":"https:\/\/permakultur-landwirtschaft.org\/?s={search_term_string}"},"query-input":{"@type":"PropertyValueSpecification","valueRequired":true,"valueName":"search_term_string"}}],"inLanguage":"fr-FR"},{"@type":"Organization","@id":"https:\/\/permakultur-landwirtschaft.org\/#organization","name":"Permakultur-Landwirtschaft","alternateName":"Verein Permakultur-Landwirtschaft","url":"https:\/\/permakultur-landwirtschaft.org\/","logo":{"@type":"ImageObject","inLanguage":"fr-FR","@id":"https:\/\/permakultur-landwirtschaft.org\/#\/schema\/logo\/image\/","url":"https:\/\/permakultur-landwirtschaft.org\/wp-content\/uploads\/2021\/11\/pela_1268x1269.png","contentUrl":"https:\/\/permakultur-landwirtschaft.org\/wp-content\/uploads\/2021\/11\/pela_1268x1269.png","width":1298,"height":1269,"caption":"Permakultur-Landwirtschaft"},"image":{"@id":"https:\/\/permakultur-landwirtschaft.org\/#\/schema\/logo\/image\/"},"sameAs":["https:\/\/www.facebook.com\/PermakulturLandwirtschaft","https:\/\/www.instagram.com\/permakultur_landwirtschaft\/","https:\/\/www.flickr.com\/photos\/permakultur-landwirtschaft","https:\/\/www.youtube.com\/@PermakulturLandwirtschaft"]},{"@type":"Person","@id":"https:\/\/permakultur-landwirtschaft.org\/#\/schema\/person\/6b0467872f75aed3e144093f9bf4f0b0","name":"adrian reutimann","url":"https:\/\/permakultur-landwirtschaft.org\/fr\/author\/reutiadr\/"}]}},"_links":{"self":[{"href":"https:\/\/permakultur-landwirtschaft.org\/fr\/wp-json\/wp\/v2\/posts\/36754","targetHints":{"allow":["GET"]}}],"collection":[{"href":"https:\/\/permakultur-landwirtschaft.org\/fr\/wp-json\/wp\/v2\/posts"}],"about":[{"href":"https:\/\/permakultur-landwirtschaft.org\/fr\/wp-json\/wp\/v2\/types\/post"}],"author":[{"embeddable":true,"href":"https:\/\/permakultur-landwirtschaft.org\/fr\/wp-json\/wp\/v2\/users\/2"}],"replies":[{"embeddable":true,"href":"https:\/\/permakultur-landwirtschaft.org\/fr\/wp-json\/wp\/v2\/comments?post=36754"}],"version-history":[{"count":1,"href":"https:\/\/permakultur-landwirtschaft.org\/fr\/wp-json\/wp\/v2\/posts\/36754\/revisions"}],"predecessor-version":[{"id":36755,"href":"https:\/\/permakultur-landwirtschaft.org\/fr\/wp-json\/wp\/v2\/posts\/36754\/revisions\/36755"}],"wp:featuredmedia":[{"embeddable":true,"href":"https:\/\/permakultur-landwirtschaft.org\/fr\/wp-json\/wp\/v2\/media\/33040"}],"wp:attachment":[{"href":"https:\/\/permakultur-landwirtschaft.org\/fr\/wp-json\/wp\/v2\/media?parent=36754"}],"wp:term":[{"taxonomy":"category","embeddable":true,"href":"https:\/\/permakultur-landwirtschaft.org\/fr\/wp-json\/wp\/v2\/categories?post=36754"},{"taxonomy":"post_tag","embeddable":true,"href":"https:\/\/permakultur-landwirtschaft.org\/fr\/wp-json\/wp\/v2\/tags?post=36754"}],"curies":[{"name":"wp","href":"https:\/\/api.w.org\/{rel}","templated":true}]}}